{"id":71904,"date":"2024-10-18T12:44:04","date_gmt":"2024-10-18T15:44:04","guid":{"rendered":"https:\/\/ismaelcolosi.com.br\/index.php\/2024\/10\/18\/quaest-2o-turno-moradores-revelam-interesse-nas-eleicoes-em-ribeirao-preto\/"},"modified":"2024-10-18T12:44:04","modified_gmt":"2024-10-18T15:44:04","slug":"quaest-2o-turno-moradores-revelam-interesse-nas-eleicoes-em-ribeirao-preto","status":"publish","type":"post","link":"https:\/\/ismaelcolosi.com.br\/index.php\/2024\/10\/18\/quaest-2o-turno-moradores-revelam-interesse-nas-eleicoes-em-ribeirao-preto\/","title":{"rendered":"Quaest 2\u00ba turno: moradores revelam interesse nas elei\u00e7\u00f5es em Ribeir\u00e3o Preto"},"content":{"rendered":"<p> <br \/>\n<\/p>\n<div data-td-block-uid=\"tdi_106\">\n<div class=\"tdb-block-inner td-fix-index\">\n<p>A <strong>EPTV <\/strong>divulgou nesta quinta-feira (17), os resultados da primeira pesquisa <strong>Quaest <\/strong>contratada para o <strong>2\u00ba turno das elei\u00e7\u00f5es municipais<\/strong> em <strong>Ribeir\u00e3o Preto<\/strong> \u2013 clique aqui para ver o resultado.<\/p>\n<p>Conforme os dados,<strong> 47% dos eleitores est\u00e3o \u201cpouco interessados\u201d nas elei\u00e7\u00f5es municipais deste ano<\/strong> <strong>interesse<\/strong>. Confira os n\u00fameros:<\/p>\n<ul>\n<li>47% pouco interessado<\/li>\n<li>25% nada interessado<\/li>\n<li>25% muito interessado<\/li>\n<li>3% n\u00e3o respondeu ou n\u00e3o sabe\n<p>Al\u00e9m disso, a pesquisa <strong>Quaest <\/strong>tamb\u00e9m revelou que a <strong>chance <\/strong>dos entrevistados de <strong>comparecerem \u00e0s urnas no dia da vota\u00e7\u00e3o<\/strong>, \u00e9 de <strong>75%<\/strong>. Veja:<\/p>\n<\/li>\n<li>75% \u2013 com certeza vai votar<\/li>\n<li>24% \u2013 n\u00e3o tem certeza se vai votar<\/li>\n<li>1% \u2013 n\u00e3o sabe ou n\u00e3o respondeu<\/li>\n<\/ul>\n<p><mark style=\"background-color:#fcb900\" class=\"has-inline-color\">A <strong>Quaest <\/strong>consultou <strong>852 eleitores<\/strong> entre os dias <strong>14 <\/strong><\/mark><mark style=\"background-color:rgba(0, 0, 0, 0)\" class=\"has-inline-color\"><span style=\"background-color: rgb(252, 185, 0);\">e <\/span><strong style=\"background-color: rgb(252, 185, 0);\">16 de outubro<\/strong><span style=\"background-color: rgb(252, 185, 0);\">. A margem de erro \u00e9 de tr\u00eas pontos percentuais, para mais ou para menos. <\/span><strong style=\"background-color: rgb(252, 185, 0);\">O registro na Justi\u00e7a Eleitoral \u00e9 SP-01144\/2024.<\/strong><\/mark><\/p>\n<hr class=\"wp-block-separator has-alpha-channel-opacity\"\/>\n<p>SAIBA MAIS<\/p>\n<p>De sa\u00edda? Reuni\u00e3o na pr\u00f3xima semana pode definir futuro de Nogueira no PSDB<\/p>\n<h4 class=\"wp-block-heading\"><strong>FIQUE ON<\/strong><\/h4>\n<p>Fique ligado em tudo que acontece em Ribeir\u00e3o Preto e regi\u00e3o. Siga os perfis do<strong>\u00a0acidade on\u00a0<\/strong>no\u00a0<a href=\"https:\/\/www.instagram.com\/acidadeonribeirao\" target=\"_blank\" rel=\"noreferrer noopener\">Instagram\u00a0<\/a>e no<a href=\"https:\/\/www.facebook.com\/acidadeonribeirao\/\" target=\"_blank\" rel=\"noreferrer noopener\">\u00a0Facebook<\/a>.<\/p>\n<p>Receba not\u00edcias do<strong>\u00a0acidade on\u00a0<\/strong>no WhatsApp.\u00a0<a href=\"https:\/\/chat.whatsapp.com\/Fg4ok3aAVyB59DP63pRapr\" target=\"_blank\" rel=\"noreferrer noopener\">Para entrar no grupo, basta clicar aqui.<\/a><\/p>\n<p>Fa\u00e7a uma den\u00fancia ou sugira uma reportagem sobre Ribeir\u00e3o Preto e regi\u00e3o pelo WhatsApp: 16 99117 7802.<\/p>\n<p>VEJA TAMB\u00c9M<\/p>\n<p>O que mudou no limite da Caixa para im\u00f3veis?<\/p>\n<p><!-- CONTENT END 1 -->\n<\/div>\n<\/div>\n<p><script async src=\"\/\/www.instagram.com\/embed.js\"><\/script><br \/>\n<br \/><br \/>\n<br \/><a href=\"https:\/\/www.acidadeon.com\/ribeiraopreto\/politica\/eleicoes\/quaest-2o-turno-moradores-revelam-interesse-nas-eleicoes-em-ribeirao-preto\/\">Source link <\/a><\/p>\n","protected":false},"excerpt":{"rendered":"<p>A EPTV divulgou nesta quinta-feira (17), os resultados da primeira pesquisa Quaest contratada para o 2\u00ba turno das elei\u00e7\u00f5es municipais em Ribeir\u00e3o Preto \u2013 clique&#8230;<\/p>\n","protected":false},"author":1,"featured_media":71905,"comment_status":"open","ping_status":"open","sticky":false,"template":"","format":"standard","meta":{"_uag_custom_page_level_css":"","advanced_seo_description":"","jetpack_seo_html_title":"","jetpack_seo_noindex":false,"jetpack_post_was_ever_published":false,"_jetpack_newsletter_access":"","_jetpack_dont_email_post_to_subs":false,"_jetpack_newsletter_tier_id":0,"_jetpack_memberships_contains_paywalled_content":false,"_jetpack_memberships_contains_paid_content":false,"footnotes":"","jetpack_publicize_message":"","jetpack_publicize_feature_enabled":true,"jetpack_social_post_already_shared":true,"jetpack_social_options":{"image_generator_settings":{"template":"highway","default_image_id":0,"font":"","enabled":false},"version":2}},"categories":[11],"tags":[],"class_list":["post-71904","post","type-post","status-publish","format-standard","has-post-thumbnail","hentry","category-noticias-de-ribeirao-preto-sp-e-regiao-ismael-colosi"],"jetpack_publicize_connections":[],"jetpack_featured_media_url":"https:\/\/i0.wp.com\/ismaelcolosi.com.br\/wp-content\/uploads\/2024\/10\/irregularidades_eleitorais_1024x576_15112020151152.jpg?fit=1024%2C575&ssl=1","uagb_featured_image_src":{"full":["https:\/\/i0.wp.com\/ismaelcolosi.com.br\/wp-content\/uploads\/2024\/10\/irregularidades_eleitorais_1024x576_15112020151152.jpg?fit=1024%2C575&ssl=1",1024,575,false],"thumbnail":["https:\/\/i0.wp.com\/ismaelcolosi.com.br\/wp-content\/uploads\/2024\/10\/irregularidades_eleitorais_1024x576_15112020151152.jpg?resize=150%2C150&ssl=1",150,150,true],"medium":["https:\/\/i0.wp.com\/ismaelcolosi.com.br\/wp-content\/uploads\/2024\/10\/irregularidades_eleitorais_1024x576_15112020151152.jpg?fit=300%2C168&ssl=1",300,168,true],"medium_large":["https:\/\/i0.wp.com\/ismaelcolosi.com.br\/wp-content\/uploads\/2024\/10\/irregularidades_eleitorais_1024x576_15112020151152.jpg?fit=768%2C431&ssl=1",768,431,true],"large":["https:\/\/i0.wp.com\/ismaelcolosi.com.br\/wp-content\/uploads\/2024\/10\/irregularidades_eleitorais_1024x576_15112020151152.jpg?fit=1024%2C575&ssl=1",1024,575,true],"1536x1536":["https:\/\/i0.wp.com\/ismaelcolosi.com.br\/wp-content\/uploads\/2024\/10\/irregularidades_eleitorais_1024x576_15112020151152.jpg?fit=1024%2C575&ssl=1",1024,575,true],"2048x2048":["https:\/\/i0.wp.com\/ismaelcolosi.com.br\/wp-content\/uploads\/2024\/10\/irregularidades_eleitorais_1024x576_15112020151152.jpg?fit=1024%2C575&ssl=1",1024,575,true],"really-simple-thumb":["https:\/\/i0.wp.com\/ismaelcolosi.com.br\/wp-content\/uploads\/2024\/10\/irregularidades_eleitorais_1024x576_15112020151152.jpg?resize=370%2C247&ssl=1",370,247,true]},"uagb_author_info":{"display_name":"ismaelcolosi.com.br","author_link":"https:\/\/ismaelcolosi.com.br\/index.php\/author\/vidareal-online\/"},"uagb_comment_info":0,"uagb_excerpt":"A EPTV divulgou nesta quinta-feira (17), os resultados da primeira pesquisa Quaest contratada para o 2\u00ba turno das elei\u00e7\u00f5es municipais em Ribeir\u00e3o Preto \u2013 clique...","jetpack-related-posts":[{"id":66700,"url":"https:\/\/ismaelcolosi.com.br\/index.php\/2024\/09\/18\/veja-a-simulacao-do-2o-turno-das-eleicoes-municipais-em-ribeirao-preto\/","url_meta":{"origin":71904,"position":0},"title":"Veja a simula\u00e7\u00e3o do 2\u00ba turno das elei\u00e7\u00f5es municipais em Ribeir\u00e3o Preto","author":"ismaelcolosi.com.br","date":"18 de September de 2024","format":false,"excerpt":"O instituto Quaest e a EPTV divulgaram nesta quarta-feira (18), a segunda pesquisa de inten\u00e7\u00e3o de voto \u00e0 Prefeitura de Ribeir\u00e3o Preto. O levantamento mostra as inten\u00e7\u00f5es de voto em eventual segundo turno nas elei\u00e7\u00f5es de 2024. Conforme a pesquisa, o candidato Ricardo Silva (PSD) venceria Jorge Roque (PT), Andr\u00e9\u2026","rel":"","context":"In &quot;Not\u00edcias de Ribeir\u00e3o Preto-SP e Regi\u00e3o&quot;","block_context":{"text":"Not\u00edcias de Ribeir\u00e3o Preto-SP e Regi\u00e3o","link":"https:\/\/ismaelcolosi.com.br\/index.php\/category\/noticias-de-ribeirao-preto-sp-e-regiao-ismael-colosi\/"},"img":{"alt_text":"","src":"https:\/\/i0.wp.com\/ismaelcolosi.com.br\/wp-content\/uploads\/2024\/09\/1726702779_urnas_ribeirao.jpg?fit=1200%2C717&ssl=1&resize=350%2C200","width":350,"height":200,"srcset":"https:\/\/i0.wp.com\/ismaelcolosi.com.br\/wp-content\/uploads\/2024\/09\/1726702779_urnas_ribeirao.jpg?fit=1200%2C717&ssl=1&resize=350%2C200 1x, https:\/\/i0.wp.com\/ismaelcolosi.com.br\/wp-content\/uploads\/2024\/09\/1726702779_urnas_ribeirao.jpg?fit=1200%2C717&ssl=1&resize=525%2C300 1.5x, https:\/\/i0.wp.com\/ismaelcolosi.com.br\/wp-content\/uploads\/2024\/09\/1726702779_urnas_ribeirao.jpg?fit=1200%2C717&ssl=1&resize=700%2C400 2x, https:\/\/i0.wp.com\/ismaelcolosi.com.br\/wp-content\/uploads\/2024\/09\/1726702779_urnas_ribeirao.jpg?fit=1200%2C717&ssl=1&resize=1050%2C600 3x"},"classes":[]},{"id":66696,"url":"https:\/\/ismaelcolosi.com.br\/index.php\/2024\/09\/18\/veja-quem-ganharia-as-eleicoes-em-eventual-2o-turno-em-ribeirao-preto\/","url_meta":{"origin":71904,"position":1},"title":"Veja quem ganharia as elei\u00e7\u00f5es em eventual 2\u00ba turno em Ribeir\u00e3o Preto","author":"ismaelcolosi.com.br","date":"18 de September de 2024","format":false,"excerpt":"O instituto Quaest e a EPTV divulgaram nesta quarta-feira (18), a segunda pesquisa de inten\u00e7\u00e3o de voto \u00e0 Prefeitura de Ribeir\u00e3o Preto. O levantamento mostra as inten\u00e7\u00f5es de voto em eventual segundo turno nas elei\u00e7\u00f5es de 2024. Conforme a pesquisa, o candidato Ricardo Silva (PSD) venceria Jorge Roque (PT), Andr\u00e9\u2026","rel":"","context":"In &quot;Not\u00edcias de Ribeir\u00e3o Preto-SP e Regi\u00e3o&quot;","block_context":{"text":"Not\u00edcias de Ribeir\u00e3o Preto-SP e Regi\u00e3o","link":"https:\/\/ismaelcolosi.com.br\/index.php\/category\/noticias-de-ribeirao-preto-sp-e-regiao-ismael-colosi\/"},"img":{"alt_text":"","src":"https:\/\/i0.wp.com\/ismaelcolosi.com.br\/wp-content\/uploads\/2024\/09\/urnas_ribeirao.jpg?fit=1200%2C717&ssl=1&resize=350%2C200","width":350,"height":200,"srcset":"https:\/\/i0.wp.com\/ismaelcolosi.com.br\/wp-content\/uploads\/2024\/09\/urnas_ribeirao.jpg?fit=1200%2C717&ssl=1&resize=350%2C200 1x, https:\/\/i0.wp.com\/ismaelcolosi.com.br\/wp-content\/uploads\/2024\/09\/urnas_ribeirao.jpg?fit=1200%2C717&ssl=1&resize=525%2C300 1.5x, https:\/\/i0.wp.com\/ismaelcolosi.com.br\/wp-content\/uploads\/2024\/09\/urnas_ribeirao.jpg?fit=1200%2C717&ssl=1&resize=700%2C400 2x, https:\/\/i0.wp.com\/ismaelcolosi.com.br\/wp-content\/uploads\/2024\/09\/urnas_ribeirao.jpg?fit=1200%2C717&ssl=1&resize=1050%2C600 3x"},"classes":[]},{"id":69498,"url":"https:\/\/ismaelcolosi.com.br\/index.php\/2024\/10\/06\/quaest-veja-os-numeros-da-pesquisa-eleitoral-para-prefeito-em-ribeirao-preto-2\/","url_meta":{"origin":71904,"position":2},"title":"Quaest: Veja os n\u00fameros da pesquisa eleitoral para prefeito em Ribeir\u00e3o Preto","author":"ismaelcolosi.com.br","date":"6 de October de 2024","format":false,"excerpt":"A Quaest\u00a0divulgou neste s\u00e1bado (5) os n\u00fameros da pesquisa antes do primeiro turno das elei\u00e7\u00f5es em Ribeir\u00e3o Preto. Este \u00e9 o\u00a0terceiro levantamento\u00a0da\u00a0s\u00e9rie contratada pela EPTV\u00a0sobre a\u00a0inten\u00e7\u00e3o de voto a prefeito.\u00a0 Confira os n\u00fameros: Ricardo Silva (PSD) \u2013 45% Jorge Roque (PT) \u2013 13% Andr\u00e9 Trindade (Uni\u00e3o) \u2013 7% Marco Aur\u00e9lio\u2026","rel":"","context":"In &quot;Not\u00edcias de Ribeir\u00e3o Preto-SP e Regi\u00e3o&quot;","block_context":{"text":"Not\u00edcias de Ribeir\u00e3o Preto-SP e Regi\u00e3o","link":"https:\/\/ismaelcolosi.com.br\/index.php\/category\/noticias-de-ribeirao-preto-sp-e-regiao-ismael-colosi\/"},"img":{"alt_text":"","src":"https:\/\/i0.wp.com\/ismaelcolosi.com.br\/wp-content\/uploads\/2024\/10\/candidatos-prefeito-ribeirao-preto-2_2024-10-04_16-47-29_jpeg_2024-10-04_16-47-30.webp.webp?fit=1200%2C674&ssl=1&resize=350%2C200","width":350,"height":200,"srcset":"https:\/\/i0.wp.com\/ismaelcolosi.com.br\/wp-content\/uploads\/2024\/10\/candidatos-prefeito-ribeirao-preto-2_2024-10-04_16-47-29_jpeg_2024-10-04_16-47-30.webp.webp?fit=1200%2C674&ssl=1&resize=350%2C200 1x, https:\/\/i0.wp.com\/ismaelcolosi.com.br\/wp-content\/uploads\/2024\/10\/candidatos-prefeito-ribeirao-preto-2_2024-10-04_16-47-29_jpeg_2024-10-04_16-47-30.webp.webp?fit=1200%2C674&ssl=1&resize=525%2C300 1.5x, https:\/\/i0.wp.com\/ismaelcolosi.com.br\/wp-content\/uploads\/2024\/10\/candidatos-prefeito-ribeirao-preto-2_2024-10-04_16-47-29_jpeg_2024-10-04_16-47-30.webp.webp?fit=1200%2C674&ssl=1&resize=700%2C400 2x, https:\/\/i0.wp.com\/ismaelcolosi.com.br\/wp-content\/uploads\/2024\/10\/candidatos-prefeito-ribeirao-preto-2_2024-10-04_16-47-29_jpeg_2024-10-04_16-47-30.webp.webp?fit=1200%2C674&ssl=1&resize=1050%2C600 3x"},"classes":[]},{"id":69452,"url":"https:\/\/ismaelcolosi.com.br\/index.php\/2024\/10\/05\/quaest-veja-os-numeros-da-pesquisa-eleitoral-para-prefeito-em-ribeirao-preto\/","url_meta":{"origin":71904,"position":3},"title":"Quaest: Veja os n\u00fameros da pesquisa eleitoral para prefeito em Ribeir\u00e3o Preto","author":"ismaelcolosi.com.br","date":"5 de October de 2024","format":false,"excerpt":"A Quaest\u00a0divulgou neste s\u00e1bado (5) os n\u00fameros da pesquisa antes do primeiro turno das elei\u00e7\u00f5es em Ribeir\u00e3o Preto. Este \u00e9 o\u00a0terceiro levantamento\u00a0da\u00a0s\u00e9rie contratada pela EPTV\u00a0sobre a\u00a0inten\u00e7\u00e3o de voto a prefeito.\u00a0A margem de erro \u00e9 de tr\u00eas pontos. Confira os n\u00fameros: Ricardo Silva (PSD) \u2013 45% Jorge Roque (PT) \u2013 13%\u2026","rel":"","context":"In &quot;Not\u00edcias de Ribeir\u00e3o Preto-SP e Regi\u00e3o&quot;","block_context":{"text":"Not\u00edcias de Ribeir\u00e3o Preto-SP e Regi\u00e3o","link":"https:\/\/ismaelcolosi.com.br\/index.php\/category\/noticias-de-ribeirao-preto-sp-e-regiao-ismael-colosi\/"},"img":{"alt_text":"","src":"https:\/\/i0.wp.com\/ismaelcolosi.com.br\/wp-content\/uploads\/2024\/10\/candidatos-prefeito-ribeirao-preto-2_2024-10-04_16-47-29_jpeg_2024-10-04_16-47-30.webp.webp?fit=1200%2C674&ssl=1&resize=350%2C200","width":350,"height":200,"srcset":"https:\/\/i0.wp.com\/ismaelcolosi.com.br\/wp-content\/uploads\/2024\/10\/candidatos-prefeito-ribeirao-preto-2_2024-10-04_16-47-29_jpeg_2024-10-04_16-47-30.webp.webp?fit=1200%2C674&ssl=1&resize=350%2C200 1x, https:\/\/i0.wp.com\/ismaelcolosi.com.br\/wp-content\/uploads\/2024\/10\/candidatos-prefeito-ribeirao-preto-2_2024-10-04_16-47-29_jpeg_2024-10-04_16-47-30.webp.webp?fit=1200%2C674&ssl=1&resize=525%2C300 1.5x, https:\/\/i0.wp.com\/ismaelcolosi.com.br\/wp-content\/uploads\/2024\/10\/candidatos-prefeito-ribeirao-preto-2_2024-10-04_16-47-29_jpeg_2024-10-04_16-47-30.webp.webp?fit=1200%2C674&ssl=1&resize=700%2C400 2x, https:\/\/i0.wp.com\/ismaelcolosi.com.br\/wp-content\/uploads\/2024\/10\/candidatos-prefeito-ribeirao-preto-2_2024-10-04_16-47-29_jpeg_2024-10-04_16-47-30.webp.webp?fit=1200%2C674&ssl=1&resize=1050%2C600 3x"},"classes":[]},{"id":72652,"url":"https:\/\/ismaelcolosi.com.br\/index.php\/2024\/10\/22\/quem-nao-votou-no-1o-turno-pode-votar-no-2o-turno-das-eleicoes\/","url_meta":{"origin":71904,"position":4},"title":"Quem n\u00e3o votou no 1\u00ba turno pode votar no 2\u00ba turno das elei\u00e7\u00f5es?","author":"ismaelcolosi.com.br","date":"22 de October de 2024","format":false,"excerpt":"Quem n\u00e3o votou no 1\u00ba turno das Elei\u00e7\u00f5es Municipais de 2024, pode participar do 2\u00ba turno do pleito. Os eleitores de 15 capitais e 36 munic\u00edpios, incluindo Ribeir\u00e3o Preto, voltam \u00e0s urnas neste domingo (27), para eleger um dos candidatos que disputam o cargo de prefeito. Conforme o TSE (Tribunal\u2026","rel":"","context":"In &quot;Not\u00edcias de Ribeir\u00e3o Preto-SP e Regi\u00e3o&quot;","block_context":{"text":"Not\u00edcias de Ribeir\u00e3o Preto-SP e Regi\u00e3o","link":"https:\/\/ismaelcolosi.com.br\/index.php\/category\/noticias-de-ribeirao-preto-sp-e-regiao-ismael-colosi\/"},"img":{"alt_text":"","src":"https:\/\/i0.wp.com\/ismaelcolosi.com.br\/wp-content\/uploads\/2024\/10\/pin0304_2024-10-22_20-04-05_jpg_2024-10-22_20-04-06-scaled.webp.webp?fit=1200%2C800&ssl=1&resize=350%2C200","width":350,"height":200,"srcset":"https:\/\/i0.wp.com\/ismaelcolosi.com.br\/wp-content\/uploads\/2024\/10\/pin0304_2024-10-22_20-04-05_jpg_2024-10-22_20-04-06-scaled.webp.webp?fit=1200%2C800&ssl=1&resize=350%2C200 1x, https:\/\/i0.wp.com\/ismaelcolosi.com.br\/wp-content\/uploads\/2024\/10\/pin0304_2024-10-22_20-04-05_jpg_2024-10-22_20-04-06-scaled.webp.webp?fit=1200%2C800&ssl=1&resize=525%2C300 1.5x, https:\/\/i0.wp.com\/ismaelcolosi.com.br\/wp-content\/uploads\/2024\/10\/pin0304_2024-10-22_20-04-05_jpg_2024-10-22_20-04-06-scaled.webp.webp?fit=1200%2C800&ssl=1&resize=700%2C400 2x, https:\/\/i0.wp.com\/ismaelcolosi.com.br\/wp-content\/uploads\/2024\/10\/pin0304_2024-10-22_20-04-05_jpg_2024-10-22_20-04-06-scaled.webp.webp?fit=1200%2C800&ssl=1&resize=1050%2C600 3x"},"classes":[]},{"id":73458,"url":"https:\/\/ismaelcolosi.com.br\/index.php\/2024\/10\/26\/quaest-veja-os-numeros-da-ultima-pesquisa-antes-do-2o-turno-em-ribeirao-preto\/","url_meta":{"origin":71904,"position":5},"title":"Quaest: Veja os n\u00fameros da \u00faltima pesquisa antes do 2\u00ba turno em Ribeir\u00e3o Preto","author":"ismaelcolosi.com.br","date":"26 de October de 2024","format":false,"excerpt":"A pesquisa Quaest divulgada na noite deste s\u00e1bado (26) mostra Ricardo Silva (PSD) liderando a disputa pela Prefeitura de Ribeir\u00e3o Preto com 46% dos votos. O candidato Marco Aur\u00e9lio (NOVO) aparece em segundo lugar, com 33% dos votos. Essa \u00e9 a \u00faltima pesquisa sobre a inten\u00e7\u00e3o de voto no 2\u00ba\u2026","rel":"","context":"In &quot;Not\u00edcias de Ribeir\u00e3o Preto-SP e Regi\u00e3o&quot;","block_context":{"text":"Not\u00edcias de Ribeir\u00e3o Preto-SP e Regi\u00e3o","link":"https:\/\/ismaelcolosi.com.br\/index.php\/category\/noticias-de-ribeirao-preto-sp-e-regiao-ismael-colosi\/"},"img":{"alt_text":"","src":"https:\/\/i0.wp.com\/ismaelcolosi.com.br\/wp-content\/uploads\/2024\/10\/ricardo-silva-marco-aurelio-entrevista_2024-10-12_22-13-15_jpeg_2024-10-12_22-13-15.webp.webp?fit=1200%2C674&ssl=1&resize=350%2C200","width":350,"height":200,"srcset":"https:\/\/i0.wp.com\/ismaelcolosi.com.br\/wp-content\/uploads\/2024\/10\/ricardo-silva-marco-aurelio-entrevista_2024-10-12_22-13-15_jpeg_2024-10-12_22-13-15.webp.webp?fit=1200%2C674&ssl=1&resize=350%2C200 1x, https:\/\/i0.wp.com\/ismaelcolosi.com.br\/wp-content\/uploads\/2024\/10\/ricardo-silva-marco-aurelio-entrevista_2024-10-12_22-13-15_jpeg_2024-10-12_22-13-15.webp.webp?fit=1200%2C674&ssl=1&resize=525%2C300 1.5x, https:\/\/i0.wp.com\/ismaelcolosi.com.br\/wp-content\/uploads\/2024\/10\/ricardo-silva-marco-aurelio-entrevista_2024-10-12_22-13-15_jpeg_2024-10-12_22-13-15.webp.webp?fit=1200%2C674&ssl=1&resize=700%2C400 2x, https:\/\/i0.wp.com\/ismaelcolosi.com.br\/wp-content\/uploads\/2024\/10\/ricardo-silva-marco-aurelio-entrevista_2024-10-12_22-13-15_jpeg_2024-10-12_22-13-15.webp.webp?fit=1200%2C674&ssl=1&resize=1050%2C600 3x"},"classes":[]}],"jetpack_sharing_enabled":true,"jetpack_shortlink":"https:\/\/wp.me\/pfMlyK-iHK","_links":{"self":[{"href":"https:\/\/ismaelcolosi.com.br\/index.php\/wp-json\/wp\/v2\/posts\/71904","targetHints":{"allow":["GET"]}}],"collection":[{"href":"https:\/\/ismaelcolosi.com.br\/index.php\/wp-json\/wp\/v2\/posts"}],"about":[{"href":"https:\/\/ismaelcolosi.com.br\/index.php\/wp-json\/wp\/v2\/types\/post"}],"author":[{"embeddable":true,"href":"https:\/\/ismaelcolosi.com.br\/index.php\/wp-json\/wp\/v2\/users\/1"}],"replies":[{"embeddable":true,"href":"https:\/\/ismaelcolosi.com.br\/index.php\/wp-json\/wp\/v2\/comments?post=71904"}],"version-history":[{"count":0,"href":"https:\/\/ismaelcolosi.com.br\/index.php\/wp-json\/wp\/v2\/posts\/71904\/revisions"}],"wp:featuredmedia":[{"embeddable":true,"href":"https:\/\/ismaelcolosi.com.br\/index.php\/wp-json\/wp\/v2\/media\/71905"}],"wp:attachment":[{"href":"https:\/\/ismaelcolosi.com.br\/index.php\/wp-json\/wp\/v2\/media?parent=71904"}],"wp:term":[{"taxonomy":"category","embeddable":true,"href":"https:\/\/ismaelcolosi.com.br\/index.php\/wp-json\/wp\/v2\/categories?post=71904"},{"taxonomy":"post_tag","embeddable":true,"href":"https:\/\/ismaelcolosi.com.br\/index.php\/wp-json\/wp\/v2\/tags?post=71904"}],"curies":[{"name":"wp","href":"https:\/\/api.w.org\/{rel}","templated":true}]}}