{"id":71899,"date":"2024-10-18T12:31:26","date_gmt":"2024-10-18T15:31:26","guid":{"rendered":"https:\/\/ismaelcolosi.com.br\/index.php\/2024\/10\/18\/festivais-musica-e-teatro-veja-a-agenda-cultural-do-fim-de-semana-em-ribeirao-preto-2\/"},"modified":"2024-10-18T12:31:26","modified_gmt":"2024-10-18T15:31:26","slug":"festivais-musica-e-teatro-veja-a-agenda-cultural-do-fim-de-semana-em-ribeirao-preto-2","status":"publish","type":"post","link":"https:\/\/ismaelcolosi.com.br\/index.php\/2024\/10\/18\/festivais-musica-e-teatro-veja-a-agenda-cultural-do-fim-de-semana-em-ribeirao-preto-2\/","title":{"rendered":"Festivais, m\u00fasica e teatro: Veja a agenda cultural do fim de semana em Ribeir\u00e3o Preto"},"content":{"rendered":"<p> <br \/>\n<\/p>\n<div>\n<p>Para aproveitar o fim de semana em<strong> Ribeir\u00e3o Preto<\/strong>, a popula\u00e7\u00e3o conta com diversos eventos culturais para aproveitar com a fam\u00edlia e amigos. Entre os destaques da programa\u00e7\u00e3o, est\u00e3o os shows de <strong>Humberto Gessinger<\/strong>,<strong> Edu Faslaschi<\/strong>, <strong>Gabriel O Pensador<\/strong>, <strong>Di Ferrero<\/strong>, al\u00e9m da <strong>Feira de Orqu\u00eddeas e Suculentas <\/strong>e o encerramento do <strong>FestMAO<\/strong>.<\/p>\n<h4 class=\"wp-block-heading\"><strong>Pow Festival<\/strong><strong\/><\/h4>\n<p>A segunda edi\u00e7\u00e3o do\u00a0<strong>Pow Festival<\/strong>\u00a0acontece nos dias\u00a0<strong>19 e 20 de outubro<\/strong>, no espa\u00e7o\u00a0<strong>A F\u00e1brica e tem entrada gratuita. O evento conta com <\/strong>palestras, workshops, experi\u00eancias com especialistas, oficinas, divers\u00e3o com jogos, exposi\u00e7\u00e3o, feira criativa, espa\u00e7o infantil, entre outras.<\/p>\n<p>A programa\u00e7\u00e3o musical fica por conta de <strong>Di Ferrero<\/strong>, que se apresenta no <strong>s\u00e1bado (19)<\/strong>, com o show da nova turn\u00ea \u201c<strong>Outra Dose Tour<\/strong>\u201d. A apresenta\u00e7\u00e3o come\u00e7a \u00e0s\u00a0<strong>19h<\/strong>. \u00a0<strong>Gabriel O Pensador tamb\u00e9m sobe ao palco do festival, no domingo (20)<\/strong>, \u00e0s\u00a0<strong>19h. <\/strong><mark style=\"background-color:#fcb900\" class=\"has-inline-color has-black-color\">Ingressos devem ser reservados pelo site (<a href=\"https:\/\/powfestival.com.br\/ingressos\/\" target=\"_blank\" rel=\"noreferrer noopener\">clique aqui<\/a>).<\/mark><\/p>\n<h4 class=\"wp-block-heading\"><strong>Ana Carolina<\/strong><\/h4>\n<p>A cantora <strong>Ana Carolina<\/strong>\u00a0retorna para\u00a0<strong>Ribeir\u00e3o Preto<\/strong>\u00a0cantando os sucessos de\u00a0<strong>C\u00e1ssia Eller<\/strong>. O show acontece neste s\u00e1bado (19), \u00e0s 21h, no espa\u00e7o Multiplan Hall. Os\u00a0<strong>ingressos\u00a0<\/strong>ainda est\u00e3o dispon\u00edveis e podem ser adquiridos de\u00a0atrav\u00e9s da\u00a0<a href=\"https:\/\/www.ticketmaster.com.br\/event\/anacarolina-ribeiraopreto\" target=\"_blank\" rel=\"noreferrer noopener\"><strong>plataforma Tickemaster<\/strong><\/a>\u00a0ou na\u00a0<strong>bilheteria do Multiplan Hall<\/strong>, os valores est\u00e3o a partir de <strong>R$ 143,75 (meia-entrada)<\/strong>.<\/p>\n<h4 class=\"wp-block-heading\"><strong>Feira de Orqu\u00eddeas e Suculentas<\/strong><strong\/><\/h4>\n<p>No <strong>s\u00e1bado (19) e domingo (20)<\/strong>, a <strong>agenda cultural <\/strong>do fim de semana conta com a quarta edi\u00e7\u00e3o da\u00a0<strong>Feira de Orqu\u00eddeas e Suculentas<\/strong>.\u00a0A entrada para o evento \u00e9 gratuita e acontece no <strong>Dan Inn Hotel<\/strong>, a partir das <strong>8h<\/strong>. O evento contar\u00e1 com expositores de diferentes cidades da regi\u00e3o e profissionais da \u00e1rea de cultivo.<\/p>\n<h4 class=\"wp-block-heading\"><strong>FestMAO \u2013 Mostra Nova Cena \u00a0<\/strong><\/h4>\n<p>A 3\u00aa edi\u00e7\u00e3o do <strong>FestMAO<\/strong>, o <strong>Festival De M\u00fasica e Arte de Ribeir\u00e3o Preto<\/strong>, encerra sua programa\u00e7\u00e3o com a <strong>Mostra Nova Cena<\/strong>, um evento com cinco shows, dois palcos, DJs, food park, espa\u00e7o relax e muito mais. A mostra acontece neste <strong>s\u00e1bado (19)<\/strong>, das <strong>15h \u00e0s 22h<\/strong>, no <strong>Teatro de Arena Jaime Zeiger<\/strong>. Entre as atra\u00e7\u00f5es est\u00e3o Pitoresco, Andarilho Cha, Lubo, Magia Negra, Avinny, Tutu DJs e Dudu Palandre.<\/p>\n<h4 class=\"wp-block-heading\"><strong>Mission\u00e1rios do Blues no Cauim<\/strong><\/h4>\n<p>O <strong>Cineclube Cauim<\/strong> recebe nesta sexta-feira (18) o show da banda <strong>Mission\u00e1rios do Blues<\/strong>, a partir das 20h30, no projeto <strong>Sextas Sonoras<\/strong>. O evento come\u00e7a \u00e0s 19h com a playlist do DJ Hamilton. Com 27 anos de estrada, a banda Mission\u00e1rios do Blues \u00e9 considerada uma das mais tradicionais power band de blues do interior paulista.<\/p>\n<p>O ingresso custa R$ 20, d\u00e1 direito a um chope e pode ser adquirido na bilheteria do Cauim no dia do show. <mark style=\"background-color:#fcb900\" class=\"has-inline-color has-black-color\">A nova casa do <strong>Cauim (Memorial do Aqu\u00edfero Guarani) <\/strong>fica na Rua Olavo Bilac, 135, na Vila Seixas.<\/mark><\/p>\n<h4 class=\"wp-block-heading\"><strong>Edu Falaschi<\/strong><\/h4>\n<p>O cantor e ex-integrante do grupo <strong>Angra<\/strong> apresentar\u00e1 o show da turn\u00ea comemorativa de <strong>20 anos <\/strong>do DVD \u201c<strong>Rebirth Live In S\u00e3o Paulo<\/strong>\u201d, no <strong>Theatro Pedro II<\/strong>, nesta <strong>sexta-feira (18)<\/strong>, \u00e0s <strong>20h<\/strong>. Os ingressos podem ser adquiridos <strong>on-line<\/strong> <strong>(<\/strong><a href=\"https:\/\/www.bilheto.com.br\/comprar\/2323\/edu-falaschi-dvd-rebirth-revisited-20-anos\" target=\"_blank\" rel=\"noreferrer noopener\"><strong>clique aqui<\/strong><\/a><strong>)<\/strong>, a partir de <strong>R$ 40 (meia-entrada)<\/strong>.<\/p>\n<h4 class=\"wp-block-heading\"><strong>Humberto Gessinger<\/strong><\/h4>\n<p><strong>Humberto Gessinger<\/strong>, \u00edcone do <strong>pop rock nacional<\/strong>, sobe ao palco do <strong>Theatro Pedro II<\/strong>, neste <strong>domingo (20)<\/strong>, \u00e0s <strong>19h<\/strong>, para apresentar seu mais recente trabalho: \u201c<strong>Quatro Cantos de um Mundo Redondo<\/strong>\u201c. O espet\u00e1culo promete revisitar os sucessos de sua carreira solo, marcada por diferentes forma\u00e7\u00f5es musicais. <mark style=\"background-color:#fcb900\" class=\"has-inline-color has-black-color\">Os ingressos para a apresenta\u00e7\u00e3o est\u00e3o esgotados.<\/mark><\/p>\n<h4 class=\"wp-block-heading\"><strong>Flashback Tribute \u2013 As Vozes Do Mundo Tour 2024<\/strong><\/h4>\n<p>O evento promete uma homenagem aos maiores cantores que marcaram os seus nomes na hist\u00f3ria da <em>pop music<\/em> e <em>disco music<\/em>. O repert\u00f3rio passear\u00e1 de <strong>Elvis Presley a Micahel Jackson<\/strong>. A apresenta\u00e7\u00e3o acontece no <strong>Teatro Municipal<\/strong>, \u00e0s <strong>20h30<\/strong>, e os ingressos s\u00e3o vendidos <strong>on-line<\/strong> (<a href=\"https:\/\/www.bilheteriaexpress.com.br\/ingressos-para-flashback-as-vozes-do-mundo-tour-2024-teatro-municipal-de-ribeirao-preto-shows-71233189015188.html\" target=\"_blank\" rel=\"noreferrer noopener\">clique aqui<\/a>), a partir de <strong>R$ 35 (meia-entrada)<\/strong>.<\/p>\n<h4 class=\"wp-block-heading\"><strong>Feira de Artesanato<\/strong><\/h4>\n<p>No <strong>domingo (20)<\/strong>, acontece a partir das <strong>9h<\/strong>, na <strong>pra\u00e7a Jos\u00e9 Mortari<\/strong>, uma <strong>Feira de Artesanatos<\/strong> com cerca de <strong>70 expositores<\/strong>. A <strong>entrada \u00e9 abertura ao p\u00fablico<\/strong>. O p\u00fablico poder\u00e1 conferir pe\u00e7as de tric\u00f4, arte em madeira e vidro, esculturas, comidas artesanais, plantas, entre outros.<\/p>\n<h4 class=\"wp-block-heading\"><strong>O Patinho Feio<\/strong><\/h4>\n<p>Nesta nova interpreta\u00e7\u00e3o do cl\u00e1ssico infantil, o patinho foge da lagoa em busca de seu verdadeiro lugar no mundo. Durante sua jornada, ele encontra <strong>Paco<\/strong>, um guaxinim cego em busca de m\u00e1gica terra de <strong>Machuri<\/strong>. Juntos, eles enfrentam desafios e perigos, descobrindo a for\u00e7a da amizade e a coragem que reside dentro de cada um.<\/p>\n<p>Os ingressos devem ser reservados atrav\u00e9s do telefone<strong> (16) 99228-8887<\/strong> ou ent\u00e3o pelo Instagram: <strong>@ciateatralviajantes<\/strong>. <\/p>\n<h4 class=\"wp-block-heading\"><strong>Fragmentos<\/strong><\/h4>\n<p>Os irm\u00e3os <strong>Paulo e Elizabeth Paschoal apresentam <\/strong>neste<strong>\u00a0domingo (20)<\/strong>, \u00e0s\u00a0<strong>18h<\/strong>, no\u00a0<strong>Teatro Santarosa. <\/strong>O espet\u00e1culo conta com obras cl\u00e1ssicas de\u00a0<strong>Pixinguinha<\/strong>,\u00a0<strong>Chico Buarque<\/strong>,\u00a0<strong>An\u00edbal Augusto Sardinha<\/strong>,\u00a0<strong>Tom Jobim\u00a0<\/strong>e\u00a0<strong>Johann Sebastian Bach<\/strong>. Os ingressos podem ser adquiridos\u00a0<strong>on-line (<a href=\"https:\/\/bileto.sympla.com.br\/event\/99528\/d\/283627\/s\/1936370\" target=\"_blank\" rel=\"noreferrer noopener\">clique aqui<\/a>)<\/strong>, a partir de<strong> R$ 60 <\/strong>(antecipado e meia-entrada).<\/p>\n<h4 class=\"wp-block-heading\"><strong>Cultura em Todo Lugar<\/strong><\/h4>\n<p>Neste <strong>s\u00e1bado (19)<\/strong>, o bairro<strong> Jardim Maria Goretti<\/strong> recebe o projeto \u201c<strong>Cultura em Todo Lugar<\/strong>\u201d, o evento contar\u00e1 com <strong>atividades gratuitas<\/strong>, entre <strong>9h e 12h<\/strong>, na <strong>PEI Prof. Vicente Teodoro de Souza<\/strong>.<\/p>\n<p>A programa\u00e7\u00e3o conta com m\u00fasica, dan\u00e7a, oficinas de desenho, pintura facial, atividades interativas e recreativas com o <strong>Viajando com as Hist\u00f3rias<\/strong>, brinquedos infl\u00e1veis e distribui\u00e7\u00e3o de pipoca.<\/p>\n<p>SAIBA MAIS<br \/>Veja quando ped\u00e1gio free flow come\u00e7a a operar na regi\u00e3o de Ribeir\u00e3o Preto<\/p>\n<h4 class=\"wp-block-heading\"><strong>FIQUE ON<\/strong><\/h4>\n<p>Fique ligado em tudo que acontece em Ribeir\u00e3o Preto e regi\u00e3o. Siga os perfis do <strong>acidade on <\/strong>no <a href=\"https:\/\/www.instagram.com\/acidadeonribeirao\" target=\"_blank\" rel=\"noreferrer noopener\">Instagram<\/a> e no <a href=\"https:\/\/www.facebook.com\/acidadeonribeirao\" target=\"_blank\" rel=\"noreferrer noopener\">Facebook<\/a>.<\/p>\n<p>Receba not\u00edcias do<strong> acidade on <\/strong>no WhatsApp. Para entrar no grupo, basta <a href=\"https:\/\/chat.whatsapp.com\/Dtv9mxhy6V5BJBotM2OQ5k\" target=\"_blank\" rel=\"noreferrer noopener\">clicar aqui<\/a>.<\/p>\n<p>Fa\u00e7a uma den\u00fancia ou sugira uma reportagem sobre Ribeir\u00e3o Preto e regi\u00e3o pelo WhatsApp: 16 99117 7802.<\/p>\n<p>VEJA TAMB\u00c9M<br \/>Quando v\u00e3o ser entregues as latas do TUDUM da Netflix?<\/p>\n<p><!-- CONTENT END 1 -->\n<\/div>\n<p><script async src=\"\/\/www.instagram.com\/embed.js\"><\/script><br \/>\n<br \/><br \/>\n<br \/><a href=\"https:\/\/www.acidadeon.com\/ribeiraopreto\/lazer-e-cultura\/festivais-musica-teatro-veja-a-agenda-cultural-do-fim-de-semana-em-ribeirao-preto\/\">Source link <\/a><\/p>\n","protected":false},"excerpt":{"rendered":"<p>Para aproveitar o fim de semana em Ribeir\u00e3o Preto, a popula\u00e7\u00e3o conta com diversos eventos culturais para aproveitar com a fam\u00edlia e amigos. Entre os&#8230;<\/p>\n","protected":false},"author":1,"featured_media":71900,"comment_status":"open","ping_status":"open","sticky":false,"template":"","format":"standard","meta":{"_uag_custom_page_level_css":"","advanced_seo_description":"","jetpack_seo_html_title":"","jetpack_seo_noindex":false,"jetpack_post_was_ever_published":false,"_jetpack_newsletter_access":"","_jetpack_dont_email_post_to_subs":false,"_jetpack_newsletter_tier_id":0,"_jetpack_memberships_contains_paywalled_content":false,"_jetpack_memberships_contains_paid_content":false,"footnotes":"","jetpack_publicize_message":"","jetpack_publicize_feature_enabled":true,"jetpack_social_post_already_shared":true,"jetpack_social_options":{"image_generator_settings":{"template":"highway","default_image_id":0,"font":"","enabled":false},"version":2}},"categories":[11],"tags":[],"class_list":["post-71899","post","type-post","status-publish","format-standard","has-post-thumbnail","hentry","category-noticias-de-ribeirao-preto-sp-e-regiao-ismael-colosi"],"jetpack_publicize_connections":[],"jetpack_featured_media_url":"https:\/\/i0.wp.com\/ismaelcolosi.com.br\/wp-content\/uploads\/2024\/10\/Copia-de-Copia-de-Copia-de-TAMANHO-EXATO-PARA-FOTOS-NO-SISTEMA-NOVO-20_2024-10-18_14-37-42_jpg_2024-10-18_14-37-42.webp.webp?fit=1200%2C675&ssl=1","uagb_featured_image_src":{"full":["https:\/\/i0.wp.com\/ismaelcolosi.com.br\/wp-content\/uploads\/2024\/10\/Copia-de-Copia-de-Copia-de-TAMANHO-EXATO-PARA-FOTOS-NO-SISTEMA-NOVO-20_2024-10-18_14-37-42_jpg_2024-10-18_14-37-42.webp.webp?fit=1200%2C675&ssl=1",1200,675,false],"thumbnail":["https:\/\/i0.wp.com\/ismaelcolosi.com.br\/wp-content\/uploads\/2024\/10\/Copia-de-Copia-de-Copia-de-TAMANHO-EXATO-PARA-FOTOS-NO-SISTEMA-NOVO-20_2024-10-18_14-37-42_jpg_2024-10-18_14-37-42.webp.webp?resize=150%2C150&ssl=1",150,150,true],"medium":["https:\/\/i0.wp.com\/ismaelcolosi.com.br\/wp-content\/uploads\/2024\/10\/Copia-de-Copia-de-Copia-de-TAMANHO-EXATO-PARA-FOTOS-NO-SISTEMA-NOVO-20_2024-10-18_14-37-42_jpg_2024-10-18_14-37-42.webp.webp?fit=300%2C169&ssl=1",300,169,true],"medium_large":["https:\/\/i0.wp.com\/ismaelcolosi.com.br\/wp-content\/uploads\/2024\/10\/Copia-de-Copia-de-Copia-de-TAMANHO-EXATO-PARA-FOTOS-NO-SISTEMA-NOVO-20_2024-10-18_14-37-42_jpg_2024-10-18_14-37-42.webp.webp?fit=768%2C432&ssl=1",768,432,true],"large":["https:\/\/i0.wp.com\/ismaelcolosi.com.br\/wp-content\/uploads\/2024\/10\/Copia-de-Copia-de-Copia-de-TAMANHO-EXATO-PARA-FOTOS-NO-SISTEMA-NOVO-20_2024-10-18_14-37-42_jpg_2024-10-18_14-37-42.webp.webp?fit=1024%2C576&ssl=1",1024,576,true],"1536x1536":["https:\/\/i0.wp.com\/ismaelcolosi.com.br\/wp-content\/uploads\/2024\/10\/Copia-de-Copia-de-Copia-de-TAMANHO-EXATO-PARA-FOTOS-NO-SISTEMA-NOVO-20_2024-10-18_14-37-42_jpg_2024-10-18_14-37-42.webp.webp?fit=1200%2C675&ssl=1",1200,675,true],"2048x2048":["https:\/\/i0.wp.com\/ismaelcolosi.com.br\/wp-content\/uploads\/2024\/10\/Copia-de-Copia-de-Copia-de-TAMANHO-EXATO-PARA-FOTOS-NO-SISTEMA-NOVO-20_2024-10-18_14-37-42_jpg_2024-10-18_14-37-42.webp.webp?fit=1200%2C675&ssl=1",1200,675,true],"really-simple-thumb":["https:\/\/i0.wp.com\/ismaelcolosi.com.br\/wp-content\/uploads\/2024\/10\/Copia-de-Copia-de-Copia-de-TAMANHO-EXATO-PARA-FOTOS-NO-SISTEMA-NOVO-20_2024-10-18_14-37-42_jpg_2024-10-18_14-37-42.webp.webp?resize=370%2C247&ssl=1",370,247,true]},"uagb_author_info":{"display_name":"ismaelcolosi.com.br","author_link":"https:\/\/ismaelcolosi.com.br\/index.php\/author\/vidareal-online\/"},"uagb_comment_info":0,"uagb_excerpt":"Para aproveitar o fim de semana em Ribeir\u00e3o Preto, a popula\u00e7\u00e3o conta com diversos eventos culturais para aproveitar com a fam\u00edlia e amigos. Entre os...","jetpack-related-posts":[{"id":71888,"url":"https:\/\/ismaelcolosi.com.br\/index.php\/2024\/10\/18\/festivais-musica-e-teatro-veja-a-agenda-cultural-do-fim-de-semana-em-ribeirao-preto\/","url_meta":{"origin":71899,"position":0},"title":"Festivais, m\u00fasica e teatro: Veja a agenda cultural do fim de semana em Ribeir\u00e3o Preto","author":"ismaelcolosi.com.br","date":"18 de October de 2024","format":false,"excerpt":"Para aproveitar o fim de semana em Ribeir\u00e3o Preto, a popula\u00e7\u00e3o conta com diversos eventos culturais para aproveitar com a fam\u00edlia e amigos. Entre os destaques da programa\u00e7\u00e3o, est\u00e3o os shows de Humberto Gessinger, Edu Faslaschi, Gabriel O Pensador, Di Ferrero, al\u00e9m da Feira de Orqu\u00eddeas e Suculentas e o\u2026","rel":"","context":"In &quot;Not\u00edcias de Ribeir\u00e3o Preto-SP e Regi\u00e3o&quot;","block_context":{"text":"Not\u00edcias de Ribeir\u00e3o Preto-SP e Regi\u00e3o","link":"https:\/\/ismaelcolosi.com.br\/index.php\/category\/noticias-de-ribeirao-preto-sp-e-regiao-ismael-colosi\/"},"img":{"alt_text":"","src":"https:\/\/i0.wp.com\/ismaelcolosi.com.br\/wp-content\/uploads\/2024\/10\/Copia-de-Copia-de-Copia-de-TAMANHO-EXATO-PARA-FOTOS-NO-SISTEMA-NOVO-19_2024-10-18_14-28-01_jpg_2024-10-18_14-28-01.webp.webp?fit=1200%2C675&ssl=1&resize=350%2C200","width":350,"height":200,"srcset":"https:\/\/i0.wp.com\/ismaelcolosi.com.br\/wp-content\/uploads\/2024\/10\/Copia-de-Copia-de-Copia-de-TAMANHO-EXATO-PARA-FOTOS-NO-SISTEMA-NOVO-19_2024-10-18_14-28-01_jpg_2024-10-18_14-28-01.webp.webp?fit=1200%2C675&ssl=1&resize=350%2C200 1x, https:\/\/i0.wp.com\/ismaelcolosi.com.br\/wp-content\/uploads\/2024\/10\/Copia-de-Copia-de-Copia-de-TAMANHO-EXATO-PARA-FOTOS-NO-SISTEMA-NOVO-19_2024-10-18_14-28-01_jpg_2024-10-18_14-28-01.webp.webp?fit=1200%2C675&ssl=1&resize=525%2C300 1.5x, https:\/\/i0.wp.com\/ismaelcolosi.com.br\/wp-content\/uploads\/2024\/10\/Copia-de-Copia-de-Copia-de-TAMANHO-EXATO-PARA-FOTOS-NO-SISTEMA-NOVO-19_2024-10-18_14-28-01_jpg_2024-10-18_14-28-01.webp.webp?fit=1200%2C675&ssl=1&resize=700%2C400 2x, https:\/\/i0.wp.com\/ismaelcolosi.com.br\/wp-content\/uploads\/2024\/10\/Copia-de-Copia-de-Copia-de-TAMANHO-EXATO-PARA-FOTOS-NO-SISTEMA-NOVO-19_2024-10-18_14-28-01_jpg_2024-10-18_14-28-01.webp.webp?fit=1200%2C675&ssl=1&resize=1050%2C600 3x"},"classes":[]},{"id":71743,"url":"https:\/\/ismaelcolosi.com.br\/index.php\/2024\/10\/17\/ribeirao-preto-recebe-festival-com-shows-de-di-ferrero-e-gabriel-o-pensador-veja-a-programacao\/","url_meta":{"origin":71899,"position":1},"title":"Ribeir\u00e3o Preto recebe festival com shows de Di Ferrero e Gabriel O Pensador; Veja a programa\u00e7\u00e3o","author":"ismaelcolosi.com.br","date":"17 de October de 2024","format":false,"excerpt":"Ribeir\u00e3o Preto recebe a segunda edi\u00e7\u00e3o do Pow Festival nos dias 19 e 20 de outubro, no espa\u00e7o A F\u00e1brica. A entrada para o evento \u00e9 gratuita e contar\u00e1 com shows de Di Ferrero e Gabriel O Pensador. O tema deste ano \u00e9 \u201cenergia da inova\u00e7\u00e3o para revolucionar\u201d. O festival\u2026","rel":"","context":"In &quot;Not\u00edcias de Ribeir\u00e3o Preto-SP e Regi\u00e3o&quot;","block_context":{"text":"Not\u00edcias de Ribeir\u00e3o Preto-SP e Regi\u00e3o","link":"https:\/\/ismaelcolosi.com.br\/index.php\/category\/noticias-de-ribeirao-preto-sp-e-regiao-ismael-colosi\/"},"img":{"alt_text":"","src":"https:\/\/i0.wp.com\/ismaelcolosi.com.br\/wp-content\/uploads\/2024\/10\/Copia-de-Copia-de-Copia-de-TAMANHO-EXATO-PARA-FOTOS-NO-SISTEMA-NOVO-17_2024-10-17_15-07-32_jpg_2024-10-17_15-07-32.webp.webp?fit=1200%2C675&ssl=1&resize=350%2C200","width":350,"height":200,"srcset":"https:\/\/i0.wp.com\/ismaelcolosi.com.br\/wp-content\/uploads\/2024\/10\/Copia-de-Copia-de-Copia-de-TAMANHO-EXATO-PARA-FOTOS-NO-SISTEMA-NOVO-17_2024-10-17_15-07-32_jpg_2024-10-17_15-07-32.webp.webp?fit=1200%2C675&ssl=1&resize=350%2C200 1x, https:\/\/i0.wp.com\/ismaelcolosi.com.br\/wp-content\/uploads\/2024\/10\/Copia-de-Copia-de-Copia-de-TAMANHO-EXATO-PARA-FOTOS-NO-SISTEMA-NOVO-17_2024-10-17_15-07-32_jpg_2024-10-17_15-07-32.webp.webp?fit=1200%2C675&ssl=1&resize=525%2C300 1.5x, https:\/\/i0.wp.com\/ismaelcolosi.com.br\/wp-content\/uploads\/2024\/10\/Copia-de-Copia-de-Copia-de-TAMANHO-EXATO-PARA-FOTOS-NO-SISTEMA-NOVO-17_2024-10-17_15-07-32_jpg_2024-10-17_15-07-32.webp.webp?fit=1200%2C675&ssl=1&resize=700%2C400 2x, https:\/\/i0.wp.com\/ismaelcolosi.com.br\/wp-content\/uploads\/2024\/10\/Copia-de-Copia-de-Copia-de-TAMANHO-EXATO-PARA-FOTOS-NO-SISTEMA-NOVO-17_2024-10-17_15-07-32_jpg_2024-10-17_15-07-32.webp.webp?fit=1200%2C675&ssl=1&resize=1050%2C600 3x"},"classes":[]},{"id":49346,"url":"https:\/\/ismaelcolosi.com.br\/index.php\/2024\/05\/10\/o-que-fazer-em-ribeirao-preto-programacao-do-final-de-semana-tem-di-ferrero-veigh-e-titas\/","url_meta":{"origin":71899,"position":2},"title":"O que fazer em Ribeir\u00e3o Preto? Programa\u00e7\u00e3o do final de semana tem Di Ferrero, Veigh e Tit\u00e3s","author":"ismaelcolosi.com.br","date":"10 de May de 2024","format":false,"excerpt":"O final de semana conta com uma programa\u00e7\u00e3o cultural para quem n\u00e3o quer ficar em casa. Di Ferrero, Veigh, Tit\u00e3s e at\u00e9 mesmo um tributo ao rei do pop, Michael Jackson s\u00e3o alguns dos nomes que chegam a Ribeir\u00e3o Preto. Veja o que fazer neste final de semana em Ribeir\u00e3o:\u2026","rel":"","context":"In &quot;Not\u00edcias de Ribeir\u00e3o Preto-SP e Regi\u00e3o&quot;","block_context":{"text":"Not\u00edcias de Ribeir\u00e3o Preto-SP e Regi\u00e3o","link":"https:\/\/ismaelcolosi.com.br\/index.php\/category\/noticias-de-ribeirao-preto-sp-e-regiao-ismael-colosi\/"},"img":{"alt_text":"","src":"https:\/\/i0.wp.com\/ismaelcolosi.com.br\/wp-content\/uploads\/2024\/05\/titas-veigh-di-ferrero-ribeirao-preto_2024-05-10_13-14-27_jpeg_2024-05-10_13-14-27.webp.webp?fit=1200%2C675&ssl=1&resize=350%2C200","width":350,"height":200,"srcset":"https:\/\/i0.wp.com\/ismaelcolosi.com.br\/wp-content\/uploads\/2024\/05\/titas-veigh-di-ferrero-ribeirao-preto_2024-05-10_13-14-27_jpeg_2024-05-10_13-14-27.webp.webp?fit=1200%2C675&ssl=1&resize=350%2C200 1x, https:\/\/i0.wp.com\/ismaelcolosi.com.br\/wp-content\/uploads\/2024\/05\/titas-veigh-di-ferrero-ribeirao-preto_2024-05-10_13-14-27_jpeg_2024-05-10_13-14-27.webp.webp?fit=1200%2C675&ssl=1&resize=525%2C300 1.5x, https:\/\/i0.wp.com\/ismaelcolosi.com.br\/wp-content\/uploads\/2024\/05\/titas-veigh-di-ferrero-ribeirao-preto_2024-05-10_13-14-27_jpeg_2024-05-10_13-14-27.webp.webp?fit=1200%2C675&ssl=1&resize=700%2C400 2x, https:\/\/i0.wp.com\/ismaelcolosi.com.br\/wp-content\/uploads\/2024\/05\/titas-veigh-di-ferrero-ribeirao-preto_2024-05-10_13-14-27_jpeg_2024-05-10_13-14-27.webp.webp?fit=1200%2C675&ssl=1&resize=1050%2C600 3x"},"classes":[]},{"id":68550,"url":"https:\/\/ismaelcolosi.com.br\/index.php\/2024\/09\/30\/di-ferrero-volta-para-ribeirao-preto-com-show-gratuito-veja-quando\/","url_meta":{"origin":71899,"position":3},"title":"Di Ferrero volta para Ribeir\u00e3o Preto com show gratuito; Veja quando","author":"ismaelcolosi.com.br","date":"30 de September de 2024","format":false,"excerpt":"O cantor Di Ferrero retorna para Ribeir\u00e3o Preto no dia 19 de outubro, a partir das 17h, para uma apresenta\u00e7\u00e3o gratuita \u2013 veja como retirar o ingresso abaixo. O cantor se apresentou em agosto no munic\u00edpio. A apresenta\u00e7\u00e3o do artista faz parte da 2\u00aa edi\u00e7\u00e3o do Pow Festival. Al\u00e9m de\u2026","rel":"","context":"In &quot;Not\u00edcias de Ribeir\u00e3o Preto-SP e Regi\u00e3o&quot;","block_context":{"text":"Not\u00edcias de Ribeir\u00e3o Preto-SP e Regi\u00e3o","link":"https:\/\/ismaelcolosi.com.br\/index.php\/category\/noticias-de-ribeirao-preto-sp-e-regiao-ismael-colosi\/"},"img":{"alt_text":"","src":"https:\/\/i0.wp.com\/ismaelcolosi.com.br\/wp-content\/uploads\/2024\/09\/Copia-de-Copia-de-Copia-de-TAMANHO-EXATO-PARA-FOTOS-NO-SISTEMA-NOVO-83_2024-09-30_20-46-37_png_2024-09-30_20-46-37.webp.webp?fit=1200%2C675&ssl=1&resize=350%2C200","width":350,"height":200,"srcset":"https:\/\/i0.wp.com\/ismaelcolosi.com.br\/wp-content\/uploads\/2024\/09\/Copia-de-Copia-de-Copia-de-TAMANHO-EXATO-PARA-FOTOS-NO-SISTEMA-NOVO-83_2024-09-30_20-46-37_png_2024-09-30_20-46-37.webp.webp?fit=1200%2C675&ssl=1&resize=350%2C200 1x, https:\/\/i0.wp.com\/ismaelcolosi.com.br\/wp-content\/uploads\/2024\/09\/Copia-de-Copia-de-Copia-de-TAMANHO-EXATO-PARA-FOTOS-NO-SISTEMA-NOVO-83_2024-09-30_20-46-37_png_2024-09-30_20-46-37.webp.webp?fit=1200%2C675&ssl=1&resize=525%2C300 1.5x, https:\/\/i0.wp.com\/ismaelcolosi.com.br\/wp-content\/uploads\/2024\/09\/Copia-de-Copia-de-Copia-de-TAMANHO-EXATO-PARA-FOTOS-NO-SISTEMA-NOVO-83_2024-09-30_20-46-37_png_2024-09-30_20-46-37.webp.webp?fit=1200%2C675&ssl=1&resize=700%2C400 2x, https:\/\/i0.wp.com\/ismaelcolosi.com.br\/wp-content\/uploads\/2024\/09\/Copia-de-Copia-de-Copia-de-TAMANHO-EXATO-PARA-FOTOS-NO-SISTEMA-NOVO-83_2024-09-30_20-46-37_png_2024-09-30_20-46-37.webp.webp?fit=1200%2C675&ssl=1&resize=1050%2C600 3x"},"classes":[]},{"id":54050,"url":"https:\/\/ismaelcolosi.com.br\/index.php\/2024\/06\/21\/raimundos-e-encontro-de-fuscas-veja-a-programacao-do-fim-de-semana-em-ribeirao\/","url_meta":{"origin":71899,"position":4},"title":"Raimundos e Encontro de Fuscas: Veja a programa\u00e7\u00e3o do fim de semana em Ribeir\u00e3o","author":"ismaelcolosi.com.br","date":"21 de June de 2024","format":false,"excerpt":"A programa\u00e7\u00e3o cultural deste fim de semana em Ribeir\u00e3o Preto recebe atividades para toda curtir com a fam\u00edlia e amigos, al\u00e9m de diversos eventos gratuitos. Entre os destaques est\u00e3o: Show do Raimundos e Encontro de Fuscas. Confira o que fazer neste fim de semana em Ribeir\u00e3o Preto: Raimundos A banda\u2026","rel":"","context":"In &quot;Not\u00edcias de Ribeir\u00e3o Preto-SP e Regi\u00e3o&quot;","block_context":{"text":"Not\u00edcias de Ribeir\u00e3o Preto-SP e Regi\u00e3o","link":"https:\/\/ismaelcolosi.com.br\/index.php\/category\/noticias-de-ribeirao-preto-sp-e-regiao-ismael-colosi\/"},"img":{"alt_text":"","src":"https:\/\/i0.wp.com\/ismaelcolosi.com.br\/wp-content\/uploads\/2024\/06\/Copia-de-Copia-de-TAMANHO-EXATO-PARA-FOTOS-NO-SISTEMA-NOVO-15_2024-06-21_12-55-47_jpg_2024-06-21_12-55-47.webp.webp?fit=1200%2C675&ssl=1&resize=350%2C200","width":350,"height":200,"srcset":"https:\/\/i0.wp.com\/ismaelcolosi.com.br\/wp-content\/uploads\/2024\/06\/Copia-de-Copia-de-TAMANHO-EXATO-PARA-FOTOS-NO-SISTEMA-NOVO-15_2024-06-21_12-55-47_jpg_2024-06-21_12-55-47.webp.webp?fit=1200%2C675&ssl=1&resize=350%2C200 1x, https:\/\/i0.wp.com\/ismaelcolosi.com.br\/wp-content\/uploads\/2024\/06\/Copia-de-Copia-de-TAMANHO-EXATO-PARA-FOTOS-NO-SISTEMA-NOVO-15_2024-06-21_12-55-47_jpg_2024-06-21_12-55-47.webp.webp?fit=1200%2C675&ssl=1&resize=525%2C300 1.5x, https:\/\/i0.wp.com\/ismaelcolosi.com.br\/wp-content\/uploads\/2024\/06\/Copia-de-Copia-de-TAMANHO-EXATO-PARA-FOTOS-NO-SISTEMA-NOVO-15_2024-06-21_12-55-47_jpg_2024-06-21_12-55-47.webp.webp?fit=1200%2C675&ssl=1&resize=700%2C400 2x, https:\/\/i0.wp.com\/ismaelcolosi.com.br\/wp-content\/uploads\/2024\/06\/Copia-de-Copia-de-TAMANHO-EXATO-PARA-FOTOS-NO-SISTEMA-NOVO-15_2024-06-21_12-55-47_jpg_2024-06-21_12-55-47.webp.webp?fit=1200%2C675&ssl=1&resize=1050%2C600 3x"},"classes":[]},{"id":65720,"url":"https:\/\/ismaelcolosi.com.br\/index.php\/2024\/09\/13\/rp-folia-festival-de-cerveja-e-shows-de-comedia-veja-a-programacao-do-fim-de-semana-em-ribeirao\/","url_meta":{"origin":71899,"position":5},"title":"RP Folia, festival de cerveja e shows de com\u00e9dia: Veja a programa\u00e7\u00e3o do fim de semana em Ribeir\u00e3o","author":"ismaelcolosi.com.br","date":"13 de September de 2024","format":false,"excerpt":"Para quem n\u00e3o gosta de ficar parado no fim de semana, Ribeir\u00e3o Preto conta com uma programa\u00e7\u00e3o agitada. Entre os destaques est\u00e3o A micareta fora de \u00e9poca com RP Folia, show de F\u00e1bio Jr, a primeira edi\u00e7\u00e3o do festival de rock Tribos Rock Fest, festival de cerveja e shows de\u2026","rel":"","context":"In &quot;Not\u00edcias de Ribeir\u00e3o Preto-SP e Regi\u00e3o&quot;","block_context":{"text":"Not\u00edcias de Ribeir\u00e3o Preto-SP e Regi\u00e3o","link":"https:\/\/ismaelcolosi.com.br\/index.php\/category\/noticias-de-ribeirao-preto-sp-e-regiao-ismael-colosi\/"},"img":{"alt_text":"","src":"https:\/\/i0.wp.com\/ismaelcolosi.com.br\/wp-content\/uploads\/2024\/09\/bell-marques_2024-09-13_15-25-54_jpg_2024-09-13_15-25-54.webp.webp?fit=1200%2C874&ssl=1&resize=350%2C200","width":350,"height":200,"srcset":"https:\/\/i0.wp.com\/ismaelcolosi.com.br\/wp-content\/uploads\/2024\/09\/bell-marques_2024-09-13_15-25-54_jpg_2024-09-13_15-25-54.webp.webp?fit=1200%2C874&ssl=1&resize=350%2C200 1x, https:\/\/i0.wp.com\/ismaelcolosi.com.br\/wp-content\/uploads\/2024\/09\/bell-marques_2024-09-13_15-25-54_jpg_2024-09-13_15-25-54.webp.webp?fit=1200%2C874&ssl=1&resize=525%2C300 1.5x, https:\/\/i0.wp.com\/ismaelcolosi.com.br\/wp-content\/uploads\/2024\/09\/bell-marques_2024-09-13_15-25-54_jpg_2024-09-13_15-25-54.webp.webp?fit=1200%2C874&ssl=1&resize=700%2C400 2x, https:\/\/i0.wp.com\/ismaelcolosi.com.br\/wp-content\/uploads\/2024\/09\/bell-marques_2024-09-13_15-25-54_jpg_2024-09-13_15-25-54.webp.webp?fit=1200%2C874&ssl=1&resize=1050%2C600 3x"},"classes":[]}],"jetpack_sharing_enabled":true,"jetpack_shortlink":"https:\/\/wp.me\/pfMlyK-iHF","_links":{"self":[{"href":"https:\/\/ismaelcolosi.com.br\/index.php\/wp-json\/wp\/v2\/posts\/71899","targetHints":{"allow":["GET"]}}],"collection":[{"href":"https:\/\/ismaelcolosi.com.br\/index.php\/wp-json\/wp\/v2\/posts"}],"about":[{"href":"https:\/\/ismaelcolosi.com.br\/index.php\/wp-json\/wp\/v2\/types\/post"}],"author":[{"embeddable":true,"href":"https:\/\/ismaelcolosi.com.br\/index.php\/wp-json\/wp\/v2\/users\/1"}],"replies":[{"embeddable":true,"href":"https:\/\/ismaelcolosi.com.br\/index.php\/wp-json\/wp\/v2\/comments?post=71899"}],"version-history":[{"count":0,"href":"https:\/\/ismaelcolosi.com.br\/index.php\/wp-json\/wp\/v2\/posts\/71899\/revisions"}],"wp:featuredmedia":[{"embeddable":true,"href":"https:\/\/ismaelcolosi.com.br\/index.php\/wp-json\/wp\/v2\/media\/71900"}],"wp:attachment":[{"href":"https:\/\/ismaelcolosi.com.br\/index.php\/wp-json\/wp\/v2\/media?parent=71899"}],"wp:term":[{"taxonomy":"category","embeddable":true,"href":"https:\/\/ismaelcolosi.com.br\/index.php\/wp-json\/wp\/v2\/categories?post=71899"},{"taxonomy":"post_tag","embeddable":true,"href":"https:\/\/ismaelcolosi.com.br\/index.php\/wp-json\/wp\/v2\/tags?post=71899"}],"curies":[{"name":"wp","href":"https:\/\/api.w.org\/{rel}","templated":true}]}}