{"id":71895,"date":"2024-10-18T12:15:48","date_gmt":"2024-10-18T15:15:48","guid":{"rendered":"https:\/\/ismaelcolosi.com.br\/index.php\/2024\/10\/18\/praca-de-ribeirao-preto-recebe-feira-de-artesanato-no-fim-de-semana\/"},"modified":"2024-10-18T12:15:48","modified_gmt":"2024-10-18T15:15:48","slug":"praca-de-ribeirao-preto-recebe-feira-de-artesanato-no-fim-de-semana","status":"publish","type":"post","link":"https:\/\/ismaelcolosi.com.br\/index.php\/2024\/10\/18\/praca-de-ribeirao-preto-recebe-feira-de-artesanato-no-fim-de-semana\/","title":{"rendered":"Pra\u00e7a de Ribeir\u00e3o Preto recebe feira de artesanato no fim de semana"},"content":{"rendered":"<p> <br \/>\n<\/p>\n<div data-td-block-uid=\"tdi_106\">\n<div class=\"tdb-block-inner td-fix-index\">\n<p>A pra\u00e7a Jos\u00e9 Mortari, na Vila Tib\u00e9rio, zona Oeste de <strong>Ribeir\u00e3o Preto,<\/strong> recebe no <strong>domingo (20)<\/strong> uma <strong>Feira de Artesanato<\/strong> com <strong>70 expositores<\/strong>. O evento acontece a partir das <strong>9h<\/strong>, no cruzamento das ruas <strong>21 de Abril<\/strong> com a <strong>Monte Alverne<\/strong>. <mark style=\"background-color:#fcb900\" class=\"has-inline-color has-black-color\">A entrada \u00e9 gratuita.<\/mark><\/p>\n<p>A nova edi\u00e7\u00e3o da tradicional feira oferece aos visitantes op\u00e7\u00f5es de produtos de tric\u00f4, artes em madeira e vidro, esculturas, comidas artesanais, plantas, entre outras.<\/p>\n<p>O objetivo \u00e9 estimular a inclus\u00e3o produtiva para facilitar a inser\u00e7\u00e3o dos produtos no mercado, como forma de gerar renda para os trabalhadores.<\/p>\n<p>Al\u00e9m da mostra, haver\u00e1 as atividades do projeto \u201c<strong>Cultura em Todo Lugar<\/strong>\u201d, com atividades como m\u00fasica, dan\u00e7a, oficinas de desenho, pintura facial, atividades interativas e recreativas com o <strong>Viajando com as Hist\u00f3rias<\/strong>, brinquedos infl\u00e1veis e distribui\u00e7\u00e3o de pipoca.<\/p>\n<p><strong>Servi\u00e7o<\/strong><\/p>\n<p><strong>Feira de Artesanato <\/strong><\/p>\n<p><strong>Quando: <\/strong>20 de outubro, domingo <br \/><strong>Hor\u00e1rio:<\/strong> A partir das 9h <br \/><strong>Local:<\/strong> Pra\u00e7a Jos\u00e9 Mortari \u2013 no cruzamento das ruas 21 de Abril com a Monte Alverne, Vila Tib\u00e9rio<br \/><strong>Entrada gratuita<\/strong><\/p>\n<p>SAIBA MAIS<br \/>Festivais, m\u00fasica e teatro: Veja a agenda cultural do fim de semana em Ribeir\u00e3o Preto<\/p>\n<h4 class=\"wp-block-heading\"><strong>FIQUE ON<\/strong><\/h4>\n<p>Fique ligado em tudo que acontece em Ribeir\u00e3o Preto e regi\u00e3o. Siga os perfis do <strong>acidade on <\/strong>no <a href=\"https:\/\/www.instagram.com\/acidadeonribeirao\" target=\"_blank\" rel=\"noreferrer noopener\">Instagram<\/a> e no <a href=\"https:\/\/www.facebook.com\/acidadeonribeirao\" target=\"_blank\" rel=\"noreferrer noopener\">Facebook<\/a>.<\/p>\n<p>Receba not\u00edcias do <strong>acidade on<\/strong> no WhatsApp. Para entrar no grupo, basta <a href=\"https:\/\/chat.whatsapp.com\/Dtv9mxhy6V5BJBotM2OQ5k\" target=\"_blank\" rel=\"noreferrer noopener\">clicar aqui<\/a>.<\/p>\n<p>Fa\u00e7a uma den\u00fancia ou sugira uma reportagem sobre Ribeir\u00e3o Preto e regi\u00e3o pelo WhatsApp: 16 99117 7802.<\/p>\n<p>VEJA TAMB\u00c9M<br \/>Quem \u00e9 Tertuliana Lustosa?<\/p>\n<p><!-- CONTENT END 1 -->\n<\/div>\n<\/div>\n<p><script async src=\"\/\/www.instagram.com\/embed.js\"><\/script><br \/>\n<br \/><br \/>\n<br \/><a href=\"https:\/\/www.acidadeon.com\/ribeiraopreto\/lazer-e-cultura\/praca-de-ribeirao-preto-recebe-feira-de-artesanato-no-fim-de-semana\/\">Source link <\/a><\/p>\n","protected":false},"excerpt":{"rendered":"<p>A pra\u00e7a Jos\u00e9 Mortari, na Vila Tib\u00e9rio, zona Oeste de Ribeir\u00e3o Preto, recebe no domingo (20) uma Feira de Artesanato com 70 expositores. O evento&#8230;<\/p>\n","protected":false},"author":1,"featured_media":71896,"comment_status":"open","ping_status":"open","sticky":false,"template":"","format":"standard","meta":{"_uag_custom_page_level_css":"","advanced_seo_description":"","jetpack_seo_html_title":"","jetpack_seo_noindex":false,"jetpack_post_was_ever_published":false,"_jetpack_newsletter_access":"","_jetpack_dont_email_post_to_subs":false,"_jetpack_newsletter_tier_id":0,"_jetpack_memberships_contains_paywalled_content":false,"_jetpack_memberships_contains_paid_content":false,"footnotes":"","jetpack_publicize_message":"","jetpack_publicize_feature_enabled":true,"jetpack_social_post_already_shared":true,"jetpack_social_options":{"image_generator_settings":{"template":"highway","default_image_id":0,"font":"","enabled":false},"version":2}},"categories":[11],"tags":[],"class_list":["post-71895","post","type-post","status-publish","format-standard","has-post-thumbnail","hentry","category-noticias-de-ribeirao-preto-sp-e-regiao-ismael-colosi"],"jetpack_publicize_connections":[],"jetpack_featured_media_url":"https:\/\/i0.wp.com\/ismaelcolosi.com.br\/wp-content\/uploads\/2024\/10\/Copia-de-Copia-de-Copia-de-TAMANHO-EXATO-PARA-FOTOS-NO-SISTEMA-NOVO-21_2024-10-18_15-00-14_jpg_2024-10-18_15-00-14.webp.webp?fit=1200%2C675&ssl=1","uagb_featured_image_src":{"full":["https:\/\/i0.wp.com\/ismaelcolosi.com.br\/wp-content\/uploads\/2024\/10\/Copia-de-Copia-de-Copia-de-TAMANHO-EXATO-PARA-FOTOS-NO-SISTEMA-NOVO-21_2024-10-18_15-00-14_jpg_2024-10-18_15-00-14.webp.webp?fit=1200%2C675&ssl=1",1200,675,false],"thumbnail":["https:\/\/i0.wp.com\/ismaelcolosi.com.br\/wp-content\/uploads\/2024\/10\/Copia-de-Copia-de-Copia-de-TAMANHO-EXATO-PARA-FOTOS-NO-SISTEMA-NOVO-21_2024-10-18_15-00-14_jpg_2024-10-18_15-00-14.webp.webp?resize=150%2C150&ssl=1",150,150,true],"medium":["https:\/\/i0.wp.com\/ismaelcolosi.com.br\/wp-content\/uploads\/2024\/10\/Copia-de-Copia-de-Copia-de-TAMANHO-EXATO-PARA-FOTOS-NO-SISTEMA-NOVO-21_2024-10-18_15-00-14_jpg_2024-10-18_15-00-14.webp.webp?fit=300%2C169&ssl=1",300,169,true],"medium_large":["https:\/\/i0.wp.com\/ismaelcolosi.com.br\/wp-content\/uploads\/2024\/10\/Copia-de-Copia-de-Copia-de-TAMANHO-EXATO-PARA-FOTOS-NO-SISTEMA-NOVO-21_2024-10-18_15-00-14_jpg_2024-10-18_15-00-14.webp.webp?fit=768%2C432&ssl=1",768,432,true],"large":["https:\/\/i0.wp.com\/ismaelcolosi.com.br\/wp-content\/uploads\/2024\/10\/Copia-de-Copia-de-Copia-de-TAMANHO-EXATO-PARA-FOTOS-NO-SISTEMA-NOVO-21_2024-10-18_15-00-14_jpg_2024-10-18_15-00-14.webp.webp?fit=1024%2C576&ssl=1",1024,576,true],"1536x1536":["https:\/\/i0.wp.com\/ismaelcolosi.com.br\/wp-content\/uploads\/2024\/10\/Copia-de-Copia-de-Copia-de-TAMANHO-EXATO-PARA-FOTOS-NO-SISTEMA-NOVO-21_2024-10-18_15-00-14_jpg_2024-10-18_15-00-14.webp.webp?fit=1200%2C675&ssl=1",1200,675,true],"2048x2048":["https:\/\/i0.wp.com\/ismaelcolosi.com.br\/wp-content\/uploads\/2024\/10\/Copia-de-Copia-de-Copia-de-TAMANHO-EXATO-PARA-FOTOS-NO-SISTEMA-NOVO-21_2024-10-18_15-00-14_jpg_2024-10-18_15-00-14.webp.webp?fit=1200%2C675&ssl=1",1200,675,true],"really-simple-thumb":["https:\/\/i0.wp.com\/ismaelcolosi.com.br\/wp-content\/uploads\/2024\/10\/Copia-de-Copia-de-Copia-de-TAMANHO-EXATO-PARA-FOTOS-NO-SISTEMA-NOVO-21_2024-10-18_15-00-14_jpg_2024-10-18_15-00-14.webp.webp?resize=370%2C247&ssl=1",370,247,true]},"uagb_author_info":{"display_name":"ismaelcolosi.com.br","author_link":"https:\/\/ismaelcolosi.com.br\/index.php\/author\/vidareal-online\/"},"uagb_comment_info":0,"uagb_excerpt":"A pra\u00e7a Jos\u00e9 Mortari, na Vila Tib\u00e9rio, zona Oeste de Ribeir\u00e3o Preto, recebe no domingo (20) uma Feira de Artesanato com 70 expositores. O evento...","jetpack-related-posts":[{"id":12148,"url":"https:\/\/ismaelcolosi.com.br\/index.php\/2023\/12\/07\/ribeirao-preto-tem-feira-de-artesanato-com-food-truck-e-musica\/","url_meta":{"origin":71895,"position":0},"title":"Ribeir\u00e3o Preto tem feira de artesanato com food truck e m\u00fasica\u00a0","author":"ismaelcolosi.com.br","date":"7 de December de 2023","format":false,"excerpt":"Ribeir\u00e3o Preto recebe, neste s\u00e1bado (9), a 3\u00b0 edi\u00e7\u00e3o da Feira de Artesanato e Produtos Regionais, na Pra\u00e7a Sete de Setembro, no Centro de Ribeir\u00e3o Preto. \u00a0 O evento \u00e9 aberto ao p\u00fablico e acontece das 9h \u00e0s 17h com produtos locais e regionais de 200 expositores. \u00a0 Feira de\u2026","rel":"","context":"In &quot;Not\u00edcias de Ribeir\u00e3o Preto-SP e Regi\u00e3o&quot;","block_context":{"text":"Not\u00edcias de Ribeir\u00e3o Preto-SP e Regi\u00e3o","link":"https:\/\/ismaelcolosi.com.br\/index.php\/category\/noticias-de-ribeirao-preto-sp-e-regiao-ismael-colosi\/"},"img":{"alt_text":"","src":"https:\/\/i0.wp.com\/ismaelcolosi.com.br\/wp-content\/uploads\/2023\/12\/ribeirao_preto_sedia_a_3_feira_regional_de_artesanato_e_produtos_regionais_1.jpeg?fit=1200%2C801&ssl=1&resize=350%2C200","width":350,"height":200,"srcset":"https:\/\/i0.wp.com\/ismaelcolosi.com.br\/wp-content\/uploads\/2023\/12\/ribeirao_preto_sedia_a_3_feira_regional_de_artesanato_e_produtos_regionais_1.jpeg?fit=1200%2C801&ssl=1&resize=350%2C200 1x, https:\/\/i0.wp.com\/ismaelcolosi.com.br\/wp-content\/uploads\/2023\/12\/ribeirao_preto_sedia_a_3_feira_regional_de_artesanato_e_produtos_regionais_1.jpeg?fit=1200%2C801&ssl=1&resize=525%2C300 1.5x, https:\/\/i0.wp.com\/ismaelcolosi.com.br\/wp-content\/uploads\/2023\/12\/ribeirao_preto_sedia_a_3_feira_regional_de_artesanato_e_produtos_regionais_1.jpeg?fit=1200%2C801&ssl=1&resize=700%2C400 2x, https:\/\/i0.wp.com\/ismaelcolosi.com.br\/wp-content\/uploads\/2023\/12\/ribeirao_preto_sedia_a_3_feira_regional_de_artesanato_e_produtos_regionais_1.jpeg?fit=1200%2C801&ssl=1&resize=1050%2C600 3x"},"classes":[]},{"id":1340,"url":"https:\/\/ismaelcolosi.com.br\/index.php\/2023\/11\/11\/praca-de-ribeirao-preto-tem-feira-com-artesanato-musica-e-danca\/","url_meta":{"origin":71895,"position":1},"title":"Pra\u00e7a de Ribeir\u00e3o Preto tem feira com artesanato, m\u00fasica e dan\u00e7a","author":"ismaelcolosi.com.br","date":"11 de November de 2023","format":false,"excerpt":"Neste domingo (12), a partir das 9h, a pra\u00e7a Jos\u00e9 Mortari (entre as ruas Padre Anchieta, Dois de Julho, 21 de abril e Monte Alverne), na Vila Tib\u00e9rio, zona Oeste de Ribeir\u00e3o Preto, ser\u00e1 palco da Feira de Artesanato com cerca de 70 expositores. \u201cPara estimular a economia criativa na\u2026","rel":"","context":"In &quot;Not\u00edcias de Ribeir\u00e3o Preto-SP e Regi\u00e3o&quot;","block_context":{"text":"Not\u00edcias de Ribeir\u00e3o Preto-SP e Regi\u00e3o","link":"https:\/\/ismaelcolosi.com.br\/index.php\/category\/noticias-de-ribeirao-preto-sp-e-regiao-ismael-colosi\/"},"img":{"alt_text":"","src":"https:\/\/i0.wp.com\/ismaelcolosi.com.br\/wp-content\/uploads\/2023\/11\/feira_jose_mortari_1.jpeg?fit=900%2C637&ssl=1&resize=350%2C200","width":350,"height":200,"srcset":"https:\/\/i0.wp.com\/ismaelcolosi.com.br\/wp-content\/uploads\/2023\/11\/feira_jose_mortari_1.jpeg?fit=900%2C637&ssl=1&resize=350%2C200 1x, https:\/\/i0.wp.com\/ismaelcolosi.com.br\/wp-content\/uploads\/2023\/11\/feira_jose_mortari_1.jpeg?fit=900%2C637&ssl=1&resize=525%2C300 1.5x, https:\/\/i0.wp.com\/ismaelcolosi.com.br\/wp-content\/uploads\/2023\/11\/feira_jose_mortari_1.jpeg?fit=900%2C637&ssl=1&resize=700%2C400 2x"},"classes":[]},{"id":37583,"url":"https:\/\/ismaelcolosi.com.br\/index.php\/2024\/02\/16\/praca-de-ribeirao-preto-tem-feira-com-artesanato-e-exposicao-de-carros-antigos\/","url_meta":{"origin":71895,"position":2},"title":"Pra\u00e7a de Ribeir\u00e3o Preto tem feira com artesanato e exposi\u00e7\u00e3o de carros antigos","author":"ismaelcolosi.com.br","date":"16 de February de 2024","format":false,"excerpt":"Ribeir\u00e3o Preto recebe, neste domingo (18), mais uma Feira de Artesanato na pra\u00e7a Jos\u00e9 Mortari, entre as ruas Padre Anchieta, Dois de Julho, 21 de Abril e Monte Alverne, na Vila Tib\u00e9rio. O evento gratuito come\u00e7a \u00e0s 9h e vai reunir cerca de 70 artes\u00e3os. Al\u00e9m dos trabalhos manuais, a\u2026","rel":"","context":"In &quot;Not\u00edcias de Ribeir\u00e3o Preto-SP e Regi\u00e3o&quot;","block_context":{"text":"Not\u00edcias de Ribeir\u00e3o Preto-SP e Regi\u00e3o","link":"https:\/\/ismaelcolosi.com.br\/index.php\/category\/noticias-de-ribeirao-preto-sp-e-regiao-ismael-colosi\/"},"img":{"alt_text":"","src":"https:\/\/i0.wp.com\/ismaelcolosi.com.br\/wp-content\/uploads\/2024\/02\/WhatsApp-Image-2024-01-17-at-17.46.28.jpeg?fit=1200%2C675&ssl=1&resize=350%2C200","width":350,"height":200,"srcset":"https:\/\/i0.wp.com\/ismaelcolosi.com.br\/wp-content\/uploads\/2024\/02\/WhatsApp-Image-2024-01-17-at-17.46.28.jpeg?fit=1200%2C675&ssl=1&resize=350%2C200 1x, https:\/\/i0.wp.com\/ismaelcolosi.com.br\/wp-content\/uploads\/2024\/02\/WhatsApp-Image-2024-01-17-at-17.46.28.jpeg?fit=1200%2C675&ssl=1&resize=525%2C300 1.5x, https:\/\/i0.wp.com\/ismaelcolosi.com.br\/wp-content\/uploads\/2024\/02\/WhatsApp-Image-2024-01-17-at-17.46.28.jpeg?fit=1200%2C675&ssl=1&resize=700%2C400 2x, https:\/\/i0.wp.com\/ismaelcolosi.com.br\/wp-content\/uploads\/2024\/02\/WhatsApp-Image-2024-01-17-at-17.46.28.jpeg?fit=1200%2C675&ssl=1&resize=1050%2C600 3x"},"classes":[]},{"id":41099,"url":"https:\/\/ismaelcolosi.com.br\/index.php\/2024\/03\/06\/artesaos-vao-promover-quatro-feiras-em-marco\/","url_meta":{"origin":71895,"position":3},"title":"Artes\u00e3os v\u00e3o promover\u00a0quatro feiras em mar\u00e7o\u00a0","author":"ismaelcolosi.com.br","date":"6 de March de 2024","format":false,"excerpt":"6 de mar\u00e7o de 2024 | 16:006 de mar\u00e7o de 2024 | 12:23 0Com objetivo de apresentar os trabalhos desenvolvidos pelas v\u00e1rias associa\u00e7\u00f5es de artes\u00e3os de Ribeir\u00e3o Preto e celebrar o Dia do Artes\u00e3o e do Artesanato, comemorado oficialmente em 19 de mar\u00e7o, a Feira de Artesanato preparou uma s\u00e9rie\u2026","rel":"","context":"In &quot;Not\u00edcias de Ribeir\u00e3o Preto-SP e Regi\u00e3o&quot;","block_context":{"text":"Not\u00edcias de Ribeir\u00e3o Preto-SP e Regi\u00e3o","link":"https:\/\/ismaelcolosi.com.br\/index.php\/category\/noticias-de-ribeirao-preto-sp-e-regiao-ismael-colosi\/"},"img":{"alt_text":"","src":"https:\/\/i0.wp.com\/ismaelcolosi.com.br\/wp-content\/uploads\/2024\/03\/Artesaos-Divulgacao-02-scaled.jpg?fit=860%2C645&ssl=1&resize=350%2C200","width":350,"height":200,"srcset":"https:\/\/i0.wp.com\/ismaelcolosi.com.br\/wp-content\/uploads\/2024\/03\/Artesaos-Divulgacao-02-scaled.jpg?fit=860%2C645&ssl=1&resize=350%2C200 1x, https:\/\/i0.wp.com\/ismaelcolosi.com.br\/wp-content\/uploads\/2024\/03\/Artesaos-Divulgacao-02-scaled.jpg?fit=860%2C645&ssl=1&resize=525%2C300 1.5x, https:\/\/i0.wp.com\/ismaelcolosi.com.br\/wp-content\/uploads\/2024\/03\/Artesaos-Divulgacao-02-scaled.jpg?fit=860%2C645&ssl=1&resize=700%2C400 2x"},"classes":[]},{"id":52495,"url":"https:\/\/ismaelcolosi.com.br\/index.php\/2024\/06\/07\/bairro-tradicional-de-ribeirao-recebe-evento-cultural-em-comemoracao-ao-aniversario\/","url_meta":{"origin":71895,"position":4},"title":"Bairro tradicional de Ribeir\u00e3o recebe evento cultural em comemora\u00e7\u00e3o ao anivers\u00e1rio","author":"ismaelcolosi.com.br","date":"7 de June de 2024","format":false,"excerpt":"O projeto \u201cCultura em Todo Lugar\u201d ser\u00e1 realizado neste s\u00e1bado (8) e domingo (9), nas pra\u00e7as Cora\u00e7\u00e3o de Maria e Jos\u00e9 Mortari, respectivamente, em comemora\u00e7\u00e3o aos 131 anos da Vila Tib\u00e9rio, tradicional bairro na zona Oeste de Ribeir\u00e3o Preto. Todas as atra\u00e7\u00f5es s\u00e3o gratuitas e ser\u00e3o realizadas das 9h \u00e0s\u2026","rel":"","context":"In &quot;Not\u00edcias de Ribeir\u00e3o Preto-SP e Regi\u00e3o&quot;","block_context":{"text":"Not\u00edcias de Ribeir\u00e3o Preto-SP e Regi\u00e3o","link":"https:\/\/ismaelcolosi.com.br\/index.php\/category\/noticias-de-ribeirao-preto-sp-e-regiao-ismael-colosi\/"},"img":{"alt_text":"","src":"https:\/\/i0.wp.com\/ismaelcolosi.com.br\/wp-content\/uploads\/2024\/06\/cultura_em_todo_lugar_3.jpg?fit=1200%2C882&ssl=1&resize=350%2C200","width":350,"height":200,"srcset":"https:\/\/i0.wp.com\/ismaelcolosi.com.br\/wp-content\/uploads\/2024\/06\/cultura_em_todo_lugar_3.jpg?fit=1200%2C882&ssl=1&resize=350%2C200 1x, https:\/\/i0.wp.com\/ismaelcolosi.com.br\/wp-content\/uploads\/2024\/06\/cultura_em_todo_lugar_3.jpg?fit=1200%2C882&ssl=1&resize=525%2C300 1.5x, https:\/\/i0.wp.com\/ismaelcolosi.com.br\/wp-content\/uploads\/2024\/06\/cultura_em_todo_lugar_3.jpg?fit=1200%2C882&ssl=1&resize=700%2C400 2x, https:\/\/i0.wp.com\/ismaelcolosi.com.br\/wp-content\/uploads\/2024\/06\/cultura_em_todo_lugar_3.jpg?fit=1200%2C882&ssl=1&resize=1050%2C600 3x"},"classes":[]},{"id":68639,"url":"https:\/\/ismaelcolosi.com.br\/index.php\/2024\/10\/01\/ribeirao-preto-recebe-feira-com-flores-musica-ao-vivo-e-praca-de-alimentacao\/","url_meta":{"origin":71895,"position":5},"title":"Ribeir\u00e3o Preto recebe feira com flores, m\u00fasica ao vivo e pra\u00e7a de alimenta\u00e7\u00e3o","author":"ismaelcolosi.com.br","date":"1 de October de 2024","format":false,"excerpt":"Ribeir\u00e3o Preto recebe nos dias 4 e 5 de outubro a nova edi\u00e7\u00e3o da Ceagesp em Flor. A feira conta com diversas atra\u00e7\u00f5es, entre elas flores, m\u00fasica ao vivo, pra\u00e7a de alimenta\u00e7\u00e3o e sorteio de brindes. A entrada \u00e9 gratuita. O evento acontece no Entreposto de Ribeir\u00e3o Preto, localizado na\u2026","rel":"","context":"In &quot;Not\u00edcias de Ribeir\u00e3o Preto-SP e Regi\u00e3o&quot;","block_context":{"text":"Not\u00edcias de Ribeir\u00e3o Preto-SP e Regi\u00e3o","link":"https:\/\/ismaelcolosi.com.br\/index.php\/category\/noticias-de-ribeirao-preto-sp-e-regiao-ismael-colosi\/"},"img":{"alt_text":"","src":"https:\/\/i0.wp.com\/ismaelcolosi.com.br\/wp-content\/uploads\/2024\/10\/2024-09-24-CEAGESP-EM-FLOR-RIBEIRAO-PRETO-4_2024-10-01_13-27-05_jpeg_2024-10-01_13-27-06.webp.webp?fit=1200%2C675&ssl=1&resize=350%2C200","width":350,"height":200,"srcset":"https:\/\/i0.wp.com\/ismaelcolosi.com.br\/wp-content\/uploads\/2024\/10\/2024-09-24-CEAGESP-EM-FLOR-RIBEIRAO-PRETO-4_2024-10-01_13-27-05_jpeg_2024-10-01_13-27-06.webp.webp?fit=1200%2C675&ssl=1&resize=350%2C200 1x, https:\/\/i0.wp.com\/ismaelcolosi.com.br\/wp-content\/uploads\/2024\/10\/2024-09-24-CEAGESP-EM-FLOR-RIBEIRAO-PRETO-4_2024-10-01_13-27-05_jpeg_2024-10-01_13-27-06.webp.webp?fit=1200%2C675&ssl=1&resize=525%2C300 1.5x, https:\/\/i0.wp.com\/ismaelcolosi.com.br\/wp-content\/uploads\/2024\/10\/2024-09-24-CEAGESP-EM-FLOR-RIBEIRAO-PRETO-4_2024-10-01_13-27-05_jpeg_2024-10-01_13-27-06.webp.webp?fit=1200%2C675&ssl=1&resize=700%2C400 2x, https:\/\/i0.wp.com\/ismaelcolosi.com.br\/wp-content\/uploads\/2024\/10\/2024-09-24-CEAGESP-EM-FLOR-RIBEIRAO-PRETO-4_2024-10-01_13-27-05_jpeg_2024-10-01_13-27-06.webp.webp?fit=1200%2C675&ssl=1&resize=1050%2C600 3x"},"classes":[]}],"jetpack_sharing_enabled":true,"jetpack_shortlink":"https:\/\/wp.me\/pfMlyK-iHB","_links":{"self":[{"href":"https:\/\/ismaelcolosi.com.br\/index.php\/wp-json\/wp\/v2\/posts\/71895","targetHints":{"allow":["GET"]}}],"collection":[{"href":"https:\/\/ismaelcolosi.com.br\/index.php\/wp-json\/wp\/v2\/posts"}],"about":[{"href":"https:\/\/ismaelcolosi.com.br\/index.php\/wp-json\/wp\/v2\/types\/post"}],"author":[{"embeddable":true,"href":"https:\/\/ismaelcolosi.com.br\/index.php\/wp-json\/wp\/v2\/users\/1"}],"replies":[{"embeddable":true,"href":"https:\/\/ismaelcolosi.com.br\/index.php\/wp-json\/wp\/v2\/comments?post=71895"}],"version-history":[{"count":0,"href":"https:\/\/ismaelcolosi.com.br\/index.php\/wp-json\/wp\/v2\/posts\/71895\/revisions"}],"wp:featuredmedia":[{"embeddable":true,"href":"https:\/\/ismaelcolosi.com.br\/index.php\/wp-json\/wp\/v2\/media\/71896"}],"wp:attachment":[{"href":"https:\/\/ismaelcolosi.com.br\/index.php\/wp-json\/wp\/v2\/media?parent=71895"}],"wp:term":[{"taxonomy":"category","embeddable":true,"href":"https:\/\/ismaelcolosi.com.br\/index.php\/wp-json\/wp\/v2\/categories?post=71895"},{"taxonomy":"post_tag","embeddable":true,"href":"https:\/\/ismaelcolosi.com.br\/index.php\/wp-json\/wp\/v2\/tags?post=71895"}],"curies":[{"name":"wp","href":"https:\/\/api.w.org\/{rel}","templated":true}]}}