{"id":71711,"date":"2024-10-17T15:11:51","date_gmt":"2024-10-17T18:11:51","guid":{"rendered":"https:\/\/ismaelcolosi.com.br\/index.php\/2024\/10\/17\/lauana-prado-e-a-atracao-desta-quinta-feira-em-rodeio-na-regiao-de-ribeirao\/"},"modified":"2024-10-17T15:11:51","modified_gmt":"2024-10-17T18:11:51","slug":"lauana-prado-e-a-atracao-desta-quinta-feira-em-rodeio-na-regiao-de-ribeirao","status":"publish","type":"post","link":"https:\/\/ismaelcolosi.com.br\/index.php\/2024\/10\/17\/lauana-prado-e-a-atracao-desta-quinta-feira-em-rodeio-na-regiao-de-ribeirao\/","title":{"rendered":"Lauana Prado \u00e9 a atra\u00e7\u00e3o desta quinta-feira em rodeio na regi\u00e3o de Ribeir\u00e3o"},"content":{"rendered":"<p> <br \/>\n<\/p>\n<div data-td-block-uid=\"tdi_106\">\n<div class=\"tdb-block-inner td-fix-index\">\n<p>Nesta quinta-feira (17), <strong>Lauana Prado<\/strong> sobe ao palco do <strong>est\u00e1dio Bela Vista<\/strong>, em <strong>Cravinhos<\/strong>, na regi\u00e3o de <strong>Ribeir\u00e3o Preto,<\/strong> para agitar<mark style=\"background-color:#ffffff\" class=\"has-inline-color\"> <\/mark><mark style=\"background-color:#fcb900\" class=\"has-inline-color\">a primeira noite do Cravinhos Rodeio Show.<\/mark><\/p>\n<p>A cantora sertaneja, que se tornou <strong>a artista mais ouvida do pa\u00eds no primeiro semestre de 2024<\/strong> e <strong>foi indicada pela quarta vez ao Grammy Latino,<\/strong> promete <mark style=\"background-color:#fcb900\" class=\"has-inline-color has-black-color\">um show com can\u00e7\u00f5es que marcaram seus 17 anos de carreira e releituras de m\u00fasicas sertanejas de sucesso.<\/mark><\/p>\n<h4 class=\"wp-block-heading\"><strong>Cravinhos Rodeio Show<\/strong>:<\/h4>\n<p>Al\u00e9m de shows, o evento ter\u00e1 disputas de montarias pela <strong>Liga Nacional de Rodeio<\/strong>, que vale vaga para <strong>Barretos 2025<\/strong> e uma <strong>prova cronometrada <\/strong>de <strong>Team Penning<\/strong>.<\/p>\n<h4 class=\"wp-block-heading\"><strong>Confira a programa\u00e7\u00e3o completa:<\/strong><\/h4>\n<ul>\n<li><strong>17 de outubro: <\/strong>Lauana Prado<\/li>\n<li><strong>18 de outubro: <\/strong>Hugo &amp; Gulherme<\/li>\n<li><strong>19 de outubro: <\/strong>Gustavo Mioto e Jiraya Uai<\/li>\n<\/ul>\n<p>Os ingressos podem ser comprados <strong>on-line (<a href=\"https:\/\/q2ingressos.com.br\/eventgroup\/cravinhos-rodeio-show\" target=\"_blank\" rel=\"noreferrer noopener\">clique aqui<\/a>)<\/strong> ou nos pontos de venda f\u00edsico, sendo o <strong>Transe Boutique e Posto Iguatemi<\/strong> em <strong>Cravinhos<\/strong>; na <strong>Chapelaria Garcia<\/strong> e <strong>Sergi Romero<\/strong> em <strong>Ribeir\u00e3o Preto<\/strong>, na loja <strong>Jocko\u2019s<\/strong> e na <strong>Digital Shopcell<\/strong> em <strong>Serrana<\/strong>. Os valores variam entre R$ 50 e R$ 270.<\/p>\n<p>SAIBA MAIS<br \/>Professor Emerson quer governo \u2018mais comprometido\u2019 no 2\u00ba mandato em Jaboticabal<\/p>\n<h4 class=\"wp-block-heading\"><strong>FIQUE ON<\/strong><\/h4>\n<p>Fique ligado em tudo que acontece em Ribeir\u00e3o Preto e regi\u00e3o. Siga os perfis do <strong>acidade on <\/strong>no <a href=\"https:\/\/www.instagram.com\/acidadeonribeirao\" target=\"_blank\" rel=\"noreferrer noopener\">Instagram<\/a> e no <a href=\"https:\/\/www.facebook.com\/acidadeonribeirao\" target=\"_blank\" rel=\"noreferrer noopener\">Facebook<\/a>.<\/p>\n<p>Receba not\u00edcias do acidade on no WhatsApp. Para entrar no grupo, basta <a href=\"https:\/\/chat.whatsapp.com\/Dtv9mxhy6V5BJBotM2OQ5k\" target=\"_blank\" rel=\"noreferrer noopener\">clicar aqui<\/a>.<\/p>\n<p>Fa\u00e7a uma den\u00fancia ou sugira uma reportagem sobre Ribeir\u00e3o Preto e regi\u00e3o pelo WhatsApp: 16 99117 7802.<\/p>\n<p>VEJA TAMB\u00c9M<br \/>Em qual hotel Liam Payne estava hospedado?<\/p>\n<p><!-- CONTENT END 1 -->\n<\/div>\n<\/div>\n<p><script async src=\"\/\/www.instagram.com\/embed.js\"><\/script><br \/>\n<br \/><br \/>\n<br \/><a href=\"https:\/\/www.acidadeon.com\/ribeiraopreto\/lazer-e-cultura\/lauana-prado-e-a-atracao-desta-quinta-feira-em-rodeio-na-regiao-de-ribeirao\/\">Source link <\/a><\/p>\n","protected":false},"excerpt":{"rendered":"<p>Nesta quinta-feira (17), Lauana Prado sobe ao palco do est\u00e1dio Bela Vista, em Cravinhos, na regi\u00e3o de Ribeir\u00e3o Preto, para agitar a primeira noite do&#8230;<\/p>\n","protected":false},"author":1,"featured_media":71712,"comment_status":"open","ping_status":"open","sticky":false,"template":"","format":"standard","meta":{"_uag_custom_page_level_css":"","advanced_seo_description":"","jetpack_seo_html_title":"","jetpack_seo_noindex":false,"jetpack_post_was_ever_published":false,"_jetpack_newsletter_access":"","_jetpack_dont_email_post_to_subs":false,"_jetpack_newsletter_tier_id":0,"_jetpack_memberships_contains_paywalled_content":false,"_jetpack_memberships_contains_paid_content":false,"footnotes":"","jetpack_publicize_message":"","jetpack_publicize_feature_enabled":true,"jetpack_social_post_already_shared":true,"jetpack_social_options":{"image_generator_settings":{"template":"highway","default_image_id":0,"font":"","enabled":false},"version":2}},"categories":[11],"tags":[],"class_list":["post-71711","post","type-post","status-publish","format-standard","has-post-thumbnail","hentry","category-noticias-de-ribeirao-preto-sp-e-regiao-ismael-colosi"],"jetpack_publicize_connections":[],"jetpack_featured_media_url":"https:\/\/i0.wp.com\/ismaelcolosi.com.br\/wp-content\/uploads\/2024\/10\/Copia-de-Copia-de-Copia-de-TAMANHO-EXATO-PARA-FOTOS-NO-SISTEMA-NOVO-21_2024-10-17_17-55-09_png_2024-10-17_17-55-10.webp.webp?fit=1200%2C675&ssl=1","uagb_featured_image_src":{"full":["https:\/\/i0.wp.com\/ismaelcolosi.com.br\/wp-content\/uploads\/2024\/10\/Copia-de-Copia-de-Copia-de-TAMANHO-EXATO-PARA-FOTOS-NO-SISTEMA-NOVO-21_2024-10-17_17-55-09_png_2024-10-17_17-55-10.webp.webp?fit=1200%2C675&ssl=1",1200,675,false],"thumbnail":["https:\/\/i0.wp.com\/ismaelcolosi.com.br\/wp-content\/uploads\/2024\/10\/Copia-de-Copia-de-Copia-de-TAMANHO-EXATO-PARA-FOTOS-NO-SISTEMA-NOVO-21_2024-10-17_17-55-09_png_2024-10-17_17-55-10.webp.webp?resize=150%2C150&ssl=1",150,150,true],"medium":["https:\/\/i0.wp.com\/ismaelcolosi.com.br\/wp-content\/uploads\/2024\/10\/Copia-de-Copia-de-Copia-de-TAMANHO-EXATO-PARA-FOTOS-NO-SISTEMA-NOVO-21_2024-10-17_17-55-09_png_2024-10-17_17-55-10.webp.webp?fit=300%2C169&ssl=1",300,169,true],"medium_large":["https:\/\/i0.wp.com\/ismaelcolosi.com.br\/wp-content\/uploads\/2024\/10\/Copia-de-Copia-de-Copia-de-TAMANHO-EXATO-PARA-FOTOS-NO-SISTEMA-NOVO-21_2024-10-17_17-55-09_png_2024-10-17_17-55-10.webp.webp?fit=768%2C432&ssl=1",768,432,true],"large":["https:\/\/i0.wp.com\/ismaelcolosi.com.br\/wp-content\/uploads\/2024\/10\/Copia-de-Copia-de-Copia-de-TAMANHO-EXATO-PARA-FOTOS-NO-SISTEMA-NOVO-21_2024-10-17_17-55-09_png_2024-10-17_17-55-10.webp.webp?fit=1024%2C576&ssl=1",1024,576,true],"1536x1536":["https:\/\/i0.wp.com\/ismaelcolosi.com.br\/wp-content\/uploads\/2024\/10\/Copia-de-Copia-de-Copia-de-TAMANHO-EXATO-PARA-FOTOS-NO-SISTEMA-NOVO-21_2024-10-17_17-55-09_png_2024-10-17_17-55-10.webp.webp?fit=1200%2C675&ssl=1",1200,675,true],"2048x2048":["https:\/\/i0.wp.com\/ismaelcolosi.com.br\/wp-content\/uploads\/2024\/10\/Copia-de-Copia-de-Copia-de-TAMANHO-EXATO-PARA-FOTOS-NO-SISTEMA-NOVO-21_2024-10-17_17-55-09_png_2024-10-17_17-55-10.webp.webp?fit=1200%2C675&ssl=1",1200,675,true],"really-simple-thumb":["https:\/\/i0.wp.com\/ismaelcolosi.com.br\/wp-content\/uploads\/2024\/10\/Copia-de-Copia-de-Copia-de-TAMANHO-EXATO-PARA-FOTOS-NO-SISTEMA-NOVO-21_2024-10-17_17-55-09_png_2024-10-17_17-55-10.webp.webp?resize=370%2C247&ssl=1",370,247,true]},"uagb_author_info":{"display_name":"ismaelcolosi.com.br","author_link":"https:\/\/ismaelcolosi.com.br\/index.php\/author\/vidareal-online\/"},"uagb_comment_info":0,"uagb_excerpt":"Nesta quinta-feira (17), Lauana Prado sobe ao palco do est\u00e1dio Bela Vista, em Cravinhos, na regi\u00e3o de Ribeir\u00e3o Preto, para agitar a primeira noite do...","jetpack-related-posts":[{"id":71240,"url":"https:\/\/ismaelcolosi.com.br\/index.php\/2024\/10\/15\/lauana-prado-e-gustavo-mioto-veja-atracoes-de-rodeio-na-regiao-de-ribeirao-preto\/","url_meta":{"origin":71711,"position":0},"title":"Lauana Prado e Gustavo Mioto: Veja atra\u00e7\u00f5es de rodeio na regi\u00e3o de Ribeir\u00e3o Preto","author":"ismaelcolosi.com.br","date":"15 de October de 2024","format":false,"excerpt":"Lauana Prado, Gustavo Mioto e outras atra\u00e7\u00f5es sobem ao palco do est\u00e1dio Bela Vista, em Cravinhos, na regi\u00e3o de Ribeir\u00e3o Preto, para agitar o Cravinhos Rodeio Show, que come\u00e7a nesta quinta-feira (17). Al\u00e9m de shows durante tr\u00eas noites, o Cravinhos Rodeio Show ter\u00e1 disputas de montarias pela Liga Nacional de\u2026","rel":"","context":"In &quot;Not\u00edcias de Ribeir\u00e3o Preto-SP e Regi\u00e3o&quot;","block_context":{"text":"Not\u00edcias de Ribeir\u00e3o Preto-SP e Regi\u00e3o","link":"https:\/\/ismaelcolosi.com.br\/index.php\/category\/noticias-de-ribeirao-preto-sp-e-regiao-ismael-colosi\/"},"img":{"alt_text":"","src":"https:\/\/i0.wp.com\/ismaelcolosi.com.br\/wp-content\/uploads\/2024\/10\/Copia-de-Copia-de-Copia-de-TAMANHO-EXATO-PARA-FOTOS-NO-SISTEMA-NOVO-21_2024-10-15_16-29-10_jpg_2024-10-15_16-29-10.webp.webp?fit=1200%2C675&ssl=1&resize=350%2C200","width":350,"height":200,"srcset":"https:\/\/i0.wp.com\/ismaelcolosi.com.br\/wp-content\/uploads\/2024\/10\/Copia-de-Copia-de-Copia-de-TAMANHO-EXATO-PARA-FOTOS-NO-SISTEMA-NOVO-21_2024-10-15_16-29-10_jpg_2024-10-15_16-29-10.webp.webp?fit=1200%2C675&ssl=1&resize=350%2C200 1x, https:\/\/i0.wp.com\/ismaelcolosi.com.br\/wp-content\/uploads\/2024\/10\/Copia-de-Copia-de-Copia-de-TAMANHO-EXATO-PARA-FOTOS-NO-SISTEMA-NOVO-21_2024-10-15_16-29-10_jpg_2024-10-15_16-29-10.webp.webp?fit=1200%2C675&ssl=1&resize=525%2C300 1.5x, https:\/\/i0.wp.com\/ismaelcolosi.com.br\/wp-content\/uploads\/2024\/10\/Copia-de-Copia-de-Copia-de-TAMANHO-EXATO-PARA-FOTOS-NO-SISTEMA-NOVO-21_2024-10-15_16-29-10_jpg_2024-10-15_16-29-10.webp.webp?fit=1200%2C675&ssl=1&resize=700%2C400 2x, https:\/\/i0.wp.com\/ismaelcolosi.com.br\/wp-content\/uploads\/2024\/10\/Copia-de-Copia-de-Copia-de-TAMANHO-EXATO-PARA-FOTOS-NO-SISTEMA-NOVO-21_2024-10-15_16-29-10_jpg_2024-10-15_16-29-10.webp.webp?fit=1200%2C675&ssl=1&resize=1050%2C600 3x"},"classes":[]},{"id":56044,"url":"https:\/\/ismaelcolosi.com.br\/index.php\/2024\/07\/08\/lauana-prado-cancela-show-em-rodeio-na-regiao-de-ribeirao-preto-saiba-o-motivo\/","url_meta":{"origin":71711,"position":1},"title":"Lauana Prado cancela show em rodeio na regi\u00e3o de Ribeir\u00e3o Preto; Saiba o motivo","author":"ismaelcolosi.com.br","date":"8 de July de 2024","format":false,"excerpt":"A cantora Lauana Prado cancelou o show que faria em Orl\u00e2ndia, na regi\u00e3o de Ribeir\u00e3o Preto, na noite desta segunda-feira (8). O motivo foi uma gastroenterite, de acordo um v\u00eddeo postado em uma rede social oficial da cantora, em que ela aparece explicando sobre o ocorrido. No v\u00eddeo, Lauana fala\u2026","rel":"","context":"In &quot;Not\u00edcias de Ribeir\u00e3o Preto-SP e Regi\u00e3o&quot;","block_context":{"text":"Not\u00edcias de Ribeir\u00e3o Preto-SP e Regi\u00e3o","link":"https:\/\/ismaelcolosi.com.br\/index.php\/category\/noticias-de-ribeirao-preto-sp-e-regiao-ismael-colosi\/"},"img":{"alt_text":"","src":"https:\/\/i0.wp.com\/ismaelcolosi.com.br\/wp-content\/uploads\/2024\/07\/Copia-de-Copia-de-TAMANHO-EXATO-PARA-FOTOS-NO-SISTEMA-NOVO-75.jpg?fit=1200%2C675&ssl=1&resize=350%2C200","width":350,"height":200,"srcset":"https:\/\/i0.wp.com\/ismaelcolosi.com.br\/wp-content\/uploads\/2024\/07\/Copia-de-Copia-de-TAMANHO-EXATO-PARA-FOTOS-NO-SISTEMA-NOVO-75.jpg?fit=1200%2C675&ssl=1&resize=350%2C200 1x, https:\/\/i0.wp.com\/ismaelcolosi.com.br\/wp-content\/uploads\/2024\/07\/Copia-de-Copia-de-TAMANHO-EXATO-PARA-FOTOS-NO-SISTEMA-NOVO-75.jpg?fit=1200%2C675&ssl=1&resize=525%2C300 1.5x, https:\/\/i0.wp.com\/ismaelcolosi.com.br\/wp-content\/uploads\/2024\/07\/Copia-de-Copia-de-TAMANHO-EXATO-PARA-FOTOS-NO-SISTEMA-NOVO-75.jpg?fit=1200%2C675&ssl=1&resize=700%2C400 2x, https:\/\/i0.wp.com\/ismaelcolosi.com.br\/wp-content\/uploads\/2024\/07\/Copia-de-Copia-de-TAMANHO-EXATO-PARA-FOTOS-NO-SISTEMA-NOVO-75.jpg?fit=1200%2C675&ssl=1&resize=1050%2C600 3x"},"classes":[]},{"id":55641,"url":"https:\/\/ismaelcolosi.com.br\/index.php\/2024\/07\/04\/ana-castela-abre-programacao-musical-em-rodeio-na-regiao-de-ribeirao-preto\/","url_meta":{"origin":71711,"position":2},"title":"Ana Castela abre programa\u00e7\u00e3o musical em rodeio na regi\u00e3o de Ribeir\u00e3o Preto","author":"ismaelcolosi.com.br","date":"4 de July de 2024","format":false,"excerpt":"A cantora sertaneja, Ana Castela, abre a programa\u00e7\u00e3o musical do \u201cOrl\u00e2ndia Rodeo Music\u201d, que come\u00e7a nesta quinta-feira (4). O evento segue at\u00e9 o dia 8 de julho, v\u00e9spera de feriado. Conhecida como a \u201cBoiadeira\u201d, a cantora se apresenta no Recinto do Rodeio, que fica na avenida S com a rua\u2026","rel":"","context":"In &quot;Not\u00edcias de Ribeir\u00e3o Preto-SP e Regi\u00e3o&quot;","block_context":{"text":"Not\u00edcias de Ribeir\u00e3o Preto-SP e Regi\u00e3o","link":"https:\/\/ismaelcolosi.com.br\/index.php\/category\/noticias-de-ribeirao-preto-sp-e-regiao-ismael-colosi\/"},"img":{"alt_text":"","src":"https:\/\/i0.wp.com\/ismaelcolosi.com.br\/wp-content\/uploads\/2024\/07\/WhatsApp-Image-2024-07-04-at-11.57.01-1_2024-07-04_15-47-30_jpeg_2024-07-04_15-47-30.webp.webp?fit=1200%2C800&ssl=1&resize=350%2C200","width":350,"height":200,"srcset":"https:\/\/i0.wp.com\/ismaelcolosi.com.br\/wp-content\/uploads\/2024\/07\/WhatsApp-Image-2024-07-04-at-11.57.01-1_2024-07-04_15-47-30_jpeg_2024-07-04_15-47-30.webp.webp?fit=1200%2C800&ssl=1&resize=350%2C200 1x, https:\/\/i0.wp.com\/ismaelcolosi.com.br\/wp-content\/uploads\/2024\/07\/WhatsApp-Image-2024-07-04-at-11.57.01-1_2024-07-04_15-47-30_jpeg_2024-07-04_15-47-30.webp.webp?fit=1200%2C800&ssl=1&resize=525%2C300 1.5x, https:\/\/i0.wp.com\/ismaelcolosi.com.br\/wp-content\/uploads\/2024\/07\/WhatsApp-Image-2024-07-04-at-11.57.01-1_2024-07-04_15-47-30_jpeg_2024-07-04_15-47-30.webp.webp?fit=1200%2C800&ssl=1&resize=700%2C400 2x, https:\/\/i0.wp.com\/ismaelcolosi.com.br\/wp-content\/uploads\/2024\/07\/WhatsApp-Image-2024-07-04-at-11.57.01-1_2024-07-04_15-47-30_jpeg_2024-07-04_15-47-30.webp.webp?fit=1200%2C800&ssl=1&resize=1050%2C600 3x"},"classes":[]},{"id":39638,"url":"https:\/\/ismaelcolosi.com.br\/index.php\/2024\/02\/27\/lauana-prado-e-mais-uma-atracao-confirmada-na-festa-do-peao-de-barretos\/","url_meta":{"origin":71711,"position":3},"title":"Lauana Prado \u00e9 mais uma atra\u00e7\u00e3o confirmada na Festa do Pe\u00e3o de Barretos","author":"ismaelcolosi.com.br","date":"27 de February de 2024","format":false,"excerpt":"Foi confirmada nesta ter\u00e7a-feira (27) mais uma atra\u00e7\u00e3o para a 69\u00aa Festa do Pe\u00e3o de Boiadeiro de Barretos, cidade a cerca de 120 quil\u00f4metros de Ribeir\u00e3o Preto. Desta vez, quem se apresenta, pelo segundo ano consecutivo, \u00e9 a cantora Lauana Prado. O show \u201cRaiz Arena\u201d, que faz releituras de grandes\u2026","rel":"","context":"In &quot;Not\u00edcias de Ribeir\u00e3o Preto-SP e Regi\u00e3o&quot;","block_context":{"text":"Not\u00edcias de Ribeir\u00e3o Preto-SP e Regi\u00e3o","link":"https:\/\/ismaelcolosi.com.br\/index.php\/category\/noticias-de-ribeirao-preto-sp-e-regiao-ismael-colosi\/"},"img":{"alt_text":"","src":"https:\/\/i0.wp.com\/ismaelcolosi.com.br\/wp-content\/uploads\/2024\/02\/Copia-de-Copia-de-TAMANHO-EXATO-PARA-FOTOS-NO-SISTEMA-NOVO-15.jpg?fit=1200%2C675&ssl=1&resize=350%2C200","width":350,"height":200,"srcset":"https:\/\/i0.wp.com\/ismaelcolosi.com.br\/wp-content\/uploads\/2024\/02\/Copia-de-Copia-de-TAMANHO-EXATO-PARA-FOTOS-NO-SISTEMA-NOVO-15.jpg?fit=1200%2C675&ssl=1&resize=350%2C200 1x, https:\/\/i0.wp.com\/ismaelcolosi.com.br\/wp-content\/uploads\/2024\/02\/Copia-de-Copia-de-TAMANHO-EXATO-PARA-FOTOS-NO-SISTEMA-NOVO-15.jpg?fit=1200%2C675&ssl=1&resize=525%2C300 1.5x, https:\/\/i0.wp.com\/ismaelcolosi.com.br\/wp-content\/uploads\/2024\/02\/Copia-de-Copia-de-TAMANHO-EXATO-PARA-FOTOS-NO-SISTEMA-NOVO-15.jpg?fit=1200%2C675&ssl=1&resize=700%2C400 2x, https:\/\/i0.wp.com\/ismaelcolosi.com.br\/wp-content\/uploads\/2024\/02\/Copia-de-Copia-de-TAMANHO-EXATO-PARA-FOTOS-NO-SISTEMA-NOVO-15.jpg?fit=1200%2C675&ssl=1&resize=1050%2C600 3x"},"classes":[]},{"id":39458,"url":"https:\/\/ismaelcolosi.com.br\/index.php\/2024\/02\/26\/ribeirao-rodeo-music-jorge-e-mateus-lancam-musica-com-lauana-prado\/","url_meta":{"origin":71711,"position":4},"title":"Ribeir\u00e3o Rodeo Music: Jorge e Mateus lan\u00e7am m\u00fasica com Lauana Prado","author":"ismaelcolosi.com.br","date":"26 de February de 2024","format":false,"excerpt":"Atra\u00e7\u00e3o confirmada no Ribeir\u00e3o Rodeo Music, a dupla Jorge e Mateus lan\u00e7ou na \u00faltima semana a m\u00fasica \u201cHaver\u00e1 Sinais\u201d, que conta com a participa\u00e7\u00e3o da cantora Lauana Prado, que tamb\u00e9m \u00e9 atra\u00e7\u00e3o no evento. A parceria entre os artistas \u00e9 o primeiro lan\u00e7amento de Jorge e Mateus em 2024 e\u2026","rel":"","context":"In &quot;Not\u00edcias de Ribeir\u00e3o Preto-SP e Regi\u00e3o&quot;","block_context":{"text":"Not\u00edcias de Ribeir\u00e3o Preto-SP e Regi\u00e3o","link":"https:\/\/ismaelcolosi.com.br\/index.php\/category\/noticias-de-ribeirao-preto-sp-e-regiao-ismael-colosi\/"},"img":{"alt_text":"","src":"https:\/\/i0.wp.com\/ismaelcolosi.com.br\/wp-content\/uploads\/2024\/02\/jorge-e-mateus-lauana-prado.jpg?fit=950%2C731&ssl=1&resize=350%2C200","width":350,"height":200,"srcset":"https:\/\/i0.wp.com\/ismaelcolosi.com.br\/wp-content\/uploads\/2024\/02\/jorge-e-mateus-lauana-prado.jpg?fit=950%2C731&ssl=1&resize=350%2C200 1x, https:\/\/i0.wp.com\/ismaelcolosi.com.br\/wp-content\/uploads\/2024\/02\/jorge-e-mateus-lauana-prado.jpg?fit=950%2C731&ssl=1&resize=525%2C300 1.5x, https:\/\/i0.wp.com\/ismaelcolosi.com.br\/wp-content\/uploads\/2024\/02\/jorge-e-mateus-lauana-prado.jpg?fit=950%2C731&ssl=1&resize=700%2C400 2x"},"classes":[]},{"id":47262,"url":"https:\/\/ismaelcolosi.com.br\/index.php\/2024\/04\/25\/ribeirao-rodeo-music-comeca-a-competicao-internacional-do-rodeio\/","url_meta":{"origin":71711,"position":5},"title":"Ribeir\u00e3o Rodeo Music: Come\u00e7a a competi\u00e7\u00e3o internacional do rodeio","author":"ismaelcolosi.com.br","date":"25 de April de 2024","format":false,"excerpt":"O rodeio deste ano ganha uma emo\u00e7\u00e3o diferente em Ribeir\u00e3o Preto. Pela primeira vez, as montarias em touros do Ribeir\u00e3o Rodeo Music ter\u00e3o a participa\u00e7\u00e3o de competidores estrangeiros. A disputa internacional come\u00e7a nos pr\u00f3ximos dias de festa, 26 e 27 de abril, e \u00e9 v\u00e1lida pela LNR (Liga Nacional de\u2026","rel":"","context":"In &quot;Not\u00edcias de Ribeir\u00e3o Preto-SP e Regi\u00e3o&quot;","block_context":{"text":"Not\u00edcias de Ribeir\u00e3o Preto-SP e Regi\u00e3o","link":"https:\/\/ismaelcolosi.com.br\/index.php\/category\/noticias-de-ribeirao-preto-sp-e-regiao-ismael-colosi\/"},"img":{"alt_text":"","src":"https:\/\/i0.wp.com\/ismaelcolosi.com.br\/wp-content\/uploads\/2024\/04\/AnyConv.com__montaria.webp.webp?fit=1199%2C860&ssl=1&resize=350%2C200","width":350,"height":200,"srcset":"https:\/\/i0.wp.com\/ismaelcolosi.com.br\/wp-content\/uploads\/2024\/04\/AnyConv.com__montaria.webp.webp?fit=1199%2C860&ssl=1&resize=350%2C200 1x, https:\/\/i0.wp.com\/ismaelcolosi.com.br\/wp-content\/uploads\/2024\/04\/AnyConv.com__montaria.webp.webp?fit=1199%2C860&ssl=1&resize=525%2C300 1.5x, https:\/\/i0.wp.com\/ismaelcolosi.com.br\/wp-content\/uploads\/2024\/04\/AnyConv.com__montaria.webp.webp?fit=1199%2C860&ssl=1&resize=700%2C400 2x, https:\/\/i0.wp.com\/ismaelcolosi.com.br\/wp-content\/uploads\/2024\/04\/AnyConv.com__montaria.webp.webp?fit=1199%2C860&ssl=1&resize=1050%2C600 3x"},"classes":[]}],"jetpack_sharing_enabled":true,"jetpack_shortlink":"https:\/\/wp.me\/pfMlyK-iED","_links":{"self":[{"href":"https:\/\/ismaelcolosi.com.br\/index.php\/wp-json\/wp\/v2\/posts\/71711","targetHints":{"allow":["GET"]}}],"collection":[{"href":"https:\/\/ismaelcolosi.com.br\/index.php\/wp-json\/wp\/v2\/posts"}],"about":[{"href":"https:\/\/ismaelcolosi.com.br\/index.php\/wp-json\/wp\/v2\/types\/post"}],"author":[{"embeddable":true,"href":"https:\/\/ismaelcolosi.com.br\/index.php\/wp-json\/wp\/v2\/users\/1"}],"replies":[{"embeddable":true,"href":"https:\/\/ismaelcolosi.com.br\/index.php\/wp-json\/wp\/v2\/comments?post=71711"}],"version-history":[{"count":0,"href":"https:\/\/ismaelcolosi.com.br\/index.php\/wp-json\/wp\/v2\/posts\/71711\/revisions"}],"wp:featuredmedia":[{"embeddable":true,"href":"https:\/\/ismaelcolosi.com.br\/index.php\/wp-json\/wp\/v2\/media\/71712"}],"wp:attachment":[{"href":"https:\/\/ismaelcolosi.com.br\/index.php\/wp-json\/wp\/v2\/media?parent=71711"}],"wp:term":[{"taxonomy":"category","embeddable":true,"href":"https:\/\/ismaelcolosi.com.br\/index.php\/wp-json\/wp\/v2\/categories?post=71711"},{"taxonomy":"post_tag","embeddable":true,"href":"https:\/\/ismaelcolosi.com.br\/index.php\/wp-json\/wp\/v2\/tags?post=71711"}],"curies":[{"name":"wp","href":"https:\/\/api.w.org\/{rel}","templated":true}]}}