{"id":71671,"date":"2024-10-17T13:35:11","date_gmt":"2024-10-17T16:35:11","guid":{"rendered":"https:\/\/ismaelcolosi.com.br\/index.php\/2024\/10\/17\/de-ceos-a-controllers-quanto-vale-um-profissional-do-setor\/"},"modified":"2024-10-17T13:35:11","modified_gmt":"2024-10-17T16:35:11","slug":"de-ceos-a-controllers-quanto-vale-um-profissional-do-setor","status":"publish","type":"post","link":"https:\/\/ismaelcolosi.com.br\/index.php\/2024\/10\/17\/de-ceos-a-controllers-quanto-vale-um-profissional-do-setor\/","title":{"rendered":"de CEOs a Controllers, Quanto Vale um Profissional do Setor?"},"content":{"rendered":"<p> <br \/>\n<\/p>\n<div>\n<div id=\"attachment_641316\" class=\"wp-caption alignnone style=\" max-width:=\"\"><img data-recalc-dims=\"1\" fetchpriority=\"high\" decoding=\"async\" class=\"alignnone wp-image-641316 size-full\" src=\"https:\/\/i0.wp.com\/forbes.com.br\/wp-content\/uploads\/2024\/10\/agro_campo_profissoes_-17out24_eclipse_imagesGetty-768x512.jpg?resize=678%2C452&#038;ssl=1\" alt=\"\" width=\"678\" height=\"452\"\/><\/p>\n<p>Eclipse_imagesGetty<\/p>\n<p class=\"wp-caption-text\">Profissionais do agro que miram tecnologias devem ter sal\u00e1rios mais robustos<\/p>\n<\/div>\n<div class=\"accessibility\">\n<p>Acessibilidade<\/p>\n<p>\n<button onclick=\"alterFont1()\" id=\"btn1\" class=\"btn\">L<\/button><br \/>\n<button onclick=\"alterFont2()\" id=\"btn2\" class=\"btn\" style=\"font-family: Merriweather\">L<\/button><br \/>\n<button onclick=\"alterFontSmallerSize()\" id=\"btn3\" class=\"btn\">A-<\/button><br \/>\n<button onclick=\"alterFontBiggerSize()\" id=\"btn4\" class=\"btn\">A+<\/button><\/p>\n<p><button onclick=\"alterBackground()\" id=\"btn6\" class=\"btn\">\u25d0<\/button><\/p>\n<\/div>\n<p>Quanto ganha um CEO do agro? E um gerente agr\u00edcola? Onde est\u00e3o os cargos mais remunerativos do setor de tecnologias? As respostas, ou pelo menos uma ideia mais precisa das remunera\u00e7\u00f5es nas cadeias do agroneg\u00f3cio, est\u00e3o no Guia Salarial de Agro 2024, elaborado pela Fox Human Capital, consultoria que atua no Brasil e Estados Unidos, apresentado nesta quinta-feira (16), com exclusividade \u00e0 Forbes. A pesquisa, a segunda realizada pela consultoria, mostra um panorama do mercado de trabalho no agro, dados sobre faixas salariais e insights.<\/p>\n<p>\u201cEle traz informa\u00e7\u00f5es para empresas do setor, ajudando-as a tomar decis\u00f5es fundamentadas em um mercado que se transforma rapidamente\u201d, diz William Monteath, CEO da Fox Human Capital.<\/p>\n<h2>Leia tamb\u00e9m<\/h2>\n<p>Os n\u00fameros do guia foram mapeados em todo o pa\u00eds, entre novembro\/dezembro de 2023 a setembro de 2024. A Fox Agro, uma divis\u00e3o da consultoria, ouviu cerca de 200 empresas do setor, como grupos familiares de grande relev\u00e2ncia nacional, e tamb\u00e9m os m\u00e9dios, al\u00e9m de multinacionais e fundos. Foram analisadas 30 posi\u00e7\u00f5es, com dados salariais a partir da divis\u00e3o por quartis, considerando as m\u00e9dias nacionais encontradas.\u00a0 Confira os valores de cargos e sal\u00e1rios (n\u00e3o est\u00e3o contabilizadas ganhos extras, com no cargo de CEO, por exemplo):<\/p>\n<h2>CEO<\/h2>\n<p>De R$ 60 mil a R$ 200 mil. M\u00e9dia salarial de R$ 130 mil.<\/p>\n<h2>TECNOLOGIA<\/h2>\n<p><strong>CTO \/diretor de tecnologia:<\/strong><br \/>De R$ 35 mil a R$ 61.200 mil. M\u00e9dia salarial de R$ 52 mil.<\/p>\n<p><strong>Gerente de TI:<\/strong><br \/>De R$ 28.250 mil a R$ 40 mil. M\u00e9dia salarial de R$ 35.877,50.<\/p>\n<p><strong>Coordenador de TI:<\/strong><br \/>De R$ 14.250 a R$ 24.012,50 mil. M\u00e9dia salarial de R$ 21.250.<\/p>\n<h2>COMERCIAL E VENDAS<\/h2>\n<p><strong>CCO \/ Diretor Comercial:<\/strong><br \/>De R$ 39.500 a R$ 75 mil. M\u00e9dia salarial de R$ 49 mil.<\/p>\n<p><strong>Gerente Comercial:<\/strong><br \/>De R$ 21.500 a R$ 39.650. M\u00e9dia salarial de R$ 28.050.<\/p>\n<p><strong>Coordenador Comercial:<\/strong><br \/>De R$ 13 mil a R$ 23.650 mil. M\u00e9dia salarial de R$ 18.500.<\/p>\n<p><strong>Representante T\u00e9cnico de Vendas:<\/strong><br \/>De R$ 8 mil a R$ 18.645. M\u00e9dia salarial de R$ 13.842,50.<\/p>\n<h2>FINAN\u00c7AS<\/h2>\n<p><strong>CFO\/Diretor Financeiro:<\/strong><br \/>De R$ 44,5 mil a R$ 87.930. M\u00e9dia salarial de R$ 76.275.<\/p>\n<p><strong>Controller:<\/strong><br \/>De R$ 23.500 a R$ 39 mil. M\u00e9dia salarial de R$ 30 mil.<\/p>\n<p><strong>Gerente Financeiro:<\/strong><br \/>De R$ 20 mil a R$ 35 mil. M\u00e9dia salarial de R$ 28 mil.<\/p>\n<p><strong>Gerente de Cr\u00e9dito:<\/strong><br \/>De R$ 21.200 a R$ 34,5 mil. M\u00e9dia salarial de R$ 28 mil.<\/p>\n<p><strong>Coordenador de Contabilidade:<\/strong><br \/>De R$ 11 mil a R$ 17.500. M\u00e9dia salarial de R$ 13.500.<\/p>\n<p><strong>Head de Derivativos:<\/strong><br \/>De R$ 26 mil a R$ 40 mil. M\u00e9dia salarial de R$ 32.500.<\/p>\n<p><strong>Gerente de Derivativos:<\/strong><br \/>De R$ 20 mil a R$ 28 mil. M\u00e9dia salarial de R$ 23.800.<\/p>\n<p><strong>Especialista de Derivativos:<\/strong><br \/>De R$ 14 mil a R$ 19 mil. M\u00e9dia salarial de R$ 17.220.<\/p>\n<h2>OPERA\u00c7\u00d5ES E LOG\u00cdSTICA<\/h2>\n<p><strong>COO Diretor de Opera\u00e7\u00f5es:<\/strong><br \/>De R$ 38.500 mil a R$ 79 mil. M\u00e9dia salarial de R$ 59.200.<\/p>\n<p><strong>Gerente de Opera\u00e7\u00f5es:<\/strong><br \/>De R$ 25.707,50 a R$ 40 mil. M\u00e9dia salarial de R$ 34,041.25.<\/p>\n<p><strong>Gerente de Log\u00edstica:<\/strong><br \/>De R$ 20 mil a R$ 33.500. M\u00e9dia salarial de R$ 25 mil.<\/p>\n<p><strong>Gerente de Planta\/Unidade:<\/strong><br \/>De R$ 18.750 a R$ 26.250. M\u00e9dia salarial de R$ 22 mil.<\/p>\n<p><strong>Coordenador de Manuten\u00e7\u00e3o:<\/strong><br \/>De R$ 12.650 a R$ 21 mil. M\u00e9dia salarial de R$ 17.500.<\/p>\n<p><strong>Coordenador Industrial:<\/strong><br \/>De R$ 11.500 a R$ 18 mil. M\u00e9dia salarial de R$ 15 mil.<\/p>\n<p><strong>Coordenador de Projetos:<\/strong><br \/>De R$ 12 mil a R$ 18 mil. M\u00e9dia salarial de R$ 14.750.<\/p>\n<p><strong>Gerente Agr\u00edcola:<\/strong><br \/>De R$ 15.600 a R$ 31 mil. M\u00e9dia salarial de R$ 22 mil.<\/p>\n<p><strong>Coordenador Agr\u00edcola:<\/strong><br \/>De R$ 9 mil a R$ 16.320 mil. M\u00e9dia salarial de R$ 13.200.<\/p>\n<h2>SUPRIMENTOS<\/h2>\n<p><strong>Diretor de Suprimentos:<\/strong><br \/>De R$ 38.650 mil a R$ 79 mil. M\u00e9dia salarial de R$ 61 mil.<\/p>\n<p><strong>Gerente de Suprimentos:<\/strong><br \/>De R$ 24.000 a R$ 40 mil. M\u00e9dia salarial de R$ 30.200.<\/p>\n<p><strong>Coordenador de Suprimentos:<\/strong><br \/>De R$ 12.500 mil a R$ 24 mil. M\u00e9dia salarial de R$ 17.660.<\/p>\n<h2>RECURSOS HUMANOS<\/h2>\n<p><strong>CHRO\/Diretor de RH:<\/strong><br \/>De R$ 32 mil a R$ 62 mil. M\u00e9dia salarial de R$ 46.650.<\/p>\n<p><strong>Gerente de RH:<\/strong><br \/>De R$ 20 mil a R$ 31.500. M\u00e9dia salarial de R$ 25.420.<\/p>\n<p><strong>Coordenador de RH:<\/strong><br \/>De R$ 11 mil a R$ 17.670. M\u00e9dia salarial de R$ 13.450.<\/p>\n<h3>\u00c1reas que Mais Demandam Profissionais<\/h3>\n<p>Mais de 9% dos empregos criados no Brasil no \u00faltimo m\u00eas de agosto est\u00e3o vinculados ao agroneg\u00f3cio, contabilizando 21,2 mil vagas. \u00c9 o que dizem os dados da Confedera\u00e7\u00e3o Nacional de Munic\u00edpios (CNM), divulgados no in\u00edcio desta semana. Agropecu\u00e1ria, agroind\u00fastria, agroservi\u00e7os e insumos foram respons\u00e1veis por 230 mil admiss\u00f5es, cerca de 46% das 106,3 mil vagas abertas no pa\u00eds, naquele m\u00eas.<\/p>\n<div id=\"attachment_641299\" class=\"wp-caption alignnone style=\" max-width:=\"\"><img data-recalc-dims=\"1\" loading=\"lazy\" decoding=\"async\" class=\"alignnone alignnone size-medium wp-image-641299\" src=\"https:\/\/i0.wp.com\/forbes.com.br\/wp-content\/uploads\/2024\/10\/agro_WilliamMonteath_Fox-Human-Capital_Divulgacao-768x512.png?resize=678%2C452&#038;ssl=1\" alt=\"\" width=\"678\" height=\"452\"\/><\/p>\n<p>Divulga\u00e7\u00e3o &#8211; Fox Human Capital<\/p>\n<p class=\"wp-caption-text\">William Monteath, CEO da Fox Human Capital, consultoria que atua no Brasil e EUA<\/p>\n<\/div>\n<p>Este cen\u00e1rio conversa com o guia da Fox Agro. Por exemplo, na mesma medida em que o setor log\u00edstico apresenta desafios, ele tamb\u00e9m \u00e9 um dos que mais tem demandado profissionais neste ano.<\/p>\n<p>A \u00e1rea comercial tamb\u00e9m se revelou uma ca\u00e7a talentos. O mapeamento apontou que o setor \u00e9 um dos \u00fanicos a manter a grande demanda por profissionais comerciais constantemente, independente do momento e segmento, visto que est\u00e3o diretamente ligados ao faturamento e lucro das empresas.<\/p>\n<p>\u201cNota-se uma demanda para cargos em log\u00edstica e compras, duas \u00e1reas que atuam em sinergia para o bom funcionamento da empresa e que requerem grande aten\u00e7\u00e3o dos profissionais\u201d, diz Henrique Dallo, headhunter da Fox Agro.<\/p>\n<p>O financeiro \u00e9 outro setor que est\u00e1 sempre em busca de novos talentos. Profissionais ligados \u00e0 estrat\u00e9gia do neg\u00f3cio, como tesouraria, cont\u00e1bil e fiscal s\u00e3o bastantes procurados, visto que essas \u00e1reas interagem direto com o neg\u00f3cio, e auxiliam na receita da empresa e redu\u00e7\u00e3o de custos.<\/p>\n<h3>Perspectiva para o Mercado do Agro em 2025<\/h3>\n<p>O agroneg\u00f3cio brasileiro tem perspectivas bastante positivas para 2025, em compara\u00e7\u00e3o ao momento atual, segundo a Fox Agro. Embora haja desafios, a pesquisa indica que a \u00e1rea cultivada deve continuar a crescer, juntamente com a lucratividade e a rentabilidade em diversas cadeias produtivas.<\/p>\n<p>Vale lembrar que o Brasil, que comemora 100 anos da vinda da soja em 2024, est\u00e1 no topo dos produtores globais e deve continuar nesta trajet\u00f3ria, segundo a Organiza\u00e7\u00e3o das Na\u00e7\u00f5es Unidas para a Alimenta\u00e7\u00e3o e Agricultura (FAO). A entidade destacou que o Brasil responder\u00e1 por uma parte significativa da expans\u00e3o agr\u00edcola nos pr\u00f3ximos dez anos.<\/p>\n<p>Dados do relat\u00f3rio \u201cProje\u00e7\u00f5es do Agroneg\u00f3cio 2021\/22 a 2031\/32\u201d, elaborado pelo Minist\u00e9rio da Agricultura e Pecu\u00e1ria (Mapa), estimam que a \u00e1rea plantada de soja deve aumentar 24,4% nos pr\u00f3ximos 10 anos. Em valor absoluto s\u00e3o 10 milh\u00f5es de hectares, o que corresponde a passar de 41,4 milh\u00f5es de hectares para 51,5 milh\u00f5es.<\/p>\n<p>Al\u00e9m do levantamento dos sal\u00e1rios dos profissionais do agro, a pesquisa da Fox Agro ouviu diretores e c-levels do mercado sobre as perspectivas para o futuro da cadeia. Solu\u00e7\u00f5es tecnol\u00f3gicas, como agricultura de precis\u00e3o, big data, biotecnologia e blockchain t\u00eam poder de mudan\u00e7as profundas nas cadeias do agro. Embora, para Robson Rizzon, CCO da Orbia, marketplace do agro, a tecnologia j\u00e1 faz parte da rotina do produtor rural brasileiro h\u00e1 algum tempo.<\/p>\n<p>\u201cDentro da porteira, o uso de ferramentas digitais para gest\u00e3o agron\u00f4mica, de m\u00e1quinas conectadas e outras inova\u00e7\u00f5es j\u00e1 s\u00e3o uma realidade. Mas, nos pr\u00f3ximos cinco anos, os produtores devem buscar cada vez mais solu\u00e7\u00f5es tecnol\u00f3gicas para otimizar as atividades tamb\u00e9m \u2018fora da porteira\u2019, como \u00e9 o caso da possibilidade de compra de insumos pela internet\u201d, afirma Rizzon. As transforma\u00e7\u00f5es no campo devem continuar a trajet\u00f3ria de mudan\u00e7as nos valores de sal\u00e1rios e fun\u00e7\u00f5es.<\/p>\n<h2>Escolhas do editor<\/h2>\n<\/div>\n<p><script type=\"rocketlazyloadscript\">\n\t\t\t\t(function(d, s, id){\n\t\t\t\t\tvar js, fjs = d.getElementsByTagName(s)[0];\n\t\t\t\t\tif (d.getElementById(id)) return;\n\t\t\t\t\tjs = d.createElement(s); js.id = id;\n\t\t\t\t\tjs.src = \"\/\/connect.facebook.net\/pt_BR\/sdk.js#xfbml=1&version=v2.9\";\n\t\t\t\t\tfjs.parentNode.insertBefore(js, fjs);\n\t\t\t\t}(document, 'script', 'facebook-jssdk'));\n\t\t\t<\/script><br \/>\n<br \/><br \/>\n<br \/><a href=\"https:\/\/forbes.com.br\/forbesagro\/2024\/10\/salarios-no-agro-de-ceos-a-controllers-quanto-vale-um-profissional-do-setor\/\">Source link <\/a><\/p>\n<div class='code-block code-block-4' style='margin: 8px auto 8px 0; text-align: left; display: block; clear: both;'>\n\ud83d\udce2 Aviso Legal\n\nO site ismaelcolosi.com.br atua apenas como um canal de divulga\u00e7\u00e3o de oportunidades de emprego e n\u00e3o se responsabiliza pelo processo seletivo, contrata\u00e7\u00e3o ou qualquer outra etapa relacionada \u00e0s vagas publicadas. Todas as informa\u00e7\u00f5es s\u00e3o de responsabilidade dos anunciantes.\n\n\u26a0\ufe0f Aten\u00e7\u00e3o! Nunca pague por promessas de emprego nem compre cursos que garantam contrata\u00e7\u00e3o. Desconfie de qualquer cobran\u00e7a para participar de sele\u00e7\u00f5es.\n\n\n\n<\/div>\n<!-- CONTENT END 1 -->\n","protected":false},"excerpt":{"rendered":"<p>Eclipse_imagesGetty Profissionais do agro que miram tecnologias devem ter sal\u00e1rios mais robustos Acessibilidade L L A- A+ \u25d0 Quanto ganha um CEO do agro? E&#8230;<\/p>\n","protected":false},"author":1,"featured_media":71672,"comment_status":"open","ping_status":"open","sticky":false,"template":"","format":"standard","meta":{"_uag_custom_page_level_css":"","advanced_seo_description":"","jetpack_seo_html_title":"","jetpack_seo_noindex":false,"jetpack_post_was_ever_published":false,"_jetpack_newsletter_access":"","_jetpack_dont_email_post_to_subs":false,"_jetpack_newsletter_tier_id":0,"_jetpack_memberships_contains_paywalled_content":false,"_jetpack_memberships_contains_paid_content":false,"footnotes":"","jetpack_publicize_message":"","jetpack_publicize_feature_enabled":true,"jetpack_social_post_already_shared":true,"jetpack_social_options":{"image_generator_settings":{"template":"highway","default_image_id":0,"font":"","enabled":false},"version":2}},"categories":[1964],"tags":[],"class_list":["post-71671","post","type-post","status-publish","format-standard","has-post-thumbnail","hentry","category-carreira-e-sucesso-dicas-para-carreira"],"jetpack_publicize_connections":[],"jetpack_featured_media_url":"https:\/\/i0.wp.com\/ismaelcolosi.com.br\/wp-content\/uploads\/2024\/10\/agro_campo_profissoes_-17out24_eclipse_imagesGetty-1024x683.jpg?fit=1024%2C683&ssl=1","uagb_featured_image_src":{"full":["https:\/\/i0.wp.com\/ismaelcolosi.com.br\/wp-content\/uploads\/2024\/10\/agro_campo_profissoes_-17out24_eclipse_imagesGetty-1024x683.jpg?fit=1024%2C683&ssl=1",1024,683,false],"thumbnail":["https:\/\/i0.wp.com\/ismaelcolosi.com.br\/wp-content\/uploads\/2024\/10\/agro_campo_profissoes_-17out24_eclipse_imagesGetty-1024x683.jpg?resize=150%2C150&ssl=1",150,150,true],"medium":["https:\/\/i0.wp.com\/ismaelcolosi.com.br\/wp-content\/uploads\/2024\/10\/agro_campo_profissoes_-17out24_eclipse_imagesGetty-1024x683.jpg?fit=300%2C200&ssl=1",300,200,true],"medium_large":["https:\/\/i0.wp.com\/ismaelcolosi.com.br\/wp-content\/uploads\/2024\/10\/agro_campo_profissoes_-17out24_eclipse_imagesGetty-1024x683.jpg?fit=768%2C512&ssl=1",768,512,true],"large":["https:\/\/i0.wp.com\/ismaelcolosi.com.br\/wp-content\/uploads\/2024\/10\/agro_campo_profissoes_-17out24_eclipse_imagesGetty-1024x683.jpg?fit=1024%2C683&ssl=1",1024,683,true],"1536x1536":["https:\/\/i0.wp.com\/ismaelcolosi.com.br\/wp-content\/uploads\/2024\/10\/agro_campo_profissoes_-17out24_eclipse_imagesGetty-1024x683.jpg?fit=1024%2C683&ssl=1",1024,683,true],"2048x2048":["https:\/\/i0.wp.com\/ismaelcolosi.com.br\/wp-content\/uploads\/2024\/10\/agro_campo_profissoes_-17out24_eclipse_imagesGetty-1024x683.jpg?fit=1024%2C683&ssl=1",1024,683,true],"really-simple-thumb":["https:\/\/i0.wp.com\/ismaelcolosi.com.br\/wp-content\/uploads\/2024\/10\/agro_campo_profissoes_-17out24_eclipse_imagesGetty-1024x683.jpg?resize=370%2C247&ssl=1",370,247,true]},"uagb_author_info":{"display_name":"ismaelcolosi.com.br","author_link":"https:\/\/ismaelcolosi.com.br\/index.php\/author\/vidareal-online\/"},"uagb_comment_info":0,"uagb_excerpt":"Eclipse_imagesGetty Profissionais do agro que miram tecnologias devem ter sal\u00e1rios mais robustos Acessibilidade L L A- A+ \u25d0 Quanto ganha um CEO do agro? E...","jetpack-related-posts":[{"id":71707,"url":"https:\/\/ismaelcolosi.com.br\/index.php\/2024\/10\/17\/de-ceos-a-controllers-quanto-vale-um-profissional-do-setor-2\/","url_meta":{"origin":71671,"position":0},"title":"de CEOs a Controllers, Quanto Vale um Profissional do Setor?","author":"ismaelcolosi.com.br","date":"17 de October de 2024","format":false,"excerpt":"Eclipse_imagesGettyProfissionais do agro que miram tecnologias devem ter sal\u00e1rios mais robustos Acessibilidade L L A- A+ \u25d0 Quanto ganha um CEO do agro? E um gerente agr\u00edcola? Onde est\u00e3o os cargos mais remunerativos do setor de tecnologias? As respostas, ou pelo menos uma ideia mais precisa das remunera\u00e7\u00f5es nas cadeias\u2026","rel":"","context":"In &quot;Carreira e Sucesso&quot;","block_context":{"text":"Carreira e Sucesso","link":"https:\/\/ismaelcolosi.com.br\/index.php\/category\/carreira-e-sucesso-dicas-para-carreira\/"},"img":{"alt_text":"","src":"https:\/\/i0.wp.com\/ismaelcolosi.com.br\/wp-content\/uploads\/2024\/10\/1729187943_agro_campo_profissoes_-17out24_eclipse_imagesGetty-1024x683.jpg?fit=1024%2C683&ssl=1&resize=350%2C200","width":350,"height":200,"srcset":"https:\/\/i0.wp.com\/ismaelcolosi.com.br\/wp-content\/uploads\/2024\/10\/1729187943_agro_campo_profissoes_-17out24_eclipse_imagesGetty-1024x683.jpg?fit=1024%2C683&ssl=1&resize=350%2C200 1x, https:\/\/i0.wp.com\/ismaelcolosi.com.br\/wp-content\/uploads\/2024\/10\/1729187943_agro_campo_profissoes_-17out24_eclipse_imagesGetty-1024x683.jpg?fit=1024%2C683&ssl=1&resize=525%2C300 1.5x, https:\/\/i0.wp.com\/ismaelcolosi.com.br\/wp-content\/uploads\/2024\/10\/1729187943_agro_campo_profissoes_-17out24_eclipse_imagesGetty-1024x683.jpg?fit=1024%2C683&ssl=1&resize=700%2C400 2x"},"classes":[]},{"id":39898,"url":"https:\/\/ismaelcolosi.com.br\/index.php\/2024\/02\/28\/grupo-tracbel-assume-redes-john-deere-em-sp\/","url_meta":{"origin":71671,"position":1},"title":"Grupo Tracbel assume redes John Deere em SP","author":"ismaelcolosi.com.br","date":"28 de February de 2024","format":false,"excerpt":"28 de fevereiro de 2024 | 20:5628 de fevereiro de 2024 | 21:04 0O Grupo Tracbel est\u00e1 ampliando ainda mais sua participa\u00e7\u00e3o no agroneg\u00f3cio. A empresa criou a Tracbel Agro, uma nova unidade de neg\u00f3cios voltada exclusivamente para solu\u00e7\u00f5es, m\u00e1quinas e implementos agr\u00edcolas. Victor Franco, que at\u00e9 ent\u00e3o era o\u2026","rel":"","context":"In &quot;Not\u00edcias de Ribeir\u00e3o Preto-SP e Regi\u00e3o&quot;","block_context":{"text":"Not\u00edcias de Ribeir\u00e3o Preto-SP e Regi\u00e3o","link":"https:\/\/ismaelcolosi.com.br\/index.php\/category\/noticias-de-ribeirao-preto-sp-e-regiao-ismael-colosi\/"},"img":{"alt_text":"","src":"https:\/\/i0.wp.com\/ismaelcolosi.com.br\/wp-content\/uploads\/2024\/02\/fdc299eb-73d0-4fc6-a722-40daa83589b1-scaled.jpg?fit=968%2C645&ssl=1&resize=350%2C200","width":350,"height":200,"srcset":"https:\/\/i0.wp.com\/ismaelcolosi.com.br\/wp-content\/uploads\/2024\/02\/fdc299eb-73d0-4fc6-a722-40daa83589b1-scaled.jpg?fit=968%2C645&ssl=1&resize=350%2C200 1x, https:\/\/i0.wp.com\/ismaelcolosi.com.br\/wp-content\/uploads\/2024\/02\/fdc299eb-73d0-4fc6-a722-40daa83589b1-scaled.jpg?fit=968%2C645&ssl=1&resize=525%2C300 1.5x, https:\/\/i0.wp.com\/ismaelcolosi.com.br\/wp-content\/uploads\/2024\/02\/fdc299eb-73d0-4fc6-a722-40daa83589b1-scaled.jpg?fit=968%2C645&ssl=1&resize=700%2C400 2x"},"classes":[]},{"id":85861,"url":"https:\/\/ismaelcolosi.com.br\/index.php\/2025\/06\/02\/quanto-ganha-um-piloto-de-drone-agricola-e-quais-as-exigencias\/","url_meta":{"origin":71671,"position":2},"title":"Quanto ganha um piloto de drone agr\u00edcola e quais as exig\u00eancias?","author":"ismaelcolosi.com.br","date":"2 de June de 2025","format":false,"excerpt":"Os drones agr\u00edcolas est\u00e3o revolucionando a produ\u00e7\u00e3o agropecu\u00e1ria do Brasil. O equipamento marca presen\u00e7a na maioria das grandes produ\u00e7\u00f5es agr\u00edcolas, se tornando ferramentas fundamentais na agricultura de precis\u00e3o, o que ajuda a explicar o aumento de empregos no setor de pilotos de drone Brasil afora. + PIB do Brasil cresce\u2026","rel":"","context":"In &quot;Empregos - Classificados&quot;","block_context":{"text":"Empregos - Classificados","link":"https:\/\/ismaelcolosi.com.br\/index.php\/category\/empregos-classificados-vagas-trabalho\/"},"img":{"alt_text":"","src":"","width":0,"height":0},"classes":[]},{"id":78277,"url":"https:\/\/ismaelcolosi.com.br\/index.php\/2024\/12\/03\/tania-cosentino-deixa-lideranca-da-microsoft-conheca-nova-ceo\/","url_meta":{"origin":71671,"position":3},"title":"T\u00e2nia Cosentino deixa lideran\u00e7a da Microsoft; conhe\u00e7a nova CEO","author":"ismaelcolosi.com.br","date":"3 de December de 2024","format":false,"excerpt":"\r Divulga\u00e7\u00e3o\/Microsoft\r Em 2025, T\u00e2nia Cosentino passa a ser gerente-geral especializada em vendas para o setor de seguran\u00e7a na Am\u00e9rica Latina e Priscyla Laham assume a presid\u00eancia da Microsoft Brasil\r T\u00e2nia Cosentino vai deixar a lideran\u00e7a da Microsoft no Brasil e assume em janeiro de 2025 como gerente-geral especializada em\u2026","rel":"","context":"In &quot;Carreira e Sucesso&quot;","block_context":{"text":"Carreira e Sucesso","link":"https:\/\/ismaelcolosi.com.br\/index.php\/category\/carreira-e-sucesso-dicas-para-carreira\/"},"img":{"alt_text":"","src":"https:\/\/i0.wp.com\/ismaelcolosi.com.br\/wp-content\/uploads\/2024\/12\/carreira-tania-cosentino-Priscyla-Laham-1200x675.jpg?fit=1200%2C675&ssl=1&resize=350%2C200","width":350,"height":200,"srcset":"https:\/\/i0.wp.com\/ismaelcolosi.com.br\/wp-content\/uploads\/2024\/12\/carreira-tania-cosentino-Priscyla-Laham-1200x675.jpg?fit=1200%2C675&ssl=1&resize=350%2C200 1x, https:\/\/i0.wp.com\/ismaelcolosi.com.br\/wp-content\/uploads\/2024\/12\/carreira-tania-cosentino-Priscyla-Laham-1200x675.jpg?fit=1200%2C675&ssl=1&resize=525%2C300 1.5x, https:\/\/i0.wp.com\/ismaelcolosi.com.br\/wp-content\/uploads\/2024\/12\/carreira-tania-cosentino-Priscyla-Laham-1200x675.jpg?fit=1200%2C675&ssl=1&resize=700%2C400 2x, https:\/\/i0.wp.com\/ismaelcolosi.com.br\/wp-content\/uploads\/2024\/12\/carreira-tania-cosentino-Priscyla-Laham-1200x675.jpg?fit=1200%2C675&ssl=1&resize=1050%2C600 3x"},"classes":[]},{"id":87009,"url":"https:\/\/ismaelcolosi.com.br\/index.php\/2025\/08\/11\/o-que-uma-gigante-como-a-agco-pode-ensinar-sobre-rh-escute-sua-vp-global\/","url_meta":{"origin":71671,"position":4},"title":"O Que uma Gigante Como a AGCO Pode Ensinar sobre RH? Escute Sua VP Global","author":"ismaelcolosi.com.br","date":"11 de August de 2025","format":false,"excerpt":"\r TiagoLima\r Ivory Harris, no Brasil para tra\u00e7ar estrat\u00e9gias de reten\u00e7\u00e3o de talentos\r Acessibilidade \r L\r L\r A-\r A+\r \r \u25d0\r \r Ivory Harris tem 51 anos. \u00c9 soci\u00f3loga e psic\u00f3loga, saberes que d\u00e3o suporte ao seu cargo de vice-presidente s\u00eanior e diretora global de recursos humanos da AGCO, multinacional\u2026","rel":"","context":"In &quot;Carreira e Sucesso&quot;","block_context":{"text":"Carreira e Sucesso","link":"https:\/\/ismaelcolosi.com.br\/index.php\/category\/carreira-e-sucesso-dicas-para-carreira\/"},"img":{"alt_text":"","src":"https:\/\/i0.wp.com\/ismaelcolosi.com.br\/wp-content\/uploads\/2025\/08\/IvoryHarris_AGCO_7AGO2025_TiagoLima-1200x675.jpg?fit=1200%2C675&ssl=1&resize=350%2C200","width":350,"height":200,"srcset":"https:\/\/i0.wp.com\/ismaelcolosi.com.br\/wp-content\/uploads\/2025\/08\/IvoryHarris_AGCO_7AGO2025_TiagoLima-1200x675.jpg?fit=1200%2C675&ssl=1&resize=350%2C200 1x, https:\/\/i0.wp.com\/ismaelcolosi.com.br\/wp-content\/uploads\/2025\/08\/IvoryHarris_AGCO_7AGO2025_TiagoLima-1200x675.jpg?fit=1200%2C675&ssl=1&resize=525%2C300 1.5x, https:\/\/i0.wp.com\/ismaelcolosi.com.br\/wp-content\/uploads\/2025\/08\/IvoryHarris_AGCO_7AGO2025_TiagoLima-1200x675.jpg?fit=1200%2C675&ssl=1&resize=700%2C400 2x, https:\/\/i0.wp.com\/ismaelcolosi.com.br\/wp-content\/uploads\/2025\/08\/IvoryHarris_AGCO_7AGO2025_TiagoLima-1200x675.jpg?fit=1200%2C675&ssl=1&resize=1050%2C600 3x"},"classes":[]},{"id":61083,"url":"https:\/\/ismaelcolosi.com.br\/index.php\/2024\/08\/20\/fenasucro-tem-recorde-de-publico-e-alcanca-r-107-bilhoes-em-volume-de-negocios\/","url_meta":{"origin":71671,"position":5},"title":"Fenasucro tem recorde de p\u00fablico e alcan\u00e7a R$ 10,7 bilh\u00f5es em volume de neg\u00f3cios","author":"ismaelcolosi.com.br","date":"20 de August de 2024","format":false,"excerpt":"A Fenasucro & Agrocana, que aconteceu entre os dias 13 e 16 de agosto, em Sert\u00e3ozinho, cidade na regi\u00e3o de Ribeir\u00e3o Preto, confirmou o cen\u00e1rio otimista da bioenergia e seu papel como refer\u00eancia mundial na promo\u00e7\u00e3o do setor. Durante os quatro dias, o evento alcan\u00e7ou R$ 10,7 bilh\u00f5es em neg\u00f3cios\u2026","rel":"","context":"In &quot;Not\u00edcias de Ribeir\u00e3o Preto-SP e Regi\u00e3o&quot;","block_context":{"text":"Not\u00edcias de Ribeir\u00e3o Preto-SP e Regi\u00e3o","link":"https:\/\/ismaelcolosi.com.br\/index.php\/category\/noticias-de-ribeirao-preto-sp-e-regiao-ismael-colosi\/"},"img":{"alt_text":"","src":"https:\/\/i0.wp.com\/ismaelcolosi.com.br\/wp-content\/uploads\/2024\/08\/WhatsApp-Image-2024-08-19-at-17.59.01_2024-08-19_22-28-44_jpeg_2024-08-19_22-28-44.webp.webp?fit=1200%2C800&ssl=1&resize=350%2C200","width":350,"height":200,"srcset":"https:\/\/i0.wp.com\/ismaelcolosi.com.br\/wp-content\/uploads\/2024\/08\/WhatsApp-Image-2024-08-19-at-17.59.01_2024-08-19_22-28-44_jpeg_2024-08-19_22-28-44.webp.webp?fit=1200%2C800&ssl=1&resize=350%2C200 1x, https:\/\/i0.wp.com\/ismaelcolosi.com.br\/wp-content\/uploads\/2024\/08\/WhatsApp-Image-2024-08-19-at-17.59.01_2024-08-19_22-28-44_jpeg_2024-08-19_22-28-44.webp.webp?fit=1200%2C800&ssl=1&resize=525%2C300 1.5x, https:\/\/i0.wp.com\/ismaelcolosi.com.br\/wp-content\/uploads\/2024\/08\/WhatsApp-Image-2024-08-19-at-17.59.01_2024-08-19_22-28-44_jpeg_2024-08-19_22-28-44.webp.webp?fit=1200%2C800&ssl=1&resize=700%2C400 2x, https:\/\/i0.wp.com\/ismaelcolosi.com.br\/wp-content\/uploads\/2024\/08\/WhatsApp-Image-2024-08-19-at-17.59.01_2024-08-19_22-28-44_jpeg_2024-08-19_22-28-44.webp.webp?fit=1200%2C800&ssl=1&resize=1050%2C600 3x"},"classes":[]}],"jetpack_sharing_enabled":true,"jetpack_shortlink":"https:\/\/wp.me\/pfMlyK-iDZ","_links":{"self":[{"href":"https:\/\/ismaelcolosi.com.br\/index.php\/wp-json\/wp\/v2\/posts\/71671","targetHints":{"allow":["GET"]}}],"collection":[{"href":"https:\/\/ismaelcolosi.com.br\/index.php\/wp-json\/wp\/v2\/posts"}],"about":[{"href":"https:\/\/ismaelcolosi.com.br\/index.php\/wp-json\/wp\/v2\/types\/post"}],"author":[{"embeddable":true,"href":"https:\/\/ismaelcolosi.com.br\/index.php\/wp-json\/wp\/v2\/users\/1"}],"replies":[{"embeddable":true,"href":"https:\/\/ismaelcolosi.com.br\/index.php\/wp-json\/wp\/v2\/comments?post=71671"}],"version-history":[{"count":0,"href":"https:\/\/ismaelcolosi.com.br\/index.php\/wp-json\/wp\/v2\/posts\/71671\/revisions"}],"wp:featuredmedia":[{"embeddable":true,"href":"https:\/\/ismaelcolosi.com.br\/index.php\/wp-json\/wp\/v2\/media\/71672"}],"wp:attachment":[{"href":"https:\/\/ismaelcolosi.com.br\/index.php\/wp-json\/wp\/v2\/media?parent=71671"}],"wp:term":[{"taxonomy":"category","embeddable":true,"href":"https:\/\/ismaelcolosi.com.br\/index.php\/wp-json\/wp\/v2\/categories?post=71671"},{"taxonomy":"post_tag","embeddable":true,"href":"https:\/\/ismaelcolosi.com.br\/index.php\/wp-json\/wp\/v2\/tags?post=71671"}],"curies":[{"name":"wp","href":"https:\/\/api.w.org\/{rel}","templated":true}]}}