{"id":71503,"date":"2024-10-16T16:36:39","date_gmt":"2024-10-16T19:36:39","guid":{"rendered":"https:\/\/ismaelcolosi.com.br\/index.php\/2024\/10\/16\/enem-dos-concursos-confira-as-proximas-fases-do-cpnu-e-a-data-do-resultado-final\/"},"modified":"2024-10-16T16:36:39","modified_gmt":"2024-10-16T19:36:39","slug":"enem-dos-concursos-confira-as-proximas-fases-do-cpnu-e-a-data-do-resultado-final","status":"publish","type":"post","link":"https:\/\/ismaelcolosi.com.br\/index.php\/2024\/10\/16\/enem-dos-concursos-confira-as-proximas-fases-do-cpnu-e-a-data-do-resultado-final\/","title":{"rendered":"\u2018Enem dos concursos\u2019: Confira as pr\u00f3ximas fases do CPNU e a data do resultado final"},"content":{"rendered":"<p> <br \/>\n<\/p>\n<div id=\"\">\n<div class=\"content-infos\">\n<div class=\"texts\">\n<p class=\"author tooltip-comp\"> Da reda\u00e7\u00e3o<span class=\"icon-i\">i<\/span><span class=\"tooltiptext\"> <span class=\"author\"><span>Da reda\u00e7\u00e3o<\/span> <\/span><span class=\"desc\"\/> <\/span><\/p>\n<p>16\/10\/2024 &#8211; 16:13<\/p>\n<\/div>\n<div id=\"share-modal\" class=\"share-modal\"> <button class=\"box-close btn-share\"> <img decoding=\"async\" src=\"https:\/\/istoedinheiro.com.br\/wp-content\/themes\/dinheiro-wp-theme\/assets\/img\/svg\/closeIcon.svg?x46096\" alt=\"Close icon\" class=\"close-btn lazy\"\/> <\/button><\/div>\n<\/p><\/div>\n<p>Nesta quinta-feira (17\/10), candidatos ao Concurso P\u00fablico Nacional Unificado (CPNU) \u201cEnem dos Concursos\u201d ter\u00e3o acesso aos resultados dos recursos das notas da prova discursiva e reda\u00e7\u00e3o, dia em que tamb\u00e9m iniciar\u00e3o as convoca\u00e7\u00f5es para verifica\u00e7\u00e3o da condi\u00e7\u00e3o declarada para vagas reservadas aos candidatos negros e ind\u00edgenas, ainda na quinta-feira ser\u00e1 aberto o prazo para a avalia\u00e7\u00e3o biopsicossocial das pessoas com defici\u00eancia.<\/p>\n<h3>Resultados dos recursos das provas discursivas e reda\u00e7\u00e3o<\/h3>\n<p>Para consultar os resultados dos pedidos de revis\u00e3o das notas das provas discursivas, blocos de n\u00edvel superior, e da reda\u00e7\u00e3o, bloco de n\u00edvel m\u00e9dio, \u00e9 preciso fazer o login na <a href=\"https:\/\/cpnu.cesgranrio.org.br\/login\" target=\"_blank\" rel=\"noopener\">\u00e1rea do candidato<\/a>, no site do CPNU, e clicar no menu \u201cResultados e Convoca\u00e7\u00f5es\u201d.<\/p>\n<h3>Convoca\u00e7\u00e3o para o procedimento de heteroidentifica\u00e7\u00e3o dos candidatos negros<\/h3>\n<p>Para acessar as informa\u00e7\u00f5es referentes \u00e0 convoca\u00e7\u00e3o para o procedimento de verifica\u00e7\u00e3o da condi\u00e7\u00e3o declarada para concorrer \u00e0s vagas reservadas \u00e0s pessoas negras, como o local onde ser\u00e1 realizado o procedimento de heteroidentifica\u00e7\u00e3o, o candidato dever\u00e1 acessar, a partir desta quinta-feira (17\/10), a <a href=\"https:\/\/cpnu.cesgranrio.org.br\/login\" target=\"_blank\" rel=\"noopener\">\u00e1rea do candidato<\/a>, no site do CPNU, e clicar em \u201cResultados e Convoca\u00e7\u00f5es\u201d.<\/p>\n<p>Para o procedimento de heteroidentifica\u00e7\u00e3o, a pessoa que se autodeclarou negra dever\u00e1 se apresentar \u00e0 Comiss\u00e3o de heteroidentifica\u00e7\u00e3o, que ser\u00e1 realizada nos dias 2 e 3 de novembro.<\/p>\n<p>Durante o procedimento de heteroidentifica\u00e7\u00e3o, o candidato ou candidata ter\u00e1 seus dados biom\u00e9tricos coletados e ser\u00e1 submetido ao exame grafol\u00f3gico. O procedimento ser\u00e1 filmado pela Funda\u00e7\u00e3o Cesgranrio para fins de registro de avalia\u00e7\u00e3o para uso da Comiss\u00e3o. Ser\u00e1 eliminado do Concurso P\u00fablico Nacional Unificado o candidato que: a) n\u00e3o comparecer ao procedimento de heteroidentifica\u00e7\u00e3o; ou b) recusar-se a ser filmado; ou c) recusar-se a coletar os dados biom\u00e9tricos ou a fazer o exame grafol\u00f3gico.<\/p>\n<p>A divulga\u00e7\u00e3o dos resultados preliminares da avalia\u00e7\u00e3o da veracidade da autodeclara\u00e7\u00e3o prestada por candidatos e candidatas concorrentes \u00e0s vagas reservadas para negros est\u00e1 prevista para 13 de novembro. Os recursos para estes resultados poder\u00e3o ser interpostos no pr\u00f3prio dia 13 e no dia 14 de novembro.<\/p>\n<h3>Convoca\u00e7\u00e3o para a confirma\u00e7\u00e3o da condi\u00e7\u00e3o para concorrer \u00e0s vagas reservadas para ind\u00edgenas<\/h3>\n<p>Para verificar a sua convoca\u00e7\u00e3o para o procedimento de confirma\u00e7\u00e3o da condi\u00e7\u00e3o declarada para concorrer \u00e0s vagas reservadas \u00e0s pessoas ind\u00edgenas, o candidato dever\u00e1 acessar, a partir desta quinta-feira (17\/10), a \u00e1rea do candidato, no site do CPNU, e clicar em \u201cResultados e Convoca\u00e7\u00f5es\u201d.<\/p>\n<p>O procedimento de verifica\u00e7\u00e3o ser\u00e1 realizado pela Comiss\u00e3o de Verifica\u00e7\u00e3o Documental Complementar, nos dias 2 e 3 de novembro. A Comiss\u00e3o ir\u00e1 analisar a documenta\u00e7\u00e3o comprobat\u00f3ria de pertencimento \u00e9tnico, que foi enviada pelos candidatos no momento da inscri\u00e7\u00e3o no CPNU. N\u00e3o ser\u00e1 poss\u00edvel enviar outros documentos.<\/p>\n<p>A divulga\u00e7\u00e3o dos resultados preliminares da avalia\u00e7\u00e3o da veracidade da autodeclara\u00e7\u00e3o prestada por candidatos e candidatas concorrentes \u00e0s vagas reservadas para ind\u00edgenas est\u00e1 prevista para 13 de novembro. Os recursos para estes resultados poder\u00e3o ser interpostos no pr\u00f3prio dia 13 e no dia 14 de novembro.<\/p>\n<h3>Avalia\u00e7\u00e3o Biopsicossocial<\/h3>\n<p>Come\u00e7a nesta quinta-feira (17\/10) o prazo para per\u00edcia m\u00e9dica (avalia\u00e7\u00e3o biopsicossocial) dos candidatos que se declararam com defici\u00eancia, para verificar se efetivamente se trata de pessoa com defici\u00eancia. A avalia\u00e7\u00e3o documental ser\u00e1 realizada por equipe multiprofissional, designada pela Funda\u00e7\u00e3o Cesgranrio, de acordo com o art. 5\u00ba do Decreto n\u00ba 9.508, de 2018, que emitir\u00e1 parecer conclusivo sobre o enquadramento ou n\u00e3o da sua defici\u00eancia \u00e0 luz da legisla\u00e7\u00e3o.<\/p>\n<p>Os candidatos ser\u00e3o avaliados pela equipe multiprofissional com base na documenta\u00e7\u00e3o m\u00e9dica (atestado ou laudo ou relat\u00f3rio) enviada, via upload, no ato da inscri\u00e7\u00e3o que ateste a esp\u00e9cie e o grau ou o n\u00edvel de defici\u00eancia (se conhecida), bem como a prov\u00e1vel causa da defici\u00eancia.<\/p>\n<p>A divulga\u00e7\u00e3o dos resultados preliminares da avalia\u00e7\u00e3o biopsicossocial das pessoas com defici\u00eancia est\u00e1 prevista para 13 de novembro. Os recursos para estes resultados poder\u00e3o ser interpostos no pr\u00f3prio dia 13 e no dia 14 de novembro.<\/p>\n<h3>Resultado da Avalia\u00e7\u00e3o de T\u00edtulos<\/h3>\n<p>A divulga\u00e7\u00e3o dos resultados preliminares da avalia\u00e7\u00e3o de t\u00edtulos est\u00e1 prevista para o dia 4 de novembro. Os recursos a esses resultados podem ser apresentados, a partir do mesmo dia, at\u00e9 5 de novembro.<\/p>\n<div id=\"share-modal\" class=\"share-modal\"> <button class=\"box-close btn-share\"> <img decoding=\"async\" src=\"https:\/\/istoedinheiro.com.br\/wp-content\/themes\/dinheiro-wp-theme\/assets\/img\/svg\/closeIcon.svg?x46096\" alt=\"Close icon\" class=\"close-btn lazy\"\/> <\/button><\/div>\n<\/p><\/div>\n<p><script>!function(f,b,e,v,n,t,s){if(f.fbq)return;n=f.fbq=function(){n.callMethod?n.callMethod.apply(n,arguments):n.queue.push(arguments)};if(!f._fbq)f._fbq=n;n.push=n;n.loaded=!0;n.version='2.0';n.queue=[];t=b.createElement(e);t.async=!0;t.src=v;s=b.getElementsByTagName(e)[0];s.parentNode.insertBefore(t,s)}(window,document,'script','<\/script><br \/>\n<br \/><br \/>\n<br \/><a href=\"https:\/\/istoedinheiro.com.br\/confira-quais-sao-as-proximas-fases-do-enem-dos-concursos\/\">Source link <\/a><\/p>\n<div class='code-block code-block-4' style='margin: 8px auto 8px 0; text-align: left; display: block; clear: both;'>\n\ud83d\udce2 Aviso Legal\n\nO site ismaelcolosi.com.br atua apenas como um canal de divulga\u00e7\u00e3o de oportunidades de emprego e n\u00e3o se responsabiliza pelo processo seletivo, contrata\u00e7\u00e3o ou qualquer outra etapa relacionada \u00e0s vagas publicadas. Todas as informa\u00e7\u00f5es s\u00e3o de responsabilidade dos anunciantes.\n\n\u26a0\ufe0f Aten\u00e7\u00e3o! Nunca pague por promessas de emprego nem compre cursos que garantam contrata\u00e7\u00e3o. Desconfie de qualquer cobran\u00e7a para participar de sele\u00e7\u00f5es.\n\n\n\n<\/div>\n<!-- CONTENT END 1 -->\n","protected":false},"excerpt":{"rendered":"<p>Da reda\u00e7\u00e3oi Da reda\u00e7\u00e3o 16\/10\/2024 &#8211; 16:13 Nesta quinta-feira (17\/10), candidatos ao Concurso P\u00fablico Nacional Unificado (CPNU) \u201cEnem dos Concursos\u201d ter\u00e3o acesso aos resultados dos&#8230;<\/p>\n","protected":false},"author":1,"featured_media":71504,"comment_status":"open","ping_status":"open","sticky":false,"template":"","format":"standard","meta":{"_uag_custom_page_level_css":"","advanced_seo_description":"","jetpack_seo_html_title":"","jetpack_seo_noindex":false,"jetpack_post_was_ever_published":false,"_jetpack_newsletter_access":"","_jetpack_dont_email_post_to_subs":false,"_jetpack_newsletter_tier_id":0,"_jetpack_memberships_contains_paywalled_content":false,"_jetpack_memberships_contains_paid_content":false,"footnotes":"","jetpack_publicize_message":"","jetpack_publicize_feature_enabled":true,"jetpack_social_post_already_shared":true,"jetpack_social_options":{"image_generator_settings":{"template":"highway","default_image_id":0,"font":"","enabled":false},"version":2}},"categories":[3598],"tags":[],"class_list":["post-71503","post","type-post","status-publish","format-standard","has-post-thumbnail","hentry","category-empregos-classificados-vagas-trabalho"],"jetpack_publicize_connections":[],"jetpack_featured_media_url":"https:\/\/i0.wp.com\/ismaelcolosi.com.br\/wp-content\/uploads\/2024\/10\/concursounificado.jpg?fit=900%2C600&ssl=1","uagb_featured_image_src":{"full":["https:\/\/i0.wp.com\/ismaelcolosi.com.br\/wp-content\/uploads\/2024\/10\/concursounificado.jpg?fit=900%2C600&ssl=1",900,600,false],"thumbnail":["https:\/\/i0.wp.com\/ismaelcolosi.com.br\/wp-content\/uploads\/2024\/10\/concursounificado.jpg?resize=150%2C150&ssl=1",150,150,true],"medium":["https:\/\/i0.wp.com\/ismaelcolosi.com.br\/wp-content\/uploads\/2024\/10\/concursounificado.jpg?fit=300%2C200&ssl=1",300,200,true],"medium_large":["https:\/\/i0.wp.com\/ismaelcolosi.com.br\/wp-content\/uploads\/2024\/10\/concursounificado.jpg?fit=768%2C512&ssl=1",768,512,true],"large":["https:\/\/i0.wp.com\/ismaelcolosi.com.br\/wp-content\/uploads\/2024\/10\/concursounificado.jpg?fit=900%2C600&ssl=1",900,600,true],"1536x1536":["https:\/\/i0.wp.com\/ismaelcolosi.com.br\/wp-content\/uploads\/2024\/10\/concursounificado.jpg?fit=900%2C600&ssl=1",900,600,true],"2048x2048":["https:\/\/i0.wp.com\/ismaelcolosi.com.br\/wp-content\/uploads\/2024\/10\/concursounificado.jpg?fit=900%2C600&ssl=1",900,600,true],"really-simple-thumb":["https:\/\/i0.wp.com\/ismaelcolosi.com.br\/wp-content\/uploads\/2024\/10\/concursounificado.jpg?resize=370%2C247&ssl=1",370,247,true]},"uagb_author_info":{"display_name":"ismaelcolosi.com.br","author_link":"https:\/\/ismaelcolosi.com.br\/index.php\/author\/vidareal-online\/"},"uagb_comment_info":0,"uagb_excerpt":"Da reda\u00e7\u00e3oi Da reda\u00e7\u00e3o 16\/10\/2024 &#8211; 16:13 Nesta quinta-feira (17\/10), candidatos ao Concurso P\u00fablico Nacional Unificado (CPNU) \u201cEnem dos Concursos\u201d ter\u00e3o acesso aos resultados dos...","jetpack-related-posts":[{"id":69941,"url":"https:\/\/ismaelcolosi.com.br\/index.php\/2024\/10\/08\/enem-dos-concursos-justica-suspende-liminar-e-candidatos-do-bloco-4-podem-conferir-gabaritos-e-resultados\/","url_meta":{"origin":71503,"position":0},"title":"\u2018Enem dos Concursos\u2019: justi\u00e7a suspende liminar e candidatos do Bloco 4 podem conferir gabaritos e resultados","author":"ismaelcolosi.com.br","date":"8 de October de 2024","format":false,"excerpt":"Da reda\u00e7\u00e3oi Da reda\u00e7\u00e3o 08\/10\/2024 - 18:35 O Minist\u00e9rio da Gest\u00e3o e da Inova\u00e7\u00e3o anunciou no in\u00edcio da noite desta ter\u00e7a-feira, 8, que os candidatos que concorrem \u00e0s 971 vagas do Bloco 4 \u2013 Trabalho e Sa\u00fade do Servidor \u2013 do Concurso P\u00fablico Nacional Unificado (CPNU), apelidado de \u201cEnem dos\u2026","rel":"","context":"In &quot;Empregos - Classificados&quot;","block_context":{"text":"Empregos - Classificados","link":"https:\/\/ismaelcolosi.com.br\/index.php\/category\/empregos-classificados-vagas-trabalho\/"},"img":{"alt_text":"","src":"https:\/\/i0.wp.com\/ismaelcolosi.com.br\/wp-content\/uploads\/2024\/10\/prova.jpg?fit=1200%2C704&ssl=1&resize=350%2C200","width":350,"height":200,"srcset":"https:\/\/i0.wp.com\/ismaelcolosi.com.br\/wp-content\/uploads\/2024\/10\/prova.jpg?fit=1200%2C704&ssl=1&resize=350%2C200 1x, https:\/\/i0.wp.com\/ismaelcolosi.com.br\/wp-content\/uploads\/2024\/10\/prova.jpg?fit=1200%2C704&ssl=1&resize=525%2C300 1.5x, https:\/\/i0.wp.com\/ismaelcolosi.com.br\/wp-content\/uploads\/2024\/10\/prova.jpg?fit=1200%2C704&ssl=1&resize=700%2C400 2x, https:\/\/i0.wp.com\/ismaelcolosi.com.br\/wp-content\/uploads\/2024\/10\/prova.jpg?fit=1200%2C704&ssl=1&resize=1050%2C600 3x"},"classes":[]},{"id":61098,"url":"https:\/\/ismaelcolosi.com.br\/index.php\/2024\/08\/20\/enem-dos-concursos-confira-os-gabaritos-oficiais-das-provas-do-cpnu\/","url_meta":{"origin":71503,"position":1},"title":"\u2018Enem dos Concursos\u2019: confira os gabaritos oficiais das provas\u00a0do\u00a0CPNU","author":"ismaelcolosi.com.br","date":"20 de August de 2024","format":false,"excerpt":"Da reda\u00e7\u00e3oi Da reda\u00e7\u00e3o 20\/08\/2024 - 9:33 Nesta ter\u00e7a-feira, 20, foi divulgado o gabarito oficial do CPNU (Concurso P\u00fablico Nacional Unificado), tamb\u00e9m conhecido como \u201cEnem\u00a0dos\u00a0concursos\u201d.\u00a0Para acess\u00e1-lo, os candidatos devem entrar no site do Minist\u00e9rio da Gest\u00e3o e da Inova\u00e7\u00e3o em Servi\u00e7os P\u00fablicos (neste link).Recursos \u00e0s quest\u00f5esCom a divulga\u00e7\u00e3o dos gabaritos,\u2026","rel":"","context":"In &quot;Empregos - Classificados&quot;","block_context":{"text":"Empregos - Classificados","link":"https:\/\/ismaelcolosi.com.br\/index.php\/category\/empregos-classificados-vagas-trabalho\/"},"img":{"alt_text":"","src":"https:\/\/i0.wp.com\/ismaelcolosi.com.br\/wp-content\/uploads\/2024\/08\/1724157904_prova-1.jpg?fit=1200%2C751&ssl=1&resize=350%2C200","width":350,"height":200,"srcset":"https:\/\/i0.wp.com\/ismaelcolosi.com.br\/wp-content\/uploads\/2024\/08\/1724157904_prova-1.jpg?fit=1200%2C751&ssl=1&resize=350%2C200 1x, https:\/\/i0.wp.com\/ismaelcolosi.com.br\/wp-content\/uploads\/2024\/08\/1724157904_prova-1.jpg?fit=1200%2C751&ssl=1&resize=525%2C300 1.5x, https:\/\/i0.wp.com\/ismaelcolosi.com.br\/wp-content\/uploads\/2024\/08\/1724157904_prova-1.jpg?fit=1200%2C751&ssl=1&resize=700%2C400 2x, https:\/\/i0.wp.com\/ismaelcolosi.com.br\/wp-content\/uploads\/2024\/08\/1724157904_prova-1.jpg?fit=1200%2C751&ssl=1&resize=1050%2C600 3x"},"classes":[]},{"id":75043,"url":"https:\/\/ismaelcolosi.com.br\/index.php\/2024\/11\/04\/enem-dos-concursos-sai-o-resultado-da-prova-de-titulos-do-cpnu-veja-como-consultar\/","url_meta":{"origin":71503,"position":2},"title":"\u2018Enem dos concursos\u2019: sai o resultado da prova de t\u00edtulos do CPNU; veja\u00a0como\u00a0consultar","author":"ismaelcolosi.com.br","date":"4 de November de 2024","format":false,"excerpt":"Da reda\u00e7\u00e3oi Da reda\u00e7\u00e3o 04\/11\/2024 - 11:29 A partir desta segunda-feira, 4, os candidatos inscritos do CPNU (Concurso P\u00fablico Nacional Unificado) nos cargos com prova de t\u00edtulos, tanto dos blocos de n\u00edvel superior, quanto do bloco 8, de n\u00edvel m\u00e9dio, podem conferir o resultado preliminar dessa etapa.Para ter acesso, o\u2026","rel":"","context":"In &quot;Empregos - Classificados&quot;","block_context":{"text":"Empregos - Classificados","link":"https:\/\/ismaelcolosi.com.br\/index.php\/category\/empregos-classificados-vagas-trabalho\/"},"img":{"alt_text":"","src":"https:\/\/i0.wp.com\/ismaelcolosi.com.br\/wp-content\/uploads\/2024\/11\/img-5725.jpg?fit=1170%2C700&ssl=1&resize=350%2C200","width":350,"height":200,"srcset":"https:\/\/i0.wp.com\/ismaelcolosi.com.br\/wp-content\/uploads\/2024\/11\/img-5725.jpg?fit=1170%2C700&ssl=1&resize=350%2C200 1x, https:\/\/i0.wp.com\/ismaelcolosi.com.br\/wp-content\/uploads\/2024\/11\/img-5725.jpg?fit=1170%2C700&ssl=1&resize=525%2C300 1.5x, https:\/\/i0.wp.com\/ismaelcolosi.com.br\/wp-content\/uploads\/2024\/11\/img-5725.jpg?fit=1170%2C700&ssl=1&resize=700%2C400 2x, https:\/\/i0.wp.com\/ismaelcolosi.com.br\/wp-content\/uploads\/2024\/11\/img-5725.jpg?fit=1170%2C700&ssl=1&resize=1050%2C600 3x"},"classes":[]},{"id":69684,"url":"https:\/\/ismaelcolosi.com.br\/index.php\/2024\/10\/07\/enem-dos-concursos-notas-do-cpnu-saem-nesta-terca-saiba-como-conferir\/","url_meta":{"origin":71503,"position":3},"title":"Enem dos Concursos: notas do CPNU saem nesta ter\u00e7a; saiba como conferir","author":"ismaelcolosi.com.br","date":"7 de October de 2024","format":false,"excerpt":"Da reda\u00e7\u00e3oi Da reda\u00e7\u00e3o 07\/10\/2024 - 13:04 O Concurso P\u00fablico Nacional Unificado (CPNU), apelidado de \u201cEnem dos Concursos\u201d, divulgou nesta segunda-feira,\u00a0 7, as notas finais das provas objetivas e preliminares das provas discursivas. Para conferir seu resultado, basta fazer login na \u00e1rea do candidato no site oficial do certame, neste\u2026","rel":"","context":"In &quot;Empregos - Classificados&quot;","block_context":{"text":"Empregos - Classificados","link":"https:\/\/ismaelcolosi.com.br\/index.php\/category\/empregos-classificados-vagas-trabalho\/"},"img":{"alt_text":"","src":"https:\/\/i0.wp.com\/ismaelcolosi.com.br\/wp-content\/uploads\/2024\/10\/prova-1.jpg?fit=1200%2C751&ssl=1&resize=350%2C200","width":350,"height":200,"srcset":"https:\/\/i0.wp.com\/ismaelcolosi.com.br\/wp-content\/uploads\/2024\/10\/prova-1.jpg?fit=1200%2C751&ssl=1&resize=350%2C200 1x, https:\/\/i0.wp.com\/ismaelcolosi.com.br\/wp-content\/uploads\/2024\/10\/prova-1.jpg?fit=1200%2C751&ssl=1&resize=525%2C300 1.5x, https:\/\/i0.wp.com\/ismaelcolosi.com.br\/wp-content\/uploads\/2024\/10\/prova-1.jpg?fit=1200%2C751&ssl=1&resize=700%2C400 2x, https:\/\/i0.wp.com\/ismaelcolosi.com.br\/wp-content\/uploads\/2024\/10\/prova-1.jpg?fit=1200%2C751&ssl=1&resize=1050%2C600 3x"},"classes":[]},{"id":77082,"url":"https:\/\/ismaelcolosi.com.br\/index.php\/2024\/11\/21\/enem-dos-concursos-divulgacao-de-resultados-e-adiada-para-dia-25-veja-novo-cronograma\/","url_meta":{"origin":71503,"position":4},"title":"\u2018Enem dos concursos\u2019: divulga\u00e7\u00e3o de resultados \u00e9 adiada para dia 25; veja\u00a0novo\u00a0cronograma","author":"ismaelcolosi.com.br","date":"21 de November de 2024","format":false,"excerpt":"Da reda\u00e7\u00e3oi Da reda\u00e7\u00e3o 21\/11\/2024 - 9:34 A divulga\u00e7\u00e3o dos resultados do Concurso P\u00fablico Nacional Unificado (CPNU) ou \u201cEnem dos Concursos\u201d foi adiada para o dia 25 de novembro.Em nota, o Minist\u00e9rio da Gest\u00e3o e da Inova\u00e7\u00e3o em Servi\u00e7os P\u00fablicos afirma que a Uni\u00e3o firmou, no N\u00facleo Central de Concilia\u00e7\u00e3o\u2026","rel":"","context":"In &quot;Empregos - Classificados&quot;","block_context":{"text":"Empregos - Classificados","link":"https:\/\/ismaelcolosi.com.br\/index.php\/category\/empregos-classificados-vagas-trabalho\/"},"img":{"alt_text":"","src":"https:\/\/i0.wp.com\/ismaelcolosi.com.br\/wp-content\/uploads\/2024\/11\/enem01.jpg?fit=744%2C454&ssl=1&resize=350%2C200","width":350,"height":200,"srcset":"https:\/\/i0.wp.com\/ismaelcolosi.com.br\/wp-content\/uploads\/2024\/11\/enem01.jpg?fit=744%2C454&ssl=1&resize=350%2C200 1x, https:\/\/i0.wp.com\/ismaelcolosi.com.br\/wp-content\/uploads\/2024\/11\/enem01.jpg?fit=744%2C454&ssl=1&resize=525%2C300 1.5x, https:\/\/i0.wp.com\/ismaelcolosi.com.br\/wp-content\/uploads\/2024\/11\/enem01.jpg?fit=744%2C454&ssl=1&resize=700%2C400 2x"},"classes":[]},{"id":70004,"url":"https:\/\/ismaelcolosi.com.br\/index.php\/2024\/10\/09\/enem-dos-concursos-veja-como-sera-a-prova-de-titulos-e-prazos\/","url_meta":{"origin":71503,"position":5},"title":"\u2018Enem dos concursos\u2019: veja como ser\u00e1 a prova de t\u00edtulos e prazos","author":"ismaelcolosi.com.br","date":"9 de October de 2024","format":false,"excerpt":"Da reda\u00e7\u00e3oi Da reda\u00e7\u00e3o 09\/10\/2024 - 6:00 Alguns dos candidatos habilitados no Concurso P\u00fablico Nacional Unificado (CPNU), apelidado de \u201cEnem dos Concursos\u201d, t\u00eam que cumprir nos pr\u00f3ximos dias \u00a09 e 10 de outubro a etapa de Prova de T\u00edtulos.As notas finais das provas objetivas e as notas preliminares das provas\u2026","rel":"","context":"In &quot;Empregos - Classificados&quot;","block_context":{"text":"Empregos - Classificados","link":"https:\/\/ismaelcolosi.com.br\/index.php\/category\/empregos-classificados-vagas-trabalho\/"},"img":{"alt_text":"","src":"https:\/\/i0.wp.com\/ismaelcolosi.com.br\/wp-content\/uploads\/2024\/10\/prova.png?fit=700%2C439&ssl=1&resize=350%2C200","width":350,"height":200,"srcset":"https:\/\/i0.wp.com\/ismaelcolosi.com.br\/wp-content\/uploads\/2024\/10\/prova.png?fit=700%2C439&ssl=1&resize=350%2C200 1x, https:\/\/i0.wp.com\/ismaelcolosi.com.br\/wp-content\/uploads\/2024\/10\/prova.png?fit=700%2C439&ssl=1&resize=525%2C300 1.5x, https:\/\/i0.wp.com\/ismaelcolosi.com.br\/wp-content\/uploads\/2024\/10\/prova.png?fit=700%2C439&ssl=1&resize=700%2C400 2x"},"classes":[]}],"jetpack_sharing_enabled":true,"jetpack_shortlink":"https:\/\/wp.me\/pfMlyK-iBh","_links":{"self":[{"href":"https:\/\/ismaelcolosi.com.br\/index.php\/wp-json\/wp\/v2\/posts\/71503","targetHints":{"allow":["GET"]}}],"collection":[{"href":"https:\/\/ismaelcolosi.com.br\/index.php\/wp-json\/wp\/v2\/posts"}],"about":[{"href":"https:\/\/ismaelcolosi.com.br\/index.php\/wp-json\/wp\/v2\/types\/post"}],"author":[{"embeddable":true,"href":"https:\/\/ismaelcolosi.com.br\/index.php\/wp-json\/wp\/v2\/users\/1"}],"replies":[{"embeddable":true,"href":"https:\/\/ismaelcolosi.com.br\/index.php\/wp-json\/wp\/v2\/comments?post=71503"}],"version-history":[{"count":0,"href":"https:\/\/ismaelcolosi.com.br\/index.php\/wp-json\/wp\/v2\/posts\/71503\/revisions"}],"wp:featuredmedia":[{"embeddable":true,"href":"https:\/\/ismaelcolosi.com.br\/index.php\/wp-json\/wp\/v2\/media\/71504"}],"wp:attachment":[{"href":"https:\/\/ismaelcolosi.com.br\/index.php\/wp-json\/wp\/v2\/media?parent=71503"}],"wp:term":[{"taxonomy":"category","embeddable":true,"href":"https:\/\/ismaelcolosi.com.br\/index.php\/wp-json\/wp\/v2\/categories?post=71503"},{"taxonomy":"post_tag","embeddable":true,"href":"https:\/\/ismaelcolosi.com.br\/index.php\/wp-json\/wp\/v2\/tags?post=71503"}],"curies":[{"name":"wp","href":"https:\/\/api.w.org\/{rel}","templated":true}]}}