{"id":71497,"date":"2024-10-16T16:23:01","date_gmt":"2024-10-16T19:23:01","guid":{"rendered":"https:\/\/ismaelcolosi.com.br\/index.php\/2024\/10\/16\/a-lingua-da-mulher-nao-cala-fgv-anula-questoes-machistas-de-concurso-em-macae\/"},"modified":"2024-10-16T16:23:01","modified_gmt":"2024-10-16T19:23:01","slug":"a-lingua-da-mulher-nao-cala-fgv-anula-questoes-machistas-de-concurso-em-macae","status":"publish","type":"post","link":"https:\/\/ismaelcolosi.com.br\/index.php\/2024\/10\/16\/a-lingua-da-mulher-nao-cala-fgv-anula-questoes-machistas-de-concurso-em-macae\/","title":{"rendered":"\u2018A l\u00edngua da mulher n\u00e3o cala\u2019: FGV anula quest\u00f5es machistas de concurso em Maca\u00e9"},"content":{"rendered":"<p> <br \/>\n<\/p>\n<div id=\"\">\n<div class=\"content-infos\">\n<div class=\"texts\">\n<p class=\"author tooltip-comp\"> Ag\u00eancia Brasil<span class=\"icon-i\">i<\/span><span class=\"tooltiptext\"> <span class=\"author\"><span>Ag\u00eancia Brasil<\/span> <\/span><span class=\"desc\"\/> <\/span><\/p>\n<p>16\/10\/2024 &#8211; 16:14<\/p>\n<\/div>\n<div id=\"share-modal\" class=\"share-modal\"> <button class=\"box-close btn-share\"> <img decoding=\"async\" src=\"https:\/\/istoedinheiro.com.br\/wp-content\/themes\/dinheiro-wp-theme\/assets\/img\/svg\/closeIcon.svg?x46096\" alt=\"Close icon\" class=\"close-btn lazy\"\/> <\/button><\/div>\n<\/p><\/div>\n<p>Concurso p\u00fablico realizado no \u00faltimo domingo pela Prefeitura de Maca\u00e9, no norte do Rio de Janeiro, surpreendeu por incluir na prova duas quest\u00f5es consideradas machistas e mis\u00f3ginas. A Funda\u00e7\u00e3o Get\u00falio Vargas (FGV), banca organizadora do certame, anulou as ambas nesta quinta-feira, 16.<\/p>\n<p>Depois da enxurrada de cr\u00edticas nas redes sociais, o munic\u00edpio divulgou nota de rep\u00fadio exigindo medidas corretivas imediatas por parte da FGV.<\/p>\n<p>A banca disse\u00a0que as quest\u00f5es foram anuladas porque n\u00e3o seguiam os princ\u00edpios da funda\u00e7\u00e3o, e anunciou que todos os candidatos v\u00e3o ganhar os pontos correspondentes ao conte\u00fado, que estava na avalia\u00e7\u00e3o de l\u00edngua portuguesa aplicada para cargos de professor.<\/p>\n<h3>Quest\u00f5es machistas e de teor mis\u00f3gino<\/h3>\n<p>A quest\u00e3o considerada machista pedia para o candidato apontar em um texto a frase que n\u00e3o apresentava cr\u00edtica \u201cao fato de a mulher falar demais\u201d. As cinco op\u00e7\u00f5es eram grosseiras e ofensivas, incluindo uma que dizia: \u201cA l\u00edngua da mulher n\u00e3o cala nem depois de cortada\u2019\u201d.<\/p>\n<p>J\u00e1 na pergunta de teor mis\u00f3gino, os candidatos se depararam com compara\u00e7\u00f5es de teor desqualificat\u00f3rio para mulheres e vexat\u00f3rio para crian\u00e7as. Entre os exemplos: \u201dA mulher \u00e9 como um defeito de natureza\u201d e \u201cTer crian\u00e7as em casa \u00e9 como ter um jogo de boliche instalado no c\u00e9rebro.<\/p>\n<p>Nas redes sociais, internautas manifestaram revolta e perplexidade, inclusive classificando os termos usados como \u201cabsurdos\u201d.<\/p>\n<p>Mais de 43 mil pessoas fizeram o concurso, que oferece 824 vagas de n\u00edveis m\u00e9dio e superior em diversas \u00e1reas, inclusive educa\u00e7\u00e3o.<\/p>\n<div id=\"share-modal\" class=\"share-modal\"> <button class=\"box-close btn-share\"> <img decoding=\"async\" src=\"https:\/\/istoedinheiro.com.br\/wp-content\/themes\/dinheiro-wp-theme\/assets\/img\/svg\/closeIcon.svg?x46096\" alt=\"Close icon\" class=\"close-btn lazy\"\/> <\/button><\/div>\n<\/p><\/div>\n<p><script>!function(f,b,e,v,n,t,s){if(f.fbq)return;n=f.fbq=function(){n.callMethod?n.callMethod.apply(n,arguments):n.queue.push(arguments)};if(!f._fbq)f._fbq=n;n.push=n;n.loaded=!0;n.version='2.0';n.queue=[];t=b.createElement(e);t.async=!0;t.src=v;s=b.getElementsByTagName(e)[0];s.parentNode.insertBefore(t,s)}(window,document,'script','<\/script><br \/>\n<br \/><br \/>\n<br \/><a href=\"https:\/\/istoedinheiro.com.br\/a-lingua-da-mulher-nao-cala-fgv-anula-questoes-machistas-de-concurso-em-macae\/\">Source link <\/a><\/p>\n<div class='code-block code-block-4' style='margin: 8px auto 8px 0; text-align: left; display: block; clear: both;'>\n\ud83d\udce2 Aviso Legal\n\nO site ismaelcolosi.com.br atua apenas como um canal de divulga\u00e7\u00e3o de oportunidades de emprego e n\u00e3o se responsabiliza pelo processo seletivo, contrata\u00e7\u00e3o ou qualquer outra etapa relacionada \u00e0s vagas publicadas. Todas as informa\u00e7\u00f5es s\u00e3o de responsabilidade dos anunciantes.\n\n\u26a0\ufe0f Aten\u00e7\u00e3o! Nunca pague por promessas de emprego nem compre cursos que garantam contrata\u00e7\u00e3o. Desconfie de qualquer cobran\u00e7a para participar de sele\u00e7\u00f5es.\n\n\n\n<\/div>\n<!-- CONTENT END 1 -->\n","protected":false},"excerpt":{"rendered":"<p>Ag\u00eancia Brasili Ag\u00eancia Brasil 16\/10\/2024 &#8211; 16:14 Concurso p\u00fablico realizado no \u00faltimo domingo pela Prefeitura de Maca\u00e9, no norte do Rio de Janeiro, surpreendeu por&#8230;<\/p>\n","protected":false},"author":1,"featured_media":71498,"comment_status":"open","ping_status":"open","sticky":false,"template":"","format":"standard","meta":{"_uag_custom_page_level_css":"","advanced_seo_description":"","jetpack_seo_html_title":"","jetpack_seo_noindex":false,"jetpack_post_was_ever_published":false,"_jetpack_newsletter_access":"","_jetpack_dont_email_post_to_subs":false,"_jetpack_newsletter_tier_id":0,"_jetpack_memberships_contains_paywalled_content":false,"_jetpack_memberships_contains_paid_content":false,"footnotes":"","jetpack_publicize_message":"","jetpack_publicize_feature_enabled":true,"jetpack_social_post_already_shared":true,"jetpack_social_options":{"image_generator_settings":{"template":"highway","default_image_id":0,"font":"","enabled":false},"version":2}},"categories":[3598],"tags":[],"class_list":["post-71497","post","type-post","status-publish","format-standard","has-post-thumbnail","hentry","category-empregos-classificados-vagas-trabalho"],"jetpack_publicize_connections":[],"jetpack_featured_media_url":"https:\/\/i0.wp.com\/ismaelcolosi.com.br\/wp-content\/uploads\/2024\/10\/2689598bfda3f84b60ecd753a5244535-e1646174923905.jpg?fit=640%2C480&ssl=1","uagb_featured_image_src":{"full":["https:\/\/i0.wp.com\/ismaelcolosi.com.br\/wp-content\/uploads\/2024\/10\/2689598bfda3f84b60ecd753a5244535-e1646174923905.jpg?fit=640%2C480&ssl=1",640,480,false],"thumbnail":["https:\/\/i0.wp.com\/ismaelcolosi.com.br\/wp-content\/uploads\/2024\/10\/2689598bfda3f84b60ecd753a5244535-e1646174923905.jpg?resize=150%2C150&ssl=1",150,150,true],"medium":["https:\/\/i0.wp.com\/ismaelcolosi.com.br\/wp-content\/uploads\/2024\/10\/2689598bfda3f84b60ecd753a5244535-e1646174923905.jpg?fit=300%2C225&ssl=1",300,225,true],"medium_large":["https:\/\/i0.wp.com\/ismaelcolosi.com.br\/wp-content\/uploads\/2024\/10\/2689598bfda3f84b60ecd753a5244535-e1646174923905.jpg?fit=640%2C480&ssl=1",640,480,true],"large":["https:\/\/i0.wp.com\/ismaelcolosi.com.br\/wp-content\/uploads\/2024\/10\/2689598bfda3f84b60ecd753a5244535-e1646174923905.jpg?fit=640%2C480&ssl=1",640,480,true],"1536x1536":["https:\/\/i0.wp.com\/ismaelcolosi.com.br\/wp-content\/uploads\/2024\/10\/2689598bfda3f84b60ecd753a5244535-e1646174923905.jpg?fit=640%2C480&ssl=1",640,480,true],"2048x2048":["https:\/\/i0.wp.com\/ismaelcolosi.com.br\/wp-content\/uploads\/2024\/10\/2689598bfda3f84b60ecd753a5244535-e1646174923905.jpg?fit=640%2C480&ssl=1",640,480,true],"really-simple-thumb":["https:\/\/i0.wp.com\/ismaelcolosi.com.br\/wp-content\/uploads\/2024\/10\/2689598bfda3f84b60ecd753a5244535-e1646174923905.jpg?resize=370%2C247&ssl=1",370,247,true]},"uagb_author_info":{"display_name":"ismaelcolosi.com.br","author_link":"https:\/\/ismaelcolosi.com.br\/index.php\/author\/vidareal-online\/"},"uagb_comment_info":0,"uagb_excerpt":"Ag\u00eancia Brasili Ag\u00eancia Brasil 16\/10\/2024 &#8211; 16:14 Concurso p\u00fablico realizado no \u00faltimo domingo pela Prefeitura de Maca\u00e9, no norte do Rio de Janeiro, surpreendeu por...","jetpack-related-posts":[{"id":58533,"url":"https:\/\/ismaelcolosi.com.br\/index.php\/2024\/07\/31\/enem-dos-concursos-provas-respeitarao-horario-oficial-de-brasilia-veja-recomendacoes\/","url_meta":{"origin":71497,"position":0},"title":"\u2018Enem dos concursos\u2019: provas respeitar\u00e3o hor\u00e1rio oficial de Bras\u00edlia; veja recomenda\u00e7\u00f5es","author":"ismaelcolosi.com.br","date":"31 de July de 2024","format":false,"excerpt":"Ag\u00eancia Brasili Ag\u00eancia Brasil 31\/07\/2024 - 14:22 Candidatos que v\u00e3o fazer as provas do Concurso P\u00fablico Nacional Unificado (CPNU) e que moram em estados com fuso hor\u00e1rio diferente do de Bras\u00edlia devem ficar atentos ao rel\u00f3gio no pr\u00f3ximo dia 18 de agosto, quando os exames ser\u00e3o aplicados para 2,1 milh\u00f5es\u2026","rel":"","context":"In &quot;Empregos - Classificados&quot;","block_context":{"text":"Empregos - Classificados","link":"https:\/\/ismaelcolosi.com.br\/index.php\/category\/empregos-classificados-vagas-trabalho\/"},"img":{"alt_text":"","src":"https:\/\/i0.wp.com\/ismaelcolosi.com.br\/wp-content\/uploads\/2024\/07\/615-1.jpg?fit=1000%2C667&ssl=1&resize=350%2C200","width":350,"height":200,"srcset":"https:\/\/i0.wp.com\/ismaelcolosi.com.br\/wp-content\/uploads\/2024\/07\/615-1.jpg?fit=1000%2C667&ssl=1&resize=350%2C200 1x, https:\/\/i0.wp.com\/ismaelcolosi.com.br\/wp-content\/uploads\/2024\/07\/615-1.jpg?fit=1000%2C667&ssl=1&resize=525%2C300 1.5x, https:\/\/i0.wp.com\/ismaelcolosi.com.br\/wp-content\/uploads\/2024\/07\/615-1.jpg?fit=1000%2C667&ssl=1&resize=700%2C400 2x"},"classes":[]},{"id":82696,"url":"https:\/\/ismaelcolosi.com.br\/index.php\/2025\/02\/08\/inscricoes-para-concurso-do-mpu-estao-abertas-ate-27-de-fevereiro\/","url_meta":{"origin":71497,"position":1},"title":"Inscri\u00e7\u00f5es para concurso do MPU est\u00e3o abertas at\u00e9 27 de fevereiro","author":"ismaelcolosi.com.br","date":"8 de February de 2025","format":false,"excerpt":"Ag\u00eancia Brasili Ag\u00eancia Brasil 08\/02\/2025 - 12:49 As inscri\u00e7\u00f5es para o concurso p\u00fablico do Minist\u00e9rio P\u00fablico da Uni\u00e3o (MPU) est\u00e3o abertas at\u00e9 as 16h de 27 de fevereiro, no hor\u00e1rio de Bras\u00edlia.Ao todo, s\u00e3o 172 vagas para os cargos de t\u00e9cnico e analista, observado o prazo de validade de 2\u2026","rel":"","context":"In &quot;Empregos - Classificados&quot;","block_context":{"text":"Empregos - Classificados","link":"https:\/\/ismaelcolosi.com.br\/index.php\/category\/empregos-classificados-vagas-trabalho\/"},"img":{"alt_text":"","src":"https:\/\/i0.wp.com\/ismaelcolosi.com.br\/wp-content\/uploads\/2025\/02\/mulher-jovem-com-cabelo-encaracolado-usando-tablet-em-um-cafe-e1681156760990.jpg?fit=640%2C427&ssl=1&resize=350%2C200","width":350,"height":200,"srcset":"https:\/\/i0.wp.com\/ismaelcolosi.com.br\/wp-content\/uploads\/2025\/02\/mulher-jovem-com-cabelo-encaracolado-usando-tablet-em-um-cafe-e1681156760990.jpg?fit=640%2C427&ssl=1&resize=350%2C200 1x, https:\/\/i0.wp.com\/ismaelcolosi.com.br\/wp-content\/uploads\/2025\/02\/mulher-jovem-com-cabelo-encaracolado-usando-tablet-em-um-cafe-e1681156760990.jpg?fit=640%2C427&ssl=1&resize=525%2C300 1.5x"},"classes":[]},{"id":85632,"url":"https:\/\/ismaelcolosi.com.br\/index.php\/2025\/05\/22\/inscricoes-para-concurso-do-iphan-encerram-nesta-terca-feira-salarios-chegam-a-r-9-mil-2\/","url_meta":{"origin":71497,"position":2},"title":"Inscri\u00e7\u00f5es para concurso do Iphan encerram nesta ter\u00e7a-feira; sal\u00e1rios chegam a R$ 9 mil","author":"ismaelcolosi.com.br","date":"22 de May de 2025","format":false,"excerpt":"As inscri\u00e7\u00f5es do concurso p\u00fablico para trabalhar no Instituto do Patrim\u00f4nio Hist\u00f3rico e Art\u00edstico Nacional (Iphan) encerram \u00e0s 16h desta ter\u00e7a-feira. As vagas a serem preenchidas s\u00e3o para as \u00e1reas de Analista Ambiental, Antropologia, Arqueologia, Arquitetura e Urbanismo, Educa\u00e7\u00e3o Patrimonial e, por fim, Geoprocessamento. S\u00e3o 31 vagas com sal\u00e1rios que\u2026","rel":"","context":"In &quot;Empregos - Classificados&quot;","block_context":{"text":"Empregos - Classificados","link":"https:\/\/ismaelcolosi.com.br\/index.php\/category\/empregos-classificados-vagas-trabalho\/"},"img":{"alt_text":"","src":"","width":0,"height":0},"classes":[]},{"id":81102,"url":"https:\/\/ismaelcolosi.com.br\/index.php\/2025\/01\/07\/inscricoes-para-concurso-do-iphan-encerram-nesta-terca-feira-salarios-chegam-a-r-9-mil\/","url_meta":{"origin":71497,"position":3},"title":"Inscri\u00e7\u00f5es para concurso do Iphan encerram nesta ter\u00e7a-feira; sal\u00e1rios chegam a R$ 9 mil","author":"ismaelcolosi.com.br","date":"7 de January de 2025","format":false,"excerpt":"Da reda\u00e7\u00e3oi Da reda\u00e7\u00e3o 07\/01\/2025 - 15:28 As inscri\u00e7\u00f5es do concurso p\u00fablico para trabalhar no Instituto do Patrim\u00f4nio Hist\u00f3rico e Art\u00edstico Nacional (Iphan) encerram \u00e0s 16h desta ter\u00e7a-feira. As vagas a serem preenchidas s\u00e3o para as \u00e1reas de Analista Ambiental, Antropologia, Arqueologia, Arquitetura e Urbanismo, Educa\u00e7\u00e3o Patrimonial e, por fim,\u2026","rel":"","context":"In &quot;Empregos - Classificados&quot;","block_context":{"text":"Empregos - Classificados","link":"https:\/\/ismaelcolosi.com.br\/index.php\/category\/empregos-classificados-vagas-trabalho\/"},"img":{"alt_text":"","src":"https:\/\/i0.wp.com\/ismaelcolosi.com.br\/wp-content\/uploads\/2025\/01\/cnu.jpg?fit=1024%2C687&ssl=1&resize=350%2C200","width":350,"height":200,"srcset":"https:\/\/i0.wp.com\/ismaelcolosi.com.br\/wp-content\/uploads\/2025\/01\/cnu.jpg?fit=1024%2C687&ssl=1&resize=350%2C200 1x, https:\/\/i0.wp.com\/ismaelcolosi.com.br\/wp-content\/uploads\/2025\/01\/cnu.jpg?fit=1024%2C687&ssl=1&resize=525%2C300 1.5x, https:\/\/i0.wp.com\/ismaelcolosi.com.br\/wp-content\/uploads\/2025\/01\/cnu.jpg?fit=1024%2C687&ssl=1&resize=700%2C400 2x"},"classes":[]},{"id":4036,"url":"https:\/\/ismaelcolosi.com.br\/index.php\/2023\/11\/20\/caixa-economica-federal-anuncia-novo-concurso-publico\/","url_meta":{"origin":71497,"position":4},"title":"Caixa Econ\u00f4mica Federal anuncia novo concurso p\u00fablico","author":"ismaelcolosi.com.br","date":"20 de November de 2023","format":false,"excerpt":"Cr\u00e9ditos: Ag\u00eancia Brasil\/Marcelo CamargoCaixa anuncia novidades e surpreende brasileiros O presidente da Caixa Econ\u00f4mica Federal, Carlos Vieira, realizou um comunicado urgente que pegou muitos brasileiros de surpresa. A institui\u00e7\u00e3o est\u00e1 planejando a realiza\u00e7\u00e3o de um novo concurso em 2024, como parte de um Plano de Demiss\u00e3o Volunt\u00e1ria (PDV) que visa\u2026","rel":"","context":"In &quot;Variedades&quot;","block_context":{"text":"Variedades","link":"https:\/\/ismaelcolosi.com.br\/index.php\/category\/variedades\/"},"img":{"alt_text":"","src":"https:\/\/i0.wp.com\/ismaelcolosi.com.br\/wp-content\/uploads\/2023\/11\/caixa-tem-concurso.jpg?fit=1200%2C638&ssl=1&resize=350%2C200","width":350,"height":200,"srcset":"https:\/\/i0.wp.com\/ismaelcolosi.com.br\/wp-content\/uploads\/2023\/11\/caixa-tem-concurso.jpg?fit=1200%2C638&ssl=1&resize=350%2C200 1x, https:\/\/i0.wp.com\/ismaelcolosi.com.br\/wp-content\/uploads\/2023\/11\/caixa-tem-concurso.jpg?fit=1200%2C638&ssl=1&resize=525%2C300 1.5x, https:\/\/i0.wp.com\/ismaelcolosi.com.br\/wp-content\/uploads\/2023\/11\/caixa-tem-concurso.jpg?fit=1200%2C638&ssl=1&resize=700%2C400 2x, https:\/\/i0.wp.com\/ismaelcolosi.com.br\/wp-content\/uploads\/2023\/11\/caixa-tem-concurso.jpg?fit=1200%2C638&ssl=1&resize=1050%2C600 3x"},"classes":[]},{"id":79698,"url":"https:\/\/ismaelcolosi.com.br\/index.php\/2024\/12\/18\/concurso-para-hospitais-universitarios-publica-extrato-de-edital-com-545-vagas\/","url_meta":{"origin":71497,"position":5},"title":"Concurso para hospitais universit\u00e1rios publica extrato de edital com 545 vagas","author":"ismaelcolosi.com.br","date":"18 de December de 2024","format":false,"excerpt":"Da reda\u00e7\u00e3o com Ag\u00eancia Brasili Da reda\u00e7\u00e3o com Ag\u00eancia Brasil 18\/12\/2024 - 11:49 Foi publicado nesta quarta-feira, 18, no Di\u00e1rio Oficial da Uni\u00e3o (DOU) o extrato de edital do concurso p\u00fablico da Empresa Brasileira de Servi\u00e7os Hospitalares (Ebserh). A Funda\u00e7\u00e3o Get\u00falio Vargas (FGV) \u00e9 a banca organizadora do certame.+ Alemanha\u2026","rel":"","context":"In &quot;Empregos - Classificados&quot;","block_context":{"text":"Empregos - Classificados","link":"https:\/\/ismaelcolosi.com.br\/index.php\/category\/empregos-classificados-vagas-trabalho\/"},"img":{"alt_text":"","src":"https:\/\/i0.wp.com\/ismaelcolosi.com.br\/wp-content\/uploads\/2024\/12\/d9231df8-1234-43c6-88a5-4d3fb0952d64.jpeg?fit=768%2C512&ssl=1&resize=350%2C200","width":350,"height":200,"srcset":"https:\/\/i0.wp.com\/ismaelcolosi.com.br\/wp-content\/uploads\/2024\/12\/d9231df8-1234-43c6-88a5-4d3fb0952d64.jpeg?fit=768%2C512&ssl=1&resize=350%2C200 1x, https:\/\/i0.wp.com\/ismaelcolosi.com.br\/wp-content\/uploads\/2024\/12\/d9231df8-1234-43c6-88a5-4d3fb0952d64.jpeg?fit=768%2C512&ssl=1&resize=525%2C300 1.5x, https:\/\/i0.wp.com\/ismaelcolosi.com.br\/wp-content\/uploads\/2024\/12\/d9231df8-1234-43c6-88a5-4d3fb0952d64.jpeg?fit=768%2C512&ssl=1&resize=700%2C400 2x"},"classes":[]}],"jetpack_sharing_enabled":true,"jetpack_shortlink":"https:\/\/wp.me\/pfMlyK-iBb","_links":{"self":[{"href":"https:\/\/ismaelcolosi.com.br\/index.php\/wp-json\/wp\/v2\/posts\/71497","targetHints":{"allow":["GET"]}}],"collection":[{"href":"https:\/\/ismaelcolosi.com.br\/index.php\/wp-json\/wp\/v2\/posts"}],"about":[{"href":"https:\/\/ismaelcolosi.com.br\/index.php\/wp-json\/wp\/v2\/types\/post"}],"author":[{"embeddable":true,"href":"https:\/\/ismaelcolosi.com.br\/index.php\/wp-json\/wp\/v2\/users\/1"}],"replies":[{"embeddable":true,"href":"https:\/\/ismaelcolosi.com.br\/index.php\/wp-json\/wp\/v2\/comments?post=71497"}],"version-history":[{"count":0,"href":"https:\/\/ismaelcolosi.com.br\/index.php\/wp-json\/wp\/v2\/posts\/71497\/revisions"}],"wp:featuredmedia":[{"embeddable":true,"href":"https:\/\/ismaelcolosi.com.br\/index.php\/wp-json\/wp\/v2\/media\/71498"}],"wp:attachment":[{"href":"https:\/\/ismaelcolosi.com.br\/index.php\/wp-json\/wp\/v2\/media?parent=71497"}],"wp:term":[{"taxonomy":"category","embeddable":true,"href":"https:\/\/ismaelcolosi.com.br\/index.php\/wp-json\/wp\/v2\/categories?post=71497"},{"taxonomy":"post_tag","embeddable":true,"href":"https:\/\/ismaelcolosi.com.br\/index.php\/wp-json\/wp\/v2\/tags?post=71497"}],"curies":[{"name":"wp","href":"https:\/\/api.w.org\/{rel}","templated":true}]}}