{"id":71496,"date":"2024-10-16T16:21:51","date_gmt":"2024-10-16T19:21:51","guid":{"rendered":"https:\/\/ismaelcolosi.com.br\/index.php\/2024\/10\/16\/defesa-civil-emite-alerta-de-temporal-e-ventos-fortes-para-o-estado-de-sao-paulo\/"},"modified":"2024-10-16T16:21:51","modified_gmt":"2024-10-16T19:21:51","slug":"defesa-civil-emite-alerta-de-temporal-e-ventos-fortes-para-o-estado-de-sao-paulo","status":"publish","type":"post","link":"https:\/\/ismaelcolosi.com.br\/index.php\/2024\/10\/16\/defesa-civil-emite-alerta-de-temporal-e-ventos-fortes-para-o-estado-de-sao-paulo\/","title":{"rendered":"Defesa Civil emite alerta de temporal e ventos fortes para o Estado de S\u00e3o Paulo"},"content":{"rendered":"<p> <br \/>\n<\/p>\n<div data-td-block-uid=\"tdi_106\">\n<div class=\"tdb-block-inner td-fix-index\">\n<p>A <strong>Defesa Civil <\/strong> <mark style=\"background-color:#fcb900\" class=\"has-inline-color\">emitiu um alerta de chuvas e rajadas de vento para <strong>todo o Estado de S\u00e3o Paulo.<\/strong><\/mark> Em Ribeir\u00e3o Preto, s\u00e3o esperados<strong> 200 mil\u00edmetros de chuva<\/strong> entre <strong>sexta-feira (18)<\/strong> e <strong>domingo (20)<\/strong><\/p>\n<p><strong>Esse alerta acontece devido a passagem de uma frente fria que deve trazer precipita\u00e7\u00f5es significativas<\/strong>, acompanhadas de <mark style=\"background-color:#fcb900\" class=\"has-inline-color\">raios e rajadas de vento podendo chegar a mais de 60km\/h.<\/mark><\/p>\n<h4 class=\"wp-block-heading\"><strong>Confira as orienta\u00e7\u00f5es de seguran\u00e7a da Defesa Civil:<\/strong><\/h4>\n<ul>\n<li>Evite lugares abertos, como praias, campos de futebol e estacionamentos.<\/li>\n<li>Evite ficar perto de objetos altos e isolados, como \u00e1rvores, postes, caixas d\u2019\u00e1gua e quiosques.<\/li>\n<li>No momento da chuva mantenha dist\u00e2ncia de aparelhos e objetos ligados \u00e0 rede el\u00e9trica, como geladeiras, fog\u00f5es e TVs.<\/li>\n<li>Evite tomar banho durante a tempestade.<\/li>\n<li>Em caso de ventos fortes, tenha cuidado com a queda de \u00e1rvores, postes, fios e sem\u00e1foros.<\/li>\n<li>N\u00e3o desafie a for\u00e7a das \u00e1guas, n\u00e3o tente transpor uma enxurrada ou andar em \u00e1reas de alagadas.<\/li>\n<li>Se estiver em uma \u00e1rea de encosta, observe sinais de movimenta\u00e7\u00e3o do solo, como rachaduras nas paredes, \u00e1rvores e postes inclinados, e \u00e1gua lamacenta.<\/li>\n<li>Se um fio energizado cair sobre o ve\u00edculo, permane\u00e7a dentro do carro e ligue para o servi\u00e7o de emerg\u00eancia.<\/li>\n<\/ul>\n<p>SAIBA MAIS<br \/>Governo decide que n\u00e3o haver\u00e1 hor\u00e1rio de ver\u00e3o neste ano<\/p>\n<h4 class=\"wp-block-heading\"><strong>FIQUE ON<\/strong><\/h4>\n<p>Fique ligado em tudo que acontece em Ribeir\u00e3o Preto e regi\u00e3o. Siga os perfis do <strong>acidade on <\/strong>no <a href=\"https:\/\/www.instagram.com\/acidadeonribeirao\" target=\"_blank\" rel=\"noreferrer noopener\">Instagram<\/a> e no <a href=\"https:\/\/www.facebook.com\/acidadeonribeirao\" target=\"_blank\" rel=\"noreferrer noopener\">Facebook<\/a>.<\/p>\n<p>Receba not\u00edcias do acidade on no WhatsApp. Para entrar no grupo, basta <a href=\"https:\/\/chat.whatsapp.com\/Dtv9mxhy6V5BJBotM2OQ5k\" target=\"_blank\" rel=\"noreferrer noopener\">clicar aqui<\/a>.<\/p>\n<p>Fa\u00e7a uma den\u00fancia ou sugira uma reportagem sobre Ribeir\u00e3o Preto e regi\u00e3o pelo WhatsApp: 16 99117 7802.<\/p>\n<p>VEJA TAMB\u00c9M<br \/>Quando \u00e9 a Lua cheia?<\/p>\n<p><!-- CONTENT END 1 -->\n<\/div>\n<\/div>\n<p><script async src=\"\/\/www.instagram.com\/embed.js\"><\/script><br \/>\n<br \/><br \/>\n<br \/><a href=\"https:\/\/www.acidadeon.com\/ribeiraopreto\/cotidiano\/defsa-civil-emite-alerta-de-temporal-e-ventos-fortes-para-o-estado-de-sao-paulo\/\">Source link <\/a><\/p>\n","protected":false},"excerpt":{"rendered":"<p>A Defesa Civil emitiu um alerta de chuvas e rajadas de vento para todo o Estado de S\u00e3o Paulo. Em Ribeir\u00e3o Preto, s\u00e3o esperados 200&#8230;<\/p>\n","protected":false},"author":1,"featured_media":70495,"comment_status":"open","ping_status":"open","sticky":false,"template":"","format":"standard","meta":{"_uag_custom_page_level_css":"","advanced_seo_description":"","jetpack_seo_html_title":"","jetpack_seo_noindex":false,"jetpack_post_was_ever_published":false,"_jetpack_newsletter_access":"","_jetpack_dont_email_post_to_subs":false,"_jetpack_newsletter_tier_id":0,"_jetpack_memberships_contains_paywalled_content":false,"_jetpack_memberships_contains_paid_content":false,"footnotes":"","jetpack_publicize_message":"","jetpack_publicize_feature_enabled":true,"jetpack_social_post_already_shared":true,"jetpack_social_options":{"image_generator_settings":{"template":"highway","default_image_id":0,"font":"","enabled":false},"version":2}},"categories":[11],"tags":[],"class_list":["post-71496","post","type-post","status-publish","format-standard","has-post-thumbnail","hentry","category-noticias-de-ribeirao-preto-sp-e-regiao-ismael-colosi"],"jetpack_publicize_connections":[],"jetpack_featured_media_url":"https:\/\/i0.wp.com\/ismaelcolosi.com.br\/wp-content\/uploads\/2024\/10\/WhatsApp-Image-2024-10-11-at-06.55.12_2024-10-11_09-56-34_jpeg_2024-10-11_09-56-35.webp.webp?fit=1600%2C720&ssl=1","uagb_featured_image_src":{"full":["https:\/\/i0.wp.com\/ismaelcolosi.com.br\/wp-content\/uploads\/2024\/10\/WhatsApp-Image-2024-10-11-at-06.55.12_2024-10-11_09-56-34_jpeg_2024-10-11_09-56-35.webp.webp?fit=1600%2C720&ssl=1",1600,720,false],"thumbnail":["https:\/\/i0.wp.com\/ismaelcolosi.com.br\/wp-content\/uploads\/2024\/10\/WhatsApp-Image-2024-10-11-at-06.55.12_2024-10-11_09-56-34_jpeg_2024-10-11_09-56-35.webp.webp?resize=150%2C150&ssl=1",150,150,true],"medium":["https:\/\/i0.wp.com\/ismaelcolosi.com.br\/wp-content\/uploads\/2024\/10\/WhatsApp-Image-2024-10-11-at-06.55.12_2024-10-11_09-56-34_jpeg_2024-10-11_09-56-35.webp.webp?fit=300%2C135&ssl=1",300,135,true],"medium_large":["https:\/\/i0.wp.com\/ismaelcolosi.com.br\/wp-content\/uploads\/2024\/10\/WhatsApp-Image-2024-10-11-at-06.55.12_2024-10-11_09-56-34_jpeg_2024-10-11_09-56-35.webp.webp?fit=768%2C346&ssl=1",768,346,true],"large":["https:\/\/i0.wp.com\/ismaelcolosi.com.br\/wp-content\/uploads\/2024\/10\/WhatsApp-Image-2024-10-11-at-06.55.12_2024-10-11_09-56-34_jpeg_2024-10-11_09-56-35.webp.webp?fit=1024%2C461&ssl=1",1024,461,true],"1536x1536":["https:\/\/i0.wp.com\/ismaelcolosi.com.br\/wp-content\/uploads\/2024\/10\/WhatsApp-Image-2024-10-11-at-06.55.12_2024-10-11_09-56-34_jpeg_2024-10-11_09-56-35.webp.webp?fit=1536%2C691&ssl=1",1536,691,true],"2048x2048":["https:\/\/i0.wp.com\/ismaelcolosi.com.br\/wp-content\/uploads\/2024\/10\/WhatsApp-Image-2024-10-11-at-06.55.12_2024-10-11_09-56-34_jpeg_2024-10-11_09-56-35.webp.webp?fit=1600%2C720&ssl=1",1600,720,true],"really-simple-thumb":["https:\/\/i0.wp.com\/ismaelcolosi.com.br\/wp-content\/uploads\/2024\/10\/WhatsApp-Image-2024-10-11-at-06.55.12_2024-10-11_09-56-34_jpeg_2024-10-11_09-56-35.webp.webp?resize=370%2C247&ssl=1",370,247,true]},"uagb_author_info":{"display_name":"ismaelcolosi.com.br","author_link":"https:\/\/ismaelcolosi.com.br\/index.php\/author\/vidareal-online\/"},"uagb_comment_info":0,"uagb_excerpt":"A Defesa Civil emitiu um alerta de chuvas e rajadas de vento para todo o Estado de S\u00e3o Paulo. Em Ribeir\u00e3o Preto, s\u00e3o esperados 200...","jetpack-related-posts":[{"id":72078,"url":"https:\/\/ismaelcolosi.com.br\/index.php\/2024\/10\/19\/defesa-civil-atualiza-alerta-de-chuva-veja-como-fica-o-tempo-em-ribeirao\/","url_meta":{"origin":71496,"position":0},"title":"Defesa Civil atualiza alerta de chuva; Veja como fica o tempo em Ribeir\u00e3o","author":"ismaelcolosi.com.br","date":"19 de October de 2024","format":false,"excerpt":"A Defesa Civil do Estado de S\u00e3o Paulo atualizou\u00a0a previs\u00e3o do tempo para este final de semana. Anteriormente, a previs\u00e3o indicava risco para tempestade, por\u00e9m, o sistema perdeu for\u00e7a e deixou o cen\u00e1rio mais ameno. Em Ribeir\u00e3o Preto, a previs\u00e3o para este s\u00e1bado (19) \u00e9 de sol, aumento de nuvens\u2026","rel":"","context":"In &quot;Not\u00edcias de Ribeir\u00e3o Preto-SP e Regi\u00e3o&quot;","block_context":{"text":"Not\u00edcias de Ribeir\u00e3o Preto-SP e Regi\u00e3o","link":"https:\/\/ismaelcolosi.com.br\/index.php\/category\/noticias-de-ribeirao-preto-sp-e-regiao-ismael-colosi\/"},"img":{"alt_text":"","src":"https:\/\/i0.wp.com\/ismaelcolosi.com.br\/wp-content\/uploads\/2024\/10\/WhatsApp-Image-2024-10-11-at-06.55.12_2024-10-11_09-56-34_jpeg_2024-10-11_09-56-35.webp.webp?fit=1200%2C540&ssl=1&resize=350%2C200","width":350,"height":200,"srcset":"https:\/\/i0.wp.com\/ismaelcolosi.com.br\/wp-content\/uploads\/2024\/10\/WhatsApp-Image-2024-10-11-at-06.55.12_2024-10-11_09-56-34_jpeg_2024-10-11_09-56-35.webp.webp?fit=1200%2C540&ssl=1&resize=350%2C200 1x, https:\/\/i0.wp.com\/ismaelcolosi.com.br\/wp-content\/uploads\/2024\/10\/WhatsApp-Image-2024-10-11-at-06.55.12_2024-10-11_09-56-34_jpeg_2024-10-11_09-56-35.webp.webp?fit=1200%2C540&ssl=1&resize=525%2C300 1.5x, https:\/\/i0.wp.com\/ismaelcolosi.com.br\/wp-content\/uploads\/2024\/10\/WhatsApp-Image-2024-10-11-at-06.55.12_2024-10-11_09-56-34_jpeg_2024-10-11_09-56-35.webp.webp?fit=1200%2C540&ssl=1&resize=700%2C400 2x, https:\/\/i0.wp.com\/ismaelcolosi.com.br\/wp-content\/uploads\/2024\/10\/WhatsApp-Image-2024-10-11-at-06.55.12_2024-10-11_09-56-34_jpeg_2024-10-11_09-56-35.webp.webp?fit=1200%2C540&ssl=1&resize=1050%2C600 3x"},"classes":[]},{"id":2522,"url":"https:\/\/ismaelcolosi.com.br\/index.php\/2023\/11\/15\/defesa-civil-do-estado-de-sp-emite-alerta-para-ventos-e-tempestades\/","url_meta":{"origin":71496,"position":1},"title":"Defesa Civil do Estado de SP emite alerta para ventos e tempestades","author":"ismaelcolosi.com.br","date":"15 de November de 2023","format":false,"excerpt":"A Defesa Civil do Estado de S\u00e3o Paulo emitiu, na tarde desta quinta-feira (15), um alerta para a chegada de uma frente fria que deve provocar tempestades volumosas e ventos fortes. O alerta \u00e9 para o per\u00edodo entre a sexta-feira (17) e domingo (19) e prev\u00ea chuva intensa, que pode\u2026","rel":"","context":"In &quot;Not\u00edcias de Ribeir\u00e3o Preto-SP e Regi\u00e3o&quot;","block_context":{"text":"Not\u00edcias de Ribeir\u00e3o Preto-SP e Regi\u00e3o","link":"https:\/\/ismaelcolosi.com.br\/index.php\/category\/noticias-de-ribeirao-preto-sp-e-regiao-ismael-colosi\/"},"img":{"alt_text":"","src":"https:\/\/i0.wp.com\/ismaelcolosi.com.br\/wp-content\/uploads\/2023\/11\/WhatsApp-Image-2023-11-15-at-18.38.17.jpeg?fit=1200%2C709&ssl=1&resize=350%2C200","width":350,"height":200,"srcset":"https:\/\/i0.wp.com\/ismaelcolosi.com.br\/wp-content\/uploads\/2023\/11\/WhatsApp-Image-2023-11-15-at-18.38.17.jpeg?fit=1200%2C709&ssl=1&resize=350%2C200 1x, https:\/\/i0.wp.com\/ismaelcolosi.com.br\/wp-content\/uploads\/2023\/11\/WhatsApp-Image-2023-11-15-at-18.38.17.jpeg?fit=1200%2C709&ssl=1&resize=525%2C300 1.5x, https:\/\/i0.wp.com\/ismaelcolosi.com.br\/wp-content\/uploads\/2023\/11\/WhatsApp-Image-2023-11-15-at-18.38.17.jpeg?fit=1200%2C709&ssl=1&resize=700%2C400 2x, https:\/\/i0.wp.com\/ismaelcolosi.com.br\/wp-content\/uploads\/2023\/11\/WhatsApp-Image-2023-11-15-at-18.38.17.jpeg?fit=1200%2C709&ssl=1&resize=1050%2C600 3x"},"classes":[]},{"id":2995,"url":"https:\/\/ismaelcolosi.com.br\/index.php\/2023\/11\/16\/apos-calorao-tempestade-de-terra-atinge-ribeirao-preto-sp-veja-video\/","url_meta":{"origin":71496,"position":2},"title":"Ap\u00f3s calor\u00e3o, tempestade de terra atinge Ribeir\u00e3o Preto (SP); veja v\u00eddeo","author":"ismaelcolosi.com.br","date":"16 de November de 2023","format":false,"excerpt":"Uma tempestade de terra tomou a cidade de Ribeir\u00e3o Preto, no interior de S\u00e3o Paulo, na tarde de quarta-feira (15). Imagens registradas por moradores mostram o c\u00e9u coberto de uma poeira avermelhada.Segundo a Defesa Civil do munic\u00edpio, as fortes rajadas de vento ocasionaram quedas de \u00e1rvores e a tempestade de\u2026","rel":"","context":"In &quot;Not\u00edcias de Ribeir\u00e3o Preto-SP e Regi\u00e3o&quot;","block_context":{"text":"Not\u00edcias de Ribeir\u00e3o Preto-SP e Regi\u00e3o","link":"https:\/\/ismaelcolosi.com.br\/index.php\/category\/noticias-de-ribeirao-preto-sp-e-regiao-ismael-colosi\/"},"img":{"alt_text":"","src":"https:\/\/i0.wp.com\/ismaelcolosi.com.br\/wp-content\/uploads\/2023\/11\/TEMPESTADE-AREIA.jpg?fit=1200%2C673&ssl=1&resize=350%2C200","width":350,"height":200,"srcset":"https:\/\/i0.wp.com\/ismaelcolosi.com.br\/wp-content\/uploads\/2023\/11\/TEMPESTADE-AREIA.jpg?fit=1200%2C673&ssl=1&resize=350%2C200 1x, https:\/\/i0.wp.com\/ismaelcolosi.com.br\/wp-content\/uploads\/2023\/11\/TEMPESTADE-AREIA.jpg?fit=1200%2C673&ssl=1&resize=525%2C300 1.5x, https:\/\/i0.wp.com\/ismaelcolosi.com.br\/wp-content\/uploads\/2023\/11\/TEMPESTADE-AREIA.jpg?fit=1200%2C673&ssl=1&resize=700%2C400 2x, https:\/\/i0.wp.com\/ismaelcolosi.com.br\/wp-content\/uploads\/2023\/11\/TEMPESTADE-AREIA.jpg?fit=1200%2C673&ssl=1&resize=1050%2C600 3x"},"classes":[]},{"id":65799,"url":"https:\/\/ismaelcolosi.com.br\/index.php\/2024\/09\/13\/rajadas-de-vento-de-ate-65-km-h-podem-atingir-o-interior-de-sp-veja-regioes\/","url_meta":{"origin":71496,"position":3},"title":"Rajadas de vento de at\u00e9 65 km\/h podem atingir o interior de SP; Veja regi\u00f5es","author":"ismaelcolosi.com.br","date":"13 de September de 2024","format":false,"excerpt":"A Defesa Civil do Estado de S\u00e3o Paulo alertou para a possibilidade de rajadas de vento de at\u00e9 65 km\/h no interior paulista. O comunicado foi realizado no come\u00e7o da noite desta sexta-feira (13) e \u00e9 v\u00e1lido para todo o final de semana \u2013 veja abaixo as cidades afetadas pelas\u2026","rel":"","context":"In &quot;Not\u00edcias de Ribeir\u00e3o Preto-SP e Regi\u00e3o&quot;","block_context":{"text":"Not\u00edcias de Ribeir\u00e3o Preto-SP e Regi\u00e3o","link":"https:\/\/ismaelcolosi.com.br\/index.php\/category\/noticias-de-ribeirao-preto-sp-e-regiao-ismael-colosi\/"},"img":{"alt_text":"","src":"https:\/\/i0.wp.com\/ismaelcolosi.com.br\/wp-content\/uploads\/2024\/09\/NY_1764_2024-08-24_20-32-38_jpg_2024-08-24_20-32-39-1068x712-1_2024-09-13_21-37-09.webp.webp?fit=1068%2C712&ssl=1&resize=350%2C200","width":350,"height":200,"srcset":"https:\/\/i0.wp.com\/ismaelcolosi.com.br\/wp-content\/uploads\/2024\/09\/NY_1764_2024-08-24_20-32-38_jpg_2024-08-24_20-32-39-1068x712-1_2024-09-13_21-37-09.webp.webp?fit=1068%2C712&ssl=1&resize=350%2C200 1x, https:\/\/i0.wp.com\/ismaelcolosi.com.br\/wp-content\/uploads\/2024\/09\/NY_1764_2024-08-24_20-32-38_jpg_2024-08-24_20-32-39-1068x712-1_2024-09-13_21-37-09.webp.webp?fit=1068%2C712&ssl=1&resize=525%2C300 1.5x, https:\/\/i0.wp.com\/ismaelcolosi.com.br\/wp-content\/uploads\/2024\/09\/NY_1764_2024-08-24_20-32-38_jpg_2024-08-24_20-32-39-1068x712-1_2024-09-13_21-37-09.webp.webp?fit=1068%2C712&ssl=1&resize=700%2C400 2x, https:\/\/i0.wp.com\/ismaelcolosi.com.br\/wp-content\/uploads\/2024\/09\/NY_1764_2024-08-24_20-32-38_jpg_2024-08-24_20-32-39-1068x712-1_2024-09-13_21-37-09.webp.webp?fit=1068%2C712&ssl=1&resize=1050%2C600 3x"},"classes":[]},{"id":72890,"url":"https:\/\/ismaelcolosi.com.br\/index.php\/2024\/10\/23\/defesa-civil-intensifica-monitoramento-devido-a-previsao-de-chuvas-intensas-no-estado-de-sp\/","url_meta":{"origin":71496,"position":4},"title":"Defesa Civil intensifica monitoramento devido \u00e0 previs\u00e3o de chuvas intensas no Estado de SP","author":"ismaelcolosi.com.br","date":"23 de October de 2024","format":false,"excerpt":"Devido \u00e0 previs\u00e3o de temporais nos pr\u00f3ximos dias, a Defesa Civil informou que refor\u00e7ou as a\u00e7\u00f5es de preven\u00e7\u00e3o e monitoramento da chuva no Estado de S\u00e3o Paulo. Conforme o \u00f3rg\u00e3o, um gabinete de crise vai operar entre a quinta (24) e sexta-feira (25), para garantir pronta resposta \u00e0 popula\u00e7\u00e3o em\u2026","rel":"","context":"In &quot;Not\u00edcias de Ribeir\u00e3o Preto-SP e Regi\u00e3o&quot;","block_context":{"text":"Not\u00edcias de Ribeir\u00e3o Preto-SP e Regi\u00e3o","link":"https:\/\/ismaelcolosi.com.br\/index.php\/category\/noticias-de-ribeirao-preto-sp-e-regiao-ismael-colosi\/"},"img":{"alt_text":"","src":"https:\/\/i0.wp.com\/ismaelcolosi.com.br\/wp-content\/uploads\/2024\/10\/WhatsApp-Image-2024-10-23-at-18.14.43_2024-10-23_22-19-38_jpeg_2024-10-23_22-19-39-scaled.webp.webp?fit=1200%2C675&ssl=1&resize=350%2C200","width":350,"height":200,"srcset":"https:\/\/i0.wp.com\/ismaelcolosi.com.br\/wp-content\/uploads\/2024\/10\/WhatsApp-Image-2024-10-23-at-18.14.43_2024-10-23_22-19-38_jpeg_2024-10-23_22-19-39-scaled.webp.webp?fit=1200%2C675&ssl=1&resize=350%2C200 1x, https:\/\/i0.wp.com\/ismaelcolosi.com.br\/wp-content\/uploads\/2024\/10\/WhatsApp-Image-2024-10-23-at-18.14.43_2024-10-23_22-19-38_jpeg_2024-10-23_22-19-39-scaled.webp.webp?fit=1200%2C675&ssl=1&resize=525%2C300 1.5x, https:\/\/i0.wp.com\/ismaelcolosi.com.br\/wp-content\/uploads\/2024\/10\/WhatsApp-Image-2024-10-23-at-18.14.43_2024-10-23_22-19-38_jpeg_2024-10-23_22-19-39-scaled.webp.webp?fit=1200%2C675&ssl=1&resize=700%2C400 2x, https:\/\/i0.wp.com\/ismaelcolosi.com.br\/wp-content\/uploads\/2024\/10\/WhatsApp-Image-2024-10-23-at-18.14.43_2024-10-23_22-19-38_jpeg_2024-10-23_22-19-39-scaled.webp.webp?fit=1200%2C675&ssl=1&resize=1050%2C600 3x"},"classes":[]},{"id":73168,"url":"https:\/\/ismaelcolosi.com.br\/index.php\/2024\/10\/25\/interior-de-sp-tem-alerta-para-risco-de-novos-temporais-veja-previsao\/","url_meta":{"origin":71496,"position":5},"title":"Interior de SP tem alerta para risco de novos temporais; Veja previs\u00e3o","author":"ismaelcolosi.com.br","date":"25 de October de 2024","format":false,"excerpt":"O avan\u00e7o de uma frente fria deve refor\u00e7ar as instabilidades sobre o interior de S\u00e3o Paulo nesta sexta-feira (25). Segundo a Climatempo, as regi\u00f5es de Ribeir\u00e3o Preto, S\u00e3o Carlos e Campinas est\u00e3o em alerta para temporais localizados, que podem ocorrer com fortes rajadas de vento, raios e granizo. O tempo\u2026","rel":"","context":"In &quot;Not\u00edcias de Ribeir\u00e3o Preto-SP e Regi\u00e3o&quot;","block_context":{"text":"Not\u00edcias de Ribeir\u00e3o Preto-SP e Regi\u00e3o","link":"https:\/\/ismaelcolosi.com.br\/index.php\/category\/noticias-de-ribeirao-preto-sp-e-regiao-ismael-colosi\/"},"img":{"alt_text":"","src":"https:\/\/i0.wp.com\/ismaelcolosi.com.br\/wp-content\/uploads\/2024\/10\/1729852723_WhatsApp-Image-2024-02-15-at-08.13.35-1.jpeg?fit=1200%2C540&ssl=1&resize=350%2C200","width":350,"height":200,"srcset":"https:\/\/i0.wp.com\/ismaelcolosi.com.br\/wp-content\/uploads\/2024\/10\/1729852723_WhatsApp-Image-2024-02-15-at-08.13.35-1.jpeg?fit=1200%2C540&ssl=1&resize=350%2C200 1x, https:\/\/i0.wp.com\/ismaelcolosi.com.br\/wp-content\/uploads\/2024\/10\/1729852723_WhatsApp-Image-2024-02-15-at-08.13.35-1.jpeg?fit=1200%2C540&ssl=1&resize=525%2C300 1.5x, https:\/\/i0.wp.com\/ismaelcolosi.com.br\/wp-content\/uploads\/2024\/10\/1729852723_WhatsApp-Image-2024-02-15-at-08.13.35-1.jpeg?fit=1200%2C540&ssl=1&resize=700%2C400 2x, https:\/\/i0.wp.com\/ismaelcolosi.com.br\/wp-content\/uploads\/2024\/10\/1729852723_WhatsApp-Image-2024-02-15-at-08.13.35-1.jpeg?fit=1200%2C540&ssl=1&resize=1050%2C600 3x"},"classes":[]}],"jetpack_sharing_enabled":true,"jetpack_shortlink":"https:\/\/wp.me\/pfMlyK-iBa","_links":{"self":[{"href":"https:\/\/ismaelcolosi.com.br\/index.php\/wp-json\/wp\/v2\/posts\/71496","targetHints":{"allow":["GET"]}}],"collection":[{"href":"https:\/\/ismaelcolosi.com.br\/index.php\/wp-json\/wp\/v2\/posts"}],"about":[{"href":"https:\/\/ismaelcolosi.com.br\/index.php\/wp-json\/wp\/v2\/types\/post"}],"author":[{"embeddable":true,"href":"https:\/\/ismaelcolosi.com.br\/index.php\/wp-json\/wp\/v2\/users\/1"}],"replies":[{"embeddable":true,"href":"https:\/\/ismaelcolosi.com.br\/index.php\/wp-json\/wp\/v2\/comments?post=71496"}],"version-history":[{"count":0,"href":"https:\/\/ismaelcolosi.com.br\/index.php\/wp-json\/wp\/v2\/posts\/71496\/revisions"}],"wp:featuredmedia":[{"embeddable":true,"href":"https:\/\/ismaelcolosi.com.br\/index.php\/wp-json\/wp\/v2\/media\/70495"}],"wp:attachment":[{"href":"https:\/\/ismaelcolosi.com.br\/index.php\/wp-json\/wp\/v2\/media?parent=71496"}],"wp:term":[{"taxonomy":"category","embeddable":true,"href":"https:\/\/ismaelcolosi.com.br\/index.php\/wp-json\/wp\/v2\/categories?post=71496"},{"taxonomy":"post_tag","embeddable":true,"href":"https:\/\/ismaelcolosi.com.br\/index.php\/wp-json\/wp\/v2\/tags?post=71496"}],"curies":[{"name":"wp","href":"https:\/\/api.w.org\/{rel}","templated":true}]}}