{"id":71487,"date":"2024-10-16T16:03:08","date_gmt":"2024-10-16T19:03:08","guid":{"rendered":"https:\/\/ismaelcolosi.com.br\/index.php\/2024\/10\/16\/veja-quando-o-corredor-de-onibus-central-sera-inaugurado-em-ribeirao-preto\/"},"modified":"2024-10-16T16:03:08","modified_gmt":"2024-10-16T19:03:08","slug":"veja-quando-o-corredor-de-onibus-central-sera-inaugurado-em-ribeirao-preto","status":"publish","type":"post","link":"https:\/\/ismaelcolosi.com.br\/index.php\/2024\/10\/16\/veja-quando-o-corredor-de-onibus-central-sera-inaugurado-em-ribeirao-preto\/","title":{"rendered":"Veja quando o corredor de \u00f4nibus central ser\u00e1 inaugurado em Ribeir\u00e3o Preto"},"content":{"rendered":"<p> <br \/>\n<\/p>\n<div data-td-block-uid=\"tdi_106\">\n<div class=\"tdb-block-inner td-fix-index\">\n<p>A <strong>Prefeitura de Ribeir\u00e3o Preto <\/strong>informou que a inaugura\u00e7\u00e3o dos <strong>corredores de \u00f4nibus na regi\u00e3o Central <\/strong>do munic\u00edpio ser\u00e1 nesta quinta-feira (17), \u00e0s 10h. A<strong> conclus\u00e3o das obras<\/strong> deveria ter acontecido em <strong>maio<\/strong>, contudo, a Administra\u00e7\u00e3o <strong>prorrogou o prazo<\/strong> em abril.<\/p>\n<p>A solenidade vai acontecer na <strong>pra\u00e7a das Bandeiras<\/strong>, localizada no cruzamento das ruas Flor\u00eancio de Abreu e Visconde de Inha\u00fama.<\/p>\n<p>O <strong>corredor de \u00f4nibus central<\/strong> tem <strong>sete quil\u00f4metros de extens\u00e3o<\/strong> e passa por diversas ruas do <strong>Quadril\u00e1tero Central<\/strong>. <mark style=\"background-color:#fcb900\" class=\"has-inline-color\">As obras come\u00e7aram em 2023 e o <strong>custo <\/strong>foi de <strong>R$ 20,7 milh\u00f5es<\/strong>.<\/mark><\/p>\n<p>De acordo com a <strong>RP Mobi<\/strong>, a <strong>faixa do corredor de \u00f4nibus<\/strong> <strong>central<\/strong> ser\u00e1 <strong>exclusiva <\/strong>no quadril\u00e1tero formado pelas ruas <strong>Lafaiete<\/strong> e <strong>Bar\u00e3o do Amazonas<\/strong>, e nas <strong>avenida Francisco Junqueira<\/strong> e <strong>Jer\u00f4nimo Gon\u00e7alves<\/strong>. N\u00f3s demais trechos, as faixas ser\u00e3o preferenciais.<\/p>\n<h4 class=\"wp-block-heading\"><strong>Corredor de \u00f4nibus central<\/strong><\/h4>\n<p>A obra <strong>interliga outros corredores<\/strong> ao <strong>terminal urbano Dra. Evangelina de Carvalho Passig<\/strong>, passando pelas <strong>avenidas Jer\u00f4nimo Gon\u00e7alves<\/strong> e <strong>Francisco Junqueira<\/strong>, e por quatro ruas do Centro, sendo que na <strong>Visconde de Inha\u00fama <\/strong>e <strong>Bar\u00e3o do Amazonas<\/strong>, interligar\u00e1 a avenida Francisco Junqueira \u00e0 Nove de Julho, e na <strong>Flor\u00eancio de Abreu <\/strong>e <strong>Lafaiete<\/strong>, a Jer\u00f4nimo Gon\u00e7alves \u00e0 avenida Independ\u00eancia.<\/p>\n<hr class=\"wp-block-separator has-alpha-channel-opacity\"\/>\n<p>SAIBA MAIS<\/p>\n<p>Receita Federal apreende R$ 300 mil em smartphones em Ribeir\u00e3o Preto<\/p>\n<h4 class=\"wp-block-heading\"><strong>FIQUE ON<\/strong><\/h4>\n<p>Fique ligado em tudo que acontece em Ribeir\u00e3o Preto e regi\u00e3o. Siga os perfis do\u00a0<strong>acidade on<\/strong>\u00a0no\u00a0<a href=\"https:\/\/www.instagram.com\/acidadeonribeirao\" target=\"_blank\" rel=\"noreferrer noopener\">Instagram<\/a>\u00a0e no<a href=\"https:\/\/www.facebook.com\/acidadeonribeirao\/\" target=\"_blank\" rel=\"noreferrer noopener\">\u00a0Facebook<\/a>.<\/p>\n<p>Receba not\u00edcias do<strong>\u00a0acidade on<\/strong>\u00a0no WhatsApp.\u00a0<a href=\"https:\/\/chat.whatsapp.com\/Fg4ok3aAVyB59DP63pRapr\" target=\"_blank\" rel=\"noreferrer noopener\">Para entrar no grupo, basta clicar aqui.<\/a><\/p>\n<p>Fa\u00e7a uma den\u00fancia ou sugira uma reportagem sobre Ribeir\u00e3o Preto e regi\u00e3o pelo WhatsApp: 16 99117 7802.<\/p>\n<p>VEJA TAMB\u00c9M<\/p>\n<p>Como conseguir a lata tem\u00e1tica da Netflix? Entenda TUDUM<\/p>\n<p><!-- CONTENT END 1 -->\n<\/div>\n<\/div>\n<p><script async src=\"\/\/www.instagram.com\/embed.js\"><\/script><br \/>\n<br \/><br \/>\n<br \/><a href=\"https:\/\/www.acidadeon.com\/ribeiraopreto\/cotidiano\/veja-quando-o-corredor-de-onibus-central-sera-inaugurado-em-ribeirao-preto\/\">Source link <\/a><\/p>\n","protected":false},"excerpt":{"rendered":"<p>A Prefeitura de Ribeir\u00e3o Preto informou que a inaugura\u00e7\u00e3o dos corredores de \u00f4nibus na regi\u00e3o Central do munic\u00edpio ser\u00e1 nesta quinta-feira (17), \u00e0s 10h. A&#8230;<\/p>\n","protected":false},"author":1,"featured_media":71488,"comment_status":"open","ping_status":"open","sticky":false,"template":"","format":"standard","meta":{"_uag_custom_page_level_css":"","advanced_seo_description":"","jetpack_seo_html_title":"","jetpack_seo_noindex":false,"jetpack_post_was_ever_published":false,"_jetpack_newsletter_access":"","_jetpack_dont_email_post_to_subs":false,"_jetpack_newsletter_tier_id":0,"_jetpack_memberships_contains_paywalled_content":false,"_jetpack_memberships_contains_paid_content":false,"footnotes":"","jetpack_publicize_message":"","jetpack_publicize_feature_enabled":true,"jetpack_social_post_already_shared":true,"jetpack_social_options":{"image_generator_settings":{"template":"highway","default_image_id":0,"font":"","enabled":false},"version":2}},"categories":[11],"tags":[],"class_list":["post-71487","post","type-post","status-publish","format-standard","has-post-thumbnail","hentry","category-noticias-de-ribeirao-preto-sp-e-regiao-ismael-colosi"],"jetpack_publicize_connections":[],"jetpack_featured_media_url":"https:\/\/i0.wp.com\/ismaelcolosi.com.br\/wp-content\/uploads\/2024\/10\/novos-onibus-ribeirao-preto.jpg?fit=1620%2C1080&ssl=1","uagb_featured_image_src":{"full":["https:\/\/i0.wp.com\/ismaelcolosi.com.br\/wp-content\/uploads\/2024\/10\/novos-onibus-ribeirao-preto.jpg?fit=1620%2C1080&ssl=1",1620,1080,false],"thumbnail":["https:\/\/i0.wp.com\/ismaelcolosi.com.br\/wp-content\/uploads\/2024\/10\/novos-onibus-ribeirao-preto.jpg?resize=150%2C150&ssl=1",150,150,true],"medium":["https:\/\/i0.wp.com\/ismaelcolosi.com.br\/wp-content\/uploads\/2024\/10\/novos-onibus-ribeirao-preto.jpg?fit=300%2C200&ssl=1",300,200,true],"medium_large":["https:\/\/i0.wp.com\/ismaelcolosi.com.br\/wp-content\/uploads\/2024\/10\/novos-onibus-ribeirao-preto.jpg?fit=768%2C512&ssl=1",768,512,true],"large":["https:\/\/i0.wp.com\/ismaelcolosi.com.br\/wp-content\/uploads\/2024\/10\/novos-onibus-ribeirao-preto.jpg?fit=1024%2C683&ssl=1",1024,683,true],"1536x1536":["https:\/\/i0.wp.com\/ismaelcolosi.com.br\/wp-content\/uploads\/2024\/10\/novos-onibus-ribeirao-preto.jpg?fit=1536%2C1024&ssl=1",1536,1024,true],"2048x2048":["https:\/\/i0.wp.com\/ismaelcolosi.com.br\/wp-content\/uploads\/2024\/10\/novos-onibus-ribeirao-preto.jpg?fit=1620%2C1080&ssl=1",1620,1080,true],"really-simple-thumb":["https:\/\/i0.wp.com\/ismaelcolosi.com.br\/wp-content\/uploads\/2024\/10\/novos-onibus-ribeirao-preto.jpg?resize=370%2C247&ssl=1",370,247,true]},"uagb_author_info":{"display_name":"ismaelcolosi.com.br","author_link":"https:\/\/ismaelcolosi.com.br\/index.php\/author\/vidareal-online\/"},"uagb_comment_info":0,"uagb_excerpt":"A Prefeitura de Ribeir\u00e3o Preto informou que a inaugura\u00e7\u00e3o dos corredores de \u00f4nibus na regi\u00e3o Central do munic\u00edpio ser\u00e1 nesta quinta-feira (17), \u00e0s 10h. A...","jetpack-related-posts":[{"id":71501,"url":"https:\/\/ismaelcolosi.com.br\/index.php\/2024\/10\/16\/veja-quando-o-corredor-de-onibus-central-sera-inaugurado-em-ribeirao-preto-2\/","url_meta":{"origin":71487,"position":0},"title":"Veja quando o corredor de \u00f4nibus central ser\u00e1 inaugurado em Ribeir\u00e3o Preto","author":"ismaelcolosi.com.br","date":"16 de October de 2024","format":false,"excerpt":"A Prefeitura de Ribeir\u00e3o Preto informou que a inaugura\u00e7\u00e3o dos corredores de \u00f4nibus na regi\u00e3o Central do munic\u00edpio ser\u00e1 nesta quinta-feira (17), \u00e0s 10h. A conclus\u00e3o das obras deveria ter acontecido em maio, contudo, a Administra\u00e7\u00e3o prorrogou o prazo em abril. A solenidade vai acontecer na pra\u00e7a das Bandeiras, localizada\u2026","rel":"","context":"In &quot;Not\u00edcias de Ribeir\u00e3o Preto-SP e Regi\u00e3o&quot;","block_context":{"text":"Not\u00edcias de Ribeir\u00e3o Preto-SP e Regi\u00e3o","link":"https:\/\/ismaelcolosi.com.br\/index.php\/category\/noticias-de-ribeirao-preto-sp-e-regiao-ismael-colosi\/"},"img":{"alt_text":"","src":"https:\/\/i0.wp.com\/ismaelcolosi.com.br\/wp-content\/uploads\/2024\/10\/1729107319_novos-onibus-ribeirao-preto.jpg?fit=1200%2C800&ssl=1&resize=350%2C200","width":350,"height":200,"srcset":"https:\/\/i0.wp.com\/ismaelcolosi.com.br\/wp-content\/uploads\/2024\/10\/1729107319_novos-onibus-ribeirao-preto.jpg?fit=1200%2C800&ssl=1&resize=350%2C200 1x, https:\/\/i0.wp.com\/ismaelcolosi.com.br\/wp-content\/uploads\/2024\/10\/1729107319_novos-onibus-ribeirao-preto.jpg?fit=1200%2C800&ssl=1&resize=525%2C300 1.5x, https:\/\/i0.wp.com\/ismaelcolosi.com.br\/wp-content\/uploads\/2024\/10\/1729107319_novos-onibus-ribeirao-preto.jpg?fit=1200%2C800&ssl=1&resize=700%2C400 2x, https:\/\/i0.wp.com\/ismaelcolosi.com.br\/wp-content\/uploads\/2024\/10\/1729107319_novos-onibus-ribeirao-preto.jpg?fit=1200%2C800&ssl=1&resize=1050%2C600 3x"},"classes":[]},{"id":71775,"url":"https:\/\/ismaelcolosi.com.br\/index.php\/2024\/10\/17\/corredor-de-onibus-central-e-inaugurado-em-ribeirao-veja-quando-comeca-a-fiscalizacao\/","url_meta":{"origin":71487,"position":1},"title":"Corredor de \u00f4nibus central \u00e9 inaugurado em Ribeir\u00e3o; Veja quando come\u00e7a a fiscaliza\u00e7\u00e3o","author":"ismaelcolosi.com.br","date":"17 de October de 2024","format":false,"excerpt":"A Prefeitura de Ribeir\u00e3o Preto inaugurou nesta quinta-feira (17), os corredores de \u00f4nibus da regi\u00e3o central do munic\u00edpio. A fiscaliza\u00e7\u00e3o, no entanto, come\u00e7a no dia 1\u00ba de novembro de 2024, de acordo com a RP Mobi. Com sete quil\u00f4metros de extens\u00e3o, o corredor de \u00f4nibus central passa por diversas ruas\u2026","rel":"","context":"In &quot;Not\u00edcias de Ribeir\u00e3o Preto-SP e Regi\u00e3o&quot;","block_context":{"text":"Not\u00edcias de Ribeir\u00e3o Preto-SP e Regi\u00e3o","link":"https:\/\/ismaelcolosi.com.br\/index.php\/category\/noticias-de-ribeirao-preto-sp-e-regiao-ismael-colosi\/"},"img":{"alt_text":"","src":"https:\/\/i0.wp.com\/ismaelcolosi.com.br\/wp-content\/uploads\/2024\/10\/WhatsApp-Image-2024-10-17-at-15.21.41-2_2024-10-17_21-55-15_jpeg_2024-10-17_21-55-16-e1729202136692.webp.webp?fit=1200%2C792&ssl=1&resize=350%2C200","width":350,"height":200,"srcset":"https:\/\/i0.wp.com\/ismaelcolosi.com.br\/wp-content\/uploads\/2024\/10\/WhatsApp-Image-2024-10-17-at-15.21.41-2_2024-10-17_21-55-15_jpeg_2024-10-17_21-55-16-e1729202136692.webp.webp?fit=1200%2C792&ssl=1&resize=350%2C200 1x, https:\/\/i0.wp.com\/ismaelcolosi.com.br\/wp-content\/uploads\/2024\/10\/WhatsApp-Image-2024-10-17-at-15.21.41-2_2024-10-17_21-55-15_jpeg_2024-10-17_21-55-16-e1729202136692.webp.webp?fit=1200%2C792&ssl=1&resize=525%2C300 1.5x, https:\/\/i0.wp.com\/ismaelcolosi.com.br\/wp-content\/uploads\/2024\/10\/WhatsApp-Image-2024-10-17-at-15.21.41-2_2024-10-17_21-55-15_jpeg_2024-10-17_21-55-16-e1729202136692.webp.webp?fit=1200%2C792&ssl=1&resize=700%2C400 2x, https:\/\/i0.wp.com\/ismaelcolosi.com.br\/wp-content\/uploads\/2024\/10\/WhatsApp-Image-2024-10-17-at-15.21.41-2_2024-10-17_21-55-15_jpeg_2024-10-17_21-55-16-e1729202136692.webp.webp?fit=1200%2C792&ssl=1&resize=1050%2C600 3x"},"classes":[]},{"id":46653,"url":"https:\/\/ismaelcolosi.com.br\/index.php\/2024\/04\/12\/obras-no-centro-terao-atraso-de-4-meses-diz-prefeitura-de-ribeirao-preto\/","url_meta":{"origin":71487,"position":2},"title":"Obras no Centro ter\u00e3o atraso de 4 meses, diz Prefeitura de Ribeir\u00e3o Preto","author":"ismaelcolosi.com.br","date":"12 de April de 2024","format":false,"excerpt":"Comerciantes, moradores e pedestres que est\u00e3o sendo prejudicados com as obras para constru\u00e7\u00e3o do corredor de \u00f4nibus na regi\u00e3o Central de Ribeir\u00e3o Preto ter\u00e3o que esperar mais quatro meses para a conclus\u00e3o dos servi\u00e7os. O an\u00fancio do prazo estendido de 120 dias foi feito no fim da tarde desta sexta-feira\u2026","rel":"","context":"In &quot;Not\u00edcias de Ribeir\u00e3o Preto-SP e Regi\u00e3o&quot;","block_context":{"text":"Not\u00edcias de Ribeir\u00e3o Preto-SP e Regi\u00e3o","link":"https:\/\/ismaelcolosi.com.br\/index.php\/category\/noticias-de-ribeirao-preto-sp-e-regiao-ismael-colosi\/"},"img":{"alt_text":"","src":"https:\/\/i0.wp.com\/ismaelcolosi.com.br\/wp-content\/uploads\/2024\/04\/Copia-de-Copia-de-TAMANHO-EXATO-PARA-FOTOS-NO-SISTEMA-NOVO-29-1.webp.webp?fit=1200%2C675&ssl=1&resize=350%2C200","width":350,"height":200,"srcset":"https:\/\/i0.wp.com\/ismaelcolosi.com.br\/wp-content\/uploads\/2024\/04\/Copia-de-Copia-de-TAMANHO-EXATO-PARA-FOTOS-NO-SISTEMA-NOVO-29-1.webp.webp?fit=1200%2C675&ssl=1&resize=350%2C200 1x, https:\/\/i0.wp.com\/ismaelcolosi.com.br\/wp-content\/uploads\/2024\/04\/Copia-de-Copia-de-TAMANHO-EXATO-PARA-FOTOS-NO-SISTEMA-NOVO-29-1.webp.webp?fit=1200%2C675&ssl=1&resize=525%2C300 1.5x, https:\/\/i0.wp.com\/ismaelcolosi.com.br\/wp-content\/uploads\/2024\/04\/Copia-de-Copia-de-TAMANHO-EXATO-PARA-FOTOS-NO-SISTEMA-NOVO-29-1.webp.webp?fit=1200%2C675&ssl=1&resize=700%2C400 2x, https:\/\/i0.wp.com\/ismaelcolosi.com.br\/wp-content\/uploads\/2024\/04\/Copia-de-Copia-de-TAMANHO-EXATO-PARA-FOTOS-NO-SISTEMA-NOVO-29-1.webp.webp?fit=1200%2C675&ssl=1&resize=1050%2C600 3x"},"classes":[]},{"id":46692,"url":"https:\/\/ismaelcolosi.com.br\/index.php\/2024\/04\/13\/obras-no-centro-terao-atraso-de-4-meses-diz-prefeitura-de-ribeirao-preto-2\/","url_meta":{"origin":71487,"position":3},"title":"Obras no Centro ter\u00e3o atraso de 4 meses, diz Prefeitura de Ribeir\u00e3o Preto","author":"ismaelcolosi.com.br","date":"13 de April de 2024","format":false,"excerpt":"Comerciantes, moradores e pedestres que est\u00e3o sendo prejudicados com as obras para constru\u00e7\u00e3o do corredor de \u00f4nibus na regi\u00e3o Central de Ribeir\u00e3o Preto ter\u00e3o que esperar mais quatro meses para a conclus\u00e3o dos servi\u00e7os. O an\u00fancio do prazo estendido de 120 dias foi feito no fim da tarde desta sexta-feira\u2026","rel":"","context":"In &quot;Not\u00edcias de Ribeir\u00e3o Preto-SP e Regi\u00e3o&quot;","block_context":{"text":"Not\u00edcias de Ribeir\u00e3o Preto-SP e Regi\u00e3o","link":"https:\/\/ismaelcolosi.com.br\/index.php\/category\/noticias-de-ribeirao-preto-sp-e-regiao-ismael-colosi\/"},"img":{"alt_text":"","src":"https:\/\/i0.wp.com\/ismaelcolosi.com.br\/wp-content\/uploads\/2024\/04\/Copia-de-Copia-de-TAMANHO-EXATO-PARA-FOTOS-NO-SISTEMA-NOVO-29-1.webp.webp?fit=1200%2C675&ssl=1&resize=350%2C200","width":350,"height":200,"srcset":"https:\/\/i0.wp.com\/ismaelcolosi.com.br\/wp-content\/uploads\/2024\/04\/Copia-de-Copia-de-TAMANHO-EXATO-PARA-FOTOS-NO-SISTEMA-NOVO-29-1.webp.webp?fit=1200%2C675&ssl=1&resize=350%2C200 1x, https:\/\/i0.wp.com\/ismaelcolosi.com.br\/wp-content\/uploads\/2024\/04\/Copia-de-Copia-de-TAMANHO-EXATO-PARA-FOTOS-NO-SISTEMA-NOVO-29-1.webp.webp?fit=1200%2C675&ssl=1&resize=525%2C300 1.5x, https:\/\/i0.wp.com\/ismaelcolosi.com.br\/wp-content\/uploads\/2024\/04\/Copia-de-Copia-de-TAMANHO-EXATO-PARA-FOTOS-NO-SISTEMA-NOVO-29-1.webp.webp?fit=1200%2C675&ssl=1&resize=700%2C400 2x, https:\/\/i0.wp.com\/ismaelcolosi.com.br\/wp-content\/uploads\/2024\/04\/Copia-de-Copia-de-TAMANHO-EXATO-PARA-FOTOS-NO-SISTEMA-NOVO-29-1.webp.webp?fit=1200%2C675&ssl=1&resize=1050%2C600 3x"},"classes":[]},{"id":6065,"url":"https:\/\/ismaelcolosi.com.br\/index.php\/2023\/11\/24\/rua-barao-do-amazonas-nao-tera-mais-interdicoes-este-ano\/","url_meta":{"origin":71487,"position":4},"title":"Rua Bar\u00e3o do Amazonas n\u00e3o ter\u00e1 mais interdi\u00e7\u00f5es este ano","author":"ismaelcolosi.com.br","date":"24 de November de 2023","format":false,"excerpt":"24 de novembro de 2023 | 18:17 0A interdi\u00e7\u00e3o na rua Bar\u00e3o do Amazonas, no trecho entre as ruas Campos Sales e Rui Barbosa, foi adiada para 2024. A mudan\u00e7a \u00e9 para n\u00e3o prejudicar o com\u00e9rcio no per\u00edodo natalino. Conforme acordado com os comerciantes e entidades do setor, no per\u00edodo\u2026","rel":"","context":"In &quot;Not\u00edcias de Ribeir\u00e3o Preto-SP e Regi\u00e3o&quot;","block_context":{"text":"Not\u00edcias de Ribeir\u00e3o Preto-SP e Regi\u00e3o","link":"https:\/\/ismaelcolosi.com.br\/index.php\/category\/noticias-de-ribeirao-preto-sp-e-regiao-ismael-colosi\/"},"img":{"alt_text":"","src":"https:\/\/i0.wp.com\/ismaelcolosi.com.br\/wp-content\/uploads\/2023\/11\/obras-1.jpg?fit=1200%2C800&ssl=1&resize=350%2C200","width":350,"height":200,"srcset":"https:\/\/i0.wp.com\/ismaelcolosi.com.br\/wp-content\/uploads\/2023\/11\/obras-1.jpg?fit=1200%2C800&ssl=1&resize=350%2C200 1x, https:\/\/i0.wp.com\/ismaelcolosi.com.br\/wp-content\/uploads\/2023\/11\/obras-1.jpg?fit=1200%2C800&ssl=1&resize=525%2C300 1.5x, https:\/\/i0.wp.com\/ismaelcolosi.com.br\/wp-content\/uploads\/2023\/11\/obras-1.jpg?fit=1200%2C800&ssl=1&resize=700%2C400 2x, https:\/\/i0.wp.com\/ismaelcolosi.com.br\/wp-content\/uploads\/2023\/11\/obras-1.jpg?fit=1200%2C800&ssl=1&resize=1050%2C600 3x"},"classes":[]},{"id":31700,"url":"https:\/\/ismaelcolosi.com.br\/index.php\/2024\/01\/23\/obras-em-corredor-de-onibus-da-castelo-branco-e-treze-de-maio-serao-retomadas-em-ribeirao\/","url_meta":{"origin":71487,"position":5},"title":"Obras em corredor de \u00f4nibus da Castelo Branco e Treze de Maio ser\u00e3o retomadas em Ribeir\u00e3o","author":"ismaelcolosi.com.br","date":"23 de January de 2024","format":false,"excerpt":"As obras do corredor de \u00f4nibus Castelo Branco\/Treze de Maio, na zona Leste de Ribeir\u00e3o Preto, ser\u00e3o retomadas nesta ter\u00e7a-feira (23). O primeiro trabalho a ser executado neste retorno \u00e9 a pavimenta\u00e7\u00e3o do trecho da avenida Le\u00e3o XIII. A previs\u00e3o \u00e9 de que essa etapa dure ao menos uma semana.\u2026","rel":"","context":"In &quot;Not\u00edcias de Ribeir\u00e3o Preto-SP e Regi\u00e3o&quot;","block_context":{"text":"Not\u00edcias de Ribeir\u00e3o Preto-SP e Regi\u00e3o","link":"https:\/\/ismaelcolosi.com.br\/index.php\/category\/noticias-de-ribeirao-preto-sp-e-regiao-ismael-colosi\/"},"img":{"alt_text":"","src":"https:\/\/i0.wp.com\/ismaelcolosi.com.br\/wp-content\/uploads\/2024\/01\/corredor-castelo.jpg?fit=1200%2C800&ssl=1&resize=350%2C200","width":350,"height":200,"srcset":"https:\/\/i0.wp.com\/ismaelcolosi.com.br\/wp-content\/uploads\/2024\/01\/corredor-castelo.jpg?fit=1200%2C800&ssl=1&resize=350%2C200 1x, https:\/\/i0.wp.com\/ismaelcolosi.com.br\/wp-content\/uploads\/2024\/01\/corredor-castelo.jpg?fit=1200%2C800&ssl=1&resize=525%2C300 1.5x, https:\/\/i0.wp.com\/ismaelcolosi.com.br\/wp-content\/uploads\/2024\/01\/corredor-castelo.jpg?fit=1200%2C800&ssl=1&resize=700%2C400 2x, https:\/\/i0.wp.com\/ismaelcolosi.com.br\/wp-content\/uploads\/2024\/01\/corredor-castelo.jpg?fit=1200%2C800&ssl=1&resize=1050%2C600 3x"},"classes":[]}],"jetpack_sharing_enabled":true,"jetpack_shortlink":"https:\/\/wp.me\/pfMlyK-iB1","_links":{"self":[{"href":"https:\/\/ismaelcolosi.com.br\/index.php\/wp-json\/wp\/v2\/posts\/71487","targetHints":{"allow":["GET"]}}],"collection":[{"href":"https:\/\/ismaelcolosi.com.br\/index.php\/wp-json\/wp\/v2\/posts"}],"about":[{"href":"https:\/\/ismaelcolosi.com.br\/index.php\/wp-json\/wp\/v2\/types\/post"}],"author":[{"embeddable":true,"href":"https:\/\/ismaelcolosi.com.br\/index.php\/wp-json\/wp\/v2\/users\/1"}],"replies":[{"embeddable":true,"href":"https:\/\/ismaelcolosi.com.br\/index.php\/wp-json\/wp\/v2\/comments?post=71487"}],"version-history":[{"count":0,"href":"https:\/\/ismaelcolosi.com.br\/index.php\/wp-json\/wp\/v2\/posts\/71487\/revisions"}],"wp:featuredmedia":[{"embeddable":true,"href":"https:\/\/ismaelcolosi.com.br\/index.php\/wp-json\/wp\/v2\/media\/71488"}],"wp:attachment":[{"href":"https:\/\/ismaelcolosi.com.br\/index.php\/wp-json\/wp\/v2\/media?parent=71487"}],"wp:term":[{"taxonomy":"category","embeddable":true,"href":"https:\/\/ismaelcolosi.com.br\/index.php\/wp-json\/wp\/v2\/categories?post=71487"},{"taxonomy":"post_tag","embeddable":true,"href":"https:\/\/ismaelcolosi.com.br\/index.php\/wp-json\/wp\/v2\/tags?post=71487"}],"curies":[{"name":"wp","href":"https:\/\/api.w.org\/{rel}","templated":true}]}}