{"id":71476,"date":"2024-10-16T15:19:09","date_gmt":"2024-10-16T18:19:09","guid":{"rendered":"https:\/\/ismaelcolosi.com.br\/index.php\/2024\/10\/16\/receita-federal-apreende-r-300-mil-em-smartphones-em-ribeirao-preto\/"},"modified":"2024-10-16T15:19:09","modified_gmt":"2024-10-16T18:19:09","slug":"receita-federal-apreende-r-300-mil-em-smartphones-em-ribeirao-preto","status":"publish","type":"post","link":"https:\/\/ismaelcolosi.com.br\/index.php\/2024\/10\/16\/receita-federal-apreende-r-300-mil-em-smartphones-em-ribeirao-preto\/","title":{"rendered":"Receita Federal apreende R$ 300 mil em smartphones em Ribeir\u00e3o Preto"},"content":{"rendered":"<p> <br \/>\n<\/p>\n<div data-td-block-uid=\"tdi_106\">\n<div class=\"tdb-block-inner td-fix-index\">\n<p>A <strong><a href=\"https:\/\/www.gov.br\/receitafederal\/pt-br\" target=\"_blank\" rel=\"noreferrer noopener nofollow\">Receita Federal<\/a><\/strong> informou que a equipe de Vigil\u00e2ncia e Repress\u00e3o Aduaneira de <strong>Ribeir\u00e3o Preto<\/strong> apreendeu uma <mark style=\"background-color:#fcb900\" class=\"has-inline-color has-black-color\">carga avaliada em R$ 300 mil de smartphones <\/mark>que teria entrado de maneira irregular no Brasil. A a\u00e7\u00e3o aconteceu na \u00faltima segunda-feira (14) e divulgada nesta quarta-feira.<\/p>\n<p>De acordo com a Receita Federal, foram apreendidos quase 200 aparelhos, que estavam sem documenta\u00e7\u00e3o fiscal, o Documento Auxiliar de Nota Fiscal Eletr\u00f4nica. O nome da empresa respons\u00e1vel pelos produtos n\u00e3o foi informado.<\/p>\n<p>A fiscaliza\u00e7\u00e3o informou que os remetentes da carga ser\u00e3o notificados e receber\u00e3o prazo de 24 horas para apresenta\u00e7\u00e3o da documenta\u00e7\u00e3o. J\u00e1 as mercadorias ser\u00e3o destinadas ao dep\u00f3sito da Receita Federal, quando ser\u00e1 aberto o processo administrativo fiscal para a ado\u00e7\u00e3o das medidas legais cab\u00edveis.<\/p>\n<p>\u201cEm tese, esta pr\u00e1tica configura o crime de descaminho, previsto no C\u00f3digo Penal. Esse crime, al\u00e9m dos tributos sonegados, gera distor\u00e7\u00f5es na economia, uma vez que cria um ambiente de concorr\u00eancia desleal entre as empresas, al\u00e9m de outras consequ\u00eancias nocivas ao ambiente de neg\u00f3cios\u201d, informa.<\/p>\n<p>SAIBA MAIS<br \/>Multinacional abre vagas para aprendiz na regi\u00e3o de Ribeir\u00e3o Preto<\/p>\n<h4 class=\"wp-block-heading\"><strong>FIQUE ON<\/strong><\/h4>\n<p>Fique ligado em tudo que acontece em Ribeir\u00e3o Preto e regi\u00e3o. Siga os perfis do <strong>acidade on<\/strong> no <a href=\"https:\/\/www.instagram.com\/acidadeonribeirao\" target=\"_blank\" rel=\"noreferrer noopener nofollow\">Instagram<\/a> e no<a href=\"https:\/\/www.facebook.com\/acidadeonribeirao\/\" target=\"_blank\" rel=\"noreferrer noopener nofollow\"> Facebook<\/a>.<\/p>\n<p>Receba not\u00edcias do<strong> acidade on<\/strong> no WhatsApp. <a href=\"https:\/\/chat.whatsapp.com\/Fg4ok3aAVyB59DP63pRapr\" target=\"_blank\" rel=\"noreferrer noopener nofollow\">Para entrar no grupo, basta clicar aqui.<\/a><\/p>\n<p>Fa\u00e7a uma den\u00fancia ou sugira uma reportagem sobre Ribeir\u00e3o Preto e regi\u00e3o pelo WhatsApp: 16 99117 7802.<\/p>\n<p>VEJA TAMB\u00c9M<br \/>Como pedir aux\u00edlio-doen\u00e7a nos Correios?<\/p>\n<p><!-- CONTENT END 1 -->\n<\/div>\n<\/div>\n<p><script async src=\"\/\/www.instagram.com\/embed.js\"><\/script><br \/>\n<br \/><br \/>\n<br \/><a href=\"https:\/\/www.acidadeon.com\/ribeiraopreto\/economia\/receita-federal-apreende-r-300-mil-em-smartphones-em-ribeirao-preto\/\">Source link <\/a><\/p>\n","protected":false},"excerpt":{"rendered":"<p>A Receita Federal informou que a equipe de Vigil\u00e2ncia e Repress\u00e3o Aduaneira de Ribeir\u00e3o Preto apreendeu uma carga avaliada em R$ 300 mil de smartphones&#8230;<\/p>\n","protected":false},"author":1,"featured_media":71477,"comment_status":"open","ping_status":"open","sticky":false,"template":"","format":"standard","meta":{"_uag_custom_page_level_css":"","advanced_seo_description":"","jetpack_seo_html_title":"","jetpack_seo_noindex":false,"jetpack_post_was_ever_published":false,"_jetpack_newsletter_access":"","_jetpack_dont_email_post_to_subs":false,"_jetpack_newsletter_tier_id":0,"_jetpack_memberships_contains_paywalled_content":false,"_jetpack_memberships_contains_paid_content":false,"footnotes":"","jetpack_publicize_message":"","jetpack_publicize_feature_enabled":true,"jetpack_social_post_already_shared":true,"jetpack_social_options":{"image_generator_settings":{"template":"highway","default_image_id":0,"font":"","enabled":false},"version":2}},"categories":[11],"tags":[],"class_list":["post-71476","post","type-post","status-publish","format-standard","has-post-thumbnail","hentry","category-noticias-de-ribeirao-preto-sp-e-regiao-ismael-colosi"],"jetpack_publicize_connections":[],"jetpack_featured_media_url":"https:\/\/i0.wp.com\/ismaelcolosi.com.br\/wp-content\/uploads\/2024\/10\/receita-2_2024-10-16_17-44-35_jpeg_2024-10-16_17-44-35.webp.webp?fit=1280%2C960&ssl=1","uagb_featured_image_src":{"full":["https:\/\/i0.wp.com\/ismaelcolosi.com.br\/wp-content\/uploads\/2024\/10\/receita-2_2024-10-16_17-44-35_jpeg_2024-10-16_17-44-35.webp.webp?fit=1280%2C960&ssl=1",1280,960,false],"thumbnail":["https:\/\/i0.wp.com\/ismaelcolosi.com.br\/wp-content\/uploads\/2024\/10\/receita-2_2024-10-16_17-44-35_jpeg_2024-10-16_17-44-35.webp.webp?resize=150%2C150&ssl=1",150,150,true],"medium":["https:\/\/i0.wp.com\/ismaelcolosi.com.br\/wp-content\/uploads\/2024\/10\/receita-2_2024-10-16_17-44-35_jpeg_2024-10-16_17-44-35.webp.webp?fit=300%2C225&ssl=1",300,225,true],"medium_large":["https:\/\/i0.wp.com\/ismaelcolosi.com.br\/wp-content\/uploads\/2024\/10\/receita-2_2024-10-16_17-44-35_jpeg_2024-10-16_17-44-35.webp.webp?fit=768%2C576&ssl=1",768,576,true],"large":["https:\/\/i0.wp.com\/ismaelcolosi.com.br\/wp-content\/uploads\/2024\/10\/receita-2_2024-10-16_17-44-35_jpeg_2024-10-16_17-44-35.webp.webp?fit=1024%2C768&ssl=1",1024,768,true],"1536x1536":["https:\/\/i0.wp.com\/ismaelcolosi.com.br\/wp-content\/uploads\/2024\/10\/receita-2_2024-10-16_17-44-35_jpeg_2024-10-16_17-44-35.webp.webp?fit=1280%2C960&ssl=1",1280,960,true],"2048x2048":["https:\/\/i0.wp.com\/ismaelcolosi.com.br\/wp-content\/uploads\/2024\/10\/receita-2_2024-10-16_17-44-35_jpeg_2024-10-16_17-44-35.webp.webp?fit=1280%2C960&ssl=1",1280,960,true],"really-simple-thumb":["https:\/\/i0.wp.com\/ismaelcolosi.com.br\/wp-content\/uploads\/2024\/10\/receita-2_2024-10-16_17-44-35_jpeg_2024-10-16_17-44-35.webp.webp?resize=370%2C247&ssl=1",370,247,true]},"uagb_author_info":{"display_name":"ismaelcolosi.com.br","author_link":"https:\/\/ismaelcolosi.com.br\/index.php\/author\/vidareal-online\/"},"uagb_comment_info":0,"uagb_excerpt":"A Receita Federal informou que a equipe de Vigil\u00e2ncia e Repress\u00e3o Aduaneira de Ribeir\u00e3o Preto apreendeu uma carga avaliada em R$ 300 mil de smartphones...","jetpack-related-posts":[{"id":66569,"url":"https:\/\/ismaelcolosi.com.br\/index.php\/2024\/09\/18\/mais-de-r-300-mil-foram-apreendidos-em-loja-de-celulares-em-ribeirao-preto\/","url_meta":{"origin":71476,"position":0},"title":"Mais de R$ 300 mil foram apreendidos em loja de celulares em Ribeir\u00e3o Preto","author":"ismaelcolosi.com.br","date":"18 de September de 2024","format":false,"excerpt":"A equipe de Vigil\u00e2ncia e Repress\u00e3o da Receita Federal realizou, na \u00faltima ter\u00e7a-feira (17), uma opera\u00e7\u00e3o de combate ao contrabando e descaminho em Ribeir\u00e3o Preto e apreendeu mais de R$ 300 mil em produtos em uma loja de celulares, tablets e computadores. De acordo com a Receita Federal, foram apreendidos\u2026","rel":"","context":"In &quot;Not\u00edcias de Ribeir\u00e3o Preto-SP e Regi\u00e3o&quot;","block_context":{"text":"Not\u00edcias de Ribeir\u00e3o Preto-SP e Regi\u00e3o","link":"https:\/\/ismaelcolosi.com.br\/index.php\/category\/noticias-de-ribeirao-preto-sp-e-regiao-ismael-colosi\/"},"img":{"alt_text":"","src":"https:\/\/i0.wp.com\/ismaelcolosi.com.br\/wp-content\/uploads\/2024\/09\/celular_2024-09-18_13-05-23_jpg_2024-09-18_13-05-23.webp.webp?fit=1200%2C900&ssl=1&resize=350%2C200","width":350,"height":200,"srcset":"https:\/\/i0.wp.com\/ismaelcolosi.com.br\/wp-content\/uploads\/2024\/09\/celular_2024-09-18_13-05-23_jpg_2024-09-18_13-05-23.webp.webp?fit=1200%2C900&ssl=1&resize=350%2C200 1x, https:\/\/i0.wp.com\/ismaelcolosi.com.br\/wp-content\/uploads\/2024\/09\/celular_2024-09-18_13-05-23_jpg_2024-09-18_13-05-23.webp.webp?fit=1200%2C900&ssl=1&resize=525%2C300 1.5x, https:\/\/i0.wp.com\/ismaelcolosi.com.br\/wp-content\/uploads\/2024\/09\/celular_2024-09-18_13-05-23_jpg_2024-09-18_13-05-23.webp.webp?fit=1200%2C900&ssl=1&resize=700%2C400 2x, https:\/\/i0.wp.com\/ismaelcolosi.com.br\/wp-content\/uploads\/2024\/09\/celular_2024-09-18_13-05-23_jpg_2024-09-18_13-05-23.webp.webp?fit=1200%2C900&ssl=1&resize=1050%2C600 3x"},"classes":[]},{"id":33369,"url":"https:\/\/ismaelcolosi.com.br\/index.php\/2024\/01\/29\/termina-nesta-segunda-prazo-para-propostas-do-leilao-da-receita-federal-de-ribeirao-preto\/","url_meta":{"origin":71476,"position":1},"title":"Termina nesta segunda prazo para propostas do leil\u00e3o da Receita Federal de Ribeir\u00e3o Preto","author":"ismaelcolosi.com.br","date":"29 de January de 2024","format":false,"excerpt":"O prazo para as propostas do leil\u00e3o da Receita Federal de Ribeir\u00e3o Preto termina \u00e0s 21h desta segunda-feira (29). Os interessados em adquirir um dos 74 lotes com valores entre R$ 200 e R$ 200 mil devem apresentar os lances pelo site da Receita. Entre os produtos dispon\u00edveis nos lotes\u2026","rel":"","context":"In &quot;Not\u00edcias de Ribeir\u00e3o Preto-SP e Regi\u00e3o&quot;","block_context":{"text":"Not\u00edcias de Ribeir\u00e3o Preto-SP e Regi\u00e3o","link":"https:\/\/ismaelcolosi.com.br\/index.php\/category\/noticias-de-ribeirao-preto-sp-e-regiao-ismael-colosi\/"},"img":{"alt_text":"","src":"https:\/\/i0.wp.com\/ismaelcolosi.com.br\/wp-content\/uploads\/2024\/01\/1706542308_Copia-de-Copia-de-TAMANHO-EXATO-PARA-FOTOS-NO-SISTEMA-NOVO-15.jpg?fit=1200%2C675&ssl=1&resize=350%2C200","width":350,"height":200,"srcset":"https:\/\/i0.wp.com\/ismaelcolosi.com.br\/wp-content\/uploads\/2024\/01\/1706542308_Copia-de-Copia-de-TAMANHO-EXATO-PARA-FOTOS-NO-SISTEMA-NOVO-15.jpg?fit=1200%2C675&ssl=1&resize=350%2C200 1x, https:\/\/i0.wp.com\/ismaelcolosi.com.br\/wp-content\/uploads\/2024\/01\/1706542308_Copia-de-Copia-de-TAMANHO-EXATO-PARA-FOTOS-NO-SISTEMA-NOVO-15.jpg?fit=1200%2C675&ssl=1&resize=525%2C300 1.5x, https:\/\/i0.wp.com\/ismaelcolosi.com.br\/wp-content\/uploads\/2024\/01\/1706542308_Copia-de-Copia-de-TAMANHO-EXATO-PARA-FOTOS-NO-SISTEMA-NOVO-15.jpg?fit=1200%2C675&ssl=1&resize=700%2C400 2x, https:\/\/i0.wp.com\/ismaelcolosi.com.br\/wp-content\/uploads\/2024\/01\/1706542308_Copia-de-Copia-de-TAMANHO-EXATO-PARA-FOTOS-NO-SISTEMA-NOVO-15.jpg?fit=1200%2C675&ssl=1&resize=1050%2C600 3x"},"classes":[]},{"id":51909,"url":"https:\/\/ismaelcolosi.com.br\/index.php\/2024\/06\/01\/receita-recebe-220-mil-declaracoes-do-irpf-em-ribeirao-veja-o-calendario-da-restituicao\/","url_meta":{"origin":71476,"position":2},"title":"Receita recebe 220 mil declara\u00e7\u00f5es do IRPF em Ribeir\u00e3o; Veja o calend\u00e1rio da restitui\u00e7\u00e3o\u00a0","author":"ismaelcolosi.com.br","date":"1 de June de 2024","format":false,"excerpt":"Acabou nesta sexta-feira (1\u00ba) o prazo para a entrega da declara\u00e7\u00e3o de Imposto de Renda de Pessoas F\u00edsicas (IRPF). Em Ribeir\u00e3o Preto, 230 mil declara\u00e7\u00f5es foram entregues pelos contribuintes. O total de contribuintes que entregaram a declara\u00e7\u00e3o representou um aumento de 4,5% em rela\u00e7\u00e3o ao ano de 2023, quando foram\u2026","rel":"","context":"In &quot;Not\u00edcias de Ribeir\u00e3o Preto-SP e Regi\u00e3o&quot;","block_context":{"text":"Not\u00edcias de Ribeir\u00e3o Preto-SP e Regi\u00e3o","link":"https:\/\/ismaelcolosi.com.br\/index.php\/category\/noticias-de-ribeirao-preto-sp-e-regiao-ismael-colosi\/"},"img":{"alt_text":"","src":"https:\/\/i0.wp.com\/ismaelcolosi.com.br\/wp-content\/uploads\/2024\/06\/o_lote_1200x675_23012022100706.jpg?fit=1200%2C675&ssl=1&resize=350%2C200","width":350,"height":200,"srcset":"https:\/\/i0.wp.com\/ismaelcolosi.com.br\/wp-content\/uploads\/2024\/06\/o_lote_1200x675_23012022100706.jpg?fit=1200%2C675&ssl=1&resize=350%2C200 1x, https:\/\/i0.wp.com\/ismaelcolosi.com.br\/wp-content\/uploads\/2024\/06\/o_lote_1200x675_23012022100706.jpg?fit=1200%2C675&ssl=1&resize=525%2C300 1.5x, https:\/\/i0.wp.com\/ismaelcolosi.com.br\/wp-content\/uploads\/2024\/06\/o_lote_1200x675_23012022100706.jpg?fit=1200%2C675&ssl=1&resize=700%2C400 2x, https:\/\/i0.wp.com\/ismaelcolosi.com.br\/wp-content\/uploads\/2024\/06\/o_lote_1200x675_23012022100706.jpg?fit=1200%2C675&ssl=1&resize=1050%2C600 3x"},"classes":[]},{"id":32473,"url":"https:\/\/ismaelcolosi.com.br\/index.php\/2024\/01\/25\/veja-como-fazer-propostas-no-leilao-da-receita-federal-de-ribeirao-preto\/","url_meta":{"origin":71476,"position":3},"title":"Veja como fazer propostas no leil\u00e3o da Receita Federal de Ribeir\u00e3o Preto","author":"ismaelcolosi.com.br","date":"25 de January de 2024","format":false,"excerpt":"Come\u00e7ou nesta quinta-feira (25) o in\u00edcio do prazo para propostas do leil\u00e3o da Receita Federal de Ribeir\u00e3o Preto. S\u00e3o 74 lotes com smartphones, smartwatches, notebooks, tablets, carros, drones e consoles de videogame. Os valores dos lotes variam de R$ 200 a R$ 200 mil. Os interessados podem apresentar as propostas\u2026","rel":"","context":"In &quot;Not\u00edcias de Ribeir\u00e3o Preto-SP e Regi\u00e3o&quot;","block_context":{"text":"Not\u00edcias de Ribeir\u00e3o Preto-SP e Regi\u00e3o","link":"https:\/\/ismaelcolosi.com.br\/index.php\/category\/noticias-de-ribeirao-preto-sp-e-regiao-ismael-colosi\/"},"img":{"alt_text":"","src":"https:\/\/i0.wp.com\/ismaelcolosi.com.br\/wp-content\/uploads\/2024\/01\/CARRO.jpg?fit=1200%2C988&ssl=1&resize=350%2C200","width":350,"height":200,"srcset":"https:\/\/i0.wp.com\/ismaelcolosi.com.br\/wp-content\/uploads\/2024\/01\/CARRO.jpg?fit=1200%2C988&ssl=1&resize=350%2C200 1x, https:\/\/i0.wp.com\/ismaelcolosi.com.br\/wp-content\/uploads\/2024\/01\/CARRO.jpg?fit=1200%2C988&ssl=1&resize=525%2C300 1.5x, https:\/\/i0.wp.com\/ismaelcolosi.com.br\/wp-content\/uploads\/2024\/01\/CARRO.jpg?fit=1200%2C988&ssl=1&resize=700%2C400 2x, https:\/\/i0.wp.com\/ismaelcolosi.com.br\/wp-content\/uploads\/2024\/01\/CARRO.jpg?fit=1200%2C988&ssl=1&resize=1050%2C600 3x"},"classes":[]},{"id":63466,"url":"https:\/\/ismaelcolosi.com.br\/index.php\/2024\/09\/02\/bebidas-importadas-anabolizantes-e-ipads-sao-apreendidos-em-ribeirao-preto\/","url_meta":{"origin":71476,"position":4},"title":"Bebidas importadas, anabolizantes e iPads s\u00e3o apreendidos em Ribeir\u00e3o Preto","author":"ismaelcolosi.com.br","date":"2 de September de 2024","format":false,"excerpt":"A Receita Federal apreendeu R$ 400 mil em mercadorias entre bebidas importadas, anabolizantes e iPads em uma opera\u00e7\u00e3o no Centro de Tratamento de Cartas e Encomendas dos Correios de Ribeir\u00e3o Preto, na \u00faltima sexta-feira (30). De acordo com a Receita Federal, os anabolizantes apreendidos n\u00e3o tinham autoriza\u00e7\u00e3o da Anvisa (Ag\u00eancia\u2026","rel":"","context":"In &quot;Not\u00edcias de Ribeir\u00e3o Preto-SP e Regi\u00e3o&quot;","block_context":{"text":"Not\u00edcias de Ribeir\u00e3o Preto-SP e Regi\u00e3o","link":"https:\/\/ismaelcolosi.com.br\/index.php\/category\/noticias-de-ribeirao-preto-sp-e-regiao-ismael-colosi\/"},"img":{"alt_text":"","src":"https:\/\/i0.wp.com\/ismaelcolosi.com.br\/wp-content\/uploads\/2024\/09\/receita-federal_2024-09-02_15-58-53_jpeg_2024-09-02_15-58-54.webp.webp?fit=1200%2C900&ssl=1&resize=350%2C200","width":350,"height":200,"srcset":"https:\/\/i0.wp.com\/ismaelcolosi.com.br\/wp-content\/uploads\/2024\/09\/receita-federal_2024-09-02_15-58-53_jpeg_2024-09-02_15-58-54.webp.webp?fit=1200%2C900&ssl=1&resize=350%2C200 1x, https:\/\/i0.wp.com\/ismaelcolosi.com.br\/wp-content\/uploads\/2024\/09\/receita-federal_2024-09-02_15-58-53_jpeg_2024-09-02_15-58-54.webp.webp?fit=1200%2C900&ssl=1&resize=525%2C300 1.5x, https:\/\/i0.wp.com\/ismaelcolosi.com.br\/wp-content\/uploads\/2024\/09\/receita-federal_2024-09-02_15-58-53_jpeg_2024-09-02_15-58-54.webp.webp?fit=1200%2C900&ssl=1&resize=700%2C400 2x, https:\/\/i0.wp.com\/ismaelcolosi.com.br\/wp-content\/uploads\/2024\/09\/receita-federal_2024-09-02_15-58-53_jpeg_2024-09-02_15-58-54.webp.webp?fit=1200%2C900&ssl=1&resize=1050%2C600 3x"},"classes":[]},{"id":55800,"url":"https:\/\/ismaelcolosi.com.br\/index.php\/2024\/07\/05\/receita-federal-apreende-r-600-mil-em-vinhos-celulares-e-perfumes-em-ribeirao-preto\/","url_meta":{"origin":71476,"position":5},"title":"Receita Federal apreende R$ 600 mil em vinhos, celulares e perfumes em Ribeir\u00e3o Preto","author":"ismaelcolosi.com.br","date":"5 de July de 2024","format":false,"excerpt":"Uma opera\u00e7\u00e3o conjunta da Receita Federal e dos Correios apreendeu cerca de R$ 600 mil em celulares, vinhos, tablets, produtos de inform\u00e1tica, videogames e perfumes importados no centro de distribui\u00e7\u00e3o dos Correios de Ribeir\u00e3o Preto, na noite desta quinta-feira (4). Conforme o comunicado do \u00f3rg\u00e3o, os produtos \u201centraram de forma\u2026","rel":"","context":"In &quot;Not\u00edcias de Ribeir\u00e3o Preto-SP e Regi\u00e3o&quot;","block_context":{"text":"Not\u00edcias de Ribeir\u00e3o Preto-SP e Regi\u00e3o","link":"https:\/\/ismaelcolosi.com.br\/index.php\/category\/noticias-de-ribeirao-preto-sp-e-regiao-ismael-colosi\/"},"img":{"alt_text":"","src":"https:\/\/i0.wp.com\/ismaelcolosi.com.br\/wp-content\/uploads\/2024\/07\/Copia-de-Copia-de-TAMANHO-EXATO-PARA-FOTOS-NO-SISTEMA-NOVO-99_2024-07-05_17-57-11_png_2024-07-05_17-57-12.webp.webp?fit=1200%2C675&ssl=1&resize=350%2C200","width":350,"height":200,"srcset":"https:\/\/i0.wp.com\/ismaelcolosi.com.br\/wp-content\/uploads\/2024\/07\/Copia-de-Copia-de-TAMANHO-EXATO-PARA-FOTOS-NO-SISTEMA-NOVO-99_2024-07-05_17-57-11_png_2024-07-05_17-57-12.webp.webp?fit=1200%2C675&ssl=1&resize=350%2C200 1x, https:\/\/i0.wp.com\/ismaelcolosi.com.br\/wp-content\/uploads\/2024\/07\/Copia-de-Copia-de-TAMANHO-EXATO-PARA-FOTOS-NO-SISTEMA-NOVO-99_2024-07-05_17-57-11_png_2024-07-05_17-57-12.webp.webp?fit=1200%2C675&ssl=1&resize=525%2C300 1.5x, https:\/\/i0.wp.com\/ismaelcolosi.com.br\/wp-content\/uploads\/2024\/07\/Copia-de-Copia-de-TAMANHO-EXATO-PARA-FOTOS-NO-SISTEMA-NOVO-99_2024-07-05_17-57-11_png_2024-07-05_17-57-12.webp.webp?fit=1200%2C675&ssl=1&resize=700%2C400 2x, https:\/\/i0.wp.com\/ismaelcolosi.com.br\/wp-content\/uploads\/2024\/07\/Copia-de-Copia-de-TAMANHO-EXATO-PARA-FOTOS-NO-SISTEMA-NOVO-99_2024-07-05_17-57-11_png_2024-07-05_17-57-12.webp.webp?fit=1200%2C675&ssl=1&resize=1050%2C600 3x"},"classes":[]}],"jetpack_sharing_enabled":true,"jetpack_shortlink":"https:\/\/wp.me\/pfMlyK-iAQ","_links":{"self":[{"href":"https:\/\/ismaelcolosi.com.br\/index.php\/wp-json\/wp\/v2\/posts\/71476","targetHints":{"allow":["GET"]}}],"collection":[{"href":"https:\/\/ismaelcolosi.com.br\/index.php\/wp-json\/wp\/v2\/posts"}],"about":[{"href":"https:\/\/ismaelcolosi.com.br\/index.php\/wp-json\/wp\/v2\/types\/post"}],"author":[{"embeddable":true,"href":"https:\/\/ismaelcolosi.com.br\/index.php\/wp-json\/wp\/v2\/users\/1"}],"replies":[{"embeddable":true,"href":"https:\/\/ismaelcolosi.com.br\/index.php\/wp-json\/wp\/v2\/comments?post=71476"}],"version-history":[{"count":0,"href":"https:\/\/ismaelcolosi.com.br\/index.php\/wp-json\/wp\/v2\/posts\/71476\/revisions"}],"wp:featuredmedia":[{"embeddable":true,"href":"https:\/\/ismaelcolosi.com.br\/index.php\/wp-json\/wp\/v2\/media\/71477"}],"wp:attachment":[{"href":"https:\/\/ismaelcolosi.com.br\/index.php\/wp-json\/wp\/v2\/media?parent=71476"}],"wp:term":[{"taxonomy":"category","embeddable":true,"href":"https:\/\/ismaelcolosi.com.br\/index.php\/wp-json\/wp\/v2\/categories?post=71476"},{"taxonomy":"post_tag","embeddable":true,"href":"https:\/\/ismaelcolosi.com.br\/index.php\/wp-json\/wp\/v2\/tags?post=71476"}],"curies":[{"name":"wp","href":"https:\/\/api.w.org\/{rel}","templated":true}]}}