{"id":71472,"date":"2024-10-16T15:02:03","date_gmt":"2024-10-16T18:02:03","guid":{"rendered":"https:\/\/ismaelcolosi.com.br\/index.php\/2024\/10\/16\/governo-decide-que-nao-havera-horario-de-verao-neste-ano\/"},"modified":"2024-10-16T15:02:03","modified_gmt":"2024-10-16T18:02:03","slug":"governo-decide-que-nao-havera-horario-de-verao-neste-ano","status":"publish","type":"post","link":"https:\/\/ismaelcolosi.com.br\/index.php\/2024\/10\/16\/governo-decide-que-nao-havera-horario-de-verao-neste-ano\/","title":{"rendered":"Governo decide que n\u00e3o haver\u00e1 hor\u00e1rio de ver\u00e3o neste ano"},"content":{"rendered":"<p> <br \/>\n<\/p>\n<div data-td-block-uid=\"tdi_106\">\n<div class=\"tdb-block-inner td-fix-index\">\n<p>Em coletiva realizada nesta quarta-feira (16), <strong>o ministro de Minas e Energia<\/strong>, Alexandre Silveira, <mark style=\"background-color:#fcb900\" class=\"has-inline-color\">descartou a volta do hor\u00e1rio de ver\u00e3o ainda este ano<\/mark>.<\/p>\n<p><strong>Nos pr\u00f3ximos meses<\/strong>, o <mark style=\"background-color:#fcb900\" class=\"has-inline-color\">Governo Federal vai avaliar se a medida volta a partir de 2025.<\/mark> <\/p>\n<p><strong>Comit\u00ea de Monitoramento do Setor El\u00e9trico<\/strong> <mark style=\"background-color:#fcb900\" class=\"has-inline-color\">havia recomendado o retorno do hor\u00e1rio de ver\u00e3o<\/mark>, em alguns estados, para dessincronizar pico do consumo de energia, no entanto, o <strong>Minist\u00e9rio de Minas e Energia alegou que as chuvas ajudaram a melhorar o cen\u00e1rio. <\/strong><\/p>\n<p><em>\u201cN\u00f3s hoje, na \u00faltima reuni\u00e3o com o Operador Nacional do Setor El\u00e9trico (ONS), chegamos \u00e0 conclus\u00e3o de que n\u00e3o h\u00e1 necessidade de decreta\u00e7\u00e3o do hor\u00e1rio de ver\u00e3o para este per\u00edodo, para este ver\u00e3o\u201d<\/em>, <strong>declarou Alexandre Silveira.<\/strong><\/p>\n<p><strong>O hor\u00e1rio de ver\u00e3o<\/strong> costumava acontecer entre <strong>outubro\/novembro<\/strong> e <strong>fevereiro\/mar\u00e7o<\/strong> de cada ano.<\/p>\n<p><em>\u201c\u00c9 importante que ele seja sempre considerado, ele n\u00e3o pode ser fruto de uma avalia\u00e7\u00e3o apenas dogm\u00e1tica ou de cunho pol\u00edtico. \u00c9 uma pol\u00edtica que tem reflexos tanto positivos quanto negativos no setor el\u00e9trico e na economia, portanto deve sempre estar na mesa para uma avalia\u00e7\u00e3o precisa do governo federal\u201d<\/em>, <strong>explicou o ministro. <\/strong><\/p>\n<p>SAIBA MAIS<br \/>Bairros de Ribeir\u00e3o Preto podem ficar sem \u00e1gua; Veja locais afetados<\/p>\n<h4 class=\"wp-block-heading\"><strong>FIQUE ON<\/strong><\/h4>\n<p>Fique ligado em tudo que acontece em Ribeir\u00e3o Preto e regi\u00e3o. Siga os perfis do <strong>acidade on <\/strong>no <a href=\"https:\/\/www.instagram.com\/acidadeonribeirao\" target=\"_blank\" rel=\"noreferrer noopener\">Instagram<\/a> e no <a href=\"https:\/\/www.facebook.com\/acidadeonribeirao\" target=\"_blank\" rel=\"noreferrer noopener\">Facebook<\/a>.<\/p>\n<p>Receba not\u00edcias do acidade on no WhatsApp. Para entrar no grupo, basta <a href=\"https:\/\/chat.whatsapp.com\/Dtv9mxhy6V5BJBotM2OQ5k\" target=\"_blank\" rel=\"noreferrer noopener\">clicar aqui<\/a>.<\/p>\n<p>Fa\u00e7a uma den\u00fancia ou sugira uma reportagem sobre Ribeir\u00e3o Preto e regi\u00e3o pelo WhatsApp: 16 99117 7802.<\/p>\n<p>VEJA TAMB\u00c9M<br \/>Sabrina Sato est\u00e1 gr\u00e1vida?<\/p>\n<p><!-- CONTENT END 1 -->\n<\/div>\n<\/div>\n<p><script async src=\"\/\/www.instagram.com\/embed.js\"><\/script><br \/>\n<br \/><br \/>\n<br \/><a href=\"https:\/\/www.acidadeon.com\/ribeiraopreto\/cotidiano\/governo-decide-que-nao-havera-o-horario-de-verao-neste-ano\/\">Source link <\/a><\/p>\n","protected":false},"excerpt":{"rendered":"<p>Em coletiva realizada nesta quarta-feira (16), o ministro de Minas e Energia, Alexandre Silveira, descartou a volta do hor\u00e1rio de ver\u00e3o ainda este ano. Nos&#8230;<\/p>\n","protected":false},"author":1,"featured_media":65586,"comment_status":"open","ping_status":"open","sticky":false,"template":"","format":"standard","meta":{"_uag_custom_page_level_css":"","advanced_seo_description":"","jetpack_seo_html_title":"","jetpack_seo_noindex":false,"jetpack_post_was_ever_published":false,"_jetpack_newsletter_access":"","_jetpack_dont_email_post_to_subs":false,"_jetpack_newsletter_tier_id":0,"_jetpack_memberships_contains_paywalled_content":false,"_jetpack_memberships_contains_paid_content":false,"footnotes":"","jetpack_publicize_message":"","jetpack_publicize_feature_enabled":true,"jetpack_social_post_already_shared":true,"jetpack_social_options":{"image_generator_settings":{"template":"highway","default_image_id":0,"font":"","enabled":false},"version":2}},"categories":[11],"tags":[],"class_list":["post-71472","post","type-post","status-publish","format-standard","has-post-thumbnail","hentry","category-noticias-de-ribeirao-preto-sp-e-regiao-ismael-colosi"],"jetpack_publicize_connections":[],"jetpack_featured_media_url":"https:\/\/i0.wp.com\/ismaelcolosi.com.br\/wp-content\/uploads\/2024\/09\/horario_de_verao_vale_esta_2024-09-12_21-52-03.webp.webp?fit=1170%2C700&ssl=1","uagb_featured_image_src":{"full":["https:\/\/i0.wp.com\/ismaelcolosi.com.br\/wp-content\/uploads\/2024\/09\/horario_de_verao_vale_esta_2024-09-12_21-52-03.webp.webp?fit=1170%2C700&ssl=1",1170,700,false],"thumbnail":["https:\/\/i0.wp.com\/ismaelcolosi.com.br\/wp-content\/uploads\/2024\/09\/horario_de_verao_vale_esta_2024-09-12_21-52-03.webp.webp?resize=150%2C150&ssl=1",150,150,true],"medium":["https:\/\/i0.wp.com\/ismaelcolosi.com.br\/wp-content\/uploads\/2024\/09\/horario_de_verao_vale_esta_2024-09-12_21-52-03.webp.webp?fit=300%2C179&ssl=1",300,179,true],"medium_large":["https:\/\/i0.wp.com\/ismaelcolosi.com.br\/wp-content\/uploads\/2024\/09\/horario_de_verao_vale_esta_2024-09-12_21-52-03.webp.webp?fit=768%2C459&ssl=1",768,459,true],"large":["https:\/\/i0.wp.com\/ismaelcolosi.com.br\/wp-content\/uploads\/2024\/09\/horario_de_verao_vale_esta_2024-09-12_21-52-03.webp.webp?fit=1024%2C613&ssl=1",1024,613,true],"1536x1536":["https:\/\/i0.wp.com\/ismaelcolosi.com.br\/wp-content\/uploads\/2024\/09\/horario_de_verao_vale_esta_2024-09-12_21-52-03.webp.webp?fit=1170%2C700&ssl=1",1170,700,true],"2048x2048":["https:\/\/i0.wp.com\/ismaelcolosi.com.br\/wp-content\/uploads\/2024\/09\/horario_de_verao_vale_esta_2024-09-12_21-52-03.webp.webp?fit=1170%2C700&ssl=1",1170,700,true],"really-simple-thumb":["https:\/\/i0.wp.com\/ismaelcolosi.com.br\/wp-content\/uploads\/2024\/09\/horario_de_verao_vale_esta_2024-09-12_21-52-03.webp.webp?resize=370%2C247&ssl=1",370,247,true]},"uagb_author_info":{"display_name":"ismaelcolosi.com.br","author_link":"https:\/\/ismaelcolosi.com.br\/index.php\/author\/vidareal-online\/"},"uagb_comment_info":0,"uagb_excerpt":"Em coletiva realizada nesta quarta-feira (16), o ministro de Minas e Energia, Alexandre Silveira, descartou a volta do hor\u00e1rio de ver\u00e3o ainda este ano. Nos...","jetpack-related-posts":[{"id":65585,"url":"https:\/\/ismaelcolosi.com.br\/index.php\/2024\/09\/12\/horario-de-verao-vai-voltar-possibilidade-e-real-diz-ministro\/","url_meta":{"origin":71472,"position":0},"title":"Hor\u00e1rio de ver\u00e3o vai voltar? Possibilidade \u00e9 real, diz ministro","author":"ismaelcolosi.com.br","date":"12 de September de 2024","format":false,"excerpt":"O ministro de Minas e Energia (MME), Alexandre Silveira, afirmou, nesta quinta-feira (12), em S\u00e3o Paulo, que a volta do hor\u00e1rio brasileiro de ver\u00e3o \u00e9 uma possibilidade real, para melhor aproveitamento da luz natural em rela\u00e7\u00e3o \u00e0 artificial e a consequente redu\u00e7\u00e3o de consumo de energia el\u00e9trica no pa\u00eds. O\u2026","rel":"","context":"In &quot;Not\u00edcias de Ribeir\u00e3o Preto-SP e Regi\u00e3o&quot;","block_context":{"text":"Not\u00edcias de Ribeir\u00e3o Preto-SP e Regi\u00e3o","link":"https:\/\/ismaelcolosi.com.br\/index.php\/category\/noticias-de-ribeirao-preto-sp-e-regiao-ismael-colosi\/"},"img":{"alt_text":"","src":"https:\/\/i0.wp.com\/ismaelcolosi.com.br\/wp-content\/uploads\/2024\/09\/horario_de_verao_vale_esta_2024-09-12_21-52-03.webp.webp?fit=1170%2C700&ssl=1&resize=350%2C200","width":350,"height":200,"srcset":"https:\/\/i0.wp.com\/ismaelcolosi.com.br\/wp-content\/uploads\/2024\/09\/horario_de_verao_vale_esta_2024-09-12_21-52-03.webp.webp?fit=1170%2C700&ssl=1&resize=350%2C200 1x, https:\/\/i0.wp.com\/ismaelcolosi.com.br\/wp-content\/uploads\/2024\/09\/horario_de_verao_vale_esta_2024-09-12_21-52-03.webp.webp?fit=1170%2C700&ssl=1&resize=525%2C300 1.5x, https:\/\/i0.wp.com\/ismaelcolosi.com.br\/wp-content\/uploads\/2024\/09\/horario_de_verao_vale_esta_2024-09-12_21-52-03.webp.webp?fit=1170%2C700&ssl=1&resize=700%2C400 2x, https:\/\/i0.wp.com\/ismaelcolosi.com.br\/wp-content\/uploads\/2024\/09\/horario_de_verao_vale_esta_2024-09-12_21-52-03.webp.webp?fit=1170%2C700&ssl=1&resize=1050%2C600 3x"},"classes":[]},{"id":22954,"url":"https:\/\/ismaelcolosi.com.br\/index.php\/2023\/12\/31\/veja-dicas-para-economizar-na-conta-de-energia\/","url_meta":{"origin":71472,"position":1},"title":"Veja dicas para economizar na conta de energia","author":"ismaelcolosi.com.br","date":"31 de December de 2023","format":false,"excerpt":"Com as altas temperaturas j\u00e1 presentes desde setembro, o Brasil enfrenta desafios energ\u00e9ticos neste ver\u00e3o. Com a expectativa de um crescimento de 3,5% na demanda em 2024, \u00e9 essencial que os consumidores adotem pr\u00e1ticas para economizar e evitar surpresas desagrad\u00e1veis na fatura de energia el\u00e9trica. Cr\u00e9ditos: tommaso79\/iStockVeja dicas para economizar\u2026","rel":"","context":"In &quot;Variedades&quot;","block_context":{"text":"Variedades","link":"https:\/\/ismaelcolosi.com.br\/index.php\/category\/variedades\/"},"img":{"alt_text":"","src":"https:\/\/i0.wp.com\/ismaelcolosi.com.br\/wp-content\/uploads\/2023\/12\/boleto-falso.jpg?fit=1200%2C638&ssl=1&resize=350%2C200","width":350,"height":200,"srcset":"https:\/\/i0.wp.com\/ismaelcolosi.com.br\/wp-content\/uploads\/2023\/12\/boleto-falso.jpg?fit=1200%2C638&ssl=1&resize=350%2C200 1x, https:\/\/i0.wp.com\/ismaelcolosi.com.br\/wp-content\/uploads\/2023\/12\/boleto-falso.jpg?fit=1200%2C638&ssl=1&resize=525%2C300 1.5x, https:\/\/i0.wp.com\/ismaelcolosi.com.br\/wp-content\/uploads\/2023\/12\/boleto-falso.jpg?fit=1200%2C638&ssl=1&resize=700%2C400 2x, https:\/\/i0.wp.com\/ismaelcolosi.com.br\/wp-content\/uploads\/2023\/12\/boleto-falso.jpg?fit=1200%2C638&ssl=1&resize=1050%2C600 3x"},"classes":[]},{"id":73402,"url":"https:\/\/ismaelcolosi.com.br\/index.php\/2024\/10\/26\/aneel-anuncia-bandeira-tarifaria-amarela-para-novembro-reducao-de-custos-na-conta-de-luz\/","url_meta":{"origin":71472,"position":2},"title":"ANEEL Anuncia Bandeira Tarif\u00e1ria Amarela para Novembro: Redu\u00e7\u00e3o de Custos na Conta de Luz","author":"ismaelcolosi.com.br","date":"26 de October de 2024","format":false,"excerpt":"A Ag\u00eancia Nacional de Energia El\u00e9trica (ANEEL) anunciou que, a partir de novembro, a bandeira tarif\u00e1ria ser\u00e1 alterada para amarela. A mudan\u00e7a significa uma redu\u00e7\u00e3o nos custos adicionais nas contas de luz, uma vez que o cen\u00e1rio hidrol\u00f3gico tem mostrado melhorias, permitindo menor depend\u00eancia das usinas termel\u00e9tricas, que possuem um\u2026","rel":"","context":"In &quot;Not\u00edcias de Ribeir\u00e3o Preto-SP e Regi\u00e3o&quot;","block_context":{"text":"Not\u00edcias de Ribeir\u00e3o Preto-SP e Regi\u00e3o","link":"https:\/\/ismaelcolosi.com.br\/index.php\/category\/noticias-de-ribeirao-preto-sp-e-regiao-ismael-colosi\/"},"img":{"alt_text":"","src":"https:\/\/i0.wp.com\/ismaelcolosi.com.br\/wp-content\/uploads\/2024\/10\/energia_eletrica_interruptor_de_luz_energia070720211247.webp.webp?fit=1170%2C700&ssl=1&resize=350%2C200","width":350,"height":200,"srcset":"https:\/\/i0.wp.com\/ismaelcolosi.com.br\/wp-content\/uploads\/2024\/10\/energia_eletrica_interruptor_de_luz_energia070720211247.webp.webp?fit=1170%2C700&ssl=1&resize=350%2C200 1x, https:\/\/i0.wp.com\/ismaelcolosi.com.br\/wp-content\/uploads\/2024\/10\/energia_eletrica_interruptor_de_luz_energia070720211247.webp.webp?fit=1170%2C700&ssl=1&resize=525%2C300 1.5x, https:\/\/i0.wp.com\/ismaelcolosi.com.br\/wp-content\/uploads\/2024\/10\/energia_eletrica_interruptor_de_luz_energia070720211247.webp.webp?fit=1170%2C700&ssl=1&resize=700%2C400 2x, https:\/\/i0.wp.com\/ismaelcolosi.com.br\/wp-content\/uploads\/2024\/10\/energia_eletrica_interruptor_de_luz_energia070720211247.webp.webp?fit=1170%2C700&ssl=1&resize=1050%2C600 3x"},"classes":[]},{"id":71545,"url":"https:\/\/ismaelcolosi.com.br\/index.php\/2024\/10\/16\/confira-a-agenda-dos-candidatos-a-prefeitura-de-ribeirao-preto-nesta-quinta-feira-17\/","url_meta":{"origin":71472,"position":3},"title":"Confira a agenda dos candidatos \u00e0 Prefeitura de Ribeir\u00e3o Preto nesta quinta-feira (17)","author":"ismaelcolosi.com.br","date":"16 de October de 2024","format":false,"excerpt":"Os candidatos \u00e0\u00a0Prefeitura de Ribeir\u00e3o Preto\u00a0divulgaram suas agendas de campanha para esta quinta-feira (17) O per\u00edodo de propaganda eleitoral, para o segundo turno, come\u00e7ou no dia 7 de outubro, portanto,\u00a0candidatos podem apresentar \u00e0s eleitoras e aos eleitores suas ideias e propostas. A publicidade das candidaturas pode ser feita na internet,\u2026","rel":"","context":"In &quot;Not\u00edcias de Ribeir\u00e3o Preto-SP e Regi\u00e3o&quot;","block_context":{"text":"Not\u00edcias de Ribeir\u00e3o Preto-SP e Regi\u00e3o","link":"https:\/\/ismaelcolosi.com.br\/index.php\/category\/noticias-de-ribeirao-preto-sp-e-regiao-ismael-colosi\/"},"img":{"alt_text":"","src":"https:\/\/i0.wp.com\/ismaelcolosi.com.br\/wp-content\/uploads\/2024\/10\/ricardo-silva-marco-aurelio-entrevista_2024-10-12_22-13-15_jpeg_2024-10-12_22-13-15.webp.webp?fit=1200%2C674&ssl=1&resize=350%2C200","width":350,"height":200,"srcset":"https:\/\/i0.wp.com\/ismaelcolosi.com.br\/wp-content\/uploads\/2024\/10\/ricardo-silva-marco-aurelio-entrevista_2024-10-12_22-13-15_jpeg_2024-10-12_22-13-15.webp.webp?fit=1200%2C674&ssl=1&resize=350%2C200 1x, https:\/\/i0.wp.com\/ismaelcolosi.com.br\/wp-content\/uploads\/2024\/10\/ricardo-silva-marco-aurelio-entrevista_2024-10-12_22-13-15_jpeg_2024-10-12_22-13-15.webp.webp?fit=1200%2C674&ssl=1&resize=525%2C300 1.5x, https:\/\/i0.wp.com\/ismaelcolosi.com.br\/wp-content\/uploads\/2024\/10\/ricardo-silva-marco-aurelio-entrevista_2024-10-12_22-13-15_jpeg_2024-10-12_22-13-15.webp.webp?fit=1200%2C674&ssl=1&resize=700%2C400 2x, https:\/\/i0.wp.com\/ismaelcolosi.com.br\/wp-content\/uploads\/2024\/10\/ricardo-silva-marco-aurelio-entrevista_2024-10-12_22-13-15_jpeg_2024-10-12_22-13-15.webp.webp?fit=1200%2C674&ssl=1&resize=1050%2C600 3x"},"classes":[]},{"id":25917,"url":"https:\/\/ismaelcolosi.com.br\/index.php\/2024\/01\/08\/usp-abre-cursos-de-verao-veja-quais-sao-as-areas-e-como-participar\/","url_meta":{"origin":71472,"position":4},"title":"USP abre cursos de ver\u00e3o; veja quais s\u00e3o as \u00e1reas e como participar","author":"ismaelcolosi.com.br","date":"8 de January de 2024","format":false,"excerpt":"Estad\u00e3o Conte\u00fadoi Estad\u00e3o Conte\u00fado 08\/01\/2024 - 16:55 A Universidade de S\u00e3o Paulo (USP) abriu cursos de ver\u00e3o nas \u00e1reas de Matem\u00e1tica, Estat\u00edstica e Ci\u00eancia da Computa\u00e7\u00e3o. Segundo a institui\u00e7\u00e3o, no momento h\u00e1 vagas em 17 cursos pagos, com op\u00e7\u00f5es de aulas presenciais e online para a comunidade. As aulas come\u00e7am\u2026","rel":"","context":"In &quot;Vagas de Emprego em Ribeir\u00e3o Preto-SP&quot;","block_context":{"text":"Vagas de Emprego em Ribeir\u00e3o Preto-SP","link":"https:\/\/ismaelcolosi.com.br\/index.php\/category\/empregos-classificados-vagas-trabalho\/vagas-de-empregos-em-ribeirao-preto-regiao-brasil\/"},"img":{"alt_text":"","src":"https:\/\/i0.wp.com\/ismaelcolosi.com.br\/wp-content\/uploads\/2024\/01\/reitoria0041-1.jpg?fit=1200%2C900&ssl=1&resize=350%2C200","width":350,"height":200,"srcset":"https:\/\/i0.wp.com\/ismaelcolosi.com.br\/wp-content\/uploads\/2024\/01\/reitoria0041-1.jpg?fit=1200%2C900&ssl=1&resize=350%2C200 1x, https:\/\/i0.wp.com\/ismaelcolosi.com.br\/wp-content\/uploads\/2024\/01\/reitoria0041-1.jpg?fit=1200%2C900&ssl=1&resize=525%2C300 1.5x, https:\/\/i0.wp.com\/ismaelcolosi.com.br\/wp-content\/uploads\/2024\/01\/reitoria0041-1.jpg?fit=1200%2C900&ssl=1&resize=700%2C400 2x, https:\/\/i0.wp.com\/ismaelcolosi.com.br\/wp-content\/uploads\/2024\/01\/reitoria0041-1.jpg?fit=1200%2C900&ssl=1&resize=1050%2C600 3x"},"classes":[]},{"id":21737,"url":"https:\/\/ismaelcolosi.com.br\/index.php\/2023\/12\/28\/atracoes-para-se-refrescar-no-verao\/","url_meta":{"origin":71472,"position":5},"title":"atra\u00e7\u00f5es para se refrescar no ver\u00e3o","author":"ismaelcolosi.com.br","date":"28 de December de 2023","format":false,"excerpt":"Engana-se quem pensa que o Hopi Hari s\u00f3 tem atra\u00e7\u00f5es secas.\u00a0Com mais de 40 atra\u00e7\u00f5es, o parque tem\u00e1tico, em Vinhedo, a menos de 1 hora da capital paulista, tamb\u00e9m oferece op\u00e7\u00f5es aqu\u00e1ticas para os aventureiros que n\u00e3o hesitam em se molhar enquanto desfrutam de momentos de lazer. Hopi Hari: atra\u00e7\u00f5es\u2026","rel":"","context":"In &quot;Variedades&quot;","block_context":{"text":"Variedades","link":"https:\/\/ismaelcolosi.com.br\/index.php\/category\/variedades\/"},"img":{"alt_text":"","src":"https:\/\/i0.wp.com\/ismaelcolosi.com.br\/wp-content\/uploads\/2023\/12\/spleshi-1.jpg?fit=1200%2C638&ssl=1&resize=350%2C200","width":350,"height":200,"srcset":"https:\/\/i0.wp.com\/ismaelcolosi.com.br\/wp-content\/uploads\/2023\/12\/spleshi-1.jpg?fit=1200%2C638&ssl=1&resize=350%2C200 1x, https:\/\/i0.wp.com\/ismaelcolosi.com.br\/wp-content\/uploads\/2023\/12\/spleshi-1.jpg?fit=1200%2C638&ssl=1&resize=525%2C300 1.5x, https:\/\/i0.wp.com\/ismaelcolosi.com.br\/wp-content\/uploads\/2023\/12\/spleshi-1.jpg?fit=1200%2C638&ssl=1&resize=700%2C400 2x, https:\/\/i0.wp.com\/ismaelcolosi.com.br\/wp-content\/uploads\/2023\/12\/spleshi-1.jpg?fit=1200%2C638&ssl=1&resize=1050%2C600 3x"},"classes":[]}],"jetpack_sharing_enabled":true,"jetpack_shortlink":"https:\/\/wp.me\/pfMlyK-iAM","_links":{"self":[{"href":"https:\/\/ismaelcolosi.com.br\/index.php\/wp-json\/wp\/v2\/posts\/71472","targetHints":{"allow":["GET"]}}],"collection":[{"href":"https:\/\/ismaelcolosi.com.br\/index.php\/wp-json\/wp\/v2\/posts"}],"about":[{"href":"https:\/\/ismaelcolosi.com.br\/index.php\/wp-json\/wp\/v2\/types\/post"}],"author":[{"embeddable":true,"href":"https:\/\/ismaelcolosi.com.br\/index.php\/wp-json\/wp\/v2\/users\/1"}],"replies":[{"embeddable":true,"href":"https:\/\/ismaelcolosi.com.br\/index.php\/wp-json\/wp\/v2\/comments?post=71472"}],"version-history":[{"count":0,"href":"https:\/\/ismaelcolosi.com.br\/index.php\/wp-json\/wp\/v2\/posts\/71472\/revisions"}],"wp:featuredmedia":[{"embeddable":true,"href":"https:\/\/ismaelcolosi.com.br\/index.php\/wp-json\/wp\/v2\/media\/65586"}],"wp:attachment":[{"href":"https:\/\/ismaelcolosi.com.br\/index.php\/wp-json\/wp\/v2\/media?parent=71472"}],"wp:term":[{"taxonomy":"category","embeddable":true,"href":"https:\/\/ismaelcolosi.com.br\/index.php\/wp-json\/wp\/v2\/categories?post=71472"},{"taxonomy":"post_tag","embeddable":true,"href":"https:\/\/ismaelcolosi.com.br\/index.php\/wp-json\/wp\/v2\/tags?post=71472"}],"curies":[{"name":"wp","href":"https:\/\/api.w.org\/{rel}","templated":true}]}}