{"id":71465,"date":"2024-10-16T14:32:43","date_gmt":"2024-10-16T17:32:43","guid":{"rendered":"https:\/\/ismaelcolosi.com.br\/index.php\/2024\/10\/16\/teatro-de-ribeirao-preto-recebe-show-de-violino-e-piano\/"},"modified":"2024-10-16T14:32:43","modified_gmt":"2024-10-16T17:32:43","slug":"teatro-de-ribeirao-preto-recebe-show-de-violino-e-piano","status":"publish","type":"post","link":"https:\/\/ismaelcolosi.com.br\/index.php\/2024\/10\/16\/teatro-de-ribeirao-preto-recebe-show-de-violino-e-piano\/","title":{"rendered":"Teatro de Ribeir\u00e3o Preto recebe show de violino e piano"},"content":{"rendered":"<p> <br \/>\n<\/p>\n<div data-td-block-uid=\"tdi_106\">\n<div class=\"tdb-block-inner td-fix-index\">\n<p>O violinista <strong>Paulo Paschoal<\/strong> e a pianista <strong>Elizabeth Paschoal<\/strong> apresentam neste<strong> domingo (20)<\/strong>, \u00e0s <strong>18h<\/strong>, no <strong>Teatro Santarosa<\/strong>, em <strong>Ribeir\u00e3o Preto,<\/strong> o show \u201c<strong>Fragmentos<\/strong>\u201d.<\/p>\n<p>O espet\u00e1culo conta com obras cl\u00e1ssicas de <strong>Pixinguinha<\/strong>, <strong>Chico Buarque<\/strong>, <strong>An\u00edbal Augusto Sardinha<\/strong>, <strong>Tom Jobim <\/strong>e <strong>Johann Sebastian Bach<\/strong>. <\/p>\n<p>A apresenta\u00e7\u00e3o deste domingo celebra a carreira do violinista numa apresenta\u00e7\u00e3o que mostrar\u00e1 a sensibilidade dos compositores brasileiros e a t\u00e9cnica na execu\u00e7\u00e3o do compositor alem\u00e3o.<\/p>\n<h4 class=\"wp-block-heading\"><strong>Ingressos<\/strong><\/h4>\n<p>Os ingressos podem ser adquiridos <strong>on-line (<a href=\"https:\/\/bileto.sympla.com.br\/event\/99528\/d\/283627\/s\/1936370\" target=\"_blank\" rel=\"noreferrer noopener\">clique aqui<\/a>)<\/strong> e os valores variam conforme o setor escolhido. Veja:<\/p>\n<ul>\n<li>Antecipado: R$ 60 (at\u00e9 dia 19 de outubro)<\/li>\n<li>Meia-entrada: R$ 60<\/li>\n<li>Inteira: R$ 120<\/li>\n<\/ul>\n<p>No site \u00e9 poss\u00edvel visualizar o mapa de assentos. O <strong>Teatro Santarosa<\/strong> fica localizado na<strong> pra\u00e7a Rotary Club, 325, no City Ribeir\u00e3o<\/strong>. <\/p>\n<h4 class=\"wp-block-heading\"><strong>Servi\u00e7o<\/strong><\/h4>\n<p><strong><em>Fragmentos \u2013 Paulo Paschoal e Elizabeth Paschoal<\/em><\/strong><\/p>\n<p><strong>Quando: <\/strong>20 de outubro, domingo <br \/><strong>Hor\u00e1rio:<\/strong> \u00c0s 18h <br \/><strong>Local:<\/strong> Teatro Santarosa \u2013 pra\u00e7a Rotary Club, 325 \u2013 City Ribeir\u00e3o <br \/><strong>Ingressos:<\/strong> A partir de R$ 60 (antecipado, meia-entrada)<\/p>\n<p>SAIBA MAIS<br \/>Bairros de Ribeir\u00e3o Preto podem ficar sem \u00e1gua; Veja locais afetados<\/p>\n<h4 class=\"wp-block-heading\"><strong>FIQUE ON<\/strong><\/h4>\n<p>Fique ligado em tudo que acontece em Ribeir\u00e3o Preto e regi\u00e3o. Siga os perfis do <strong>acidade on <\/strong>no <a href=\"https:\/\/www.instagram.com\/acidadeonribeirao\" target=\"_blank\" rel=\"noreferrer noopener\">Instagram<\/a> e no <a href=\"https:\/\/www.facebook.com\/acidadeonribeirao\" target=\"_blank\" rel=\"noreferrer noopener\">Facebook<\/a>.<\/p>\n<p>Receba not\u00edcias do acidade on no WhatsApp. Para entrar no grupo, basta <a href=\"https:\/\/chat.whatsapp.com\/Dtv9mxhy6V5BJBotM2OQ5k\" target=\"_blank\" rel=\"noreferrer noopener\">clicar aqui<\/a>.<\/p>\n<p>Fa\u00e7a uma den\u00fancia ou sugira uma reportagem sobre Ribeir\u00e3o Preto e regi\u00e3o pelo WhatsApp: 16 99117 7802.<\/p>\n<p>VEJA TAMB\u00c9M<br \/>Sabrina Sato est\u00e1 gr\u00e1vida?<\/p>\n<p><!-- CONTENT END 1 -->\n<\/div>\n<\/div>\n<p><script async src=\"\/\/www.instagram.com\/embed.js\"><\/script><br \/>\n<br \/><br \/>\n<br \/><a href=\"https:\/\/www.acidadeon.com\/ribeiraopreto\/lazer-e-cultura\/teatro-ribeirao-preto-recebe-show-de-violino-e-piano\/\">Source link <\/a><\/p>\n","protected":false},"excerpt":{"rendered":"<p>O violinista Paulo Paschoal e a pianista Elizabeth Paschoal apresentam neste domingo (20), \u00e0s 18h, no Teatro Santarosa, em Ribeir\u00e3o Preto, o show \u201cFragmentos\u201d. O&#8230;<\/p>\n","protected":false},"author":1,"featured_media":71466,"comment_status":"open","ping_status":"open","sticky":false,"template":"","format":"standard","meta":{"_uag_custom_page_level_css":"","advanced_seo_description":"","jetpack_seo_html_title":"","jetpack_seo_noindex":false,"jetpack_post_was_ever_published":false,"_jetpack_newsletter_access":"","_jetpack_dont_email_post_to_subs":false,"_jetpack_newsletter_tier_id":0,"_jetpack_memberships_contains_paywalled_content":false,"_jetpack_memberships_contains_paid_content":false,"footnotes":"","jetpack_publicize_message":"","jetpack_publicize_feature_enabled":true,"jetpack_social_post_already_shared":true,"jetpack_social_options":{"image_generator_settings":{"template":"highway","default_image_id":0,"font":"","enabled":false},"version":2}},"categories":[11],"tags":[],"class_list":["post-71465","post","type-post","status-publish","format-standard","has-post-thumbnail","hentry","category-noticias-de-ribeirao-preto-sp-e-regiao-ismael-colosi"],"jetpack_publicize_connections":[],"jetpack_featured_media_url":"https:\/\/i0.wp.com\/ismaelcolosi.com.br\/wp-content\/uploads\/2024\/10\/teatro-santarosa_2024-10-16_17-05-54_jpg_2024-10-16_17-05-55.webp.webp?fit=1600%2C1066&ssl=1","uagb_featured_image_src":{"full":["https:\/\/i0.wp.com\/ismaelcolosi.com.br\/wp-content\/uploads\/2024\/10\/teatro-santarosa_2024-10-16_17-05-54_jpg_2024-10-16_17-05-55.webp.webp?fit=1600%2C1066&ssl=1",1600,1066,false],"thumbnail":["https:\/\/i0.wp.com\/ismaelcolosi.com.br\/wp-content\/uploads\/2024\/10\/teatro-santarosa_2024-10-16_17-05-54_jpg_2024-10-16_17-05-55.webp.webp?resize=150%2C150&ssl=1",150,150,true],"medium":["https:\/\/i0.wp.com\/ismaelcolosi.com.br\/wp-content\/uploads\/2024\/10\/teatro-santarosa_2024-10-16_17-05-54_jpg_2024-10-16_17-05-55.webp.webp?fit=300%2C200&ssl=1",300,200,true],"medium_large":["https:\/\/i0.wp.com\/ismaelcolosi.com.br\/wp-content\/uploads\/2024\/10\/teatro-santarosa_2024-10-16_17-05-54_jpg_2024-10-16_17-05-55.webp.webp?fit=768%2C512&ssl=1",768,512,true],"large":["https:\/\/i0.wp.com\/ismaelcolosi.com.br\/wp-content\/uploads\/2024\/10\/teatro-santarosa_2024-10-16_17-05-54_jpg_2024-10-16_17-05-55.webp.webp?fit=1024%2C682&ssl=1",1024,682,true],"1536x1536":["https:\/\/i0.wp.com\/ismaelcolosi.com.br\/wp-content\/uploads\/2024\/10\/teatro-santarosa_2024-10-16_17-05-54_jpg_2024-10-16_17-05-55.webp.webp?fit=1536%2C1023&ssl=1",1536,1023,true],"2048x2048":["https:\/\/i0.wp.com\/ismaelcolosi.com.br\/wp-content\/uploads\/2024\/10\/teatro-santarosa_2024-10-16_17-05-54_jpg_2024-10-16_17-05-55.webp.webp?fit=1600%2C1066&ssl=1",1600,1066,true],"really-simple-thumb":["https:\/\/i0.wp.com\/ismaelcolosi.com.br\/wp-content\/uploads\/2024\/10\/teatro-santarosa_2024-10-16_17-05-54_jpg_2024-10-16_17-05-55.webp.webp?resize=370%2C247&ssl=1",370,247,true]},"uagb_author_info":{"display_name":"ismaelcolosi.com.br","author_link":"https:\/\/ismaelcolosi.com.br\/index.php\/author\/vidareal-online\/"},"uagb_comment_info":0,"uagb_excerpt":"O violinista Paulo Paschoal e a pianista Elizabeth Paschoal apresentam neste domingo (20), \u00e0s 18h, no Teatro Santarosa, em Ribeir\u00e3o Preto, o show \u201cFragmentos\u201d. O...","jetpack-related-posts":[{"id":59522,"url":"https:\/\/ismaelcolosi.com.br\/index.php\/2024\/08\/09\/henrique-e-juliano-rodrigo-bocardi-e-muito-rock-veja-a-programacao-do-fim-de-semana-em-ribeirao-preto\/","url_meta":{"origin":71465,"position":0},"title":"Henrique e Juliano, Rodrigo Bocardi e muito rock: Veja a programa\u00e7\u00e3o do fim de semana em Ribeir\u00e3o Preto","author":"ismaelcolosi.com.br","date":"9 de August de 2024","format":false,"excerpt":"Ribeir\u00e3o Preto conta com uma agenda cultural recheada de op\u00e7\u00f5es para quem quer aproveitar o fim de semana. Henrique e Juliano, Rodrigo Bocardi e shows de diversas bandas de rock marcam presen\u00e7a na programa\u00e7\u00e3o. Confira: Henrique e Juliano A dupla se apresenta neste s\u00e1bado (10), no Parque Permanente de Exposi\u00e7\u00f5es,\u2026","rel":"","context":"In &quot;Not\u00edcias de Ribeir\u00e3o Preto-SP e Regi\u00e3o&quot;","block_context":{"text":"Not\u00edcias de Ribeir\u00e3o Preto-SP e Regi\u00e3o","link":"https:\/\/ismaelcolosi.com.br\/index.php\/category\/noticias-de-ribeirao-preto-sp-e-regiao-ismael-colosi\/"},"img":{"alt_text":"","src":"https:\/\/i0.wp.com\/ismaelcolosi.com.br\/wp-content\/uploads\/2024\/08\/Copia-de-Copia-de-TAMANHO-EXATO-PARA-FOTOS-NO-SISTEMA-NOVO-39_2024-08-09_12-48-12_jpg_2024-08-09_12-48-12.webp.webp?fit=1200%2C675&ssl=1&resize=350%2C200","width":350,"height":200,"srcset":"https:\/\/i0.wp.com\/ismaelcolosi.com.br\/wp-content\/uploads\/2024\/08\/Copia-de-Copia-de-TAMANHO-EXATO-PARA-FOTOS-NO-SISTEMA-NOVO-39_2024-08-09_12-48-12_jpg_2024-08-09_12-48-12.webp.webp?fit=1200%2C675&ssl=1&resize=350%2C200 1x, https:\/\/i0.wp.com\/ismaelcolosi.com.br\/wp-content\/uploads\/2024\/08\/Copia-de-Copia-de-TAMANHO-EXATO-PARA-FOTOS-NO-SISTEMA-NOVO-39_2024-08-09_12-48-12_jpg_2024-08-09_12-48-12.webp.webp?fit=1200%2C675&ssl=1&resize=525%2C300 1.5x, https:\/\/i0.wp.com\/ismaelcolosi.com.br\/wp-content\/uploads\/2024\/08\/Copia-de-Copia-de-TAMANHO-EXATO-PARA-FOTOS-NO-SISTEMA-NOVO-39_2024-08-09_12-48-12_jpg_2024-08-09_12-48-12.webp.webp?fit=1200%2C675&ssl=1&resize=700%2C400 2x, https:\/\/i0.wp.com\/ismaelcolosi.com.br\/wp-content\/uploads\/2024\/08\/Copia-de-Copia-de-TAMANHO-EXATO-PARA-FOTOS-NO-SISTEMA-NOVO-39_2024-08-09_12-48-12_jpg_2024-08-09_12-48-12.webp.webp?fit=1200%2C675&ssl=1&resize=1050%2C600 3x"},"classes":[]},{"id":2294,"url":"https:\/\/ismaelcolosi.com.br\/index.php\/2023\/11\/15\/teatro-de-ribeirao-tem-apresentacao-de-chorinho-com-luis-passos\/","url_meta":{"origin":71465,"position":1},"title":"Teatro de Ribeir\u00e3o tem apresenta\u00e7\u00e3o de chorinho com Luis Passos\u00a0","author":"ismaelcolosi.com.br","date":"15 de November de 2023","format":false,"excerpt":"O Teatro Minaz, localizado no Jardim Castelo Branco em Ribeir\u00e3o Preto, recebe, no dia 19 de novembro, \u00e0s 9h30, o bandolinista e violinista Luis Passos, para mais uma edi\u00e7\u00e3o do \u2018Choro na Esquina\u2019. \u00a0 A entrada \u00e9 gratuita e aberta ao p\u00fablico. N\u00e3o \u00e9 necess\u00e1rio reservar os ingressos. \u00a0 Chorinho\u2026","rel":"","context":"In &quot;Not\u00edcias de Ribeir\u00e3o Preto-SP e Regi\u00e3o&quot;","block_context":{"text":"Not\u00edcias de Ribeir\u00e3o Preto-SP e Regi\u00e3o","link":"https:\/\/ismaelcolosi.com.br\/index.php\/category\/noticias-de-ribeirao-preto-sp-e-regiao-ismael-colosi\/"},"img":{"alt_text":"","src":"https:\/\/i0.wp.com\/ismaelcolosi.com.br\/wp-content\/uploads\/2023\/11\/WhatsApp-Image-2023-11-13-at-09.04.07.jpeg?fit=1200%2C800&ssl=1&resize=350%2C200","width":350,"height":200,"srcset":"https:\/\/i0.wp.com\/ismaelcolosi.com.br\/wp-content\/uploads\/2023\/11\/WhatsApp-Image-2023-11-13-at-09.04.07.jpeg?fit=1200%2C800&ssl=1&resize=350%2C200 1x, https:\/\/i0.wp.com\/ismaelcolosi.com.br\/wp-content\/uploads\/2023\/11\/WhatsApp-Image-2023-11-13-at-09.04.07.jpeg?fit=1200%2C800&ssl=1&resize=525%2C300 1.5x, https:\/\/i0.wp.com\/ismaelcolosi.com.br\/wp-content\/uploads\/2023\/11\/WhatsApp-Image-2023-11-13-at-09.04.07.jpeg?fit=1200%2C800&ssl=1&resize=700%2C400 2x, https:\/\/i0.wp.com\/ismaelcolosi.com.br\/wp-content\/uploads\/2023\/11\/WhatsApp-Image-2023-11-13-at-09.04.07.jpeg?fit=1200%2C800&ssl=1&resize=1050%2C600 3x"},"classes":[]},{"id":71888,"url":"https:\/\/ismaelcolosi.com.br\/index.php\/2024\/10\/18\/festivais-musica-e-teatro-veja-a-agenda-cultural-do-fim-de-semana-em-ribeirao-preto\/","url_meta":{"origin":71465,"position":2},"title":"Festivais, m\u00fasica e teatro: Veja a agenda cultural do fim de semana em Ribeir\u00e3o Preto","author":"ismaelcolosi.com.br","date":"18 de October de 2024","format":false,"excerpt":"Para aproveitar o fim de semana em Ribeir\u00e3o Preto, a popula\u00e7\u00e3o conta com diversos eventos culturais para aproveitar com a fam\u00edlia e amigos. Entre os destaques da programa\u00e7\u00e3o, est\u00e3o os shows de Humberto Gessinger, Edu Faslaschi, Gabriel O Pensador, Di Ferrero, al\u00e9m da Feira de Orqu\u00eddeas e Suculentas e o\u2026","rel":"","context":"In &quot;Not\u00edcias de Ribeir\u00e3o Preto-SP e Regi\u00e3o&quot;","block_context":{"text":"Not\u00edcias de Ribeir\u00e3o Preto-SP e Regi\u00e3o","link":"https:\/\/ismaelcolosi.com.br\/index.php\/category\/noticias-de-ribeirao-preto-sp-e-regiao-ismael-colosi\/"},"img":{"alt_text":"","src":"https:\/\/i0.wp.com\/ismaelcolosi.com.br\/wp-content\/uploads\/2024\/10\/Copia-de-Copia-de-Copia-de-TAMANHO-EXATO-PARA-FOTOS-NO-SISTEMA-NOVO-19_2024-10-18_14-28-01_jpg_2024-10-18_14-28-01.webp.webp?fit=1200%2C675&ssl=1&resize=350%2C200","width":350,"height":200,"srcset":"https:\/\/i0.wp.com\/ismaelcolosi.com.br\/wp-content\/uploads\/2024\/10\/Copia-de-Copia-de-Copia-de-TAMANHO-EXATO-PARA-FOTOS-NO-SISTEMA-NOVO-19_2024-10-18_14-28-01_jpg_2024-10-18_14-28-01.webp.webp?fit=1200%2C675&ssl=1&resize=350%2C200 1x, https:\/\/i0.wp.com\/ismaelcolosi.com.br\/wp-content\/uploads\/2024\/10\/Copia-de-Copia-de-Copia-de-TAMANHO-EXATO-PARA-FOTOS-NO-SISTEMA-NOVO-19_2024-10-18_14-28-01_jpg_2024-10-18_14-28-01.webp.webp?fit=1200%2C675&ssl=1&resize=525%2C300 1.5x, https:\/\/i0.wp.com\/ismaelcolosi.com.br\/wp-content\/uploads\/2024\/10\/Copia-de-Copia-de-Copia-de-TAMANHO-EXATO-PARA-FOTOS-NO-SISTEMA-NOVO-19_2024-10-18_14-28-01_jpg_2024-10-18_14-28-01.webp.webp?fit=1200%2C675&ssl=1&resize=700%2C400 2x, https:\/\/i0.wp.com\/ismaelcolosi.com.br\/wp-content\/uploads\/2024\/10\/Copia-de-Copia-de-Copia-de-TAMANHO-EXATO-PARA-FOTOS-NO-SISTEMA-NOVO-19_2024-10-18_14-28-01_jpg_2024-10-18_14-28-01.webp.webp?fit=1200%2C675&ssl=1&resize=1050%2C600 3x"},"classes":[]},{"id":71899,"url":"https:\/\/ismaelcolosi.com.br\/index.php\/2024\/10\/18\/festivais-musica-e-teatro-veja-a-agenda-cultural-do-fim-de-semana-em-ribeirao-preto-2\/","url_meta":{"origin":71465,"position":3},"title":"Festivais, m\u00fasica e teatro: Veja a agenda cultural do fim de semana em Ribeir\u00e3o Preto","author":"ismaelcolosi.com.br","date":"18 de October de 2024","format":false,"excerpt":"Para aproveitar o fim de semana em Ribeir\u00e3o Preto, a popula\u00e7\u00e3o conta com diversos eventos culturais para aproveitar com a fam\u00edlia e amigos. Entre os destaques da programa\u00e7\u00e3o, est\u00e3o os shows de Humberto Gessinger, Edu Faslaschi, Gabriel O Pensador, Di Ferrero, al\u00e9m da Feira de Orqu\u00eddeas e Suculentas e o\u2026","rel":"","context":"In &quot;Not\u00edcias de Ribeir\u00e3o Preto-SP e Regi\u00e3o&quot;","block_context":{"text":"Not\u00edcias de Ribeir\u00e3o Preto-SP e Regi\u00e3o","link":"https:\/\/ismaelcolosi.com.br\/index.php\/category\/noticias-de-ribeirao-preto-sp-e-regiao-ismael-colosi\/"},"img":{"alt_text":"","src":"https:\/\/i0.wp.com\/ismaelcolosi.com.br\/wp-content\/uploads\/2024\/10\/Copia-de-Copia-de-Copia-de-TAMANHO-EXATO-PARA-FOTOS-NO-SISTEMA-NOVO-20_2024-10-18_14-37-42_jpg_2024-10-18_14-37-42.webp.webp?fit=1200%2C675&ssl=1&resize=350%2C200","width":350,"height":200,"srcset":"https:\/\/i0.wp.com\/ismaelcolosi.com.br\/wp-content\/uploads\/2024\/10\/Copia-de-Copia-de-Copia-de-TAMANHO-EXATO-PARA-FOTOS-NO-SISTEMA-NOVO-20_2024-10-18_14-37-42_jpg_2024-10-18_14-37-42.webp.webp?fit=1200%2C675&ssl=1&resize=350%2C200 1x, https:\/\/i0.wp.com\/ismaelcolosi.com.br\/wp-content\/uploads\/2024\/10\/Copia-de-Copia-de-Copia-de-TAMANHO-EXATO-PARA-FOTOS-NO-SISTEMA-NOVO-20_2024-10-18_14-37-42_jpg_2024-10-18_14-37-42.webp.webp?fit=1200%2C675&ssl=1&resize=525%2C300 1.5x, https:\/\/i0.wp.com\/ismaelcolosi.com.br\/wp-content\/uploads\/2024\/10\/Copia-de-Copia-de-Copia-de-TAMANHO-EXATO-PARA-FOTOS-NO-SISTEMA-NOVO-20_2024-10-18_14-37-42_jpg_2024-10-18_14-37-42.webp.webp?fit=1200%2C675&ssl=1&resize=700%2C400 2x, https:\/\/i0.wp.com\/ismaelcolosi.com.br\/wp-content\/uploads\/2024\/10\/Copia-de-Copia-de-Copia-de-TAMANHO-EXATO-PARA-FOTOS-NO-SISTEMA-NOVO-20_2024-10-18_14-37-42_jpg_2024-10-18_14-37-42.webp.webp?fit=1200%2C675&ssl=1&resize=1050%2C600 3x"},"classes":[]},{"id":58835,"url":"https:\/\/ismaelcolosi.com.br\/index.php\/2024\/08\/02\/tiago-iorc-faz-show-gratuito-em-ribeirao-preto\/","url_meta":{"origin":71465,"position":4},"title":"Tiago Iorc faz show gratuito em Ribeir\u00e3o Preto","author":"ismaelcolosi.com.br","date":"2 de August de 2024","format":false,"excerpt":"O cantor Tiago Iorc se apresenta no dia 11 de agosto, \u00e0s 18, no teatro do Sesi de Ribeir\u00e3o Preto. O espet\u00e1culo \u00e9 gratuito, mas \u00e9 necess\u00e1rio retirar os ingressos com anteced\u00eancia \u2013 veja abaixo. Com 16 anos de carreira, o artista possui oito \u00e1lbuns musicais, sete indica\u00e7\u00f5es ao Grammy\u2026","rel":"","context":"In &quot;Not\u00edcias de Ribeir\u00e3o Preto-SP e Regi\u00e3o&quot;","block_context":{"text":"Not\u00edcias de Ribeir\u00e3o Preto-SP e Regi\u00e3o","link":"https:\/\/ismaelcolosi.com.br\/index.php\/category\/noticias-de-ribeirao-preto-sp-e-regiao-ismael-colosi\/"},"img":{"alt_text":"","src":"https:\/\/i0.wp.com\/ismaelcolosi.com.br\/wp-content\/uploads\/2024\/08\/tiago_iorc.jpg?fit=1200%2C800&ssl=1&resize=350%2C200","width":350,"height":200,"srcset":"https:\/\/i0.wp.com\/ismaelcolosi.com.br\/wp-content\/uploads\/2024\/08\/tiago_iorc.jpg?fit=1200%2C800&ssl=1&resize=350%2C200 1x, https:\/\/i0.wp.com\/ismaelcolosi.com.br\/wp-content\/uploads\/2024\/08\/tiago_iorc.jpg?fit=1200%2C800&ssl=1&resize=525%2C300 1.5x, https:\/\/i0.wp.com\/ismaelcolosi.com.br\/wp-content\/uploads\/2024\/08\/tiago_iorc.jpg?fit=1200%2C800&ssl=1&resize=700%2C400 2x, https:\/\/i0.wp.com\/ismaelcolosi.com.br\/wp-content\/uploads\/2024\/08\/tiago_iorc.jpg?fit=1200%2C800&ssl=1&resize=1050%2C600 3x"},"classes":[]},{"id":40168,"url":"https:\/\/ismaelcolosi.com.br\/index.php\/2024\/03\/01\/veja-os-eventos-para-curtir-no-primeiro-final-de-semana-de-marco-em-ribeirao\/","url_meta":{"origin":71465,"position":5},"title":"Veja os eventos para curtir no primeiro final de semana de mar\u00e7o em Ribeir\u00e3o","author":"ismaelcolosi.com.br","date":"1 de March de 2024","format":false,"excerpt":"O primeiro final de semana de mar\u00e7o oferece uma programa\u00e7\u00e3o diversificada para aproveitar com a fam\u00edlia ou amigos em Ribeir\u00e3o Preto. Entre as op\u00e7\u00f5es, h\u00e1 pe\u00e7as de teatros, circo, shows, concerto e outros eventos. Confira: Circo do Patati e Patat\u00e1 Este \u00e9 o \u00faltimo final de semana de apresenta\u00e7\u00f5es do\u2026","rel":"","context":"In &quot;Not\u00edcias de Ribeir\u00e3o Preto-SP e Regi\u00e3o&quot;","block_context":{"text":"Not\u00edcias de Ribeir\u00e3o Preto-SP e Regi\u00e3o","link":"https:\/\/ismaelcolosi.com.br\/index.php\/category\/noticias-de-ribeirao-preto-sp-e-regiao-ismael-colosi\/"},"img":{"alt_text":"","src":"https:\/\/i0.wp.com\/ismaelcolosi.com.br\/wp-content\/uploads\/2024\/03\/AnyConv.com__RACHEL-REIS-copy.webp.webp?fit=1200%2C600&ssl=1&resize=350%2C200","width":350,"height":200,"srcset":"https:\/\/i0.wp.com\/ismaelcolosi.com.br\/wp-content\/uploads\/2024\/03\/AnyConv.com__RACHEL-REIS-copy.webp.webp?fit=1200%2C600&ssl=1&resize=350%2C200 1x, https:\/\/i0.wp.com\/ismaelcolosi.com.br\/wp-content\/uploads\/2024\/03\/AnyConv.com__RACHEL-REIS-copy.webp.webp?fit=1200%2C600&ssl=1&resize=525%2C300 1.5x, https:\/\/i0.wp.com\/ismaelcolosi.com.br\/wp-content\/uploads\/2024\/03\/AnyConv.com__RACHEL-REIS-copy.webp.webp?fit=1200%2C600&ssl=1&resize=700%2C400 2x, https:\/\/i0.wp.com\/ismaelcolosi.com.br\/wp-content\/uploads\/2024\/03\/AnyConv.com__RACHEL-REIS-copy.webp.webp?fit=1200%2C600&ssl=1&resize=1050%2C600 3x"},"classes":[]}],"jetpack_sharing_enabled":true,"jetpack_shortlink":"https:\/\/wp.me\/pfMlyK-iAF","_links":{"self":[{"href":"https:\/\/ismaelcolosi.com.br\/index.php\/wp-json\/wp\/v2\/posts\/71465","targetHints":{"allow":["GET"]}}],"collection":[{"href":"https:\/\/ismaelcolosi.com.br\/index.php\/wp-json\/wp\/v2\/posts"}],"about":[{"href":"https:\/\/ismaelcolosi.com.br\/index.php\/wp-json\/wp\/v2\/types\/post"}],"author":[{"embeddable":true,"href":"https:\/\/ismaelcolosi.com.br\/index.php\/wp-json\/wp\/v2\/users\/1"}],"replies":[{"embeddable":true,"href":"https:\/\/ismaelcolosi.com.br\/index.php\/wp-json\/wp\/v2\/comments?post=71465"}],"version-history":[{"count":0,"href":"https:\/\/ismaelcolosi.com.br\/index.php\/wp-json\/wp\/v2\/posts\/71465\/revisions"}],"wp:featuredmedia":[{"embeddable":true,"href":"https:\/\/ismaelcolosi.com.br\/index.php\/wp-json\/wp\/v2\/media\/71466"}],"wp:attachment":[{"href":"https:\/\/ismaelcolosi.com.br\/index.php\/wp-json\/wp\/v2\/media?parent=71465"}],"wp:term":[{"taxonomy":"category","embeddable":true,"href":"https:\/\/ismaelcolosi.com.br\/index.php\/wp-json\/wp\/v2\/categories?post=71465"},{"taxonomy":"post_tag","embeddable":true,"href":"https:\/\/ismaelcolosi.com.br\/index.php\/wp-json\/wp\/v2\/tags?post=71465"}],"curies":[{"name":"wp","href":"https:\/\/api.w.org\/{rel}","templated":true}]}}