{"id":71457,"date":"2024-10-16T14:04:29","date_gmt":"2024-10-16T17:04:29","guid":{"rendered":"https:\/\/ismaelcolosi.com.br\/index.php\/2024\/10\/16\/mecanico-e-preso-com-carro-adulterado-na-zona-leste-de-ribeirao-preto\/"},"modified":"2024-10-16T14:04:29","modified_gmt":"2024-10-16T17:04:29","slug":"mecanico-e-preso-com-carro-adulterado-na-zona-leste-de-ribeirao-preto","status":"publish","type":"post","link":"https:\/\/ismaelcolosi.com.br\/index.php\/2024\/10\/16\/mecanico-e-preso-com-carro-adulterado-na-zona-leste-de-ribeirao-preto\/","title":{"rendered":"Mec\u00e2nico \u00e9 preso com carro adulterado na zona Leste de Ribeir\u00e3o Preto"},"content":{"rendered":"<p> <br \/>\n<\/p>\n<div>\n<p>Um <strong>mec\u00e2nico <\/strong>foi <strong>preso<\/strong> com um <strong>carro clonado<\/strong>, na manh\u00e3 desta quarta-feira (16), na zona Leste de <strong>Ribeir\u00e3o Preto<\/strong>.<\/p>\n<p>A pris\u00e3o faz parte da <strong>Opera\u00e7\u00e3o \u2018Dobra\u2019<\/strong>, deflagrada pela <strong>Pol\u00edcia Civil<\/strong>, que investiga um <strong>esquema de clonagem de carros<\/strong>. <mark style=\"background-color:#fcb900\" class=\"has-inline-color\">Em setembro deste ano, outras pris\u00f5es foram realizadas em <strong>Franca<\/strong>, <strong>Guariba<\/strong> e <strong>Mat\u00e3o<\/strong>.<\/mark><\/p>\n<p>Al\u00e9m da pris\u00e3o do mec\u00e2nico, o ve\u00edculo, um<strong> Kia Picanto amarelo<\/strong>, tamb\u00e9m foi apreendido. De acordo com o <strong>delegado Ricardo Turra, respons\u00e1vel pelas investiga\u00e7\u00f5es, o autom\u00f3vel havia sido furtado em Ribeir\u00e3o Preto, em julho.<\/strong><\/p>\n<figure class=\"wp-block-pullquote\">\n<blockquote>\n<p>Ele est\u00e1 sendo preso porque o carro que ele est\u00e1 conduzindo \u00e9 produto de furto. Ele foi furtado, em Ribeir\u00e3o, agora em julho, e ele est\u00e1 clonado. A placa dele, ela d\u00e1 em outro carro, de Ribeiro Preto tamb\u00e9m<\/p>\n<p><cite>Ricardo Turra<\/cite><\/p><\/blockquote>\n<\/figure>\n<p>Aos policiais, o homem disse que <strong>sabia que o ve\u00edculo era clonado<\/strong>, contudo, n\u00e3o tinha nenhuma informa\u00e7\u00e3o sobre quem era o respons\u00e1vel pela clonagem. <strong>A investiga\u00e7\u00e3o agora procura identificar o respons\u00e1vel pelas clonagens.<\/strong><\/p>\n<h3 class=\"wp-block-heading\"><strong>Semelhan\u00e7a com outro carro<\/strong><\/h3>\n<p>O que chama a aten\u00e7\u00e3o da investiga\u00e7\u00e3o \u00e9 que a <strong>clonagem da placa do ve\u00edculo<\/strong> foi realizada a partir das informa\u00e7\u00f5es de <strong>outro carro do mesmo modelo e com a mesma cor.<\/strong><\/p>\n<p><mark style=\"background-color:#fcb900\" class=\"has-inline-color\"><strong>Al\u00e9m disso, o autom\u00f3vel em quest\u00e3o ficava estacionado pr\u00f3ximo a oficina mec\u00e2nica do homem que foi preso nesta quarta-feira.<\/strong><\/mark><\/p>\n<h4 class=\"wp-block-heading\"><strong>Opera\u00e7\u00e3o \u2018Dobra\u2019<\/strong><\/h4>\n<p>A <strong>Opera\u00e7\u00e3o \u2018Dobra\u2019<\/strong>, da <strong>Pol\u00edcia Civil<\/strong>, foi deflagrada no dia 26 de setembro, no <strong>interior de S\u00e3o Paulo<\/strong>. Na ocasi\u00e3o, <strong>quatro pessoas<\/strong>, sendo <strong>tr\u00eas empres\u00e1rios<\/strong>, foram presas pela <strong>suspeita de participa\u00e7\u00e3o em um esquema de clonagem de carros.<\/strong><\/p>\n<p>As pris\u00f5es aconteceram em <strong>Guariba<\/strong>, cidade na <strong>regi\u00e3o de Ribeir\u00e3o Preto<\/strong>, e em <strong>Mat\u00e3o<\/strong>. Anteriormente, durante uma for\u00e7a-tarefa, outro homem foi preso em <strong>Franca<\/strong>.<\/p>\n<p>Na \u00e9poca, o<strong> delegado Ricardo Turra<\/strong> comentou sobre as pris\u00f5es. \u201cO que chamou aten\u00e7\u00e3o da nossa investiga\u00e7\u00e3o foi justamente isso. O perfil das pessoas que estavam adquirindo esses ve\u00edculos adulterados, ve\u00edculos clonados, na maioria das vezes empres\u00e1rios, no caso de Franca a pessoa que foi presa ele \u00e9 engenheiro civil e arquiteto\u201d.<\/p>\n<p><em><strong>*Com informa\u00e7\u00f5es da EPTV<\/strong><\/em><\/p>\n<hr class=\"wp-block-separator has-alpha-channel-opacity\"\/>\n<p>SAIBA MAIS<\/p>\n<p>Caminhonete destr\u00f3i fachada de com\u00e9rcio na Fi\u00fasa em Ribeir\u00e3o Preto<\/p>\n<h4 class=\"wp-block-heading\"><strong>FIQUE ON<\/strong><\/h4>\n<p>Fique ligado em tudo que acontece em Ribeir\u00e3o Preto e regi\u00e3o. Siga os perfis do<strong>\u00a0acidade on<\/strong>\u00a0no\u00a0<a href=\"https:\/\/www.instagram.com\/acidadeonribeirao\" target=\"_blank\" rel=\"noreferrer noopener\">Instagram\u00a0<\/a>e no\u00a0<a href=\"https:\/\/www.facebook.com\/acidadeonribeirao\/\" target=\"_blank\" rel=\"noreferrer noopener\">Facebook<\/a>.<\/p>\n<p>Receba not\u00edcias do\u00a0<strong>acidade on\u00a0<\/strong>no WhatsApp.\u00a0<a href=\"https:\/\/chat.whatsapp.com\/Fg4ok3aAVyB59DP63pRapr\" target=\"_blank\" rel=\"noreferrer noopener\">Para entrar no grupo, basta clicar aqui.<\/a><\/p>\n<p>Fa\u00e7a uma den\u00fancia ou sugira uma reportagem sobre Ribeir\u00e3o Preto e regi\u00e3o pelo WhatsApp: 16 99117 7802.<\/p>\n<p>VEJA TAMB\u00c9M<\/p>\n<p>Qual a idade de Sabrina Sato e Nicolas Prattes?<\/p>\n<p><!-- CONTENT END 1 -->\n<\/div>\n<p><script async src=\"\/\/www.instagram.com\/embed.js\"><\/script><br \/>\n<br \/><br \/>\n<br \/><a href=\"https:\/\/www.acidadeon.com\/ribeiraopreto\/cotidiano\/mecanico-e-preso-com-carro-adulterado-na-zona-leste-de-ribeirao-preto\/\">Source link <\/a><\/p>\n","protected":false},"excerpt":{"rendered":"<p>Um mec\u00e2nico foi preso com um carro clonado, na manh\u00e3 desta quarta-feira (16), na zona Leste de Ribeir\u00e3o Preto. A pris\u00e3o faz parte da Opera\u00e7\u00e3o&#8230;<\/p>\n","protected":false},"author":1,"featured_media":71458,"comment_status":"open","ping_status":"open","sticky":false,"template":"","format":"standard","meta":{"_uag_custom_page_level_css":"","advanced_seo_description":"","jetpack_seo_html_title":"","jetpack_seo_noindex":false,"jetpack_post_was_ever_published":false,"_jetpack_newsletter_access":"","_jetpack_dont_email_post_to_subs":false,"_jetpack_newsletter_tier_id":0,"_jetpack_memberships_contains_paywalled_content":false,"_jetpack_memberships_contains_paid_content":false,"footnotes":"","jetpack_publicize_message":"","jetpack_publicize_feature_enabled":true,"jetpack_social_post_already_shared":true,"jetpack_social_options":{"image_generator_settings":{"template":"highway","default_image_id":0,"font":"","enabled":false},"version":2}},"categories":[11],"tags":[],"class_list":["post-71457","post","type-post","status-publish","format-standard","has-post-thumbnail","hentry","category-noticias-de-ribeirao-preto-sp-e-regiao-ismael-colosi"],"jetpack_publicize_connections":[],"jetpack_featured_media_url":"https:\/\/i0.wp.com\/ismaelcolosi.com.br\/wp-content\/uploads\/2024\/10\/Copia-de-Copia-de-Copia-de-TAMANHO-EXATO-PARA-FOTOS-NO-SISTEMA-NOVO-2024-10-16T133648.688_2024-10-16_16-36-55_png_2024-10-16_16-36-55.webp.webp?fit=1200%2C675&ssl=1","uagb_featured_image_src":{"full":["https:\/\/i0.wp.com\/ismaelcolosi.com.br\/wp-content\/uploads\/2024\/10\/Copia-de-Copia-de-Copia-de-TAMANHO-EXATO-PARA-FOTOS-NO-SISTEMA-NOVO-2024-10-16T133648.688_2024-10-16_16-36-55_png_2024-10-16_16-36-55.webp.webp?fit=1200%2C675&ssl=1",1200,675,false],"thumbnail":["https:\/\/i0.wp.com\/ismaelcolosi.com.br\/wp-content\/uploads\/2024\/10\/Copia-de-Copia-de-Copia-de-TAMANHO-EXATO-PARA-FOTOS-NO-SISTEMA-NOVO-2024-10-16T133648.688_2024-10-16_16-36-55_png_2024-10-16_16-36-55.webp.webp?resize=150%2C150&ssl=1",150,150,true],"medium":["https:\/\/i0.wp.com\/ismaelcolosi.com.br\/wp-content\/uploads\/2024\/10\/Copia-de-Copia-de-Copia-de-TAMANHO-EXATO-PARA-FOTOS-NO-SISTEMA-NOVO-2024-10-16T133648.688_2024-10-16_16-36-55_png_2024-10-16_16-36-55.webp.webp?fit=300%2C169&ssl=1",300,169,true],"medium_large":["https:\/\/i0.wp.com\/ismaelcolosi.com.br\/wp-content\/uploads\/2024\/10\/Copia-de-Copia-de-Copia-de-TAMANHO-EXATO-PARA-FOTOS-NO-SISTEMA-NOVO-2024-10-16T133648.688_2024-10-16_16-36-55_png_2024-10-16_16-36-55.webp.webp?fit=768%2C432&ssl=1",768,432,true],"large":["https:\/\/i0.wp.com\/ismaelcolosi.com.br\/wp-content\/uploads\/2024\/10\/Copia-de-Copia-de-Copia-de-TAMANHO-EXATO-PARA-FOTOS-NO-SISTEMA-NOVO-2024-10-16T133648.688_2024-10-16_16-36-55_png_2024-10-16_16-36-55.webp.webp?fit=1024%2C576&ssl=1",1024,576,true],"1536x1536":["https:\/\/i0.wp.com\/ismaelcolosi.com.br\/wp-content\/uploads\/2024\/10\/Copia-de-Copia-de-Copia-de-TAMANHO-EXATO-PARA-FOTOS-NO-SISTEMA-NOVO-2024-10-16T133648.688_2024-10-16_16-36-55_png_2024-10-16_16-36-55.webp.webp?fit=1200%2C675&ssl=1",1200,675,true],"2048x2048":["https:\/\/i0.wp.com\/ismaelcolosi.com.br\/wp-content\/uploads\/2024\/10\/Copia-de-Copia-de-Copia-de-TAMANHO-EXATO-PARA-FOTOS-NO-SISTEMA-NOVO-2024-10-16T133648.688_2024-10-16_16-36-55_png_2024-10-16_16-36-55.webp.webp?fit=1200%2C675&ssl=1",1200,675,true],"really-simple-thumb":["https:\/\/i0.wp.com\/ismaelcolosi.com.br\/wp-content\/uploads\/2024\/10\/Copia-de-Copia-de-Copia-de-TAMANHO-EXATO-PARA-FOTOS-NO-SISTEMA-NOVO-2024-10-16T133648.688_2024-10-16_16-36-55_png_2024-10-16_16-36-55.webp.webp?resize=370%2C247&ssl=1",370,247,true]},"uagb_author_info":{"display_name":"ismaelcolosi.com.br","author_link":"https:\/\/ismaelcolosi.com.br\/index.php\/author\/vidareal-online\/"},"uagb_comment_info":0,"uagb_excerpt":"Um mec\u00e2nico foi preso com um carro clonado, na manh\u00e3 desta quarta-feira (16), na zona Leste de Ribeir\u00e3o Preto. A pris\u00e3o faz parte da Opera\u00e7\u00e3o...","jetpack-related-posts":[{"id":20389,"url":"https:\/\/ismaelcolosi.com.br\/index.php\/2023\/12\/25\/dono-de-carro-recebe-multas-e-descobre-que-veiculo-foi-clonado-em-ribeirao\/","url_meta":{"origin":71457,"position":0},"title":"Dono de carro recebe multas e descobre que ve\u00edculo foi clonado em Ribeir\u00e3o","author":"ismaelcolosi.com.br","date":"25 de December de 2023","format":false,"excerpt":"A PM (Pol\u00edcia Militar) prendeu um homem com um carro clonado na avenida\u00a0Ant\u00f4nia\u00a0Mugnatto Marincek, na zona Leste de Ribeir\u00e3o Preto. Segundo o boletim de ocorr\u00eancia (BO), foram encontradas adultera\u00e7\u00f5es no chassi e no n\u00famero do motor do ve\u00edculo, um Toyota\u00a0Corolla. A PM disse que fez contato o propriet\u00e1rio do autom\u00f3vel\u2026","rel":"","context":"In &quot;Not\u00edcias de Ribeir\u00e3o Preto-SP e Regi\u00e3o&quot;","block_context":{"text":"Not\u00edcias de Ribeir\u00e3o Preto-SP e Regi\u00e3o","link":"https:\/\/ismaelcolosi.com.br\/index.php\/category\/noticias-de-ribeirao-preto-sp-e-regiao-ismael-colosi\/"},"img":{"alt_text":"","src":"https:\/\/i0.wp.com\/ismaelcolosi.com.br\/wp-content\/uploads\/2023\/12\/baep_ribeirao_1024x576_15032021095301.jpg?fit=1024%2C576&ssl=1&resize=350%2C200","width":350,"height":200,"srcset":"https:\/\/i0.wp.com\/ismaelcolosi.com.br\/wp-content\/uploads\/2023\/12\/baep_ribeirao_1024x576_15032021095301.jpg?fit=1024%2C576&ssl=1&resize=350%2C200 1x, https:\/\/i0.wp.com\/ismaelcolosi.com.br\/wp-content\/uploads\/2023\/12\/baep_ribeirao_1024x576_15032021095301.jpg?fit=1024%2C576&ssl=1&resize=525%2C300 1.5x, https:\/\/i0.wp.com\/ismaelcolosi.com.br\/wp-content\/uploads\/2023\/12\/baep_ribeirao_1024x576_15032021095301.jpg?fit=1024%2C576&ssl=1&resize=700%2C400 2x"},"classes":[]},{"id":32922,"url":"https:\/\/ismaelcolosi.com.br\/index.php\/2024\/01\/26\/policia-reconstitui-homicidio-de-engenheiro-de-batatais\/","url_meta":{"origin":71457,"position":1},"title":"Pol\u00edcia reconstitui homic\u00eddio de engenheiro de Batatais","author":"ismaelcolosi.com.br","date":"26 de January de 2024","format":false,"excerpt":"V\u00edtima teria sido morta ao tirar satisfa\u00e7\u00e3o com homem que teria vendido caminhonete furtada, resultando na pris\u00e3o do engenheiro por recepta\u00e7\u00e3o 26 de janeiro de 2024 | 16:08 3Por: Adalberto LuqueA Pol\u00edcia Civil realizou, nesta sexta-feira (26), a reconstitui\u00e7\u00e3o da morte do engenheiro C\u00e9sar Henrique Rinhel, de 50 anos. A\u2026","rel":"","context":"In &quot;Not\u00edcias de Ribeir\u00e3o Preto-SP e Regi\u00e3o&quot;","block_context":{"text":"Not\u00edcias de Ribeir\u00e3o Preto-SP e Regi\u00e3o","link":"https:\/\/ismaelcolosi.com.br\/index.php\/category\/noticias-de-ribeirao-preto-sp-e-regiao-ismael-colosi\/"},"img":{"alt_text":"","src":"https:\/\/i0.wp.com\/ismaelcolosi.com.br\/wp-content\/uploads\/2024\/01\/00-26-jan-2024-reconstituicao-engenheiro-00-foto-alfredo-risk-scaled.jpg?fit=967%2C645&ssl=1&resize=350%2C200","width":350,"height":200,"srcset":"https:\/\/i0.wp.com\/ismaelcolosi.com.br\/wp-content\/uploads\/2024\/01\/00-26-jan-2024-reconstituicao-engenheiro-00-foto-alfredo-risk-scaled.jpg?fit=967%2C645&ssl=1&resize=350%2C200 1x, https:\/\/i0.wp.com\/ismaelcolosi.com.br\/wp-content\/uploads\/2024\/01\/00-26-jan-2024-reconstituicao-engenheiro-00-foto-alfredo-risk-scaled.jpg?fit=967%2C645&ssl=1&resize=525%2C300 1.5x, https:\/\/i0.wp.com\/ismaelcolosi.com.br\/wp-content\/uploads\/2024\/01\/00-26-jan-2024-reconstituicao-engenheiro-00-foto-alfredo-risk-scaled.jpg?fit=967%2C645&ssl=1&resize=700%2C400 2x"},"classes":[]},{"id":54511,"url":"https:\/\/ismaelcolosi.com.br\/index.php\/2024\/06\/25\/crianca-de-4-anos-morre-apos-acidente-com-carro-de-luxo-no-interior-de-sao-paulo\/","url_meta":{"origin":71457,"position":2},"title":"Crian\u00e7a de 4 anos morre ap\u00f3s acidente com carro de luxo no interior de S\u00e3o Paulo","author":"ismaelcolosi.com.br","date":"25 de June de 2024","format":false,"excerpt":"Um acidente causado por uma BMW resultou na morte de uma crian\u00e7a de 4 anos em Bragan\u00e7a Paulista, no interior de S\u00e3o Paulo. A batida ocorreu no domingo (23). De acordo com a SSP-SP (Secretaria de Estado da Seguran\u00e7a P\u00fablica de S\u00e3o Paulo), o motorista de 36 anos foi preso\u2026","rel":"","context":"In &quot;Not\u00edcias de Ribeir\u00e3o Preto-SP e Regi\u00e3o&quot;","block_context":{"text":"Not\u00edcias de Ribeir\u00e3o Preto-SP e Regi\u00e3o","link":"https:\/\/ismaelcolosi.com.br\/index.php\/category\/noticias-de-ribeirao-preto-sp-e-regiao-ismael-colosi\/"},"img":{"alt_text":"","src":"https:\/\/i0.wp.com\/ismaelcolosi.com.br\/wp-content\/uploads\/2024\/06\/1719354985_PMR-3.jpg?fit=1200%2C907&ssl=1&resize=350%2C200","width":350,"height":200,"srcset":"https:\/\/i0.wp.com\/ismaelcolosi.com.br\/wp-content\/uploads\/2024\/06\/1719354985_PMR-3.jpg?fit=1200%2C907&ssl=1&resize=350%2C200 1x, https:\/\/i0.wp.com\/ismaelcolosi.com.br\/wp-content\/uploads\/2024\/06\/1719354985_PMR-3.jpg?fit=1200%2C907&ssl=1&resize=525%2C300 1.5x, https:\/\/i0.wp.com\/ismaelcolosi.com.br\/wp-content\/uploads\/2024\/06\/1719354985_PMR-3.jpg?fit=1200%2C907&ssl=1&resize=700%2C400 2x, https:\/\/i0.wp.com\/ismaelcolosi.com.br\/wp-content\/uploads\/2024\/06\/1719354985_PMR-3.jpg?fit=1200%2C907&ssl=1&resize=1050%2C600 3x"},"classes":[]},{"id":66979,"url":"https:\/\/ismaelcolosi.com.br\/index.php\/2024\/09\/20\/engenheiro-civil-tem-carro-de-luxo-furtado-na-zona-sul-de-ribeirao-preto\/","url_meta":{"origin":71457,"position":3},"title":"Engenheiro civil tem carro de luxo furtado na zona Sul de Ribeir\u00e3o Preto","author":"ismaelcolosi.com.br","date":"20 de September de 2024","format":false,"excerpt":"Um carro de luxo pertencente a um engenheiro civil foi furtado na noite desta quinta-feira (19), na zona Sul de Ribeir\u00e3o Preto. A v\u00edtima, de 43 anos, disse \u00e0 pol\u00edcia no boletim de ocorr\u00eancia (BO) que deixou o ve\u00edculo \u2013 um SUV Toyota Hilux prata \u2013 estacionado por volta das\u2026","rel":"","context":"In &quot;Not\u00edcias de Ribeir\u00e3o Preto-SP e Regi\u00e3o&quot;","block_context":{"text":"Not\u00edcias de Ribeir\u00e3o Preto-SP e Regi\u00e3o","link":"https:\/\/ismaelcolosi.com.br\/index.php\/category\/noticias-de-ribeirao-preto-sp-e-regiao-ismael-colosi\/"},"img":{"alt_text":"","src":"https:\/\/i0.wp.com\/ismaelcolosi.com.br\/wp-content\/uploads\/2024\/09\/1726838085_20220620_114539075_policia_qru_1024x576_25052021184749_jpg_715985292.jpg?fit=1200%2C606&ssl=1&resize=350%2C200","width":350,"height":200,"srcset":"https:\/\/i0.wp.com\/ismaelcolosi.com.br\/wp-content\/uploads\/2024\/09\/1726838085_20220620_114539075_policia_qru_1024x576_25052021184749_jpg_715985292.jpg?fit=1200%2C606&ssl=1&resize=350%2C200 1x, https:\/\/i0.wp.com\/ismaelcolosi.com.br\/wp-content\/uploads\/2024\/09\/1726838085_20220620_114539075_policia_qru_1024x576_25052021184749_jpg_715985292.jpg?fit=1200%2C606&ssl=1&resize=525%2C300 1.5x, https:\/\/i0.wp.com\/ismaelcolosi.com.br\/wp-content\/uploads\/2024\/09\/1726838085_20220620_114539075_policia_qru_1024x576_25052021184749_jpg_715985292.jpg?fit=1200%2C606&ssl=1&resize=700%2C400 2x, https:\/\/i0.wp.com\/ismaelcolosi.com.br\/wp-content\/uploads\/2024\/09\/1726838085_20220620_114539075_policia_qru_1024x576_25052021184749_jpg_715985292.jpg?fit=1200%2C606&ssl=1&resize=1050%2C600 3x"},"classes":[]},{"id":47500,"url":"https:\/\/ismaelcolosi.com.br\/index.php\/2024\/04\/25\/nome-de-advogado-condenado-pela-morte-de-adolescente-em-ribeirao-aparece-em-lista-de-procurados-da-justica\/","url_meta":{"origin":71457,"position":4},"title":"Nome de advogado condenado pela morte de adolescente em Ribeir\u00e3o aparece em lista de procurados da Justi\u00e7a","author":"ismaelcolosi.com.br","date":"25 de April de 2024","format":false,"excerpt":"O nome do advogado Alexandre Luis Maturana, condenado \u00e0 pris\u00e3o pela morte de um adolescente em Ribeir\u00e3o Preto, aparece nas principais listas de procurados no territ\u00f3rio nacional, de acordo com as autoridades. Acusado de atropelar Rubem Falconi de Oliveira, de 16 anos, ap\u00f3s uma festa em um clube da cidade,\u2026","rel":"","context":"In &quot;Not\u00edcias de Ribeir\u00e3o Preto-SP e Regi\u00e3o&quot;","block_context":{"text":"Not\u00edcias de Ribeir\u00e3o Preto-SP e Regi\u00e3o","link":"https:\/\/ismaelcolosi.com.br\/index.php\/category\/noticias-de-ribeirao-preto-sp-e-regiao-ismael-colosi\/"},"img":{"alt_text":"","src":"https:\/\/i0.wp.com\/ismaelcolosi.com.br\/wp-content\/uploads\/2024\/04\/Copia-de-Copia-de-TAMANHO-EXATO-PARA-FOTOS-NO-SISTEMA-NOVO-14_2024-04-26_00-01-15_png.webp.webp?fit=1200%2C675&ssl=1&resize=350%2C200","width":350,"height":200,"srcset":"https:\/\/i0.wp.com\/ismaelcolosi.com.br\/wp-content\/uploads\/2024\/04\/Copia-de-Copia-de-TAMANHO-EXATO-PARA-FOTOS-NO-SISTEMA-NOVO-14_2024-04-26_00-01-15_png.webp.webp?fit=1200%2C675&ssl=1&resize=350%2C200 1x, https:\/\/i0.wp.com\/ismaelcolosi.com.br\/wp-content\/uploads\/2024\/04\/Copia-de-Copia-de-TAMANHO-EXATO-PARA-FOTOS-NO-SISTEMA-NOVO-14_2024-04-26_00-01-15_png.webp.webp?fit=1200%2C675&ssl=1&resize=525%2C300 1.5x, https:\/\/i0.wp.com\/ismaelcolosi.com.br\/wp-content\/uploads\/2024\/04\/Copia-de-Copia-de-TAMANHO-EXATO-PARA-FOTOS-NO-SISTEMA-NOVO-14_2024-04-26_00-01-15_png.webp.webp?fit=1200%2C675&ssl=1&resize=700%2C400 2x, https:\/\/i0.wp.com\/ismaelcolosi.com.br\/wp-content\/uploads\/2024\/04\/Copia-de-Copia-de-TAMANHO-EXATO-PARA-FOTOS-NO-SISTEMA-NOVO-14_2024-04-26_00-01-15_png.webp.webp?fit=1200%2C675&ssl=1&resize=1050%2C600 3x"},"classes":[]},{"id":18172,"url":"https:\/\/ismaelcolosi.com.br\/index.php\/2023\/12\/19\/utm_sourcerssutm_mediumrssutm_campaignprocurado-pela-justica-e-preso-com-carro-duble-pelo-baep-em-jardinopolis\/","url_meta":{"origin":71457,"position":5},"title":"Procurado pela Justi\u00e7a \u00e9 preso com carro dubl\u00ea pelo BAEP em Jardin\u00f3polis \u2013 X Tudo Ribeir\u00e3o","author":"ismaelcolosi.com.br","date":"19 de December de 2023","format":false,"excerpt":"Um homem foi preso, no final da tarde desta segunda-feira (18), depois de ser flagrado portando documento falso e conduzindo um ve\u00edculo dubl\u00ea, na Rua Pl\u00ednio da Silva Reis, em Jardin\u00f3polis. O homem era procurado pela Justi\u00e7a ap\u00f3s ter sido condenado por furto em Bebedouro e sentenciado a dois anos\u2026","rel":"","context":"In &quot;Not\u00edcias de Ribeir\u00e3o Preto-SP e Regi\u00e3o&quot;","block_context":{"text":"Not\u00edcias de Ribeir\u00e3o Preto-SP e Regi\u00e3o","link":"https:\/\/ismaelcolosi.com.br\/index.php\/category\/noticias-de-ribeirao-preto-sp-e-regiao-ismael-colosi\/"},"img":{"alt_text":"","src":"https:\/\/i0.wp.com\/ismaelcolosi.com.br\/wp-content\/uploads\/2023\/12\/Carro-duble.jpg?fit=960%2C909&ssl=1&resize=350%2C200","width":350,"height":200,"srcset":"https:\/\/i0.wp.com\/ismaelcolosi.com.br\/wp-content\/uploads\/2023\/12\/Carro-duble.jpg?fit=960%2C909&ssl=1&resize=350%2C200 1x, https:\/\/i0.wp.com\/ismaelcolosi.com.br\/wp-content\/uploads\/2023\/12\/Carro-duble.jpg?fit=960%2C909&ssl=1&resize=525%2C300 1.5x, https:\/\/i0.wp.com\/ismaelcolosi.com.br\/wp-content\/uploads\/2023\/12\/Carro-duble.jpg?fit=960%2C909&ssl=1&resize=700%2C400 2x"},"classes":[]}],"jetpack_sharing_enabled":true,"jetpack_shortlink":"https:\/\/wp.me\/pfMlyK-iAx","_links":{"self":[{"href":"https:\/\/ismaelcolosi.com.br\/index.php\/wp-json\/wp\/v2\/posts\/71457","targetHints":{"allow":["GET"]}}],"collection":[{"href":"https:\/\/ismaelcolosi.com.br\/index.php\/wp-json\/wp\/v2\/posts"}],"about":[{"href":"https:\/\/ismaelcolosi.com.br\/index.php\/wp-json\/wp\/v2\/types\/post"}],"author":[{"embeddable":true,"href":"https:\/\/ismaelcolosi.com.br\/index.php\/wp-json\/wp\/v2\/users\/1"}],"replies":[{"embeddable":true,"href":"https:\/\/ismaelcolosi.com.br\/index.php\/wp-json\/wp\/v2\/comments?post=71457"}],"version-history":[{"count":0,"href":"https:\/\/ismaelcolosi.com.br\/index.php\/wp-json\/wp\/v2\/posts\/71457\/revisions"}],"wp:featuredmedia":[{"embeddable":true,"href":"https:\/\/ismaelcolosi.com.br\/index.php\/wp-json\/wp\/v2\/media\/71458"}],"wp:attachment":[{"href":"https:\/\/ismaelcolosi.com.br\/index.php\/wp-json\/wp\/v2\/media?parent=71457"}],"wp:term":[{"taxonomy":"category","embeddable":true,"href":"https:\/\/ismaelcolosi.com.br\/index.php\/wp-json\/wp\/v2\/categories?post=71457"},{"taxonomy":"post_tag","embeddable":true,"href":"https:\/\/ismaelcolosi.com.br\/index.php\/wp-json\/wp\/v2\/tags?post=71457"}],"curies":[{"name":"wp","href":"https:\/\/api.w.org\/{rel}","templated":true}]}}