{"id":71444,"date":"2024-10-16T13:36:57","date_gmt":"2024-10-16T16:36:57","guid":{"rendered":"https:\/\/ismaelcolosi.com.br\/?p=71444"},"modified":"2024-10-17T14:18:52","modified_gmt":"2024-10-17T17:18:52","slug":"mural-de-entrevistas-de-jovem-aprendiz-para-o-dia-17-de-outubro-de-2024-em-ribeirao-preto-sp-participe","status":"publish","type":"post","link":"https:\/\/ismaelcolosi.com.br\/index.php\/2024\/10\/16\/mural-de-entrevistas-de-jovem-aprendiz-para-o-dia-17-de-outubro-de-2024-em-ribeirao-preto-sp-participe\/","title":{"rendered":"Mural de Entrevistas de Jovem Aprendiz para o dia 17 de Outubro de 2024 Em Ribeir\u00e3o Preto-SP. Participe"},"content":{"rendered":"\n<div class=\"wp-block-group is-vertical is-layout-flex wp-container-core-group-is-layout-8cf370e7 wp-block-group-is-layout-flex\">\n<div class=\"wp-block-group is-vertical is-layout-flex wp-container-core-group-is-layout-8cf370e7 wp-block-group-is-layout-flex\">\n<div class=\"wp-block-group is-vertical is-layout-flex wp-container-core-group-is-layout-8cf370e7 wp-block-group-is-layout-flex\">\n<div class=\"wp-block-group is-vertical is-layout-flex wp-container-core-group-is-layout-8cf370e7 wp-block-group-is-layout-flex\">\n<p>\ud83d\udd25<strong> Entrevista 17\/10<\/strong> \ud83d\udd25<\/p>\n\n\n\n<div class=\"wp-block-group is-vertical is-layout-flex wp-container-core-group-is-layout-8cf370e7 wp-block-group-is-layout-flex\">\n<p>Vaga: Jovem Aprendiz<\/p>\n\n\n\n<p>5 horas por dia<br>\ud83d\udccdComparecer na Av. Ermelinda Corrado, 53 &#8211; Parque dos Bandeirantes, Ribeir\u00e3o Preto &#8211; SP, 14090-480 Avisar que foi encaminhado por Ismael Colosi \ud83e\udec2. <\/p>\n\n\n\n<div class=\"wp-block-group is-vertical is-layout-flex wp-container-core-group-is-layout-8cf370e7 wp-block-group-is-layout-flex\">\n<div class=\"wp-block-group is-vertical is-layout-flex wp-container-core-group-is-layout-8cf370e7 wp-block-group-is-layout-flex\">\n<p>Para mais vagas de empregos, cursos gratuitos e curr\u00edculos gr\u00e1tis chamar no 16991268411(Agrade\u00e7o aos 530 votos recebidos para vereador, muito obrigado)<strong>Ir das 13:00h at\u00e9 as 17h00.<\/strong><br>\u26a0\ufe0f TRABALHO DESENVOLVIDO DESDE 2014<br>\u26a0\ufe0f SER\u00c1 ENTREVISTA DE EMPREGO<br>\u26a0\ufe0f N\u00c3O \u00c9 EMPREGO GARANTIDO<br><\/p>\n\n\n\n<p><br><br>\ud83d\udd25<strong> Entrevista 17\/10<\/strong> \ud83d\udd25<\/p>\n\n\n\n<p>Vaga: <strong>Jovem aprendiz \/ Estagio<\/strong><\/p>\n\n\n\n<p>16 anos e 17 anos<br>Cursando ensino m\u00e9dio<br>Morar em Ribeir\u00e3o Preto<\/p>\n\n\n\n<p>\ud83d\udccdComparecer na R. Ant\u00f4nio Fernandes Figuer\u00f4a, 1400 &#8211; Parque Industrial Lagoinha, Ribeir\u00e3o Preto &#8211; SP. Avisar que foi encaminhado por Ismael Colosi(Agrade\u00e7o aos 530 votos recebidos para vereador, muito obrigado) \ud83e\udec2<strong>. Ir \u00e0s 14h.<\/strong><br>Para mais vagas de empregos, cursos gratuitos e curr\u00edculos gr\u00e1tis chamar no 16991268411<br>\u26a0\ufe0f TRABALHO DESENVOLVIDO DESDE 2014<br>\u26a0\ufe0f SER\u00c1 ENTREVISTA DE EMPREGO<br>\u26a0\ufe0f N\u00c3O \u00c9 EMPREGO GARANTIDO<br><br><br>\ud83d\udd25 <strong>ENTREVISTA DIA 17\/10<\/strong> \ud83d\udd25<\/p>\n<\/div>\n\n\n\n<p>VAGAS: <\/p>\n\n\n\n<ul class=\"wp-block-list\">\n<li>Jovem aprendiz (Limpeza)<\/li>\n<\/ul>\n\n\n\n<p>Disponibilidade para trabalhar em algum dos hor\u00e1rios<br>TRAGA SEU CURR\u00cdCULO IMPRESSO!<br>Ir na Rua Padre Feijo, 815, Avisar que foi encaminhado por Ismael Colosi(Agrade\u00e7o aos 530 votos recebidos para vereador, muito obrigado) \ud83e\udec2.<strong> Ir \u00e0s 13h30<\/strong><br>Para mais vagas de empregos, cursos gratuitos e curr\u00edculos gr\u00e1tis chamar no 16991268411<br>\u26a0\ufe0f TRABALHO DESENVOLVIDO DESDE 2014<br>\u26a0\ufe0f SER\u00c1 ENTREVISTA DE EMPREGO<br>\u26a0\ufe0f N\u00c3O \u00c9 EMPREGO GARANTIDO<\/p>\n<\/div>\n<\/div>\n<\/div>\n<\/div>\n<\/div>\n<\/div>\n\n\n\n<hr class=\"wp-block-separator has-alpha-channel-opacity\"\/>\n<div class='code-block code-block-4' style='margin: 8px auto 8px 0; text-align: left; display: block; clear: both;'>\n\ud83d\udce2 Aviso Legal\n\nO site ismaelcolosi.com.br atua apenas como um canal de divulga\u00e7\u00e3o de oportunidades de emprego e n\u00e3o se responsabiliza pelo processo seletivo, contrata\u00e7\u00e3o ou qualquer outra etapa relacionada \u00e0s vagas publicadas. Todas as informa\u00e7\u00f5es s\u00e3o de responsabilidade dos anunciantes.\n\n\u26a0\ufe0f Aten\u00e7\u00e3o! Nunca pague por promessas de emprego nem compre cursos que garantam contrata\u00e7\u00e3o. Desconfie de qualquer cobran\u00e7a para participar de sele\u00e7\u00f5es.\n\n\n\n<\/div>\n<!-- CONTENT END 1 -->\n","protected":false},"excerpt":{"rendered":"<p>\ud83d\udd25 Entrevista 17\/10 \ud83d\udd25 Vaga: Jovem Aprendiz 5 horas por dia\ud83d\udccdComparecer na Av. Ermelinda Corrado, 53 &#8211; Parque dos Bandeirantes, Ribeir\u00e3o Preto &#8211; SP, 14090-480&#8230;<\/p>\n","protected":false},"author":5,"featured_media":71448,"comment_status":"open","ping_status":"open","sticky":false,"template":"","format":"standard","meta":{"_uag_custom_page_level_css":"","advanced_seo_description":"","jetpack_seo_html_title":"","jetpack_seo_noindex":false,"jetpack_post_was_ever_published":false,"_jetpack_newsletter_access":"","_jetpack_dont_email_post_to_subs":false,"_jetpack_newsletter_tier_id":0,"_jetpack_memberships_contains_paywalled_content":false,"_jetpack_memberships_contains_paid_content":false,"footnotes":"","jetpack_publicize_message":"","jetpack_publicize_feature_enabled":true,"jetpack_social_post_already_shared":true,"jetpack_social_options":{"image_generator_settings":{"template":"highway","default_image_id":0,"font":"","enabled":false},"version":2}},"categories":[1],"tags":[27,26],"class_list":["post-71444","post","type-post","status-publish","format-standard","has-post-thumbnail","hentry","category-blog","tag-preto","tag-ribeirao"],"jetpack_publicize_connections":[],"jetpack_featured_media_url":"https:\/\/i0.wp.com\/ismaelcolosi.com.br\/wp-content\/uploads\/2024\/10\/template.jpg?fit=1280%2C720&ssl=1","uagb_featured_image_src":{"full":["https:\/\/i0.wp.com\/ismaelcolosi.com.br\/wp-content\/uploads\/2024\/10\/template.jpg?fit=1280%2C720&ssl=1",1280,720,false],"thumbnail":["https:\/\/i0.wp.com\/ismaelcolosi.com.br\/wp-content\/uploads\/2024\/10\/template.jpg?resize=150%2C150&ssl=1",150,150,true],"medium":["https:\/\/i0.wp.com\/ismaelcolosi.com.br\/wp-content\/uploads\/2024\/10\/template.jpg?fit=300%2C169&ssl=1",300,169,true],"medium_large":["https:\/\/i0.wp.com\/ismaelcolosi.com.br\/wp-content\/uploads\/2024\/10\/template.jpg?fit=768%2C432&ssl=1",768,432,true],"large":["https:\/\/i0.wp.com\/ismaelcolosi.com.br\/wp-content\/uploads\/2024\/10\/template.jpg?fit=1024%2C576&ssl=1",1024,576,true],"1536x1536":["https:\/\/i0.wp.com\/ismaelcolosi.com.br\/wp-content\/uploads\/2024\/10\/template.jpg?fit=1280%2C720&ssl=1",1280,720,true],"2048x2048":["https:\/\/i0.wp.com\/ismaelcolosi.com.br\/wp-content\/uploads\/2024\/10\/template.jpg?fit=1280%2C720&ssl=1",1280,720,true],"really-simple-thumb":["https:\/\/i0.wp.com\/ismaelcolosi.com.br\/wp-content\/uploads\/2024\/10\/template.jpg?resize=370%2C247&ssl=1",370,247,true]},"uagb_author_info":{"display_name":"Arthur Tijolo","author_link":"https:\/\/ismaelcolosi.com.br\/index.php\/author\/autor-2024\/"},"uagb_comment_info":0,"uagb_excerpt":"\ud83d\udd25 Entrevista 17\/10 \ud83d\udd25 Vaga: Jovem Aprendiz 5 horas por dia\ud83d\udccdComparecer na Av. Ermelinda Corrado, 53 &#8211; Parque dos Bandeirantes, Ribeir\u00e3o Preto &#8211; SP, 14090-480...","jetpack-related-posts":[{"id":72343,"url":"https:\/\/ismaelcolosi.com.br\/index.php\/2024\/10\/21\/mural-de-entrevistas-de-jovem-aprendiz-para-o-dia-22-de-outubro-de-2024-em-ribeirao-preto-sp-participe\/","url_meta":{"origin":71444,"position":0},"title":"Mural de Entrevistas de Jovem Aprendiz para o dia 22 de Outubro de 2024 Em Ribeir\u00e3o Preto-SP. Participe","author":"ismaelcolosi.com.br","date":"21 de October de 2024","format":false,"excerpt":"Anote o Endere\u00e7o e Hor\u00e1rio: \ud83d\udccd Ribeir\u00e3o Preto | \ud83d\udd58 22 de Outubro de 2024 (Sexta-feira). Chegue com pelo menos 15 minutos de anteced\u00eancia para garantir a sua vaga e estar preparado para as oportunidades! Traga Seu Curr\u00edculo Atualizado: \u00c9 essencial ter um curr\u00edculo bem elaborado para destacar suas habilidades\u2026","rel":"","context":"In &quot;Blog&quot;","block_context":{"text":"Blog","link":"https:\/\/ismaelcolosi.com.br\/index.php\/category\/blog\/"},"img":{"alt_text":"","src":"https:\/\/i0.wp.com\/ismaelcolosi.com.br\/wp-content\/uploads\/2024\/10\/template.jpg?fit=1200%2C675&ssl=1&resize=350%2C200","width":350,"height":200,"srcset":"https:\/\/i0.wp.com\/ismaelcolosi.com.br\/wp-content\/uploads\/2024\/10\/template.jpg?fit=1200%2C675&ssl=1&resize=350%2C200 1x, https:\/\/i0.wp.com\/ismaelcolosi.com.br\/wp-content\/uploads\/2024\/10\/template.jpg?fit=1200%2C675&ssl=1&resize=525%2C300 1.5x, https:\/\/i0.wp.com\/ismaelcolosi.com.br\/wp-content\/uploads\/2024\/10\/template.jpg?fit=1200%2C675&ssl=1&resize=700%2C400 2x, https:\/\/i0.wp.com\/ismaelcolosi.com.br\/wp-content\/uploads\/2024\/10\/template.jpg?fit=1200%2C675&ssl=1&resize=1050%2C600 3x"},"classes":[]},{"id":71691,"url":"https:\/\/ismaelcolosi.com.br\/index.php\/2024\/10\/17\/mural-de-entrevistas-de-jovem-aprendiz-para-o-dia-18-de-outubro-de-2024-em-ribeirao-preto-sp-participe\/","url_meta":{"origin":71444,"position":1},"title":"Mural de Entrevistas de Jovem Aprendiz para o dia 18 de Outubro de 2024 Em Ribeir\u00e3o Preto-SP. Participe","author":"ismaelcolosi.com.br","date":"17 de October de 2024","format":false,"excerpt":"Anote o Endere\u00e7o e Hor\u00e1rio: \ud83d\udccd Ribeir\u00e3o Preto | \ud83d\udd58 18 de Outubro de 2024 (Sexta-feira). Chegue com pelo menos 15 minutos de anteced\u00eancia para garantir a sua vaga e estar preparado para as oportunidades! Traga Seu Curr\u00edculo Atualizado: \u00c9 essencial ter um curr\u00edculo bem elaborado para destacar suas habilidades\u2026","rel":"","context":"In &quot;Blog&quot;","block_context":{"text":"Blog","link":"https:\/\/ismaelcolosi.com.br\/index.php\/category\/blog\/"},"img":{"alt_text":"","src":"https:\/\/i0.wp.com\/ismaelcolosi.com.br\/wp-content\/uploads\/2024\/10\/template.jpg?fit=1200%2C675&ssl=1&resize=350%2C200","width":350,"height":200,"srcset":"https:\/\/i0.wp.com\/ismaelcolosi.com.br\/wp-content\/uploads\/2024\/10\/template.jpg?fit=1200%2C675&ssl=1&resize=350%2C200 1x, https:\/\/i0.wp.com\/ismaelcolosi.com.br\/wp-content\/uploads\/2024\/10\/template.jpg?fit=1200%2C675&ssl=1&resize=525%2C300 1.5x, https:\/\/i0.wp.com\/ismaelcolosi.com.br\/wp-content\/uploads\/2024\/10\/template.jpg?fit=1200%2C675&ssl=1&resize=700%2C400 2x, https:\/\/i0.wp.com\/ismaelcolosi.com.br\/wp-content\/uploads\/2024\/10\/template.jpg?fit=1200%2C675&ssl=1&resize=1050%2C600 3x"},"classes":[]},{"id":3974,"url":"https:\/\/ismaelcolosi.com.br\/index.php\/2023\/11\/20\/50-vagas-para-jovem-aprendiz-em-ribeirao-preto-sp-veja-agora-3\/","url_meta":{"origin":71444,"position":2},"title":"50 vagas para Jovem Aprendiz em Ribeir\u00e3o Preto-SP, veja agora","author":"ismaelcolosi.com.br","date":"20 de November de 2023","format":false,"excerpt":"Get notified about new Jovem Aprendiz jobs in Ribeir\u00e3o Preto, S\u00e3o Paulo, Brazil. Sign in to create job alert 247 Jovem Aprendiz Jobs in Ribeir\u00e3o Preto, S\u00e3o Paulo, Brazil (4\u00a0new) Aprendiz Aprendiz Resolv Ribeir\u00e3o Preto, S\u00e3o Paulo, Brazil 2 months ago Aprendiz Loja Oper - 125 H Aprendiz Loja Oper\u2026","rel":"","context":"In &quot;Vagas de Emprego em Ribeir\u00e3o Preto-SP&quot;","block_context":{"text":"Vagas de Emprego em Ribeir\u00e3o Preto-SP","link":"https:\/\/ismaelcolosi.com.br\/index.php\/category\/empregos-classificados-vagas-trabalho\/vagas-de-empregos-em-ribeirao-preto-regiao-brasil\/"},"img":{"alt_text":"","src":"https:\/\/i0.wp.com\/ismaelcolosi.com.br\/wp-content\/uploads\/2023\/11\/1700503443_9ed641fa6f5a21c18ae5c5e9f6944ce2.jpg?fit=500%2C350&ssl=1&resize=350%2C200","width":350,"height":200},"classes":[]},{"id":24602,"url":"https:\/\/ismaelcolosi.com.br\/index.php\/2024\/01\/04\/50-vagas-para-jovem-aprendiz-em-ribeirao-preto-sp-veja-agora-16\/","url_meta":{"origin":71444,"position":3},"title":"50 vagas para Jovem Aprendiz em Ribeir\u00e3o Preto-SP, veja agora","author":"ismaelcolosi.com.br","date":"4 de January de 2024","format":false,"excerpt":"Get notified about new Jovem Aprendiz jobs in Ribeir\u00e3o Preto, S\u00e3o Paulo, Brazil. Sign in to create job alert 228 Jovem Aprendiz Jobs in Ribeir\u00e3o Preto, S\u00e3o Paulo, Brazil (6\u00a0new) Aprendiz Aprendiz Grupo Passalacqua Ribeir\u00e3o Preto, S\u00e3o Paulo, Brazil Be an early applicant 1 day ago Jovem Aprendiz Jovem Aprendiz\u2026","rel":"","context":"In &quot;Vagas de Emprego em Ribeir\u00e3o Preto-SP&quot;","block_context":{"text":"Vagas de Emprego em Ribeir\u00e3o Preto-SP","link":"https:\/\/ismaelcolosi.com.br\/index.php\/category\/empregos-classificados-vagas-trabalho\/vagas-de-empregos-em-ribeirao-preto-regiao-brasil\/"},"img":{"alt_text":"","src":"https:\/\/i0.wp.com\/ismaelcolosi.com.br\/wp-content\/uploads\/2024\/01\/1704402141_9ed641fa6f5a21c18ae5c5e9f6944ce2.jpg?fit=500%2C350&ssl=1&resize=350%2C200","width":350,"height":200},"classes":[]},{"id":22355,"url":"https:\/\/ismaelcolosi.com.br\/index.php\/2023\/12\/29\/50-vagas-para-jovem-aprendiz-em-ribeirao-preto-sp-veja-agora-14\/","url_meta":{"origin":71444,"position":4},"title":"50 vagas para Jovem Aprendiz em Ribeir\u00e3o Preto-SP, veja agora","author":"ismaelcolosi.com.br","date":"29 de December de 2023","format":false,"excerpt":"Get notified about new Jovem Aprendiz jobs in Ribeir\u00e3o Preto, S\u00e3o Paulo, Brazil. Sign in to create job alert 175 Jovem Aprendiz Jobs in Ribeir\u00e3o Preto, S\u00e3o Paulo, Brazil (2\u00a0new) Jovem Aprendiz - Unidade Ribeir\u00e3o Preto Jovem Aprendiz - Unidade Ribeir\u00e3o Preto Atento Ribeir\u00e3o Preto, S\u00e3o Paulo, Brazil Actively Hiring\u2026","rel":"","context":"In &quot;Vagas de Emprego em Ribeir\u00e3o Preto-SP&quot;","block_context":{"text":"Vagas de Emprego em Ribeir\u00e3o Preto-SP","link":"https:\/\/ismaelcolosi.com.br\/index.php\/category\/empregos-classificados-vagas-trabalho\/vagas-de-empregos-em-ribeirao-preto-regiao-brasil\/"},"img":{"alt_text":"","src":"https:\/\/i0.wp.com\/ismaelcolosi.com.br\/wp-content\/uploads\/2023\/12\/1703882517_9ed641fa6f5a21c18ae5c5e9f6944ce2.jpg?fit=500%2C350&ssl=1&resize=350%2C200","width":350,"height":200},"classes":[]},{"id":31599,"url":"https:\/\/ismaelcolosi.com.br\/index.php\/2024\/01\/22\/50-vagas-para-jovem-aprendiz-em-ribeirao-preto-sp-veja-agora-21\/","url_meta":{"origin":71444,"position":5},"title":"50 vagas para Jovem Aprendiz em Ribeir\u00e3o Preto-SP, veja agora","author":"ismaelcolosi.com.br","date":"22 de January de 2024","format":false,"excerpt":"Get notified about new Jovem Aprendiz jobs in Ribeir\u00e3o Preto, S\u00e3o Paulo, Brazil. Sign in to create job alert 225 Jovem Aprendiz Jobs in Ribeir\u00e3o Preto, S\u00e3o Paulo, Brazil (67\u00a0new) Aprendiz Aprendiz GRUPO SEB Ribeir\u00e3o Preto, S\u00e3o Paulo, Brazil 5 days ago Aprendiz Aprendiz Grupo Passalacqua Ribeir\u00e3o Preto, S\u00e3o Paulo,\u2026","rel":"","context":"In &quot;Vagas de Emprego em Ribeir\u00e3o Preto-SP&quot;","block_context":{"text":"Vagas de Emprego em Ribeir\u00e3o Preto-SP","link":"https:\/\/ismaelcolosi.com.br\/index.php\/category\/empregos-classificados-vagas-trabalho\/vagas-de-empregos-em-ribeirao-preto-regiao-brasil\/"},"img":{"alt_text":"","src":"https:\/\/i0.wp.com\/ismaelcolosi.com.br\/wp-content\/uploads\/2024\/01\/1705964123_eddd344102207150476e63cfa19d06d97410ddf0.png?fit=600%2C315&ssl=1&resize=350%2C200","width":350,"height":200,"srcset":"https:\/\/i0.wp.com\/ismaelcolosi.com.br\/wp-content\/uploads\/2024\/01\/1705964123_eddd344102207150476e63cfa19d06d97410ddf0.png?fit=600%2C315&ssl=1&resize=350%2C200 1x, https:\/\/i0.wp.com\/ismaelcolosi.com.br\/wp-content\/uploads\/2024\/01\/1705964123_eddd344102207150476e63cfa19d06d97410ddf0.png?fit=600%2C315&ssl=1&resize=525%2C300 1.5x"},"classes":[]}],"jetpack_sharing_enabled":true,"jetpack_shortlink":"https:\/\/wp.me\/pfMlyK-iAk","_links":{"self":[{"href":"https:\/\/ismaelcolosi.com.br\/index.php\/wp-json\/wp\/v2\/posts\/71444","targetHints":{"allow":["GET"]}}],"collection":[{"href":"https:\/\/ismaelcolosi.com.br\/index.php\/wp-json\/wp\/v2\/posts"}],"about":[{"href":"https:\/\/ismaelcolosi.com.br\/index.php\/wp-json\/wp\/v2\/types\/post"}],"author":[{"embeddable":true,"href":"https:\/\/ismaelcolosi.com.br\/index.php\/wp-json\/wp\/v2\/users\/5"}],"replies":[{"embeddable":true,"href":"https:\/\/ismaelcolosi.com.br\/index.php\/wp-json\/wp\/v2\/comments?post=71444"}],"version-history":[{"count":1,"href":"https:\/\/ismaelcolosi.com.br\/index.php\/wp-json\/wp\/v2\/posts\/71444\/revisions"}],"predecessor-version":[{"id":71449,"href":"https:\/\/ismaelcolosi.com.br\/index.php\/wp-json\/wp\/v2\/posts\/71444\/revisions\/71449"}],"wp:featuredmedia":[{"embeddable":true,"href":"https:\/\/ismaelcolosi.com.br\/index.php\/wp-json\/wp\/v2\/media\/71448"}],"wp:attachment":[{"href":"https:\/\/ismaelcolosi.com.br\/index.php\/wp-json\/wp\/v2\/media?parent=71444"}],"wp:term":[{"taxonomy":"category","embeddable":true,"href":"https:\/\/ismaelcolosi.com.br\/index.php\/wp-json\/wp\/v2\/categories?post=71444"},{"taxonomy":"post_tag","embeddable":true,"href":"https:\/\/ismaelcolosi.com.br\/index.php\/wp-json\/wp\/v2\/tags?post=71444"}],"curies":[{"name":"wp","href":"https:\/\/api.w.org\/{rel}","templated":true}]}}