{"id":71441,"date":"2024-10-16T13:20:05","date_gmt":"2024-10-16T16:20:05","guid":{"rendered":"https:\/\/ismaelcolosi.com.br\/index.php\/2024\/10\/16\/caminhonete-destroi-fachada-de-comercio-na-fiusa-em-ribeirao-preto\/"},"modified":"2024-10-16T13:20:05","modified_gmt":"2024-10-16T16:20:05","slug":"caminhonete-destroi-fachada-de-comercio-na-fiusa-em-ribeirao-preto","status":"publish","type":"post","link":"https:\/\/ismaelcolosi.com.br\/index.php\/2024\/10\/16\/caminhonete-destroi-fachada-de-comercio-na-fiusa-em-ribeirao-preto\/","title":{"rendered":"Caminhonete destr\u00f3i fachada de com\u00e9rcio na Fi\u00fasa em Ribeir\u00e3o Preto"},"content":{"rendered":"<p> <br \/>\n<\/p>\n<div data-td-block-uid=\"tdi_106\">\n<div class=\"tdb-block-inner td-fix-index\">\n<p><strong>Uma caminhonete destruiu parte da frente de um com\u00e9rcio de comida congelada na madrugada desta quarta-feira (16), na avenida Jo\u00e3o Fi\u00fasa, no Alto da Boa Vista, zona Sul de Ribeir\u00e3o Preto.<\/strong> <strong>Assista <\/strong>ao <strong>v\u00eddeo <\/strong>abaixo.<\/p>\n<p>Segundo informa\u00e7\u00f5es de uma <strong>funcion\u00e1ria <\/strong>do <strong>estabelecimento<\/strong>, o <strong>ve\u00edculo <\/strong>foi <strong>encontrado <\/strong>no local durante a manh\u00e3 <strong>sem <\/strong>o <strong>motorista<\/strong>.<\/p>\n<p>Ainda conforme o relato e imagens de uma c\u00e2mera de seguran\u00e7a, um <strong>carro <\/strong>tamb\u00e9m teria se <strong>envolvido<\/strong>.<mark style=\"background-color:#fcb900\" class=\"has-inline-color has-black-color\"> O ve\u00edculo teria atingido a traseira da caminhonete, que cruzou o canteiro central no sentido \u00e0 avenida Independ\u00eancia, subiu na cal\u00e7ada e colidiu contra a porta do estabelecimento utilizada para acesso dos funcion\u00e1rios e recep\u00e7\u00e3o de mercadorias. <\/mark><\/p>\n<p>O <strong>carro <\/strong>tamb\u00e9m estava no canteiro central e teria sido levado por um <strong>guincho <\/strong>no per\u00edodo da manh\u00e3, de acordo com a funcion\u00e1ria. N\u00e3o h\u00e1 informa\u00e7\u00f5es sobre o <strong>condutor<\/strong>.<\/p>\n<p>Conforme apurado pela CBN Ribeir\u00e3o Preto, uma mulher foi at\u00e9 o com\u00e9rcio nesta manh\u00e3 e se apresentou como esposa do dono da caminhonete. Ela informou que n\u00e3o sabe o que aconteceu e que ele passa bem.<\/p>\n<p>N\u00e3o houve registro de <strong>feridos<\/strong>.<\/p>\n<p>As <strong>causas <\/strong>ainda dever\u00e3o ser <strong>esclarecidas<\/strong>. (Com CBN Ribeir\u00e3o Preto)<\/p>\n<blockquote class=\"instagram-media\" data-instgrm-permalink=\"https:\/\/www.instagram.com\/reel\/DBMKdTQxq5h\/?utm_source=ig_embed&amp;utm_campaign=loading\" data-instgrm-version=\"14\" style=\" background:#FFF; border:0; border-radius:3px; box-shadow:0 0 1px 0 rgba(0,0,0,0.5),0 1px 10px 0 rgba(0,0,0,0.15); margin: 1px; max-width:540px; min-width:326px; padding:0; width:99.375%; width:-webkit-calc(100% - 2px); width:calc(100% - 2px);\"\/>\n<p>SAIBA MAIS<\/p>\n<p>Morre v\u00edtima de explos\u00e3o em ind\u00fastria qu\u00edmica de Sert\u00e3ozinho<\/p>\n<h4 class=\"wp-block-heading\"><strong>FIQUE ON<\/strong><\/h4>\n<p>Fique ligado em tudo que acontece em Ribeir\u00e3o Preto e regi\u00e3o. Siga os perfis do<strong>\u00a0acidade on<\/strong>\u00a0no\u00a0<a href=\"https:\/\/www.instagram.com\/acidadeonribeirao\" target=\"_blank\" rel=\"noreferrer noopener\">Instagram\u00a0<\/a>e no\u00a0<a href=\"https:\/\/www.facebook.com\/acidadeonribeirao\/\" target=\"_blank\" rel=\"noreferrer noopener\">Facebook<\/a>.<\/p>\n<p>Receba not\u00edcias do\u00a0<strong>acidade on\u00a0<\/strong>no WhatsApp.\u00a0<a href=\"https:\/\/chat.whatsapp.com\/Fg4ok3aAVyB59DP63pRapr\" target=\"_blank\" rel=\"noreferrer noopener\">Para entrar no grupo, basta clicar aqui.<\/a><\/p>\n<p>Fa\u00e7a uma den\u00fancia ou sugira uma reportagem sobre Ribeir\u00e3o Preto e regi\u00e3o pelo WhatsApp: 16 99117 7802.<\/p>\n<p>VEJA TAMB\u00c9M<\/p>\n<p>Quando governo decide se vai ter hor\u00e1rio de Ver\u00e3o?<\/p>\n<p><!-- CONTENT END 1 -->\n<\/div>\n<\/div>\n<p><script async src=\"\/\/www.instagram.com\/embed.js\"><\/script><br \/>\n<br \/><br \/>\n<br \/><a href=\"https:\/\/www.acidadeon.com\/ribeiraopreto\/cotidiano\/caminhonete-destroi-fachada-de-comercio-na-fiusa-em-ribeirao-preto\/\">Source link <\/a><\/p>\n","protected":false},"excerpt":{"rendered":"<p>Uma caminhonete destruiu parte da frente de um com\u00e9rcio de comida congelada na madrugada desta quarta-feira (16), na avenida Jo\u00e3o Fi\u00fasa, no Alto da Boa&#8230;<\/p>\n","protected":false},"author":1,"featured_media":71442,"comment_status":"open","ping_status":"open","sticky":false,"template":"","format":"standard","meta":{"_uag_custom_page_level_css":"","advanced_seo_description":"","jetpack_seo_html_title":"","jetpack_seo_noindex":false,"jetpack_post_was_ever_published":false,"_jetpack_newsletter_access":"","_jetpack_dont_email_post_to_subs":false,"_jetpack_newsletter_tier_id":0,"_jetpack_memberships_contains_paywalled_content":false,"_jetpack_memberships_contains_paid_content":false,"footnotes":"","jetpack_publicize_message":"","jetpack_publicize_feature_enabled":true,"jetpack_social_post_already_shared":true,"jetpack_social_options":{"image_generator_settings":{"template":"highway","default_image_id":0,"font":"","enabled":false},"version":2}},"categories":[11],"tags":[],"class_list":["post-71441","post","type-post","status-publish","format-standard","has-post-thumbnail","hentry","category-noticias-de-ribeirao-preto-sp-e-regiao-ismael-colosi"],"jetpack_publicize_connections":[],"jetpack_featured_media_url":"https:\/\/i0.wp.com\/ismaelcolosi.com.br\/wp-content\/uploads\/2024\/10\/WhatsApp-Image-2024-10-16-at-11.37.18_2024-10-16_14-49-29_jpeg_2024-10-16_14-49-29.webp.webp?fit=1599%2C1380&ssl=1","uagb_featured_image_src":{"full":["https:\/\/i0.wp.com\/ismaelcolosi.com.br\/wp-content\/uploads\/2024\/10\/WhatsApp-Image-2024-10-16-at-11.37.18_2024-10-16_14-49-29_jpeg_2024-10-16_14-49-29.webp.webp?fit=1599%2C1380&ssl=1",1599,1380,false],"thumbnail":["https:\/\/i0.wp.com\/ismaelcolosi.com.br\/wp-content\/uploads\/2024\/10\/WhatsApp-Image-2024-10-16-at-11.37.18_2024-10-16_14-49-29_jpeg_2024-10-16_14-49-29.webp.webp?resize=150%2C150&ssl=1",150,150,true],"medium":["https:\/\/i0.wp.com\/ismaelcolosi.com.br\/wp-content\/uploads\/2024\/10\/WhatsApp-Image-2024-10-16-at-11.37.18_2024-10-16_14-49-29_jpeg_2024-10-16_14-49-29.webp.webp?fit=300%2C259&ssl=1",300,259,true],"medium_large":["https:\/\/i0.wp.com\/ismaelcolosi.com.br\/wp-content\/uploads\/2024\/10\/WhatsApp-Image-2024-10-16-at-11.37.18_2024-10-16_14-49-29_jpeg_2024-10-16_14-49-29.webp.webp?fit=768%2C663&ssl=1",768,663,true],"large":["https:\/\/i0.wp.com\/ismaelcolosi.com.br\/wp-content\/uploads\/2024\/10\/WhatsApp-Image-2024-10-16-at-11.37.18_2024-10-16_14-49-29_jpeg_2024-10-16_14-49-29.webp.webp?fit=1024%2C884&ssl=1",1024,884,true],"1536x1536":["https:\/\/i0.wp.com\/ismaelcolosi.com.br\/wp-content\/uploads\/2024\/10\/WhatsApp-Image-2024-10-16-at-11.37.18_2024-10-16_14-49-29_jpeg_2024-10-16_14-49-29.webp.webp?fit=1536%2C1326&ssl=1",1536,1326,true],"2048x2048":["https:\/\/i0.wp.com\/ismaelcolosi.com.br\/wp-content\/uploads\/2024\/10\/WhatsApp-Image-2024-10-16-at-11.37.18_2024-10-16_14-49-29_jpeg_2024-10-16_14-49-29.webp.webp?fit=1599%2C1380&ssl=1",1599,1380,true],"really-simple-thumb":["https:\/\/i0.wp.com\/ismaelcolosi.com.br\/wp-content\/uploads\/2024\/10\/WhatsApp-Image-2024-10-16-at-11.37.18_2024-10-16_14-49-29_jpeg_2024-10-16_14-49-29.webp.webp?resize=370%2C247&ssl=1",370,247,true]},"uagb_author_info":{"display_name":"ismaelcolosi.com.br","author_link":"https:\/\/ismaelcolosi.com.br\/index.php\/author\/vidareal-online\/"},"uagb_comment_info":0,"uagb_excerpt":"Uma caminhonete destruiu parte da frente de um com\u00e9rcio de comida congelada na madrugada desta quarta-feira (16), na avenida Jo\u00e3o Fi\u00fasa, no Alto da Boa...","jetpack-related-posts":[{"id":43972,"url":"https:\/\/ismaelcolosi.com.br\/index.php\/2024\/03\/25\/grupo-e-preso-transportando-cocaina-em-compartimento-de-caminhonete\/","url_meta":{"origin":71441,"position":0},"title":"Grupo \u00e9 preso transportando coca\u00edna em compartimento de caminhonete","author":"ismaelcolosi.com.br","date":"25 de March de 2024","format":false,"excerpt":"Fundo falso foi localizado com apoio de c\u00e3o de faro; um homem e tr\u00eas mulheres foram presos e encaminhados \u00e0 PF 25 de mar\u00e7o de 2024 | 7:1124 de mar\u00e7o de 2024 | 20:07 1 Por: Adalberto Luque Um grupo de quatro pessoas foi preso neste domingo (24) por tr\u00e1fico\u2026","rel":"","context":"In &quot;Not\u00edcias de Ribeir\u00e3o Preto-SP e Regi\u00e3o&quot;","block_context":{"text":"Not\u00edcias de Ribeir\u00e3o Preto-SP e Regi\u00e3o","link":"https:\/\/ismaelcolosi.com.br\/index.php\/category\/noticias-de-ribeirao-preto-sp-e-regiao-ismael-colosi\/"},"img":{"alt_text":"","src":"https:\/\/i0.wp.com\/ismaelcolosi.com.br\/wp-content\/uploads\/2024\/03\/00-25-mar-2024-apreensao-maconha-01-foto-baep.jpg?fit=1200%2C822&ssl=1&resize=350%2C200","width":350,"height":200,"srcset":"https:\/\/i0.wp.com\/ismaelcolosi.com.br\/wp-content\/uploads\/2024\/03\/00-25-mar-2024-apreensao-maconha-01-foto-baep.jpg?fit=1200%2C822&ssl=1&resize=350%2C200 1x, https:\/\/i0.wp.com\/ismaelcolosi.com.br\/wp-content\/uploads\/2024\/03\/00-25-mar-2024-apreensao-maconha-01-foto-baep.jpg?fit=1200%2C822&ssl=1&resize=525%2C300 1.5x, https:\/\/i0.wp.com\/ismaelcolosi.com.br\/wp-content\/uploads\/2024\/03\/00-25-mar-2024-apreensao-maconha-01-foto-baep.jpg?fit=1200%2C822&ssl=1&resize=700%2C400 2x, https:\/\/i0.wp.com\/ismaelcolosi.com.br\/wp-content\/uploads\/2024\/03\/00-25-mar-2024-apreensao-maconha-01-foto-baep.jpg?fit=1200%2C822&ssl=1&resize=1050%2C600 3x"},"classes":[]},{"id":61409,"url":"https:\/\/ismaelcolosi.com.br\/index.php\/2024\/08\/21\/caminhonete-colide-com-poste-e-provoca-interdicao-de-avenida-em-ribeirao-preto\/","url_meta":{"origin":71441,"position":1},"title":"Caminhonete colide com poste e provoca interdi\u00e7\u00e3o de avenida em Ribeir\u00e3o Preto","author":"ismaelcolosi.com.br","date":"21 de August de 2024","format":false,"excerpt":"A caminhonete dirigida por uma idosa de 68 anos colidiu com um poste da avenida Marechal Costa Silva, em Ribeir\u00e3o Preto, no final da manh\u00e3 desta quarta-feira (21). Por conta do acidente, a avenida precisou ser interditada. A batida aconteceu na altura do n\u00famero 3.400 da avenida, por volta das\u2026","rel":"","context":"In &quot;Not\u00edcias de Ribeir\u00e3o Preto-SP e Regi\u00e3o&quot;","block_context":{"text":"Not\u00edcias de Ribeir\u00e3o Preto-SP e Regi\u00e3o","link":"https:\/\/ismaelcolosi.com.br\/index.php\/category\/noticias-de-ribeirao-preto-sp-e-regiao-ismael-colosi\/"},"img":{"alt_text":"","src":"https:\/\/i0.wp.com\/ismaelcolosi.com.br\/wp-content\/uploads\/2024\/08\/acidente-costa-e-silva-hoje_2024-08-21_18-17-11_jpg_2024-08-21_18-17-11.webp.webp?fit=1200%2C675&ssl=1&resize=350%2C200","width":350,"height":200,"srcset":"https:\/\/i0.wp.com\/ismaelcolosi.com.br\/wp-content\/uploads\/2024\/08\/acidente-costa-e-silva-hoje_2024-08-21_18-17-11_jpg_2024-08-21_18-17-11.webp.webp?fit=1200%2C675&ssl=1&resize=350%2C200 1x, https:\/\/i0.wp.com\/ismaelcolosi.com.br\/wp-content\/uploads\/2024\/08\/acidente-costa-e-silva-hoje_2024-08-21_18-17-11_jpg_2024-08-21_18-17-11.webp.webp?fit=1200%2C675&ssl=1&resize=525%2C300 1.5x, https:\/\/i0.wp.com\/ismaelcolosi.com.br\/wp-content\/uploads\/2024\/08\/acidente-costa-e-silva-hoje_2024-08-21_18-17-11_jpg_2024-08-21_18-17-11.webp.webp?fit=1200%2C675&ssl=1&resize=700%2C400 2x, https:\/\/i0.wp.com\/ismaelcolosi.com.br\/wp-content\/uploads\/2024\/08\/acidente-costa-e-silva-hoje_2024-08-21_18-17-11_jpg_2024-08-21_18-17-11.webp.webp?fit=1200%2C675&ssl=1&resize=1050%2C600 3x"},"classes":[]},{"id":53653,"url":"https:\/\/ismaelcolosi.com.br\/index.php\/2024\/06\/18\/assaltante-e-baleado-por-sargento-da-pm-ao-reagir-a-roubo-regiao-de-ribeirao-preto\/","url_meta":{"origin":71441,"position":2},"title":"Assaltante \u00e9 baleado por sargento da PM ao reagir a roubo regi\u00e3o de Ribeir\u00e3o Preto","author":"ismaelcolosi.com.br","date":"18 de June de 2024","format":false,"excerpt":"Um sargento da PM (Pol\u00edcia Militar) baleou um assaltante ao reagir a um roubo na manh\u00e3 desta ter\u00e7a-feira (18), no Distrito Industrial Jos\u00e9 Aparecido, em Jaboticabal, cidade a aproximadamente 50 quil\u00f4metros de Ribeir\u00e3o Preto. Segundo informa\u00e7\u00f5es da Pol\u00edcia Civil, o policial, de 46 anos, levava a filha para o trabalho\u2026","rel":"","context":"In &quot;Not\u00edcias de Ribeir\u00e3o Preto-SP e Regi\u00e3o&quot;","block_context":{"text":"Not\u00edcias de Ribeir\u00e3o Preto-SP e Regi\u00e3o","link":"https:\/\/ismaelcolosi.com.br\/index.php\/category\/noticias-de-ribeirao-preto-sp-e-regiao-ismael-colosi\/"},"img":{"alt_text":"","src":"https:\/\/i0.wp.com\/ismaelcolosi.com.br\/wp-content\/uploads\/2024\/06\/1718735003_20220620_114539075_policia_qru_1024x576_25052021184749_jpg_715985292.jpg?fit=1200%2C606&ssl=1&resize=350%2C200","width":350,"height":200,"srcset":"https:\/\/i0.wp.com\/ismaelcolosi.com.br\/wp-content\/uploads\/2024\/06\/1718735003_20220620_114539075_policia_qru_1024x576_25052021184749_jpg_715985292.jpg?fit=1200%2C606&ssl=1&resize=350%2C200 1x, https:\/\/i0.wp.com\/ismaelcolosi.com.br\/wp-content\/uploads\/2024\/06\/1718735003_20220620_114539075_policia_qru_1024x576_25052021184749_jpg_715985292.jpg?fit=1200%2C606&ssl=1&resize=525%2C300 1.5x, https:\/\/i0.wp.com\/ismaelcolosi.com.br\/wp-content\/uploads\/2024\/06\/1718735003_20220620_114539075_policia_qru_1024x576_25052021184749_jpg_715985292.jpg?fit=1200%2C606&ssl=1&resize=700%2C400 2x, https:\/\/i0.wp.com\/ismaelcolosi.com.br\/wp-content\/uploads\/2024\/06\/1718735003_20220620_114539075_policia_qru_1024x576_25052021184749_jpg_715985292.jpg?fit=1200%2C606&ssl=1&resize=1050%2C600 3x"},"classes":[]},{"id":66182,"url":"https:\/\/ismaelcolosi.com.br\/index.php\/2024\/09\/16\/acidente-com-motorista-suspeito-de-embriaguez-deixa-1-morto-na-regiao-de-ribeirao\/","url_meta":{"origin":71441,"position":3},"title":"Acidente com motorista suspeito de embriaguez deixa 1 morto na regi\u00e3o de Ribeir\u00e3o","author":"ismaelcolosi.com.br","date":"16 de September de 2024","format":false,"excerpt":"O motorista de um carro morreu no in\u00edcio da noite deste domingo (15), depois de uma batida com uma caminhonete no km 5 da estrada vicinal Argeo Marchi\u00f3, em Sert\u00e3ozinho, regi\u00e3o de Ribeir\u00e3o Preto. Segundo o boletim de ocorr\u00eancia (BO), a v\u00edtima foi identificada como Leonildo Rissati, de 69 anos.\u2026","rel":"","context":"In &quot;Not\u00edcias de Ribeir\u00e3o Preto-SP e Regi\u00e3o&quot;","block_context":{"text":"Not\u00edcias de Ribeir\u00e3o Preto-SP e Regi\u00e3o","link":"https:\/\/ismaelcolosi.com.br\/index.php\/category\/noticias-de-ribeirao-preto-sp-e-regiao-ismael-colosi\/"},"img":{"alt_text":"","src":"https:\/\/i0.wp.com\/ismaelcolosi.com.br\/wp-content\/uploads\/2024\/09\/1726507835_20220620_114539075_policia_qru_1024x576_25052021184749_jpg_715985292.jpg?fit=1200%2C606&ssl=1&resize=350%2C200","width":350,"height":200,"srcset":"https:\/\/i0.wp.com\/ismaelcolosi.com.br\/wp-content\/uploads\/2024\/09\/1726507835_20220620_114539075_policia_qru_1024x576_25052021184749_jpg_715985292.jpg?fit=1200%2C606&ssl=1&resize=350%2C200 1x, https:\/\/i0.wp.com\/ismaelcolosi.com.br\/wp-content\/uploads\/2024\/09\/1726507835_20220620_114539075_policia_qru_1024x576_25052021184749_jpg_715985292.jpg?fit=1200%2C606&ssl=1&resize=525%2C300 1.5x, https:\/\/i0.wp.com\/ismaelcolosi.com.br\/wp-content\/uploads\/2024\/09\/1726507835_20220620_114539075_policia_qru_1024x576_25052021184749_jpg_715985292.jpg?fit=1200%2C606&ssl=1&resize=700%2C400 2x, https:\/\/i0.wp.com\/ismaelcolosi.com.br\/wp-content\/uploads\/2024\/09\/1726507835_20220620_114539075_policia_qru_1024x576_25052021184749_jpg_715985292.jpg?fit=1200%2C606&ssl=1&resize=1050%2C600 3x"},"classes":[]},{"id":14900,"url":"https:\/\/ismaelcolosi.com.br\/index.php\/2023\/12\/12\/motociclista-morre-apos-bater-em-carro-e-ser-atropelado-por-caminhonete-em-ribeirao\/","url_meta":{"origin":71441,"position":4},"title":"Motociclista morre ap\u00f3s bater em carro e ser atropelado por caminhonete em Ribeir\u00e3o","author":"ismaelcolosi.com.br","date":"12 de December de 2023","format":false,"excerpt":"Um motociclista morreu, na tarde desta ter\u00e7a-feira (12), ap\u00f3s se envolver em um acidente na avenida Alfredo Ravaneli, na zona Leste de Ribeir\u00e3o Preto. De acordo com a apura\u00e7\u00e3o da EPTV, o homem, de 35 anos, pilotava a moto quando bateu na traseira de um ve\u00edculo que seguia no mesmo\u2026","rel":"","context":"In &quot;Not\u00edcias de Ribeir\u00e3o Preto-SP e Regi\u00e3o&quot;","block_context":{"text":"Not\u00edcias de Ribeir\u00e3o Preto-SP e Regi\u00e3o","link":"https:\/\/ismaelcolosi.com.br\/index.php\/category\/noticias-de-ribeirao-preto-sp-e-regiao-ismael-colosi\/"},"img":{"alt_text":"","src":"https:\/\/i0.wp.com\/ismaelcolosi.com.br\/wp-content\/uploads\/2023\/12\/Copia-de-Copia-de-TAMANHO-EXATO-PARA-FOTOS-NO-SISTEMA-NOVO-16.png?fit=1200%2C675&ssl=1&resize=350%2C200","width":350,"height":200,"srcset":"https:\/\/i0.wp.com\/ismaelcolosi.com.br\/wp-content\/uploads\/2023\/12\/Copia-de-Copia-de-TAMANHO-EXATO-PARA-FOTOS-NO-SISTEMA-NOVO-16.png?fit=1200%2C675&ssl=1&resize=350%2C200 1x, https:\/\/i0.wp.com\/ismaelcolosi.com.br\/wp-content\/uploads\/2023\/12\/Copia-de-Copia-de-TAMANHO-EXATO-PARA-FOTOS-NO-SISTEMA-NOVO-16.png?fit=1200%2C675&ssl=1&resize=525%2C300 1.5x, https:\/\/i0.wp.com\/ismaelcolosi.com.br\/wp-content\/uploads\/2023\/12\/Copia-de-Copia-de-TAMANHO-EXATO-PARA-FOTOS-NO-SISTEMA-NOVO-16.png?fit=1200%2C675&ssl=1&resize=700%2C400 2x, https:\/\/i0.wp.com\/ismaelcolosi.com.br\/wp-content\/uploads\/2023\/12\/Copia-de-Copia-de-TAMANHO-EXATO-PARA-FOTOS-NO-SISTEMA-NOVO-16.png?fit=1200%2C675&ssl=1&resize=1050%2C600 3x"},"classes":[]},{"id":50187,"url":"https:\/\/ismaelcolosi.com.br\/index.php\/2024\/05\/15\/caminhonete-que-transportava-familia-pega-fogo-em-cidade-na-regiao-de-ribeirao\/","url_meta":{"origin":71441,"position":5},"title":"Caminhonete que transportava fam\u00edlia pega fogo em cidade na regi\u00e3o de Ribeir\u00e3o","author":"ismaelcolosi.com.br","date":"15 de May de 2024","format":false,"excerpt":"Uma caminhonete com um casal e o filho pegou fogo no in\u00edcio da manh\u00e3 desta quarta-feira (15), em Batatais, cidade a aproximadamente 40 quil\u00f4metros de Ribeir\u00e3o Preto. Segundo o Corpo de Bombeiros, a fam\u00edlia percebeu a fuma\u00e7a e conseguiu deixar o ve\u00edculo pela avenida Prefeito Jos\u00e9 Pimenta Neves com a\u2026","rel":"","context":"In &quot;Not\u00edcias de Ribeir\u00e3o Preto-SP e Regi\u00e3o&quot;","block_context":{"text":"Not\u00edcias de Ribeir\u00e3o Preto-SP e Regi\u00e3o","link":"https:\/\/ismaelcolosi.com.br\/index.php\/category\/noticias-de-ribeirao-preto-sp-e-regiao-ismael-colosi\/"},"img":{"alt_text":"","src":"https:\/\/i0.wp.com\/ismaelcolosi.com.br\/wp-content\/uploads\/2024\/05\/WhatsApp-Image-2024-05-15-at-08.06.21_2024-05-15_11-06-38_jpeg_2024-05-15_11-06-38.webp.webp?fit=1200%2C976&ssl=1&resize=350%2C200","width":350,"height":200,"srcset":"https:\/\/i0.wp.com\/ismaelcolosi.com.br\/wp-content\/uploads\/2024\/05\/WhatsApp-Image-2024-05-15-at-08.06.21_2024-05-15_11-06-38_jpeg_2024-05-15_11-06-38.webp.webp?fit=1200%2C976&ssl=1&resize=350%2C200 1x, https:\/\/i0.wp.com\/ismaelcolosi.com.br\/wp-content\/uploads\/2024\/05\/WhatsApp-Image-2024-05-15-at-08.06.21_2024-05-15_11-06-38_jpeg_2024-05-15_11-06-38.webp.webp?fit=1200%2C976&ssl=1&resize=525%2C300 1.5x, https:\/\/i0.wp.com\/ismaelcolosi.com.br\/wp-content\/uploads\/2024\/05\/WhatsApp-Image-2024-05-15-at-08.06.21_2024-05-15_11-06-38_jpeg_2024-05-15_11-06-38.webp.webp?fit=1200%2C976&ssl=1&resize=700%2C400 2x, https:\/\/i0.wp.com\/ismaelcolosi.com.br\/wp-content\/uploads\/2024\/05\/WhatsApp-Image-2024-05-15-at-08.06.21_2024-05-15_11-06-38_jpeg_2024-05-15_11-06-38.webp.webp?fit=1200%2C976&ssl=1&resize=1050%2C600 3x"},"classes":[]}],"jetpack_sharing_enabled":true,"jetpack_shortlink":"https:\/\/wp.me\/pfMlyK-iAh","_links":{"self":[{"href":"https:\/\/ismaelcolosi.com.br\/index.php\/wp-json\/wp\/v2\/posts\/71441","targetHints":{"allow":["GET"]}}],"collection":[{"href":"https:\/\/ismaelcolosi.com.br\/index.php\/wp-json\/wp\/v2\/posts"}],"about":[{"href":"https:\/\/ismaelcolosi.com.br\/index.php\/wp-json\/wp\/v2\/types\/post"}],"author":[{"embeddable":true,"href":"https:\/\/ismaelcolosi.com.br\/index.php\/wp-json\/wp\/v2\/users\/1"}],"replies":[{"embeddable":true,"href":"https:\/\/ismaelcolosi.com.br\/index.php\/wp-json\/wp\/v2\/comments?post=71441"}],"version-history":[{"count":0,"href":"https:\/\/ismaelcolosi.com.br\/index.php\/wp-json\/wp\/v2\/posts\/71441\/revisions"}],"wp:featuredmedia":[{"embeddable":true,"href":"https:\/\/ismaelcolosi.com.br\/index.php\/wp-json\/wp\/v2\/media\/71442"}],"wp:attachment":[{"href":"https:\/\/ismaelcolosi.com.br\/index.php\/wp-json\/wp\/v2\/media?parent=71441"}],"wp:term":[{"taxonomy":"category","embeddable":true,"href":"https:\/\/ismaelcolosi.com.br\/index.php\/wp-json\/wp\/v2\/categories?post=71441"},{"taxonomy":"post_tag","embeddable":true,"href":"https:\/\/ismaelcolosi.com.br\/index.php\/wp-json\/wp\/v2\/tags?post=71441"}],"curies":[{"name":"wp","href":"https:\/\/api.w.org\/{rel}","templated":true}]}}