{"id":71429,"date":"2024-10-16T12:50:47","date_gmt":"2024-10-16T15:50:47","guid":{"rendered":"https:\/\/ismaelcolosi.com.br\/index.php\/2024\/10\/16\/concertos-eptv-obras-de-haydn-mozart-e-brahms-chegam-a-franca\/"},"modified":"2024-10-16T12:50:47","modified_gmt":"2024-10-16T15:50:47","slug":"concertos-eptv-obras-de-haydn-mozart-e-brahms-chegam-a-franca","status":"publish","type":"post","link":"https:\/\/ismaelcolosi.com.br\/index.php\/2024\/10\/16\/concertos-eptv-obras-de-haydn-mozart-e-brahms-chegam-a-franca\/","title":{"rendered":"Concertos EPTV: Obras de Haydn, Mozart e Brahms chegam a Franca"},"content":{"rendered":"<p> <br \/>\n<\/p>\n<div>\n<p>O <strong>Minist\u00e9rio do Turismo<\/strong> e a <strong>CPFL Energia <\/strong>apresentam a s\u00e9rie <strong>Concertos EPTV<\/strong>. Com a proposta permanente de levar m\u00fasica da melhor qualidade ao interior do<strong> Estado de S\u00e3o Paulo<\/strong>, a Temporada 2024 dos Concertos EPTV come\u00e7ou no m\u00eas de setembro e continua agora em outubro.<\/p>\n<p>Os concertos contam com repert\u00f3rio de <strong>Pablo de Le\u00f3n<\/strong>, <strong>Horacio Schaefer <\/strong>e <strong>Roberto Ring<\/strong>. Eles convidam o violinista franc\u00eas <strong>R\u00e9gis Pasquier<\/strong> e apresentam obras de <strong>Haydn<\/strong>, <strong>Mozart <\/strong>e<strong> Brahms<\/strong>.<\/p>\n<p><mark style=\"background-color:#fcb900\" class=\"has-inline-color has-black-color\">O <strong>Teatro Municipal Jos\u00e9 Cyrino Goulart<\/strong>, em <strong>Franca<\/strong>, recebe o concerto no dia 20 de outubro<\/mark>. J\u00e1 em Americana a apresenta\u00e7\u00e3o ser\u00e1 no Teatro Municipal Lulu Benencase, no dia 18 de outubro. No dia 19 de outubro a apresenta\u00e7\u00e3o \u00e9 no Audit\u00f3rio Escola Paulo Freire, em Cosm\u00f3polis.<\/p>\n<p><mark style=\"background-color:#fcb900\" class=\"has-inline-color has-black-color\">A entrada dos espet\u00e1culos \u00e9 gratuita e a classifica\u00e7\u00e3o \u00e9 de 10 anos.<\/mark><\/p>\n<h4 class=\"wp-block-heading\"><strong>Biografia<\/strong><\/h4>\n<p><strong>TRIO LE\u00d3N \u2013 SCHAEFER \u2013 RING: <\/strong>Comemorando em 2023 vinte e dois anos de atividade, este time de peso do cen\u00e1rio da m\u00fasica cl\u00e1ssica brasileira re\u00fane o violinista Pablo de Le\u00f3n (spalla da Orquestra Sinf\u00f4nica Municipal de S\u00e3o Paulo), o violista Hor\u00e1cio Schaefer (chefe do naipe das violas da Orquestra Sinf\u00f4nica do Estado de S\u00e3o Paulo) e o violoncelista Roberto Ring.<\/p>\n<p>Juntos desde 2001, o grupo j\u00e1 ultrapassou a marca de mais de 800 concertos realizados no Brasil. Al\u00e9m disso, o grupo representou o Brasil em concertos na Argentina e Chile, em concertos prestigiosos na S\u00e9rie Llao Llao no Alvear em Buenos Aires, no Festival Internacional de Ushuaia e na Funda\u00e7\u00e3o Beethoven de Santiago. \u00a0<\/p>\n<h4 class=\"wp-block-heading\"><strong>R\u00c9GIS PASQUIER<\/strong><\/h4>\n<p>Nasceu em 1945 e j\u00e1 aos 12 anos recebeu o primeiro pr\u00eamio para violino e m\u00fasica de c\u00e2mara do Conservat\u00f3rio Nacional Superior de M\u00fasica de Paris. Em seguida come\u00e7ou a excursionar pela Europa e dois anos mais tarde partiu para os Estados Unidos, para um recital em Nova Iorque.<\/p>\n<p>Em 1985, foi nomeado professor de violino e m\u00fasica de c\u00e2mara do Conservat\u00f3rio Nacional Superior de M\u00fasica de Paris, sem, no entanto, deixar suas atividades como solista e camerista.<\/p>\n<p>Entre suas in\u00fameras grava\u00e7\u00f5es, destaque para as Sonatas para violino e piano de Prokofiev com Pascal Rog\u00e9, as obras para violino e piano de Ravel com Brigitte Engerer, os Caprichos de Paganini e a integral dos concertos para violino de Mozart.<\/p>\n<p>Sua agenda de apresenta\u00e7\u00f5es como camerista e solista \u00e9 das mais intensas, com concertos quase di\u00e1rios na Fran\u00e7a e no exterior, incluindo EUA, Jap\u00e3o e Am\u00e9rica Latina.<\/p>\n<h4 class=\"wp-block-heading\"><strong>SERVI\u00c7O:<\/strong><\/h4>\n<p><strong>Obras de Haydn, Mozart e Brahms<\/strong><\/p>\n<h4 class=\"wp-block-heading\"><strong>FRANCA<\/strong><\/h4>\n<p>Data: 20 de outubro, domingo<\/p>\n<p>Hor\u00e1rio: 19h<\/p>\n<p>Local: Teatro Municipal \u201cJos\u00e9 Cyrino Goulart\u201d Av. Sete de Setembro, 455 Mais Informa\u00e7\u00f5es: (16) 3723-9531 |<a href=\"https:\/\/concertoseptv.com.br\/\" target=\"_blank\" rel=\"noreferrer noopener nofollow\"> www.concertoseptv.com.br<\/a><\/p>\n<p>Ingressos: <mark style=\"background-color:#fcb900\" class=\"has-inline-color has-black-color\">Entrada franca com retirada: 1 hora antes do in\u00edcio do concerto<\/mark> <\/p>\n<p>Classifica\u00e7\u00e3o: 10 anos<\/p>\n<h4 class=\"wp-block-heading\"><strong>AMERICANA <\/strong><\/h4>\n<p>Data: 18 de outubro, sexta-feira Hor\u00e1rio: 20h<\/p>\n<p>Local: Teatro Municipal Lulu Benencase Rua Gon\u00e7alves Dias, 696 \u2013 Jardim Girassol Mais Informa\u00e7\u00f5es: (19) 3461-3045| <a href=\"https:\/\/concertoseptv.com.br\/\" target=\"_blank\" rel=\"noreferrer noopener nofollow\">www.concertoseptv.com.br<\/a> <\/p>\n<p>Ingressos: Site Ingresso Digital e bilheteria do teatro. De 17\/10, a partir das 8h, at\u00e9 18\/10 \u00e0s 20h. Ser\u00e3o disponibilizados 2 (dois) ingressos por pessoa, com validade at\u00e9 15 minutos antes do in\u00edcio do concerto. <\/p>\n<p>Classifica\u00e7\u00e3o: 10 anos<\/p>\n<h4 class=\"wp-block-heading\"><strong>COSM\u00d3POLIS<\/strong><\/h4>\n<p>Data: 19 de outubro, s\u00e1bado<\/p>\n<p>Hor\u00e1rio: 20h<\/p>\n<p>Local: Audit\u00f3rio Escola Paulo Freire R. Sete de Abril, 649 \u2013 Damiano Mais Informa\u00e7\u00f5es: (19) 3812-2227 | <a href=\"https:\/\/concertoseptv.com.br\/\" target=\"_blank\" rel=\"noreferrer noopener nofollow\">www.concertoseptv.com.br<\/a><\/p>\n<p>Ingressos: Entrada franca retirada: 1 hora antes do in\u00edcio do concerto Classifica\u00e7\u00e3o: 10 anos<\/p>\n<p>SAIBA MAIS<br \/>Prazo para sacar \u2018dinheiro esquecido\u2019 em bancos termina hoje; Veja como resgatar<\/p>\n<h4 class=\"wp-block-heading\"><strong>FIQUE ON<\/strong><\/h4>\n<p>Fique ligado em tudo que acontece em Ribeir\u00e3o Preto e regi\u00e3o. Siga os perfis do<strong> acidade on <\/strong>no <a href=\"https:\/\/www.instagram.com\/acidadeonribeirao\" target=\"_blank\" rel=\"noreferrer noopener nofollow\">Instagram<\/a> e no <a href=\"https:\/\/www.facebook.com\/acidadeonribeirao\/\" target=\"_blank\" rel=\"noreferrer noopener nofollow\">Facebook.<\/a><\/p>\n<p>Receba not\u00edcias do<strong> acidade on<\/strong> no WhatsApp.<a href=\"https:\/\/chat.whatsapp.com\/Fg4ok3aAVyB59DP63pRapr\" target=\"_blank\" rel=\"noreferrer noopener nofollow\"> Para entrar no grupo, basta clicar aqui.<\/a><\/p>\n<p>Fa\u00e7a uma den\u00fancia ou sugira uma reportagem sobre Ribeir\u00e3o Preto e regi\u00e3o pelo WhatsApp: 16 99117 7802.<\/p>\n<p>VEJA TAMB\u00c9M<br \/>Quando \u00e9 a Black Friday no Brasil em 2024?<\/p>\n<p><!-- CONTENT END 1 -->\n<\/div>\n<p><script async src=\"\/\/www.instagram.com\/embed.js\"><\/script><br \/>\n<br \/><br \/>\n<br \/><a href=\"https:\/\/www.acidadeon.com\/ribeiraopreto\/lazer-e-cultura\/concertos-eptv-obras-de-haydn-mozart-e-brahms-chegam-a-franca\/\">Source link <\/a><\/p>\n","protected":false},"excerpt":{"rendered":"<p>O Minist\u00e9rio do Turismo e a CPFL Energia apresentam a s\u00e9rie Concertos EPTV. Com a proposta permanente de levar m\u00fasica da melhor qualidade ao interior&#8230;<\/p>\n","protected":false},"author":1,"featured_media":71430,"comment_status":"open","ping_status":"open","sticky":false,"template":"","format":"standard","meta":{"_uag_custom_page_level_css":"","advanced_seo_description":"","jetpack_seo_html_title":"","jetpack_seo_noindex":false,"jetpack_post_was_ever_published":false,"_jetpack_newsletter_access":"","_jetpack_dont_email_post_to_subs":false,"_jetpack_newsletter_tier_id":0,"_jetpack_memberships_contains_paywalled_content":false,"_jetpack_memberships_contains_paid_content":false,"footnotes":"","jetpack_publicize_message":"","jetpack_publicize_feature_enabled":true,"jetpack_social_post_already_shared":true,"jetpack_social_options":{"image_generator_settings":{"template":"highway","default_image_id":0,"font":"","enabled":false},"version":2}},"categories":[11],"tags":[],"class_list":["post-71429","post","type-post","status-publish","format-standard","has-post-thumbnail","hentry","category-noticias-de-ribeirao-preto-sp-e-regiao-ismael-colosi"],"jetpack_publicize_connections":[],"jetpack_featured_media_url":"https:\/\/i0.wp.com\/ismaelcolosi.com.br\/wp-content\/uploads\/2024\/10\/concertos-eptv_2024-10-16_15-46-03_jpg_2024-10-16_15-46-03.webp.webp?fit=900%2C556&ssl=1","uagb_featured_image_src":{"full":["https:\/\/i0.wp.com\/ismaelcolosi.com.br\/wp-content\/uploads\/2024\/10\/concertos-eptv_2024-10-16_15-46-03_jpg_2024-10-16_15-46-03.webp.webp?fit=900%2C556&ssl=1",900,556,false],"thumbnail":["https:\/\/i0.wp.com\/ismaelcolosi.com.br\/wp-content\/uploads\/2024\/10\/concertos-eptv_2024-10-16_15-46-03_jpg_2024-10-16_15-46-03.webp.webp?resize=150%2C150&ssl=1",150,150,true],"medium":["https:\/\/i0.wp.com\/ismaelcolosi.com.br\/wp-content\/uploads\/2024\/10\/concertos-eptv_2024-10-16_15-46-03_jpg_2024-10-16_15-46-03.webp.webp?fit=300%2C185&ssl=1",300,185,true],"medium_large":["https:\/\/i0.wp.com\/ismaelcolosi.com.br\/wp-content\/uploads\/2024\/10\/concertos-eptv_2024-10-16_15-46-03_jpg_2024-10-16_15-46-03.webp.webp?fit=768%2C474&ssl=1",768,474,true],"large":["https:\/\/i0.wp.com\/ismaelcolosi.com.br\/wp-content\/uploads\/2024\/10\/concertos-eptv_2024-10-16_15-46-03_jpg_2024-10-16_15-46-03.webp.webp?fit=900%2C556&ssl=1",900,556,true],"1536x1536":["https:\/\/i0.wp.com\/ismaelcolosi.com.br\/wp-content\/uploads\/2024\/10\/concertos-eptv_2024-10-16_15-46-03_jpg_2024-10-16_15-46-03.webp.webp?fit=900%2C556&ssl=1",900,556,true],"2048x2048":["https:\/\/i0.wp.com\/ismaelcolosi.com.br\/wp-content\/uploads\/2024\/10\/concertos-eptv_2024-10-16_15-46-03_jpg_2024-10-16_15-46-03.webp.webp?fit=900%2C556&ssl=1",900,556,true],"really-simple-thumb":["https:\/\/i0.wp.com\/ismaelcolosi.com.br\/wp-content\/uploads\/2024\/10\/concertos-eptv_2024-10-16_15-46-03_jpg_2024-10-16_15-46-03.webp.webp?resize=370%2C247&ssl=1",370,247,true]},"uagb_author_info":{"display_name":"ismaelcolosi.com.br","author_link":"https:\/\/ismaelcolosi.com.br\/index.php\/author\/vidareal-online\/"},"uagb_comment_info":0,"uagb_excerpt":"O Minist\u00e9rio do Turismo e a CPFL Energia apresentam a s\u00e9rie Concertos EPTV. Com a proposta permanente de levar m\u00fasica da melhor qualidade ao interior...","jetpack-related-posts":[{"id":60941,"url":"https:\/\/ismaelcolosi.com.br\/index.php\/2024\/08\/19\/concertos-eptv-brahms-e-musicas-tradicionais-chinesas-chegam-ao-theatro-pedro-ii-em-ribeirao-preto\/","url_meta":{"origin":71429,"position":0},"title":"Concertos EPTV: Brahms e m\u00fasicas tradicionais chinesas chegam ao Theatro Pedro II em Ribeir\u00e3o Preto","author":"ismaelcolosi.com.br","date":"19 de August de 2024","format":false,"excerpt":"O Theatro Pedro II, em Ribeir\u00e3o Preto, recebe a temperada 2024 dos Concertos EPTV, que ser\u00e3o realizados no m\u00eas de setembro. Nova temporada S\u00e3o quatro apresenta\u00e7\u00f5es gratuitas nos dias 3, 4, 6 e 7 de setembro, nas cidades de Ribeir\u00e3o Preto, Campinas, Bebedouro e S\u00e3o Carlos. No palco, Pablo de\u2026","rel":"","context":"In &quot;Not\u00edcias de Ribeir\u00e3o Preto-SP e Regi\u00e3o&quot;","block_context":{"text":"Not\u00edcias de Ribeir\u00e3o Preto-SP e Regi\u00e3o","link":"https:\/\/ismaelcolosi.com.br\/index.php\/category\/noticias-de-ribeirao-preto-sp-e-regiao-ismael-colosi\/"},"img":{"alt_text":"","src":"https:\/\/i0.wp.com\/ismaelcolosi.com.br\/wp-content\/uploads\/2024\/08\/theatro-pedro-ii-guilherme-sircili-2-1024x489.png?fit=1024%2C489&ssl=1&resize=350%2C200","width":350,"height":200,"srcset":"https:\/\/i0.wp.com\/ismaelcolosi.com.br\/wp-content\/uploads\/2024\/08\/theatro-pedro-ii-guilherme-sircili-2-1024x489.png?fit=1024%2C489&ssl=1&resize=350%2C200 1x, https:\/\/i0.wp.com\/ismaelcolosi.com.br\/wp-content\/uploads\/2024\/08\/theatro-pedro-ii-guilherme-sircili-2-1024x489.png?fit=1024%2C489&ssl=1&resize=525%2C300 1.5x, https:\/\/i0.wp.com\/ismaelcolosi.com.br\/wp-content\/uploads\/2024\/08\/theatro-pedro-ii-guilherme-sircili-2-1024x489.png?fit=1024%2C489&ssl=1&resize=700%2C400 2x"},"classes":[]},{"id":63551,"url":"https:\/\/ismaelcolosi.com.br\/index.php\/2024\/09\/02\/concertos-eptv-apresenta-obras-de-brahms-e-musicas-chinesas-em-ribeirao\/","url_meta":{"origin":71429,"position":1},"title":"&#8216;Concertos EPTV&#8217; apresenta obras de Brahms e m\u00fasicas chinesas em Ribeir\u00e3o","author":"ismaelcolosi.com.br","date":"2 de September de 2024","format":false,"excerpt":"O Theatro Pedro II, em Ribeir\u00e3o Preto, recebe a temperada 2024 dos Concertos EPTV nesta ter\u00e7a-feira (3), com obras de Brahms e m\u00fasicas tradicionais chinesas. A entrada \u00e9 gratuita e os ingressos devem ser retirados no dia da apresenta\u00e7\u00e3o, das 10h \u00e0s 20h \u2013 a entrada est\u00e1 sujeita a disponibilidade.\u2026","rel":"","context":"In &quot;Not\u00edcias de Ribeir\u00e3o Preto-SP e Regi\u00e3o&quot;","block_context":{"text":"Not\u00edcias de Ribeir\u00e3o Preto-SP e Regi\u00e3o","link":"https:\/\/ismaelcolosi.com.br\/index.php\/category\/noticias-de-ribeirao-preto-sp-e-regiao-ismael-colosi\/"},"img":{"alt_text":"","src":"https:\/\/i0.wp.com\/ismaelcolosi.com.br\/wp-content\/uploads\/2024\/09\/WhatsApp-Image-2023-09-01-at-15.04.23-1.jpeg?fit=1200%2C675&ssl=1&resize=350%2C200","width":350,"height":200,"srcset":"https:\/\/i0.wp.com\/ismaelcolosi.com.br\/wp-content\/uploads\/2024\/09\/WhatsApp-Image-2023-09-01-at-15.04.23-1.jpeg?fit=1200%2C675&ssl=1&resize=350%2C200 1x, https:\/\/i0.wp.com\/ismaelcolosi.com.br\/wp-content\/uploads\/2024\/09\/WhatsApp-Image-2023-09-01-at-15.04.23-1.jpeg?fit=1200%2C675&ssl=1&resize=525%2C300 1.5x, https:\/\/i0.wp.com\/ismaelcolosi.com.br\/wp-content\/uploads\/2024\/09\/WhatsApp-Image-2023-09-01-at-15.04.23-1.jpeg?fit=1200%2C675&ssl=1&resize=700%2C400 2x, https:\/\/i0.wp.com\/ismaelcolosi.com.br\/wp-content\/uploads\/2024\/09\/WhatsApp-Image-2023-09-01-at-15.04.23-1.jpeg?fit=1200%2C675&ssl=1&resize=1050%2C600 3x"},"classes":[]},{"id":71938,"url":"https:\/\/ismaelcolosi.com.br\/index.php\/2024\/10\/18\/projeto-alma-apresenta-recitais-gratuitos-em-ribeirao-preto\/","url_meta":{"origin":71429,"position":2},"title":"Projeto Alma apresenta recitais gratuitos em Ribeir\u00e3o Preto","author":"ismaelcolosi.com.br","date":"18 de October de 2024","format":false,"excerpt":"Os alunos dos cursos de violino, violoncelo, piano e percuss\u00e3o da Alma (Academia Livre de M\u00fasica e Artes) apresentar\u00e3o quatro recitais gratuitos em Ribeir\u00e3o Preto entre os dias 20 e 27 de outubro. Os recitais acontecem na Sala de Concertos da Tulha, no campus da USP (Universidade de S\u00e3o Paulo)\u2026","rel":"","context":"In &quot;Not\u00edcias de Ribeir\u00e3o Preto-SP e Regi\u00e3o&quot;","block_context":{"text":"Not\u00edcias de Ribeir\u00e3o Preto-SP e Regi\u00e3o","link":"https:\/\/ismaelcolosi.com.br\/index.php\/category\/noticias-de-ribeirao-preto-sp-e-regiao-ismael-colosi\/"},"img":{"alt_text":"","src":"https:\/\/i0.wp.com\/ismaelcolosi.com.br\/wp-content\/uploads\/2024\/10\/09e8046b-0f7b-4e41-ac8f-d2ef55d0b03e_2024-10-16_12-10-13_jpg_2024-10-16_12-10-13.webp.webp?fit=1200%2C800&ssl=1&resize=350%2C200","width":350,"height":200,"srcset":"https:\/\/i0.wp.com\/ismaelcolosi.com.br\/wp-content\/uploads\/2024\/10\/09e8046b-0f7b-4e41-ac8f-d2ef55d0b03e_2024-10-16_12-10-13_jpg_2024-10-16_12-10-13.webp.webp?fit=1200%2C800&ssl=1&resize=350%2C200 1x, https:\/\/i0.wp.com\/ismaelcolosi.com.br\/wp-content\/uploads\/2024\/10\/09e8046b-0f7b-4e41-ac8f-d2ef55d0b03e_2024-10-16_12-10-13_jpg_2024-10-16_12-10-13.webp.webp?fit=1200%2C800&ssl=1&resize=525%2C300 1.5x, https:\/\/i0.wp.com\/ismaelcolosi.com.br\/wp-content\/uploads\/2024\/10\/09e8046b-0f7b-4e41-ac8f-d2ef55d0b03e_2024-10-16_12-10-13_jpg_2024-10-16_12-10-13.webp.webp?fit=1200%2C800&ssl=1&resize=700%2C400 2x, https:\/\/i0.wp.com\/ismaelcolosi.com.br\/wp-content\/uploads\/2024\/10\/09e8046b-0f7b-4e41-ac8f-d2ef55d0b03e_2024-10-16_12-10-13_jpg_2024-10-16_12-10-13.webp.webp?fit=1200%2C800&ssl=1&resize=1050%2C600 3x"},"classes":[]},{"id":3043,"url":"https:\/\/ismaelcolosi.com.br\/index.php\/2023\/11\/07\/sinfonica-de-ribeirao-coro-e-solistas-apresentam-opera-carmen\/","url_meta":{"origin":71429,"position":3},"title":"Sinf\u00f4nica de Ribeir\u00e3o, coro e solistas apresentam \u00f3pera Carmen","author":"ismaelcolosi.com.br","date":"7 de November de 2023","format":false,"excerpt":"71 Grande produ\u00e7\u00e3o da Orquestra Sinf\u00f4nica de Ribeir\u00e3o Preto, com coro e solistas, a \u00f3pera Carmen, estreia com duas r\u00e9citas em Ribeir\u00e3o Preto, dias 10 e 11 de novembro no Theatro Pedro II, e uma apresenta\u00e7\u00e3o, dia 12 no Teatro Municipal de Batatais. A reg\u00eancia ser\u00e1 de Reginaldo Nascimento, com\u2026","rel":"","context":"In &quot;Not\u00edcias de Ribeir\u00e3o Preto-SP e Regi\u00e3o&quot;","block_context":{"text":"Not\u00edcias de Ribeir\u00e3o Preto-SP e Regi\u00e3o","link":"https:\/\/ismaelcolosi.com.br\/index.php\/category\/noticias-de-ribeirao-preto-sp-e-regiao-ismael-colosi\/"},"img":{"alt_text":"","src":"https:\/\/i0.wp.com\/ismaelcolosi.com.br\/wp-content\/uploads\/2023\/11\/91530b8d9947d62da4c75fb32a32172blow-1.jpeg?fit=800%2C537&ssl=1&resize=350%2C200","width":350,"height":200,"srcset":"https:\/\/i0.wp.com\/ismaelcolosi.com.br\/wp-content\/uploads\/2023\/11\/91530b8d9947d62da4c75fb32a32172blow-1.jpeg?fit=800%2C537&ssl=1&resize=350%2C200 1x, https:\/\/i0.wp.com\/ismaelcolosi.com.br\/wp-content\/uploads\/2023\/11\/91530b8d9947d62da4c75fb32a32172blow-1.jpeg?fit=800%2C537&ssl=1&resize=525%2C300 1.5x, https:\/\/i0.wp.com\/ismaelcolosi.com.br\/wp-content\/uploads\/2023\/11\/91530b8d9947d62da4c75fb32a32172blow-1.jpeg?fit=800%2C537&ssl=1&resize=700%2C400 2x"},"classes":[]},{"id":51407,"url":"https:\/\/ismaelcolosi.com.br\/index.php\/2024\/05\/27\/usp-filarmonica-de-ribeirao-apresenta-concerto-em-homenagem-a-jornalista-erica-amendola\/","url_meta":{"origin":71429,"position":4},"title":"USP Filarm\u00f4nica de Ribeir\u00e3o apresenta concerto em homenagem a jornalista \u00c9rica Am\u00eandola","author":"ismaelcolosi.com.br","date":"27 de May de 2024","format":false,"excerpt":"A USP Filarm\u00f4nica de Ribeir\u00e3o Preto realiza, nesta ter\u00e7a-feira (28), uma homenagem \u00e0 jornalista e apresentadora, \u00c9rica Am\u00eandola, que morreu em 30 de abril durante tratamento de um c\u00e2ncer. A apresenta\u00e7\u00e3o ser\u00e1 \u00e0s 20h, no Theatro Pedro II, no Centro da cidade. O concerto pela \u201cS\u00e9rie Concertos USP\u201d tem entrada\u2026","rel":"","context":"In &quot;Not\u00edcias de Ribeir\u00e3o Preto-SP e Regi\u00e3o&quot;","block_context":{"text":"Not\u00edcias de Ribeir\u00e3o Preto-SP e Regi\u00e3o","link":"https:\/\/ismaelcolosi.com.br\/index.php\/category\/noticias-de-ribeirao-preto-sp-e-regiao-ismael-colosi\/"},"img":{"alt_text":"","src":"https:\/\/i0.wp.com\/ismaelcolosi.com.br\/wp-content\/uploads\/2024\/04\/ERICA-AMENDOLA-2_2024-04-30_17-05-40_jpg.webp.webp?fit=1200%2C841&ssl=1&resize=350%2C200","width":350,"height":200,"srcset":"https:\/\/i0.wp.com\/ismaelcolosi.com.br\/wp-content\/uploads\/2024\/04\/ERICA-AMENDOLA-2_2024-04-30_17-05-40_jpg.webp.webp?fit=1200%2C841&ssl=1&resize=350%2C200 1x, https:\/\/i0.wp.com\/ismaelcolosi.com.br\/wp-content\/uploads\/2024\/04\/ERICA-AMENDOLA-2_2024-04-30_17-05-40_jpg.webp.webp?fit=1200%2C841&ssl=1&resize=525%2C300 1.5x, https:\/\/i0.wp.com\/ismaelcolosi.com.br\/wp-content\/uploads\/2024\/04\/ERICA-AMENDOLA-2_2024-04-30_17-05-40_jpg.webp.webp?fit=1200%2C841&ssl=1&resize=700%2C400 2x, https:\/\/i0.wp.com\/ismaelcolosi.com.br\/wp-content\/uploads\/2024\/04\/ERICA-AMENDOLA-2_2024-04-30_17-05-40_jpg.webp.webp?fit=1200%2C841&ssl=1&resize=1050%2C600 3x"},"classes":[]},{"id":74194,"url":"https:\/\/ismaelcolosi.com.br\/index.php\/2024\/10\/30\/alma-fara-tributo-a-beethoven-em-rp\/","url_meta":{"origin":71429,"position":5},"title":"Alma far\u00e1 tributo a\u00a0Beethoven em RP\u00a0","author":"ismaelcolosi.com.br","date":"30 de October de 2024","format":false,"excerpt":"Para comemorar dez anos de atividade, a Alma de Ribeir\u00e3o Preto preparou um espet\u00e1culo para homenagear o compositor alem\u00e3o Ludwig van Beethoven Para comemorar dez anos de atividade, a Academia Livre de M\u00fasica e Artes (Alma) de Ribeir\u00e3o Preto preparou um espet\u00e1culo para homenagear o compositor alem\u00e3o Ludwig van Beethoven\u2026","rel":"","context":"In &quot;Not\u00edcias de Ribeir\u00e3o Preto-SP e Regi\u00e3o&quot;","block_context":{"text":"Not\u00edcias de Ribeir\u00e3o Preto-SP e Regi\u00e3o","link":"https:\/\/ismaelcolosi.com.br\/index.php\/category\/noticias-de-ribeirao-preto-sp-e-regiao-ismael-colosi\/"},"img":{"alt_text":"","src":"https:\/\/i0.wp.com\/ismaelcolosi.com.br\/wp-content\/uploads\/2024\/10\/Alma-Bee-Divulgacao-scaled.jpg?fit=750%2C500&ssl=1&resize=350%2C200","width":350,"height":200,"srcset":"https:\/\/i0.wp.com\/ismaelcolosi.com.br\/wp-content\/uploads\/2024\/10\/Alma-Bee-Divulgacao-scaled.jpg?fit=750%2C500&ssl=1&resize=350%2C200 1x, https:\/\/i0.wp.com\/ismaelcolosi.com.br\/wp-content\/uploads\/2024\/10\/Alma-Bee-Divulgacao-scaled.jpg?fit=750%2C500&ssl=1&resize=525%2C300 1.5x, https:\/\/i0.wp.com\/ismaelcolosi.com.br\/wp-content\/uploads\/2024\/10\/Alma-Bee-Divulgacao-scaled.jpg?fit=750%2C500&ssl=1&resize=700%2C400 2x"},"classes":[]}],"jetpack_sharing_enabled":true,"jetpack_shortlink":"https:\/\/wp.me\/pfMlyK-iA5","_links":{"self":[{"href":"https:\/\/ismaelcolosi.com.br\/index.php\/wp-json\/wp\/v2\/posts\/71429","targetHints":{"allow":["GET"]}}],"collection":[{"href":"https:\/\/ismaelcolosi.com.br\/index.php\/wp-json\/wp\/v2\/posts"}],"about":[{"href":"https:\/\/ismaelcolosi.com.br\/index.php\/wp-json\/wp\/v2\/types\/post"}],"author":[{"embeddable":true,"href":"https:\/\/ismaelcolosi.com.br\/index.php\/wp-json\/wp\/v2\/users\/1"}],"replies":[{"embeddable":true,"href":"https:\/\/ismaelcolosi.com.br\/index.php\/wp-json\/wp\/v2\/comments?post=71429"}],"version-history":[{"count":0,"href":"https:\/\/ismaelcolosi.com.br\/index.php\/wp-json\/wp\/v2\/posts\/71429\/revisions"}],"wp:featuredmedia":[{"embeddable":true,"href":"https:\/\/ismaelcolosi.com.br\/index.php\/wp-json\/wp\/v2\/media\/71430"}],"wp:attachment":[{"href":"https:\/\/ismaelcolosi.com.br\/index.php\/wp-json\/wp\/v2\/media?parent=71429"}],"wp:term":[{"taxonomy":"category","embeddable":true,"href":"https:\/\/ismaelcolosi.com.br\/index.php\/wp-json\/wp\/v2\/categories?post=71429"},{"taxonomy":"post_tag","embeddable":true,"href":"https:\/\/ismaelcolosi.com.br\/index.php\/wp-json\/wp\/v2\/tags?post=71429"}],"curies":[{"name":"wp","href":"https:\/\/api.w.org\/{rel}","templated":true}]}}