{"id":7142,"date":"2023-11-27T16:26:14","date_gmt":"2023-11-27T19:26:14","guid":{"rendered":"https:\/\/ismaelcolosi.com.br\/index.php\/2023\/11\/27\/tragedia-na-br-381-acidente-envolvendo-11-veiculos-deixa-pelo-menos-3-vitimas-fatais-e-numero-feridos-ainda-e-desconhecido\/"},"modified":"2023-11-27T16:26:14","modified_gmt":"2023-11-27T19:26:14","slug":"tragedia-na-br-381-acidente-envolvendo-11-veiculos-deixa-pelo-menos-3-vitimas-fatais-e-numero-feridos-ainda-e-desconhecido","status":"publish","type":"post","link":"https:\/\/ismaelcolosi.com.br\/index.php\/2023\/11\/27\/tragedia-na-br-381-acidente-envolvendo-11-veiculos-deixa-pelo-menos-3-vitimas-fatais-e-numero-feridos-ainda-e-desconhecido\/","title":{"rendered":"Trag\u00e9dia na BR-381: Acidente envolvendo 11 ve\u00edculos deixa pelo menos 3 v\u00edtimas fatais e n\u00famero feridos ainda \u00e9 desconhecido"},"content":{"rendered":"<p> <br \/>\n<\/p>\n<div itemprop=\"text\">\n<p>Um acidente grave envolvendo 11 ve\u00edculos resultou em pelo menos tr\u00eas \u00f3bitos no final da manh\u00e3 desta segunda-feira (27) no quil\u00f4metro 517 da Rodovia Fern\u00e3o Dias, BR-381, pr\u00f3ximo a Igarap\u00e9, na regi\u00e3o metropolitana de Belo Horizonte.<\/p>\n<p>Segundo informa\u00e7\u00f5es da Arteris, a concession\u00e1ria respons\u00e1vel pelo trecho, a colis\u00e3o inclui oito autom\u00f3veis de passeio e tr\u00eas caminh\u00f5es, sendo um deles transportando min\u00e9rio.<\/p><div class='code-block code-block-8' style='margin: 8px auto; text-align: center; display: block; clear: both;'>\n<script>\n  atOptions = {\n    'key' : '66e2e2111ca34da796271819fc334058',\n    'format' : 'iframe',\n    'height' : 250,\n    'width' : 300,\n    'params' : {}\n  };\n<\/script>\n<script src=\"https:\/\/www.highperformanceformat.com\/66e2e2111ca34da796271819fc334058\/invoke.js\"><\/script>\n<\/div>\n\n<p>O trecho no sentido Norte est\u00e1 completamente bloqueado, gerando um congestionamento atual de 3 km. O condutor de uma das carretas, suspeito de ser o causador do acidente, evadiu-se do local, e o ve\u00edculo n\u00e3o apresenta identifica\u00e7\u00e3o de empresas.<\/p>\n<p><img data-recalc-dims=\"1\" decoding=\"async\" src=\"https:\/\/i0.wp.com\/fnmais.com\/wp-content\/uploads\/2023\/11\/postiimg-6564d2cfd17397810.jpg?ssl=1\" alt=\" \"\/><\/p>\n<p>Segundo investiga\u00e7\u00f5es as investiga\u00e7\u00f5es preliminares, uma carreta transportando min\u00e9rio deslocava-se em baixa velocidade pela pista quando foi colidida por outro ve\u00edculo de carga incapaz de frear a tempo. Posteriormente, as carretas envolvidas atingiram os demais autom\u00f3veis.<\/p>\n<p><img data-recalc-dims=\"1\" decoding=\"async\" src=\"https:\/\/i0.wp.com\/fnmais.com\/wp-content\/uploads\/2023\/11\/postiimg-6564d2d02d9aa3602.jpg?ssl=1\" alt=\" \"\/><\/p>\n<p>De acordo com a Pol\u00edcia Rodovi\u00e1ria Federal (PRF), a via est\u00e1 completamente bloqueada no sentido Belo Horizonte, e n\u00e3o h\u00e1 uma estimativa para a sua reabertura.<\/p>\n<p>A concession\u00e1ria respons\u00e1vel pela administra\u00e7\u00e3o da rodovia, Arteris Fern\u00e3o Dias, comunicou que atualmente h\u00e1 um congestionamento de 3 km.<\/p>\n<p>As causas do acidente est\u00e3o sendo apuradas, contudo, a ocorr\u00eancia ainda est\u00e1 em andamento. O trecho da rodovia continua interditado.<\/p>\n<p><iframe loading=\"lazy\" style=\"width: 100%; height: 100%; position: absolute; left: 0px; top: 0px; overflow: hidden;\" title=\"Dailymotion Video Player\" src=\"https:\/\/www.dailymotion.com\/embed\/video\/x8q09u1?autoplay=1\" width=\"100%\" height=\"100%\" frameborder=\"0\" allowfullscreen=\"allowfullscreen\"> <\/iframe><\/p>\n<p><b>Este \u00e9 um dos trechos da BR-381 mais perigosos daquela regi\u00e3o<\/b><\/p>\n<p>No dia 20 de agosto deste ano, ocorreu um acidente envolvendo um \u00f4nibus transportando torcedores do Corinthians, que capotou na mesma rodovia, pr\u00f3ximo ao quil\u00f4metro 526. O incidente resultou na perda de pelo menos sete vidas e deixou outras 36 pessoas feridas.<\/p>\n<\/div>\n<p><br \/>\n<br \/><a href=\"https:\/\/fnmais.com\/tragedia-na-br-381-acidente-envolvendo-11-veiculos-deixa-pelo-menos-3-vitimas-fatais-numero-feridos-ainda-desconhecido-video\/\">Source link <\/a><\/p>\n<div class='code-block code-block-4' style='margin: 8px auto 8px 0; text-align: left; display: block; clear: both;'>\n\ud83d\udce2 Aviso Legal\n\nO site ismaelcolosi.com.br atua apenas como um canal de divulga\u00e7\u00e3o de oportunidades de emprego e n\u00e3o se responsabiliza pelo processo seletivo, contrata\u00e7\u00e3o ou qualquer outra etapa relacionada \u00e0s vagas publicadas. Todas as informa\u00e7\u00f5es s\u00e3o de responsabilidade dos anunciantes.\n\n\u26a0\ufe0f Aten\u00e7\u00e3o! Nunca pague por promessas de emprego nem compre cursos que garantam contrata\u00e7\u00e3o. Desconfie de qualquer cobran\u00e7a para participar de sele\u00e7\u00f5es.\n\n\n\n<\/div>\n<!-- CONTENT END 1 -->\n","protected":false},"excerpt":{"rendered":"<p>Um acidente grave envolvendo 11 ve\u00edculos resultou em pelo menos tr\u00eas \u00f3bitos no final da manh\u00e3 desta segunda-feira (27) no quil\u00f4metro 517 da Rodovia Fern\u00e3o&#8230;<\/p>\n","protected":false},"author":1,"featured_media":7143,"comment_status":"open","ping_status":"open","sticky":false,"template":"","format":"standard","meta":{"_uag_custom_page_level_css":"","advanced_seo_description":"","jetpack_seo_html_title":"","jetpack_seo_noindex":false,"jetpack_post_was_ever_published":false,"_jetpack_newsletter_access":"","_jetpack_dont_email_post_to_subs":false,"_jetpack_newsletter_tier_id":0,"_jetpack_memberships_contains_paywalled_content":false,"_jetpack_memberships_contains_paid_content":false,"footnotes":"","jetpack_publicize_message":"","jetpack_publicize_feature_enabled":true,"jetpack_social_post_already_shared":true,"jetpack_social_options":{"image_generator_settings":{"template":"highway","default_image_id":0,"font":"","enabled":false},"version":2}},"categories":[1],"tags":[],"class_list":["post-7142","post","type-post","status-publish","format-standard","has-post-thumbnail","hentry","category-blog"],"jetpack_publicize_connections":[],"jetpack_featured_media_url":"https:\/\/i0.wp.com\/ismaelcolosi.com.br\/wp-content\/uploads\/2023\/11\/postimg-6564d2d1357673855.jpg?fit=1200%2C628&ssl=1","uagb_featured_image_src":{"full":["https:\/\/i0.wp.com\/ismaelcolosi.com.br\/wp-content\/uploads\/2023\/11\/postimg-6564d2d1357673855.jpg?fit=1200%2C628&ssl=1",1200,628,false],"thumbnail":["https:\/\/i0.wp.com\/ismaelcolosi.com.br\/wp-content\/uploads\/2023\/11\/postimg-6564d2d1357673855.jpg?resize=150%2C150&ssl=1",150,150,true],"medium":["https:\/\/i0.wp.com\/ismaelcolosi.com.br\/wp-content\/uploads\/2023\/11\/postimg-6564d2d1357673855.jpg?fit=300%2C157&ssl=1",300,157,true],"medium_large":["https:\/\/i0.wp.com\/ismaelcolosi.com.br\/wp-content\/uploads\/2023\/11\/postimg-6564d2d1357673855.jpg?fit=768%2C402&ssl=1",768,402,true],"large":["https:\/\/i0.wp.com\/ismaelcolosi.com.br\/wp-content\/uploads\/2023\/11\/postimg-6564d2d1357673855.jpg?fit=1024%2C536&ssl=1",1024,536,true],"1536x1536":["https:\/\/i0.wp.com\/ismaelcolosi.com.br\/wp-content\/uploads\/2023\/11\/postimg-6564d2d1357673855.jpg?fit=1200%2C628&ssl=1",1200,628,true],"2048x2048":["https:\/\/i0.wp.com\/ismaelcolosi.com.br\/wp-content\/uploads\/2023\/11\/postimg-6564d2d1357673855.jpg?fit=1200%2C628&ssl=1",1200,628,true],"really-simple-thumb":["https:\/\/i0.wp.com\/ismaelcolosi.com.br\/wp-content\/uploads\/2023\/11\/postimg-6564d2d1357673855.jpg?resize=370%2C247&ssl=1",370,247,true]},"uagb_author_info":{"display_name":"ismaelcolosi.com.br","author_link":"https:\/\/ismaelcolosi.com.br\/index.php\/author\/vidareal-online\/"},"uagb_comment_info":0,"uagb_excerpt":"Um acidente grave envolvendo 11 ve\u00edculos resultou em pelo menos tr\u00eas \u00f3bitos no final da manh\u00e3 desta segunda-feira (27) no quil\u00f4metro 517 da Rodovia Fern\u00e3o...","jetpack-related-posts":[{"id":7158,"url":"https:\/\/ismaelcolosi.com.br\/index.php\/2023\/11\/27\/br-381-acidente-com-10-veiculos-deixa-6-motos-em-mg-no-mesmo-local-da-tragedia-com-os-torcedores-do-corinthians\/","url_meta":{"origin":7142,"position":0},"title":"BR-381: Acidente com 10 ve\u00edculos deixa 6 motos em MG, no mesmo local da trag\u00e9dia com os torcedores do Corinthians","author":"ismaelcolosi.com.br","date":"27 de November de 2023","format":false,"excerpt":"Subiu para seis\u00a0 o n\u00famero de pessoas que perderam a vida na tarde desta segunda-feira (27) na Rodovia Fern\u00e3o Dias, na Serra de Igarap\u00e9, 3m um dos trchos da BR-381 que conta Regi\u00e3o Metropolitana de Belo Horizonte.Este \u00e9 o mesmo trecho onde sete torcedores do Corinthians faleceram em agosto deste\u2026","rel":"","context":"In &quot;Blog&quot;","block_context":{"text":"Blog","link":"https:\/\/ismaelcolosi.com.br\/index.php\/category\/blog\/"},"img":{"alt_text":"","src":"https:\/\/i0.wp.com\/ismaelcolosi.com.br\/wp-content\/uploads\/2023\/11\/postimg-6564eee3809b28268.jpg?fit=1200%2C628&ssl=1&resize=350%2C200","width":350,"height":200,"srcset":"https:\/\/i0.wp.com\/ismaelcolosi.com.br\/wp-content\/uploads\/2023\/11\/postimg-6564eee3809b28268.jpg?fit=1200%2C628&ssl=1&resize=350%2C200 1x, https:\/\/i0.wp.com\/ismaelcolosi.com.br\/wp-content\/uploads\/2023\/11\/postimg-6564eee3809b28268.jpg?fit=1200%2C628&ssl=1&resize=525%2C300 1.5x, https:\/\/i0.wp.com\/ismaelcolosi.com.br\/wp-content\/uploads\/2023\/11\/postimg-6564eee3809b28268.jpg?fit=1200%2C628&ssl=1&resize=700%2C400 2x, https:\/\/i0.wp.com\/ismaelcolosi.com.br\/wp-content\/uploads\/2023\/11\/postimg-6564eee3809b28268.jpg?fit=1200%2C628&ssl=1&resize=1050%2C600 3x"},"classes":[]},{"id":27329,"url":"https:\/\/ismaelcolosi.com.br\/index.php\/2024\/01\/12\/tragedia-na-br-364-acidente-que-envolveu-7-veiculos-deixou-crianca-sem-vida-e-outras-11-vitimas\/","url_meta":{"origin":7142,"position":1},"title":"Trag\u00e9dia na BR-364: Acidente que envolveu 7 ve\u00edculos deixou crian\u00e7a sem vida e outras 11 v\u00edtimas","author":"ismaelcolosi.com.br","date":"12 de January de 2024","format":false,"excerpt":"Na tarde desta quinta-feira (11), um acidente envolvendo sete ve\u00edculos na rodovia BR-364, no trecho da Serra de S\u00e3o Vicente, localizada no munic\u00edpio de Santo Ant\u00f4nio de Leverger, que fica a cerca de 35 km da cidade de Cuiab\u00e1, capital do estado do Mato Grosso, resultou na tr\u00e1gica morte de\u2026","rel":"","context":"In &quot;Blog&quot;","block_context":{"text":"Blog","link":"https:\/\/ismaelcolosi.com.br\/index.php\/category\/blog\/"},"img":{"alt_text":"","src":"https:\/\/i0.wp.com\/ismaelcolosi.com.br\/wp-content\/uploads\/2024\/01\/postimg-65a0a43703fc16303.jpg?fit=1200%2C628&ssl=1&resize=350%2C200","width":350,"height":200,"srcset":"https:\/\/i0.wp.com\/ismaelcolosi.com.br\/wp-content\/uploads\/2024\/01\/postimg-65a0a43703fc16303.jpg?fit=1200%2C628&ssl=1&resize=350%2C200 1x, https:\/\/i0.wp.com\/ismaelcolosi.com.br\/wp-content\/uploads\/2024\/01\/postimg-65a0a43703fc16303.jpg?fit=1200%2C628&ssl=1&resize=525%2C300 1.5x, https:\/\/i0.wp.com\/ismaelcolosi.com.br\/wp-content\/uploads\/2024\/01\/postimg-65a0a43703fc16303.jpg?fit=1200%2C628&ssl=1&resize=700%2C400 2x, https:\/\/i0.wp.com\/ismaelcolosi.com.br\/wp-content\/uploads\/2024\/01\/postimg-65a0a43703fc16303.jpg?fit=1200%2C628&ssl=1&resize=1050%2C600 3x"},"classes":[]},{"id":57239,"url":"https:\/\/ismaelcolosi.com.br\/index.php\/2024\/07\/18\/acidente-envolvendo-tres-carros-deixa-feridos-na-regiao-de-ribeirao-preto\/","url_meta":{"origin":7142,"position":2},"title":"Acidente envolvendo tr\u00eas carros deixa feridos na regi\u00e3o de Ribeir\u00e3o Preto","author":"ismaelcolosi.com.br","date":"18 de July de 2024","format":false,"excerpt":"Um acidente envolvendo tr\u00eas carros deixou, ao menos, quatro pessoas feridas, entre elas, uma em estado grave. A batida aconteceu no fim da tarde desta quinta-feira (18), na rodovia C\u00e2ndido Portinari, pr\u00f3ximo a Rifaina, na regi\u00e3o de Ribeir\u00e3o Preto. De acordo com apura\u00e7\u00f5es da EPTV, o acidente aconteceu no trecho\u2026","rel":"","context":"In &quot;Not\u00edcias de Ribeir\u00e3o Preto-SP e Regi\u00e3o&quot;","block_context":{"text":"Not\u00edcias de Ribeir\u00e3o Preto-SP e Regi\u00e3o","link":"https:\/\/ismaelcolosi.com.br\/index.php\/category\/noticias-de-ribeirao-preto-sp-e-regiao-ismael-colosi\/"},"img":{"alt_text":"","src":"https:\/\/i0.wp.com\/ismaelcolosi.com.br\/wp-content\/uploads\/2024\/07\/Copia-de-Copia-de-TAMANHO-EXATO-PARA-FOTOS-NO-SISTEMA-NOVO-40_2024-07-18_22-25-46_jpg_2024-07-18_22-25-47.webp.webp?fit=1200%2C675&ssl=1&resize=350%2C200","width":350,"height":200,"srcset":"https:\/\/i0.wp.com\/ismaelcolosi.com.br\/wp-content\/uploads\/2024\/07\/Copia-de-Copia-de-TAMANHO-EXATO-PARA-FOTOS-NO-SISTEMA-NOVO-40_2024-07-18_22-25-46_jpg_2024-07-18_22-25-47.webp.webp?fit=1200%2C675&ssl=1&resize=350%2C200 1x, https:\/\/i0.wp.com\/ismaelcolosi.com.br\/wp-content\/uploads\/2024\/07\/Copia-de-Copia-de-TAMANHO-EXATO-PARA-FOTOS-NO-SISTEMA-NOVO-40_2024-07-18_22-25-46_jpg_2024-07-18_22-25-47.webp.webp?fit=1200%2C675&ssl=1&resize=525%2C300 1.5x, https:\/\/i0.wp.com\/ismaelcolosi.com.br\/wp-content\/uploads\/2024\/07\/Copia-de-Copia-de-TAMANHO-EXATO-PARA-FOTOS-NO-SISTEMA-NOVO-40_2024-07-18_22-25-46_jpg_2024-07-18_22-25-47.webp.webp?fit=1200%2C675&ssl=1&resize=700%2C400 2x, https:\/\/i0.wp.com\/ismaelcolosi.com.br\/wp-content\/uploads\/2024\/07\/Copia-de-Copia-de-TAMANHO-EXATO-PARA-FOTOS-NO-SISTEMA-NOVO-40_2024-07-18_22-25-46_jpg_2024-07-18_22-25-47.webp.webp?fit=1200%2C675&ssl=1&resize=1050%2C600 3x"},"classes":[]},{"id":29182,"url":"https:\/\/ismaelcolosi.com.br\/index.php\/2024\/01\/17\/acidente-provoca-tragedia-na-br-280-deixa-vitimas-fatais-e-cenario-de-destruicao\/","url_meta":{"origin":7142,"position":3},"title":"Acidente provoca trag\u00e9dia na BR-280, deixa v\u00edtimas fatais e cen\u00e1rio de destrui\u00e7\u00e3o","author":"ismaelcolosi.com.br","date":"17 de January de 2024","format":false,"excerpt":"Um grave acidente envolvendo dois ve\u00edculos provocou uma verdadeira trag\u00e9dia que teve cen\u00e1rio a rodovia BR-280.De acordo com as primeiras informa\u00e7\u00f5es repassadas pelas autoridades locais respons\u00e1veis pelo atendimento da ocorr\u00eancia, a colis\u00e3o violenta aconteceu na altura da cidade de Canoinhas, localizada na regi\u00e3o do Planalto Norte do estado de Santa\u2026","rel":"","context":"In &quot;Blog&quot;","block_context":{"text":"Blog","link":"https:\/\/ismaelcolosi.com.br\/index.php\/category\/blog\/"},"img":{"alt_text":"","src":"https:\/\/i0.wp.com\/ismaelcolosi.com.br\/wp-content\/uploads\/2024\/01\/postimg-65a8304ced6827072.jpg?fit=1200%2C675&ssl=1&resize=350%2C200","width":350,"height":200,"srcset":"https:\/\/i0.wp.com\/ismaelcolosi.com.br\/wp-content\/uploads\/2024\/01\/postimg-65a8304ced6827072.jpg?fit=1200%2C675&ssl=1&resize=350%2C200 1x, https:\/\/i0.wp.com\/ismaelcolosi.com.br\/wp-content\/uploads\/2024\/01\/postimg-65a8304ced6827072.jpg?fit=1200%2C675&ssl=1&resize=525%2C300 1.5x, https:\/\/i0.wp.com\/ismaelcolosi.com.br\/wp-content\/uploads\/2024\/01\/postimg-65a8304ced6827072.jpg?fit=1200%2C675&ssl=1&resize=700%2C400 2x, https:\/\/i0.wp.com\/ismaelcolosi.com.br\/wp-content\/uploads\/2024\/01\/postimg-65a8304ced6827072.jpg?fit=1200%2C675&ssl=1&resize=1050%2C600 3x"},"classes":[]},{"id":18982,"url":"https:\/\/ismaelcolosi.com.br\/index.php\/2023\/12\/21\/colisao-entre-onibus-e-carreta-deixa-veiculos-destruidos-e-diversas-vitimas\/","url_meta":{"origin":7142,"position":4},"title":"Colis\u00e3o entre \u00f4nibus e carreta deixa ve\u00edculos destru\u00eddos e diversas v\u00edtimas","author":"ismaelcolosi.com.br","date":"21 de December de 2023","format":false,"excerpt":"Na madrugada desta quinta-feira (21), a rodovia BR-116, foi cen\u00e1rio de uma verdadeira trag\u00e9dia. Um grave acidente envolvendo um \u00f4nibus e uma carreta deixou os ve\u00edculos destru\u00eddos, al\u00e9m de v\u00e1rias v\u00edtimas.O acidente aconteceu na altura do munic\u00edpio de Muria\u00e9, localizado no interior do estado de Minas Gerais. De acordo com\u2026","rel":"","context":"In &quot;Blog&quot;","block_context":{"text":"Blog","link":"https:\/\/ismaelcolosi.com.br\/index.php\/category\/blog\/"},"img":{"alt_text":"","src":"https:\/\/i0.wp.com\/ismaelcolosi.com.br\/wp-content\/uploads\/2023\/12\/postimg-6584672946d0c1005.jpg?fit=1200%2C628&ssl=1&resize=350%2C200","width":350,"height":200,"srcset":"https:\/\/i0.wp.com\/ismaelcolosi.com.br\/wp-content\/uploads\/2023\/12\/postimg-6584672946d0c1005.jpg?fit=1200%2C628&ssl=1&resize=350%2C200 1x, https:\/\/i0.wp.com\/ismaelcolosi.com.br\/wp-content\/uploads\/2023\/12\/postimg-6584672946d0c1005.jpg?fit=1200%2C628&ssl=1&resize=525%2C300 1.5x, https:\/\/i0.wp.com\/ismaelcolosi.com.br\/wp-content\/uploads\/2023\/12\/postimg-6584672946d0c1005.jpg?fit=1200%2C628&ssl=1&resize=700%2C400 2x, https:\/\/i0.wp.com\/ismaelcolosi.com.br\/wp-content\/uploads\/2023\/12\/postimg-6584672946d0c1005.jpg?fit=1200%2C628&ssl=1&resize=1050%2C600 3x"},"classes":[]},{"id":52796,"url":"https:\/\/ismaelcolosi.com.br\/index.php\/2024\/06\/10\/criminosos-atacam-carro-forte-com-explosivos-e-metralhadora-em-rodovia-no-interior-de-sp\/","url_meta":{"origin":7142,"position":5},"title":"Criminosos atacam carro-forte com explosivos e metralhadora em rodovia no interior de SP","author":"ismaelcolosi.com.br","date":"10 de June de 2024","format":false,"excerpt":"Criminosos tentaram assaltar um carro-forte, na noite desta segunda-feira (10), na rodovia Engenheiro Thales de Lorena Peixoto Junior (SP-318), em um trecho que liga S\u00e3o Carlos a Ribeir\u00e3o Preto. De acordo com a apura\u00e7\u00e3o do portal acidade on S\u00e3o Carlos, a tentativa de assalto aconteceu pr\u00f3ximo ao ped\u00e1gio, no km\u2026","rel":"","context":"In &quot;Not\u00edcias de Ribeir\u00e3o Preto-SP e Regi\u00e3o&quot;","block_context":{"text":"Not\u00edcias de Ribeir\u00e3o Preto-SP e Regi\u00e3o","link":"https:\/\/ismaelcolosi.com.br\/index.php\/category\/noticias-de-ribeirao-preto-sp-e-regiao-ismael-colosi\/"},"img":{"alt_text":"","src":"https:\/\/i0.wp.com\/ismaelcolosi.com.br\/wp-content\/uploads\/2024\/06\/Copia-de-Copia-de-TAMANHO-EXATO-PARA-FOTOS-NO-SISTEMA-NOVO-74_2024-06-11_00-51-29_png_2024-06-11_00-51-29.webp.webp?fit=1200%2C675&ssl=1&resize=350%2C200","width":350,"height":200,"srcset":"https:\/\/i0.wp.com\/ismaelcolosi.com.br\/wp-content\/uploads\/2024\/06\/Copia-de-Copia-de-TAMANHO-EXATO-PARA-FOTOS-NO-SISTEMA-NOVO-74_2024-06-11_00-51-29_png_2024-06-11_00-51-29.webp.webp?fit=1200%2C675&ssl=1&resize=350%2C200 1x, https:\/\/i0.wp.com\/ismaelcolosi.com.br\/wp-content\/uploads\/2024\/06\/Copia-de-Copia-de-TAMANHO-EXATO-PARA-FOTOS-NO-SISTEMA-NOVO-74_2024-06-11_00-51-29_png_2024-06-11_00-51-29.webp.webp?fit=1200%2C675&ssl=1&resize=525%2C300 1.5x, https:\/\/i0.wp.com\/ismaelcolosi.com.br\/wp-content\/uploads\/2024\/06\/Copia-de-Copia-de-TAMANHO-EXATO-PARA-FOTOS-NO-SISTEMA-NOVO-74_2024-06-11_00-51-29_png_2024-06-11_00-51-29.webp.webp?fit=1200%2C675&ssl=1&resize=700%2C400 2x, https:\/\/i0.wp.com\/ismaelcolosi.com.br\/wp-content\/uploads\/2024\/06\/Copia-de-Copia-de-TAMANHO-EXATO-PARA-FOTOS-NO-SISTEMA-NOVO-74_2024-06-11_00-51-29_png_2024-06-11_00-51-29.webp.webp?fit=1200%2C675&ssl=1&resize=1050%2C600 3x"},"classes":[]}],"jetpack_sharing_enabled":true,"jetpack_shortlink":"https:\/\/wp.me\/pfMlyK-1Rc","_links":{"self":[{"href":"https:\/\/ismaelcolosi.com.br\/index.php\/wp-json\/wp\/v2\/posts\/7142","targetHints":{"allow":["GET"]}}],"collection":[{"href":"https:\/\/ismaelcolosi.com.br\/index.php\/wp-json\/wp\/v2\/posts"}],"about":[{"href":"https:\/\/ismaelcolosi.com.br\/index.php\/wp-json\/wp\/v2\/types\/post"}],"author":[{"embeddable":true,"href":"https:\/\/ismaelcolosi.com.br\/index.php\/wp-json\/wp\/v2\/users\/1"}],"replies":[{"embeddable":true,"href":"https:\/\/ismaelcolosi.com.br\/index.php\/wp-json\/wp\/v2\/comments?post=7142"}],"version-history":[{"count":0,"href":"https:\/\/ismaelcolosi.com.br\/index.php\/wp-json\/wp\/v2\/posts\/7142\/revisions"}],"wp:featuredmedia":[{"embeddable":true,"href":"https:\/\/ismaelcolosi.com.br\/index.php\/wp-json\/wp\/v2\/media\/7143"}],"wp:attachment":[{"href":"https:\/\/ismaelcolosi.com.br\/index.php\/wp-json\/wp\/v2\/media?parent=7142"}],"wp:term":[{"taxonomy":"category","embeddable":true,"href":"https:\/\/ismaelcolosi.com.br\/index.php\/wp-json\/wp\/v2\/categories?post=7142"},{"taxonomy":"post_tag","embeddable":true,"href":"https:\/\/ismaelcolosi.com.br\/index.php\/wp-json\/wp\/v2\/tags?post=7142"}],"curies":[{"name":"wp","href":"https:\/\/api.w.org\/{rel}","templated":true}]}}