{"id":7116,"date":"2023-11-27T15:45:08","date_gmt":"2023-11-27T18:45:08","guid":{"rendered":"https:\/\/ismaelcolosi.com.br\/index.php\/2023\/11\/27\/novo-filme-com-ingrid-guimaraes-e-tata-werneck-ganha-trailer-assista\/"},"modified":"2023-11-27T15:45:08","modified_gmt":"2023-11-27T18:45:08","slug":"novo-filme-com-ingrid-guimaraes-e-tata-werneck-ganha-trailer-assista","status":"publish","type":"post","link":"https:\/\/ismaelcolosi.com.br\/index.php\/2023\/11\/27\/novo-filme-com-ingrid-guimaraes-e-tata-werneck-ganha-trailer-assista\/","title":{"rendered":"Novo filme com Ingrid Guimar\u00e3es e Tat\u00e1 Werneck ganha trailer; assista"},"content":{"rendered":"<p> <br \/>\n<\/p>\n<div>\n<div id=\"attachment_2314461\" class=\"wp-caption alignnone\">\n<div class=\"d-flex justify-content-center\" data-attachment-id=\"2314461\">\n<div class=\"position-relative d-inline-block\"><img data-recalc-dims=\"1\" data-portal-copyright=\"reprodu\u00e7\u00e3o\/Globo Filmes\" decoding=\"async\" fetchpriority=\"high\" class=\"size-full wp-image-2314461\" src=\"https:\/\/i0.wp.com\/catracalivre.com.br\/wp-content\/uploads\/2023\/11\/fotos-catraca-2023-11-27t100028322.png?resize=1200%2C660&#038;ssl=1\" alt=\"Novo filme de com\u00e9dia tem Ingrid Guimar\u00e3es e Tat\u00e1 Werneck\" width=\"1200\" height=\"660\" srcset=\"https:\/\/catracalivre.com.br\/wp-content\/uploads\/2023\/11\/fotos-catraca-2023-11-27t100028322.png 1200w, https:\/\/catracalivre.com.br\/wp-content\/uploads\/2023\/11\/fotos-catraca-2023-11-27t100028322-450x248.png 450w, https:\/\/catracalivre.com.br\/wp-content\/uploads\/2023\/11\/fotos-catraca-2023-11-27t100028322-768x422.png 768w\" sizes=\"(max-width: 1200px) 100vw, 1200px\"\/><\/p>\n<p>Cr\u00e9ditos: reprodu\u00e7\u00e3o\/Globo Filmes<\/p><div class='code-block code-block-8' style='margin: 8px auto; text-align: center; display: block; clear: both;'>\n<script>\n  atOptions = {\n    'key' : '66e2e2111ca34da796271819fc334058',\n    'format' : 'iframe',\n    'height' : 250,\n    'width' : 300,\n    'params' : {}\n  };\n<\/script>\n<script src=\"https:\/\/www.highperformanceformat.com\/66e2e2111ca34da796271819fc334058\/invoke.js\"><\/script>\n<\/div>\n\n<\/div>\n<\/div>\n<p><span class=\"post-imagem__legenda\">Novo filme de com\u00e9dia tem Ingrid Guimar\u00e3es e Tat\u00e1 Werneck<\/span><\/p>\n<\/div>\n<p>Est\u00e1 no ar o trailer do <a href=\"https:\/\/catracalivre.com.br\/entretenimento\/10-filmes-para-assistir-nos-streamings-no-dia-do-cinema-brasileiro\/\" target=\"_blank\" rel=\"noopener\">filme nacional<\/a> \u201cMinha Irm\u00e3 e Eu\u201d, cujo lan\u00e7amento \u00e9 uma iniciativa da Paris Filmes. O longa de <a href=\"https:\/\/catracalivre.com.br\/entretenimento\/10-filmes-brasileiros-que-vao-fazer-sua-barriga-doer-de-tanto-rir\/\">com\u00e9dia<\/a> \u00e9 protagonizado pelas atrizes <a href=\"https:\/\/catracalivre.com.br\/entretenimento\/desabafo-ingrid-guimaraes-etarismo\/\" target=\"_blank\" rel=\"noopener\">Ingrid Guimar\u00e3es<\/a> e <a href=\"https:\/\/catracalivre.com.br\/entretenimento\/ana-maria-sai-em-defesa-de-tata-werneck-errado-e-negar-a-gravidade-da-doenca\/\" target=\"_blank\" rel=\"noopener\">Tat\u00e1 Werneck<\/a>.<\/p>\n<p>Nesta nova produ\u00e7\u00e3o, elas interpretam as irm\u00e3s Mirelly e Mirian, personagens de trajet\u00f3rias divergentes em meio aos sonhos da m\u00e3e, Dona M\u00e1rcia (Arlete Salles), de transform\u00e1-las em uma dupla sertaneja na cidade de Rio Verde, Goi\u00e1s.<\/p>\n<h2>O que podemos esperar com \u201cMinha Irm\u00e3 e Eu\u201d?<\/h2>\n<p>As atrizes, em seus pap\u00e9is de Mirian e Mirelly, trazem \u00e0 tona uma com\u00e9dia que se desenvolve em meio ao campo e a cidade.<\/p>\n<p>Enquanto Mirian, papel de Guimar\u00e3es, opta por uma vida pac\u00edfica no interior ao lado do marido Jayme (M\u00e1rcio Vito) e dos filhos Jayme J\u00fanior (Jaffar Bambirra) e Marcelly (Nina Baiocchi), Werneck vive Mirelly, uma influenciadora digital. Como celebridade virtual, ela ostenta uma vida de luxo nas redes sociais. Por\u00e9m, mant\u00e9m em segredo suas contas atrasadas, apartamento pequeno e emprego de cuidadora de pets de famosos.<\/p>\n<p>Mas quando Dona M\u00e1rcia desaparece, as irm\u00e3s deixam as diferen\u00e7as de lado para procurar a m\u00e3e e embarcam em uma viagem que pode mudar suas vidas.<\/p>\n<div id=\"attachment_2314466\" class=\"wp-caption alignnone\">\n<div class=\"d-flex justify-content-center\" data-attachment-id=\"2314466\">\n<div class=\"position-relative d-inline-block\"><img data-recalc-dims=\"1\" loading=\"lazy\" data-portal-copyright=\"reprodu\u00e7\u00e3o\/Globo Filmes\" decoding=\"async\" class=\"size-full wp-image-2314466\" src=\"https:\/\/i0.wp.com\/catracalivre.com.br\/wp-content\/uploads\/2023\/11\/fotos-catraca-2023-11-27t101505350.png?resize=1200%2C660&#038;ssl=1\" alt=\"\u201cMinha Irm\u00e3 e Eu\u201d estreia em dezembro\" width=\"1200\" height=\"660\" srcset=\"https:\/\/catracalivre.com.br\/wp-content\/uploads\/2023\/11\/fotos-catraca-2023-11-27t101505350.png 1200w, https:\/\/catracalivre.com.br\/wp-content\/uploads\/2023\/11\/fotos-catraca-2023-11-27t101505350-450x248.png 450w, https:\/\/catracalivre.com.br\/wp-content\/uploads\/2023\/11\/fotos-catraca-2023-11-27t101505350-768x422.png 768w\" sizes=\"auto, (max-width: 1200px) 100vw, 1200px\"\/><\/p>\n<p>Cr\u00e9ditos: reprodu\u00e7\u00e3o\/Globo Filmes<\/p>\n<\/div>\n<\/div>\n<p><span class=\"post-imagem__legenda\">\u201cMinha Irm\u00e3 e Eu\u201d estreia em dezembro<\/span><\/p>\n<\/div>\n<p>Com dire\u00e7\u00e3o de Susana Garcia, conhecida pelo sucesso de \u201c<a href=\"https:\/\/catracalivre.com.br\/entretenimento\/7-filmes-e-series-da-netflix-para-assistir-com-as-maes\/\" target=\"_blank\" rel=\"noopener\">Minha M\u00e3e \u00e9 uma Pe\u00e7a 3<\/a>\u201c, a trama aborda as dualidades do companheirismo e distanciamento entre irm\u00e3s, bem como a realidade X <a href=\"https:\/\/www.instagram.com\/catracalivre\/\" target=\"_blank\" rel=\"noopener\">redes sociais<\/a>.<\/p>\n<p>No filme, a dire\u00e7\u00e3o e a atua\u00e7\u00e3o colaboram para um enredo descontra\u00eddo e focado na contemporaneidade brasileira.<\/p>\n<h2>Quem s\u00e3o as participa\u00e7\u00f5es especiais do filme?<\/h2>\n<p>Muita risada e emo\u00e7\u00e3o \u00e9 esperada em \u201cMinha Irm\u00e3 e Eu\u201d. Al\u00e9m dos citados anteriormente, o filme conta com participa\u00e7\u00f5es especiais diversas.<\/p>\n<p>Como a cantora Iza, o ator Leandro Lima e Marcelo Laham que garantem muito mais anima\u00e7\u00e3o ao longa. L\u00e1zaro Ramos tamb\u00e9m vai somar com o elenco do filme.<\/p>\n<p>\u201cMinha Irm\u00e3 e Eu\u201d estreia em 28 de dezembro nos cinemas.<strong> Assista ao trailer:<\/strong><\/p>\n<p class=\"embed-responsive embed-responsive-16by9 mb-3 d-block\"><iframe loading=\"lazy\" title=\"Minha Irm\u00e3 E Eu |  Trailer Oficial\" width=\"500\" height=\"281\" src=\"https:\/\/www.youtube.com\/embed\/Y-Q0wxkoqRo?feature=oembed\" frameborder=\"0\" allow=\"accelerometer; autoplay; clipboard-write; encrypted-media; gyroscope; picture-in-picture; web-share\" referrerpolicy=\"strict-origin-when-cross-origin\" allowfullscreen><\/iframe><\/p>\n<\/div>\n<p><script>\n\t\t! function(f, b, e, v, n, t, s) {\n\t\t\tif (f.fbq) return;\n\t\t\tn = f.fbq = function() {\n\t\t\t\tn.callMethod ?\n\t\t\t\t\tn.callMethod.apply(n, arguments) : n.queue.push(arguments)\n\t\t\t};\n\t\t\tif (!f._fbq) f._fbq = n;\n\t\t\tn.push = n;\n\t\t\tn.loaded = !0;\n\t\t\tn.version = '2.0';\n\t\t\tn.queue = [];\n\t\t\tt = b.createElement(e);\n\t\t\tt.async = !0;\n\t\t\tt.src = v;\n\t\t\ts = b.getElementsByTagName(e)[0];\n\t\t\ts.parentNode.insertBefore(t, s)\n\t\t}(window, document, 'script',\n\t\t\t'https:\/\/connect.facebook.net\/en_US\/fbevents.js');\n\t\tfbq('init', '338315473262380');\n\t\tfbq('track', 'PageView');\n\t<\/script><script async src=\"\/\/www.instagram.com\/embed.js\"><\/script><br \/>\n<br \/><br \/>\n<br \/><a href=\"https:\/\/catracalivre.com.br\/entretenimento\/novo-filme-com-ingrid-guimaraes-e-tata-werneck-ganha-trailer-assista\/\">Source link <\/a><\/p>\n<div class='code-block code-block-4' style='margin: 8px auto 8px 0; text-align: left; display: block; clear: both;'>\n\ud83d\udce2 Aviso Legal\n\nO site ismaelcolosi.com.br atua apenas como um canal de divulga\u00e7\u00e3o de oportunidades de emprego e n\u00e3o se responsabiliza pelo processo seletivo, contrata\u00e7\u00e3o ou qualquer outra etapa relacionada \u00e0s vagas publicadas. Todas as informa\u00e7\u00f5es s\u00e3o de responsabilidade dos anunciantes.\n\n\u26a0\ufe0f Aten\u00e7\u00e3o! Nunca pague por promessas de emprego nem compre cursos que garantam contrata\u00e7\u00e3o. Desconfie de qualquer cobran\u00e7a para participar de sele\u00e7\u00f5es.\n\n\n<div data-type=\"_mgwidget\" data-widget-id=\"2000896\">\n<\/div>\n<script>(function(w,q){w[q]=w[q]||[];w[q].push([\"_mgc.load\"])})(window,\"_mgq\");\n<\/script>\n<\/div>\n<!-- CONTENT END 1 -->\n","protected":false},"excerpt":{"rendered":"<p>Cr\u00e9ditos: reprodu\u00e7\u00e3o\/Globo Filmes Novo filme de com\u00e9dia tem Ingrid Guimar\u00e3es e Tat\u00e1 Werneck Est\u00e1 no ar o trailer do filme nacional \u201cMinha Irm\u00e3 e Eu\u201d,&#8230;<\/p>\n","protected":false},"author":1,"featured_media":7117,"comment_status":"open","ping_status":"open","sticky":false,"template":"","format":"standard","meta":{"_uag_custom_page_level_css":"","jetpack_post_was_ever_published":false,"_jetpack_newsletter_access":"","_jetpack_dont_email_post_to_subs":false,"_jetpack_newsletter_tier_id":0,"_jetpack_memberships_contains_paywalled_content":false,"_jetpack_memberships_contains_paid_content":false,"footnotes":"","jetpack_publicize_message":"","jetpack_publicize_feature_enabled":true,"jetpack_social_post_already_shared":true,"jetpack_social_options":{"image_generator_settings":{"template":"highway","default_image_id":0,"font":"","enabled":false},"version":2}},"categories":[19],"tags":[],"class_list":["post-7116","post","type-post","status-publish","format-standard","has-post-thumbnail","hentry","category-variedades"],"aioseo_notices":[],"jetpack_publicize_connections":[],"jetpack_featured_media_url":"https:\/\/i0.wp.com\/ismaelcolosi.com.br\/wp-content\/uploads\/2023\/11\/fotos-catraca-2023-11-27t100028322.png?fit=1200%2C638&ssl=1","uagb_featured_image_src":{"full":["https:\/\/i0.wp.com\/ismaelcolosi.com.br\/wp-content\/uploads\/2023\/11\/fotos-catraca-2023-11-27t100028322.png?fit=1200%2C638&ssl=1",1200,638,false],"thumbnail":["https:\/\/i0.wp.com\/ismaelcolosi.com.br\/wp-content\/uploads\/2023\/11\/fotos-catraca-2023-11-27t100028322.png?resize=150%2C150&ssl=1",150,150,true],"medium":["https:\/\/i0.wp.com\/ismaelcolosi.com.br\/wp-content\/uploads\/2023\/11\/fotos-catraca-2023-11-27t100028322.png?fit=300%2C160&ssl=1",300,160,true],"medium_large":["https:\/\/i0.wp.com\/ismaelcolosi.com.br\/wp-content\/uploads\/2023\/11\/fotos-catraca-2023-11-27t100028322.png?fit=768%2C408&ssl=1",768,408,true],"large":["https:\/\/i0.wp.com\/ismaelcolosi.com.br\/wp-content\/uploads\/2023\/11\/fotos-catraca-2023-11-27t100028322.png?fit=1024%2C544&ssl=1",1024,544,true],"1536x1536":["https:\/\/i0.wp.com\/ismaelcolosi.com.br\/wp-content\/uploads\/2023\/11\/fotos-catraca-2023-11-27t100028322.png?fit=1200%2C638&ssl=1",1200,638,true],"2048x2048":["https:\/\/i0.wp.com\/ismaelcolosi.com.br\/wp-content\/uploads\/2023\/11\/fotos-catraca-2023-11-27t100028322.png?fit=1200%2C638&ssl=1",1200,638,true],"really-simple-thumb":["https:\/\/i0.wp.com\/ismaelcolosi.com.br\/wp-content\/uploads\/2023\/11\/fotos-catraca-2023-11-27t100028322.png?resize=370%2C247&ssl=1",370,247,true]},"uagb_author_info":{"display_name":"ismaelcolosi.com.br","author_link":"https:\/\/ismaelcolosi.com.br\/index.php\/author\/vidareal-online\/"},"uagb_comment_info":0,"uagb_excerpt":"Cr\u00e9ditos: reprodu\u00e7\u00e3o\/Globo Filmes Novo filme de com\u00e9dia tem Ingrid Guimar\u00e3es e Tat\u00e1 Werneck Est\u00e1 no ar o trailer do filme nacional \u201cMinha Irm\u00e3 e Eu\u201d,...","jetpack-related-posts":[{"id":25385,"url":"https:\/\/ismaelcolosi.com.br\/index.php\/2024\/01\/07\/brasil-profundo-inspira-filme-de-ingrid-guimaraes\/","url_meta":{"origin":7116,"position":0},"title":"Brasil profundo inspira filme de Ingrid Guimar\u00e3es\u00a0","author":"ismaelcolosi.com.br","date":"7 de January de 2024","format":false,"excerpt":"Trama traz a saga das irm\u00e3s (Ingrid e Tat\u00e1 Werneck) em busca da m\u00e3e (Arlete Salles), que sumiu no mundo depois de presenciar as duas brigando para saber quem vai cuidar dela agora, na velhice\u00a0 7 de janeiro de 2024 | 8:306 de janeiro de 2024 | 19:03 0Quando falamos\u2026","rel":"","context":"In &quot;Not\u00edcias de Ribeir\u00e3o Preto-SP e Regi\u00e3o&quot;","block_context":{"text":"Not\u00edcias de Ribeir\u00e3o Preto-SP e Regi\u00e3o","link":"https:\/\/ismaelcolosi.com.br\/index.php\/category\/noticias-de-ribeirao-preto-sp-e-regiao-ismael-colosi\/"},"img":{"alt_text":"","src":"https:\/\/i0.wp.com\/ismaelcolosi.com.br\/wp-content\/uploads\/2024\/01\/1-Minha-Irma-e-Eu-ingrid-e-tata-miee-372-uol.jpg?fit=924%2C617&ssl=1&resize=350%2C200","width":350,"height":200,"srcset":"https:\/\/i0.wp.com\/ismaelcolosi.com.br\/wp-content\/uploads\/2024\/01\/1-Minha-Irma-e-Eu-ingrid-e-tata-miee-372-uol.jpg?fit=924%2C617&ssl=1&resize=350%2C200 1x, https:\/\/i0.wp.com\/ismaelcolosi.com.br\/wp-content\/uploads\/2024\/01\/1-Minha-Irma-e-Eu-ingrid-e-tata-miee-372-uol.jpg?fit=924%2C617&ssl=1&resize=525%2C300 1.5x, https:\/\/i0.wp.com\/ismaelcolosi.com.br\/wp-content\/uploads\/2024\/01\/1-Minha-Irma-e-Eu-ingrid-e-tata-miee-372-uol.jpg?fit=924%2C617&ssl=1&resize=700%2C400 2x"},"classes":[]},{"id":7164,"url":"https:\/\/ismaelcolosi.com.br\/index.php\/2023\/11\/27\/estes-filmes-nacionais-estreiam-ainda-em-2023-nos-cinemas-e-voce-precisa-ver\/","url_meta":{"origin":7116,"position":1},"title":"Estes filmes nacionais estreiam ainda em 2023 nos cinemas e voc\u00ea precisa\u00a0ver","author":"ismaelcolosi.com.br","date":"27 de November de 2023","format":false,"excerpt":"Cr\u00e9ditos: iStock\/batuhan toker Foi aqui que pediram novidades no cinema nacional? Alguns filmes chegam ainda em 2023 e voc\u00ea n\u00e3o pode perder a chance de ir aos cinemas. Dezembro promete grandes estreias para os cin\u00e9filos e amantes dos longas brasileiros. Tem as atrizes Larissa Manoela, Ingrid Guimar\u00e3es e Tat\u00e1 Werneck\u2026","rel":"","context":"In &quot;Variedades&quot;","block_context":{"text":"Variedades","link":"https:\/\/ismaelcolosi.com.br\/index.php\/category\/variedades\/"},"img":{"alt_text":"","src":"https:\/\/i0.wp.com\/ismaelcolosi.com.br\/wp-content\/uploads\/2023\/11\/istock-1271522553-scaled.jpg?fit=1200%2C638&ssl=1&resize=350%2C200","width":350,"height":200,"srcset":"https:\/\/i0.wp.com\/ismaelcolosi.com.br\/wp-content\/uploads\/2023\/11\/istock-1271522553-scaled.jpg?fit=1200%2C638&ssl=1&resize=350%2C200 1x, https:\/\/i0.wp.com\/ismaelcolosi.com.br\/wp-content\/uploads\/2023\/11\/istock-1271522553-scaled.jpg?fit=1200%2C638&ssl=1&resize=525%2C300 1.5x, https:\/\/i0.wp.com\/ismaelcolosi.com.br\/wp-content\/uploads\/2023\/11\/istock-1271522553-scaled.jpg?fit=1200%2C638&ssl=1&resize=700%2C400 2x, https:\/\/i0.wp.com\/ismaelcolosi.com.br\/wp-content\/uploads\/2023\/11\/istock-1271522553-scaled.jpg?fit=1200%2C638&ssl=1&resize=1050%2C600 3x"},"classes":[]},{"id":49231,"url":"https:\/\/ismaelcolosi.com.br\/index.php\/2024\/05\/09\/o-boticario-e-ingrid-guimaraes-celebram-o-dia-das-maes-com-reflexao-poderosa\/","url_meta":{"origin":7116,"position":2},"title":"O Botic\u00e1rio e Ingrid Guimar\u00e3es celebram o Dia das M\u00e3es com reflex\u00e3o poderosa","author":"ismaelcolosi.com.br","date":"9 de May de 2024","format":false,"excerpt":"O Botic\u00e1rio e Ingrid Guimar\u00e3es celebram o Dia das M\u00e3es com reflex\u00e3o poderosaNa \u00faltima semana, o Botic\u00e1rio, marca de beleza mais amada do Brasil, realizou um talk show exclusivo em S\u00e3o Paulo. Com presen\u00e7a da atriz Ingrid Guimar\u00e3es, o encontro apresentou a nova campanha de Dia das M\u00e3es e trouxe\u2026","rel":"","context":"In &quot;Not\u00edcias de Ribeir\u00e3o Preto-SP e Regi\u00e3o&quot;","block_context":{"text":"Not\u00edcias de Ribeir\u00e3o Preto-SP e Regi\u00e3o","link":"https:\/\/ismaelcolosi.com.br\/index.php\/category\/noticias-de-ribeirao-preto-sp-e-regiao-ismael-colosi\/"},"img":{"alt_text":"","src":"https:\/\/i0.wp.com\/ismaelcolosi.com.br\/wp-content\/uploads\/2024\/05\/handler-2.jpeg?fit=1200%2C800&ssl=1&resize=350%2C200","width":350,"height":200,"srcset":"https:\/\/i0.wp.com\/ismaelcolosi.com.br\/wp-content\/uploads\/2024\/05\/handler-2.jpeg?fit=1200%2C800&ssl=1&resize=350%2C200 1x, https:\/\/i0.wp.com\/ismaelcolosi.com.br\/wp-content\/uploads\/2024\/05\/handler-2.jpeg?fit=1200%2C800&ssl=1&resize=525%2C300 1.5x, https:\/\/i0.wp.com\/ismaelcolosi.com.br\/wp-content\/uploads\/2024\/05\/handler-2.jpeg?fit=1200%2C800&ssl=1&resize=700%2C400 2x, https:\/\/i0.wp.com\/ismaelcolosi.com.br\/wp-content\/uploads\/2024\/05\/handler-2.jpeg?fit=1200%2C800&ssl=1&resize=1050%2C600 3x"},"classes":[]},{"id":8154,"url":"https:\/\/ismaelcolosi.com.br\/index.php\/2023\/11\/29\/apos-dois-anos-da-morte-de-paulo-gustavo-ingrid-guimaraes-encerra-misterio-e-fala-a-verdade-sobre-briga-com-paulo-gustavo\/","url_meta":{"origin":7116,"position":3},"title":"Ap\u00f3s dois anos da morte de Paulo Gustavo, Ingrid Guimar\u00e3es encerra mist\u00e9rio e fala a verdade sobre briga com Paulo Gustavo","author":"ismaelcolosi.com.br","date":"29 de November de 2023","format":false,"excerpt":"Durante anos, uma briga envolta em mist\u00e9rio afastou dois \u00edcones da com\u00e9dia brasileira, Ingrid Guimar\u00e3es e Paulo Gustavo.Finalmente, detalhes esclarecedores emergiram em uma emocionante entrevista da atriz ao podcast \u201cQuem Pode, Pod\u201d, revelando como a amizade foi restaurada ap\u00f3s um per\u00edodo turbulento.A raiz do desentendimento, segundo Guimar\u00e3es, foi uma disputa\u2026","rel":"","context":"In &quot;Blog&quot;","block_context":{"text":"Blog","link":"https:\/\/ismaelcolosi.com.br\/index.php\/category\/blog\/"},"img":{"alt_text":"","src":"https:\/\/i0.wp.com\/ismaelcolosi.com.br\/wp-content\/uploads\/2023\/11\/postimg-65677cf1cc99d2726.jpg?fit=1200%2C628&ssl=1&resize=350%2C200","width":350,"height":200,"srcset":"https:\/\/i0.wp.com\/ismaelcolosi.com.br\/wp-content\/uploads\/2023\/11\/postimg-65677cf1cc99d2726.jpg?fit=1200%2C628&ssl=1&resize=350%2C200 1x, https:\/\/i0.wp.com\/ismaelcolosi.com.br\/wp-content\/uploads\/2023\/11\/postimg-65677cf1cc99d2726.jpg?fit=1200%2C628&ssl=1&resize=525%2C300 1.5x, https:\/\/i0.wp.com\/ismaelcolosi.com.br\/wp-content\/uploads\/2023\/11\/postimg-65677cf1cc99d2726.jpg?fit=1200%2C628&ssl=1&resize=700%2C400 2x, https:\/\/i0.wp.com\/ismaelcolosi.com.br\/wp-content\/uploads\/2023\/11\/postimg-65677cf1cc99d2726.jpg?fit=1200%2C628&ssl=1&resize=1050%2C600 3x"},"classes":[]},{"id":10666,"url":"https:\/\/ismaelcolosi.com.br\/index.php\/2023\/12\/04\/estes-11-filmes-estreiam-nos-cinemas-ainda-em-2023-veja-a-lista\/","url_meta":{"origin":7116,"position":4},"title":"Estes 11 filmes estreiam nos cinemas ainda em 2023; veja a lista","author":"ismaelcolosi.com.br","date":"4 de December de 2023","format":false,"excerpt":"Cr\u00e9ditos: Depositphotos\/SeventyFourFilmes que estreiam ainda em 2023 nos cinemas Dezembro est\u00e1 chegando e, com ele, o p\u00fablico ter\u00e1 as \u00faltimas estreias de 2023. Ainda d\u00e1 tempo de ir aos cinemas neste ano, hein?! Para os amantes dos filmes brasileiros, a lista traz diversos lan\u00e7amentos in\u00e9ditos, incluindo o\u00a0filme biogr\u00e1fico da\u00a0banda Mamonas\u2026","rel":"","context":"In &quot;Variedades&quot;","block_context":{"text":"Variedades","link":"https:\/\/ismaelcolosi.com.br\/index.php\/category\/variedades\/"},"img":{"alt_text":"","src":"https:\/\/i0.wp.com\/ismaelcolosi.com.br\/wp-content\/uploads\/2023\/12\/depositphotos-677085492-xl-scaled.jpg?fit=1200%2C638&ssl=1&resize=350%2C200","width":350,"height":200,"srcset":"https:\/\/i0.wp.com\/ismaelcolosi.com.br\/wp-content\/uploads\/2023\/12\/depositphotos-677085492-xl-scaled.jpg?fit=1200%2C638&ssl=1&resize=350%2C200 1x, https:\/\/i0.wp.com\/ismaelcolosi.com.br\/wp-content\/uploads\/2023\/12\/depositphotos-677085492-xl-scaled.jpg?fit=1200%2C638&ssl=1&resize=525%2C300 1.5x, https:\/\/i0.wp.com\/ismaelcolosi.com.br\/wp-content\/uploads\/2023\/12\/depositphotos-677085492-xl-scaled.jpg?fit=1200%2C638&ssl=1&resize=700%2C400 2x, https:\/\/i0.wp.com\/ismaelcolosi.com.br\/wp-content\/uploads\/2023\/12\/depositphotos-677085492-xl-scaled.jpg?fit=1200%2C638&ssl=1&resize=1050%2C600 3x"},"classes":[]},{"id":45364,"url":"https:\/\/ismaelcolosi.com.br\/index.php\/2024\/04\/03\/warner-bros-reune-fas-famosos-e-elenco-de-evidencias-do-amor-em-pre-estreias\/","url_meta":{"origin":7116,"position":5},"title":"Warner Bros. re\u00fane f\u00e3s, famosos e elenco de Evid\u00eancias do Amor em pr\u00e9-estreias","author":"ismaelcolosi.com.br","date":"3 de April de 2024","format":false,"excerpt":"Warner Bros. re\u00fane f\u00e3s, famosos e elenco de Evid\u00eancias do Amor em pr\u00e9-estreiasEm contagem regressiva para a estreia de\u00a0Evid\u00eancias do Amor\u00a0no pr\u00f3ximo dia 11, a Warner Bros. Pictures reuniu o elenco, produ\u00e7\u00e3o, f\u00e3s e famosos em duas pr\u00e9-estreias do filme nesta semana, em S\u00e3o Paulo e Rio de Janeiro. Com\u2026","rel":"","context":"In &quot;Not\u00edcias de Ribeir\u00e3o Preto-SP e Regi\u00e3o&quot;","block_context":{"text":"Not\u00edcias de Ribeir\u00e3o Preto-SP e Regi\u00e3o","link":"https:\/\/ismaelcolosi.com.br\/index.php\/category\/noticias-de-ribeirao-preto-sp-e-regiao-ismael-colosi\/"},"img":{"alt_text":"","src":"https:\/\/i0.wp.com\/ismaelcolosi.com.br\/wp-content\/uploads\/2024\/04\/MHC03805.jpg?fit=1200%2C675&ssl=1&resize=350%2C200","width":350,"height":200,"srcset":"https:\/\/i0.wp.com\/ismaelcolosi.com.br\/wp-content\/uploads\/2024\/04\/MHC03805.jpg?fit=1200%2C675&ssl=1&resize=350%2C200 1x, https:\/\/i0.wp.com\/ismaelcolosi.com.br\/wp-content\/uploads\/2024\/04\/MHC03805.jpg?fit=1200%2C675&ssl=1&resize=525%2C300 1.5x, https:\/\/i0.wp.com\/ismaelcolosi.com.br\/wp-content\/uploads\/2024\/04\/MHC03805.jpg?fit=1200%2C675&ssl=1&resize=700%2C400 2x, https:\/\/i0.wp.com\/ismaelcolosi.com.br\/wp-content\/uploads\/2024\/04\/MHC03805.jpg?fit=1200%2C675&ssl=1&resize=1050%2C600 3x"},"classes":[]}],"jetpack_sharing_enabled":true,"jetpack_shortlink":"https:\/\/wp.me\/pfMlyK-1QM","_links":{"self":[{"href":"https:\/\/ismaelcolosi.com.br\/index.php\/wp-json\/wp\/v2\/posts\/7116","targetHints":{"allow":["GET"]}}],"collection":[{"href":"https:\/\/ismaelcolosi.com.br\/index.php\/wp-json\/wp\/v2\/posts"}],"about":[{"href":"https:\/\/ismaelcolosi.com.br\/index.php\/wp-json\/wp\/v2\/types\/post"}],"author":[{"embeddable":true,"href":"https:\/\/ismaelcolosi.com.br\/index.php\/wp-json\/wp\/v2\/users\/1"}],"replies":[{"embeddable":true,"href":"https:\/\/ismaelcolosi.com.br\/index.php\/wp-json\/wp\/v2\/comments?post=7116"}],"version-history":[{"count":0,"href":"https:\/\/ismaelcolosi.com.br\/index.php\/wp-json\/wp\/v2\/posts\/7116\/revisions"}],"wp:featuredmedia":[{"embeddable":true,"href":"https:\/\/ismaelcolosi.com.br\/index.php\/wp-json\/wp\/v2\/media\/7117"}],"wp:attachment":[{"href":"https:\/\/ismaelcolosi.com.br\/index.php\/wp-json\/wp\/v2\/media?parent=7116"}],"wp:term":[{"taxonomy":"category","embeddable":true,"href":"https:\/\/ismaelcolosi.com.br\/index.php\/wp-json\/wp\/v2\/categories?post=7116"},{"taxonomy":"post_tag","embeddable":true,"href":"https:\/\/ismaelcolosi.com.br\/index.php\/wp-json\/wp\/v2\/tags?post=7116"}],"curies":[{"name":"wp","href":"https:\/\/api.w.org\/{rel}","templated":true}]}}