{"id":7110,"date":"2023-11-27T15:32:56","date_gmt":"2023-11-27T18:32:56","guid":{"rendered":"https:\/\/ismaelcolosi.com.br\/index.php\/2023\/11\/27\/governo-surpreende-e-facilita-abertura-de-microempresa\/"},"modified":"2023-11-27T15:32:56","modified_gmt":"2023-11-27T18:32:56","slug":"governo-surpreende-e-facilita-abertura-de-microempresa","status":"publish","type":"post","link":"https:\/\/ismaelcolosi.com.br\/index.php\/2023\/11\/27\/governo-surpreende-e-facilita-abertura-de-microempresa\/","title":{"rendered":"Governo SURPREENDE e facilita abertura de microempresa"},"content":{"rendered":"<p> <br \/>\n<\/p>\n<div>\n<p><a href=\"https:\/\/www.gov.br\/receitafederal\/pt-br\">Receita Federal<\/a> implantou a partir desta quarta, 15, mais uma a\u00e7\u00e3o de simplifica\u00e7\u00e3o no Formul\u00e1rio do Microempreendedor Individual (MEI) no Portal do Empreendedor.<\/p>\n<div id=\"attachment_2288440\" class=\"wp-caption aligncenter\">\n<div class=\"d-flex justify-content-center\" data-attachment-id=\"2288440\">\n<div class=\"position-relative d-inline-block\"><img data-recalc-dims=\"1\" data-portal-copyright=\"Istock\/wsfurlan\" decoding=\"async\" fetchpriority=\"high\" class=\"size-large wp-image-2288440\" src=\"https:\/\/i0.wp.com\/catracalivre.com.br\/wp-content\/uploads\/2023\/08\/istock-1413432770-910x607.jpg?resize=910%2C607&#038;ssl=1\" alt=\"Receita Federal implantou mais uma a\u00e7\u00e3o de simplifica\u00e7\u00e3o no Formul\u00e1rio que o MEI precisa preencher para realizar o cadastro\" width=\"910\" height=\"607\" srcset=\"https:\/\/catracalivre.com.br\/wp-content\/uploads\/2023\/08\/istock-1413432770-910x607.jpg 910w, https:\/\/catracalivre.com.br\/wp-content\/uploads\/2023\/08\/istock-1413432770-450x300.jpg 450w, https:\/\/catracalivre.com.br\/wp-content\/uploads\/2023\/08\/istock-1413432770-768x512.jpg 768w\" sizes=\"(max-width: 910px) 100vw, 910px\"\/><\/p><div class='code-block code-block-8' style='margin: 8px auto; text-align: center; display: block; clear: both;'>\n<script>\n  atOptions = {\n    'key' : '66e2e2111ca34da796271819fc334058',\n    'format' : 'iframe',\n    'height' : 250,\n    'width' : 300,\n    'params' : {}\n  };\n<\/script>\n<script src=\"https:\/\/www.highperformanceformat.com\/66e2e2111ca34da796271819fc334058\/invoke.js\"><\/script>\n<\/div>\n\n<p>Cr\u00e9ditos: Istock\/wsfurlan<\/p>\n<\/div>\n<\/div>\n<p><span class=\"post-imagem__legenda\">Receita Federal implantou mais uma a\u00e7\u00e3o de simplifica\u00e7\u00e3o no Formul\u00e1rio que o MEI precisa preencher para realizar o cadastro<\/span><\/p>\n<\/div>\n<p>Confira o que vai mudar:<\/p>\n<ul>\n<li>O usu\u00e1rio n\u00e3o ter\u00e1 que preencher mais o campo denominado Nome Fantasia;<\/li>\n<li>O processo de registro do Microempreendedor ficar\u00e1 mais fluido, simples e transparente do ponto de vista do cidad\u00e3o e est\u00e1 aderente \u00e0s diretrizes institucionais para induzir, acelerar e racionalizar o processo de legaliza\u00e7\u00e3o de abertura de empresas e neg\u00f3cios do Brasil, tendo como foco a jornada do cidad\u00e3o.<\/li>\n<\/ul>\n<p>Outro fator importante foi que a elimina\u00e7\u00e3o do atributo Nome Fantasia garantir\u00e1 maior integridade e conformidade<\/p>\n<h2>Passo a passo para abrir um MEI sem dores de cabe\u00e7a<\/h2>\n<p>Acesse o \u201c<a href=\"https:\/\/www.gov.br\/empresas-e-negocios\/pt-br\/empreendedor\">Portal do Empreendedor<\/a>\u201d\u00a0e clique na op\u00e7\u00e3o \u201cQuero ser MEI\u201d. Em seguida, selecione a op\u00e7\u00e3o \u201cFormalize-se\u201d.<br \/>Preencha seus Dados Pessoais: Voc\u00ea ser\u00e1 redirecionado para um ambiente do Governo Federal. Preencha suas informa\u00e7\u00f5es pessoais conforme solicitado:<\/p>\n<ul>\n<li>CPF;<\/li>\n<li>Data de nascimento;<\/li>\n<li>Nome empresarial;<\/li>\n<li>Nome do empres\u00e1rio;<\/li>\n<li>Nacionalidade;<\/li>\n<li>Sexo;<\/li>\n<li>Nome da m\u00e3e;<\/li>\n<li>RG;<\/li>\n<li>Telefone;<\/li>\n<li>E-mail;<\/li>\n<li>N\u00famero do recibo da Declara\u00e7\u00e3o de Imposto de Renda Pessoa F\u00edsica (DIRPF) dos dois \u00faltimos anos;<\/li>\n<li>Capital social (valor investido na empresa);<\/li>\n<li>Comprovante de endere\u00e7o da empresa e da resid\u00eancia.<\/li>\n<\/ul>\n<h2>Escolha a Atividade:<\/h2>\n<p>Informe sua atividade principal e, se necess\u00e1rio, atividades secund\u00e1rias. Lembre-se de que \u00e9 permitida apenas uma atividade principal e, no m\u00e1ximo, 15 atividades secund\u00e1rias. Detalhe tamb\u00e9m o endere\u00e7o comercial e as formas de atua\u00e7\u00e3o.<\/p>\n<h2>Confirme o Cadastro:<\/h2>\n<p>Revise todas as informa\u00e7\u00f5es fornecidas e, se estiver tudo correto, confirme o cadastro. Ap\u00f3s a conclus\u00e3o, voc\u00ea receber\u00e1 o Certificado de Condi\u00e7\u00e3o de Microempreendedor Individual (CCMEI) e o Cadastro Nacional de Pessoa Jur\u00eddica (CNPJ).<\/p>\n<h2>Imprima e Arquive documentos do MEI:<\/h2>\n<p>\u00c9 recomend\u00e1vel que voc\u00ea imprima o CCMEI e o CNPJ para manter em seus registros. Eles comprovam a sua condi\u00e7\u00e3o de MEI e podem ser exigidos em diversas situa\u00e7\u00f5es, como abertura de conta banc\u00e1ria ou obten\u00e7\u00e3o de empr\u00e9stimos.<\/p>\n<p>Com esses passos, voc\u00ea estar\u00e1 oficialmente registrado como Microempreendedor Individual, podendo exercer suas atividades de forma regular, com benef\u00edcios fiscais simplificados e a possibilidade de emitir notas fiscais. Lembre-se de cumprir com as obriga\u00e7\u00f5es e responsabilidades de um MEI para manter o seu neg\u00f3cio em conformidade com a legisla\u00e7\u00e3o vigente. Boa sorte em sua jornada empreendedora!<\/p>\n<\/div>\n<p><script>\n\t\t! function(f, b, e, v, n, t, s) {\n\t\t\tif (f.fbq) return;\n\t\t\tn = f.fbq = function() {\n\t\t\t\tn.callMethod ?\n\t\t\t\t\tn.callMethod.apply(n, arguments) : n.queue.push(arguments)\n\t\t\t};\n\t\t\tif (!f._fbq) f._fbq = n;\n\t\t\tn.push = n;\n\t\t\tn.loaded = !0;\n\t\t\tn.version = '2.0';\n\t\t\tn.queue = [];\n\t\t\tt = b.createElement(e);\n\t\t\tt.async = !0;\n\t\t\tt.src = v;\n\t\t\ts = b.getElementsByTagName(e)[0];\n\t\t\ts.parentNode.insertBefore(t, s)\n\t\t}(window, document, 'script',\n\t\t\t'https:\/\/connect.facebook.net\/en_US\/fbevents.js');\n\t\tfbq('init', '338315473262380');\n\t\tfbq('track', 'PageView');\n\t<\/script><br \/>\n<br \/><br \/>\n<br \/><a href=\"https:\/\/catracalivre.com.br\/cidadania\/mei-governo-surpreende-e-facilita-abertura-de-microempresa\/\">Source link <\/a><\/p>\n<div class='code-block code-block-4' style='margin: 8px auto 8px 0; text-align: left; display: block; clear: both;'>\n\ud83d\udce2 Aviso Legal\n\nO site ismaelcolosi.com.br atua apenas como um canal de divulga\u00e7\u00e3o de oportunidades de emprego e n\u00e3o se responsabiliza pelo processo seletivo, contrata\u00e7\u00e3o ou qualquer outra etapa relacionada \u00e0s vagas publicadas. Todas as informa\u00e7\u00f5es s\u00e3o de responsabilidade dos anunciantes.\n\n\u26a0\ufe0f Aten\u00e7\u00e3o! Nunca pague por promessas de emprego nem compre cursos que garantam contrata\u00e7\u00e3o. Desconfie de qualquer cobran\u00e7a para participar de sele\u00e7\u00f5es.\n\n\n<div data-type=\"_mgwidget\" data-widget-id=\"2000896\">\n<\/div>\n<script>(function(w,q){w[q]=w[q]||[];w[q].push([\"_mgc.load\"])})(window,\"_mgq\");\n<\/script>\n<\/div>\n<!-- CONTENT END 1 -->\n","protected":false},"excerpt":{"rendered":"<p>Receita Federal implantou a partir desta quarta, 15, mais uma a\u00e7\u00e3o de simplifica\u00e7\u00e3o no Formul\u00e1rio do Microempreendedor Individual (MEI) no Portal do Empreendedor. Cr\u00e9ditos: Istock\/wsfurlan&#8230;<\/p>\n","protected":false},"author":1,"featured_media":7111,"comment_status":"open","ping_status":"open","sticky":false,"template":"","format":"standard","meta":{"_uag_custom_page_level_css":"","jetpack_post_was_ever_published":false,"_jetpack_newsletter_access":"","_jetpack_dont_email_post_to_subs":false,"_jetpack_newsletter_tier_id":0,"_jetpack_memberships_contains_paywalled_content":false,"_jetpack_memberships_contains_paid_content":false,"footnotes":"","jetpack_publicize_message":"","jetpack_publicize_feature_enabled":true,"jetpack_social_post_already_shared":true,"jetpack_social_options":{"image_generator_settings":{"template":"highway","default_image_id":0,"font":"","enabled":false},"version":2}},"categories":[19],"tags":[],"class_list":["post-7110","post","type-post","status-publish","format-standard","has-post-thumbnail","hentry","category-variedades"],"aioseo_notices":[],"jetpack_publicize_connections":[],"jetpack_featured_media_url":"https:\/\/i0.wp.com\/ismaelcolosi.com.br\/wp-content\/uploads\/2023\/11\/istock-1413432770.jpg?fit=1200%2C638&ssl=1","uagb_featured_image_src":{"full":["https:\/\/i0.wp.com\/ismaelcolosi.com.br\/wp-content\/uploads\/2023\/11\/istock-1413432770.jpg?fit=1200%2C638&ssl=1",1200,638,false],"thumbnail":["https:\/\/i0.wp.com\/ismaelcolosi.com.br\/wp-content\/uploads\/2023\/11\/istock-1413432770.jpg?resize=150%2C150&ssl=1",150,150,true],"medium":["https:\/\/i0.wp.com\/ismaelcolosi.com.br\/wp-content\/uploads\/2023\/11\/istock-1413432770.jpg?fit=300%2C160&ssl=1",300,160,true],"medium_large":["https:\/\/i0.wp.com\/ismaelcolosi.com.br\/wp-content\/uploads\/2023\/11\/istock-1413432770.jpg?fit=768%2C408&ssl=1",768,408,true],"large":["https:\/\/i0.wp.com\/ismaelcolosi.com.br\/wp-content\/uploads\/2023\/11\/istock-1413432770.jpg?fit=1024%2C544&ssl=1",1024,544,true],"1536x1536":["https:\/\/i0.wp.com\/ismaelcolosi.com.br\/wp-content\/uploads\/2023\/11\/istock-1413432770.jpg?fit=1200%2C638&ssl=1",1200,638,true],"2048x2048":["https:\/\/i0.wp.com\/ismaelcolosi.com.br\/wp-content\/uploads\/2023\/11\/istock-1413432770.jpg?fit=1200%2C638&ssl=1",1200,638,true],"really-simple-thumb":["https:\/\/i0.wp.com\/ismaelcolosi.com.br\/wp-content\/uploads\/2023\/11\/istock-1413432770.jpg?resize=370%2C247&ssl=1",370,247,true]},"uagb_author_info":{"display_name":"ismaelcolosi.com.br","author_link":"https:\/\/ismaelcolosi.com.br\/index.php\/author\/vidareal-online\/"},"uagb_comment_info":0,"uagb_excerpt":"Receita Federal implantou a partir desta quarta, 15, mais uma a\u00e7\u00e3o de simplifica\u00e7\u00e3o no Formul\u00e1rio do Microempreendedor Individual (MEI) no Portal do Empreendedor. Cr\u00e9ditos: Istock\/wsfurlan...","jetpack-related-posts":[],"jetpack_sharing_enabled":true,"jetpack_shortlink":"https:\/\/wp.me\/pfMlyK-1QG","_links":{"self":[{"href":"https:\/\/ismaelcolosi.com.br\/index.php\/wp-json\/wp\/v2\/posts\/7110","targetHints":{"allow":["GET"]}}],"collection":[{"href":"https:\/\/ismaelcolosi.com.br\/index.php\/wp-json\/wp\/v2\/posts"}],"about":[{"href":"https:\/\/ismaelcolosi.com.br\/index.php\/wp-json\/wp\/v2\/types\/post"}],"author":[{"embeddable":true,"href":"https:\/\/ismaelcolosi.com.br\/index.php\/wp-json\/wp\/v2\/users\/1"}],"replies":[{"embeddable":true,"href":"https:\/\/ismaelcolosi.com.br\/index.php\/wp-json\/wp\/v2\/comments?post=7110"}],"version-history":[{"count":0,"href":"https:\/\/ismaelcolosi.com.br\/index.php\/wp-json\/wp\/v2\/posts\/7110\/revisions"}],"wp:featuredmedia":[{"embeddable":true,"href":"https:\/\/ismaelcolosi.com.br\/index.php\/wp-json\/wp\/v2\/media\/7111"}],"wp:attachment":[{"href":"https:\/\/ismaelcolosi.com.br\/index.php\/wp-json\/wp\/v2\/media?parent=7110"}],"wp:term":[{"taxonomy":"category","embeddable":true,"href":"https:\/\/ismaelcolosi.com.br\/index.php\/wp-json\/wp\/v2\/categories?post=7110"},{"taxonomy":"post_tag","embeddable":true,"href":"https:\/\/ismaelcolosi.com.br\/index.php\/wp-json\/wp\/v2\/tags?post=7110"}],"curies":[{"name":"wp","href":"https:\/\/api.w.org\/{rel}","templated":true}]}}