{"id":7102,"date":"2023-11-27T15:23:48","date_gmt":"2023-11-27T18:23:48","guid":{"rendered":"https:\/\/ismaelcolosi.com.br\/index.php\/2023\/11\/27\/sao-paulo-decreta-ponto-facultativo-nesta-terca-feira-por-conta-da-greve\/"},"modified":"2023-11-27T15:23:48","modified_gmt":"2023-11-27T18:23:48","slug":"sao-paulo-decreta-ponto-facultativo-nesta-terca-feira-por-conta-da-greve","status":"publish","type":"post","link":"https:\/\/ismaelcolosi.com.br\/index.php\/2023\/11\/27\/sao-paulo-decreta-ponto-facultativo-nesta-terca-feira-por-conta-da-greve\/","title":{"rendered":"S\u00e3o Paulo decreta ponto facultativo nesta ter\u00e7a-feira por conta da greve"},"content":{"rendered":"<p> <br \/>\n<\/p>\n<div>\n<p>O Governo de S\u00e3o Paulo determinou ponto facultativo em todos os servi\u00e7os p\u00fablicos estaduais da capital paulista nesta ter\u00e7a-feira, 28.<\/p>\n<p>Segundo o governo estadual, a medida visa a reduzir os preju\u00edzos \u00e0 popula\u00e7\u00e3o que poder\u00e1 ser afetada pela\u00a0<a href=\"https:\/\/catracalivre.com.br\/cidadania\/greve-no-metro-de-sao-paulo-veja-quais-linhas-vao-parar-nesta-terca\/\">greve<\/a> dos sindicatos de trabalhadores do Metr\u00f4, CPTM e Sabesp, al\u00e9m de professores estaduais.<\/p><div class='code-block code-block-8' style='margin: 8px auto; text-align: center; display: block; clear: both;'>\n<script>\n  atOptions = {\n    'key' : '66e2e2111ca34da796271819fc334058',\n    'format' : 'iframe',\n    'height' : 250,\n    'width' : 300,\n    'params' : {}\n  };\n<\/script>\n<script src=\"https:\/\/www.highperformanceformat.com\/66e2e2111ca34da796271819fc334058\/invoke.js\"><\/script>\n<\/div>\n\n<div id=\"attachment_2262580\" class=\"wp-caption alignnone\">\n<div class=\"d-flex justify-content-center\" data-attachment-id=\"2262580\">\n<div class=\"position-relative d-inline-block\"><img data-recalc-dims=\"1\" data-portal-copyright=\"Rovena Rosa\/Ag\u00eancia Brasil\" decoding=\"async\" fetchpriority=\"high\" class=\"size-large wp-image-2262580\" src=\"https:\/\/i0.wp.com\/catracalivre.com.br\/wp-content\/uploads\/2023\/03\/metro-sp-reabre-trechos-910x545.jpg?resize=910%2C545&#038;ssl=1\" alt=\"Metr\u00f4 e CPTM far\u00e3o greve em S\u00e3o Paulo nesta ter\u00e7a-feira\" width=\"910\" height=\"545\" srcset=\"https:\/\/catracalivre.com.br\/wp-content\/uploads\/2023\/03\/metro-sp-reabre-trechos-910x545.jpg 910w, https:\/\/catracalivre.com.br\/wp-content\/uploads\/2023\/03\/metro-sp-reabre-trechos-450x270.jpg 450w, https:\/\/catracalivre.com.br\/wp-content\/uploads\/2023\/03\/metro-sp-reabre-trechos-768x460.jpg 768w\" sizes=\"(max-width: 910px) 100vw, 910px\"\/><\/p>\n<p>Cr\u00e9ditos: Rovena Rosa\/Ag\u00eancia Brasil<\/p>\n<\/div>\n<\/div>\n<p><span class=\"post-imagem__legenda\">Metr\u00f4 e CPTM far\u00e3o greve em S\u00e3o Paulo nesta ter\u00e7a-feira<\/span><\/p>\n<\/div>\n<p>A paraliza\u00e7\u00e3o vai afetar o funcionamento de algumas das principais linhas do Metr\u00f4 e da CPTM da capital paulista e regi\u00e3o metropolitana.<\/p>\n<p>As linhas 1-azul, 2-verde, 3-vermelha e 15-prata n\u00e3o devem funcionar na ter\u00e7a-feira.<\/p>\n<p>Na CPTM, as linhas 7-rubi, 10-turquesa, 11-coral, 12-safira e 13-jade tamb\u00e9m n\u00e3o devem operar.<\/p>\n<p>J\u00e1 as linhas 4-amarela, 5-lil\u00e1s, 8-diamante e 9-esmeralda, que s\u00e3o iniciativa privada, v\u00e3o operar normalmente. Ainda n\u00e3o est\u00e1 claro se a paralisa\u00e7\u00e3o dos trabalhadores da Sabesp ter\u00e1 algum impacto para a popula\u00e7\u00e3o.<\/p>\n<p>O decreto que oficializa o ponto facultativo ser\u00e1 publicado no Di\u00e1rio Oficial do Estado.<\/p>\n<h2>Servi\u00e7os afetados<\/h2>\n<p>O governo estadual informou que as consultas em Ambulat\u00f3rios M\u00e9dicos de Especialidades (AMEs) da capital e em outras unidades de sa\u00fade estaduais ter\u00e3o seus reagendamentos garantidos, assim como nos postos do Poupatempo.<\/p>\n<p>J\u00e1 os servi\u00e7os de seguran\u00e7a p\u00fablica n\u00e3o devem ser afetados, assim como os restaurantes e postos m\u00f3veis do Bom Prato, que v\u00e3o continuar a oferecer normalmente as refei\u00e7\u00f5es previstas para ter\u00e7a.<\/p>\n<p>O governo tamb\u00e9m disse que, por determina\u00e7\u00e3o da Justi\u00e7a, 70% dos trens da CPTM dever\u00e3o operar nos hor\u00e1rios de pico e 50% nos demais per\u00edodos, sob pena di\u00e1ria de R$ 30 mil ao sindicato.<\/p>\n<\/div>\n<p><script>\n\t\t! function(f, b, e, v, n, t, s) {\n\t\t\tif (f.fbq) return;\n\t\t\tn = f.fbq = function() {\n\t\t\t\tn.callMethod ?\n\t\t\t\t\tn.callMethod.apply(n, arguments) : n.queue.push(arguments)\n\t\t\t};\n\t\t\tif (!f._fbq) f._fbq = n;\n\t\t\tn.push = n;\n\t\t\tn.loaded = !0;\n\t\t\tn.version = '2.0';\n\t\t\tn.queue = [];\n\t\t\tt = b.createElement(e);\n\t\t\tt.async = !0;\n\t\t\tt.src = v;\n\t\t\ts = b.getElementsByTagName(e)[0];\n\t\t\ts.parentNode.insertBefore(t, s)\n\t\t}(window, document, 'script',\n\t\t\t'https:\/\/connect.facebook.net\/en_US\/fbevents.js');\n\t\tfbq('init', '338315473262380');\n\t\tfbq('track', 'PageView');\n\t<\/script><br \/>\n<br \/><br \/>\n<br \/><a href=\"https:\/\/catracalivre.com.br\/cidadania\/sao-paulo-decreta-ponto-facultativo-nesta-terca-feira-por-conta-da-greve\/\">Source link <\/a><\/p>\n<div class='code-block code-block-4' style='margin: 8px auto 8px 0; text-align: left; display: block; clear: both;'>\n\ud83d\udce2 Aviso Legal\n\nO site ismaelcolosi.com.br atua apenas como um canal de divulga\u00e7\u00e3o de oportunidades de emprego e n\u00e3o se responsabiliza pelo processo seletivo, contrata\u00e7\u00e3o ou qualquer outra etapa relacionada \u00e0s vagas publicadas. Todas as informa\u00e7\u00f5es s\u00e3o de responsabilidade dos anunciantes.\n\n\u26a0\ufe0f Aten\u00e7\u00e3o! Nunca pague por promessas de emprego nem compre cursos que garantam contrata\u00e7\u00e3o. Desconfie de qualquer cobran\u00e7a para participar de sele\u00e7\u00f5es.\n\n\n<div data-type=\"_mgwidget\" data-widget-id=\"2000896\">\n<\/div>\n<script>(function(w,q){w[q]=w[q]||[];w[q].push([\"_mgc.load\"])})(window,\"_mgq\");\n<\/script>\n<\/div>\n<!-- CONTENT END 1 -->\n","protected":false},"excerpt":{"rendered":"<p>O Governo de S\u00e3o Paulo determinou ponto facultativo em todos os servi\u00e7os p\u00fablicos estaduais da capital paulista nesta ter\u00e7a-feira, 28. Segundo o governo estadual, a&#8230;<\/p>\n","protected":false},"author":1,"featured_media":7103,"comment_status":"open","ping_status":"open","sticky":false,"template":"","format":"standard","meta":{"_uag_custom_page_level_css":"","jetpack_post_was_ever_published":false,"_jetpack_newsletter_access":"","_jetpack_dont_email_post_to_subs":false,"_jetpack_newsletter_tier_id":0,"_jetpack_memberships_contains_paywalled_content":false,"_jetpack_memberships_contains_paid_content":false,"footnotes":"","jetpack_publicize_message":"","jetpack_publicize_feature_enabled":true,"jetpack_social_post_already_shared":true,"jetpack_social_options":{"image_generator_settings":{"template":"highway","default_image_id":0,"font":"","enabled":false},"version":2}},"categories":[19],"tags":[],"class_list":["post-7102","post","type-post","status-publish","format-standard","has-post-thumbnail","hentry","category-variedades"],"aioseo_notices":[],"jetpack_publicize_connections":[],"jetpack_featured_media_url":"https:\/\/i0.wp.com\/ismaelcolosi.com.br\/wp-content\/uploads\/2023\/11\/metro-sp-greve-fim.jpg?fit=1200%2C638&ssl=1","uagb_featured_image_src":{"full":["https:\/\/i0.wp.com\/ismaelcolosi.com.br\/wp-content\/uploads\/2023\/11\/metro-sp-greve-fim.jpg?fit=1200%2C638&ssl=1",1200,638,false],"thumbnail":["https:\/\/i0.wp.com\/ismaelcolosi.com.br\/wp-content\/uploads\/2023\/11\/metro-sp-greve-fim.jpg?resize=150%2C150&ssl=1",150,150,true],"medium":["https:\/\/i0.wp.com\/ismaelcolosi.com.br\/wp-content\/uploads\/2023\/11\/metro-sp-greve-fim.jpg?fit=300%2C160&ssl=1",300,160,true],"medium_large":["https:\/\/i0.wp.com\/ismaelcolosi.com.br\/wp-content\/uploads\/2023\/11\/metro-sp-greve-fim.jpg?fit=768%2C408&ssl=1",768,408,true],"large":["https:\/\/i0.wp.com\/ismaelcolosi.com.br\/wp-content\/uploads\/2023\/11\/metro-sp-greve-fim.jpg?fit=1024%2C544&ssl=1",1024,544,true],"1536x1536":["https:\/\/i0.wp.com\/ismaelcolosi.com.br\/wp-content\/uploads\/2023\/11\/metro-sp-greve-fim.jpg?fit=1200%2C638&ssl=1",1200,638,true],"2048x2048":["https:\/\/i0.wp.com\/ismaelcolosi.com.br\/wp-content\/uploads\/2023\/11\/metro-sp-greve-fim.jpg?fit=1200%2C638&ssl=1",1200,638,true],"really-simple-thumb":["https:\/\/i0.wp.com\/ismaelcolosi.com.br\/wp-content\/uploads\/2023\/11\/metro-sp-greve-fim.jpg?resize=370%2C247&ssl=1",370,247,true]},"uagb_author_info":{"display_name":"ismaelcolosi.com.br","author_link":"https:\/\/ismaelcolosi.com.br\/index.php\/author\/vidareal-online\/"},"uagb_comment_info":0,"uagb_excerpt":"O Governo de S\u00e3o Paulo determinou ponto facultativo em todos os servi\u00e7os p\u00fablicos estaduais da capital paulista nesta ter\u00e7a-feira, 28. Segundo o governo estadual, a...","jetpack-related-posts":[{"id":7729,"url":"https:\/\/ismaelcolosi.com.br\/index.php\/2023\/11\/28\/saiba-ate-que-horas-vai-a-greve-do-metro-e-cptm-em-sao-paulo\/","url_meta":{"origin":7102,"position":0},"title":"Saiba at\u00e9 que horas vai a greve do Metr\u00f4 e CPTM em S\u00e3o Paulo","author":"ismaelcolosi.com.br","date":"28 de November de 2023","format":false,"excerpt":"Em coletiva de imprensa no in\u00edcio da tarde desta ter\u00e7a-feira, 28, os sindicatos respons\u00e1veis pela greve do Metr\u00f4, CPTM e da Sabesp em S\u00e3o Paulo afirmaram que a paralisa\u00e7\u00e3o ser\u00e1 encerrada no final do dia. O hor\u00e1rio previsto para o fim da paralisa\u00e7\u00e3o \u00e9 \u00e0s 23h59 de hoje. A partir\u2026","rel":"","context":"In &quot;Variedades&quot;","block_context":{"text":"Variedades","link":"https:\/\/ismaelcolosi.com.br\/index.php\/category\/variedades\/"},"img":{"alt_text":"","src":"https:\/\/i0.wp.com\/ismaelcolosi.com.br\/wp-content\/uploads\/2023\/11\/greve-no-metro-governo-vai-a-justica-e-consegue-barrar-catraca-livre.png?fit=1200%2C638&ssl=1&resize=350%2C200","width":350,"height":200,"srcset":"https:\/\/i0.wp.com\/ismaelcolosi.com.br\/wp-content\/uploads\/2023\/11\/greve-no-metro-governo-vai-a-justica-e-consegue-barrar-catraca-livre.png?fit=1200%2C638&ssl=1&resize=350%2C200 1x, https:\/\/i0.wp.com\/ismaelcolosi.com.br\/wp-content\/uploads\/2023\/11\/greve-no-metro-governo-vai-a-justica-e-consegue-barrar-catraca-livre.png?fit=1200%2C638&ssl=1&resize=525%2C300 1.5x, https:\/\/i0.wp.com\/ismaelcolosi.com.br\/wp-content\/uploads\/2023\/11\/greve-no-metro-governo-vai-a-justica-e-consegue-barrar-catraca-livre.png?fit=1200%2C638&ssl=1&resize=700%2C400 2x, https:\/\/i0.wp.com\/ismaelcolosi.com.br\/wp-content\/uploads\/2023\/11\/greve-no-metro-governo-vai-a-justica-e-consegue-barrar-catraca-livre.png?fit=1200%2C638&ssl=1&resize=1050%2C600 3x"},"classes":[]},{"id":21824,"url":"https:\/\/ismaelcolosi.com.br\/index.php\/2023\/12\/28\/veja-a-lista-de-feriados-nacionais-e-pontos-facultativos-em-2024\/","url_meta":{"origin":7102,"position":1},"title":"Veja a lista de feriados nacionais e pontos facultativos em 2024","author":"ismaelcolosi.com.br","date":"28 de December de 2023","format":false,"excerpt":"O governo federal publicou, nesta quinta-feira (28), no Di\u00e1rio Oficial da Uni\u00e3o, os dias de feriados nacionais. Tamb\u00e9m foram estabelecidos os dias de ponto facultativo, para o ano de 2024. De acordo com o Minist\u00e9rio da Gest\u00e3o e da Inova\u00e7\u00e3o em Servi\u00e7os P\u00fablicos, entre as 18 datas comemorativas, oito s\u00e3o\u2026","rel":"","context":"In &quot;Not\u00edcias de Ribeir\u00e3o Preto-SP e Regi\u00e3o&quot;","block_context":{"text":"Not\u00edcias de Ribeir\u00e3o Preto-SP e Regi\u00e3o","link":"https:\/\/ismaelcolosi.com.br\/index.php\/category\/noticias-de-ribeirao-preto-sp-e-regiao-ismael-colosi\/"},"img":{"alt_text":"","src":"https:\/\/i0.wp.com\/ismaelcolosi.com.br\/wp-content\/uploads\/2023\/12\/calendar-gad829f90c_1920.jpg?fit=1200%2C900&ssl=1&resize=350%2C200","width":350,"height":200,"srcset":"https:\/\/i0.wp.com\/ismaelcolosi.com.br\/wp-content\/uploads\/2023\/12\/calendar-gad829f90c_1920.jpg?fit=1200%2C900&ssl=1&resize=350%2C200 1x, https:\/\/i0.wp.com\/ismaelcolosi.com.br\/wp-content\/uploads\/2023\/12\/calendar-gad829f90c_1920.jpg?fit=1200%2C900&ssl=1&resize=525%2C300 1.5x, https:\/\/i0.wp.com\/ismaelcolosi.com.br\/wp-content\/uploads\/2023\/12\/calendar-gad829f90c_1920.jpg?fit=1200%2C900&ssl=1&resize=700%2C400 2x, https:\/\/i0.wp.com\/ismaelcolosi.com.br\/wp-content\/uploads\/2023\/12\/calendar-gad829f90c_1920.jpg?fit=1200%2C900&ssl=1&resize=1050%2C600 3x"},"classes":[]},{"id":7033,"url":"https:\/\/ismaelcolosi.com.br\/index.php\/2023\/11\/27\/veja-quais-linhas-vao-parar-nesta-terca\/","url_meta":{"origin":7102,"position":2},"title":"veja quais linhas v\u00e3o parar nesta ter\u00e7a","author":"ismaelcolosi.com.br","date":"27 de November de 2023","format":false,"excerpt":"A greve de trabalhadores dos servi\u00e7os p\u00fablicos de S\u00e3o Paulo nesta ter\u00e7a-feira, 28, vai afetar o funcionamento de algumas das principais linhas do Metr\u00f4 e da CPTM da capital paulista e regi\u00e3o metropolitana. A categoria \u00e9 contra privatiza\u00e7\u00f5es e terceiriza\u00e7\u00f5es propostas pelo governo estadual. Cr\u00e9ditos: Fernando Fraz\u00e3o\/Ag\u00eancia BrasilGreve do Metr\u00f4\u2026","rel":"","context":"In &quot;Variedades&quot;","block_context":{"text":"Variedades","link":"https:\/\/ismaelcolosi.com.br\/index.php\/category\/variedades\/"},"img":{"alt_text":"","src":"https:\/\/i0.wp.com\/ismaelcolosi.com.br\/wp-content\/uploads\/2023\/11\/metro-opera-com-catraca-livre-apos-governo-de-sp-aceitar-desafio-proposto-por-metroviarios.png?fit=1200%2C638&ssl=1&resize=350%2C200","width":350,"height":200,"srcset":"https:\/\/i0.wp.com\/ismaelcolosi.com.br\/wp-content\/uploads\/2023\/11\/metro-opera-com-catraca-livre-apos-governo-de-sp-aceitar-desafio-proposto-por-metroviarios.png?fit=1200%2C638&ssl=1&resize=350%2C200 1x, https:\/\/i0.wp.com\/ismaelcolosi.com.br\/wp-content\/uploads\/2023\/11\/metro-opera-com-catraca-livre-apos-governo-de-sp-aceitar-desafio-proposto-por-metroviarios.png?fit=1200%2C638&ssl=1&resize=525%2C300 1.5x, https:\/\/i0.wp.com\/ismaelcolosi.com.br\/wp-content\/uploads\/2023\/11\/metro-opera-com-catraca-livre-apos-governo-de-sp-aceitar-desafio-proposto-por-metroviarios.png?fit=1200%2C638&ssl=1&resize=700%2C400 2x, https:\/\/i0.wp.com\/ismaelcolosi.com.br\/wp-content\/uploads\/2023\/11\/metro-opera-com-catraca-livre-apos-governo-de-sp-aceitar-desafio-proposto-por-metroviarios.png?fit=1200%2C638&ssl=1&resize=1050%2C600 3x"},"classes":[]},{"id":55190,"url":"https:\/\/ismaelcolosi.com.br\/index.php\/2024\/07\/01\/9-de-julho-e-feriado-no-interior-de-sp-veja-quem-pode-folgar\/","url_meta":{"origin":7102,"position":3},"title":"9 de julho \u00e9 feriado no interior de SP? Veja quem pode folgar","author":"ismaelcolosi.com.br","date":"1 de July de 2024","format":false,"excerpt":"O dia 9 de julho \u00e9 uma data significativa para o estado de S\u00e3o Paulo, marcando a Revolu\u00e7\u00e3o Constitucionalista de 1932. Algumas pessoas t\u00eam d\u00favidas: \u00e9 feriado? Tenho direito a folga? Confira abaixo: 9 de julho \u00e9 feriado? A resposta \u00e9: sim! A data celebra o movimento da Revolu\u00e7\u00e3o Constitucionalista\u2026","rel":"","context":"In &quot;Not\u00edcias de Ribeir\u00e3o Preto-SP e Regi\u00e3o&quot;","block_context":{"text":"Not\u00edcias de Ribeir\u00e3o Preto-SP e Regi\u00e3o","link":"https:\/\/ismaelcolosi.com.br\/index.php\/category\/noticias-de-ribeirao-preto-sp-e-regiao-ismael-colosi\/"},"img":{"alt_text":"","src":"https:\/\/i0.wp.com\/ismaelcolosi.com.br\/wp-content\/uploads\/2024\/07\/Calendario-Freepik-944x531-1_2024-07-01_13-15-58_jpg_2024-07-01_13-15-58.webp.webp?fit=944%2C531&ssl=1&resize=350%2C200","width":350,"height":200,"srcset":"https:\/\/i0.wp.com\/ismaelcolosi.com.br\/wp-content\/uploads\/2024\/07\/Calendario-Freepik-944x531-1_2024-07-01_13-15-58_jpg_2024-07-01_13-15-58.webp.webp?fit=944%2C531&ssl=1&resize=350%2C200 1x, https:\/\/i0.wp.com\/ismaelcolosi.com.br\/wp-content\/uploads\/2024\/07\/Calendario-Freepik-944x531-1_2024-07-01_13-15-58_jpg_2024-07-01_13-15-58.webp.webp?fit=944%2C531&ssl=1&resize=525%2C300 1.5x, https:\/\/i0.wp.com\/ismaelcolosi.com.br\/wp-content\/uploads\/2024\/07\/Calendario-Freepik-944x531-1_2024-07-01_13-15-58_jpg_2024-07-01_13-15-58.webp.webp?fit=944%2C531&ssl=1&resize=700%2C400 2x"},"classes":[]},{"id":51360,"url":"https:\/\/ismaelcolosi.com.br\/index.php\/2024\/05\/27\/corpus-christi-entenda-se-e-feriado-ou-ponto-facultativo-em-ribeirao-preto\/","url_meta":{"origin":7102,"position":4},"title":"Corpus Christi: Entenda se \u00e9 feriado ou ponto facultativo em Ribeir\u00e3o Preto","author":"ismaelcolosi.com.br","date":"27 de May de 2024","format":false,"excerpt":"O Dia de Corpus Christi, na pr\u00f3xima quinta-feira (30), comemora a institui\u00e7\u00e3o da eucaristia, um sacramento cat\u00f3lico. \u00c9 celebrado sempre 60 dias ap\u00f3s a P\u00e1scoa. Mas, afinal: \u00e9 feriado ou n\u00e3o? Pelo Governo Federal, a data \u00e9 considera ponto facultativo, por\u00e9m, cada munic\u00edpio tem a liberdade de considerar a celebra\u00e7\u00e3o\u2026","rel":"","context":"In &quot;Not\u00edcias de Ribeir\u00e3o Preto-SP e Regi\u00e3o&quot;","block_context":{"text":"Not\u00edcias de Ribeir\u00e3o Preto-SP e Regi\u00e3o","link":"https:\/\/ismaelcolosi.com.br\/index.php\/category\/noticias-de-ribeirao-preto-sp-e-regiao-ismael-colosi\/"},"img":{"alt_text":"","src":"https:\/\/i0.wp.com\/ismaelcolosi.com.br\/wp-content\/uploads\/2024\/05\/Copia-de-Copia-de-TAMANHO-EXATO-PARA-FOTOS-NO-SISTEMA-NOVO-2_2024-05-27_12-36-20_jpg_2024-05-27_12-36-20.webp.webp?fit=1200%2C675&ssl=1&resize=350%2C200","width":350,"height":200,"srcset":"https:\/\/i0.wp.com\/ismaelcolosi.com.br\/wp-content\/uploads\/2024\/05\/Copia-de-Copia-de-TAMANHO-EXATO-PARA-FOTOS-NO-SISTEMA-NOVO-2_2024-05-27_12-36-20_jpg_2024-05-27_12-36-20.webp.webp?fit=1200%2C675&ssl=1&resize=350%2C200 1x, https:\/\/i0.wp.com\/ismaelcolosi.com.br\/wp-content\/uploads\/2024\/05\/Copia-de-Copia-de-TAMANHO-EXATO-PARA-FOTOS-NO-SISTEMA-NOVO-2_2024-05-27_12-36-20_jpg_2024-05-27_12-36-20.webp.webp?fit=1200%2C675&ssl=1&resize=525%2C300 1.5x, https:\/\/i0.wp.com\/ismaelcolosi.com.br\/wp-content\/uploads\/2024\/05\/Copia-de-Copia-de-TAMANHO-EXATO-PARA-FOTOS-NO-SISTEMA-NOVO-2_2024-05-27_12-36-20_jpg_2024-05-27_12-36-20.webp.webp?fit=1200%2C675&ssl=1&resize=700%2C400 2x, https:\/\/i0.wp.com\/ismaelcolosi.com.br\/wp-content\/uploads\/2024\/05\/Copia-de-Copia-de-TAMANHO-EXATO-PARA-FOTOS-NO-SISTEMA-NOVO-2_2024-05-27_12-36-20_jpg_2024-05-27_12-36-20.webp.webp?fit=1200%2C675&ssl=1&resize=1050%2C600 3x"},"classes":[]},{"id":36822,"url":"https:\/\/ismaelcolosi.com.br\/index.php\/2024\/02\/12\/depois-do-carnaval-veja-quais-sao-os-feriados-em-ribeirao-preto\/","url_meta":{"origin":7102,"position":5},"title":"Depois do Carnaval: Veja quais s\u00e3o os feriados em Ribeir\u00e3o Preto","author":"ismaelcolosi.com.br","date":"12 de February de 2024","format":false,"excerpt":"Ap\u00f3s o Carnaval, ainda faltam 18 feriados ou pontos facultativos em Ribeir\u00e3o Preto no ano de 2024 \u2013 lembrando que o Carnaval n\u00e3o \u00e9 feriado e, sim, ponto facultativo. O pr\u00f3ximo feriado ser\u00e1 a Sexta-Feira Santa, que neste ano, ser\u00e1 celebrada no dia 29 de mar\u00e7o. O ano de 2024\u2026","rel":"","context":"In &quot;Not\u00edcias de Ribeir\u00e3o Preto-SP e Regi\u00e3o&quot;","block_context":{"text":"Not\u00edcias de Ribeir\u00e3o Preto-SP e Regi\u00e3o","link":"https:\/\/ismaelcolosi.com.br\/index.php\/category\/noticias-de-ribeirao-preto-sp-e-regiao-ismael-colosi\/"},"img":{"alt_text":"","src":"https:\/\/i0.wp.com\/ismaelcolosi.com.br\/wp-content\/uploads\/2024\/02\/feriado-prolongado.jpg?fit=1200%2C800&ssl=1&resize=350%2C200","width":350,"height":200,"srcset":"https:\/\/i0.wp.com\/ismaelcolosi.com.br\/wp-content\/uploads\/2024\/02\/feriado-prolongado.jpg?fit=1200%2C800&ssl=1&resize=350%2C200 1x, https:\/\/i0.wp.com\/ismaelcolosi.com.br\/wp-content\/uploads\/2024\/02\/feriado-prolongado.jpg?fit=1200%2C800&ssl=1&resize=525%2C300 1.5x, https:\/\/i0.wp.com\/ismaelcolosi.com.br\/wp-content\/uploads\/2024\/02\/feriado-prolongado.jpg?fit=1200%2C800&ssl=1&resize=700%2C400 2x, https:\/\/i0.wp.com\/ismaelcolosi.com.br\/wp-content\/uploads\/2024\/02\/feriado-prolongado.jpg?fit=1200%2C800&ssl=1&resize=1050%2C600 3x"},"classes":[]}],"jetpack_sharing_enabled":true,"jetpack_shortlink":"https:\/\/wp.me\/pfMlyK-1Qy","_links":{"self":[{"href":"https:\/\/ismaelcolosi.com.br\/index.php\/wp-json\/wp\/v2\/posts\/7102","targetHints":{"allow":["GET"]}}],"collection":[{"href":"https:\/\/ismaelcolosi.com.br\/index.php\/wp-json\/wp\/v2\/posts"}],"about":[{"href":"https:\/\/ismaelcolosi.com.br\/index.php\/wp-json\/wp\/v2\/types\/post"}],"author":[{"embeddable":true,"href":"https:\/\/ismaelcolosi.com.br\/index.php\/wp-json\/wp\/v2\/users\/1"}],"replies":[{"embeddable":true,"href":"https:\/\/ismaelcolosi.com.br\/index.php\/wp-json\/wp\/v2\/comments?post=7102"}],"version-history":[{"count":0,"href":"https:\/\/ismaelcolosi.com.br\/index.php\/wp-json\/wp\/v2\/posts\/7102\/revisions"}],"wp:featuredmedia":[{"embeddable":true,"href":"https:\/\/ismaelcolosi.com.br\/index.php\/wp-json\/wp\/v2\/media\/7103"}],"wp:attachment":[{"href":"https:\/\/ismaelcolosi.com.br\/index.php\/wp-json\/wp\/v2\/media?parent=7102"}],"wp:term":[{"taxonomy":"category","embeddable":true,"href":"https:\/\/ismaelcolosi.com.br\/index.php\/wp-json\/wp\/v2\/categories?post=7102"},{"taxonomy":"post_tag","embeddable":true,"href":"https:\/\/ismaelcolosi.com.br\/index.php\/wp-json\/wp\/v2\/tags?post=7102"}],"curies":[{"name":"wp","href":"https:\/\/api.w.org\/{rel}","templated":true}]}}