{"id":70975,"date":"2024-10-14T12:37:01","date_gmt":"2024-10-14T15:37:01","guid":{"rendered":"https:\/\/ismaelcolosi.com.br\/index.php\/2024\/10\/14\/tres-vitimas-de-explosao-em-industria-quimica-seguem-internadas-no-hc-ribeirao\/"},"modified":"2024-10-14T12:37:01","modified_gmt":"2024-10-14T15:37:01","slug":"tres-vitimas-de-explosao-em-industria-quimica-seguem-internadas-no-hc-ribeirao","status":"publish","type":"post","link":"https:\/\/ismaelcolosi.com.br\/index.php\/2024\/10\/14\/tres-vitimas-de-explosao-em-industria-quimica-seguem-internadas-no-hc-ribeirao\/","title":{"rendered":"Tr\u00eas v\u00edtimas de explos\u00e3o em ind\u00fastria qu\u00edmica seguem internadas no HC Ribeir\u00e3o"},"content":{"rendered":"<p> <br \/>\n<\/p>\n<div data-td-block-uid=\"tdi_106\">\n<div class=\"tdb-block-inner td-fix-index\">\n<p>O<strong> HC-UE (Hospital das Cl\u00ednicas \u2013 Unidade de Emerg\u00eancia) de Ribeir\u00e3o Preto <\/strong>informou que <mark style=\"background-color:#fcb900\" class=\"has-inline-color has-black-color\">tr\u00eas v\u00edtimas da explos\u00e3o em ind\u00fastria qu\u00edmica em <strong>Sert\u00e3ozinho<\/strong> seguem internadas na unidade<\/mark>. O acidente aconteceu na tarde da \u00faltima sexta-feira (11). O estado de sa\u00fade delas n\u00e3o foi informado.<\/p>\n<p>Em nota, o hospital informou que outras seis pessoas, incluindo tr\u00eas crian\u00e7as, j\u00e1 receberam altas. Segundo o HC-UE, os pacientes foram recebidos por 15 m\u00e9dicos, 10 enfermeiros, t\u00e9cnicos de enfermagem, fisioterapeutas e assistentes sociais da Unidade de Queimados.<\/p>\n<h4 class=\"wp-block-heading\"><strong>A explos\u00e3o<\/strong><\/h4>\n<p>A Innove Qu\u00edmica Ind\u00fastria afirma que o inc\u00eandio come\u00e7ou em um ve\u00edculo de empresa terceirizada, quando realizava o manejo do transbordo de produtos qu\u00edmicos utilizados na linha de produ\u00e7\u00e3o. \u00a0As causas do inc\u00eandio ser\u00e3o investigadas.<\/p>\n<p>\u201cA Innove informa que imediatamente prestou todo o suporte para as v\u00edtimas diretas e indiretas do acidente, bem como alocou em um hotel da cidade todos os moradores que tiveram suas resid\u00eancias interditadas pela Defesa Civil e tamb\u00e9m aqueles que foram afetados indiretamente pelo evento, fornecendo a todos alimenta\u00e7\u00e3o adequada de roupas para os que delas necessitavam\u201d, afirma comunicado.<\/p>\n<p>SAIBA MAIS<br \/>Prefeitura no interior de SP abre concurso com sal\u00e1rios de at\u00e9 R$ 12 mil<\/p>\n<h4 class=\"wp-block-heading\"><strong>FIQUE ON<\/strong><\/h4>\n<p>Fique ligado em tudo que acontece em Ribeir\u00e3o Preto e regi\u00e3o. Siga os perfis do<strong> acidade on<\/strong> no <a href=\"https:\/\/www.instagram.com\/acidadeonribeirao\" target=\"_blank\" rel=\"noreferrer noopener nofollow\">Instagram <\/a>e no <a href=\"https:\/\/www.facebook.com\/acidadeonribeirao\/\" target=\"_blank\" rel=\"noreferrer noopener nofollow\">Facebook<\/a>.<\/p>\n<p>Receba not\u00edcias do <strong>acidade on <\/strong>no WhatsApp. <a href=\"https:\/\/chat.whatsapp.com\/Fg4ok3aAVyB59DP63pRapr\" target=\"_blank\" rel=\"noreferrer noopener nofollow\">Para entrar no grupo, basta clicar aqui.<\/a><\/p>\n<p>Fa\u00e7a uma den\u00fancia ou sugira uma reportagem sobre Ribeir\u00e3o Preto e regi\u00e3o pelo WhatsApp: 16 99117 7802.<\/p>\n<p>VEJA TAMB\u00c9M<br \/>Pix est\u00e1 fora do ar?<\/p>\n<p><!-- CONTENT END 1 -->\n<\/div>\n<\/div>\n<p><script async src=\"\/\/www.instagram.com\/embed.js\"><\/script><br \/>\n<br \/><br \/>\n<br \/><a href=\"https:\/\/www.acidadeon.com\/ribeiraopreto\/cotidiano\/tres-vitimas-de-explosao-em-industria-quimica-seguem-internadas-no-hc-ribeirao\/\">Source link <\/a><\/p>\n","protected":false},"excerpt":{"rendered":"<p>O HC-UE (Hospital das Cl\u00ednicas \u2013 Unidade de Emerg\u00eancia) de Ribeir\u00e3o Preto informou que tr\u00eas v\u00edtimas da explos\u00e3o em ind\u00fastria qu\u00edmica em Sert\u00e3ozinho seguem internadas&#8230;<\/p>\n","protected":false},"author":1,"featured_media":70621,"comment_status":"open","ping_status":"open","sticky":false,"template":"","format":"standard","meta":{"_uag_custom_page_level_css":"","advanced_seo_description":"","jetpack_seo_html_title":"","jetpack_seo_noindex":false,"jetpack_post_was_ever_published":false,"_jetpack_newsletter_access":"","_jetpack_dont_email_post_to_subs":false,"_jetpack_newsletter_tier_id":0,"_jetpack_memberships_contains_paywalled_content":false,"_jetpack_memberships_contains_paid_content":false,"footnotes":"","jetpack_publicize_message":"","jetpack_publicize_feature_enabled":true,"jetpack_social_post_already_shared":true,"jetpack_social_options":{"image_generator_settings":{"template":"highway","default_image_id":0,"font":"","enabled":false},"version":2}},"categories":[11],"tags":[],"class_list":["post-70975","post","type-post","status-publish","format-standard","has-post-thumbnail","hentry","category-noticias-de-ribeirao-preto-sp-e-regiao-ismael-colosi"],"jetpack_publicize_connections":[],"jetpack_featured_media_url":"https:\/\/i0.wp.com\/ismaelcolosi.com.br\/wp-content\/uploads\/2024\/10\/WhatsApp-Image-2024-10-11-at-15.37.58_2024-10-11_18-45-56_jpeg_2024-10-11_18-45-57-scaled.webp.webp?fit=2560%2C1920&ssl=1","uagb_featured_image_src":{"full":["https:\/\/i0.wp.com\/ismaelcolosi.com.br\/wp-content\/uploads\/2024\/10\/WhatsApp-Image-2024-10-11-at-15.37.58_2024-10-11_18-45-56_jpeg_2024-10-11_18-45-57-scaled.webp.webp?fit=2560%2C1920&ssl=1",2560,1920,false],"thumbnail":["https:\/\/i0.wp.com\/ismaelcolosi.com.br\/wp-content\/uploads\/2024\/10\/WhatsApp-Image-2024-10-11-at-15.37.58_2024-10-11_18-45-56_jpeg_2024-10-11_18-45-57-scaled.webp.webp?resize=150%2C150&ssl=1",150,150,true],"medium":["https:\/\/i0.wp.com\/ismaelcolosi.com.br\/wp-content\/uploads\/2024\/10\/WhatsApp-Image-2024-10-11-at-15.37.58_2024-10-11_18-45-56_jpeg_2024-10-11_18-45-57-scaled.webp.webp?fit=300%2C225&ssl=1",300,225,true],"medium_large":["https:\/\/i0.wp.com\/ismaelcolosi.com.br\/wp-content\/uploads\/2024\/10\/WhatsApp-Image-2024-10-11-at-15.37.58_2024-10-11_18-45-56_jpeg_2024-10-11_18-45-57-scaled.webp.webp?fit=768%2C576&ssl=1",768,576,true],"large":["https:\/\/i0.wp.com\/ismaelcolosi.com.br\/wp-content\/uploads\/2024\/10\/WhatsApp-Image-2024-10-11-at-15.37.58_2024-10-11_18-45-56_jpeg_2024-10-11_18-45-57-scaled.webp.webp?fit=1024%2C768&ssl=1",1024,768,true],"1536x1536":["https:\/\/i0.wp.com\/ismaelcolosi.com.br\/wp-content\/uploads\/2024\/10\/WhatsApp-Image-2024-10-11-at-15.37.58_2024-10-11_18-45-56_jpeg_2024-10-11_18-45-57-scaled.webp.webp?fit=1536%2C1152&ssl=1",1536,1152,true],"2048x2048":["https:\/\/i0.wp.com\/ismaelcolosi.com.br\/wp-content\/uploads\/2024\/10\/WhatsApp-Image-2024-10-11-at-15.37.58_2024-10-11_18-45-56_jpeg_2024-10-11_18-45-57-scaled.webp.webp?fit=2048%2C1536&ssl=1",2048,1536,true],"really-simple-thumb":["https:\/\/i0.wp.com\/ismaelcolosi.com.br\/wp-content\/uploads\/2024\/10\/WhatsApp-Image-2024-10-11-at-15.37.58_2024-10-11_18-45-56_jpeg_2024-10-11_18-45-57-scaled.webp.webp?resize=370%2C247&ssl=1",370,247,true]},"uagb_author_info":{"display_name":"ismaelcolosi.com.br","author_link":"https:\/\/ismaelcolosi.com.br\/index.php\/author\/vidareal-online\/"},"uagb_comment_info":0,"uagb_excerpt":"O HC-UE (Hospital das Cl\u00ednicas \u2013 Unidade de Emerg\u00eancia) de Ribeir\u00e3o Preto informou que tr\u00eas v\u00edtimas da explos\u00e3o em ind\u00fastria qu\u00edmica em Sert\u00e3ozinho seguem internadas...","jetpack-related-posts":[{"id":71402,"url":"https:\/\/ismaelcolosi.com.br\/index.php\/2024\/10\/16\/morre-vitima-de-explosao-em-industria-quimica-de-sertaozinho\/","url_meta":{"origin":70975,"position":0},"title":"Morre v\u00edtima de explos\u00e3o em ind\u00fastria qu\u00edmica de Sert\u00e3ozinho","author":"ismaelcolosi.com.br","date":"16 de October de 2024","format":false,"excerpt":"Um homem de 27 anos, v\u00edtima da explos\u00e3o em ind\u00fastria qu\u00edmica de\u00a0Sert\u00e3ozinho, na regi\u00e3o de Ribeir\u00e3o Preto, morreu na madrugada desta quarta-feira (16). O Hospital das Cl\u00ednicas \u2013 Unidade de Emerg\u00eancia (HC-UE) confirmou o falecimento de Estev\u00e3o Felisberto Campanini, ocorrido \u00e0s 3h28. Outras tr\u00eas v\u00edtimas ainda seguiam internadas, das quais\u2026","rel":"","context":"In &quot;Not\u00edcias de Ribeir\u00e3o Preto-SP e Regi\u00e3o&quot;","block_context":{"text":"Not\u00edcias de Ribeir\u00e3o Preto-SP e Regi\u00e3o","link":"https:\/\/ismaelcolosi.com.br\/index.php\/category\/noticias-de-ribeirao-preto-sp-e-regiao-ismael-colosi\/"},"img":{"alt_text":"","src":"https:\/\/i0.wp.com\/ismaelcolosi.com.br\/wp-content\/uploads\/2024\/10\/hcue_hospital_500x320_08052018121430.jpg?fit=500%2C322&ssl=1&resize=350%2C200","width":350,"height":200},"classes":[]},{"id":70758,"url":"https:\/\/ismaelcolosi.com.br\/index.php\/2024\/10\/12\/o-que-se-sabe-sobre-explosao-que-provocou-incendio-em-industria-quimica\/","url_meta":{"origin":70975,"position":1},"title":"O que se sabe sobre explos\u00e3o que provocou inc\u00eandio em ind\u00fastria qu\u00edmica","author":"ismaelcolosi.com.br","date":"12 de October de 2024","format":false,"excerpt":"Os respons\u00e1veis pela ind\u00fastria que sofreu com inc\u00eandio em Sert\u00e3ozinho, na regi\u00e3o de Ribeir\u00e3o Preto, na tarde de sexta-feira (11), afirmou nesta s\u00e1bado (12) que as explos\u00f5es come\u00e7aram em um caminh\u00e3o, o que desencadeou uma onda de choque e explos\u00f5es. A Innove Qu\u00edmica Ind\u00fastria afirma que o inc\u00eandio come\u00e7ou em\u2026","rel":"","context":"In &quot;Not\u00edcias de Ribeir\u00e3o Preto-SP e Regi\u00e3o&quot;","block_context":{"text":"Not\u00edcias de Ribeir\u00e3o Preto-SP e Regi\u00e3o","link":"https:\/\/ismaelcolosi.com.br\/index.php\/category\/noticias-de-ribeirao-preto-sp-e-regiao-ismael-colosi\/"},"img":{"alt_text":"","src":"https:\/\/i0.wp.com\/ismaelcolosi.com.br\/wp-content\/uploads\/2024\/10\/fogo-industria-sertaozinho_2024-10-12_19-00-06_jpg_2024-10-12_19-00-07.webp.webp?fit=1200%2C739&ssl=1&resize=350%2C200","width":350,"height":200,"srcset":"https:\/\/i0.wp.com\/ismaelcolosi.com.br\/wp-content\/uploads\/2024\/10\/fogo-industria-sertaozinho_2024-10-12_19-00-06_jpg_2024-10-12_19-00-07.webp.webp?fit=1200%2C739&ssl=1&resize=350%2C200 1x, https:\/\/i0.wp.com\/ismaelcolosi.com.br\/wp-content\/uploads\/2024\/10\/fogo-industria-sertaozinho_2024-10-12_19-00-06_jpg_2024-10-12_19-00-07.webp.webp?fit=1200%2C739&ssl=1&resize=525%2C300 1.5x, https:\/\/i0.wp.com\/ismaelcolosi.com.br\/wp-content\/uploads\/2024\/10\/fogo-industria-sertaozinho_2024-10-12_19-00-06_jpg_2024-10-12_19-00-07.webp.webp?fit=1200%2C739&ssl=1&resize=700%2C400 2x, https:\/\/i0.wp.com\/ismaelcolosi.com.br\/wp-content\/uploads\/2024\/10\/fogo-industria-sertaozinho_2024-10-12_19-00-06_jpg_2024-10-12_19-00-07.webp.webp?fit=1200%2C739&ssl=1&resize=1050%2C600 3x"},"classes":[]},{"id":71597,"url":"https:\/\/ismaelcolosi.com.br\/index.php\/2024\/10\/17\/morre-2a-vitima-de-explosao-em-industria-quimica-de-sertaozinho\/","url_meta":{"origin":70975,"position":2},"title":"Morre 2\u00aa v\u00edtima de explos\u00e3o em ind\u00fastria qu\u00edmica de Sert\u00e3ozinho","author":"ismaelcolosi.com.br","date":"17 de October de 2024","format":false,"excerpt":"Morreu na madrugada desta quinta-feira (17) a segunda v\u00edtima da explos\u00e3o em ind\u00fastria qu\u00edmica de\u00a0Sert\u00e3ozinho, na regi\u00e3o de Ribeir\u00e3o Preto. Segundo informa\u00e7\u00f5es, Aparecido Ol\u00edmpio Bernardino, de 67 anos, estava internado no Hospital das Cl\u00ednicas \u2013 Unidade de Emerg\u00eancia (HC-UE). *Not\u00edcia em atualiza\u00e7\u00e3o Source link","rel":"","context":"In &quot;Not\u00edcias de Ribeir\u00e3o Preto-SP e Regi\u00e3o&quot;","block_context":{"text":"Not\u00edcias de Ribeir\u00e3o Preto-SP e Regi\u00e3o","link":"https:\/\/ismaelcolosi.com.br\/index.php\/category\/noticias-de-ribeirao-preto-sp-e-regiao-ismael-colosi\/"},"img":{"alt_text":"","src":"https:\/\/i0.wp.com\/ismaelcolosi.com.br\/wp-content\/uploads\/2024\/10\/Sem-titulo_2024-10-11_17-37-36_png_2024-10-11_17-37-37.webp.webp?fit=1200%2C678&ssl=1&resize=350%2C200","width":350,"height":200,"srcset":"https:\/\/i0.wp.com\/ismaelcolosi.com.br\/wp-content\/uploads\/2024\/10\/Sem-titulo_2024-10-11_17-37-36_png_2024-10-11_17-37-37.webp.webp?fit=1200%2C678&ssl=1&resize=350%2C200 1x, https:\/\/i0.wp.com\/ismaelcolosi.com.br\/wp-content\/uploads\/2024\/10\/Sem-titulo_2024-10-11_17-37-36_png_2024-10-11_17-37-37.webp.webp?fit=1200%2C678&ssl=1&resize=525%2C300 1.5x, https:\/\/i0.wp.com\/ismaelcolosi.com.br\/wp-content\/uploads\/2024\/10\/Sem-titulo_2024-10-11_17-37-36_png_2024-10-11_17-37-37.webp.webp?fit=1200%2C678&ssl=1&resize=700%2C400 2x, https:\/\/i0.wp.com\/ismaelcolosi.com.br\/wp-content\/uploads\/2024\/10\/Sem-titulo_2024-10-11_17-37-36_png_2024-10-11_17-37-37.webp.webp?fit=1200%2C678&ssl=1&resize=1050%2C600 3x"},"classes":[]},{"id":70620,"url":"https:\/\/ismaelcolosi.com.br\/index.php\/2024\/10\/11\/trinta-pessoas-sao-socorridas-apos-incendio-em-industria-quimica-de-sertaozinho\/","url_meta":{"origin":70975,"position":3},"title":"Trinta pessoas s\u00e3o socorridas ap\u00f3s inc\u00eandio em ind\u00fastria qu\u00edmica de Sert\u00e3ozinho","author":"ismaelcolosi.com.br","date":"11 de October de 2024","format":false,"excerpt":"A Secretaria de Sa\u00fade de Sert\u00e3ozinho confirmou trinta v\u00edtimas da explos\u00e3o que atinge uma ind\u00fastria qu\u00edmica, na tarde desta sexta-feira (11), no munic\u00edpio. Em nota, o departamento informou que quatro desses casos s\u00e3o considerados graves. As v\u00edtimas foram estabilizadas e, assim que poss\u00edvel, ser\u00e3o encaminhadas para hospitais de maior refer\u00eancia\u2026","rel":"","context":"In &quot;Not\u00edcias de Ribeir\u00e3o Preto-SP e Regi\u00e3o&quot;","block_context":{"text":"Not\u00edcias de Ribeir\u00e3o Preto-SP e Regi\u00e3o","link":"https:\/\/ismaelcolosi.com.br\/index.php\/category\/noticias-de-ribeirao-preto-sp-e-regiao-ismael-colosi\/"},"img":{"alt_text":"","src":"https:\/\/i0.wp.com\/ismaelcolosi.com.br\/wp-content\/uploads\/2024\/10\/WhatsApp-Image-2024-10-11-at-15.37.58_2024-10-11_18-45-56_jpeg_2024-10-11_18-45-57-scaled.webp.webp?fit=1200%2C900&ssl=1&resize=350%2C200","width":350,"height":200,"srcset":"https:\/\/i0.wp.com\/ismaelcolosi.com.br\/wp-content\/uploads\/2024\/10\/WhatsApp-Image-2024-10-11-at-15.37.58_2024-10-11_18-45-56_jpeg_2024-10-11_18-45-57-scaled.webp.webp?fit=1200%2C900&ssl=1&resize=350%2C200 1x, https:\/\/i0.wp.com\/ismaelcolosi.com.br\/wp-content\/uploads\/2024\/10\/WhatsApp-Image-2024-10-11-at-15.37.58_2024-10-11_18-45-56_jpeg_2024-10-11_18-45-57-scaled.webp.webp?fit=1200%2C900&ssl=1&resize=525%2C300 1.5x, https:\/\/i0.wp.com\/ismaelcolosi.com.br\/wp-content\/uploads\/2024\/10\/WhatsApp-Image-2024-10-11-at-15.37.58_2024-10-11_18-45-56_jpeg_2024-10-11_18-45-57-scaled.webp.webp?fit=1200%2C900&ssl=1&resize=700%2C400 2x, https:\/\/i0.wp.com\/ismaelcolosi.com.br\/wp-content\/uploads\/2024\/10\/WhatsApp-Image-2024-10-11-at-15.37.58_2024-10-11_18-45-56_jpeg_2024-10-11_18-45-57-scaled.webp.webp?fit=1200%2C900&ssl=1&resize=1050%2C600 3x"},"classes":[]},{"id":72352,"url":"https:\/\/ismaelcolosi.com.br\/index.php\/2024\/10\/21\/cetesb-aplica-multa-milionaria-em-industria-quimica-de-sertaozinho\/","url_meta":{"origin":70975,"position":4},"title":"Cetesb aplica multa milion\u00e1ria em ind\u00fastria qu\u00edmica de Sert\u00e3ozinho","author":"ismaelcolosi.com.br","date":"21 de October de 2024","format":false,"excerpt":"A Cetesb (Companhia Ambiental do Estado de S\u00e3o Paulo) aplicou uma multa no valor de R$ 16,75 milh\u00f5es \u00e0 ind\u00fastria qu\u00edmica de Sert\u00e3ozinho, na regi\u00e3o de Ribeir\u00e3o Preto, por danos ambientais causados pela explos\u00e3o ocorrida no \u00faltimo dia 18 de agosto. Tr\u00eas pessoas morream. Segundo o \u00f3rg\u00e3o, foram considerados como\u2026","rel":"","context":"In &quot;Not\u00edcias de Ribeir\u00e3o Preto-SP e Regi\u00e3o&quot;","block_context":{"text":"Not\u00edcias de Ribeir\u00e3o Preto-SP e Regi\u00e3o","link":"https:\/\/ismaelcolosi.com.br\/index.php\/category\/noticias-de-ribeirao-preto-sp-e-regiao-ismael-colosi\/"},"img":{"alt_text":"","src":"https:\/\/i0.wp.com\/ismaelcolosi.com.br\/wp-content\/uploads\/2024\/10\/Sem-titulo_2024-10-11_17-37-36_png_2024-10-11_17-37-37.webp.webp?fit=1200%2C678&ssl=1&resize=350%2C200","width":350,"height":200,"srcset":"https:\/\/i0.wp.com\/ismaelcolosi.com.br\/wp-content\/uploads\/2024\/10\/Sem-titulo_2024-10-11_17-37-36_png_2024-10-11_17-37-37.webp.webp?fit=1200%2C678&ssl=1&resize=350%2C200 1x, https:\/\/i0.wp.com\/ismaelcolosi.com.br\/wp-content\/uploads\/2024\/10\/Sem-titulo_2024-10-11_17-37-36_png_2024-10-11_17-37-37.webp.webp?fit=1200%2C678&ssl=1&resize=525%2C300 1.5x, https:\/\/i0.wp.com\/ismaelcolosi.com.br\/wp-content\/uploads\/2024\/10\/Sem-titulo_2024-10-11_17-37-36_png_2024-10-11_17-37-37.webp.webp?fit=1200%2C678&ssl=1&resize=700%2C400 2x, https:\/\/i0.wp.com\/ismaelcolosi.com.br\/wp-content\/uploads\/2024\/10\/Sem-titulo_2024-10-11_17-37-36_png_2024-10-11_17-37-37.webp.webp?fit=1200%2C678&ssl=1&resize=1050%2C600 3x"},"classes":[]},{"id":71552,"url":"https:\/\/ismaelcolosi.com.br\/index.php\/2024\/10\/16\/sensacao-de-tempestade-de-areia-diz-vitima-de-explosao-em-industria-quimica-em-sertaozinho\/","url_meta":{"origin":70975,"position":5},"title":"&#8216;Sensa\u00e7\u00e3o de tempestade de areia&#8217;, diz v\u00edtima de explos\u00e3o em ind\u00fastria qu\u00edmica em Sert\u00e3ozinho","author":"ismaelcolosi.com.br","date":"16 de October de 2024","format":false,"excerpt":"Nesta quarta-feira (16), uma das tr\u00eas v\u00edtimas do\u00a0acidente em uma f\u00e1brica de produtos qu\u00edmicos em Sert\u00e3ozinho, na regi\u00e3o de Ribeir\u00e3o Preto, relatou o que viveu na \u00faltima sexta-feira (11). Em v\u00eddeo gravado para a EPTV, Rog\u00e9rio Soares conta que estava descarregando o caminh\u00e3o quando ouviu um barulho e um amigo\u2026","rel":"","context":"In &quot;Not\u00edcias de Ribeir\u00e3o Preto-SP e Regi\u00e3o&quot;","block_context":{"text":"Not\u00edcias de Ribeir\u00e3o Preto-SP e Regi\u00e3o","link":"https:\/\/ismaelcolosi.com.br\/index.php\/category\/noticias-de-ribeirao-preto-sp-e-regiao-ismael-colosi\/"},"img":{"alt_text":"","src":"https:\/\/i0.wp.com\/ismaelcolosi.com.br\/wp-content\/uploads\/2024\/10\/Sem-titulo_2024-10-16_23-33-30_png_2024-10-16_23-33-30.webp.webp?fit=1200%2C603&ssl=1&resize=350%2C200","width":350,"height":200,"srcset":"https:\/\/i0.wp.com\/ismaelcolosi.com.br\/wp-content\/uploads\/2024\/10\/Sem-titulo_2024-10-16_23-33-30_png_2024-10-16_23-33-30.webp.webp?fit=1200%2C603&ssl=1&resize=350%2C200 1x, https:\/\/i0.wp.com\/ismaelcolosi.com.br\/wp-content\/uploads\/2024\/10\/Sem-titulo_2024-10-16_23-33-30_png_2024-10-16_23-33-30.webp.webp?fit=1200%2C603&ssl=1&resize=525%2C300 1.5x, https:\/\/i0.wp.com\/ismaelcolosi.com.br\/wp-content\/uploads\/2024\/10\/Sem-titulo_2024-10-16_23-33-30_png_2024-10-16_23-33-30.webp.webp?fit=1200%2C603&ssl=1&resize=700%2C400 2x, https:\/\/i0.wp.com\/ismaelcolosi.com.br\/wp-content\/uploads\/2024\/10\/Sem-titulo_2024-10-16_23-33-30_png_2024-10-16_23-33-30.webp.webp?fit=1200%2C603&ssl=1&resize=1050%2C600 3x"},"classes":[]}],"jetpack_sharing_enabled":true,"jetpack_shortlink":"https:\/\/wp.me\/pfMlyK-isL","_links":{"self":[{"href":"https:\/\/ismaelcolosi.com.br\/index.php\/wp-json\/wp\/v2\/posts\/70975","targetHints":{"allow":["GET"]}}],"collection":[{"href":"https:\/\/ismaelcolosi.com.br\/index.php\/wp-json\/wp\/v2\/posts"}],"about":[{"href":"https:\/\/ismaelcolosi.com.br\/index.php\/wp-json\/wp\/v2\/types\/post"}],"author":[{"embeddable":true,"href":"https:\/\/ismaelcolosi.com.br\/index.php\/wp-json\/wp\/v2\/users\/1"}],"replies":[{"embeddable":true,"href":"https:\/\/ismaelcolosi.com.br\/index.php\/wp-json\/wp\/v2\/comments?post=70975"}],"version-history":[{"count":0,"href":"https:\/\/ismaelcolosi.com.br\/index.php\/wp-json\/wp\/v2\/posts\/70975\/revisions"}],"wp:featuredmedia":[{"embeddable":true,"href":"https:\/\/ismaelcolosi.com.br\/index.php\/wp-json\/wp\/v2\/media\/70621"}],"wp:attachment":[{"href":"https:\/\/ismaelcolosi.com.br\/index.php\/wp-json\/wp\/v2\/media?parent=70975"}],"wp:term":[{"taxonomy":"category","embeddable":true,"href":"https:\/\/ismaelcolosi.com.br\/index.php\/wp-json\/wp\/v2\/categories?post=70975"},{"taxonomy":"post_tag","embeddable":true,"href":"https:\/\/ismaelcolosi.com.br\/index.php\/wp-json\/wp\/v2\/tags?post=70975"}],"curies":[{"name":"wp","href":"https:\/\/api.w.org\/{rel}","templated":true}]}}