{"id":70961,"date":"2024-10-14T11:42:53","date_gmt":"2024-10-14T14:42:53","guid":{"rendered":"https:\/\/ismaelcolosi.com.br\/index.php\/2024\/10\/14\/veja-o-que-e-importancia-e-mais\/"},"modified":"2024-10-14T11:42:53","modified_gmt":"2024-10-14T14:42:53","slug":"veja-o-que-e-importancia-e-mais","status":"publish","type":"post","link":"https:\/\/ismaelcolosi.com.br\/index.php\/2024\/10\/14\/veja-o-que-e-importancia-e-mais\/","title":{"rendered":"veja o que \u00e9, import\u00e2ncia e mais"},"content":{"rendered":"<p> <br \/>\n<\/p>\n<div>\n<p>Uma grande dificuldade enfrentada por milhares de brasileiros \u00e9 encontrar um ambiente de trabalho saud\u00e1vel, pois muitos acabam levando demandas de trabalho para momentos de descanso, assim, sacrificam momentos de lazer e de conv\u00edvio familiar. Foi nesse sentido que o conceito work-life balance surgiu, buscando equilibrar o trabalho com a vida pessoal.<\/p>\n<p>Neste artigo, vamos explorar as principais caracter\u00edsticas desta pr\u00e1tica, incluindo seu conceito, import\u00e2ncia, desafios e dicas pr\u00e1ticas para alcan\u00e7ar um equil\u00edbrio saud\u00e1vel entre trabalho e vida pessoal. Est\u00e3o preparados? Continue rolando a tela e confira o conte\u00fado completo!<\/p>\n<nav class=\"toc-container  active\">\n<hr\/>\n<\/nav>\n<h2 class=\"wp-block-heading\" id=\"1_O_que_e_work-life_balance\">1. O que \u00e9 work-life balance?<\/h2>\n<p>O termo \u201cwork-life balance\u201d significa, em portugu\u00eas, \u201cequil\u00edbrio entre trabalho e vida pessoal\u201d. Como a pr\u00f3pria palavra indica, ele se refere a pr\u00e1ticas adotadas por um profissional para conciliar, de maneira saud\u00e1vel e equilibrada, o trabalho e a vida pessoal, afinal, as duas coisas precisam andar em harmonia.<\/p>\n<p>Uma mat\u00e9ria publicada no site da BBC News revela que, a cada ano, aproximadamente 750 mil pessoas perdem a vida devido a doen\u00e7as card\u00edacas isqu\u00eamicas e derrames por conta das longas jornadas de trabalho. Al\u00e9m disso, os transtornos relacionados ao excesso de trabalho est\u00e3o cada vez mais frequentes, incluindo ansiedade, crises de p\u00e2nico e burnout.<\/p>\n<p>Por esse motivo, \u00e9 um fator primordial que empresas e colaboradores tenham pr\u00e1ticas que promovam o\u00a0<strong>equil\u00edbrio entre trabalho e vida pessoal<\/strong>. Afinal, funcion\u00e1rios que seguem essa metodologia tendem a serem mais satisfeitos e engajados com o trabalho, o que, consequentemente, aumenta a produtividade.<\/p>\n<blockquote class=\"wp-block-quote is-layout-flow wp-block-quote-is-layout-flow\">\n<p>\ud83d\udca1<strong>Leia tamb\u00e9m:<\/strong> Entenda\u00a0o que \u00e9 escuta ativa\u00a0e aprenda t\u00e9cnicas para usar no trabalho.<\/p>\n<\/blockquote>\n<h2 class=\"wp-block-heading\" id=\"2_Por_que_o_work-life_balance_e_importante\">2. Por que o work-life balance \u00e9 importante?<\/h2>\n<p>Implementar o work-life balance na cultura organizacional n\u00e3o s\u00f3 beneficia os colaboradores individualmente, mas tamb\u00e9m a empresa como um todo. Funcion\u00e1rios que conseguem encontrar esse equil\u00edbrio tendem a se sentir mais motivados e revitalizados, o que se reflete em um desempenho mais eficaz e em um ambiente de trabalho mais produtivo.<\/p>\n<p>Saiba mais detalhes sobre a import\u00e2ncia desta pr\u00e1tica para os colaboradores e para a empresa:<\/p>\n<h3 class=\"wp-block-heading\" id=\"Para_o_colaborador\">Para o colaborador<\/h3>\n<p>O work-life balance \u00e9 algo indispens\u00e1vel para qualquer colaborador. A cada dia, muitos procuram esse requisito no mercado de trabalho, afinal, a sa\u00fade mental, o aumento da motiva\u00e7\u00e3o e o descanso s\u00e3o pontos indispens\u00e1veis para uma carreira saud\u00e1vel e promissora. Saiba mais:<\/p>\n<ul class=\"wp-block-list\">\n<li><strong>Redu\u00e7\u00e3o do burnout<\/strong>: o work-life balance ajuda a prevenir o esgotamento profissional, contribuindo para um ambiente de trabalho mais sustent\u00e1vel e saud\u00e1vel;<\/li>\n<li><strong>Aumento da motiva\u00e7\u00e3o<\/strong>: quando os colaboradores sentem que suas necessidades pessoais s\u00e3o valorizadas, eles se tornam mais motivados e engajados em suas fun\u00e7\u00f5es;<\/li>\n<li><strong>Melhoria na produtividade<\/strong>: o descanso adequado e o tempo dedicado \u00e0 vida pessoal permitem que os funcion\u00e1rios retornem ao trabalho mais focados e energizados, resultando em um desempenho superior.<\/li>\n<\/ul>\n<h3 class=\"wp-block-heading\" id=\"Para_a_empresa\">Para a empresa<\/h3>\n<p>A import\u00e2ncia do work-life balance para uma empresa vai al\u00e9m de simplesmente garantir condi\u00e7\u00f5es dignas de trabalho. Ele tamb\u00e9m contribui para um clima organizacional positivo, redu\u00e7\u00e3o de custos e diversos fatores que impactam a produtividade de seus colaboradores. Saiba mais:<\/p>\n<ul class=\"wp-block-list\">\n<li><strong>Clima organizacional positivo<\/strong>: a promo\u00e7\u00e3o do work-life balance gera um ambiente de trabalho mais harmonioso e colaborativo, melhorando as rela\u00e7\u00f5es interpessoais;<\/li>\n<li><strong>Atra\u00e7\u00e3o de talentos<\/strong>: empresas que adotam pr\u00e1ticas que buscam o equil\u00edbrio entre o trabalho e a vida pessoal se destacam e atraem profissionais qualificados;<\/li>\n<li><strong>Responsabilidade social<\/strong>: implementar pol\u00edticas de work-life balance demonstra o compromisso da empresa com o bem-estar de seus colaboradores, fortalecendo sua reputa\u00e7\u00e3o e responsabilidade social;<\/li>\n<li><strong>Aumento da produtividade<\/strong>: funcion\u00e1rios equilibrados s\u00e3o mais produtivos, o que impacta diretamente os resultados da empresa.<\/li>\n<\/ul>\n<h2 class=\"wp-block-heading\" id=\"3_Dicas_praticas_para_alcancar_o_work-life_balance\">3. Dicas pr\u00e1ticas para alcan\u00e7ar o work-life balance<\/h2>\n<p>Alcan\u00e7ar o work-life balance \u00e9 essencial para o bem-estar. Para isso, estabele\u00e7a limites claros entre trabalho e vida pessoal, priorizando tarefas e fazendo pausas regulares. Reserve tempo para lazer e autocuidado, como exerc\u00edcios e medita\u00e7\u00e3o. Comunique suas necessidades \u00e0 equipe e utilize ferramentas tecnol\u00f3gicas para organizar seu dia.<\/p>\n<p>Desconectar-se de dispositivos eletr\u00f4nicos e criar um espa\u00e7o de trabalho dedicado tamb\u00e9m s\u00e3o estrat\u00e9gias eficazes. Revise suas pr\u00e1ticas periodicamente para manter o equil\u00edbrio saud\u00e1vel e a flexibilidade no trabalho.<\/p>\n<p>Se voc\u00ea est\u00e1 procurando um emprego e prioriza oportunidades de empresas que promovem o work-life balance em sua cultura organizacional, saiba que existem algumas maneiras de\u00a0<strong>identificar se isso est\u00e1 sendo aplicado na pr\u00e1tica<\/strong>. Confira a seguir, algumas dicas para te ajudar nessa busca:<\/p>\n<ol class=\"wp-block-list\">\n<li>Pesquise a cultura organizacional da empresa;<\/li>\n<li>Leia avalia\u00e7\u00f5es de funcion\u00e1rios;<\/li>\n<li>Observe benef\u00edcios oferecidos;<\/li>\n<li>Pesquise pr\u00eamios e reconhecimentos;<\/li>\n<li>Analise a taxa de reten\u00e7\u00e3o de funcion\u00e1rios.<\/li>\n<\/ol>\n<h2 class=\"wp-block-heading\" id=\"5_Tendencias_e_praticas_inovadoras_para_o_work-life_balance\">5. Tend\u00eancias e pr\u00e1ticas inovadoras para o work-life balance<\/h2>\n<ul class=\"wp-block-list\">\n<li><strong>Hor\u00e1rios flex\u00edveis<\/strong>: muitas empresas est\u00e3o adotando hor\u00e1rios de trabalho flex\u00edveis, permitindo que os colaboradores escolham quando come\u00e7am e terminam seu dia, adaptando-se melhor \u00e0s suas necessidades pessoais;<\/li>\n<li><strong>Modelo h\u00edbrido<\/strong>: a combina\u00e7\u00e3o de trabalho remoto e presencial est\u00e1 se tornando comum, permitindo que os funcion\u00e1rios equilibrem melhor suas responsabilidades profissionais e pessoais;<\/li>\n<li><strong>Pol\u00edticas de desconex\u00e3o<\/strong>: algumas empresas est\u00e3o implementando pol\u00edticas que pro\u00edbem o envio de e-mails fora do hor\u00e1rio de trabalho, ajudando os colaboradores a se desconectar e recarregar as energias;<\/li>\n<li><strong>Programas de bem-estar<\/strong>: iniciativos de bem-estar, como aulas de yoga, medita\u00e7\u00e3o e terapia, est\u00e3o sendo integrados nas empresas para promover a sa\u00fade mental e f\u00edsica dos colaboradores.<\/li>\n<\/ul>\n<hr class=\"wp-block-separator has-alpha-channel-opacity\"\/>\n<p>Esperamos que o nosso conte\u00fado sobre work-life balance tenha o ajudado a encontrar um equil\u00edbrio saud\u00e1vel entre o trabalho e a sua vida pessoal. Para continuar se informando sobre dicas como essa, n\u00e3o deixe de acompanhar o blog da Catho. Por aqui, voc\u00ea encontra posts sobre educa\u00e7\u00e3o, processos seletivos, informa\u00e7\u00f5es trabalhistas e mais.<\/p>\n<blockquote class=\"wp-block-quote is-layout-flow wp-block-quote-is-layout-flow\">\n<h2>VAGAS ABERTAS | Principais \u00e1reas contratando<\/h2>\n<p>Se voc\u00ea est\u00e1 buscando um emprego, selecione abaixo a sua \u00e1rea de interesse e confira os cargos com oportunidades abertas!<\/p>\n<div class=\"search_jobs_list\"><select class=\"select_areas\" placeholder=\"Selecione uma \u00e1rea profissional\"><option value=\"0\">Seleciona uma \u00e1rea profissional<\/option><option value=\"1\">Administra\u00e7\u00e3o<\/option><option value=\"2\">Comercial e Vendas<\/option><option value=\"3\">Com\u00e9rcio Exterior<\/option><option value=\"4\">Educa\u00e7\u00e3o<\/option><option value=\"5\">Financeira<\/option><option value=\"6\">Hotelaria e Turismo<\/option><option value=\"7\">Inform\u00e1tica<\/option><option value=\"8\">Sa\u00fade<\/option><option value=\"9\">Suprimentos<\/option><option value=\"10\">Agricultura, Pecu\u00e1ria e Veterin\u00e1ria<\/option><option value=\"11\">Artes, Arquitetura e Design<\/option><option value=\"12\">Comunica\u00e7\u00e3o \/ Marketing<\/option><option value=\"13\">Engenharia<\/option><option value=\"14\">Industrial<\/option><option value=\"15\">Jur\u00eddica<\/option><option value=\"16\">T\u00e9cnica<\/option><option value=\"17\">Telemarketing<\/option><option value=\"18\">Telecomunica\u00e7\u00f5es<\/option><option value=\"20\">Servi\u00e7os Sociais<\/option><\/select><\/div>\n<\/blockquote><\/div>\n<p><br \/>\n<br \/><a href=\"https:\/\/www.catho.com.br\/carreira-sucesso\/work-life-balance\/\">Source link <\/a><\/p>\n<div class='code-block code-block-4' style='margin: 8px auto 8px 0; text-align: left; display: block; clear: both;'>\n\ud83d\udce2 Aviso Legal\n\nO site ismaelcolosi.com.br atua apenas como um canal de divulga\u00e7\u00e3o de oportunidades de emprego e n\u00e3o se responsabiliza pelo processo seletivo, contrata\u00e7\u00e3o ou qualquer outra etapa relacionada \u00e0s vagas publicadas. Todas as informa\u00e7\u00f5es s\u00e3o de responsabilidade dos anunciantes.\n\n\u26a0\ufe0f Aten\u00e7\u00e3o! Nunca pague por promessas de emprego nem compre cursos que garantam contrata\u00e7\u00e3o. Desconfie de qualquer cobran\u00e7a para participar de sele\u00e7\u00f5es.\n\n\n\n<\/div>\n<!-- CONTENT END 1 -->\n","protected":false},"excerpt":{"rendered":"<p>Uma grande dificuldade enfrentada por milhares de brasileiros \u00e9 encontrar um ambiente de trabalho saud\u00e1vel, pois muitos acabam levando demandas de trabalho para momentos de&#8230;<\/p>\n","protected":false},"author":1,"featured_media":70962,"comment_status":"open","ping_status":"open","sticky":false,"template":"","format":"standard","meta":{"_uag_custom_page_level_css":"","advanced_seo_description":"","jetpack_seo_html_title":"","jetpack_seo_noindex":false,"jetpack_post_was_ever_published":false,"_jetpack_newsletter_access":"","_jetpack_dont_email_post_to_subs":false,"_jetpack_newsletter_tier_id":0,"_jetpack_memberships_contains_paywalled_content":false,"_jetpack_memberships_contains_paid_content":false,"footnotes":"","jetpack_publicize_message":"","jetpack_publicize_feature_enabled":true,"jetpack_social_post_already_shared":true,"jetpack_social_options":{"image_generator_settings":{"template":"highway","default_image_id":0,"font":"","enabled":false},"version":2}},"categories":[1964],"tags":[],"class_list":["post-70961","post","type-post","status-publish","format-standard","has-post-thumbnail","hentry","category-carreira-e-sucesso-dicas-para-carreira"],"jetpack_publicize_connections":[],"jetpack_featured_media_url":"https:\/\/i0.wp.com\/ismaelcolosi.com.br\/wp-content\/uploads\/2024\/10\/Worklife-balance.png?fit=1200%2C675&ssl=1","uagb_featured_image_src":{"full":["https:\/\/i0.wp.com\/ismaelcolosi.com.br\/wp-content\/uploads\/2024\/10\/Worklife-balance.png?fit=1200%2C675&ssl=1",1200,675,false],"thumbnail":["https:\/\/i0.wp.com\/ismaelcolosi.com.br\/wp-content\/uploads\/2024\/10\/Worklife-balance.png?resize=150%2C150&ssl=1",150,150,true],"medium":["https:\/\/i0.wp.com\/ismaelcolosi.com.br\/wp-content\/uploads\/2024\/10\/Worklife-balance.png?fit=300%2C169&ssl=1",300,169,true],"medium_large":["https:\/\/i0.wp.com\/ismaelcolosi.com.br\/wp-content\/uploads\/2024\/10\/Worklife-balance.png?fit=768%2C432&ssl=1",768,432,true],"large":["https:\/\/i0.wp.com\/ismaelcolosi.com.br\/wp-content\/uploads\/2024\/10\/Worklife-balance.png?fit=1024%2C576&ssl=1",1024,576,true],"1536x1536":["https:\/\/i0.wp.com\/ismaelcolosi.com.br\/wp-content\/uploads\/2024\/10\/Worklife-balance.png?fit=1200%2C675&ssl=1",1200,675,true],"2048x2048":["https:\/\/i0.wp.com\/ismaelcolosi.com.br\/wp-content\/uploads\/2024\/10\/Worklife-balance.png?fit=1200%2C675&ssl=1",1200,675,true],"really-simple-thumb":["https:\/\/i0.wp.com\/ismaelcolosi.com.br\/wp-content\/uploads\/2024\/10\/Worklife-balance.png?resize=370%2C247&ssl=1",370,247,true]},"uagb_author_info":{"display_name":"ismaelcolosi.com.br","author_link":"https:\/\/ismaelcolosi.com.br\/index.php\/author\/vidareal-online\/"},"uagb_comment_info":0,"uagb_excerpt":"Uma grande dificuldade enfrentada por milhares de brasileiros \u00e9 encontrar um ambiente de trabalho saud\u00e1vel, pois muitos acabam levando demandas de trabalho para momentos de...","jetpack-related-posts":[{"id":22092,"url":"https:\/\/ismaelcolosi.com.br\/index.php\/2023\/12\/29\/como-ter-equilibrio-entre-trabalho-e-vida-pessoal-em-2024\/","url_meta":{"origin":70961,"position":0},"title":"Como ter equil\u00edbrio entre trabalho e vida pessoal em 2024","author":"ismaelcolosi.com.br","date":"29 de December de 2023","format":false,"excerpt":"Getty ImagesPara garantir que voc\u00ea mantenha uma rotina de trabalho saud\u00e1vel, comece pensando nas coisas que ser\u00e3o prioridade para voc\u00ea neste pr\u00f3ximo ano Em um mercado de trabalho competitivo, com grandes empresas demitindo milhares de trabalhadores a cada ano, \u00e9 compreens\u00edvel que as pessoas estejam propensas a trabalhar um maior\u2026","rel":"","context":"In &quot;Carreira e Sucesso&quot;","block_context":{"text":"Carreira e Sucesso","link":"https:\/\/ismaelcolosi.com.br\/index.php\/category\/carreira-e-sucesso-dicas-para-carreira\/"},"img":{"alt_text":"","src":"https:\/\/i0.wp.com\/ismaelcolosi.com.br\/wp-content\/uploads\/2023\/12\/carreira-equilibrio-trabalho-1024x683.jpg?fit=1024%2C683&ssl=1&resize=350%2C200","width":350,"height":200,"srcset":"https:\/\/i0.wp.com\/ismaelcolosi.com.br\/wp-content\/uploads\/2023\/12\/carreira-equilibrio-trabalho-1024x683.jpg?fit=1024%2C683&ssl=1&resize=350%2C200 1x, https:\/\/i0.wp.com\/ismaelcolosi.com.br\/wp-content\/uploads\/2023\/12\/carreira-equilibrio-trabalho-1024x683.jpg?fit=1024%2C683&ssl=1&resize=525%2C300 1.5x, https:\/\/i0.wp.com\/ismaelcolosi.com.br\/wp-content\/uploads\/2023\/12\/carreira-equilibrio-trabalho-1024x683.jpg?fit=1024%2C683&ssl=1&resize=700%2C400 2x"},"classes":[]},{"id":79662,"url":"https:\/\/ismaelcolosi.com.br\/index.php\/2024\/12\/18\/como-lidar-com-a-dezembrite\/","url_meta":{"origin":70961,"position":1},"title":"Como Lidar com a Dezembrite","author":"ismaelcolosi.com.br","date":"18 de December de 2024","format":false,"excerpt":"\r Getty Images\r \u201cDezembrite\u201d define conjunto de sentimentos causados pelo cansa\u00e7o acululado, press\u00f5es para concluir tarefas e ansiedade com os eventos sociais de fim de ano \r \u00a0 Acessibilidade \r L\r L\r A-\r A+\r \r \u25d0\r \r \u00a0 \u00c0 medida que a temporada de festas se intensifica, muitas pessoas se\u2026","rel":"","context":"In &quot;Carreira e Sucesso&quot;","block_context":{"text":"Carreira e Sucesso","link":"https:\/\/ismaelcolosi.com.br\/index.php\/category\/carreira-e-sucesso-dicas-para-carreira\/"},"img":{"alt_text":"","src":"https:\/\/i0.wp.com\/ismaelcolosi.com.br\/wp-content\/uploads\/2024\/12\/dezembrite-1200x675.jpg?fit=1200%2C675&ssl=1&resize=350%2C200","width":350,"height":200,"srcset":"https:\/\/i0.wp.com\/ismaelcolosi.com.br\/wp-content\/uploads\/2024\/12\/dezembrite-1200x675.jpg?fit=1200%2C675&ssl=1&resize=350%2C200 1x, https:\/\/i0.wp.com\/ismaelcolosi.com.br\/wp-content\/uploads\/2024\/12\/dezembrite-1200x675.jpg?fit=1200%2C675&ssl=1&resize=525%2C300 1.5x, https:\/\/i0.wp.com\/ismaelcolosi.com.br\/wp-content\/uploads\/2024\/12\/dezembrite-1200x675.jpg?fit=1200%2C675&ssl=1&resize=700%2C400 2x, https:\/\/i0.wp.com\/ismaelcolosi.com.br\/wp-content\/uploads\/2024\/12\/dezembrite-1200x675.jpg?fit=1200%2C675&ssl=1&resize=1050%2C600 3x"},"classes":[]},{"id":76276,"url":"https:\/\/ismaelcolosi.com.br\/index.php\/2024\/11\/12\/equilibrio-entre-vida-e-trabalho-e-a-maior-mentira-do-seculo\/","url_meta":{"origin":70961,"position":2},"title":"Equil\u00edbrio entre Vida e Trabalho \u00e9 a Maior Mentira do S\u00e9culo","author":"ismaelcolosi.com.br","date":"12 de November de 2024","format":false,"excerpt":"O equil\u00edbrio entre trabalho e vida n\u00e3o \u00e9 o mesmo que harmonia. H\u00e1 tempos Jeff Bezos defende este conceito provocador conhecido como Work-life Harmony. Pense bem: equilibrar-se em uma corda bamba entre a vida pessoal e profissional \u00e9 como andar sobre o fio da tens\u00e3o. Tudo o que \u00e9 necess\u00e1rio\u2026","rel":"","context":"In &quot;Carreira e Sucesso&quot;","block_context":{"text":"Carreira e Sucesso","link":"https:\/\/ismaelcolosi.com.br\/index.php\/category\/carreira-e-sucesso-dicas-para-carreira\/"},"img":{"alt_text":"","src":"https:\/\/i0.wp.com\/ismaelcolosi.com.br\/wp-content\/uploads\/2024\/11\/equilibrio-1200x675.png?fit=1200%2C675&ssl=1&resize=350%2C200","width":350,"height":200,"srcset":"https:\/\/i0.wp.com\/ismaelcolosi.com.br\/wp-content\/uploads\/2024\/11\/equilibrio-1200x675.png?fit=1200%2C675&ssl=1&resize=350%2C200 1x, https:\/\/i0.wp.com\/ismaelcolosi.com.br\/wp-content\/uploads\/2024\/11\/equilibrio-1200x675.png?fit=1200%2C675&ssl=1&resize=525%2C300 1.5x, https:\/\/i0.wp.com\/ismaelcolosi.com.br\/wp-content\/uploads\/2024\/11\/equilibrio-1200x675.png?fit=1200%2C675&ssl=1&resize=700%2C400 2x, https:\/\/i0.wp.com\/ismaelcolosi.com.br\/wp-content\/uploads\/2024\/11\/equilibrio-1200x675.png?fit=1200%2C675&ssl=1&resize=1050%2C600 3x"},"classes":[]},{"id":61330,"url":"https:\/\/ismaelcolosi.com.br\/index.php\/2024\/08\/21\/produtividade-no-trabalho-metodos-e-dicas-valiosas\/","url_meta":{"origin":70961,"position":3},"title":"Produtividade no trabalho: m\u00e9todos e dicas valiosas","author":"ismaelcolosi.com.br","date":"21 de August de 2024","format":false,"excerpt":"Quando se fala de trabalho em escrit\u00f3rio, gest\u00e3o de pessoas, gerenciamento de projetos ou organiza\u00e7\u00e3o de empresas, um conceito-chave \u00e9 a produtividade no trabalho, ou seja: a quantidade e a qualidade das tarefas realizadas em um determinado intervalo de tempo em um ambiente corporativo. Em um contexto empresarial, a produtividade\u2026","rel":"","context":"In &quot;Carreira e Sucesso&quot;","block_context":{"text":"Carreira e Sucesso","link":"https:\/\/ismaelcolosi.com.br\/index.php\/category\/carreira-e-sucesso-dicas-para-carreira\/"},"img":{"alt_text":"","src":"https:\/\/i0.wp.com\/ismaelcolosi.com.br\/wp-content\/uploads\/2024\/08\/Produtividade-no-trabalho.png?fit=1200%2C675&ssl=1&resize=350%2C200","width":350,"height":200,"srcset":"https:\/\/i0.wp.com\/ismaelcolosi.com.br\/wp-content\/uploads\/2024\/08\/Produtividade-no-trabalho.png?fit=1200%2C675&ssl=1&resize=350%2C200 1x, https:\/\/i0.wp.com\/ismaelcolosi.com.br\/wp-content\/uploads\/2024\/08\/Produtividade-no-trabalho.png?fit=1200%2C675&ssl=1&resize=525%2C300 1.5x, https:\/\/i0.wp.com\/ismaelcolosi.com.br\/wp-content\/uploads\/2024\/08\/Produtividade-no-trabalho.png?fit=1200%2C675&ssl=1&resize=700%2C400 2x, https:\/\/i0.wp.com\/ismaelcolosi.com.br\/wp-content\/uploads\/2024\/08\/Produtividade-no-trabalho.png?fit=1200%2C675&ssl=1&resize=1050%2C600 3x"},"classes":[]},{"id":84248,"url":"https:\/\/ismaelcolosi.com.br\/index.php\/2025\/04\/04\/razoes-por-tras-do-esgotamento-acelerado-da-geracao-z\/","url_meta":{"origin":70961,"position":4},"title":"Raz\u00f5es por Tr\u00e1s do Esgotamento Acelerado da Gera\u00e7\u00e3o Z","author":"ismaelcolosi.com.br","date":"4 de April de 2025","format":false,"excerpt":"\r Getty Images\r Como parte da Gera\u00e7\u00e3o Z, voc\u00ea entra na vida adulta em um mundo que nunca desacelera\r Acessibilidade \r L\r L\r A-\r A+\r \r \u25d0\r \r O burnout n\u00e3o \u00e9 apenas uma fase \u2014 est\u00e1 se tornando a norma para grande parte da gera\u00e7\u00e3o Z. O cansa\u00e7o e\u2026","rel":"","context":"In &quot;Carreira e Sucesso&quot;","block_context":{"text":"Carreira e Sucesso","link":"https:\/\/ismaelcolosi.com.br\/index.php\/category\/carreira-e-sucesso-dicas-para-carreira\/"},"img":{"alt_text":"","src":"https:\/\/i0.wp.com\/ismaelcolosi.com.br\/wp-content\/uploads\/2025\/04\/Geracao-Z-1200x675.webp?fit=1200%2C675&ssl=1&resize=350%2C200","width":350,"height":200,"srcset":"https:\/\/i0.wp.com\/ismaelcolosi.com.br\/wp-content\/uploads\/2025\/04\/Geracao-Z-1200x675.webp?fit=1200%2C675&ssl=1&resize=350%2C200 1x, https:\/\/i0.wp.com\/ismaelcolosi.com.br\/wp-content\/uploads\/2025\/04\/Geracao-Z-1200x675.webp?fit=1200%2C675&ssl=1&resize=525%2C300 1.5x, https:\/\/i0.wp.com\/ismaelcolosi.com.br\/wp-content\/uploads\/2025\/04\/Geracao-Z-1200x675.webp?fit=1200%2C675&ssl=1&resize=700%2C400 2x, https:\/\/i0.wp.com\/ismaelcolosi.com.br\/wp-content\/uploads\/2025\/04\/Geracao-Z-1200x675.webp?fit=1200%2C675&ssl=1&resize=1050%2C600 3x"},"classes":[]},{"id":27395,"url":"https:\/\/ismaelcolosi.com.br\/index.php\/2024\/01\/12\/2024-tem-menos-feriados-10-dicas-para-manter-o-equilibrio\/","url_meta":{"origin":70961,"position":5},"title":"2024 tem menos feriados: 10 dicas para manter o equil\u00edbrio","author":"ismaelcolosi.com.br","date":"12 de January de 2024","format":false,"excerpt":"Sem muitos feriados em 2024, \u00e9 preciso fazer descansos estrat\u00e9gicos e manter uma rotina saud\u00e1vel Diferente do ano passado, 2024 ter\u00e1 menos feriados prolongados \u2013 ser\u00e3o apenas dois com possibilidade de emenda no final de semana, contra quatro em 2023. Dos 10 feriados nacionais deste ano, 7 v\u00e3o cair em\u2026","rel":"","context":"In &quot;Carreira e Sucesso&quot;","block_context":{"text":"Carreira e Sucesso","link":"https:\/\/ismaelcolosi.com.br\/index.php\/category\/carreira-e-sucesso-dicas-para-carreira\/"},"img":{"alt_text":"","src":"https:\/\/i0.wp.com\/ismaelcolosi.com.br\/wp-content\/uploads\/2024\/01\/carreira-meditacao-equilibro-trabalho-1024x683.jpg?fit=1024%2C683&ssl=1&resize=350%2C200","width":350,"height":200,"srcset":"https:\/\/i0.wp.com\/ismaelcolosi.com.br\/wp-content\/uploads\/2024\/01\/carreira-meditacao-equilibro-trabalho-1024x683.jpg?fit=1024%2C683&ssl=1&resize=350%2C200 1x, https:\/\/i0.wp.com\/ismaelcolosi.com.br\/wp-content\/uploads\/2024\/01\/carreira-meditacao-equilibro-trabalho-1024x683.jpg?fit=1024%2C683&ssl=1&resize=525%2C300 1.5x, https:\/\/i0.wp.com\/ismaelcolosi.com.br\/wp-content\/uploads\/2024\/01\/carreira-meditacao-equilibro-trabalho-1024x683.jpg?fit=1024%2C683&ssl=1&resize=700%2C400 2x"},"classes":[]}],"jetpack_sharing_enabled":true,"jetpack_shortlink":"https:\/\/wp.me\/pfMlyK-isx","_links":{"self":[{"href":"https:\/\/ismaelcolosi.com.br\/index.php\/wp-json\/wp\/v2\/posts\/70961","targetHints":{"allow":["GET"]}}],"collection":[{"href":"https:\/\/ismaelcolosi.com.br\/index.php\/wp-json\/wp\/v2\/posts"}],"about":[{"href":"https:\/\/ismaelcolosi.com.br\/index.php\/wp-json\/wp\/v2\/types\/post"}],"author":[{"embeddable":true,"href":"https:\/\/ismaelcolosi.com.br\/index.php\/wp-json\/wp\/v2\/users\/1"}],"replies":[{"embeddable":true,"href":"https:\/\/ismaelcolosi.com.br\/index.php\/wp-json\/wp\/v2\/comments?post=70961"}],"version-history":[{"count":0,"href":"https:\/\/ismaelcolosi.com.br\/index.php\/wp-json\/wp\/v2\/posts\/70961\/revisions"}],"wp:featuredmedia":[{"embeddable":true,"href":"https:\/\/ismaelcolosi.com.br\/index.php\/wp-json\/wp\/v2\/media\/70962"}],"wp:attachment":[{"href":"https:\/\/ismaelcolosi.com.br\/index.php\/wp-json\/wp\/v2\/media?parent=70961"}],"wp:term":[{"taxonomy":"category","embeddable":true,"href":"https:\/\/ismaelcolosi.com.br\/index.php\/wp-json\/wp\/v2\/categories?post=70961"},{"taxonomy":"post_tag","embeddable":true,"href":"https:\/\/ismaelcolosi.com.br\/index.php\/wp-json\/wp\/v2\/tags?post=70961"}],"curies":[{"name":"wp","href":"https:\/\/api.w.org\/{rel}","templated":true}]}}