{"id":70954,"date":"2024-10-14T11:25:29","date_gmt":"2024-10-14T14:25:29","guid":{"rendered":"https:\/\/ismaelcolosi.com.br\/index.php\/2024\/10\/14\/policia-investiga-morte-de-suspeito-por-atropelamento-na-zona-sul-de-ribeirao\/"},"modified":"2024-10-14T11:25:29","modified_gmt":"2024-10-14T14:25:29","slug":"policia-investiga-morte-de-suspeito-por-atropelamento-na-zona-sul-de-ribeirao","status":"publish","type":"post","link":"https:\/\/ismaelcolosi.com.br\/index.php\/2024\/10\/14\/policia-investiga-morte-de-suspeito-por-atropelamento-na-zona-sul-de-ribeirao\/","title":{"rendered":"Pol\u00edcia investiga morte de suspeito por atropelamento na zona Sul de Ribeir\u00e3o"},"content":{"rendered":"<p> <br \/>\n<\/p>\n<div>\n<p><strong>Um homem de 30 anos foi encontrado morto na madrugada desta segunda-feira (14), no cruzamento das ruas Altino Arantes e Marechal Deodoro, no Jardim Sumar\u00e9, zona Sul de Ribeir\u00e3o Preto.<\/strong><\/p>\n<p>Segundo o boletim de ocorr\u00eancia (BO), <mark style=\"background-color:#fcb900\" class=\"has-inline-color has-black-color\">a PM (Pol\u00edcia Miliar) foi chamada para ocorr\u00eancia de atropelamento. Ao chegar, o homem j\u00e1 estava sem vida. Ele estaria em liberdade condicional desde o \u00faltimo dia 10 de setembro.<\/mark><\/p>\n<p>Ao lado do corpo, foram encontrados um rev\u00f3lver calibre 38 com tr\u00eas muni\u00e7\u00f5es intactas e uma deflagrada, um retrovisor, aparentemente de caminhonete Toyota Hilux, al\u00e9m de uma calota. <\/p>\n<p>Ainda conforme o BO, no bolso da roupa do homem foram encontrados R$ 169 em dinheiro, pulseiras douradas, uma chave residencial e uma por\u00e7\u00e3o de droga sint\u00e9tica Ice.<\/p>\n<p>A pol\u00edcia disse ter conseguido um v\u00eddeo que mostra uma camionete em alta velocidade e uma pessoa correndo. Por\u00e9m, ainda n\u00e3o h\u00e1 imagens do atropelamento.<\/p>\n<p>A suspeita da pol\u00edcia \u00e9 de uma tentativa de roubo mal sucedida ou que tenha ocorrido um desentendimento anterior, j\u00e1 que h\u00e1 casas noturnas nas proximidades. O homem estaria acompanhado de outras pessoas.<\/p>\n<p>O BO foi registrado na CPJ (Central de Pol\u00edcia Judici\u00e1ria) Permanente como homic\u00eddio culposo (sem inten\u00e7\u00e3o) na dire\u00e7\u00e3o de ve\u00edculo automotor e fuga de local de acidente para investiga\u00e7\u00e3o da Pol\u00edcia Civil.<\/p>\n<p>SAIBA MAIS<\/p>\n<p>M\u00e9dico \u00e9 socorrido ap\u00f3s batida entre carro e caminh\u00e3o na regi\u00e3o de Ribeir\u00e3o Preto<\/p>\n<h4 class=\"wp-block-heading\"><strong>FIQUE ON<\/strong><\/h4>\n<p>Fique ligado em tudo que acontece em Ribeir\u00e3o Preto e regi\u00e3o. Siga os perfis do<strong>\u00a0acidade on\u00a0<\/strong>no\u00a0<a href=\"https:\/\/www.instagram.com\/acidadeonribeirao\" target=\"_blank\" rel=\"noreferrer noopener\">Instagram<\/a>\u00a0e no\u00a0<a href=\"https:\/\/www.facebook.com\/acidadeonribeirao\/\" target=\"_blank\" rel=\"noreferrer noopener\">Facebook<\/a>.<\/p>\n<p>Receba not\u00edcias do<strong>\u00a0acidade on\u00a0<\/strong>no WhatsApp.\u00a0<a href=\"https:\/\/chat.whatsapp.com\/Fg4ok3aAVyB59DP63pRapr\" target=\"_blank\" rel=\"noreferrer noopener\">Para entrar no grupo, basta clicar aqui.<\/a><\/p>\n<p>Fa\u00e7a uma den\u00fancia ou sugira uma reportagem sobre Ribeir\u00e3o Preto e regi\u00e3o pelo WhatsApp: 16 99117 7802.<\/p>\n<p>VEJA TAMB\u00c9M<\/p>\n<p>Ser\u00e1 o fim dos aplicativos de relacionamento?<\/p>\n<p><!-- CONTENT END 3 -->\n<\/div>\n<p><script async src=\"\/\/www.instagram.com\/embed.js\"><\/script><br \/>\n<br \/><br \/>\n<br \/><a href=\"https:\/\/www.acidadeon.com\/ribeiraopreto\/cotidiano\/policia-investiga-morte-de-suspeito-por-atropelamento-na-zona-sul-de-ribeirao\/\">Source link <\/a><\/p>\n","protected":false},"excerpt":{"rendered":"<p>Um homem de 30 anos foi encontrado morto na madrugada desta segunda-feira (14), no cruzamento das ruas Altino Arantes e Marechal Deodoro, no Jardim Sumar\u00e9,&#8230;<\/p>\n","protected":false},"author":1,"featured_media":70955,"comment_status":"open","ping_status":"open","sticky":false,"template":"","format":"standard","meta":{"_uag_custom_page_level_css":"","advanced_seo_description":"","jetpack_seo_html_title":"","jetpack_seo_noindex":false,"jetpack_post_was_ever_published":false,"_jetpack_newsletter_access":"","_jetpack_dont_email_post_to_subs":false,"_jetpack_newsletter_tier_id":0,"_jetpack_memberships_contains_paywalled_content":false,"_jetpack_memberships_contains_paid_content":false,"footnotes":"","jetpack_publicize_message":"","jetpack_publicize_feature_enabled":true,"jetpack_social_post_already_shared":true,"jetpack_social_options":{"image_generator_settings":{"template":"highway","default_image_id":0,"font":"","enabled":false},"version":2}},"categories":[11],"tags":[],"class_list":["post-70954","post","type-post","status-publish","format-standard","has-post-thumbnail","hentry","category-noticias-de-ribeirao-preto-sp-e-regiao-ismael-colosi"],"jetpack_publicize_connections":[],"jetpack_featured_media_url":"https:\/\/i0.wp.com\/ismaelcolosi.com.br\/wp-content\/uploads\/2024\/10\/1728915929_20220620_114539075_policia_qru_1024x576_25052021184749_jpg_715985292.jpg?fit=1425%2C720&ssl=1","uagb_featured_image_src":{"full":["https:\/\/i0.wp.com\/ismaelcolosi.com.br\/wp-content\/uploads\/2024\/10\/1728915929_20220620_114539075_policia_qru_1024x576_25052021184749_jpg_715985292.jpg?fit=1425%2C720&ssl=1",1425,720,false],"thumbnail":["https:\/\/i0.wp.com\/ismaelcolosi.com.br\/wp-content\/uploads\/2024\/10\/1728915929_20220620_114539075_policia_qru_1024x576_25052021184749_jpg_715985292.jpg?resize=150%2C150&ssl=1",150,150,true],"medium":["https:\/\/i0.wp.com\/ismaelcolosi.com.br\/wp-content\/uploads\/2024\/10\/1728915929_20220620_114539075_policia_qru_1024x576_25052021184749_jpg_715985292.jpg?fit=300%2C152&ssl=1",300,152,true],"medium_large":["https:\/\/i0.wp.com\/ismaelcolosi.com.br\/wp-content\/uploads\/2024\/10\/1728915929_20220620_114539075_policia_qru_1024x576_25052021184749_jpg_715985292.jpg?fit=768%2C388&ssl=1",768,388,true],"large":["https:\/\/i0.wp.com\/ismaelcolosi.com.br\/wp-content\/uploads\/2024\/10\/1728915929_20220620_114539075_policia_qru_1024x576_25052021184749_jpg_715985292.jpg?fit=1024%2C517&ssl=1",1024,517,true],"1536x1536":["https:\/\/i0.wp.com\/ismaelcolosi.com.br\/wp-content\/uploads\/2024\/10\/1728915929_20220620_114539075_policia_qru_1024x576_25052021184749_jpg_715985292.jpg?fit=1425%2C720&ssl=1",1425,720,true],"2048x2048":["https:\/\/i0.wp.com\/ismaelcolosi.com.br\/wp-content\/uploads\/2024\/10\/1728915929_20220620_114539075_policia_qru_1024x576_25052021184749_jpg_715985292.jpg?fit=1425%2C720&ssl=1",1425,720,true],"really-simple-thumb":["https:\/\/i0.wp.com\/ismaelcolosi.com.br\/wp-content\/uploads\/2024\/10\/1728915929_20220620_114539075_policia_qru_1024x576_25052021184749_jpg_715985292.jpg?resize=370%2C247&ssl=1",370,247,true]},"uagb_author_info":{"display_name":"ismaelcolosi.com.br","author_link":"https:\/\/ismaelcolosi.com.br\/index.php\/author\/vidareal-online\/"},"uagb_comment_info":0,"uagb_excerpt":"Um homem de 30 anos foi encontrado morto na madrugada desta segunda-feira (14), no cruzamento das ruas Altino Arantes e Marechal Deodoro, no Jardim Sumar\u00e9,...","jetpack-related-posts":[{"id":71538,"url":"https:\/\/ismaelcolosi.com.br\/index.php\/2024\/10\/16\/motorista-diz-que-atropelou-e-matou-homem-enquanto-fugia-de-tentativa-de-roubo-em-ribeirao\/","url_meta":{"origin":70954,"position":0},"title":"Motorista diz que atropelou e matou homem enquanto fugia de tentativa de roubo em Ribeir\u00e3o","author":"ismaelcolosi.com.br","date":"16 de October de 2024","format":false,"excerpt":"A Pol\u00edcia Civil identificou o motorista que atropelou e matou um homem de 30 anos na madrugada de segunda-feira (14), no Jardim Sumar\u00e9, zona Sul de Ribeir\u00e3o Preto. Ele prestou depoimento nesta quarta-feira (16). De acordo com o delegado Jos\u00e9 Augusto Franzini, o motorista disse que teria atropelado o homem\u2026","rel":"","context":"In &quot;Not\u00edcias de Ribeir\u00e3o Preto-SP e Regi\u00e3o&quot;","block_context":{"text":"Not\u00edcias de Ribeir\u00e3o Preto-SP e Regi\u00e3o","link":"https:\/\/ismaelcolosi.com.br\/index.php\/category\/noticias-de-ribeirao-preto-sp-e-regiao-ismael-colosi\/"},"img":{"alt_text":"","src":"https:\/\/i0.wp.com\/ismaelcolosi.com.br\/wp-content\/uploads\/2024\/10\/WhatsApp-Image-2024-10-16-at-19.00.35_2024-10-16_22-00-42_jpeg_2024-10-16_22-00-42.webp.webp?fit=1102%2C597&ssl=1&resize=350%2C200","width":350,"height":200,"srcset":"https:\/\/i0.wp.com\/ismaelcolosi.com.br\/wp-content\/uploads\/2024\/10\/WhatsApp-Image-2024-10-16-at-19.00.35_2024-10-16_22-00-42_jpeg_2024-10-16_22-00-42.webp.webp?fit=1102%2C597&ssl=1&resize=350%2C200 1x, https:\/\/i0.wp.com\/ismaelcolosi.com.br\/wp-content\/uploads\/2024\/10\/WhatsApp-Image-2024-10-16-at-19.00.35_2024-10-16_22-00-42_jpeg_2024-10-16_22-00-42.webp.webp?fit=1102%2C597&ssl=1&resize=525%2C300 1.5x, https:\/\/i0.wp.com\/ismaelcolosi.com.br\/wp-content\/uploads\/2024\/10\/WhatsApp-Image-2024-10-16-at-19.00.35_2024-10-16_22-00-42_jpeg_2024-10-16_22-00-42.webp.webp?fit=1102%2C597&ssl=1&resize=700%2C400 2x, https:\/\/i0.wp.com\/ismaelcolosi.com.br\/wp-content\/uploads\/2024\/10\/WhatsApp-Image-2024-10-16-at-19.00.35_2024-10-16_22-00-42_jpeg_2024-10-16_22-00-42.webp.webp?fit=1102%2C597&ssl=1&resize=1050%2C600 3x"},"classes":[]},{"id":56627,"url":"https:\/\/ismaelcolosi.com.br\/index.php\/2024\/07\/13\/identificado-homem-morto-apos-atropelamento-em-avenida-de-ribeirao-preto\/","url_meta":{"origin":70954,"position":1},"title":"Identificado homem morto ap\u00f3s atropelamento em avenida de Ribeir\u00e3o Preto","author":"ismaelcolosi.com.br","date":"13 de July de 2024","format":false,"excerpt":"A Pol\u00edcia Civil identificou o homem morto ap\u00f3s ser atropelado por uma moto enquanto atravessava a avenida F\u00e1bio Barreto na faixa de pedestre, na tarde desta sexta-feira (12), em Ribeir\u00e3o Preto. Segundo o boletim de ocorr\u00eancia (BO), a v\u00edtima, Jos\u00e9 Roberto Pereira de Sousa, de 57 anos, foi arremessada ao\u2026","rel":"","context":"In &quot;Not\u00edcias de Ribeir\u00e3o Preto-SP e Regi\u00e3o&quot;","block_context":{"text":"Not\u00edcias de Ribeir\u00e3o Preto-SP e Regi\u00e3o","link":"https:\/\/ismaelcolosi.com.br\/index.php\/category\/noticias-de-ribeirao-preto-sp-e-regiao-ismael-colosi\/"},"img":{"alt_text":"","src":"https:\/\/i0.wp.com\/ismaelcolosi.com.br\/wp-content\/uploads\/2024\/07\/Copia-de-Copia-de-TAMANHO-EXATO-PARA-FOTOS-NO-SISTEMA-NOVO-2024-07-12T180659.153_2024-07-12_21-07-28_png_2024-07-12_21-07-28.webp.webp?fit=1200%2C675&ssl=1&resize=350%2C200","width":350,"height":200,"srcset":"https:\/\/i0.wp.com\/ismaelcolosi.com.br\/wp-content\/uploads\/2024\/07\/Copia-de-Copia-de-TAMANHO-EXATO-PARA-FOTOS-NO-SISTEMA-NOVO-2024-07-12T180659.153_2024-07-12_21-07-28_png_2024-07-12_21-07-28.webp.webp?fit=1200%2C675&ssl=1&resize=350%2C200 1x, https:\/\/i0.wp.com\/ismaelcolosi.com.br\/wp-content\/uploads\/2024\/07\/Copia-de-Copia-de-TAMANHO-EXATO-PARA-FOTOS-NO-SISTEMA-NOVO-2024-07-12T180659.153_2024-07-12_21-07-28_png_2024-07-12_21-07-28.webp.webp?fit=1200%2C675&ssl=1&resize=525%2C300 1.5x, https:\/\/i0.wp.com\/ismaelcolosi.com.br\/wp-content\/uploads\/2024\/07\/Copia-de-Copia-de-TAMANHO-EXATO-PARA-FOTOS-NO-SISTEMA-NOVO-2024-07-12T180659.153_2024-07-12_21-07-28_png_2024-07-12_21-07-28.webp.webp?fit=1200%2C675&ssl=1&resize=700%2C400 2x, https:\/\/i0.wp.com\/ismaelcolosi.com.br\/wp-content\/uploads\/2024\/07\/Copia-de-Copia-de-TAMANHO-EXATO-PARA-FOTOS-NO-SISTEMA-NOVO-2024-07-12T180659.153_2024-07-12_21-07-28_png_2024-07-12_21-07-28.webp.webp?fit=1200%2C675&ssl=1&resize=1050%2C600 3x"},"classes":[]},{"id":7658,"url":"https:\/\/ismaelcolosi.com.br\/index.php\/2023\/11\/28\/homem-e-ferido-com-chave-de-fenda-durante-roubo-em-ponto-de-onibus-em-ribeirao\/","url_meta":{"origin":70954,"position":2},"title":"Homem \u00e9 ferido com chave de fenda durante roubo em ponto de \u00f4nibus em Ribeir\u00e3o\u00a0","author":"ismaelcolosi.com.br","date":"28 de November de 2023","format":false,"excerpt":"Um homem de 33 anos ficou ferido em um assalto na madrugada desta segunda-feira (27), em um ponto de \u00f4nibus na avenida Treze de Maio, no Jardim Paulista, zona Leste de Ribeir\u00e3o Preto. A v\u00edtima foi amea\u00e7ada com uma chave de fenda e sofreu ferimentos na regi\u00e3o do pesco\u00e7o. Um\u2026","rel":"","context":"In &quot;Not\u00edcias de Ribeir\u00e3o Preto-SP e Regi\u00e3o&quot;","block_context":{"text":"Not\u00edcias de Ribeir\u00e3o Preto-SP e Regi\u00e3o","link":"https:\/\/ismaelcolosi.com.br\/index.php\/category\/noticias-de-ribeirao-preto-sp-e-regiao-ismael-colosi\/"},"img":{"alt_text":"","src":"https:\/\/i0.wp.com\/ismaelcolosi.com.br\/wp-content\/uploads\/2023\/11\/screwdriver-708177_1920.jpg?fit=1200%2C799&ssl=1&resize=350%2C200","width":350,"height":200,"srcset":"https:\/\/i0.wp.com\/ismaelcolosi.com.br\/wp-content\/uploads\/2023\/11\/screwdriver-708177_1920.jpg?fit=1200%2C799&ssl=1&resize=350%2C200 1x, https:\/\/i0.wp.com\/ismaelcolosi.com.br\/wp-content\/uploads\/2023\/11\/screwdriver-708177_1920.jpg?fit=1200%2C799&ssl=1&resize=525%2C300 1.5x, https:\/\/i0.wp.com\/ismaelcolosi.com.br\/wp-content\/uploads\/2023\/11\/screwdriver-708177_1920.jpg?fit=1200%2C799&ssl=1&resize=700%2C400 2x, https:\/\/i0.wp.com\/ismaelcolosi.com.br\/wp-content\/uploads\/2023\/11\/screwdriver-708177_1920.jpg?fit=1200%2C799&ssl=1&resize=1050%2C600 3x"},"classes":[]},{"id":52835,"url":"https:\/\/ismaelcolosi.com.br\/index.php\/2024\/06\/11\/homem-e-preso-no-dia-do-aniversario-por-furto-e-receptacao-em-ribeirao-preto\/","url_meta":{"origin":70954,"position":3},"title":"Homem \u00e9 preso no dia do anivers\u00e1rio por furto e recepta\u00e7\u00e3o em Ribeir\u00e3o Preto","author":"ismaelcolosi.com.br","date":"11 de June de 2024","format":false,"excerpt":"Um homem foi preso nesta segunda-feira (10), no dia em que completava 39 anos de idade, por suspeita de furto e recepta\u00e7\u00e3o em Ribeir\u00e3o Preto. Segundo o boletim de ocorr\u00eancia (BO), ele foi encontrado enquanto carregava nas m\u00e3os um aparelho de TV de 32 polegadas furtado de uma empresa na\u2026","rel":"","context":"In &quot;Not\u00edcias de Ribeir\u00e3o Preto-SP e Regi\u00e3o&quot;","block_context":{"text":"Not\u00edcias de Ribeir\u00e3o Preto-SP e Regi\u00e3o","link":"https:\/\/ismaelcolosi.com.br\/index.php\/category\/noticias-de-ribeirao-preto-sp-e-regiao-ismael-colosi\/"},"img":{"alt_text":"","src":"https:\/\/i0.wp.com\/ismaelcolosi.com.br\/wp-content\/uploads\/2024\/06\/1718118021_policia_qru_1024x576_05012021161940.jpg?fit=1024%2C576&ssl=1&resize=350%2C200","width":350,"height":200,"srcset":"https:\/\/i0.wp.com\/ismaelcolosi.com.br\/wp-content\/uploads\/2024\/06\/1718118021_policia_qru_1024x576_05012021161940.jpg?fit=1024%2C576&ssl=1&resize=350%2C200 1x, https:\/\/i0.wp.com\/ismaelcolosi.com.br\/wp-content\/uploads\/2024\/06\/1718118021_policia_qru_1024x576_05012021161940.jpg?fit=1024%2C576&ssl=1&resize=525%2C300 1.5x, https:\/\/i0.wp.com\/ismaelcolosi.com.br\/wp-content\/uploads\/2024\/06\/1718118021_policia_qru_1024x576_05012021161940.jpg?fit=1024%2C576&ssl=1&resize=700%2C400 2x"},"classes":[]},{"id":50811,"url":"https:\/\/ismaelcolosi.com.br\/index.php\/2024\/05\/19\/homem-de-54-anos-morre-em-ribeirao-preto-apos-ser-encontrado-atropelado\/","url_meta":{"origin":70954,"position":4},"title":"Homem de 54 anos morre em Ribeir\u00e3o Preto ap\u00f3s ser encontrado atropelado","author":"ismaelcolosi.com.br","date":"19 de May de 2024","format":false,"excerpt":"Um homem de 54 anos morreu na \u00faltima sexta-feira (17), em um hospital de Ribeir\u00e3o Preto, ap\u00f3s ser encontrado atropelado. Segundo o boletim de ocorr\u00eancia (BO), Luciano Cesar de Lima foi levado como desconhecido para a Santa Casa, depois de ter sido encontrado desacordado em via p\u00fablica, na quarta-feira (15).\u2026","rel":"","context":"In &quot;Not\u00edcias de Ribeir\u00e3o Preto-SP e Regi\u00e3o&quot;","block_context":{"text":"Not\u00edcias de Ribeir\u00e3o Preto-SP e Regi\u00e3o","link":"https:\/\/ismaelcolosi.com.br\/index.php\/category\/noticias-de-ribeirao-preto-sp-e-regiao-ismael-colosi\/"},"img":{"alt_text":"","src":"https:\/\/i0.wp.com\/ismaelcolosi.com.br\/wp-content\/uploads\/2024\/05\/1716142137_cpj_1024x576_21012021092745.jpg?fit=1024%2C575&ssl=1&resize=350%2C200","width":350,"height":200,"srcset":"https:\/\/i0.wp.com\/ismaelcolosi.com.br\/wp-content\/uploads\/2024\/05\/1716142137_cpj_1024x576_21012021092745.jpg?fit=1024%2C575&ssl=1&resize=350%2C200 1x, https:\/\/i0.wp.com\/ismaelcolosi.com.br\/wp-content\/uploads\/2024\/05\/1716142137_cpj_1024x576_21012021092745.jpg?fit=1024%2C575&ssl=1&resize=525%2C300 1.5x, https:\/\/i0.wp.com\/ismaelcolosi.com.br\/wp-content\/uploads\/2024\/05\/1716142137_cpj_1024x576_21012021092745.jpg?fit=1024%2C575&ssl=1&resize=700%2C400 2x"},"classes":[]},{"id":47856,"url":"https:\/\/ismaelcolosi.com.br\/index.php\/2024\/04\/29\/homem-de-28-anos-e-executado-em-frente-campo-de-futebol-na-zona-leste-de-ribeirao\/","url_meta":{"origin":70954,"position":5},"title":"Homem de 28 anos \u00e9 executado em frente campo de futebol na zona Leste de Ribeir\u00e3o","author":"ismaelcolosi.com.br","date":"29 de April de 2024","format":false,"excerpt":"Um homem de 28 anos foi morto a tiros na madrugada deste domingo (28), em frente a um campo de futebol no Jardim Juliana, zona Leste de Ribeir\u00e3o Preto. Segundo o boletim de ocorr\u00eancia (BO), o v\u00edtima, identificada como Yuri C\u00e9sar dos Santos de Almeida, foi encontrada pela PM (Pol\u00edcia\u2026","rel":"","context":"In &quot;Not\u00edcias de Ribeir\u00e3o Preto-SP e Regi\u00e3o&quot;","block_context":{"text":"Not\u00edcias de Ribeir\u00e3o Preto-SP e Regi\u00e3o","link":"https:\/\/ismaelcolosi.com.br\/index.php\/category\/noticias-de-ribeirao-preto-sp-e-regiao-ismael-colosi\/"},"img":{"alt_text":"","src":"https:\/\/i0.wp.com\/ismaelcolosi.com.br\/wp-content\/uploads\/2024\/04\/1714396151_20220620_114539075_policia_qru_1024x576_25052021184749_jpg_715985292.jpg?fit=1200%2C606&ssl=1&resize=350%2C200","width":350,"height":200,"srcset":"https:\/\/i0.wp.com\/ismaelcolosi.com.br\/wp-content\/uploads\/2024\/04\/1714396151_20220620_114539075_policia_qru_1024x576_25052021184749_jpg_715985292.jpg?fit=1200%2C606&ssl=1&resize=350%2C200 1x, https:\/\/i0.wp.com\/ismaelcolosi.com.br\/wp-content\/uploads\/2024\/04\/1714396151_20220620_114539075_policia_qru_1024x576_25052021184749_jpg_715985292.jpg?fit=1200%2C606&ssl=1&resize=525%2C300 1.5x, https:\/\/i0.wp.com\/ismaelcolosi.com.br\/wp-content\/uploads\/2024\/04\/1714396151_20220620_114539075_policia_qru_1024x576_25052021184749_jpg_715985292.jpg?fit=1200%2C606&ssl=1&resize=700%2C400 2x, https:\/\/i0.wp.com\/ismaelcolosi.com.br\/wp-content\/uploads\/2024\/04\/1714396151_20220620_114539075_policia_qru_1024x576_25052021184749_jpg_715985292.jpg?fit=1200%2C606&ssl=1&resize=1050%2C600 3x"},"classes":[]}],"jetpack_sharing_enabled":true,"jetpack_shortlink":"https:\/\/wp.me\/pfMlyK-isq","_links":{"self":[{"href":"https:\/\/ismaelcolosi.com.br\/index.php\/wp-json\/wp\/v2\/posts\/70954","targetHints":{"allow":["GET"]}}],"collection":[{"href":"https:\/\/ismaelcolosi.com.br\/index.php\/wp-json\/wp\/v2\/posts"}],"about":[{"href":"https:\/\/ismaelcolosi.com.br\/index.php\/wp-json\/wp\/v2\/types\/post"}],"author":[{"embeddable":true,"href":"https:\/\/ismaelcolosi.com.br\/index.php\/wp-json\/wp\/v2\/users\/1"}],"replies":[{"embeddable":true,"href":"https:\/\/ismaelcolosi.com.br\/index.php\/wp-json\/wp\/v2\/comments?post=70954"}],"version-history":[{"count":0,"href":"https:\/\/ismaelcolosi.com.br\/index.php\/wp-json\/wp\/v2\/posts\/70954\/revisions"}],"wp:featuredmedia":[{"embeddable":true,"href":"https:\/\/ismaelcolosi.com.br\/index.php\/wp-json\/wp\/v2\/media\/70955"}],"wp:attachment":[{"href":"https:\/\/ismaelcolosi.com.br\/index.php\/wp-json\/wp\/v2\/media?parent=70954"}],"wp:term":[{"taxonomy":"category","embeddable":true,"href":"https:\/\/ismaelcolosi.com.br\/index.php\/wp-json\/wp\/v2\/categories?post=70954"},{"taxonomy":"post_tag","embeddable":true,"href":"https:\/\/ismaelcolosi.com.br\/index.php\/wp-json\/wp\/v2\/tags?post=70954"}],"curies":[{"name":"wp","href":"https:\/\/api.w.org\/{rel}","templated":true}]}}