{"id":70949,"date":"2024-10-14T11:09:31","date_gmt":"2024-10-14T14:09:31","guid":{"rendered":"https:\/\/ismaelcolosi.com.br\/index.php\/2024\/10\/14\/prefeitura-no-interior-de-sp-abre-concurso-com-salarios-de-ate-r-12-mil\/"},"modified":"2024-10-14T11:09:31","modified_gmt":"2024-10-14T14:09:31","slug":"prefeitura-no-interior-de-sp-abre-concurso-com-salarios-de-ate-r-12-mil","status":"publish","type":"post","link":"https:\/\/ismaelcolosi.com.br\/index.php\/2024\/10\/14\/prefeitura-no-interior-de-sp-abre-concurso-com-salarios-de-ate-r-12-mil\/","title":{"rendered":"Prefeitura no interior de SP abre concurso com sal\u00e1rios de at\u00e9 R$ 12 mil"},"content":{"rendered":"<p> <br \/>\n<\/p>\n<div data-td-block-uid=\"tdi_106\">\n<div class=\"tdb-block-inner td-fix-index\">\n<p>Est\u00e3o abertas as <strong>inscri\u00e7\u00f5es <\/strong>para o <strong>concurso p\u00fablico da Prefeitura de Sert\u00e3ozinho<\/strong>, cidade na <strong>regi\u00e3o de Ribeir\u00e3o Preto<\/strong> \u2013 veja as vagas abaixo.<\/p>\n<p>Ao todo, s\u00e3o<strong> 42 vagas<\/strong> de n\u00edvel fundamental, m\u00e9dio e superior, al\u00e9m do cadastro de reserva. <strong><mark style=\"background-color:#fcb900\" class=\"has-inline-color\">Os sal\u00e1rios variam entre R$ 2,1 mil a R$ 12,6 mil.<\/mark><\/strong><\/p>\n<p>Para o cargo de <strong>Professor<\/strong>, a remunera\u00e7\u00e3o varia entre <strong>R$ 27,10<\/strong> a<strong> R$ 31,55<\/strong> <strong>por hora\/aula<\/strong>. Os profissionais contratados dever\u00e3o cumprir jornadas de 20 a 40 horas semanais.<\/p>\n<h3 class=\"wp-block-heading\"><strong>Como se inscrever?<\/strong><\/h3>\n<p>As inscri\u00e7\u00f5es para o <strong>concurso p\u00fablico<\/strong> da <strong>Prefeitura de Sert\u00e3ozinho<\/strong> devem ser realizadas de forma <strong>on-line<\/strong>, atrav\u00e9s do site da <strong>Funda\u00e7\u00e3o Vunesp (<a href=\"https:\/\/www.vunesp.com.br\/PMST2401\" target=\"_blank\" rel=\"noreferrer noopener\">clique aqui<\/a>)<\/strong>.<\/p>\n<p>Os interessados devem fazer a inscri\u00e7\u00e3o<strong> at\u00e9 o dia 7 de novembro<\/strong>. A taxa de inscri\u00e7\u00e3o varia entre R$ 54,90 e R$ 98,80.<\/p>\n<h4 class=\"wp-block-heading\"><strong>Confira as oportunidades<\/strong>:<\/h4>\n<div class=\"flourish-embed flourish-table\" data-src=\"https:\/\/www.acidadeon.com\/ribeiraopreto\/economia\/prefeitura-no-interior-de-sp-abre-concurso-com-salarios-de-ate-r-12-mil\/visualisation\/19799075\"><img decoding=\"async\" src=\"https:\/\/public.flourish.studio\/visualisation\/19799075\/thumbnail\" width=\"100%\" alt=\"table visualization\"\/><\/div>\n<hr class=\"wp-block-separator has-alpha-channel-opacity\"\/>\n<p>SAIBA MAIS<\/p>\n<p>M\u00e9dico \u00e9 socorrido ap\u00f3s batida entre carro e caminh\u00e3o na regi\u00e3o de Ribeir\u00e3o Preto<\/p>\n<h4 class=\"wp-block-heading\"><strong>FIQUE ON<\/strong><\/h4>\n<p>Fique ligado em tudo que acontece em Ribeir\u00e3o Preto e regi\u00e3o. Siga os perfis do<strong>\u00a0acidade on\u00a0<\/strong>no\u00a0<a href=\"https:\/\/www.instagram.com\/acidadeonribeirao\" target=\"_blank\" rel=\"noreferrer noopener\">Instagram<\/a>\u00a0e no\u00a0<a href=\"https:\/\/www.facebook.com\/acidadeonribeirao\/\" target=\"_blank\" rel=\"noreferrer noopener\">Facebook<\/a>.<\/p>\n<p>Receba not\u00edcias do<strong>\u00a0acidade on\u00a0<\/strong>no WhatsApp.\u00a0<a href=\"https:\/\/chat.whatsapp.com\/Fg4ok3aAVyB59DP63pRapr\" target=\"_blank\" rel=\"noreferrer noopener\">Para entrar no grupo, basta clicar aqui.<\/a><\/p>\n<p>Fa\u00e7a uma den\u00fancia ou sugira uma reportagem sobre Ribeir\u00e3o Preto e regi\u00e3o pelo WhatsApp: 16 99117 7802.<\/p>\n<p>VEJA TAMB\u00c9M<\/p>\n<p>Quando estreia \u2018O Diabo Veste Prada 2\u2019?<\/p>\n<p><!-- CONTENT END 1 -->\n<\/div>\n<\/div>\n<p><script async src=\"\/\/www.instagram.com\/embed.js\"><\/script><br \/>\n<br \/><br \/>\n<br \/><a href=\"https:\/\/www.acidadeon.com\/ribeiraopreto\/economia\/prefeitura-no-interior-de-sp-abre-concurso-com-salarios-de-ate-r-12-mil\/\">Source link <\/a><\/p>\n","protected":false},"excerpt":{"rendered":"<p>Est\u00e3o abertas as inscri\u00e7\u00f5es para o concurso p\u00fablico da Prefeitura de Sert\u00e3ozinho, cidade na regi\u00e3o de Ribeir\u00e3o Preto \u2013 veja as vagas abaixo. Ao todo,&#8230;<\/p>\n","protected":false},"author":1,"featured_media":70950,"comment_status":"open","ping_status":"open","sticky":false,"template":"","format":"standard","meta":{"_uag_custom_page_level_css":"","advanced_seo_description":"","jetpack_seo_html_title":"","jetpack_seo_noindex":false,"jetpack_post_was_ever_published":false,"_jetpack_newsletter_access":"","_jetpack_dont_email_post_to_subs":false,"_jetpack_newsletter_tier_id":0,"_jetpack_memberships_contains_paywalled_content":false,"_jetpack_memberships_contains_paid_content":false,"footnotes":"","jetpack_publicize_message":"","jetpack_publicize_feature_enabled":true,"jetpack_social_post_already_shared":true,"jetpack_social_options":{"image_generator_settings":{"template":"highway","default_image_id":0,"font":"","enabled":false},"version":2}},"categories":[11],"tags":[],"class_list":["post-70949","post","type-post","status-publish","format-standard","has-post-thumbnail","hentry","category-noticias-de-ribeirao-preto-sp-e-regiao-ismael-colosi"],"jetpack_publicize_connections":[],"jetpack_featured_media_url":"https:\/\/i0.wp.com\/ismaelcolosi.com.br\/wp-content\/uploads\/2024\/10\/concurso-publico-11.jpg?fit=1500%2C1001&ssl=1","uagb_featured_image_src":{"full":["https:\/\/i0.wp.com\/ismaelcolosi.com.br\/wp-content\/uploads\/2024\/10\/concurso-publico-11.jpg?fit=1500%2C1001&ssl=1",1500,1001,false],"thumbnail":["https:\/\/i0.wp.com\/ismaelcolosi.com.br\/wp-content\/uploads\/2024\/10\/concurso-publico-11.jpg?resize=150%2C150&ssl=1",150,150,true],"medium":["https:\/\/i0.wp.com\/ismaelcolosi.com.br\/wp-content\/uploads\/2024\/10\/concurso-publico-11.jpg?fit=300%2C200&ssl=1",300,200,true],"medium_large":["https:\/\/i0.wp.com\/ismaelcolosi.com.br\/wp-content\/uploads\/2024\/10\/concurso-publico-11.jpg?fit=768%2C513&ssl=1",768,513,true],"large":["https:\/\/i0.wp.com\/ismaelcolosi.com.br\/wp-content\/uploads\/2024\/10\/concurso-publico-11.jpg?fit=1024%2C683&ssl=1",1024,683,true],"1536x1536":["https:\/\/i0.wp.com\/ismaelcolosi.com.br\/wp-content\/uploads\/2024\/10\/concurso-publico-11.jpg?fit=1500%2C1001&ssl=1",1500,1001,true],"2048x2048":["https:\/\/i0.wp.com\/ismaelcolosi.com.br\/wp-content\/uploads\/2024\/10\/concurso-publico-11.jpg?fit=1500%2C1001&ssl=1",1500,1001,true],"really-simple-thumb":["https:\/\/i0.wp.com\/ismaelcolosi.com.br\/wp-content\/uploads\/2024\/10\/concurso-publico-11.jpg?resize=370%2C247&ssl=1",370,247,true]},"uagb_author_info":{"display_name":"ismaelcolosi.com.br","author_link":"https:\/\/ismaelcolosi.com.br\/index.php\/author\/vidareal-online\/"},"uagb_comment_info":0,"uagb_excerpt":"Est\u00e3o abertas as inscri\u00e7\u00f5es para o concurso p\u00fablico da Prefeitura de Sert\u00e3ozinho, cidade na regi\u00e3o de Ribeir\u00e3o Preto \u2013 veja as vagas abaixo. Ao todo,...","jetpack-related-posts":[{"id":70828,"url":"https:\/\/ismaelcolosi.com.br\/index.php\/2024\/10\/13\/veja-cinco-concursos-publicos-com-mais-de-110-vagas-no-interior-de-sp\/","url_meta":{"origin":70949,"position":0},"title":"Veja cinco concursos p\u00fablicos com mais de 110 vagas no interior de SP","author":"ismaelcolosi.com.br","date":"13 de October de 2024","format":false,"excerpt":"Os interessados em concorrer a uma vaga em concurso p\u00fablico contam com mais de 110 oportunidades em cinco editais dispon\u00edveis no interior de S\u00e3o Paulo. As oportunidades s\u00e3o para cargos de n\u00edvel m\u00e9dio, t\u00e9cnico e superior. Os sal\u00e1rios variam entre R$ 2,1 mil e R$ 12,6 mil. Confira a lista\u2026","rel":"","context":"In &quot;Not\u00edcias de Ribeir\u00e3o Preto-SP e Regi\u00e3o&quot;","block_context":{"text":"Not\u00edcias de Ribeir\u00e3o Preto-SP e Regi\u00e3o","link":"https:\/\/ismaelcolosi.com.br\/index.php\/category\/noticias-de-ribeirao-preto-sp-e-regiao-ismael-colosi\/"},"img":{"alt_text":"","src":"https:\/\/i0.wp.com\/ismaelcolosi.com.br\/wp-content\/uploads\/2024\/07\/Copia-de-Copia-de-TAMANHO-EXATO-PARA-FOTOS-NO-SISTEMA-NOVO-22_2024-07-24_20-00-55_jpg_2024-07-24_20-00-55.webp.webp?fit=1200%2C675&ssl=1&resize=350%2C200","width":350,"height":200,"srcset":"https:\/\/i0.wp.com\/ismaelcolosi.com.br\/wp-content\/uploads\/2024\/07\/Copia-de-Copia-de-TAMANHO-EXATO-PARA-FOTOS-NO-SISTEMA-NOVO-22_2024-07-24_20-00-55_jpg_2024-07-24_20-00-55.webp.webp?fit=1200%2C675&ssl=1&resize=350%2C200 1x, https:\/\/i0.wp.com\/ismaelcolosi.com.br\/wp-content\/uploads\/2024\/07\/Copia-de-Copia-de-TAMANHO-EXATO-PARA-FOTOS-NO-SISTEMA-NOVO-22_2024-07-24_20-00-55_jpg_2024-07-24_20-00-55.webp.webp?fit=1200%2C675&ssl=1&resize=525%2C300 1.5x, https:\/\/i0.wp.com\/ismaelcolosi.com.br\/wp-content\/uploads\/2024\/07\/Copia-de-Copia-de-TAMANHO-EXATO-PARA-FOTOS-NO-SISTEMA-NOVO-22_2024-07-24_20-00-55_jpg_2024-07-24_20-00-55.webp.webp?fit=1200%2C675&ssl=1&resize=700%2C400 2x, https:\/\/i0.wp.com\/ismaelcolosi.com.br\/wp-content\/uploads\/2024\/07\/Copia-de-Copia-de-TAMANHO-EXATO-PARA-FOTOS-NO-SISTEMA-NOVO-22_2024-07-24_20-00-55_jpg_2024-07-24_20-00-55.webp.webp?fit=1200%2C675&ssl=1&resize=1050%2C600 3x"},"classes":[]},{"id":45782,"url":"https:\/\/ismaelcolosi.com.br\/index.php\/2024\/04\/07\/veja-quatro-concursos-publicos-com-as-inscricoes-abertas-no-interior-de-sp\/","url_meta":{"origin":70949,"position":1},"title":"Veja quatro concursos p\u00fablicos com as inscri\u00e7\u00f5es abertas no interior de SP","author":"ismaelcolosi.com.br","date":"7 de April de 2024","format":false,"excerpt":"Para quem est\u00e1 em busca de uma oportunidade de emprego no servi\u00e7o p\u00fablico, o acidade on Ribeir\u00e3o separou quatro concursos p\u00fablicos com as inscri\u00e7\u00f5es abertas no interior de S\u00e3o Paulo. S\u00e3o mais de 400 vagas e sal\u00e1rios de at\u00e9 R$ 8 mil. Prefeitura de Ribeir\u00e3o Preto A Prefeitura de Ribeir\u00e3o\u2026","rel":"","context":"In &quot;Not\u00edcias de Ribeir\u00e3o Preto-SP e Regi\u00e3o&quot;","block_context":{"text":"Not\u00edcias de Ribeir\u00e3o Preto-SP e Regi\u00e3o","link":"https:\/\/ismaelcolosi.com.br\/index.php\/category\/noticias-de-ribeirao-preto-sp-e-regiao-ismael-colosi\/"},"img":{"alt_text":"","src":"https:\/\/i0.wp.com\/ismaelcolosi.com.br\/wp-content\/uploads\/2024\/04\/prova-concurso-publico-2.jpg?fit=1200%2C801&ssl=1&resize=350%2C200","width":350,"height":200,"srcset":"https:\/\/i0.wp.com\/ismaelcolosi.com.br\/wp-content\/uploads\/2024\/04\/prova-concurso-publico-2.jpg?fit=1200%2C801&ssl=1&resize=350%2C200 1x, https:\/\/i0.wp.com\/ismaelcolosi.com.br\/wp-content\/uploads\/2024\/04\/prova-concurso-publico-2.jpg?fit=1200%2C801&ssl=1&resize=525%2C300 1.5x, https:\/\/i0.wp.com\/ismaelcolosi.com.br\/wp-content\/uploads\/2024\/04\/prova-concurso-publico-2.jpg?fit=1200%2C801&ssl=1&resize=700%2C400 2x, https:\/\/i0.wp.com\/ismaelcolosi.com.br\/wp-content\/uploads\/2024\/04\/prova-concurso-publico-2.jpg?fit=1200%2C801&ssl=1&resize=1050%2C600 3x"},"classes":[]},{"id":67327,"url":"https:\/\/ismaelcolosi.com.br\/index.php\/2024\/09\/22\/veja-sete-concursos-publicos-com-mais-de-200-vagas-no-interior-de-sp\/","url_meta":{"origin":70949,"position":2},"title":"Veja sete concursos p\u00fablicos com mais de 200 vagas no interior de SP","author":"ismaelcolosi.com.br","date":"22 de September de 2024","format":false,"excerpt":"Voc\u00ea procura por uma oportunidade de emprego no servi\u00e7o p\u00fablico? O acidade on Ribeir\u00e3o separou uma lista com sete concursos p\u00fablico que t\u00eam, somados, mais de 200 vagas dispon\u00edveis no interior de S\u00e3o Paulo. As vagas nos concursos p\u00fablicos s\u00e3o de n\u00edvel fundamental, m\u00e9dio, t\u00e9cnico e superior com sal\u00e1rios de\u2026","rel":"","context":"In &quot;Not\u00edcias de Ribeir\u00e3o Preto-SP e Regi\u00e3o&quot;","block_context":{"text":"Not\u00edcias de Ribeir\u00e3o Preto-SP e Regi\u00e3o","link":"https:\/\/ismaelcolosi.com.br\/index.php\/category\/noticias-de-ribeirao-preto-sp-e-regiao-ismael-colosi\/"},"img":{"alt_text":"","src":"https:\/\/i0.wp.com\/ismaelcolosi.com.br\/wp-content\/uploads\/2024\/05\/Copia-de-Copia-de-TAMANHO-EXATO-PARA-FOTOS-NO-SISTEMA-NOVO-33_2024-05-23_13-39-05_jpg_2024-05-23_13-39-05.webp.webp?fit=1200%2C675&ssl=1&resize=350%2C200","width":350,"height":200,"srcset":"https:\/\/i0.wp.com\/ismaelcolosi.com.br\/wp-content\/uploads\/2024\/05\/Copia-de-Copia-de-TAMANHO-EXATO-PARA-FOTOS-NO-SISTEMA-NOVO-33_2024-05-23_13-39-05_jpg_2024-05-23_13-39-05.webp.webp?fit=1200%2C675&ssl=1&resize=350%2C200 1x, https:\/\/i0.wp.com\/ismaelcolosi.com.br\/wp-content\/uploads\/2024\/05\/Copia-de-Copia-de-TAMANHO-EXATO-PARA-FOTOS-NO-SISTEMA-NOVO-33_2024-05-23_13-39-05_jpg_2024-05-23_13-39-05.webp.webp?fit=1200%2C675&ssl=1&resize=525%2C300 1.5x, https:\/\/i0.wp.com\/ismaelcolosi.com.br\/wp-content\/uploads\/2024\/05\/Copia-de-Copia-de-TAMANHO-EXATO-PARA-FOTOS-NO-SISTEMA-NOVO-33_2024-05-23_13-39-05_jpg_2024-05-23_13-39-05.webp.webp?fit=1200%2C675&ssl=1&resize=700%2C400 2x, https:\/\/i0.wp.com\/ismaelcolosi.com.br\/wp-content\/uploads\/2024\/05\/Copia-de-Copia-de-TAMANHO-EXATO-PARA-FOTOS-NO-SISTEMA-NOVO-33_2024-05-23_13-39-05_jpg_2024-05-23_13-39-05.webp.webp?fit=1200%2C675&ssl=1&resize=1050%2C600 3x"},"classes":[]},{"id":1105,"url":"https:\/\/ismaelcolosi.com.br\/index.php\/2023\/11\/10\/veja-cinco-concursos-publicos-no-interior-de-sp-com-salarios-de-ate-r-21-mil\/","url_meta":{"origin":70949,"position":3},"title":"Veja cinco concursos p\u00fablicos no interior de SP com sal\u00e1rios de at\u00e9 R$ 21 mil","author":"ismaelcolosi.com.br","date":"10 de November de 2023","format":false,"excerpt":"Nesta semana, diversos concursos p\u00fablicos foram abertos no interior de S\u00e3o Paulo. O acidade on Ribeir\u00e3o separou cinco concursos com vagas de n\u00edvel fundamental, m\u00e9dio, t\u00e9cnico e superior e sal\u00e1rios de at\u00e9 R$ 21 mil. Veja os concursos p\u00fablicos: Prefeitura de Ribeir\u00e3o Preto A Prefeitura de Ribeir\u00e3o Preto publicou edital\u2026","rel":"","context":"In &quot;Not\u00edcias de Ribeir\u00e3o Preto-SP e Regi\u00e3o&quot;","block_context":{"text":"Not\u00edcias de Ribeir\u00e3o Preto-SP e Regi\u00e3o","link":"https:\/\/ismaelcolosi.com.br\/index.php\/category\/noticias-de-ribeirao-preto-sp-e-regiao-ismael-colosi\/"},"img":{"alt_text":"","src":"https:\/\/i0.wp.com\/ismaelcolosi.com.br\/wp-content\/uploads\/2023\/11\/concurso-publico-9.jpg?fit=1200%2C800&ssl=1&resize=350%2C200","width":350,"height":200,"srcset":"https:\/\/i0.wp.com\/ismaelcolosi.com.br\/wp-content\/uploads\/2023\/11\/concurso-publico-9.jpg?fit=1200%2C800&ssl=1&resize=350%2C200 1x, https:\/\/i0.wp.com\/ismaelcolosi.com.br\/wp-content\/uploads\/2023\/11\/concurso-publico-9.jpg?fit=1200%2C800&ssl=1&resize=525%2C300 1.5x, https:\/\/i0.wp.com\/ismaelcolosi.com.br\/wp-content\/uploads\/2023\/11\/concurso-publico-9.jpg?fit=1200%2C800&ssl=1&resize=700%2C400 2x, https:\/\/i0.wp.com\/ismaelcolosi.com.br\/wp-content\/uploads\/2023\/11\/concurso-publico-9.jpg?fit=1200%2C800&ssl=1&resize=1050%2C600 3x"},"classes":[]},{"id":32826,"url":"https:\/\/ismaelcolosi.com.br\/index.php\/2024\/01\/26\/confira-sete-concursos-publicos-em-sp-com-565-vagas-e-salarios-de-r-12-mil\/","url_meta":{"origin":70949,"position":4},"title":"Confira sete concursos p\u00fablicos em SP com 565 vagas e sal\u00e1rios de R$ 12 mil","author":"ismaelcolosi.com.br","date":"26 de January de 2024","format":false,"excerpt":"Al\u00e9m do \u201cEnem dos Concursos\u201d, quem se interessa por oportunidades em concursos p\u00fablicos pode se candidatar por oportunidades em prefeituras do Estado de S\u00e3o Paulo. S\u00e3o 565 vagas dispon\u00edveis em sete editais em cidades como Ribeir\u00e3o Preto, Campinas, Piracicaba e S\u00e3o Bernardo do Campo. Veja os concursos p\u00fablicos Prefeitura de\u2026","rel":"","context":"In &quot;Not\u00edcias de Ribeir\u00e3o Preto-SP e Regi\u00e3o&quot;","block_context":{"text":"Not\u00edcias de Ribeir\u00e3o Preto-SP e Regi\u00e3o","link":"https:\/\/ismaelcolosi.com.br\/index.php\/category\/noticias-de-ribeirao-preto-sp-e-regiao-ismael-colosi\/"},"img":{"alt_text":"","src":"https:\/\/i0.wp.com\/ismaelcolosi.com.br\/wp-content\/uploads\/2024\/01\/concurso-publico-8.jpg?fit=1200%2C800&ssl=1&resize=350%2C200","width":350,"height":200,"srcset":"https:\/\/i0.wp.com\/ismaelcolosi.com.br\/wp-content\/uploads\/2024\/01\/concurso-publico-8.jpg?fit=1200%2C800&ssl=1&resize=350%2C200 1x, https:\/\/i0.wp.com\/ismaelcolosi.com.br\/wp-content\/uploads\/2024\/01\/concurso-publico-8.jpg?fit=1200%2C800&ssl=1&resize=525%2C300 1.5x, https:\/\/i0.wp.com\/ismaelcolosi.com.br\/wp-content\/uploads\/2024\/01\/concurso-publico-8.jpg?fit=1200%2C800&ssl=1&resize=700%2C400 2x, https:\/\/i0.wp.com\/ismaelcolosi.com.br\/wp-content\/uploads\/2024\/01\/concurso-publico-8.jpg?fit=1200%2C800&ssl=1&resize=1050%2C600 3x"},"classes":[]},{"id":55880,"url":"https:\/\/ismaelcolosi.com.br\/index.php\/2024\/07\/06\/prefeitura-no-interior-de-sp-abre-concurso-publico-com-salarios-de-ate-r-33-mil\/","url_meta":{"origin":70949,"position":5},"title":"Prefeitura no interior de SP abre concurso p\u00fablico com sal\u00e1rios de at\u00e9 R$ 3,3 mil","author":"ismaelcolosi.com.br","date":"6 de July de 2024","format":false,"excerpt":"A Prefeitura de Brodowski, no interior de S\u00e3o Paulo, publicou o edital para inscri\u00e7\u00f5es em concurso p\u00fablico para o cadastro de reserva. As vagas s\u00e3o de n\u00edvel fundamental, m\u00e9dio e superior e os sal\u00e1rios variam entre R$ 1,5 mil e R$ 3,3 mil. Para a fun\u00e7\u00e3o de m\u00e9dico o valor\u2026","rel":"","context":"In &quot;Not\u00edcias de Ribeir\u00e3o Preto-SP e Regi\u00e3o&quot;","block_context":{"text":"Not\u00edcias de Ribeir\u00e3o Preto-SP e Regi\u00e3o","link":"https:\/\/ismaelcolosi.com.br\/index.php\/category\/noticias-de-ribeirao-preto-sp-e-regiao-ismael-colosi\/"},"img":{"alt_text":"","src":"https:\/\/i0.wp.com\/ismaelcolosi.com.br\/wp-content\/uploads\/2024\/05\/AnyConv.com__concurso-publico-5.webp.webp?fit=1200%2C800&ssl=1&resize=350%2C200","width":350,"height":200,"srcset":"https:\/\/i0.wp.com\/ismaelcolosi.com.br\/wp-content\/uploads\/2024\/05\/AnyConv.com__concurso-publico-5.webp.webp?fit=1200%2C800&ssl=1&resize=350%2C200 1x, https:\/\/i0.wp.com\/ismaelcolosi.com.br\/wp-content\/uploads\/2024\/05\/AnyConv.com__concurso-publico-5.webp.webp?fit=1200%2C800&ssl=1&resize=525%2C300 1.5x, https:\/\/i0.wp.com\/ismaelcolosi.com.br\/wp-content\/uploads\/2024\/05\/AnyConv.com__concurso-publico-5.webp.webp?fit=1200%2C800&ssl=1&resize=700%2C400 2x, https:\/\/i0.wp.com\/ismaelcolosi.com.br\/wp-content\/uploads\/2024\/05\/AnyConv.com__concurso-publico-5.webp.webp?fit=1200%2C800&ssl=1&resize=1050%2C600 3x"},"classes":[]}],"jetpack_sharing_enabled":true,"jetpack_shortlink":"https:\/\/wp.me\/pfMlyK-isl","_links":{"self":[{"href":"https:\/\/ismaelcolosi.com.br\/index.php\/wp-json\/wp\/v2\/posts\/70949","targetHints":{"allow":["GET"]}}],"collection":[{"href":"https:\/\/ismaelcolosi.com.br\/index.php\/wp-json\/wp\/v2\/posts"}],"about":[{"href":"https:\/\/ismaelcolosi.com.br\/index.php\/wp-json\/wp\/v2\/types\/post"}],"author":[{"embeddable":true,"href":"https:\/\/ismaelcolosi.com.br\/index.php\/wp-json\/wp\/v2\/users\/1"}],"replies":[{"embeddable":true,"href":"https:\/\/ismaelcolosi.com.br\/index.php\/wp-json\/wp\/v2\/comments?post=70949"}],"version-history":[{"count":0,"href":"https:\/\/ismaelcolosi.com.br\/index.php\/wp-json\/wp\/v2\/posts\/70949\/revisions"}],"wp:featuredmedia":[{"embeddable":true,"href":"https:\/\/ismaelcolosi.com.br\/index.php\/wp-json\/wp\/v2\/media\/70950"}],"wp:attachment":[{"href":"https:\/\/ismaelcolosi.com.br\/index.php\/wp-json\/wp\/v2\/media?parent=70949"}],"wp:term":[{"taxonomy":"category","embeddable":true,"href":"https:\/\/ismaelcolosi.com.br\/index.php\/wp-json\/wp\/v2\/categories?post=70949"},{"taxonomy":"post_tag","embeddable":true,"href":"https:\/\/ismaelcolosi.com.br\/index.php\/wp-json\/wp\/v2\/tags?post=70949"}],"curies":[{"name":"wp","href":"https:\/\/api.w.org\/{rel}","templated":true}]}}