{"id":70935,"date":"2024-10-14T10:42:37","date_gmt":"2024-10-14T13:42:37","guid":{"rendered":"https:\/\/ismaelcolosi.com.br\/?p=70935"},"modified":"2024-10-14T13:19:51","modified_gmt":"2024-10-14T16:19:51","slug":"mural-de-entrevistas-de-empregos-para-o-dia-15-de-outubro-de-2024-participe","status":"publish","type":"post","link":"https:\/\/ismaelcolosi.com.br\/index.php\/2024\/10\/14\/mural-de-entrevistas-de-empregos-para-o-dia-15-de-outubro-de-2024-participe\/","title":{"rendered":"Mural de Entrevistas de Empregos para o dia 15 de Outubro de 2024 &#8211; Participe"},"content":{"rendered":"\n<p><strong>Anote o Endere\u00e7o e Hor\u00e1rio:<\/strong> \ud83d\udccd Ribeir\u00e3o Preto | \ud83d\udd58 15 de outubro de 2024. Chegue com pelo menos 15 minutos de anteced\u00eancia para garantir a sua vaga e estar preparado para as oportunidades!<\/p>\n\n\n\n<p><strong>Traga Seu Curr\u00edculo Atualizado:<\/strong> \u00c9 essencial ter um curr\u00edculo bem elaborado para destacar suas habilidades e experi\u00eancias.<\/p>\n\n\n\n<p><strong>Vista-se de Forma Profissional:<\/strong> A primeira impress\u00e3o conta! Use roupas adequadas para entrevistas e esteja preparado para se destacar.<\/p>\n\n\n\n<p><strong>\ud83d\udd25 ENTREVISTA DIA 15\/10 \ud83d\udd25<br><\/strong>Vagas:<\/p>\n\n\n\n<ul class=\"wp-block-list\">\n<li><strong>OPERADOR DE EMPILHADEIRA<\/strong> &#8211; Sal\u00e1rio 2.361 + Vale Transporte.<\/li>\n\n\n\n<li><strong>CONFERENTE<\/strong> &#8211; Sal\u00e1rio 1.925 + Vale Transporte.<\/li>\n\n\n\n<li><strong>MOVIMENTADOR DE CARGAS<\/strong> -Sal\u00e1rio 1.900 + Vale Transporte.<br>Comparecer na Rua: Pompeu de Camargo, 256- Campos Eliseos. Avisar que foi encaminhado por Ismael Colosi. <br>Para mais vagas de empregos, cursos gratuitos e curr\u00edculos gr\u00e1tis chamar no 16991268411<strong>(Agrade\u00e7o aos 530 votos recebidos para vereador, muito obrigado).<\/strong> <strong>Ir \u00e0s 15h.<\/strong><br>\u26a0\ufe0f TRABALHO DESENVOLVIDO DESDE 2014<br>\u26a0\ufe0f SER\u00c1 ENTREVISTA DE EMPREGO<br>\u26a0\ufe0f N\u00c3O \u00c9 EMPREGO GARANTIDO<br><\/li>\n<\/ul>\n\n\n\n<hr class=\"wp-block-separator has-alpha-channel-opacity\"\/>\n\n\n\n<p>\ud83d\udd25 ENTREVISTA DIA 15\/10\ud83d\udd25<\/p>\n\n\n\n<p>VAGAS: Terapeuta Ocupacional<\/p>\n\n\n\n<p>TRAGA SEU CURR\u00cdCULO IMPRESSO!<\/p>\n\n\n\n<p>Ir na Rua Coracy de Toledo Piza, 571 &#8211; Ribeir\u00e2nia &#8211; Ribeir\u00e3o Preto &#8211; SP. Avisar que foi encaminhado por Ismael Colosi (Para vereador Ismael Colosi, Vote 44.016) \ud83e\udec2. Ir \u00e0s 14:00h<br>Para mais vagas de empregos, cursos gratuitos e curr\u00edculos gr\u00e1tis chamar no 16991268411<br>\u26a0\ufe0f TRABALHO DESENVOLVIDO DESDE 2014<br>\u26a0\ufe0f SER\u00c1 ENTREVISTA DE EMPREGO<br>\u26a0\ufe0f N\u00c3O \u00c9 EMPREGO GARANTIDO<br><\/p>\n\n\n\n<hr class=\"wp-block-separator has-alpha-channel-opacity\"\/>\n\n\n\n<p><br>\ud83d\udd25Entrevista AMBEV 15\/10\ud83d\udd25<\/p>\n\n\n\n<ul class=\"wp-block-list\">\n<li>Vagas de Motoristas categoria D ou E<\/li>\n\n\n\n<li>Vagas de Ajudante de Motorista<\/li>\n\n\n\n<li>Vagas de Conferente<\/li>\n\n\n\n<li>Vagas de Ajudante de Armaz\u00e9m<\/li>\n\n\n\n<li>Vagas Operador de Empilhadeira<\/li>\n<\/ul>\n\n\n\n<p>Comparecer na Via Anhanguera, 305 + 950 &#8211; Parque dos Lagos, Ribeir\u00e3o Preto &#8211; SP, 14097-140. Avisar que foi encaminhado por Ismael Colosi(Agrade\u00e7o aos 530 votos recebidos para vereador, muito obrigado) \ud83e\udec2. Ir \u00e0s 9h.<br>Para mais vagas de empregos, cursos gratuitos e curr\u00edculos gr\u00e1tis chamar no 16991268411<br>\u26a0\ufe0f TRABALHO DESENVOLVIDO DESDE 2014<br>\u26a0\ufe0f SER\u00c1 ENTREVISTA DE EMPREGO<br>\u26a0\ufe0f N\u00c3O \u00c9 EMPREGO GARANTIDO<\/p>\n\n\n\n<hr class=\"wp-block-separator has-alpha-channel-opacity\"\/>\n\n\n\n<p>\ud83d\udd25<strong> ENTREVISTA DIA 15\/10<\/strong> \ud83d\udd25<br>Vaga: AUXILIAR DE PRODU\u00c7\u00c3O (SEXO MASCULINO)<\/p>\n\n\n\n<div class=\"wp-block-group is-vertical is-layout-flex wp-container-core-group-is-layout-8cf370e7 wp-block-group-is-layout-flex\">\n<p>Comparecer na Rua: Pompeu de Camargo, 256- Campos Eliseos. Avisar que foi encaminhado por Ismael Colosi \ud83e\udec2. <br>Para mais vagas de empregos, cursos gratuitos e curr\u00edculos gr\u00e1tis chamar no 16991268411(Agrade\u00e7o aos 530 votos recebidos para vereador, muito obrigado)<strong>Ir \u00e0s 15h.<\/strong><br>\u26a0\ufe0f TRABALHO DESENVOLVIDO DESDE 2014<br>\u26a0\ufe0f SER\u00c1 ENTREVISTA DE EMPREGO<br>\u26a0\ufe0f N\u00c3O \u00c9 EMPREGO GARANTIDO<br><\/p>\n<\/div>\n\n\n\n<hr class=\"wp-block-separator has-alpha-channel-opacity\"\/>\n\n\n\n<p><\/p>\n\n\n\n<div class=\"wp-block-group is-vertical is-layout-flex wp-container-core-group-is-layout-8cf370e7 wp-block-group-is-layout-flex\">\n<p>\ud83d\udd25<strong> Entrevista 15\/10<\/strong> \ud83d\udd25<\/p>\n\n\n\n<p>Vaga: Jovem Aprendiz<\/p>\n\n\n\n<ul class=\"wp-block-list\">\n<li>5 horas por dia<br>\ud83d\udccdComparecer na Av. Ermelinda Corrado, 53 &#8211; Parque dos Bandeirantes, Ribeir\u00e3o Preto &#8211; SP, 14090-480 Avisar que foi encaminhado por Ismael Colosi \ud83e\udec2. <\/li>\n<\/ul>\n\n\n\n<p>Para mais vagas de empregos, cursos gratuitos e curr\u00edculos gr\u00e1tis chamar no 16991268411(Agrade\u00e7o aos 530 votos recebidos para vereador, muito obrigado)<strong>Ir das 13:00h at\u00e9 as 17h00.<\/strong><br>\u26a0\ufe0f TRABALHO DESENVOLVIDO DESDE 2014<br>\u26a0\ufe0f SER\u00c1 ENTREVISTA DE EMPREGO<br>\u26a0\ufe0f N\u00c3O \u00c9 EMPREGO GARANTIDO<\/p>\n<\/div>\n\n\n\n<hr class=\"wp-block-separator has-alpha-channel-opacity\"\/>\n\n\n\n<p><\/p>\n\n\n\n<p>\ud83d\udd25 <strong>Entrevista 15\/10 <\/strong>\ud83d\udd25<\/p>\n\n\n\n<div class=\"wp-block-group is-vertical is-layout-flex wp-container-core-group-is-layout-8cf370e7 wp-block-group-is-layout-flex\">\n<p>Vaga: A\u00e7ougueiro e Ajudante<br>(LOJA Casa de Carnes Boi do Interior)<\/p>\n\n\n\n<p>\ud83d\udccdComparecer na Av Caramuru 204<\/p>\n\n\n\n<p>Avisar que foi encaminhado por Ismael Colosi \ud83e\udec2.<\/p>\n\n\n\n<p>Para mais vagas de empregos, cursos gratuitos e curr\u00edculos gr\u00e1tis chamar no 16991268411 (Agrade\u00e7o aos 530 votos recebidos para vereador, muito obrigado)<strong> Ir \u00e0s 14h.<\/strong><br>\u26a0\ufe0f TRABALHO DESENVOLVIDO DESDE 2014<br>\u26a0\ufe0f SER\u00c1 ENTREVISTA DE EMPREGO<br>\u26a0\ufe0f N\u00c3O \u00c9 EMPREGO GARANTIDO <\/p>\n<\/div>\n\n\n\n<hr class=\"wp-block-separator has-alpha-channel-opacity\"\/>\n\n\n\n<div class=\"wp-block-group is-vertical is-layout-flex wp-container-core-group-is-layout-8cf370e7 wp-block-group-is-layout-flex\">\n<p>\ud83d\udd25 <strong>ENTREVISTA DIA 15\/10<\/strong> \ud83d\udd25<\/p>\n\n\n\n<p>VAGAS: Padeiro<br>Operador de e-comerce<br>Atendente de Mercearia<\/p>\n\n\n\n<p>Comparecer na<br>Av Her\u00e1clito Fontoura Sobral pinto 350<br>Cond. Guapore Avisar que foi encaminhado por Ismael Colosi \ud83e\udec2. <br>Para mais vagas de empregos, cursos gratuitos e curr\u00edculos gr\u00e1tis chamar no 16991268411(Agrade\u00e7o aos 530 votos recebidos para vereador, muito obrigado)<strong>Ir \u00e0s 10h<\/strong><br>\u26a0\ufe0f TRABALHO DESENVOLVIDO DESDE 2014<br>\u26a0\ufe0f SER\u00c1 ENTREVISTA DE EMPREGO<br>\u26a0\ufe0f N\u00c3O \u00c9 EMPREGO GARANTIDO <\/p>\n<\/div>\n\n\n\n<hr class=\"wp-block-separator has-alpha-channel-opacity\"\/>\n\n\n\n<div class=\"wp-block-group is-vertical is-layout-flex wp-container-core-group-is-layout-8cf370e7 wp-block-group-is-layout-flex\">\n<div class=\"wp-block-group is-vertical is-layout-flex wp-container-core-group-is-layout-8cf370e7 wp-block-group-is-layout-flex\">\n<p>\ud83d\udd25 <strong>ENTREVISTA DIA 15\/10<\/strong> \ud83d\udd25<\/p>\n\n\n\n<ul class=\"wp-block-list\">\n<li>Vagas:<\/li>\n\n\n\n<li>Auxiliar de log\u00edstica<\/li>\n\n\n\n<li>Auxiliar de Limpeza<\/li>\n\n\n\n<li>Porteiro<\/li>\n\n\n\n<li>Vigilante<\/li>\n<\/ul>\n\n\n\n<p>Comparecer na Avenida Francisco Junqueira n\u00ba 2.625, Jardim Macedo. Avisar que foi encaminhado por Ismael Colosi \ud83e\udec2.<br>Para mais vagas de empregos, cursos gratuitos e curr\u00edculos gr\u00e1tis chamar no 16991268411 (Agrade\u00e7o aos 530 votos recebidos para vereador, muito obrigado) <strong>Ir \u00e0s 13h30.<\/strong><br>\u26a0\ufe0f TRABALHO DESENVOLVIDO DESDE 2014<br>\u26a0\ufe0f SER\u00c1 ENTREVISTA DE EMPREGO<br>\u26a0\ufe0f N\u00c3O \u00c9 EMPREGO GARANTIDO<\/p>\n<\/div>\n<\/div>\n\n\n\n<hr class=\"wp-block-separator has-alpha-channel-opacity\"\/>\n\n\n\n<div class=\"wp-block-group is-vertical is-layout-flex wp-container-core-group-is-layout-8cf370e7 wp-block-group-is-layout-flex\">\n<p>\ud83d\udd25 <strong>ENTREVISTA DIA 15\/10<\/strong> \ud83d\udd25<br>Vaga: AUXILIAR DE LIMPEZA \ud83d\udea8<br>Vaga para condom\u00ednios, em Ribeir\u00e3o Preto (SP).<\/p>\n\n\n\n<p>Sal\u00e1rio: R$1.738,00 + VT + Ticket Alimenta\u00e7\u00e3o (R$ 500,00)<br>Hor\u00e1rio : 6&#215;1 (06h \u00e0s 15h, 07h \u00e0s 16h, 08h \u00e0s 17h ou 09h \u00e0s 18h).<br>Vaga 4H : 08:00 ao 12:00 (atuar\u00e1 em um banco no Dabi Business Park &#8211; URGENTE)<br>Interessadas comparecer com curr\u00edculo em m\u00e3os no endere\u00e7o: Avenida Calif\u00f3rnia, 519\u00b0 &#8211; Jardim Calif\u00f3rnia, Ribeir\u00e3o Preto &#8211; SP. Avisar que foi encaminhado por Ismael Colosi \ud83e\udec2. (Agrade\u00e7o aos 530 votos recebidos para vereador, muito obrigado)<strong>Ir \u00e0s 14h.<\/strong><br>Para mais vagas de empregos, cursos gratuitos e curr\u00edculos gr\u00e1tis chamar no 16991268411<br>\u26a0\ufe0f TRABALHO DESENVOLVIDO DESDE 2014<br>\u26a0\ufe0f SER\u00c1 ENTREVISTA DE EMPREGO<br>\u26a0\ufe0f N\u00c3O \u00c9 EMPREGO GARANTIDO<\/p>\n<\/div>\n\n\n\n<hr class=\"wp-block-separator has-alpha-channel-opacity\"\/>\n\n\n\n<div class=\"wp-block-group is-vertical is-layout-flex wp-container-core-group-is-layout-8cf370e7 wp-block-group-is-layout-flex\">\n<p>\ud83d\udd25<strong> ENTREVISTA DIA 15\/10<\/strong> \ud83d\udd25<\/p>\n\n\n\n<p>VAGAS: Atendente de Loja (Preferencial por Mulheres)<\/p>\n\n\n\n<p>ir na Av. Lygia Latuf Salom\u00e3o, 605 Novo Mercad\u00e3o da Cidade &#8211; Rua E, Box 35. Na Loja Bonde nata Avisar que foi encaminhado por Ismael Colosi \ud83e\udec2. <br>Para mais vagas de empregos, cursos gratuitos e curr\u00edculos gr\u00e1tis chamar no 16991268411(Agrade\u00e7o aos 530 votos recebidos para vereador, muito obrigado)<strong>Ir das 15:30h \u00e0s 17:00h<\/strong><br>\u26a0\ufe0f TRABALHO DESENVOLVIDO DESDE 2014<br>\u26a0\ufe0f SER\u00c1 ENTREVISTA DE EMPREGO<\/p>\n<\/div>\n\n\n\n<hr class=\"wp-block-separator has-alpha-channel-opacity\"\/>\n\n\n\n<div class=\"wp-block-group is-vertical is-layout-flex wp-container-core-group-is-layout-8cf370e7 wp-block-group-is-layout-flex\">\n<p>\ud83d\udd25<strong>ENTREVISTA 15\/10<\/strong>\ud83d\udd25<\/p>\n\n\n\n<p>\ud83d\udcbc Vagas:<br><strong>Operador de padaria produ\u00e7\u00e3o<br>Operador de pizzaria<br>Operadora de caixa<br>Executante de limpeza<br>Fiscal de loja<br>A\u00e7ougueiro<\/strong><\/p>\n\n\n\n<p>Comparecer TRAGA SEU CURR\u00cdCULO IMPRESSO!<\/p>\n\n\n\n<p>Comparecer na Avenida Dom Pedro I, 1316 &#8211; Ipiranga &#8211; Ribeir\u00e3o Preto \u2014SP. Avisar que foi encaminhado por Ismael Colosi \ud83e\udec2<br>Para mais vagas de empregos, cursos gratuitos e curr\u00edculos gr\u00e1tis chamar no 16991268411.(Agrade\u00e7o aos 530 votos recebidos para vereador, muito obrigado)<strong>Ir \u00e0s 14h<\/strong><\/p>\n\n\n\n<p>\u26a0\ufe0f TRABALHO DESENVOLVIDO DESDE 2014<br>\u26a0\ufe0f SER\u00c1 ENTREVISTA DE EMPREGO<br>\u26a0\ufe0f N\u00c3O \u00c9 EMPREGO GARANTIDO<\/p>\n<\/div>\n\n\n\n<hr class=\"wp-block-separator has-alpha-channel-opacity\"\/>\n\n\n\n<div class=\"wp-block-group is-vertical is-layout-flex wp-container-core-group-is-layout-8cf370e7 wp-block-group-is-layout-flex\">\n<p><\/p>\n\n\n\n<hr class=\"wp-block-separator has-alpha-channel-opacity\"\/>\n<\/div>\n\n\n\n<div class=\"wp-block-group is-vertical is-layout-flex wp-container-core-group-is-layout-8cf370e7 wp-block-group-is-layout-flex\">\n<p>\ud83d\udd25 <strong>ENTREVISTA DIA 15\/10<\/strong> \ud83d\udd25<\/p>\n\n\n\n<p>VAGAS: Atendente de restaurante<\/p>\n\n\n\n<p>TRAGA SEU CURR\u00cdCULO IMPRESSO!<\/p>\n\n\n\n<p>Ir na Av. Cel. Fernando Ferreira Leite, 1540 &#8211; Loja 6. Avisar que foi encaminhado por Ismael Colosi (Agrade\u00e7o aos 530 votos recebidos para vereador, muito obrigado)\ud83e\udec2. <strong>Ir \u00e0s 15:30h<\/strong><br>Para mais vagas de empregos, cursos gratuitos e curr\u00edculos gr\u00e1tis chamar no 16991268411(Agrade\u00e7o aos 530 votos recebidos para vereador, muito obrigado)<br>\u26a0\ufe0f TRABALHO DESENVOLVIDO DESDE 2014<br>\u26a0\ufe0f SER\u00c1 ENTREVISTA DE EMPREGO<br>\u26a0\ufe0f N\u00c3O \u00c9 EMPREGO GARANTIDO<\/p>\n<\/div>\n\n\n\n<hr class=\"wp-block-separator has-alpha-channel-opacity\"\/>\n\n\n\n<div class=\"wp-block-group is-vertical is-layout-flex wp-container-core-group-is-layout-8cf370e7 wp-block-group-is-layout-flex\">\n<p>\ud83d\udd25 <strong>ENTREVISTA DIA 15\/10<\/strong> \ud83d\udd25<\/p>\n\n\n\n<p>VAGAS: Limpador de Vidro<br>Auxiliar (Limpeza)<br>Jovem aprendiz (Limpeza)<br>PCD (Limpeza)<\/p>\n\n\n\n<p>Disponibilidade para trabalhar em algum dos hor\u00e1rios<br>TRAGA SEU CURR\u00cdCULO IMPRESSO!<br>Ir na Rua Padre Feijo, 815, Avisar que foi encaminhado por Ismael Colosi(Agrade\u00e7o aos 530 votos recebidos para vereador, muito obrigado) \ud83e\udec2.<strong> Ir \u00e0s 13h30<\/strong><br>Para mais vagas de empregos, cursos gratuitos e curr\u00edculos gr\u00e1tis chamar no 16991268411<br>\u26a0\ufe0f TRABALHO DESENVOLVIDO DESDE 2014<br>\u26a0\ufe0f SER\u00c1 ENTREVISTA DE EMPREGO<br>\u26a0\ufe0f N\u00c3O \u00c9 EMPREGO GARANTIDO<br><\/p>\n<\/div>\n\n\n\n<hr class=\"wp-block-separator has-alpha-channel-opacity\"\/>\n\n\n\n<div class=\"wp-block-group is-vertical is-layout-flex wp-container-core-group-is-layout-8cf370e7 wp-block-group-is-layout-flex\">\n<p>\ud83d\udd25<strong>ENTREVISTA 15\/10<\/strong>\ud83d\udd25<\/p>\n\n\n\n<p>VAGAS;<br><strong>AUXILIAR DE LIMPEZA SAL\u00c3O<br>ATENDENTE DE RESTAURANTE<br>AUXILIAR DE COZINHA<\/strong><\/p>\n\n\n\n<p>REQUISITOS:<br>Obrigat\u00f3rio ter 18 anos completos;<br>Ensino M\u00e9dio Completo;<br>Reservista &#8211; para homens (j\u00e1 ter se apresentado e ter sido dispensado dos servi\u00e7os militares);<\/p>\n\n\n\n<p>Disponibilidade de Hor\u00e1rio.<br>Interessados, Comparecer no Outback &#8211; Shopping Santa \u00darsula &#8211; R. S\u00e3o Jos\u00e9, 933 &#8211; Centro, Ribeir\u00e3o Preto &#8211; SP. Avisar que foi encaminhado por Ismael Colosi(Agrade\u00e7o aos 530 votos recebidos para vereador, muito obrigado)\ud83e\udec2.<strong> Ir \u00e0s 16h.<\/strong><br>Para mais vagas de empregos, cursos gratuitos e curr\u00edculos gr\u00e1tis chamar no 16991268411<br>\u26a0\ufe0f TRABALHO DESENVOLVIDO DESDE 2014<br>\u26a0\ufe0f SER\u00c1 ENTREVISTA DE EMPREGO<br>\u26a0\ufe0f N\u00c3O \u00c9 EMPREGO GARANTIDO<\/p>\n<\/div>\n\n\n\n<hr class=\"wp-block-separator has-alpha-channel-opacity\"\/>\n\n\n\n<div class=\"wp-block-group is-vertical is-layout-flex wp-container-core-group-is-layout-8cf370e7 wp-block-group-is-layout-flex\">\n<p>\ud83d\udd25<strong> ENTREVISTA DIA 15\/10<\/strong> \ud83d\udd25<\/p>\n\n\n\n<p>VAGA: Mec\u00e2nico (Veiculo)<\/p>\n\n\n\n<p>Procura mec\u00e2nico que mexe com motor e suspens\u00e3o<\/p>\n\n\n\n<p>TRAGA SEU CURR\u00cdCULO IMPRESSO!<br>Comparecer na Rua Par\u00e1, 105. Avisar que foi encaminhado por Ismael Colosi(Agrade\u00e7o aos 530 votos recebidos para vereador, muito obrigado) \ud83e\udec2<strong>. Ir \u00e0s 14h.<\/strong><br>Para mais vagas de empregos, cursos gratuitos e curr\u00edculos gr\u00e1tis chamar no 16991268411<br>\u26a0\ufe0f TRABALHO DESENVOLVIDO DESDE 2014<br>\u26a0\ufe0f SER\u00c1 ENTREVISTA DE EMPREGO<br>\u26a0\ufe0f N\u00c3O \u00c9 EMPREGO GARANTIDO<\/p>\n<\/div>\n\n\n\n<hr class=\"wp-block-separator has-alpha-channel-opacity\"\/>\n\n\n\n<div class=\"wp-block-group is-vertical is-layout-flex wp-container-core-group-is-layout-8cf370e7 wp-block-group-is-layout-flex\">\n<p>\ud83d\udd25 <strong>ENTREVISTA DIA 15\/10 <\/strong>\ud83d\udd25<\/p>\n\n\n\n<p>VAGAS:<br><strong>Auxiliar de cozinha ,<br>Cozinheiro,<br>Auxiliar de armaz\u00e9m,<br>T\u00e9cnico de manuten\u00e7\u00e3o(t\u00e9cnico em manuten\u00e7\u00e3o, nr10 e nr35),<br>Auxiliar de manuten\u00e7\u00e3o (nr10 e nr35)<br>Fiscal de preven\u00e7\u00e3o<\/strong><\/p>\n\n\n\n<p>Comparecer na AV. Henry Nestle,100 Avisar que foi encaminhado por Ismael Colosi (Agrade\u00e7o aos 530 votos recebidos para vereador, muito obrigado) \ud83e\udec2.<strong> Ir \u00e0s 08:30 ou \u00e0s 14:00<\/strong><br>Para mais vagas de empregos, cursos gratuitos e curr\u00edculos gr\u00e1tis chamar no 16991268411<br>\u26a0\ufe0f TRABALHO DESENVOLVIDO DESDE 2014<br>\u26a0\ufe0f SER\u00c1 ENTREVISTA DE EMPREGO<br>\u26a0\ufe0f N\u00c3O \u00c9 EMPREGO GARANTIDO<br><\/p>\n<\/div>\n\n\n\n<hr class=\"wp-block-separator has-alpha-channel-opacity\"\/>\n\n\n\n<div class=\"wp-block-group is-vertical is-layout-flex wp-container-core-group-is-layout-8cf370e7 wp-block-group-is-layout-flex\">\n<p>\ud83d\udd25 <strong>ENTREVISTA 15\/10<\/strong> \ud83d\udd25<\/p>\n\n\n\n<p>VAGAS:<br><strong>Operador(a) de Caixa<br>Preven\u00e7\u00e3o de Perdas<br>Auxiliar de Deposito<br>Auxiliar de Cozinha<\/strong><\/p>\n\n\n\n<p>Comparecer na Av. Eduardo Andreia Matarazzo, 4015 &#8211; Via Norte Avisar que foi encaminhado por Ismael Colosi (Agrade\u00e7o aos 530 votos recebidos para vereador, muito obrigado) \ud83e\udec2<strong>Ir \u00e0s 15h<\/strong><br>Para mais vagas de empregos, cursos gratuitos e curr\u00edculos gr\u00e1tis chamar no 16991268411.<\/p>\n\n\n\n<p>\u26a0\ufe0f TRABALHO DESENVOLVIDO DESDE 2014<br>\u26a0\ufe0f SER\u00c1 ENTREVISTA DE EMPREGO<br>\u26a0\ufe0f N\u00c3O \u00c9 EMPREGO GARANTIDO<br><\/p>\n<\/div>\n\n\n\n<hr class=\"wp-block-separator has-alpha-channel-opacity\"\/>\n\n\n\n<div class=\"wp-block-group is-vertical is-layout-flex wp-container-core-group-is-layout-8cf370e7 wp-block-group-is-layout-flex\">\n<p>\ud83d\udd25 <strong>ENTREVISTA 15\/10<\/strong> \ud83d\udd25<\/p>\n\n\n\n<p>VAGAS:<br><strong>Auxiliar de Armaz\u00e9m<br>Conferente<br>Operador de empilhadeira (necessita de curso)<br>Operador de transpaleteira (necessita de curso)<br>T\u00e9cnico de manuten\u00e7\u00e3o (necessita de curso)<\/strong><\/p>\n\n\n\n<p>Comparecer na Via Jos\u00e9 Luiz Galv\u00e3o 1905, Bairro Bom Jesus, Avisar que foi encaminhado por Ismael Colosi (Agrade\u00e7o aos 530 votos recebidos para vereador, muito obrigado) \ud83e\udec2<strong>Ir \u00e0s 15h<\/strong><br>Para mais vagas de empregos, cursos gratuitos e curr\u00edculos gr\u00e1tis chamar no 16991268411.<\/p>\n\n\n\n<p>\u26a0\ufe0f TRABALHO DESENVOLVIDO DESDE 2014<br>\u26a0\ufe0f SER\u00c1 ENTREVISTA DE EMPREGO<br>\u26a0\ufe0f N\u00c3O \u00c9 EMPREGO GARANTIDO<br><\/p>\n<\/div>\n\n\n\n<hr class=\"wp-block-separator has-alpha-channel-opacity\"\/>\n\n\n\n<div class=\"wp-block-group is-vertical is-layout-flex wp-container-core-group-is-layout-8cf370e7 wp-block-group-is-layout-flex\">\n<p><br>\ud83d\udd25<strong> Entrevista 15\/10<\/strong> \ud83d\udd25<\/p>\n\n\n\n<p>Vaga: <strong>Jovem aprendiz \/ Estagio<\/strong><\/p>\n\n\n\n<p>16 anos e 17 anos<br>Cursando ensino m\u00e9dio<br>Morar em Ribeir\u00e3o Preto<\/p>\n\n\n\n<p>\ud83d\udccdComparecer na R. Ant\u00f4nio Fernandes Figuer\u00f4a, 1400 &#8211; Parque Industrial Lagoinha, Ribeir\u00e3o Preto &#8211; SP. Avisar que foi encaminhado por Ismael Colosi(Agrade\u00e7o aos 530 votos recebidos para vereador, muito obrigado) \ud83e\udec2<strong>. Ir \u00e0s 14h.<\/strong><br>Para mais vagas de empregos, cursos gratuitos e curr\u00edculos gr\u00e1tis chamar no 16991268411<br>\u26a0\ufe0f TRABALHO DESENVOLVIDO DESDE 2014<br>\u26a0\ufe0f SER\u00c1 ENTREVISTA DE EMPREGO<br>\u26a0\ufe0f N\u00c3O \u00c9 EMPREGO GARANTIDO<\/p>\n<\/div>\n\n\n\n<hr class=\"wp-block-separator has-alpha-channel-opacity\"\/>\n\n\n\n<div class=\"wp-block-group is-vertical is-layout-flex wp-container-core-group-is-layout-8cf370e7 wp-block-group-is-layout-flex\">\n<p>\ud83d\udd25 <strong>ENTREVISTA DIA 15\/10<\/strong> \ud83d\udd25<\/p>\n\n\n\n<p>VAGA:<br>\u2714\ufe0f<strong>Mercearia abastecimento madrugada<br>\u2714\ufe0fE-commerce<br>\u2714\ufe0fbalc\u00e3o frios<br>\u2714\ufe0fFiscal de preven\u00e7\u00e3o de perdas<\/strong><br>Procurar Danielle ou Cristiane<\/p>\n\n\n\n<p>TRAGA SEU CURR\u00cdCULO IMPRESSO!<br>Comparecer na Av. Prof. Jo\u00e3o Fi\u00fasa, S\/N\u00b0 &#8211; Jardim Canada, Ribeir\u00e3o Preto &#8211; SP, 14024-260. P\u00e3o de A\u00e7\u00facar Avisar que foi encaminhado por Ismael Colosi \ud83e\udec2 (Agrade\u00e7o aos 530 votos recebidos para vereador, muito obrigado) <strong>Ir \u00e0s 14h<\/strong><br>Para mais vagas de empregos, cursos gratuitos e curr\u00edculos gr\u00e1tis chamar no 16991268411.<\/p>\n\n\n\n<p>\u26a0\ufe0f TRABALHO DESENVOLVIDO DESDE 2014<br>\u26a0\ufe0f SER\u00c1 ENTREVISTA DE EMPREGO<br>\u26a0\ufe0f N\u00c3O \u00c9 EMPREGO GARANTIDO<\/p>\n<\/div>\n\n\n\n<hr class=\"wp-block-separator has-alpha-channel-opacity\"\/>\n\n\n\n<div class=\"wp-block-group is-vertical is-layout-flex wp-container-core-group-is-layout-8cf370e7 wp-block-group-is-layout-flex\">\n<p>\ud83d\udd25<strong> Entrevista 15\/10<\/strong> \ud83d\udd25<\/p>\n\n\n\n<p>Vaga: <strong>Operador de Telesservi\u00e7os<\/strong><br>SEM EXPERI\u00caNCIA (HOMEM OU MULHER)<\/p>\n\n\n\n<p>\ud83d\udccdComparecer na R. Ant\u00f4nio Fernandes Figuer\u00f4a, 1400 &#8211; Parque Industrial Lagoinha, Ribeir\u00e3o Preto &#8211; SP. Avisar que foi encaminhado por Ismael Colosi (Agrade\u00e7o aos 530 votos recebidos para vereador, muito obrigado)\ud83e\udec2. <strong>Ir \u00e0s 14h.<\/strong><br>Para mais vagas de empregos, cursos gratuitos e curr\u00edculos gr\u00e1tis chamar no 16991268411<br>\u26a0\ufe0f TRABALHO DESENVOLVIDO DESDE 2014<br>\u26a0\ufe0f SER\u00c1 ENTREVISTA DE EMPREGO<br>\u26a0\ufe0f N\u00c3O \u00c9 EMPREGO GARANTIDO<\/p>\n<\/div>\n\n\n\n<hr class=\"wp-block-separator has-alpha-channel-opacity\"\/>\n\n\n\n<div class=\"wp-block-group is-vertical is-layout-flex wp-container-core-group-is-layout-8cf370e7 wp-block-group-is-layout-flex\">\n<p>\ud83d\udd25<strong> ENTREVISTA DIA 15\/10<\/strong> \ud83d\udd25<\/p>\n\n\n\n<p>VAGAS: <strong>Operador(a) de caixa<br>Empacotador<br>Repositor<br>Padaria (balc\u00e3o de atendimento)<br>Frios (balc\u00e3o de atendimento)<br>A\u00e7ougueiro<\/strong><\/p>\n\n\n\n<p>Comparecer no Shopping Iguatemi &#8211; Av. Luiz Eduardo Toledo Prado, 900, LOJA 47 &#8211; Vila do Golfe, Ribeir\u00e3o Preto &#8211; SP, 14027-250 Avisar que foi encaminhado por Ismael Colosi(Agrade\u00e7o aos 530 votos recebidos para vereador, muito obrigado)\ud83e\udec2.<strong> Ir \u00e0s 14h<\/strong><br>Para mais vagas de empregos, cursos gratuitos e curr\u00edculos gr\u00e1tis chamar no 16991268411<br>\u26a0\ufe0f TRABALHO DESENVOLVIDO DESDE 2014<br>\u26a0\ufe0f SER\u00c1 ENTREVISTA DE EMPREGO<br>\u26a0\ufe0f N\u00c3O \u00c9 EMPREGO GARANTIDO<\/p>\n<\/div>\n\n\n\n<hr class=\"wp-block-separator has-alpha-channel-opacity\"\/>\n\n\n\n<div class=\"wp-block-group is-vertical is-layout-flex wp-container-core-group-is-layout-8cf370e7 wp-block-group-is-layout-flex\">\n<p><\/p>\n\n\n\n<hr class=\"wp-block-separator has-alpha-channel-opacity\"\/>\n<\/div>\n\n\n\n<p>\ud83d\udd25 <strong>ENTREVISTA DIA 15\/10<\/strong> \ud83d\udd25<\/p>\n\n\n\n<p>Vagas:<\/p>\n\n\n\n<div class=\"wp-block-group is-vertical is-layout-flex wp-container-core-group-is-layout-8cf370e7 wp-block-group-is-layout-flex\">\n<p>AUXILIAR DE PRODU\u00c7\u00c3O (SEXO MASCULINO)<\/p>\n\n\n\n<p>Comparecer na Rua Jo\u00e3o Ramalho,254 Avisar que foi encaminhado por Ismael Colosi(Para vereador Ismael Colosi, Vote 44.016) \ud83e\udec2. <strong>Ir \u00e0s 15h.<\/strong><\/p>\n\n\n\n<p>Para mais vagas de empregos, cursos gratuitos e curr\u00edculos gr\u00e1tis chamar no 16991268411<\/p>\n\n\n\n<p>\u26a0\ufe0f TRABALHO DESENVOLVIDO DESDE 2014<\/p>\n\n\n\n<p>\u26a0\ufe0f SER\u00c1 ENTREVISTA DE EMPREGO<\/p>\n\n\n\n<p>\u26a0\ufe0f N\u00c3O \u00c9 EMPREGO GARANTIDO<\/p>\n<\/div>\n\n\n\n<hr class=\"wp-block-separator has-alpha-channel-opacity\"\/>\n\n\n\n<div class=\"wp-block-group is-vertical is-layout-flex wp-container-core-group-is-layout-8cf370e7 wp-block-group-is-layout-flex\">\n<p>\ud83d\udd25<strong> Entrevista 15\/10<\/strong> \ud83d\udd25<\/p>\n\n\n\n<p>Vaga: <strong>Operador(a) de telesservi\u00e7os e atendimento <\/strong>(HOMEM OU MULHER)<\/p>\n\n\n\n<p>\ud83d\udccdComparecer na R. Ant\u00f4nio Fernandes Figuer\u00f4a, 1400 &#8211; Parque Industrial Lagoinha, Ribeir\u00e3o Preto &#8211; SP. Avisar que foi encaminhado por Ismael Colosi (Agrade\u00e7o aos 530 votos recebidos para vereador, muito obrigado)\ud83e\udec2.<strong> Ir \u00e0s 14h<\/strong>.<br>Para mais vagas de empregos, cursos gratuitos e curr\u00edculos gr\u00e1tis chamar no 16991268411<br>\u26a0\ufe0f TRABALHO DESENVOLVIDO DESDE 2014<br>\u26a0\ufe0f SER\u00c1 ENTREVISTA DE EMPREGO<br>\u26a0\ufe0f N\u00c3O \u00c9 EMPREGO GARANTIDO<\/p>\n<\/div>\n\n\n\n<hr class=\"wp-block-separator has-alpha-channel-opacity\"\/>\n\n\n\n<div class=\"wp-block-group is-vertical is-layout-flex wp-container-core-group-is-layout-8cf370e7 wp-block-group-is-layout-flex\">\n<p>\ud83d\udd25<strong>ENTREVISTA DIA 15\/10<\/strong> \ud83d\udd25<br>Vaga Aberta<\/p>\n\n\n\n<p><strong>AJUDANTE GERAL<br><\/strong>Somente homem<br>Somente homem<br>Requisitos:<br>Ter CNH AB com experi\u00eancia e habilidade em dirigir na cidade\/rodovia. Ensino m\u00e9dio completo.<br>Enviar CTPS Digital e CNH V\u00e1lida Residir em RIBEIR\u00c3O PRETO\/SP<\/p>\n\n\n\n<p>Sal\u00e1rio e Benef\u00edcios: CLT<br>R$ 1.591,00 + VA R$ 572,00 + VT + Uniforme<br>2a \u00e0 6a feiras das 7h30 \u00e0s 17h30 com 1h12min de almo\u00e7o.<\/p>\n\n\n\n<p>Entrevista na Avenida Rio Pardo 1496 procurar Gisele ou Saulo. Avisar que foi encaminhado por Ismael Colosi \ud83e\udec2. Obg a todos pelos 530 votos, Ir \u00e0s 8h.<\/p>\n\n\n\n<div class=\"wp-block-group is-vertical is-layout-flex wp-container-core-group-is-layout-8cf370e7 wp-block-group-is-layout-flex\">\n<p>Para mais vagas de empregos, cursos gratuitos e curr\u00edculos gr\u00e1tis chamar no 16991268411<br>\u26a0\ufe0f TRABALHO DESENVOLVIDO DESDE 2014<br>\u26a0\ufe0f SER\u00c1 ENTREVISTA DE EMPREGO<br>\u26a0\ufe0f N\u00c3O \u00c9 EMPREGO GARANTIDO<\/p>\n\n\n\n<hr class=\"wp-block-separator has-alpha-channel-opacity\"\/>\n\n\n\n<hr class=\"wp-block-separator has-alpha-channel-opacity\"\/>\n\n\n\n<div class=\"wp-block-group is-vertical is-layout-flex wp-container-core-group-is-layout-8cf370e7 wp-block-group-is-layout-flex\">\n<p><br> \ud83d\udd25<strong>ENTREVISTA DIA 15\/10<\/strong> \ud83d\udd25<\/p>\n\n\n\n<p><strong>AUXILIAR DE LIMPEZA HOSPITALAR<\/strong> &#8211; FEMININO<br>Guima Conseco<\/p>\n\n\n\n<p>Hor\u00e1rios: diurnos 5&#215;1 e 6&#215;1<\/p>\n\n\n\n<p>Sal\u00e1rio\/benef\u00edcios &#8211; R$1590,00 + 20% Insalubridade + VA R$284 + VR R$91 + VT + Conv\u00eanio odontol\u00f3gico<\/p>\n\n\n\n<p>Entrevistas: 15\/10 as 14:00.<br>Trazer curr\u00edculo na entrevista.<\/p>\n\n\n\n<p>Vagas somente para quem reside em Ribeir\u00e3o Preto.<\/p>\n\n\n\n<p>Entrevista na Rua: Tenente Cat\u00e3o Roxo, 3900 &#8211; Vila Monte Alegre, Ribeir\u00e3o Preto &#8211; SP. Avisar que foi encaminhado por Ismael Colosi \ud83e\udec2.<br>Obg a todos pelos 530 votos, Ir \u00e0s 14h.<\/p>\n\n\n\n<p>Para mais vagas de empregos, cursos gratuitos e curr\u00edculos gr\u00e1tis chamar no 16991268411<br>\u26a0\ufe0f TRABALHO DESENVOLVIDO DESDE 2014<br>\u26a0\ufe0f SER\u00c1 ENTREVISTA DE EMPREGO<br>\u26a0\ufe0f N\u00c3O \u00c9 EMPREGO GARANTIDO<\/p>\n<\/div>\n<\/div>\n<\/div>\n<div class='code-block code-block-4' style='margin: 8px auto 8px 0; text-align: left; display: block; clear: both;'>\n\ud83d\udce2 Aviso Legal\n\nO site ismaelcolosi.com.br atua apenas como um canal de divulga\u00e7\u00e3o de oportunidades de emprego e n\u00e3o se responsabiliza pelo processo seletivo, contrata\u00e7\u00e3o ou qualquer outra etapa relacionada \u00e0s vagas publicadas. Todas as informa\u00e7\u00f5es s\u00e3o de responsabilidade dos anunciantes.\n\n\u26a0\ufe0f Aten\u00e7\u00e3o! Nunca pague por promessas de emprego nem compre cursos que garantam contrata\u00e7\u00e3o. Desconfie de qualquer cobran\u00e7a para participar de sele\u00e7\u00f5es.\n\n\n\n<\/div>\n<!-- CONTENT END 1 -->\n","protected":false},"excerpt":{"rendered":"<p>Anote o Endere\u00e7o e Hor\u00e1rio: \ud83d\udccd Ribeir\u00e3o Preto | \ud83d\udd58 15 de outubro de 2024. Chegue com pelo menos 15 minutos de anteced\u00eancia para garantir&#8230;<\/p>\n","protected":false},"author":5,"featured_media":70858,"comment_status":"open","ping_status":"open","sticky":false,"template":"","format":"standard","meta":{"_uag_custom_page_level_css":"","advanced_seo_description":"","jetpack_seo_html_title":"","jetpack_seo_noindex":false,"jetpack_post_was_ever_published":false,"_jetpack_newsletter_access":"","_jetpack_dont_email_post_to_subs":false,"_jetpack_newsletter_tier_id":0,"_jetpack_memberships_contains_paywalled_content":false,"_jetpack_memberships_contains_paid_content":false,"footnotes":"","jetpack_publicize_message":"","jetpack_publicize_feature_enabled":true,"jetpack_social_post_already_shared":true,"jetpack_social_options":{"image_generator_settings":{"template":"highway","default_image_id":0,"font":"","enabled":false},"version":2}},"categories":[1],"tags":[],"class_list":["post-70935","post","type-post","status-publish","format-standard","has-post-thumbnail","hentry","category-blog"],"jetpack_publicize_connections":[],"jetpack_featured_media_url":"https:\/\/i0.wp.com\/ismaelcolosi.com.br\/wp-content\/uploads\/2024\/10\/entrevista-de-emprego-ribeirao-preto.webp?fit=1536%2C864&ssl=1","uagb_featured_image_src":{"full":["https:\/\/i0.wp.com\/ismaelcolosi.com.br\/wp-content\/uploads\/2024\/10\/entrevista-de-emprego-ribeirao-preto.webp?fit=1536%2C864&ssl=1",1536,864,false],"thumbnail":["https:\/\/i0.wp.com\/ismaelcolosi.com.br\/wp-content\/uploads\/2024\/10\/entrevista-de-emprego-ribeirao-preto.webp?resize=150%2C150&ssl=1",150,150,true],"medium":["https:\/\/i0.wp.com\/ismaelcolosi.com.br\/wp-content\/uploads\/2024\/10\/entrevista-de-emprego-ribeirao-preto.webp?fit=300%2C169&ssl=1",300,169,true],"medium_large":["https:\/\/i0.wp.com\/ismaelcolosi.com.br\/wp-content\/uploads\/2024\/10\/entrevista-de-emprego-ribeirao-preto.webp?fit=768%2C432&ssl=1",768,432,true],"large":["https:\/\/i0.wp.com\/ismaelcolosi.com.br\/wp-content\/uploads\/2024\/10\/entrevista-de-emprego-ribeirao-preto.webp?fit=1024%2C576&ssl=1",1024,576,true],"1536x1536":["https:\/\/i0.wp.com\/ismaelcolosi.com.br\/wp-content\/uploads\/2024\/10\/entrevista-de-emprego-ribeirao-preto.webp?fit=1536%2C864&ssl=1",1536,864,true],"2048x2048":["https:\/\/i0.wp.com\/ismaelcolosi.com.br\/wp-content\/uploads\/2024\/10\/entrevista-de-emprego-ribeirao-preto.webp?fit=1536%2C864&ssl=1",1536,864,true],"really-simple-thumb":["https:\/\/i0.wp.com\/ismaelcolosi.com.br\/wp-content\/uploads\/2024\/10\/entrevista-de-emprego-ribeirao-preto.webp?resize=370%2C247&ssl=1",370,247,true]},"uagb_author_info":{"display_name":"Arthur Tijolo","author_link":"https:\/\/ismaelcolosi.com.br\/index.php\/author\/autor-2024\/"},"uagb_comment_info":0,"uagb_excerpt":"Anote o Endere\u00e7o e Hor\u00e1rio: \ud83d\udccd Ribeir\u00e3o Preto | \ud83d\udd58 15 de outubro de 2024. Chegue com pelo menos 15 minutos de anteced\u00eancia para garantir...","jetpack-related-posts":[{"id":71666,"url":"https:\/\/ismaelcolosi.com.br\/index.php\/2024\/10\/17\/mural-de-entrevistas-de-empregos-para-o-periodo-da-manha-dia-18-de-outubro-de-2024-em-ribeirao-preto-sp-participe\/","url_meta":{"origin":70935,"position":0},"title":"Mural de Entrevistas de Empregos para o per\u00edodo da Manh\u00e3 dia 18 de Outubro de 2024 Em Ribeir\u00e3o Preto-SP. Participe","author":"ismaelcolosi.com.br","date":"17 de October de 2024","format":false,"excerpt":"Anote o Endere\u00e7o e Hor\u00e1rio: \ud83d\udccd Ribeir\u00e3o Preto | \ud83d\udd58 18 de Outubro de 2024 (Quinta-feira). Chegue com pelo menos 15 minutos de anteced\u00eancia para garantir a sua vaga e estar preparado para as oportunidades! Traga Seu Curr\u00edculo Atualizado: \u00c9 essencial ter um curr\u00edculo bem elaborado para destacar suas habilidades\u2026","rel":"","context":"In &quot;Entrevistas agendadas para hoje em Ribeir\u00e3o Preto-SP&quot;","block_context":{"text":"Entrevistas agendadas para hoje em Ribeir\u00e3o Preto-SP","link":"https:\/\/ismaelcolosi.com.br\/index.php\/category\/empregos-classificados-vagas-trabalho\/vagas-de-empregos-em-ribeirao-preto-regiao-brasil\/entrevistas-agendadas-para-hoje-em-ribeirao-preto-sp\/"},"img":{"alt_text":"","src":"https:\/\/i0.wp.com\/ismaelcolosi.com.br\/wp-content\/uploads\/2024\/10\/WhatsApp-Image-2024-10-10-at-11.08.44-6.jpeg?fit=1200%2C675&ssl=1&resize=350%2C200","width":350,"height":200,"srcset":"https:\/\/i0.wp.com\/ismaelcolosi.com.br\/wp-content\/uploads\/2024\/10\/WhatsApp-Image-2024-10-10-at-11.08.44-6.jpeg?fit=1200%2C675&ssl=1&resize=350%2C200 1x, https:\/\/i0.wp.com\/ismaelcolosi.com.br\/wp-content\/uploads\/2024\/10\/WhatsApp-Image-2024-10-10-at-11.08.44-6.jpeg?fit=1200%2C675&ssl=1&resize=525%2C300 1.5x, https:\/\/i0.wp.com\/ismaelcolosi.com.br\/wp-content\/uploads\/2024\/10\/WhatsApp-Image-2024-10-10-at-11.08.44-6.jpeg?fit=1200%2C675&ssl=1&resize=700%2C400 2x, https:\/\/i0.wp.com\/ismaelcolosi.com.br\/wp-content\/uploads\/2024\/10\/WhatsApp-Image-2024-10-10-at-11.08.44-6.jpeg?fit=1200%2C675&ssl=1&resize=1050%2C600 3x"},"classes":[]},{"id":71846,"url":"https:\/\/ismaelcolosi.com.br\/index.php\/2024\/10\/18\/mural-de-entrevistas-de-empregos-para-o-periodo-da-manha-dia-21-de-outubro-de-2024-em-ribeirao-preto-sp-participe\/","url_meta":{"origin":70935,"position":1},"title":"Mural de Entrevistas de Empregos para o per\u00edodo da Manh\u00e3 dia 21 de Outubro de 2024. Em Ribeir\u00e3o Preto-SP. Participe","author":"ismaelcolosi.com.br","date":"18 de October de 2024","format":false,"excerpt":"Anote o Endere\u00e7o e Hor\u00e1rio: \ud83d\udccd Ribeir\u00e3o Preto | \ud83d\udd58 21 de Outubro de 2024 (Segunda-feira). Chegue com pelo menos 15 minutos de anteced\u00eancia para garantir a sua vaga e estar preparado para as oportunidades! Traga Seu Curr\u00edculo Atualizado: \u00c9 essencial ter um curr\u00edculo bem elaborado para destacar suas habilidades\u2026","rel":"","context":"In &quot;Entrevistas agendadas para hoje em Ribeir\u00e3o Preto-SP&quot;","block_context":{"text":"Entrevistas agendadas para hoje em Ribeir\u00e3o Preto-SP","link":"https:\/\/ismaelcolosi.com.br\/index.php\/category\/empregos-classificados-vagas-trabalho\/vagas-de-empregos-em-ribeirao-preto-regiao-brasil\/entrevistas-agendadas-para-hoje-em-ribeirao-preto-sp\/"},"img":{"alt_text":"","src":"https:\/\/i0.wp.com\/ismaelcolosi.com.br\/wp-content\/uploads\/2024\/10\/WhatsApp-Image-2024-10-10-at-11.08.44-8.jpeg?fit=1200%2C675&ssl=1&resize=350%2C200","width":350,"height":200,"srcset":"https:\/\/i0.wp.com\/ismaelcolosi.com.br\/wp-content\/uploads\/2024\/10\/WhatsApp-Image-2024-10-10-at-11.08.44-8.jpeg?fit=1200%2C675&ssl=1&resize=350%2C200 1x, https:\/\/i0.wp.com\/ismaelcolosi.com.br\/wp-content\/uploads\/2024\/10\/WhatsApp-Image-2024-10-10-at-11.08.44-8.jpeg?fit=1200%2C675&ssl=1&resize=525%2C300 1.5x, https:\/\/i0.wp.com\/ismaelcolosi.com.br\/wp-content\/uploads\/2024\/10\/WhatsApp-Image-2024-10-10-at-11.08.44-8.jpeg?fit=1200%2C675&ssl=1&resize=700%2C400 2x, https:\/\/i0.wp.com\/ismaelcolosi.com.br\/wp-content\/uploads\/2024\/10\/WhatsApp-Image-2024-10-10-at-11.08.44-8.jpeg?fit=1200%2C675&ssl=1&resize=1050%2C600 3x"},"classes":[]},{"id":72343,"url":"https:\/\/ismaelcolosi.com.br\/index.php\/2024\/10\/21\/mural-de-entrevistas-de-jovem-aprendiz-para-o-dia-22-de-outubro-de-2024-em-ribeirao-preto-sp-participe\/","url_meta":{"origin":70935,"position":2},"title":"Mural de Entrevistas de Jovem Aprendiz para o dia 22 de Outubro de 2024 Em Ribeir\u00e3o Preto-SP. Participe","author":"ismaelcolosi.com.br","date":"21 de October de 2024","format":false,"excerpt":"Anote o Endere\u00e7o e Hor\u00e1rio: \ud83d\udccd Ribeir\u00e3o Preto | \ud83d\udd58 22 de Outubro de 2024 (Sexta-feira). Chegue com pelo menos 15 minutos de anteced\u00eancia para garantir a sua vaga e estar preparado para as oportunidades! Traga Seu Curr\u00edculo Atualizado: \u00c9 essencial ter um curr\u00edculo bem elaborado para destacar suas habilidades\u2026","rel":"","context":"In &quot;Blog&quot;","block_context":{"text":"Blog","link":"https:\/\/ismaelcolosi.com.br\/index.php\/category\/blog\/"},"img":{"alt_text":"","src":"https:\/\/i0.wp.com\/ismaelcolosi.com.br\/wp-content\/uploads\/2024\/10\/template.jpg?fit=1200%2C675&ssl=1&resize=350%2C200","width":350,"height":200,"srcset":"https:\/\/i0.wp.com\/ismaelcolosi.com.br\/wp-content\/uploads\/2024\/10\/template.jpg?fit=1200%2C675&ssl=1&resize=350%2C200 1x, https:\/\/i0.wp.com\/ismaelcolosi.com.br\/wp-content\/uploads\/2024\/10\/template.jpg?fit=1200%2C675&ssl=1&resize=525%2C300 1.5x, https:\/\/i0.wp.com\/ismaelcolosi.com.br\/wp-content\/uploads\/2024\/10\/template.jpg?fit=1200%2C675&ssl=1&resize=700%2C400 2x, https:\/\/i0.wp.com\/ismaelcolosi.com.br\/wp-content\/uploads\/2024\/10\/template.jpg?fit=1200%2C675&ssl=1&resize=1050%2C600 3x"},"classes":[]},{"id":71691,"url":"https:\/\/ismaelcolosi.com.br\/index.php\/2024\/10\/17\/mural-de-entrevistas-de-jovem-aprendiz-para-o-dia-18-de-outubro-de-2024-em-ribeirao-preto-sp-participe\/","url_meta":{"origin":70935,"position":3},"title":"Mural de Entrevistas de Jovem Aprendiz para o dia 18 de Outubro de 2024 Em Ribeir\u00e3o Preto-SP. Participe","author":"ismaelcolosi.com.br","date":"17 de October de 2024","format":false,"excerpt":"Anote o Endere\u00e7o e Hor\u00e1rio: \ud83d\udccd Ribeir\u00e3o Preto | \ud83d\udd58 18 de Outubro de 2024 (Sexta-feira). Chegue com pelo menos 15 minutos de anteced\u00eancia para garantir a sua vaga e estar preparado para as oportunidades! Traga Seu Curr\u00edculo Atualizado: \u00c9 essencial ter um curr\u00edculo bem elaborado para destacar suas habilidades\u2026","rel":"","context":"In &quot;Blog&quot;","block_context":{"text":"Blog","link":"https:\/\/ismaelcolosi.com.br\/index.php\/category\/blog\/"},"img":{"alt_text":"","src":"https:\/\/i0.wp.com\/ismaelcolosi.com.br\/wp-content\/uploads\/2024\/10\/template.jpg?fit=1200%2C675&ssl=1&resize=350%2C200","width":350,"height":200,"srcset":"https:\/\/i0.wp.com\/ismaelcolosi.com.br\/wp-content\/uploads\/2024\/10\/template.jpg?fit=1200%2C675&ssl=1&resize=350%2C200 1x, https:\/\/i0.wp.com\/ismaelcolosi.com.br\/wp-content\/uploads\/2024\/10\/template.jpg?fit=1200%2C675&ssl=1&resize=525%2C300 1.5x, https:\/\/i0.wp.com\/ismaelcolosi.com.br\/wp-content\/uploads\/2024\/10\/template.jpg?fit=1200%2C675&ssl=1&resize=700%2C400 2x, https:\/\/i0.wp.com\/ismaelcolosi.com.br\/wp-content\/uploads\/2024\/10\/template.jpg?fit=1200%2C675&ssl=1&resize=1050%2C600 3x"},"classes":[]},{"id":72302,"url":"https:\/\/ismaelcolosi.com.br\/index.php\/2024\/10\/21\/mural-de-entrevistas-de-empregos-para-o-periodo-da-manha-dia-22-de-outubro-de-2024-em-ribeirao-preto-sp-participe\/","url_meta":{"origin":70935,"position":4},"title":"Mural de Entrevistas de Empregos para o per\u00edodo da Manh\u00e3 dia 22 de Outubro de 2024. Em Ribeir\u00e3o Preto-SP. Participe","author":"ismaelcolosi.com.br","date":"21 de October de 2024","format":false,"excerpt":"Anote o Endere\u00e7o e Hor\u00e1rio: \ud83d\udccd Ribeir\u00e3o Preto | \ud83d\udd58 22 de Outubro de 2024 (Ter\u00e7a-feira). Chegue com pelo menos 15 minutos de anteced\u00eancia para garantir a sua vaga e estar preparado para as oportunidades! Traga Seu Curr\u00edculo Atualizado: \u00c9 essencial ter um curr\u00edculo bem elaborado para destacar suas habilidades\u2026","rel":"","context":"In &quot;Entrevistas agendadas para hoje em Ribeir\u00e3o Preto-SP&quot;","block_context":{"text":"Entrevistas agendadas para hoje em Ribeir\u00e3o Preto-SP","link":"https:\/\/ismaelcolosi.com.br\/index.php\/category\/empregos-classificados-vagas-trabalho\/vagas-de-empregos-em-ribeirao-preto-regiao-brasil\/entrevistas-agendadas-para-hoje-em-ribeirao-preto-sp\/"},"img":{"alt_text":"","src":"https:\/\/i0.wp.com\/ismaelcolosi.com.br\/wp-content\/uploads\/2024\/10\/WhatsApp-Image-2024-10-10-at-11.08.44-9.jpeg?fit=1200%2C675&ssl=1&resize=350%2C200","width":350,"height":200,"srcset":"https:\/\/i0.wp.com\/ismaelcolosi.com.br\/wp-content\/uploads\/2024\/10\/WhatsApp-Image-2024-10-10-at-11.08.44-9.jpeg?fit=1200%2C675&ssl=1&resize=350%2C200 1x, https:\/\/i0.wp.com\/ismaelcolosi.com.br\/wp-content\/uploads\/2024\/10\/WhatsApp-Image-2024-10-10-at-11.08.44-9.jpeg?fit=1200%2C675&ssl=1&resize=525%2C300 1.5x, https:\/\/i0.wp.com\/ismaelcolosi.com.br\/wp-content\/uploads\/2024\/10\/WhatsApp-Image-2024-10-10-at-11.08.44-9.jpeg?fit=1200%2C675&ssl=1&resize=700%2C400 2x, https:\/\/i0.wp.com\/ismaelcolosi.com.br\/wp-content\/uploads\/2024\/10\/WhatsApp-Image-2024-10-10-at-11.08.44-9.jpeg?fit=1200%2C675&ssl=1&resize=1050%2C600 3x"},"classes":[]},{"id":83563,"url":"https:\/\/ismaelcolosi.com.br\/index.php\/2025\/03\/06\/entrevista-dia-8-3-para-consultor-de-locacao-auxiliar-escritorio-para-corretora-de-seguros-com-salario-inicial-r2-300-com-salario-inicial-r1-600-e-auxiliar-administrativo-financeiro-com-salario-i\/","url_meta":{"origin":70935,"position":5},"title":"Entrevista dia 8\/3 para CONSULTOR DE LOCA\u00c7\u00c3O (R$1.600), AUXILIAR ADMINISTRATIVO FINANCEIRO (R$1.800) e AUXILIAR ESCRIT\u00d3RIO PARA CORRETORA DE SEGUROS (R$2.300)","author":"ismaelcolosi.com.br","date":"6 de March de 2025","format":false,"excerpt":"Em um mercado de trabalho cada vez mais din\u00e2mico e competitivo, novas oportunidades surgem a todo momento, e para quem est\u00e1 em busca de um novo desafio, o momento \u00e9 agora. Para quem reside em Ribeir\u00e3o Preto e Bonfim Paulista, chegou a hora de dar um passo importante na carreira.\u2026","rel":"","context":"In &quot;Blog&quot;","block_context":{"text":"Blog","link":"https:\/\/ismaelcolosi.com.br\/index.php\/category\/blog\/"},"img":{"alt_text":"","src":"https:\/\/i0.wp.com\/ismaelcolosi.com.br\/wp-content\/uploads\/2025\/03\/N25C325A3o-Me-Toque-oferece-Curso-de-Auxiliar-Administrativo-1.jpg?fit=687%2C370&ssl=1&resize=350%2C200","width":350,"height":200,"srcset":"https:\/\/i0.wp.com\/ismaelcolosi.com.br\/wp-content\/uploads\/2025\/03\/N25C325A3o-Me-Toque-oferece-Curso-de-Auxiliar-Administrativo-1.jpg?fit=687%2C370&ssl=1&resize=350%2C200 1x, https:\/\/i0.wp.com\/ismaelcolosi.com.br\/wp-content\/uploads\/2025\/03\/N25C325A3o-Me-Toque-oferece-Curso-de-Auxiliar-Administrativo-1.jpg?fit=687%2C370&ssl=1&resize=525%2C300 1.5x"},"classes":[]}],"jetpack_sharing_enabled":true,"jetpack_shortlink":"https:\/\/wp.me\/pfMlyK-is7","_links":{"self":[{"href":"https:\/\/ismaelcolosi.com.br\/index.php\/wp-json\/wp\/v2\/posts\/70935","targetHints":{"allow":["GET"]}}],"collection":[{"href":"https:\/\/ismaelcolosi.com.br\/index.php\/wp-json\/wp\/v2\/posts"}],"about":[{"href":"https:\/\/ismaelcolosi.com.br\/index.php\/wp-json\/wp\/v2\/types\/post"}],"author":[{"embeddable":true,"href":"https:\/\/ismaelcolosi.com.br\/index.php\/wp-json\/wp\/v2\/users\/5"}],"replies":[{"embeddable":true,"href":"https:\/\/ismaelcolosi.com.br\/index.php\/wp-json\/wp\/v2\/comments?post=70935"}],"version-history":[{"count":3,"href":"https:\/\/ismaelcolosi.com.br\/index.php\/wp-json\/wp\/v2\/posts\/70935\/revisions"}],"predecessor-version":[{"id":70979,"href":"https:\/\/ismaelcolosi.com.br\/index.php\/wp-json\/wp\/v2\/posts\/70935\/revisions\/70979"}],"wp:featuredmedia":[{"embeddable":true,"href":"https:\/\/ismaelcolosi.com.br\/index.php\/wp-json\/wp\/v2\/media\/70858"}],"wp:attachment":[{"href":"https:\/\/ismaelcolosi.com.br\/index.php\/wp-json\/wp\/v2\/media?parent=70935"}],"wp:term":[{"taxonomy":"category","embeddable":true,"href":"https:\/\/ismaelcolosi.com.br\/index.php\/wp-json\/wp\/v2\/categories?post=70935"},{"taxonomy":"post_tag","embeddable":true,"href":"https:\/\/ismaelcolosi.com.br\/index.php\/wp-json\/wp\/v2\/tags?post=70935"}],"curies":[{"name":"wp","href":"https:\/\/api.w.org\/{rel}","templated":true}]}}