{"id":70919,"date":"2024-10-14T08:50:06","date_gmt":"2024-10-14T11:50:06","guid":{"rendered":"https:\/\/ismaelcolosi.com.br\/index.php\/2024\/10\/14\/semana-comeca-ensolarada-mas-tem-mudanca-prevista-no-interior-de-sp\/"},"modified":"2024-10-14T08:50:06","modified_gmt":"2024-10-14T11:50:06","slug":"semana-comeca-ensolarada-mas-tem-mudanca-prevista-no-interior-de-sp","status":"publish","type":"post","link":"https:\/\/ismaelcolosi.com.br\/index.php\/2024\/10\/14\/semana-comeca-ensolarada-mas-tem-mudanca-prevista-no-interior-de-sp\/","title":{"rendered":"Semana come\u00e7a ensolarada, mas tem mudan\u00e7a prevista no interior de SP"},"content":{"rendered":"<p> <br \/>\n<\/p>\n<div data-td-block-uid=\"tdi_106\">\n<div class=\"tdb-block-inner td-fix-index\">\n<p><strong>A segunda-feira (14) deve ficar mais ensolarada e com temperaturas em eleva\u00e7\u00e3o no interior de S\u00e3o Paulo.<\/strong><\/p>\n<p>Segundo a <a href=\"https:\/\/www.climatempo.com.br\/\" target=\"_blank\" rel=\"noreferrer noopener\">Climatempo<\/a>, h\u00e1 uma\u00a0pequena possibilidade de <strong>chuva <\/strong>apenas nas regi\u00f5es mais pr\u00f3ximas ao <strong>Tri\u00e2ngulo Mineiro<\/strong>, mas, ainda irregular.<\/p>\n<p>Contudo, <mark style=\"background-color:#fcb900\" class=\"has-inline-color has-black-color\">os modelos meteorol\u00f3gicos indicam mudan\u00e7a\u00a0para o pr\u00f3ximo fim de semana, quando h\u00e1 aumento das condi\u00e7\u00e3o para chuva.\u00a0<\/mark><\/p>\n<h4 class=\"wp-block-heading\"><strong>Pancadas de chuva<\/strong><\/h4>\n<p>A <strong>meteorologia <\/strong>indica a forma\u00e7\u00e3o de uma <strong>baixa press\u00e3o <\/strong>a partir de <strong>sexta-feira (18)<\/strong>, que deve estimular mais <strong>umidade <\/strong>novamente sobre o <strong>estado de S\u00e3o Paulo<\/strong>. <mark style=\"background-color:#fcb900\" class=\"has-inline-color has-black-color\">H\u00e1 condi\u00e7\u00f5es para pancadas de chuva com risco de raios e ventos moderados a forte.<\/mark><\/p>\n<blockquote class=\"wp-block-quote\">\n<p>\u201cGrandes \u00e1reas de instabilidade devem avan\u00e7ar pelo estado de S\u00e3o Paulo no pr\u00f3ximo final de semana, provocando chuva mais frequente, mais generalizada e com alto potencial de temporais, isto, inclusive na Capital, no Centro-Norte, Nordeste e Oeste do estado paulista\u201d<\/p>\n<p><cite>Stefanie Tozzo, meteorologista da Climatempo<\/cite><\/p><\/blockquote>\n<p>SAIBA MAIS<\/p>\n<p>M\u00e9dico \u00e9 socorrido ap\u00f3s batida entre carro e caminh\u00e3o na regi\u00e3o de Ribeir\u00e3o Preto<\/p>\n<h4 class=\"wp-block-heading\"><strong>FIQUE ON<\/strong><\/h4>\n<p>Fique ligado em tudo que acontece em Ribeir\u00e3o Preto e regi\u00e3o. Siga os perfis do<strong>\u00a0acidade on\u00a0<\/strong>no\u00a0<a href=\"https:\/\/www.instagram.com\/acidadeonribeirao\" target=\"_blank\" rel=\"noreferrer noopener\">Instagram<\/a>\u00a0e no\u00a0<a href=\"https:\/\/www.facebook.com\/acidadeonribeirao\/\" target=\"_blank\" rel=\"noreferrer noopener\">Facebook<\/a>.<\/p>\n<p>Receba not\u00edcias do<strong>\u00a0acidade on\u00a0<\/strong>no WhatsApp.\u00a0<a href=\"https:\/\/chat.whatsapp.com\/Fg4ok3aAVyB59DP63pRapr\" target=\"_blank\" rel=\"noreferrer noopener\">Para entrar no grupo, basta clicar aqui.<\/a><\/p>\n<p>Fa\u00e7a uma den\u00fancia ou sugira uma reportagem sobre Ribeir\u00e3o Preto e regi\u00e3o pelo WhatsApp: 16 99117 7802.<\/p>\n<p>VEJA TAMB\u00c9M<\/p>\n<p>Ser\u00e1 o fim dos aplicativos de relacionamento?<\/p>\n<p><!-- CONTENT END 1 -->\n<\/div>\n<\/div>\n<p><script async src=\"\/\/www.instagram.com\/embed.js\"><\/script><br \/>\n<br \/><br \/>\n<br \/><a href=\"https:\/\/www.acidadeon.com\/ribeiraopreto\/cotidiano\/semana-comeca-ensolarada-mas-tem-mudanca-prevista-no-interior-de-sp\/\">Source link <\/a><\/p>\n","protected":false},"excerpt":{"rendered":"<p>A segunda-feira (14) deve ficar mais ensolarada e com temperaturas em eleva\u00e7\u00e3o no interior de S\u00e3o Paulo. Segundo a Climatempo, h\u00e1 uma\u00a0pequena possibilidade de chuva&#8230;<\/p>\n","protected":false},"author":1,"featured_media":70920,"comment_status":"open","ping_status":"open","sticky":false,"template":"","format":"standard","meta":{"_uag_custom_page_level_css":"","advanced_seo_description":"","jetpack_seo_html_title":"","jetpack_seo_noindex":false,"jetpack_post_was_ever_published":false,"_jetpack_newsletter_access":"","_jetpack_dont_email_post_to_subs":false,"_jetpack_newsletter_tier_id":0,"_jetpack_memberships_contains_paywalled_content":false,"_jetpack_memberships_contains_paid_content":false,"footnotes":"","jetpack_publicize_message":"","jetpack_publicize_feature_enabled":true,"jetpack_social_post_already_shared":true,"jetpack_social_options":{"image_generator_settings":{"template":"highway","default_image_id":0,"font":"","enabled":false},"version":2}},"categories":[11],"tags":[],"class_list":["post-70919","post","type-post","status-publish","format-standard","has-post-thumbnail","hentry","category-noticias-de-ribeirao-preto-sp-e-regiao-ismael-colosi"],"jetpack_publicize_connections":[],"jetpack_featured_media_url":"https:\/\/i0.wp.com\/ismaelcolosi.com.br\/wp-content\/uploads\/2024\/10\/WhatsApp-Image-2023-12-25-at-18.44.25.jpeg?fit=1600%2C737&ssl=1","uagb_featured_image_src":{"full":["https:\/\/i0.wp.com\/ismaelcolosi.com.br\/wp-content\/uploads\/2024\/10\/WhatsApp-Image-2023-12-25-at-18.44.25.jpeg?fit=1600%2C737&ssl=1",1600,737,false],"thumbnail":["https:\/\/i0.wp.com\/ismaelcolosi.com.br\/wp-content\/uploads\/2024\/10\/WhatsApp-Image-2023-12-25-at-18.44.25.jpeg?resize=150%2C150&ssl=1",150,150,true],"medium":["https:\/\/i0.wp.com\/ismaelcolosi.com.br\/wp-content\/uploads\/2024\/10\/WhatsApp-Image-2023-12-25-at-18.44.25.jpeg?fit=300%2C138&ssl=1",300,138,true],"medium_large":["https:\/\/i0.wp.com\/ismaelcolosi.com.br\/wp-content\/uploads\/2024\/10\/WhatsApp-Image-2023-12-25-at-18.44.25.jpeg?fit=768%2C354&ssl=1",768,354,true],"large":["https:\/\/i0.wp.com\/ismaelcolosi.com.br\/wp-content\/uploads\/2024\/10\/WhatsApp-Image-2023-12-25-at-18.44.25.jpeg?fit=1024%2C472&ssl=1",1024,472,true],"1536x1536":["https:\/\/i0.wp.com\/ismaelcolosi.com.br\/wp-content\/uploads\/2024\/10\/WhatsApp-Image-2023-12-25-at-18.44.25.jpeg?fit=1536%2C708&ssl=1",1536,708,true],"2048x2048":["https:\/\/i0.wp.com\/ismaelcolosi.com.br\/wp-content\/uploads\/2024\/10\/WhatsApp-Image-2023-12-25-at-18.44.25.jpeg?fit=1600%2C737&ssl=1",1600,737,true],"really-simple-thumb":["https:\/\/i0.wp.com\/ismaelcolosi.com.br\/wp-content\/uploads\/2024\/10\/WhatsApp-Image-2023-12-25-at-18.44.25.jpeg?resize=370%2C247&ssl=1",370,247,true]},"uagb_author_info":{"display_name":"ismaelcolosi.com.br","author_link":"https:\/\/ismaelcolosi.com.br\/index.php\/author\/vidareal-online\/"},"uagb_comment_info":0,"uagb_excerpt":"A segunda-feira (14) deve ficar mais ensolarada e com temperaturas em eleva\u00e7\u00e3o no interior de S\u00e3o Paulo. Segundo a Climatempo, h\u00e1 uma\u00a0pequena possibilidade de chuva...","jetpack-related-posts":[{"id":56050,"url":"https:\/\/ismaelcolosi.com.br\/index.php\/2024\/07\/08\/quando-vai-chover-no-interior-de-sp-veja-previsao-do-tempo\/","url_meta":{"origin":70919,"position":0},"title":"Quando vai chover no interior de SP? Veja previs\u00e3o do tempo","author":"ismaelcolosi.com.br","date":"8 de July de 2024","format":false,"excerpt":"Uma nova frente fria chegou ao sudeste do pa\u00eds, nesta segunda-feira (8), e deve provocar nos pr\u00f3ximos dias, uma mudan\u00e7a significativa no clima em algumas regi\u00f5es do interior do Estado de S\u00e3o Paulo, de acordo com a meteorologia. Diferente da semana passada, a Climatempo diz que a segunda semana do\u2026","rel":"","context":"In &quot;Not\u00edcias de Ribeir\u00e3o Preto-SP e Regi\u00e3o&quot;","block_context":{"text":"Not\u00edcias de Ribeir\u00e3o Preto-SP e Regi\u00e3o","link":"https:\/\/ismaelcolosi.com.br\/index.php\/category\/noticias-de-ribeirao-preto-sp-e-regiao-ismael-colosi\/"},"img":{"alt_text":"","src":"https:\/\/i0.wp.com\/ismaelcolosi.com.br\/wp-content\/uploads\/2024\/07\/chuva_guardachuva_500x320_12022019150254.jpg?fit=500%2C322&ssl=1&resize=350%2C200","width":350,"height":200},"classes":[]},{"id":31626,"url":"https:\/\/ismaelcolosi.com.br\/index.php\/2024\/01\/22\/frio-interior-de-sp-deve-ter-mudanca-de-temperatura-nos-proximos-dias-entenda\/","url_meta":{"origin":70919,"position":1},"title":"Frio? Interior de SP deve ter mudan\u00e7a de temperatura nos pr\u00f3ximos dias; Entenda","author":"ismaelcolosi.com.br","date":"22 de January de 2024","format":false,"excerpt":"O calor intenso vai perder for\u00e7a em grande parte do interior de S\u00e3o Paulo ao longo desta semana, de acordo com a Climatempo. Contudo, n\u00e3o ser\u00e1 uma nova frente fria, mas sim a combina\u00e7\u00e3o de diversos fatores que ir\u00e3o dificultar a eleva\u00e7\u00e3o nas temperaturas. Em Ribeir\u00e3o Preto, por exemplo, a\u2026","rel":"","context":"In &quot;Not\u00edcias de Ribeir\u00e3o Preto-SP e Regi\u00e3o&quot;","block_context":{"text":"Not\u00edcias de Ribeir\u00e3o Preto-SP e Regi\u00e3o","link":"https:\/\/ismaelcolosi.com.br\/index.php\/category\/noticias-de-ribeirao-preto-sp-e-regiao-ismael-colosi\/"},"img":{"alt_text":"","src":"https:\/\/i0.wp.com\/ismaelcolosi.com.br\/wp-content\/uploads\/2024\/01\/nesta_tercafeira_1200x675_01022022071810.jpg?fit=1200%2C675&ssl=1&resize=350%2C200","width":350,"height":200,"srcset":"https:\/\/i0.wp.com\/ismaelcolosi.com.br\/wp-content\/uploads\/2024\/01\/nesta_tercafeira_1200x675_01022022071810.jpg?fit=1200%2C675&ssl=1&resize=350%2C200 1x, https:\/\/i0.wp.com\/ismaelcolosi.com.br\/wp-content\/uploads\/2024\/01\/nesta_tercafeira_1200x675_01022022071810.jpg?fit=1200%2C675&ssl=1&resize=525%2C300 1.5x, https:\/\/i0.wp.com\/ismaelcolosi.com.br\/wp-content\/uploads\/2024\/01\/nesta_tercafeira_1200x675_01022022071810.jpg?fit=1200%2C675&ssl=1&resize=700%2C400 2x, https:\/\/i0.wp.com\/ismaelcolosi.com.br\/wp-content\/uploads\/2024\/01\/nesta_tercafeira_1200x675_01022022071810.jpg?fit=1200%2C675&ssl=1&resize=1050%2C600 3x"},"classes":[]},{"id":65738,"url":"https:\/\/ismaelcolosi.com.br\/index.php\/2024\/09\/13\/veja-quando-ha-previsao-de-chuva-para-o-interior-de-sp\/","url_meta":{"origin":70919,"position":2},"title":"Veja quando h\u00e1 previs\u00e3o de chuva para o interior de SP","author":"ismaelcolosi.com.br","date":"13 de September de 2024","format":false,"excerpt":"A chegada de uma frente fria a partir deste fim de semana pode trazer chuva para o interior de S\u00e3o Paulo. Segundo a Climatempo, a virada no tempo est\u00e1 prevista para acontecer entre domingo (15) e segunda-feira (16). Contudo, a chuva ainda deve demorar alguns dias para chegar em Ribeir\u00e3o\u2026","rel":"","context":"In &quot;Not\u00edcias de Ribeir\u00e3o Preto-SP e Regi\u00e3o&quot;","block_context":{"text":"Not\u00edcias de Ribeir\u00e3o Preto-SP e Regi\u00e3o","link":"https:\/\/ismaelcolosi.com.br\/index.php\/category\/noticias-de-ribeirao-preto-sp-e-regiao-ismael-colosi\/"},"img":{"alt_text":"","src":"https:\/\/i0.wp.com\/ismaelcolosi.com.br\/wp-content\/uploads\/2024\/09\/WhatsApp-Image-2023-12-23-at-18.39.14.jpeg?fit=1200%2C844&ssl=1&resize=350%2C200","width":350,"height":200,"srcset":"https:\/\/i0.wp.com\/ismaelcolosi.com.br\/wp-content\/uploads\/2024\/09\/WhatsApp-Image-2023-12-23-at-18.39.14.jpeg?fit=1200%2C844&ssl=1&resize=350%2C200 1x, https:\/\/i0.wp.com\/ismaelcolosi.com.br\/wp-content\/uploads\/2024\/09\/WhatsApp-Image-2023-12-23-at-18.39.14.jpeg?fit=1200%2C844&ssl=1&resize=525%2C300 1.5x, https:\/\/i0.wp.com\/ismaelcolosi.com.br\/wp-content\/uploads\/2024\/09\/WhatsApp-Image-2023-12-23-at-18.39.14.jpeg?fit=1200%2C844&ssl=1&resize=700%2C400 2x, https:\/\/i0.wp.com\/ismaelcolosi.com.br\/wp-content\/uploads\/2024\/09\/WhatsApp-Image-2023-12-23-at-18.39.14.jpeg?fit=1200%2C844&ssl=1&resize=1050%2C600 3x"},"classes":[]},{"id":51984,"url":"https:\/\/ismaelcolosi.com.br\/index.php\/2024\/06\/03\/nova-frente-fria-traz-chuva-ao-estado-de-sp-nesta-semana-confira-a-previsao\/","url_meta":{"origin":70919,"position":3},"title":"Nova frente fria traz chuva ao estado de SP nesta semana; Confira a previs\u00e3o","author":"ismaelcolosi.com.br","date":"3 de June de 2024","format":false,"excerpt":"O deslocamento de uma frente fria para o Sudeste deve ajudar na entrada de umidade\u00a0no estado de S\u00e3o Paulo. Segundo a Climatempo, h\u00e1 condi\u00e7\u00e3o de chuva entre esta segunda-feira (3) e quarta-feira (5) em \u00e1reas do litoral paulista.\u00a0Na ter\u00e7a-feira (4) a chuva pode chegar at\u00e9 a\u00a0cidade de S\u00e3o Paulo. Como\u2026","rel":"","context":"In &quot;Not\u00edcias de Ribeir\u00e3o Preto-SP e Regi\u00e3o&quot;","block_context":{"text":"Not\u00edcias de Ribeir\u00e3o Preto-SP e Regi\u00e3o","link":"https:\/\/ismaelcolosi.com.br\/index.php\/category\/noticias-de-ribeirao-preto-sp-e-regiao-ismael-colosi\/"},"img":{"alt_text":"","src":"https:\/\/i0.wp.com\/ismaelcolosi.com.br\/wp-content\/uploads\/2024\/06\/guardachuva_500x320_22012017104050.jpg?fit=500%2C322&ssl=1&resize=350%2C200","width":350,"height":200},"classes":[]},{"id":67912,"url":"https:\/\/ismaelcolosi.com.br\/index.php\/2024\/09\/26\/veja-quando-a-frente-fria-traz-chuva-ao-interior-de-sp-e-alivio-no-calor\/","url_meta":{"origin":70919,"position":4},"title":"Veja quando a frente fria traz chuva ao interior de SP e al\u00edvio no calor","author":"ismaelcolosi.com.br","date":"26 de September de 2024","format":false,"excerpt":"O avan\u00e7o de instabilidades associadas ao deslocamento de um frente fria deve favorecer a ocorr\u00eancia de pancadas de chuva isoladas no interior de S\u00e3o Paulo. Segundo a Climatempo, esta nova frente fria deve avan\u00e7ar sobre as regi\u00f5es de Campinas, S\u00e3o Carlos e Ribeir\u00e3o Preto nesta sexta-feira (27). Por causa da\u2026","rel":"","context":"In &quot;Not\u00edcias de Ribeir\u00e3o Preto-SP e Regi\u00e3o&quot;","block_context":{"text":"Not\u00edcias de Ribeir\u00e3o Preto-SP e Regi\u00e3o","link":"https:\/\/ismaelcolosi.com.br\/index.php\/category\/noticias-de-ribeirao-preto-sp-e-regiao-ismael-colosi\/"},"img":{"alt_text":"","src":"https:\/\/i0.wp.com\/ismaelcolosi.com.br\/wp-content\/uploads\/2024\/09\/chuva.jpeg?fit=1200%2C903&ssl=1&resize=350%2C200","width":350,"height":200,"srcset":"https:\/\/i0.wp.com\/ismaelcolosi.com.br\/wp-content\/uploads\/2024\/09\/chuva.jpeg?fit=1200%2C903&ssl=1&resize=350%2C200 1x, https:\/\/i0.wp.com\/ismaelcolosi.com.br\/wp-content\/uploads\/2024\/09\/chuva.jpeg?fit=1200%2C903&ssl=1&resize=525%2C300 1.5x, https:\/\/i0.wp.com\/ismaelcolosi.com.br\/wp-content\/uploads\/2024\/09\/chuva.jpeg?fit=1200%2C903&ssl=1&resize=700%2C400 2x, https:\/\/i0.wp.com\/ismaelcolosi.com.br\/wp-content\/uploads\/2024\/09\/chuva.jpeg?fit=1200%2C903&ssl=1&resize=1050%2C600 3x"},"classes":[]},{"id":67920,"url":"https:\/\/ismaelcolosi.com.br\/index.php\/2024\/09\/26\/veja-quando-a-frente-fria-traz-chuva-e-alivio-no-calor-para-o-interior-de-sp\/","url_meta":{"origin":70919,"position":5},"title":"Veja quando a frente fria traz chuva e al\u00edvio no calor para o interior de SP","author":"ismaelcolosi.com.br","date":"26 de September de 2024","format":false,"excerpt":"O avan\u00e7o de instabilidades associadas ao deslocamento de um frente fria deve favorecer a ocorr\u00eancia de pancadas de chuva isoladas no interior de S\u00e3o Paulo. Segundo a Climatempo, esta nova frente fria deve avan\u00e7ar sobre as regi\u00f5es de Campinas, S\u00e3o Carlos e Ribeir\u00e3o Preto nesta sexta-feira (27). Por causa da\u2026","rel":"","context":"In &quot;Not\u00edcias de Ribeir\u00e3o Preto-SP e Regi\u00e3o&quot;","block_context":{"text":"Not\u00edcias de Ribeir\u00e3o Preto-SP e Regi\u00e3o","link":"https:\/\/ismaelcolosi.com.br\/index.php\/category\/noticias-de-ribeirao-preto-sp-e-regiao-ismael-colosi\/"},"img":{"alt_text":"","src":"https:\/\/i0.wp.com\/ismaelcolosi.com.br\/wp-content\/uploads\/2024\/09\/1727352619_chuva.jpeg?fit=1200%2C903&ssl=1&resize=350%2C200","width":350,"height":200,"srcset":"https:\/\/i0.wp.com\/ismaelcolosi.com.br\/wp-content\/uploads\/2024\/09\/1727352619_chuva.jpeg?fit=1200%2C903&ssl=1&resize=350%2C200 1x, https:\/\/i0.wp.com\/ismaelcolosi.com.br\/wp-content\/uploads\/2024\/09\/1727352619_chuva.jpeg?fit=1200%2C903&ssl=1&resize=525%2C300 1.5x, https:\/\/i0.wp.com\/ismaelcolosi.com.br\/wp-content\/uploads\/2024\/09\/1727352619_chuva.jpeg?fit=1200%2C903&ssl=1&resize=700%2C400 2x, https:\/\/i0.wp.com\/ismaelcolosi.com.br\/wp-content\/uploads\/2024\/09\/1727352619_chuva.jpeg?fit=1200%2C903&ssl=1&resize=1050%2C600 3x"},"classes":[]}],"jetpack_sharing_enabled":true,"jetpack_shortlink":"https:\/\/wp.me\/pfMlyK-irR","_links":{"self":[{"href":"https:\/\/ismaelcolosi.com.br\/index.php\/wp-json\/wp\/v2\/posts\/70919","targetHints":{"allow":["GET"]}}],"collection":[{"href":"https:\/\/ismaelcolosi.com.br\/index.php\/wp-json\/wp\/v2\/posts"}],"about":[{"href":"https:\/\/ismaelcolosi.com.br\/index.php\/wp-json\/wp\/v2\/types\/post"}],"author":[{"embeddable":true,"href":"https:\/\/ismaelcolosi.com.br\/index.php\/wp-json\/wp\/v2\/users\/1"}],"replies":[{"embeddable":true,"href":"https:\/\/ismaelcolosi.com.br\/index.php\/wp-json\/wp\/v2\/comments?post=70919"}],"version-history":[{"count":0,"href":"https:\/\/ismaelcolosi.com.br\/index.php\/wp-json\/wp\/v2\/posts\/70919\/revisions"}],"wp:featuredmedia":[{"embeddable":true,"href":"https:\/\/ismaelcolosi.com.br\/index.php\/wp-json\/wp\/v2\/media\/70920"}],"wp:attachment":[{"href":"https:\/\/ismaelcolosi.com.br\/index.php\/wp-json\/wp\/v2\/media?parent=70919"}],"wp:term":[{"taxonomy":"category","embeddable":true,"href":"https:\/\/ismaelcolosi.com.br\/index.php\/wp-json\/wp\/v2\/categories?post=70919"},{"taxonomy":"post_tag","embeddable":true,"href":"https:\/\/ismaelcolosi.com.br\/index.php\/wp-json\/wp\/v2\/tags?post=70919"}],"curies":[{"name":"wp","href":"https:\/\/api.w.org\/{rel}","templated":true}]}}