{"id":70912,"date":"2024-10-14T07:13:53","date_gmt":"2024-10-14T10:13:53","guid":{"rendered":"https:\/\/ismaelcolosi.com.br\/index.php\/2024\/10\/14\/medico-e-socorrido-apos-batida-entre-carro-e-caminhao-na-regiao-de-ribeirao-preto\/"},"modified":"2024-10-14T07:13:53","modified_gmt":"2024-10-14T10:13:53","slug":"medico-e-socorrido-apos-batida-entre-carro-e-caminhao-na-regiao-de-ribeirao-preto","status":"publish","type":"post","link":"https:\/\/ismaelcolosi.com.br\/index.php\/2024\/10\/14\/medico-e-socorrido-apos-batida-entre-carro-e-caminhao-na-regiao-de-ribeirao-preto\/","title":{"rendered":"M\u00e9dico \u00e9 socorrido ap\u00f3s batida entre carro e caminh\u00e3o na regi\u00e3o de Ribeir\u00e3o Preto"},"content":{"rendered":"<p> <br \/>\n<\/p>\n<div data-td-block-uid=\"tdi_106\">\n<div class=\"tdb-block-inner td-fix-index\">\n<p><strong>Um m\u00e9dico ficou ferido na noite deste domingo (13), ap\u00f3s bater o carro na traseira de um caminh\u00e3o, na rodovia C\u00e2ndido Portinari (SP-334), em Franca, cidade a aproximadamente 80 quil\u00f4metros de Ribeir\u00e3o Preto.<\/strong><\/p>\n<p>De acordo com o Corpo de Bombeiros, o acidente ocorreu pr\u00f3ximo ao Jardim Paineiras, quando o motorista do caminh\u00e3o entrava pela al\u00e7a de acesso da pista.<\/p>\n<p>Com a batida, parte do carro ficou embaixo do caminh\u00e3o.<\/p>\n<p>A v\u00edtima, que tem de 39 anos, foi socorrida at\u00e9 a Santa Casa de Franca por uma equipe dos Bombeiros que passava pela rodovia no momento do acidente. O seu estado de sa\u00fade, contudo, n\u00e3o foi divulgado. <\/p>\n<p>Uma faixa da pista precisou ser interditada.<\/p>\n<p>A ocorr\u00eancia mobilizou equipes do DER (Departamento de Estradas e Rodagem) e da PMR (Pol\u00edcia Militar Rodovi\u00e1ria).<\/p>\n<p>As causas ainda dever\u00e3o ser apuradas pela Pol\u00edcia Civil. (Com EPTV)<\/p>\n<p>SAIBA MAIS<\/p>\n<p>Confira a agenda dos candidatos \u00e0 Prefeitura de Ribeir\u00e3o Preto nesta segunda-feira (14)<\/p>\n<h4 class=\"wp-block-heading\"><strong>FIQUE ON<\/strong><\/h4>\n<p>Fique ligado em tudo que acontece em Ribeir\u00e3o Preto e regi\u00e3o. Siga os perfis do<strong>\u00a0acidade on\u00a0<\/strong>no\u00a0<a href=\"https:\/\/www.instagram.com\/acidadeonribeirao\" target=\"_blank\" rel=\"noreferrer noopener\">Instagram<\/a>\u00a0e no\u00a0<a href=\"https:\/\/www.facebook.com\/acidadeonribeirao\/\" target=\"_blank\" rel=\"noreferrer noopener\">Facebook<\/a>.<\/p>\n<p>Receba not\u00edcias do<strong>\u00a0acidade on\u00a0<\/strong>no WhatsApp.\u00a0<a href=\"https:\/\/chat.whatsapp.com\/Fg4ok3aAVyB59DP63pRapr\" target=\"_blank\" rel=\"noreferrer noopener\">Para entrar no grupo, basta clicar aqui.<\/a><\/p>\n<p>Fa\u00e7a uma den\u00fancia ou sugira uma reportagem sobre Ribeir\u00e3o Preto e regi\u00e3o pelo WhatsApp: 16 99117 7802.<\/p>\n<p>VEJA TAMB\u00c9M<\/p>\n<p>Ser\u00e1 o fim dos aplicativos de relacionamento?<\/p>\n<p><!-- CONTENT END 3 -->\n<\/div>\n<\/div>\n<p><script async src=\"\/\/www.instagram.com\/embed.js\"><\/script><br \/>\n<br \/><br \/>\n<br \/><a href=\"https:\/\/www.acidadeon.com\/ribeiraopreto\/cotidiano\/medico-e-socorrido-apos-batida-entre-carro-e-caminhao-na-regiao-de-ribeirao-preto\/\">Source link <\/a><\/p>\n","protected":false},"excerpt":{"rendered":"<p>Um m\u00e9dico ficou ferido na noite deste domingo (13), ap\u00f3s bater o carro na traseira de um caminh\u00e3o, na rodovia C\u00e2ndido Portinari (SP-334), em Franca,&#8230;<\/p>\n","protected":false},"author":1,"featured_media":70913,"comment_status":"open","ping_status":"open","sticky":false,"template":"","format":"standard","meta":{"_uag_custom_page_level_css":"","advanced_seo_description":"","jetpack_seo_html_title":"","jetpack_seo_noindex":false,"jetpack_post_was_ever_published":false,"_jetpack_newsletter_access":"","_jetpack_dont_email_post_to_subs":false,"_jetpack_newsletter_tier_id":0,"_jetpack_memberships_contains_paywalled_content":false,"_jetpack_memberships_contains_paid_content":false,"footnotes":"","jetpack_publicize_message":"","jetpack_publicize_feature_enabled":true,"jetpack_social_post_already_shared":true,"jetpack_social_options":{"image_generator_settings":{"template":"highway","default_image_id":0,"font":"","enabled":false},"version":2}},"categories":[11],"tags":[],"class_list":["post-70912","post","type-post","status-publish","format-standard","has-post-thumbnail","hentry","category-noticias-de-ribeirao-preto-sp-e-regiao-ismael-colosi"],"jetpack_publicize_connections":[],"jetpack_featured_media_url":"https:\/\/i0.wp.com\/ismaelcolosi.com.br\/wp-content\/uploads\/2024\/10\/ACIDENTE-_2024-10-14_10-00-29_jpg_2024-10-14_10-00-29.webp.webp?fit=2000%2C1443&ssl=1","uagb_featured_image_src":{"full":["https:\/\/i0.wp.com\/ismaelcolosi.com.br\/wp-content\/uploads\/2024\/10\/ACIDENTE-_2024-10-14_10-00-29_jpg_2024-10-14_10-00-29.webp.webp?fit=2000%2C1443&ssl=1",2000,1443,false],"thumbnail":["https:\/\/i0.wp.com\/ismaelcolosi.com.br\/wp-content\/uploads\/2024\/10\/ACIDENTE-_2024-10-14_10-00-29_jpg_2024-10-14_10-00-29.webp.webp?resize=150%2C150&ssl=1",150,150,true],"medium":["https:\/\/i0.wp.com\/ismaelcolosi.com.br\/wp-content\/uploads\/2024\/10\/ACIDENTE-_2024-10-14_10-00-29_jpg_2024-10-14_10-00-29.webp.webp?fit=300%2C216&ssl=1",300,216,true],"medium_large":["https:\/\/i0.wp.com\/ismaelcolosi.com.br\/wp-content\/uploads\/2024\/10\/ACIDENTE-_2024-10-14_10-00-29_jpg_2024-10-14_10-00-29.webp.webp?fit=768%2C554&ssl=1",768,554,true],"large":["https:\/\/i0.wp.com\/ismaelcolosi.com.br\/wp-content\/uploads\/2024\/10\/ACIDENTE-_2024-10-14_10-00-29_jpg_2024-10-14_10-00-29.webp.webp?fit=1024%2C739&ssl=1",1024,739,true],"1536x1536":["https:\/\/i0.wp.com\/ismaelcolosi.com.br\/wp-content\/uploads\/2024\/10\/ACIDENTE-_2024-10-14_10-00-29_jpg_2024-10-14_10-00-29.webp.webp?fit=1536%2C1108&ssl=1",1536,1108,true],"2048x2048":["https:\/\/i0.wp.com\/ismaelcolosi.com.br\/wp-content\/uploads\/2024\/10\/ACIDENTE-_2024-10-14_10-00-29_jpg_2024-10-14_10-00-29.webp.webp?fit=2000%2C1443&ssl=1",2000,1443,true],"really-simple-thumb":["https:\/\/i0.wp.com\/ismaelcolosi.com.br\/wp-content\/uploads\/2024\/10\/ACIDENTE-_2024-10-14_10-00-29_jpg_2024-10-14_10-00-29.webp.webp?resize=370%2C247&ssl=1",370,247,true]},"uagb_author_info":{"display_name":"ismaelcolosi.com.br","author_link":"https:\/\/ismaelcolosi.com.br\/index.php\/author\/vidareal-online\/"},"uagb_comment_info":0,"uagb_excerpt":"Um m\u00e9dico ficou ferido na noite deste domingo (13), ap\u00f3s bater o carro na traseira de um caminh\u00e3o, na rodovia C\u00e2ndido Portinari (SP-334), em Franca,...","jetpack-related-posts":[{"id":48485,"url":"https:\/\/ismaelcolosi.com.br\/index.php\/2024\/05\/03\/carro-capota-apos-batida-e-deixa-vitima-grave-na-rodovia-anhanguera\/","url_meta":{"origin":70912,"position":0},"title":"Carro capota ap\u00f3s batida e deixa v\u00edtima grave na rodovia Anhanguera","author":"ismaelcolosi.com.br","date":"3 de May de 2024","format":false,"excerpt":"Duas pessoas ficaram feridas \u2013 uma delas em estado grave \u2013 depois de uma batida entre um carro e uma caminh\u00e3o na manh\u00e3 desta sexta-feira (3), no km 310 da rodovia Anhanguera (SP-330), em Ribeir\u00e3o Preto. As v\u00edtimas estavam no carro, que capotou em seguida. Segundo a concession\u00e1ria ViaPaulista, houve\u2026","rel":"","context":"In &quot;Not\u00edcias de Ribeir\u00e3o Preto-SP e Regi\u00e3o&quot;","block_context":{"text":"Not\u00edcias de Ribeir\u00e3o Preto-SP e Regi\u00e3o","link":"https:\/\/ismaelcolosi.com.br\/index.php\/category\/noticias-de-ribeirao-preto-sp-e-regiao-ismael-colosi\/"},"img":{"alt_text":"","src":"https:\/\/i0.wp.com\/ismaelcolosi.com.br\/wp-content\/uploads\/2024\/05\/20220618_052659306_bombeiro_bombeiros_600x338_24052022170711.jpg?fit=600%2C337&ssl=1&resize=350%2C200","width":350,"height":200,"srcset":"https:\/\/i0.wp.com\/ismaelcolosi.com.br\/wp-content\/uploads\/2024\/05\/20220618_052659306_bombeiro_bombeiros_600x338_24052022170711.jpg?fit=600%2C337&ssl=1&resize=350%2C200 1x, https:\/\/i0.wp.com\/ismaelcolosi.com.br\/wp-content\/uploads\/2024\/05\/20220618_052659306_bombeiro_bombeiros_600x338_24052022170711.jpg?fit=600%2C337&ssl=1&resize=525%2C300 1.5x"},"classes":[]},{"id":50696,"url":"https:\/\/ismaelcolosi.com.br\/index.php\/2024\/05\/18\/caminhao-com-etanol-pega-fogo-e-provoca-interdicao-de-rodovia-na-regiao-de-ribeirao\/","url_meta":{"origin":70912,"position":1},"title":"Caminh\u00e3o com etanol pega fogo e provoca interdi\u00e7\u00e3o de rodovia na regi\u00e3o de Ribeir\u00e3o","author":"ismaelcolosi.com.br","date":"18 de May de 2024","format":false,"excerpt":"Uma batida entre um caminh\u00e3o-tanque e um carro causou um inc\u00eandio que provocou a interdi\u00e7\u00e3o da rodovia Candido Portinari, em Batatais, na regi\u00e3o de Ribeir\u00e3o Preto. O acidente aconteceu no in\u00edcio da manh\u00e3 deste s\u00e1bado (18) e ningu\u00e9m ficou ferido. De acordo com a Arteris ViaPaulista, o acidente aconteceu na\u2026","rel":"","context":"In &quot;Not\u00edcias de Ribeir\u00e3o Preto-SP e Regi\u00e3o&quot;","block_context":{"text":"Not\u00edcias de Ribeir\u00e3o Preto-SP e Regi\u00e3o","link":"https:\/\/ismaelcolosi.com.br\/index.php\/category\/noticias-de-ribeirao-preto-sp-e-regiao-ismael-colosi\/"},"img":{"alt_text":"","src":"https:\/\/i0.wp.com\/ismaelcolosi.com.br\/wp-content\/uploads\/2024\/05\/AnyConv.com__incendio-caminhao_2024-05-18_12-19-18.webp.webp?fit=1200%2C675&ssl=1&resize=350%2C200","width":350,"height":200,"srcset":"https:\/\/i0.wp.com\/ismaelcolosi.com.br\/wp-content\/uploads\/2024\/05\/AnyConv.com__incendio-caminhao_2024-05-18_12-19-18.webp.webp?fit=1200%2C675&ssl=1&resize=350%2C200 1x, https:\/\/i0.wp.com\/ismaelcolosi.com.br\/wp-content\/uploads\/2024\/05\/AnyConv.com__incendio-caminhao_2024-05-18_12-19-18.webp.webp?fit=1200%2C675&ssl=1&resize=525%2C300 1.5x, https:\/\/i0.wp.com\/ismaelcolosi.com.br\/wp-content\/uploads\/2024\/05\/AnyConv.com__incendio-caminhao_2024-05-18_12-19-18.webp.webp?fit=1200%2C675&ssl=1&resize=700%2C400 2x, https:\/\/i0.wp.com\/ismaelcolosi.com.br\/wp-content\/uploads\/2024\/05\/AnyConv.com__incendio-caminhao_2024-05-18_12-19-18.webp.webp?fit=1200%2C675&ssl=1&resize=1050%2C600 3x"},"classes":[]},{"id":67554,"url":"https:\/\/ismaelcolosi.com.br\/index.php\/2024\/09\/24\/jovem-morre-em-acidente-de-moto-na-regiao-de-ribeirao-preto\/","url_meta":{"origin":70912,"position":2},"title":"Jovem morre em acidente de moto na regi\u00e3o de Ribeir\u00e3o Preto","author":"ismaelcolosi.com.br","date":"24 de September de 2024","format":false,"excerpt":"Um motociclista de 22 anos morreu na noite desta segunda-feira (23), ap\u00f3s se envolver em um acidente na rodovia C\u00e2ndido Portinari (SP-334), em Franca. Segundo informa\u00e7\u00f5es, Paulo Henrique de Souza Santos bateu na traseira de um caminh\u00e3o e caiu na pista. Em seguida, um carro que vinha atr\u00e1s o atropelou.\u2026","rel":"","context":"In &quot;Not\u00edcias de Ribeir\u00e3o Preto-SP e Regi\u00e3o&quot;","block_context":{"text":"Not\u00edcias de Ribeir\u00e3o Preto-SP e Regi\u00e3o","link":"https:\/\/ismaelcolosi.com.br\/index.php\/category\/noticias-de-ribeirao-preto-sp-e-regiao-ismael-colosi\/"},"img":{"alt_text":"","src":"https:\/\/i0.wp.com\/ismaelcolosi.com.br\/wp-content\/uploads\/2024\/09\/vitima_2024-09-24_10-54-04_jpg_2024-09-24_10-54-05.webp.webp?fit=1200%2C874&ssl=1&resize=350%2C200","width":350,"height":200,"srcset":"https:\/\/i0.wp.com\/ismaelcolosi.com.br\/wp-content\/uploads\/2024\/09\/vitima_2024-09-24_10-54-04_jpg_2024-09-24_10-54-05.webp.webp?fit=1200%2C874&ssl=1&resize=350%2C200 1x, https:\/\/i0.wp.com\/ismaelcolosi.com.br\/wp-content\/uploads\/2024\/09\/vitima_2024-09-24_10-54-04_jpg_2024-09-24_10-54-05.webp.webp?fit=1200%2C874&ssl=1&resize=525%2C300 1.5x, https:\/\/i0.wp.com\/ismaelcolosi.com.br\/wp-content\/uploads\/2024\/09\/vitima_2024-09-24_10-54-04_jpg_2024-09-24_10-54-05.webp.webp?fit=1200%2C874&ssl=1&resize=700%2C400 2x, https:\/\/i0.wp.com\/ismaelcolosi.com.br\/wp-content\/uploads\/2024\/09\/vitima_2024-09-24_10-54-04_jpg_2024-09-24_10-54-05.webp.webp?fit=1200%2C874&ssl=1&resize=1050%2C600 3x"},"classes":[]},{"id":50295,"url":"https:\/\/ismaelcolosi.com.br\/index.php\/2024\/05\/15\/motorista-morre-apos-colisao-entre-carro-e-caminhao-em-rodovia-na-regiao-de-ribeirao\/","url_meta":{"origin":70912,"position":3},"title":"Motorista morre ap\u00f3s colis\u00e3o entre carro e caminh\u00e3o em rodovia na regi\u00e3o de Ribeir\u00e3o","author":"ismaelcolosi.com.br","date":"15 de May de 2024","format":false,"excerpt":"Um homem morreu na tarde desta quarta-feira (15), ap\u00f3s se envolver em um acidente na rodovia M\u00e1rio Doneg\u00e1, entre Ribeir\u00e3o Preto e Dumont. De acordo com as informa\u00e7\u00f5es da Pol\u00edcia Militar Rodovi\u00e1ria, a batida foi entre carro e caminh\u00e3o, em um trecho de pista simples. A rodovia est\u00e1 parcialmente interditada,\u2026","rel":"","context":"In &quot;Not\u00edcias de Ribeir\u00e3o Preto-SP e Regi\u00e3o&quot;","block_context":{"text":"Not\u00edcias de Ribeir\u00e3o Preto-SP e Regi\u00e3o","link":"https:\/\/ismaelcolosi.com.br\/index.php\/category\/noticias-de-ribeirao-preto-sp-e-regiao-ismael-colosi\/"},"img":{"alt_text":"","src":"https:\/\/i0.wp.com\/ismaelcolosi.com.br\/wp-content\/uploads\/2024\/05\/Copia-de-Copia-de-TAMANHO-EXATO-PARA-FOTOS-NO-SISTEMA-NOVO-40_2024-05-15_18-48-25_png_2024-05-15_18-48-25.webp.webp?fit=1200%2C675&ssl=1&resize=350%2C200","width":350,"height":200,"srcset":"https:\/\/i0.wp.com\/ismaelcolosi.com.br\/wp-content\/uploads\/2024\/05\/Copia-de-Copia-de-TAMANHO-EXATO-PARA-FOTOS-NO-SISTEMA-NOVO-40_2024-05-15_18-48-25_png_2024-05-15_18-48-25.webp.webp?fit=1200%2C675&ssl=1&resize=350%2C200 1x, https:\/\/i0.wp.com\/ismaelcolosi.com.br\/wp-content\/uploads\/2024\/05\/Copia-de-Copia-de-TAMANHO-EXATO-PARA-FOTOS-NO-SISTEMA-NOVO-40_2024-05-15_18-48-25_png_2024-05-15_18-48-25.webp.webp?fit=1200%2C675&ssl=1&resize=525%2C300 1.5x, https:\/\/i0.wp.com\/ismaelcolosi.com.br\/wp-content\/uploads\/2024\/05\/Copia-de-Copia-de-TAMANHO-EXATO-PARA-FOTOS-NO-SISTEMA-NOVO-40_2024-05-15_18-48-25_png_2024-05-15_18-48-25.webp.webp?fit=1200%2C675&ssl=1&resize=700%2C400 2x, https:\/\/i0.wp.com\/ismaelcolosi.com.br\/wp-content\/uploads\/2024\/05\/Copia-de-Copia-de-TAMANHO-EXATO-PARA-FOTOS-NO-SISTEMA-NOVO-40_2024-05-15_18-48-25_png_2024-05-15_18-48-25.webp.webp?fit=1200%2C675&ssl=1&resize=1050%2C600 3x"},"classes":[]},{"id":50754,"url":"https:\/\/ismaelcolosi.com.br\/index.php\/2024\/05\/18\/suspeito-de-causar-acidente-com-caminhao-na-regiao-de-ribeirao-vai-responder-por-fuga\/","url_meta":{"origin":70912,"position":4},"title":"Suspeito de causar acidente com caminh\u00e3o na regi\u00e3o de Ribeir\u00e3o vai responder por fuga","author":"ismaelcolosi.com.br","date":"18 de May de 2024","format":false,"excerpt":"O motorista do carro suspeito de ter colidido com um caminh\u00e3o-tanque carregado de etanol na rodovia Candido Portinari, em Batatais, na manh\u00e3 deste s\u00e1bado (18), foi indiciado pela Pol\u00edcia Civil por ter fugido do local do acidente. O caminh\u00e3o pegou fogo e provocou a interdi\u00e7\u00e3o da rodovia. O homem de\u2026","rel":"","context":"In &quot;Not\u00edcias de Ribeir\u00e3o Preto-SP e Regi\u00e3o&quot;","block_context":{"text":"Not\u00edcias de Ribeir\u00e3o Preto-SP e Regi\u00e3o","link":"https:\/\/ismaelcolosi.com.br\/index.php\/category\/noticias-de-ribeirao-preto-sp-e-regiao-ismael-colosi\/"},"img":{"alt_text":"","src":"https:\/\/i0.wp.com\/ismaelcolosi.com.br\/wp-content\/uploads\/2024\/05\/rodovia-candido-portinari_2024-05-18_22-14-58_jpeg_2024-05-18_22-14-58.webp.webp?fit=1200%2C675&ssl=1&resize=350%2C200","width":350,"height":200,"srcset":"https:\/\/i0.wp.com\/ismaelcolosi.com.br\/wp-content\/uploads\/2024\/05\/rodovia-candido-portinari_2024-05-18_22-14-58_jpeg_2024-05-18_22-14-58.webp.webp?fit=1200%2C675&ssl=1&resize=350%2C200 1x, https:\/\/i0.wp.com\/ismaelcolosi.com.br\/wp-content\/uploads\/2024\/05\/rodovia-candido-portinari_2024-05-18_22-14-58_jpeg_2024-05-18_22-14-58.webp.webp?fit=1200%2C675&ssl=1&resize=525%2C300 1.5x, https:\/\/i0.wp.com\/ismaelcolosi.com.br\/wp-content\/uploads\/2024\/05\/rodovia-candido-portinari_2024-05-18_22-14-58_jpeg_2024-05-18_22-14-58.webp.webp?fit=1200%2C675&ssl=1&resize=700%2C400 2x, https:\/\/i0.wp.com\/ismaelcolosi.com.br\/wp-content\/uploads\/2024\/05\/rodovia-candido-portinari_2024-05-18_22-14-58_jpeg_2024-05-18_22-14-58.webp.webp?fit=1200%2C675&ssl=1&resize=1050%2C600 3x"},"classes":[]},{"id":69170,"url":"https:\/\/ismaelcolosi.com.br\/index.php\/2024\/10\/03\/acidente-com-tres-veiculos-deixa-uma-pessoa-morta-no-interior-de-sp\/","url_meta":{"origin":70912,"position":5},"title":"Acidente com tr\u00eas ve\u00edculos deixa uma pessoa morta no interior de SP","author":"ismaelcolosi.com.br","date":"3 de October de 2024","format":false,"excerpt":"Um acidente entre um caminh\u00e3o e duas caminhonetes, deixou uma pessoa morta e outra em estado grave, na tarde desta quinta-feira (3), na rodovia F\u00e1cio Talarico, entre Franca e S\u00e3o Jos\u00e9 da Bela Vista, no interior de S\u00e3o Paulo. De acordo com a Pol\u00edcia Militar Rodovi\u00e1ria, o motorista que morreu\u2026","rel":"","context":"In &quot;Not\u00edcias de Ribeir\u00e3o Preto-SP e Regi\u00e3o&quot;","block_context":{"text":"Not\u00edcias de Ribeir\u00e3o Preto-SP e Regi\u00e3o","link":"https:\/\/ismaelcolosi.com.br\/index.php\/category\/noticias-de-ribeirao-preto-sp-e-regiao-ismael-colosi\/"},"img":{"alt_text":"","src":"https:\/\/i0.wp.com\/ismaelcolosi.com.br\/wp-content\/uploads\/2024\/10\/Copia-de-Copia-de-Copia-de-TAMANHO-EXATO-PARA-FOTOS-NO-SISTEMA-NOVO-58_2024-10-03_22-37-03_png_2024-10-03_22-37-04.webp.webp?fit=1200%2C675&ssl=1&resize=350%2C200","width":350,"height":200,"srcset":"https:\/\/i0.wp.com\/ismaelcolosi.com.br\/wp-content\/uploads\/2024\/10\/Copia-de-Copia-de-Copia-de-TAMANHO-EXATO-PARA-FOTOS-NO-SISTEMA-NOVO-58_2024-10-03_22-37-03_png_2024-10-03_22-37-04.webp.webp?fit=1200%2C675&ssl=1&resize=350%2C200 1x, https:\/\/i0.wp.com\/ismaelcolosi.com.br\/wp-content\/uploads\/2024\/10\/Copia-de-Copia-de-Copia-de-TAMANHO-EXATO-PARA-FOTOS-NO-SISTEMA-NOVO-58_2024-10-03_22-37-03_png_2024-10-03_22-37-04.webp.webp?fit=1200%2C675&ssl=1&resize=525%2C300 1.5x, https:\/\/i0.wp.com\/ismaelcolosi.com.br\/wp-content\/uploads\/2024\/10\/Copia-de-Copia-de-Copia-de-TAMANHO-EXATO-PARA-FOTOS-NO-SISTEMA-NOVO-58_2024-10-03_22-37-03_png_2024-10-03_22-37-04.webp.webp?fit=1200%2C675&ssl=1&resize=700%2C400 2x, https:\/\/i0.wp.com\/ismaelcolosi.com.br\/wp-content\/uploads\/2024\/10\/Copia-de-Copia-de-Copia-de-TAMANHO-EXATO-PARA-FOTOS-NO-SISTEMA-NOVO-58_2024-10-03_22-37-03_png_2024-10-03_22-37-04.webp.webp?fit=1200%2C675&ssl=1&resize=1050%2C600 3x"},"classes":[]}],"jetpack_sharing_enabled":true,"jetpack_shortlink":"https:\/\/wp.me\/pfMlyK-irK","_links":{"self":[{"href":"https:\/\/ismaelcolosi.com.br\/index.php\/wp-json\/wp\/v2\/posts\/70912","targetHints":{"allow":["GET"]}}],"collection":[{"href":"https:\/\/ismaelcolosi.com.br\/index.php\/wp-json\/wp\/v2\/posts"}],"about":[{"href":"https:\/\/ismaelcolosi.com.br\/index.php\/wp-json\/wp\/v2\/types\/post"}],"author":[{"embeddable":true,"href":"https:\/\/ismaelcolosi.com.br\/index.php\/wp-json\/wp\/v2\/users\/1"}],"replies":[{"embeddable":true,"href":"https:\/\/ismaelcolosi.com.br\/index.php\/wp-json\/wp\/v2\/comments?post=70912"}],"version-history":[{"count":0,"href":"https:\/\/ismaelcolosi.com.br\/index.php\/wp-json\/wp\/v2\/posts\/70912\/revisions"}],"wp:featuredmedia":[{"embeddable":true,"href":"https:\/\/ismaelcolosi.com.br\/index.php\/wp-json\/wp\/v2\/media\/70913"}],"wp:attachment":[{"href":"https:\/\/ismaelcolosi.com.br\/index.php\/wp-json\/wp\/v2\/media?parent=70912"}],"wp:term":[{"taxonomy":"category","embeddable":true,"href":"https:\/\/ismaelcolosi.com.br\/index.php\/wp-json\/wp\/v2\/categories?post=70912"},{"taxonomy":"post_tag","embeddable":true,"href":"https:\/\/ismaelcolosi.com.br\/index.php\/wp-json\/wp\/v2\/tags?post=70912"}],"curies":[{"name":"wp","href":"https:\/\/api.w.org\/{rel}","templated":true}]}}