{"id":70280,"date":"2024-10-10T11:54:03","date_gmt":"2024-10-10T14:54:03","guid":{"rendered":"https:\/\/ismaelcolosi.com.br\/index.php\/2024\/10\/10\/nadal-anuncia-aposentadoria-de-carreira-estelar-no-tenis\/"},"modified":"2024-10-10T11:54:03","modified_gmt":"2024-10-10T14:54:03","slug":"nadal-anuncia-aposentadoria-de-carreira-estelar-no-tenis","status":"publish","type":"post","link":"https:\/\/ismaelcolosi.com.br\/index.php\/2024\/10\/10\/nadal-anuncia-aposentadoria-de-carreira-estelar-no-tenis\/","title":{"rendered":"Nadal Anuncia Aposentadoria de Carreira Estelar no T\u00eanis"},"content":{"rendered":"<p> <br \/>\n<\/p>\n<div>\n<div id=\"attachment_640019\" class=\"wp-caption alignnone style=\" max-width:=\"\"><img data-recalc-dims=\"1\" fetchpriority=\"high\" decoding=\"async\" class=\"alignnone alignnone size-medium wp-image-640019\" src=\"https:\/\/i0.wp.com\/forbes.com.br\/wp-content\/uploads\/2024\/10\/life-nadal-768x512.jpg?resize=678%2C452&#038;ssl=1\" alt=\"Yves Herman\/Reuters\" width=\"678\" height=\"452\"\/><\/p>\n<p>Yves Herman\/Reuters<\/p>\n<p class=\"wp-caption-text\">Rafael Nadal comemorando conquista do Aberto da Fran\u00e7a de 2022 em Roland Garros<\/p>\n<\/div>\n<div class=\"accessibility\">\n<p>Acessibilidade<\/p>\n<p>\n<button onclick=\"alterFont1()\" id=\"btn1\" class=\"btn\">L<\/button><br \/>\n<button onclick=\"alterFont2()\" id=\"btn2\" class=\"btn\" style=\"font-family: Merriweather\">L<\/button><br \/>\n<button onclick=\"alterFontSmallerSize()\" id=\"btn3\" class=\"btn\">A-<\/button><br \/>\n<button onclick=\"alterFontBiggerSize()\" id=\"btn4\" class=\"btn\">A+<\/button><\/p>\n<p><button onclick=\"alterBackground()\" id=\"btn6\" class=\"btn\">\u25d0<\/button><\/p>\n<\/div>\n<p>O espanhol Rafael Nadal, que ganhou 22 t\u00edtulos de simples do Grand Slam, anunciou nesta quinta-feira (10) que est\u00e1 colocando um ponto final em sua carreira, uma decis\u00e3o que ter\u00e1 efeito ap\u00f3s a final da Copa Davis, depois de uma jornada profissional que o tornou um dos maiores jogadores de t\u00eanis da Hist\u00f3ria. \u201cForam alguns anos dif\u00edceis, especialmente esses dois \u00faltimos\u201d, disse o tenista de 38 anos, que conquistou um recorde de 14 t\u00edtulos do Aberto da Fran\u00e7a, em um v\u00eddeo.<\/p>\n<p>\u201cEstou muito animado porque meu \u00faltimo torneio ser\u00e1 a Copa Davis, representando meu pa\u00eds. Est\u00e1 fechando o c\u00edrculo porque uma das minhas primeiras alegrias foi a final em Sevilha em 2004.\u201d<\/p>\n<h2>Leia tamb\u00e9m<\/h2>\n<p>A fase eliminat\u00f3ria da Copa Davis ser\u00e1 disputada de 19 a 24 de novembro.<\/p>\n<p>A carreira de Nadal tem sido prejudicada por les\u00f5es e ele ficou fora do Aberto da Fran\u00e7a de 2023 e foi derrotado na primeira rodada do torneio deste ano pelo alem\u00e3o Alexander Zverev.<\/p>\n<p>O \u201cRei do Saibro\u201d ganhou seu \u00faltimo t\u00edtulo de Roland Garros em 2022 e deixou Paris com um hist\u00f3rico de cair o queixo de 112 vit\u00f3rias e 4 derrotas.<\/p>\n<p>Nadal jogou apenas 23 partidas nas duas \u00faltimas temporadas.<\/p>\n<p>Ele pendurar\u00e1 sua raquete dois anos depois de seu grande rival Roger Federer, deixando o s\u00e9rvio Novak Djokovic, 24 vezes vencedor de Grand Slams, como o \u00fanico membro dos \u201cTr\u00eas Grandes\u201d ainda em atividade.<\/p>\n<p>Mais cedo nesta quinta-feira, o rival de Nadal nas categorias de base, o franc\u00eas Richard Gasquet, disse que encerraria sua carreira ap\u00f3s o Aberto da Fran\u00e7a do pr\u00f3ximo ano.<\/p>\n<p>Nadal agradeceu \u00e0 sua fam\u00edlia e \u00e0 sua equipe por sua carreira brilhante, com uma palavra especial para seu tio Toni, que foi seu treinador durante a maior parte de seu tempo em quadra.<\/p>\n<p>\u201cAcredito que, gra\u00e7as a ele, tamb\u00e9m consegui superar muitas situa\u00e7\u00f5es dif\u00edceis em minha carreira esportiva\u201d, disse ele.<\/p>\n<ul>\n<li>\n<h4>Siga a <a href=\"https:\/\/whatsapp.com\/channel\/0029Va9gQKwBFLgM96cJnu0u&gt;\" target=\"_blank\" rel=\"noopener\">Forbes<\/a> no WhatsApp e receba as principais not\u00edcias sobre neg\u00f3cios, carreira, tecnologia e estilo de vida<\/h4>\n<\/li>\n<\/ul>\n<p>Para seus f\u00e3s, Nadal disse: \u201cN\u00e3o tenho como agradecer o suficiente pelo que voc\u00eas me fizeram sentir. Tudo o que vivi foi um sonho que se tornou realidade\u201d.<\/p>\n<p>\u201cSaio com a absoluta paz de esp\u00edrito de ter dado o meu melhor\u201d, acrescentou.<\/p>\n<p>Depois de recusar qualquer evento especial ap\u00f3s sua derrota na primeira rodada do Aberto da Fran\u00e7a deste ano, Nadal disse que voltaria e agora espera-se que ele receba o que promete ser uma homenagem emocionante em Roland Garros no pr\u00f3ximo ano.<\/p>\n<h2>Escolhas do editor<\/h2>\n<\/div>\n<p><script type=\"rocketlazyloadscript\">\n\t\t\t\t(function(d, s, id){\n\t\t\t\t\tvar js, fjs = d.getElementsByTagName(s)[0];\n\t\t\t\t\tif (d.getElementById(id)) return;\n\t\t\t\t\tjs = d.createElement(s); js.id = id;\n\t\t\t\t\tjs.src = \"\/\/connect.facebook.net\/pt_BR\/sdk.js#xfbml=1&version=v2.9\";\n\t\t\t\t\tfjs.parentNode.insertBefore(js, fjs);\n\t\t\t\t}(document, 'script', 'facebook-jssdk'));\n\t\t\t<\/script><br \/>\n<br \/><br \/>\n<br \/><a href=\"https:\/\/forbes.com.br\/carreira\/2024\/10\/nadal-anuncia-aposentadoria-e-baixa-cortinas-de-carreira-estelar-no-tenis\/\">Source link <\/a><\/p>\n<div class='code-block code-block-4' style='margin: 8px auto 8px 0; text-align: left; display: block; clear: both;'>\n\ud83d\udce2 Aviso Legal\n\nO site ismaelcolosi.com.br atua apenas como um canal de divulga\u00e7\u00e3o de oportunidades de emprego e n\u00e3o se responsabiliza pelo processo seletivo, contrata\u00e7\u00e3o ou qualquer outra etapa relacionada \u00e0s vagas publicadas. Todas as informa\u00e7\u00f5es s\u00e3o de responsabilidade dos anunciantes.\n\n\u26a0\ufe0f Aten\u00e7\u00e3o! Nunca pague por promessas de emprego nem compre cursos que garantam contrata\u00e7\u00e3o. Desconfie de qualquer cobran\u00e7a para participar de sele\u00e7\u00f5es.\n\n\n\n<\/div>\n<!-- CONTENT END 1 -->\n","protected":false},"excerpt":{"rendered":"<p>Yves Herman\/Reuters Rafael Nadal comemorando conquista do Aberto da Fran\u00e7a de 2022 em Roland Garros Acessibilidade L L A- A+ \u25d0 O espanhol Rafael Nadal,&#8230;<\/p>\n","protected":false},"author":1,"featured_media":70281,"comment_status":"open","ping_status":"open","sticky":false,"template":"","format":"standard","meta":{"_uag_custom_page_level_css":"","advanced_seo_description":"","jetpack_seo_html_title":"","jetpack_seo_noindex":false,"jetpack_post_was_ever_published":false,"_jetpack_newsletter_access":"","_jetpack_dont_email_post_to_subs":false,"_jetpack_newsletter_tier_id":0,"_jetpack_memberships_contains_paywalled_content":false,"_jetpack_memberships_contains_paid_content":false,"footnotes":"","jetpack_publicize_message":"","jetpack_publicize_feature_enabled":true,"jetpack_social_post_already_shared":true,"jetpack_social_options":{"image_generator_settings":{"template":"highway","default_image_id":0,"font":"","enabled":false},"version":2}},"categories":[1964],"tags":[],"class_list":["post-70280","post","type-post","status-publish","format-standard","has-post-thumbnail","hentry","category-carreira-e-sucesso-dicas-para-carreira"],"jetpack_publicize_connections":[],"jetpack_featured_media_url":"https:\/\/i0.wp.com\/ismaelcolosi.com.br\/wp-content\/uploads\/2024\/10\/life-nadal-1024x683.jpg?fit=1024%2C683&ssl=1","uagb_featured_image_src":{"full":["https:\/\/i0.wp.com\/ismaelcolosi.com.br\/wp-content\/uploads\/2024\/10\/life-nadal-1024x683.jpg?fit=1024%2C683&ssl=1",1024,683,false],"thumbnail":["https:\/\/i0.wp.com\/ismaelcolosi.com.br\/wp-content\/uploads\/2024\/10\/life-nadal-1024x683.jpg?resize=150%2C150&ssl=1",150,150,true],"medium":["https:\/\/i0.wp.com\/ismaelcolosi.com.br\/wp-content\/uploads\/2024\/10\/life-nadal-1024x683.jpg?fit=300%2C200&ssl=1",300,200,true],"medium_large":["https:\/\/i0.wp.com\/ismaelcolosi.com.br\/wp-content\/uploads\/2024\/10\/life-nadal-1024x683.jpg?fit=768%2C512&ssl=1",768,512,true],"large":["https:\/\/i0.wp.com\/ismaelcolosi.com.br\/wp-content\/uploads\/2024\/10\/life-nadal-1024x683.jpg?fit=1024%2C683&ssl=1",1024,683,true],"1536x1536":["https:\/\/i0.wp.com\/ismaelcolosi.com.br\/wp-content\/uploads\/2024\/10\/life-nadal-1024x683.jpg?fit=1024%2C683&ssl=1",1024,683,true],"2048x2048":["https:\/\/i0.wp.com\/ismaelcolosi.com.br\/wp-content\/uploads\/2024\/10\/life-nadal-1024x683.jpg?fit=1024%2C683&ssl=1",1024,683,true],"really-simple-thumb":["https:\/\/i0.wp.com\/ismaelcolosi.com.br\/wp-content\/uploads\/2024\/10\/life-nadal-1024x683.jpg?resize=370%2C247&ssl=1",370,247,true]},"uagb_author_info":{"display_name":"ismaelcolosi.com.br","author_link":"https:\/\/ismaelcolosi.com.br\/index.php\/author\/vidareal-online\/"},"uagb_comment_info":0,"uagb_excerpt":"Yves Herman\/Reuters Rafael Nadal comemorando conquista do Aberto da Fran\u00e7a de 2022 em Roland Garros Acessibilidade L L A- A+ \u25d0 O espanhol Rafael Nadal,...","jetpack-related-posts":[{"id":70299,"url":"https:\/\/ismaelcolosi.com.br\/index.php\/2024\/10\/10\/nadal-anuncia-aposentadoria-de-carreira-estelar-no-tenis-2\/","url_meta":{"origin":70280,"position":0},"title":"Nadal Anuncia Aposentadoria de Carreira Estelar no T\u00eanis","author":"ismaelcolosi.com.br","date":"10 de October de 2024","format":false,"excerpt":"Yves Herman\/ReutersRafael Nadal comemorando conquista do Aberto da Fran\u00e7a de 2022 em Roland Garros Acessibilidade L L A- A+ \u25d0 O espanhol Rafael Nadal, que ganhou 22 t\u00edtulos de simples do Grand Slam, anunciou nesta quinta-feira (10) que est\u00e1 colocando um ponto final em sua carreira, uma decis\u00e3o que ter\u00e1\u2026","rel":"","context":"In &quot;Carreira e Sucesso&quot;","block_context":{"text":"Carreira e Sucesso","link":"https:\/\/ismaelcolosi.com.br\/index.php\/category\/carreira-e-sucesso-dicas-para-carreira\/"},"img":{"alt_text":"","src":"https:\/\/i0.wp.com\/ismaelcolosi.com.br\/wp-content\/uploads\/2024\/10\/1728573654_life-nadal-1024x683.jpg?fit=1024%2C683&ssl=1&resize=350%2C200","width":350,"height":200,"srcset":"https:\/\/i0.wp.com\/ismaelcolosi.com.br\/wp-content\/uploads\/2024\/10\/1728573654_life-nadal-1024x683.jpg?fit=1024%2C683&ssl=1&resize=350%2C200 1x, https:\/\/i0.wp.com\/ismaelcolosi.com.br\/wp-content\/uploads\/2024\/10\/1728573654_life-nadal-1024x683.jpg?fit=1024%2C683&ssl=1&resize=525%2C300 1.5x, https:\/\/i0.wp.com\/ismaelcolosi.com.br\/wp-content\/uploads\/2024\/10\/1728573654_life-nadal-1024x683.jpg?fit=1024%2C683&ssl=1&resize=700%2C400 2x"},"classes":[]},{"id":21284,"url":"https:\/\/ismaelcolosi.com.br\/index.php\/2023\/12\/27\/novak-djokovic-quer-jogar-ate-os-40-anos\/","url_meta":{"origin":70280,"position":1},"title":"Novak Djokovic quer jogar at\u00e9 os 40 anos","author":"ismaelcolosi.com.br","date":"27 de December de 2023","format":false,"excerpt":"Getty ImagesNovak Djokovic \u00e9 o tenista n\u00famero um no mundo, de acordo com ranking da ATP (Associa\u00e7\u00e3o de Tenistas Profissionais) Novak Djokovic n\u00e3o tem planos de pendurar a raquete t\u00e3o cedo e espera poder imitar o grande jogador de futebol americano Tom Brady, prolongando sua carreira para al\u00e9m dos 40\u2026","rel":"","context":"In &quot;Carreira e Sucesso&quot;","block_context":{"text":"Carreira e Sucesso","link":"https:\/\/ismaelcolosi.com.br\/index.php\/category\/carreira-e-sucesso-dicas-para-carreira\/"},"img":{"alt_text":"","src":"https:\/\/i0.wp.com\/ismaelcolosi.com.br\/wp-content\/uploads\/2023\/12\/carreira-tenista-Novak-Djokovic-1024x683.jpg?fit=1024%2C683&ssl=1&resize=350%2C200","width":350,"height":200,"srcset":"https:\/\/i0.wp.com\/ismaelcolosi.com.br\/wp-content\/uploads\/2023\/12\/carreira-tenista-Novak-Djokovic-1024x683.jpg?fit=1024%2C683&ssl=1&resize=350%2C200 1x, https:\/\/i0.wp.com\/ismaelcolosi.com.br\/wp-content\/uploads\/2023\/12\/carreira-tenista-Novak-Djokovic-1024x683.jpg?fit=1024%2C683&ssl=1&resize=525%2C300 1.5x, https:\/\/i0.wp.com\/ismaelcolosi.com.br\/wp-content\/uploads\/2023\/12\/carreira-tenista-Novak-Djokovic-1024x683.jpg?fit=1024%2C683&ssl=1&resize=700%2C400 2x"},"classes":[]},{"id":86663,"url":"https:\/\/ismaelcolosi.com.br\/index.php\/2025\/07\/16\/tirolez-anuncia-aliny-nazar-como-nova-cfo\/","url_meta":{"origin":70280,"position":2},"title":"Tirolez Anuncia Aliny Nazar Como Nova CFO","author":"ismaelcolosi.com.br","date":"16 de July de 2025","format":false,"excerpt":"\r \r \r \r Com passagens por empresas como Piracanjuba e Alpargatas, executiva soma 27 anos de experi\u00eancia e carreira internacional \r \r \r \r Divulga\u00e7\u00e3o\/Tirolez\r Nova CFO da Tirolez, Aliny Nazar \u00e9 formada em economia pela Universidade Federal Fluminense\r Acessibilidade \r L\r L\r A-\r A+\r \r \u25d0\r \r A\u2026","rel":"","context":"In &quot;Carreira e Sucesso&quot;","block_context":{"text":"Carreira e Sucesso","link":"https:\/\/ismaelcolosi.com.br\/index.php\/category\/carreira-e-sucesso-dicas-para-carreira\/"},"img":{"alt_text":"","src":"https:\/\/i0.wp.com\/ismaelcolosi.com.br\/wp-content\/uploads\/2025\/07\/forbes-tirolez-aliny-nazar-1200x675.jpg?fit=1200%2C675&ssl=1&resize=350%2C200","width":350,"height":200,"srcset":"https:\/\/i0.wp.com\/ismaelcolosi.com.br\/wp-content\/uploads\/2025\/07\/forbes-tirolez-aliny-nazar-1200x675.jpg?fit=1200%2C675&ssl=1&resize=350%2C200 1x, https:\/\/i0.wp.com\/ismaelcolosi.com.br\/wp-content\/uploads\/2025\/07\/forbes-tirolez-aliny-nazar-1200x675.jpg?fit=1200%2C675&ssl=1&resize=525%2C300 1.5x, https:\/\/i0.wp.com\/ismaelcolosi.com.br\/wp-content\/uploads\/2025\/07\/forbes-tirolez-aliny-nazar-1200x675.jpg?fit=1200%2C675&ssl=1&resize=700%2C400 2x, https:\/\/i0.wp.com\/ismaelcolosi.com.br\/wp-content\/uploads\/2025\/07\/forbes-tirolez-aliny-nazar-1200x675.jpg?fit=1200%2C675&ssl=1&resize=1050%2C600 3x"},"classes":[]},{"id":88560,"url":"https:\/\/ismaelcolosi.com.br\/index.php\/2025\/12\/17\/estee-lauder-nomeia-nova-cmo-no-brasil\/","url_meta":{"origin":70280,"position":3},"title":"Est\u00e9e Lauder Nomeia Nova CMO no Brasil","author":"ismaelcolosi.com.br","date":"17 de December de 2025","format":false,"excerpt":"\r \r \r \r Com mais de 20 anos de carreira, Viviane Pepe j\u00e1 passou por empresas como Boca Rosa Company, Natura e Avon \r \r \r \r Divulga\u00e7\u00e3o\r Viviane Pepe assume como nova diretora da Est\u00e9e Lauder neste m\u00eas\r Acessibilidade \r L\r L\r A-\r A+\r \r \u25d0\r \r A\u2026","rel":"","context":"In &quot;Carreira e Sucesso&quot;","block_context":{"text":"Carreira e Sucesso","link":"https:\/\/ismaelcolosi.com.br\/index.php\/category\/carreira-e-sucesso-dicas-para-carreira\/"},"img":{"alt_text":"","src":"https:\/\/i0.wp.com\/ismaelcolosi.com.br\/wp-content\/uploads\/2025\/12\/viviane-pepe-Nova-Senior-Director-de-Digital-Commerce-Marketing-da-Estee-Lauder-Companies-Brasil-1200x675.jpg?fit=1200%2C675&ssl=1&resize=350%2C200","width":350,"height":200,"srcset":"https:\/\/i0.wp.com\/ismaelcolosi.com.br\/wp-content\/uploads\/2025\/12\/viviane-pepe-Nova-Senior-Director-de-Digital-Commerce-Marketing-da-Estee-Lauder-Companies-Brasil-1200x675.jpg?fit=1200%2C675&ssl=1&resize=350%2C200 1x, https:\/\/i0.wp.com\/ismaelcolosi.com.br\/wp-content\/uploads\/2025\/12\/viviane-pepe-Nova-Senior-Director-de-Digital-Commerce-Marketing-da-Estee-Lauder-Companies-Brasil-1200x675.jpg?fit=1200%2C675&ssl=1&resize=525%2C300 1.5x, https:\/\/i0.wp.com\/ismaelcolosi.com.br\/wp-content\/uploads\/2025\/12\/viviane-pepe-Nova-Senior-Director-de-Digital-Commerce-Marketing-da-Estee-Lauder-Companies-Brasil-1200x675.jpg?fit=1200%2C675&ssl=1&resize=700%2C400 2x, https:\/\/i0.wp.com\/ismaelcolosi.com.br\/wp-content\/uploads\/2025\/12\/viviane-pepe-Nova-Senior-Director-de-Digital-Commerce-Marketing-da-Estee-Lauder-Companies-Brasil-1200x675.jpg?fit=1200%2C675&ssl=1&resize=1050%2C600 3x"},"classes":[]},{"id":87356,"url":"https:\/\/ismaelcolosi.com.br\/index.php\/2025\/09\/05\/carrefour-brasil-anuncia-nova-cfo\/","url_meta":{"origin":70280,"position":4},"title":"Carrefour Brasil Anuncia Nova CFO","author":"ismaelcolosi.com.br","date":"5 de September de 2025","format":false,"excerpt":"\r \r \r \r Executiva francesa assumir\u00e1 a diretoria financeira em outubro de 2025 e passar\u00e1 a integrar o comit\u00ea executivo da companhia \r \r \r \r Divulga\u00e7\u00e3o\/Carrefour\r B\u00e9reng\u00e8re Guillemin, nova CFO do Grupo Carrefour Brasil, tem carreira internacional com passagens pela Fran\u00e7a, Estados Unidos e Austr\u00e1lia\r Acessibilidade \r L\r\u2026","rel":"","context":"In &quot;Carreira e Sucesso&quot;","block_context":{"text":"Carreira e Sucesso","link":"https:\/\/ismaelcolosi.com.br\/index.php\/category\/carreira-e-sucesso-dicas-para-carreira\/"},"img":{"alt_text":"","src":"https:\/\/i0.wp.com\/ismaelcolosi.com.br\/wp-content\/uploads\/2025\/09\/Berengere-Guillemin-carrefour-forbes-1200x675.jpg?fit=1200%2C675&ssl=1&resize=350%2C200","width":350,"height":200,"srcset":"https:\/\/i0.wp.com\/ismaelcolosi.com.br\/wp-content\/uploads\/2025\/09\/Berengere-Guillemin-carrefour-forbes-1200x675.jpg?fit=1200%2C675&ssl=1&resize=350%2C200 1x, https:\/\/i0.wp.com\/ismaelcolosi.com.br\/wp-content\/uploads\/2025\/09\/Berengere-Guillemin-carrefour-forbes-1200x675.jpg?fit=1200%2C675&ssl=1&resize=525%2C300 1.5x, https:\/\/i0.wp.com\/ismaelcolosi.com.br\/wp-content\/uploads\/2025\/09\/Berengere-Guillemin-carrefour-forbes-1200x675.jpg?fit=1200%2C675&ssl=1&resize=700%2C400 2x, https:\/\/i0.wp.com\/ismaelcolosi.com.br\/wp-content\/uploads\/2025\/09\/Berengere-Guillemin-carrefour-forbes-1200x675.jpg?fit=1200%2C675&ssl=1&resize=1050%2C600 3x"},"classes":[]},{"id":63703,"url":"https:\/\/ismaelcolosi.com.br\/index.php\/2024\/09\/03\/3-habilidades-para-ganhar-mais-e-impulsionar-sua-carreira\/","url_meta":{"origin":70280,"position":5},"title":"3 habilidades para ganhar mais e impulsionar sua carreira","author":"ismaelcolosi.com.br","date":"3 de September de 2024","format":false,"excerpt":"\u00a0 Acessibilidade L L A- A+ \u25d0 \u00a0 Se voc\u00ea est\u00e1 em um ponto da sua carreira em que deseja ganhar mais dinheiro, mudar de atua\u00e7\u00e3o ou encontrar uma profiss\u00e3o com alta demanda e potencial, ent\u00e3o \u00e9 hora de aprender novas habilidades. Habilidades lucrativas s\u00e3o altamente especializadas e proporcionam um\u2026","rel":"","context":"In &quot;Carreira e Sucesso&quot;","block_context":{"text":"Carreira e Sucesso","link":"https:\/\/ismaelcolosi.com.br\/index.php\/category\/carreira-e-sucesso-dicas-para-carreira\/"},"img":{"alt_text":"","src":"https:\/\/i0.wp.com\/ismaelcolosi.com.br\/wp-content\/uploads\/2024\/09\/carreira-conhecimento-cursos-tecnologia-1024x683.jpg?fit=1024%2C683&ssl=1&resize=350%2C200","width":350,"height":200,"srcset":"https:\/\/i0.wp.com\/ismaelcolosi.com.br\/wp-content\/uploads\/2024\/09\/carreira-conhecimento-cursos-tecnologia-1024x683.jpg?fit=1024%2C683&ssl=1&resize=350%2C200 1x, https:\/\/i0.wp.com\/ismaelcolosi.com.br\/wp-content\/uploads\/2024\/09\/carreira-conhecimento-cursos-tecnologia-1024x683.jpg?fit=1024%2C683&ssl=1&resize=525%2C300 1.5x, https:\/\/i0.wp.com\/ismaelcolosi.com.br\/wp-content\/uploads\/2024\/09\/carreira-conhecimento-cursos-tecnologia-1024x683.jpg?fit=1024%2C683&ssl=1&resize=700%2C400 2x"},"classes":[]}],"jetpack_sharing_enabled":true,"jetpack_shortlink":"https:\/\/wp.me\/pfMlyK-ihy","_links":{"self":[{"href":"https:\/\/ismaelcolosi.com.br\/index.php\/wp-json\/wp\/v2\/posts\/70280","targetHints":{"allow":["GET"]}}],"collection":[{"href":"https:\/\/ismaelcolosi.com.br\/index.php\/wp-json\/wp\/v2\/posts"}],"about":[{"href":"https:\/\/ismaelcolosi.com.br\/index.php\/wp-json\/wp\/v2\/types\/post"}],"author":[{"embeddable":true,"href":"https:\/\/ismaelcolosi.com.br\/index.php\/wp-json\/wp\/v2\/users\/1"}],"replies":[{"embeddable":true,"href":"https:\/\/ismaelcolosi.com.br\/index.php\/wp-json\/wp\/v2\/comments?post=70280"}],"version-history":[{"count":0,"href":"https:\/\/ismaelcolosi.com.br\/index.php\/wp-json\/wp\/v2\/posts\/70280\/revisions"}],"wp:featuredmedia":[{"embeddable":true,"href":"https:\/\/ismaelcolosi.com.br\/index.php\/wp-json\/wp\/v2\/media\/70281"}],"wp:attachment":[{"href":"https:\/\/ismaelcolosi.com.br\/index.php\/wp-json\/wp\/v2\/media?parent=70280"}],"wp:term":[{"taxonomy":"category","embeddable":true,"href":"https:\/\/ismaelcolosi.com.br\/index.php\/wp-json\/wp\/v2\/categories?post=70280"},{"taxonomy":"post_tag","embeddable":true,"href":"https:\/\/ismaelcolosi.com.br\/index.php\/wp-json\/wp\/v2\/tags?post=70280"}],"curies":[{"name":"wp","href":"https:\/\/api.w.org\/{rel}","templated":true}]}}