{"id":70175,"date":"2024-10-09T22:28:06","date_gmt":"2024-10-10T01:28:06","guid":{"rendered":"https:\/\/ismaelcolosi.com.br\/index.php\/2024\/10\/09\/com-gol-no-ultimo-minuto-botafogo-vence-o-guarani-e-deixa-o-z-4-da-serie-b\/"},"modified":"2024-10-09T22:28:06","modified_gmt":"2024-10-10T01:28:06","slug":"com-gol-no-ultimo-minuto-botafogo-vence-o-guarani-e-deixa-o-z-4-da-serie-b","status":"publish","type":"post","link":"https:\/\/ismaelcolosi.com.br\/index.php\/2024\/10\/09\/com-gol-no-ultimo-minuto-botafogo-vence-o-guarani-e-deixa-o-z-4-da-serie-b\/","title":{"rendered":"Com gol no \u00faltimo minuto, Botafogo vence o Guarani e deixa o Z-4 da S\u00e9rie B"},"content":{"rendered":"<p> <br \/>\n<\/p>\n<div data-td-block-uid=\"tdi_106\">\n<div class=\"tdb-block-inner td-fix-index\">\n<p><strong>O Botafogo ganhou do Guarani<\/strong>, no Est\u00e1dio Santa Cruz, na noite desta quarta-feira (9), em jogo v\u00e1lido pela 23\u00aa rodada da S\u00e9rie B\u00a0do Campeonato Brasileiro. <strong>O gol que deu a vit\u00f3ria para o Pantera saiu no \u00faltimo minuto da partida, dos p\u00e9s do atacante Alexandre Jesus. <\/strong><\/p>\n<p><strong>Aos 2 minutos de jogo<\/strong>, <mark style=\"background-color:#fcb900\" class=\"has-inline-color\">Caio Dantas abriu o placar para o time de Campinas<\/mark>. <strong>Na sequ\u00eancia<\/strong>, <mark style=\"background-color:#fcb900\" class=\"has-inline-color\">Alex Sandro deixou tudo igual para o Botafogo.<\/mark> Nos acr\u00e9scimos, Caio Dantas converte p\u00eanalti e deixa o Guarani na frente.<\/p>\n<p>No segundo tempo, <strong>Negueba sofre a penalidade m\u00e1xima e Victor Andrade converte<\/strong>, <strong>empatando para o Pantera.<\/strong> <\/p>\n<p><strong>Faltando 1 minuto para o fim da partida, Alexandre Jesus marca e d\u00e1 a virada ao Botafogo.<\/strong><\/p>\n<p>Com o resultado, <mark style=\"background-color:#fcb900\" class=\"has-inline-color\">o Botafogo sobe para a 15\u00aa coloca\u00e7\u00e3o<\/mark> e deixa <mark style=\"background-color:#fcb900\" class=\"has-inline-color\">a zona de rebaixamento da S\u00e9rie B<\/mark>, <strong>enquanto o Guarani permanece na lanterna da competi\u00e7\u00e3o.<\/strong><\/p>\n<h4 class=\"wp-block-heading\"><strong>Pr\u00f3ximos jogos<\/strong><\/h4>\n<p><strong>No pr\u00f3ximo s\u00e1bado (12)<\/strong>, o <strong>Botafogo viaja at\u00e9 Ponta Grossa<\/strong>, no Paran\u00e1, <mark style=\"background-color:#fcb900\" class=\"has-inline-color\">para enfretar o Oper\u00e1rio, \u00e0s 21:30h.<\/mark> <\/p>\n<p>SAIBA MAIS<br \/>Veja quais bairros de Ribeir\u00e3o est\u00e3o em alerta para falta d\u2019\u00e1gua<\/p>\n<h4 class=\"wp-block-heading\"><strong>FIQUE ON<\/strong><\/h4>\n<p>Fique ligado em tudo que acontece em Ribeir\u00e3o Preto e regi\u00e3o. Siga os perfis do <strong>acidade on <\/strong>no <a href=\"https:\/\/www.instagram.com\/acidadeonribeirao\" target=\"_blank\" rel=\"noreferrer noopener\">Instagram<\/a> e no <a href=\"https:\/\/www.facebook.com\/acidadeonribeirao\" target=\"_blank\" rel=\"noreferrer noopener\">Facebook<\/a>.<\/p>\n<p>Receba not\u00edcias do acidade on no WhatsApp. Para entrar no grupo, basta <a href=\"https:\/\/chat.whatsapp.com\/Dtv9mxhy6V5BJBotM2OQ5k\" target=\"_blank\" rel=\"noreferrer noopener\">clicar aqui<\/a>.<\/p>\n<p>Fa\u00e7a uma den\u00fancia ou sugira uma reportagem sobre Ribeir\u00e3o Preto e regi\u00e3o pelo WhatsApp: 16 99117 7802.<\/p>\n<p>VEJA TAMB\u00c9M<br \/>O que a filha de Elvis Presley disse em livro?<\/p>\n<p><!-- CONTENT END 1 -->\n<\/div>\n<\/div>\n<p><script async src=\"\/\/www.instagram.com\/embed.js\"><\/script><br \/>\n<br \/><br \/>\n<br \/><a href=\"https:\/\/www.acidadeon.com\/ribeiraopreto\/esportes\/com-gol-no-ultimo-minuto-botafogo-vence-o-guarani-e-deixa-o-z-4-da-serie-b\/\">Source link <\/a><\/p>\n","protected":false},"excerpt":{"rendered":"<p>O Botafogo ganhou do Guarani, no Est\u00e1dio Santa Cruz, na noite desta quarta-feira (9), em jogo v\u00e1lido pela 23\u00aa rodada da S\u00e9rie B\u00a0do Campeonato Brasileiro&#8230;.<\/p>\n","protected":false},"author":1,"featured_media":70176,"comment_status":"open","ping_status":"open","sticky":false,"template":"","format":"standard","meta":{"_uag_custom_page_level_css":"","advanced_seo_description":"","jetpack_seo_html_title":"","jetpack_seo_noindex":false,"jetpack_post_was_ever_published":false,"_jetpack_newsletter_access":"","_jetpack_dont_email_post_to_subs":false,"_jetpack_newsletter_tier_id":0,"_jetpack_memberships_contains_paywalled_content":false,"_jetpack_memberships_contains_paid_content":false,"footnotes":"","jetpack_publicize_message":"","jetpack_publicize_feature_enabled":true,"jetpack_social_post_already_shared":true,"jetpack_social_options":{"image_generator_settings":{"template":"highway","default_image_id":0,"font":"","enabled":false},"version":2}},"categories":[11],"tags":[],"class_list":["post-70175","post","type-post","status-publish","format-standard","has-post-thumbnail","hentry","category-noticias-de-ribeirao-preto-sp-e-regiao-ismael-colosi"],"jetpack_publicize_connections":[],"jetpack_featured_media_url":"https:\/\/i0.wp.com\/ismaelcolosi.com.br\/wp-content\/uploads\/2024\/10\/WhatsApp-Image-2024-10-09-at-22.07.18_2024-10-10_01-07-52_jpeg_2024-10-10_01-07-54-scaled.webp.webp?fit=2560%2C1707&ssl=1","uagb_featured_image_src":{"full":["https:\/\/i0.wp.com\/ismaelcolosi.com.br\/wp-content\/uploads\/2024\/10\/WhatsApp-Image-2024-10-09-at-22.07.18_2024-10-10_01-07-52_jpeg_2024-10-10_01-07-54-scaled.webp.webp?fit=2560%2C1707&ssl=1",2560,1707,false],"thumbnail":["https:\/\/i0.wp.com\/ismaelcolosi.com.br\/wp-content\/uploads\/2024\/10\/WhatsApp-Image-2024-10-09-at-22.07.18_2024-10-10_01-07-52_jpeg_2024-10-10_01-07-54-scaled.webp.webp?resize=150%2C150&ssl=1",150,150,true],"medium":["https:\/\/i0.wp.com\/ismaelcolosi.com.br\/wp-content\/uploads\/2024\/10\/WhatsApp-Image-2024-10-09-at-22.07.18_2024-10-10_01-07-52_jpeg_2024-10-10_01-07-54-scaled.webp.webp?fit=300%2C200&ssl=1",300,200,true],"medium_large":["https:\/\/i0.wp.com\/ismaelcolosi.com.br\/wp-content\/uploads\/2024\/10\/WhatsApp-Image-2024-10-09-at-22.07.18_2024-10-10_01-07-52_jpeg_2024-10-10_01-07-54-scaled.webp.webp?fit=768%2C512&ssl=1",768,512,true],"large":["https:\/\/i0.wp.com\/ismaelcolosi.com.br\/wp-content\/uploads\/2024\/10\/WhatsApp-Image-2024-10-09-at-22.07.18_2024-10-10_01-07-52_jpeg_2024-10-10_01-07-54-scaled.webp.webp?fit=1024%2C683&ssl=1",1024,683,true],"1536x1536":["https:\/\/i0.wp.com\/ismaelcolosi.com.br\/wp-content\/uploads\/2024\/10\/WhatsApp-Image-2024-10-09-at-22.07.18_2024-10-10_01-07-52_jpeg_2024-10-10_01-07-54-scaled.webp.webp?fit=1536%2C1024&ssl=1",1536,1024,true],"2048x2048":["https:\/\/i0.wp.com\/ismaelcolosi.com.br\/wp-content\/uploads\/2024\/10\/WhatsApp-Image-2024-10-09-at-22.07.18_2024-10-10_01-07-52_jpeg_2024-10-10_01-07-54-scaled.webp.webp?fit=2048%2C1366&ssl=1",2048,1366,true],"really-simple-thumb":["https:\/\/i0.wp.com\/ismaelcolosi.com.br\/wp-content\/uploads\/2024\/10\/WhatsApp-Image-2024-10-09-at-22.07.18_2024-10-10_01-07-52_jpeg_2024-10-10_01-07-54-scaled.webp.webp?resize=370%2C247&ssl=1",370,247,true]},"uagb_author_info":{"display_name":"ismaelcolosi.com.br","author_link":"https:\/\/ismaelcolosi.com.br\/index.php\/author\/vidareal-online\/"},"uagb_comment_info":0,"uagb_excerpt":"O Botafogo ganhou do Guarani, no Est\u00e1dio Santa Cruz, na noite desta quarta-feira (9), em jogo v\u00e1lido pela 23\u00aa rodada da S\u00e9rie B\u00a0do Campeonato Brasileiro....","jetpack-related-posts":[{"id":40267,"url":"https:\/\/ismaelcolosi.com.br\/index.php\/2024\/03\/01\/botafogo-sofre-gol-no-fim-e-empata-com-o-guarani-em-casa\/","url_meta":{"origin":70175,"position":0},"title":"Botafogo sofre gol no fim e empata com o Guarani em casa","author":"ismaelcolosi.com.br","date":"1 de March de 2024","format":false,"excerpt":"O Botafogo empatou com o Guarani, nesta sexta-feira, em partida v\u00e1lida pela pen\u00faltima rodada do Campeonato Paulista, por 1 a 1, em Ribeir\u00e3o Preto (SP). O Pantera saiu na frente com gol de Alex Sandro ainda no primeiro tempo, e sofreu o empate j\u00e1 nos acr\u00e9scimos da etapa final, com\u2026","rel":"","context":"In &quot;Not\u00edcias de Ribeir\u00e3o Preto-SP e Regi\u00e3o&quot;","block_context":{"text":"Not\u00edcias de Ribeir\u00e3o Preto-SP e Regi\u00e3o","link":"https:\/\/ismaelcolosi.com.br\/index.php\/category\/noticias-de-ribeirao-preto-sp-e-regiao-ismael-colosi\/"},"img":{"alt_text":"","src":"https:\/\/i0.wp.com\/ismaelcolosi.com.br\/wp-content\/uploads\/2024\/03\/WhatsApp-Image-2024-03-01-at-20.58.51-scaled.jpeg?fit=967%2C645&ssl=1&resize=350%2C200","width":350,"height":200,"srcset":"https:\/\/i0.wp.com\/ismaelcolosi.com.br\/wp-content\/uploads\/2024\/03\/WhatsApp-Image-2024-03-01-at-20.58.51-scaled.jpeg?fit=967%2C645&ssl=1&resize=350%2C200 1x, https:\/\/i0.wp.com\/ismaelcolosi.com.br\/wp-content\/uploads\/2024\/03\/WhatsApp-Image-2024-03-01-at-20.58.51-scaled.jpeg?fit=967%2C645&ssl=1&resize=525%2C300 1.5x, https:\/\/i0.wp.com\/ismaelcolosi.com.br\/wp-content\/uploads\/2024\/03\/WhatsApp-Image-2024-03-01-at-20.58.51-scaled.jpeg?fit=967%2C645&ssl=1&resize=700%2C400 2x"},"classes":[]},{"id":40269,"url":"https:\/\/ismaelcolosi.com.br\/index.php\/2024\/03\/01\/guarani-empata-com-o-botafogo-aos-50-minutos-do-segundo-tempo\/","url_meta":{"origin":70175,"position":1},"title":"Guarani empata com o Botafogo aos 50 minutos do segundo tempo","author":"ismaelcolosi.com.br","date":"1 de March de 2024","format":false,"excerpt":"O Botafogo empatou em 1 a 1 com o Guarani, na noite desta sexta-feira (1\u00ba), em partida realizada no est\u00e1dio Santa Cruz Arena Nicnet, em Ribeir\u00e3o Preto. Essa foi a 11\u00aa rodada do Campeonato Paulista. O tricolor abriu o placar aos 27 minutos do primeiro tempo, com gol do atacante\u2026","rel":"","context":"In &quot;Not\u00edcias de Ribeir\u00e3o Preto-SP e Regi\u00e3o&quot;","block_context":{"text":"Not\u00edcias de Ribeir\u00e3o Preto-SP e Regi\u00e3o","link":"https:\/\/ismaelcolosi.com.br\/index.php\/category\/noticias-de-ribeirao-preto-sp-e-regiao-ismael-colosi\/"},"img":{"alt_text":"","src":"https:\/\/i0.wp.com\/ismaelcolosi.com.br\/wp-content\/uploads\/2024\/03\/AnyConv.com__WhatsApp-Image-2024-03-01-at-19.26.12.webp.webp?fit=1200%2C800&ssl=1&resize=350%2C200","width":350,"height":200,"srcset":"https:\/\/i0.wp.com\/ismaelcolosi.com.br\/wp-content\/uploads\/2024\/03\/AnyConv.com__WhatsApp-Image-2024-03-01-at-19.26.12.webp.webp?fit=1200%2C800&ssl=1&resize=350%2C200 1x, https:\/\/i0.wp.com\/ismaelcolosi.com.br\/wp-content\/uploads\/2024\/03\/AnyConv.com__WhatsApp-Image-2024-03-01-at-19.26.12.webp.webp?fit=1200%2C800&ssl=1&resize=525%2C300 1.5x, https:\/\/i0.wp.com\/ismaelcolosi.com.br\/wp-content\/uploads\/2024\/03\/AnyConv.com__WhatsApp-Image-2024-03-01-at-19.26.12.webp.webp?fit=1200%2C800&ssl=1&resize=700%2C400 2x, https:\/\/i0.wp.com\/ismaelcolosi.com.br\/wp-content\/uploads\/2024\/03\/AnyConv.com__WhatsApp-Image-2024-03-01-at-19.26.12.webp.webp?fit=1200%2C800&ssl=1&resize=1050%2C600 3x"},"classes":[]},{"id":63240,"url":"https:\/\/ismaelcolosi.com.br\/index.php\/2024\/08\/31\/chapecoense-sai-na-frente-mas-faz-gol-contra-e-empata-com-o-botafogo\/","url_meta":{"origin":70175,"position":2},"title":"Chapecoense sai na frente, mas faz gol contra e empata com o Botafogo","author":"ismaelcolosi.com.br","date":"31 de August de 2024","format":false,"excerpt":"O Botafogo empatou em 1 a 1 com a Chapecoense na tarde deste s\u00e1bado (31) em disputa realizada na Arena Cond\u00e1, em Chapec\u00f3-SC, pela 24\u00aa rodada do Campeonato Brasileiro S\u00e9rie B. O atacante Rafael Carvalheira foi quem abriu o placar para os donos da casa aos 24 minutos da partida.\u2026","rel":"","context":"In &quot;Not\u00edcias de Ribeir\u00e3o Preto-SP e Regi\u00e3o&quot;","block_context":{"text":"Not\u00edcias de Ribeir\u00e3o Preto-SP e Regi\u00e3o","link":"https:\/\/ismaelcolosi.com.br\/index.php\/category\/noticias-de-ribeirao-preto-sp-e-regiao-ismael-colosi\/"},"img":{"alt_text":"","src":"https:\/\/i0.wp.com\/ismaelcolosi.com.br\/wp-content\/uploads\/2024\/08\/WhatsApp-Image-2024-08-31-at-17.48.29_2024-08-31_22-14-28_jpeg_2024-08-31_22-14-28.webp.webp?fit=1200%2C800&ssl=1&resize=350%2C200","width":350,"height":200,"srcset":"https:\/\/i0.wp.com\/ismaelcolosi.com.br\/wp-content\/uploads\/2024\/08\/WhatsApp-Image-2024-08-31-at-17.48.29_2024-08-31_22-14-28_jpeg_2024-08-31_22-14-28.webp.webp?fit=1200%2C800&ssl=1&resize=350%2C200 1x, https:\/\/i0.wp.com\/ismaelcolosi.com.br\/wp-content\/uploads\/2024\/08\/WhatsApp-Image-2024-08-31-at-17.48.29_2024-08-31_22-14-28_jpeg_2024-08-31_22-14-28.webp.webp?fit=1200%2C800&ssl=1&resize=525%2C300 1.5x, https:\/\/i0.wp.com\/ismaelcolosi.com.br\/wp-content\/uploads\/2024\/08\/WhatsApp-Image-2024-08-31-at-17.48.29_2024-08-31_22-14-28_jpeg_2024-08-31_22-14-28.webp.webp?fit=1200%2C800&ssl=1&resize=700%2C400 2x, https:\/\/i0.wp.com\/ismaelcolosi.com.br\/wp-content\/uploads\/2024\/08\/WhatsApp-Image-2024-08-31-at-17.48.29_2024-08-31_22-14-28_jpeg_2024-08-31_22-14-28.webp.webp?fit=1200%2C800&ssl=1&resize=1050%2C600 3x"},"classes":[]},{"id":40166,"url":"https:\/\/ismaelcolosi.com.br\/index.php\/2024\/03\/01\/botafogo-recebe-o-guarani-no-santa-cruz-2\/","url_meta":{"origin":70175,"position":3},"title":"Botafogo recebe o Guarani no Santa Cruz\u00a0\u00a0","author":"ismaelcolosi.com.br","date":"1 de March de 2024","format":false,"excerpt":"1 de mar\u00e7o de 2024 | 12:301 de mar\u00e7o de 2024 | 9:24 0Vindo de duas vit\u00f3rias consecutivas, o Botafogo encara nesta sexta-feira o Guarani, no est\u00e1dio Santa Cruz, a partir das 18h30. O Pantera vai para o jogo apenas cumprir tabela, j\u00e1 que tem chances remotas de queda e\u2026","rel":"","context":"In &quot;Not\u00edcias de Ribeir\u00e3o Preto-SP e Regi\u00e3o&quot;","block_context":{"text":"Not\u00edcias de Ribeir\u00e3o Preto-SP e Regi\u00e3o","link":"https:\/\/ismaelcolosi.com.br\/index.php\/category\/noticias-de-ribeirao-preto-sp-e-regiao-ismael-colosi\/"},"img":{"alt_text":"","src":"https:\/\/i0.wp.com\/ismaelcolosi.com.br\/wp-content\/uploads\/2024\/03\/bota-scaled.jpg?fit=968%2C645&ssl=1&resize=350%2C200","width":350,"height":200,"srcset":"https:\/\/i0.wp.com\/ismaelcolosi.com.br\/wp-content\/uploads\/2024\/03\/bota-scaled.jpg?fit=968%2C645&ssl=1&resize=350%2C200 1x, https:\/\/i0.wp.com\/ismaelcolosi.com.br\/wp-content\/uploads\/2024\/03\/bota-scaled.jpg?fit=968%2C645&ssl=1&resize=525%2C300 1.5x, https:\/\/i0.wp.com\/ismaelcolosi.com.br\/wp-content\/uploads\/2024\/03\/bota-scaled.jpg?fit=968%2C645&ssl=1&resize=700%2C400 2x"},"classes":[]},{"id":61469,"url":"https:\/\/ismaelcolosi.com.br\/index.php\/2024\/08\/21\/de-virada-botafogo-vence-mirassol-fora-de-casa-pela-serie-b\/","url_meta":{"origin":70175,"position":4},"title":"De virada: Botafogo vence Mirassol fora de casa pela S\u00e9rie B","author":"ismaelcolosi.com.br","date":"21 de August de 2024","format":false,"excerpt":"O Botafogo venceu o Mirassol, de virada, por 2 a 1, na noite desta quarta-feira (21), pela 22\u00aa rodada do Campeonato Brasileiro da S\u00e9rie B. A partida foi realizada no est\u00e1dio Jos\u00e9 Maria de Campos Maia, em Mirassol. Os gols O Mirassol abriu o placar com Fernandinho, aos 15 minutos\u2026","rel":"","context":"In &quot;Not\u00edcias de Ribeir\u00e3o Preto-SP e Regi\u00e3o&quot;","block_context":{"text":"Not\u00edcias de Ribeir\u00e3o Preto-SP e Regi\u00e3o","link":"https:\/\/ismaelcolosi.com.br\/index.php\/category\/noticias-de-ribeirao-preto-sp-e-regiao-ismael-colosi\/"},"img":{"alt_text":"","src":"https:\/\/i0.wp.com\/ismaelcolosi.com.br\/wp-content\/uploads\/2024\/08\/botafogo-mirassol_2024-08-21_23-49-08_jpeg_2024-08-21_23-49-09.webp.webp?fit=1200%2C800&ssl=1&resize=350%2C200","width":350,"height":200,"srcset":"https:\/\/i0.wp.com\/ismaelcolosi.com.br\/wp-content\/uploads\/2024\/08\/botafogo-mirassol_2024-08-21_23-49-08_jpeg_2024-08-21_23-49-09.webp.webp?fit=1200%2C800&ssl=1&resize=350%2C200 1x, https:\/\/i0.wp.com\/ismaelcolosi.com.br\/wp-content\/uploads\/2024\/08\/botafogo-mirassol_2024-08-21_23-49-08_jpeg_2024-08-21_23-49-09.webp.webp?fit=1200%2C800&ssl=1&resize=525%2C300 1.5x, https:\/\/i0.wp.com\/ismaelcolosi.com.br\/wp-content\/uploads\/2024\/08\/botafogo-mirassol_2024-08-21_23-49-08_jpeg_2024-08-21_23-49-09.webp.webp?fit=1200%2C800&ssl=1&resize=700%2C400 2x, https:\/\/i0.wp.com\/ismaelcolosi.com.br\/wp-content\/uploads\/2024\/08\/botafogo-mirassol_2024-08-21_23-49-08_jpeg_2024-08-21_23-49-09.webp.webp?fit=1200%2C800&ssl=1&resize=1050%2C600 3x"},"classes":[]},{"id":34909,"url":"https:\/\/ismaelcolosi.com.br\/index.php\/2024\/02\/04\/botafogo-visita-o-ituano-pelo-paulistao\/","url_meta":{"origin":70175,"position":5},"title":"Botafogo visita o Ituano pelo Paulist\u00e3o\u00a0\u00a0","author":"ismaelcolosi.com.br","date":"4 de February de 2024","format":false,"excerpt":"Embalado no Paulist\u00e3o, o Botafogo visita neste domingo o Ituano. A partida \u00e9 v\u00e1lida pela 5\u00aa rodada da competi\u00e7\u00e3o e est\u00e1 marcada para as 18h, no est\u00e1dio Novelli J\u00fanior, em Itu.\u00a0\u00a0Para a partida, o t\u00e9cnico Paulo Gomes tem alguns problemas, come\u00e7ando por ele, que est\u00e1 suspenso por ter sido expulso\u2026","rel":"","context":"In &quot;Not\u00edcias de Ribeir\u00e3o Preto-SP e Regi\u00e3o&quot;","block_context":{"text":"Not\u00edcias de Ribeir\u00e3o Preto-SP e Regi\u00e3o","link":"https:\/\/ismaelcolosi.com.br\/index.php\/category\/noticias-de-ribeirao-preto-sp-e-regiao-ismael-colosi\/"},"img":{"alt_text":"","src":"https:\/\/i0.wp.com\/ismaelcolosi.com.br\/wp-content\/uploads\/2024\/02\/Botafogo-domingo-scaled.jpg?fit=967%2C645&ssl=1&resize=350%2C200","width":350,"height":200,"srcset":"https:\/\/i0.wp.com\/ismaelcolosi.com.br\/wp-content\/uploads\/2024\/02\/Botafogo-domingo-scaled.jpg?fit=967%2C645&ssl=1&resize=350%2C200 1x, https:\/\/i0.wp.com\/ismaelcolosi.com.br\/wp-content\/uploads\/2024\/02\/Botafogo-domingo-scaled.jpg?fit=967%2C645&ssl=1&resize=525%2C300 1.5x, https:\/\/i0.wp.com\/ismaelcolosi.com.br\/wp-content\/uploads\/2024\/02\/Botafogo-domingo-scaled.jpg?fit=967%2C645&ssl=1&resize=700%2C400 2x"},"classes":[]}],"jetpack_sharing_enabled":true,"jetpack_shortlink":"https:\/\/wp.me\/pfMlyK-ifR","_links":{"self":[{"href":"https:\/\/ismaelcolosi.com.br\/index.php\/wp-json\/wp\/v2\/posts\/70175","targetHints":{"allow":["GET"]}}],"collection":[{"href":"https:\/\/ismaelcolosi.com.br\/index.php\/wp-json\/wp\/v2\/posts"}],"about":[{"href":"https:\/\/ismaelcolosi.com.br\/index.php\/wp-json\/wp\/v2\/types\/post"}],"author":[{"embeddable":true,"href":"https:\/\/ismaelcolosi.com.br\/index.php\/wp-json\/wp\/v2\/users\/1"}],"replies":[{"embeddable":true,"href":"https:\/\/ismaelcolosi.com.br\/index.php\/wp-json\/wp\/v2\/comments?post=70175"}],"version-history":[{"count":0,"href":"https:\/\/ismaelcolosi.com.br\/index.php\/wp-json\/wp\/v2\/posts\/70175\/revisions"}],"wp:featuredmedia":[{"embeddable":true,"href":"https:\/\/ismaelcolosi.com.br\/index.php\/wp-json\/wp\/v2\/media\/70176"}],"wp:attachment":[{"href":"https:\/\/ismaelcolosi.com.br\/index.php\/wp-json\/wp\/v2\/media?parent=70175"}],"wp:term":[{"taxonomy":"category","embeddable":true,"href":"https:\/\/ismaelcolosi.com.br\/index.php\/wp-json\/wp\/v2\/categories?post=70175"},{"taxonomy":"post_tag","embeddable":true,"href":"https:\/\/ismaelcolosi.com.br\/index.php\/wp-json\/wp\/v2\/tags?post=70175"}],"curies":[{"name":"wp","href":"https:\/\/api.w.org\/{rel}","templated":true}]}}