{"id":70159,"date":"2024-10-09T19:27:53","date_gmt":"2024-10-09T22:27:53","guid":{"rendered":"https:\/\/ismaelcolosi.com.br\/index.php\/2024\/10\/09\/dia-das-criancas-onibus-livro-vivo-estreia-em-ribeirao-preto\/"},"modified":"2024-10-09T19:27:53","modified_gmt":"2024-10-09T22:27:53","slug":"dia-das-criancas-onibus-livro-vivo-estreia-em-ribeirao-preto","status":"publish","type":"post","link":"https:\/\/ismaelcolosi.com.br\/index.php\/2024\/10\/09\/dia-das-criancas-onibus-livro-vivo-estreia-em-ribeirao-preto\/","title":{"rendered":"Dia das Crian\u00e7as: \u00d4nibus Livro Vivo estreia em Ribeir\u00e3o Preto"},"content":{"rendered":"<p> <br \/>\n<\/p>\n<div>\n<p>O<strong> Ribeir\u00e3o Shopping<\/strong>, na zona Sul de Ribeir\u00e3o Preto, recebe neste <strong>s\u00e1bado (12)<\/strong>, marcado pelo <strong>Dia das Crian\u00e7as<\/strong>, o <strong>\u00d4nibus Livro Vivo<\/strong>, um ve\u00edculo itinerante que levar\u00e1 literatura a diversas pessoas.<\/p>\n<p>O projeto, que foi lan\u00e7ado durante a<strong> 23\u00aa edi\u00e7\u00e3o da Feira Internacional do Livro de Ribeir\u00e3o Preto<\/strong>, ficar\u00e1 dispon\u00edvel para visita\u00e7\u00e3o na <strong>entrada D do shopping<\/strong> e contar\u00e1 com uma programa\u00e7\u00e3o especial com <strong>recep\u00e7\u00e3o liter\u00e1ria<\/strong>, <strong>media\u00e7\u00e3o de leitura<\/strong> e <strong>exposi\u00e7\u00e3o<\/strong>.<\/p>\n<p>A proposta, segundo a presidente da Funda\u00e7\u00e3o do Livro e Leitura, Dulce Neves, \u00e9 ampliar o alcance do Livro Vivo, atrav\u00e9s de leituras e pesquisas de obras que comp\u00f5em a ferramenta. <\/p>\n<p>\u201cNossa inten\u00e7\u00e3o \u00e9 espalhar a literatura. O \u00f4nibus itinerante ser\u00e1 um instrumento essencial para as cidades do interior paulista receberem diversas formas de express\u00e3o cultural. \u00c9 um projeto totalmente interativo\u201d, destaca. <\/p>\n<p>A atividade ainda passar\u00e1 por outras cidades do <strong>interior de S\u00e3o Paulo<\/strong> e oferecer\u00e1 conta\u00e7\u00e3o de hist\u00f3rias, sarau, leitura, espet\u00e1culos circenses e at\u00e9 exibi\u00e7\u00e3o de filmes.<\/p>\n<h4 class=\"wp-block-heading\"><strong>Servi\u00e7o<\/strong><\/h4>\n<p><strong>\u00d4nibus Livro Vivo <\/strong><\/p>\n<p><strong>Quando:<\/strong> 12 de outubro, s\u00e1bado <br \/><strong>Hor\u00e1rio:<\/strong> Das 11h \u00e0s 20h <br \/><strong>Local:<\/strong> Ribeir\u00e3o Shopping \u2013 avenida Coronel Fernando Ferreira Leite, 1540, Jardim Calif\u00f3rnia<br \/><strong>Entrada gratuita<\/strong><\/p>\n<p>SAIBA MAIS<br \/>Veja quais bairros de Ribeir\u00e3o est\u00e3o em alerta para falta d\u2019\u00e1gua<\/p>\n<h4 class=\"wp-block-heading\"><strong>FIQUE ON<\/strong><\/h4>\n<p>Fique ligado em tudo que acontece em Ribeir\u00e3o Preto e regi\u00e3o. Siga os perfis do <strong>acidade on <\/strong>no <a href=\"https:\/\/www.instagram.com\/acidadeonribeirao\" target=\"_blank\" rel=\"noreferrer noopener\">Instagram<\/a> e no <a href=\"https:\/\/www.facebook.com\/acidadeonribeirao\" target=\"_blank\" rel=\"noreferrer noopener\">Facebook<\/a>.<\/p>\n<p>Receba not\u00edcias do acidade on no WhatsApp. Para entrar no grupo, basta <a href=\"https:\/\/chat.whatsapp.com\/Dtv9mxhy6V5BJBotM2OQ5k\" target=\"_blank\" rel=\"noreferrer noopener\">clicar aqui<\/a>.<\/p>\n<p>Fa\u00e7a uma den\u00fancia ou sugira uma reportagem sobre Ribeir\u00e3o Preto e regi\u00e3o pelo WhatsApp: 16 99117 7802.<\/p>\n<p>VEJA TAMB\u00c9M<br \/>O que a filha de Elvis Presley disse em livro?<\/p>\n<p><!-- CONTENT END 1 -->\n<\/div>\n<p><script async src=\"\/\/www.instagram.com\/embed.js\"><\/script><br \/>\n<br \/><br \/>\n<br \/><a href=\"https:\/\/www.acidadeon.com\/ribeiraopreto\/lazer-e-cultura\/dia-das-criancas-onibus-livro-vivo-estreia-em-ribeirao-preto\/\">Source link <\/a><\/p>\n","protected":false},"excerpt":{"rendered":"<p>O Ribeir\u00e3o Shopping, na zona Sul de Ribeir\u00e3o Preto, recebe neste s\u00e1bado (12), marcado pelo Dia das Crian\u00e7as, o \u00d4nibus Livro Vivo, um ve\u00edculo itinerante&#8230;<\/p>\n","protected":false},"author":1,"featured_media":70160,"comment_status":"open","ping_status":"open","sticky":false,"template":"","format":"standard","meta":{"_uag_custom_page_level_css":"","advanced_seo_description":"","jetpack_seo_html_title":"","jetpack_seo_noindex":false,"jetpack_post_was_ever_published":false,"_jetpack_newsletter_access":"","_jetpack_dont_email_post_to_subs":false,"_jetpack_newsletter_tier_id":0,"_jetpack_memberships_contains_paywalled_content":false,"_jetpack_memberships_contains_paid_content":false,"footnotes":"","jetpack_publicize_message":"","jetpack_publicize_feature_enabled":true,"jetpack_social_post_already_shared":true,"jetpack_social_options":{"image_generator_settings":{"template":"highway","default_image_id":0,"font":"","enabled":false},"version":2}},"categories":[11],"tags":[],"class_list":["post-70159","post","type-post","status-publish","format-standard","has-post-thumbnail","hentry","category-noticias-de-ribeirao-preto-sp-e-regiao-ismael-colosi"],"jetpack_publicize_connections":[],"jetpack_featured_media_url":"https:\/\/i0.wp.com\/ismaelcolosi.com.br\/wp-content\/uploads\/2024\/10\/Onibus-Livro-Vivo-1_2024-10-09_12-30-29_jpeg_2024-10-09_12-30-30-scaled.webp.webp?fit=2560%2C1717&ssl=1","uagb_featured_image_src":{"full":["https:\/\/i0.wp.com\/ismaelcolosi.com.br\/wp-content\/uploads\/2024\/10\/Onibus-Livro-Vivo-1_2024-10-09_12-30-29_jpeg_2024-10-09_12-30-30-scaled.webp.webp?fit=2560%2C1717&ssl=1",2560,1717,false],"thumbnail":["https:\/\/i0.wp.com\/ismaelcolosi.com.br\/wp-content\/uploads\/2024\/10\/Onibus-Livro-Vivo-1_2024-10-09_12-30-29_jpeg_2024-10-09_12-30-30-scaled.webp.webp?resize=150%2C150&ssl=1",150,150,true],"medium":["https:\/\/i0.wp.com\/ismaelcolosi.com.br\/wp-content\/uploads\/2024\/10\/Onibus-Livro-Vivo-1_2024-10-09_12-30-29_jpeg_2024-10-09_12-30-30-scaled.webp.webp?fit=300%2C201&ssl=1",300,201,true],"medium_large":["https:\/\/i0.wp.com\/ismaelcolosi.com.br\/wp-content\/uploads\/2024\/10\/Onibus-Livro-Vivo-1_2024-10-09_12-30-29_jpeg_2024-10-09_12-30-30-scaled.webp.webp?fit=768%2C515&ssl=1",768,515,true],"large":["https:\/\/i0.wp.com\/ismaelcolosi.com.br\/wp-content\/uploads\/2024\/10\/Onibus-Livro-Vivo-1_2024-10-09_12-30-29_jpeg_2024-10-09_12-30-30-scaled.webp.webp?fit=1024%2C687&ssl=1",1024,687,true],"1536x1536":["https:\/\/i0.wp.com\/ismaelcolosi.com.br\/wp-content\/uploads\/2024\/10\/Onibus-Livro-Vivo-1_2024-10-09_12-30-29_jpeg_2024-10-09_12-30-30-scaled.webp.webp?fit=1536%2C1030&ssl=1",1536,1030,true],"2048x2048":["https:\/\/i0.wp.com\/ismaelcolosi.com.br\/wp-content\/uploads\/2024\/10\/Onibus-Livro-Vivo-1_2024-10-09_12-30-29_jpeg_2024-10-09_12-30-30-scaled.webp.webp?fit=2048%2C1374&ssl=1",2048,1374,true],"really-simple-thumb":["https:\/\/i0.wp.com\/ismaelcolosi.com.br\/wp-content\/uploads\/2024\/10\/Onibus-Livro-Vivo-1_2024-10-09_12-30-29_jpeg_2024-10-09_12-30-30-scaled.webp.webp?resize=370%2C247&ssl=1",370,247,true]},"uagb_author_info":{"display_name":"ismaelcolosi.com.br","author_link":"https:\/\/ismaelcolosi.com.br\/index.php\/author\/vidareal-online\/"},"uagb_comment_info":0,"uagb_excerpt":"O Ribeir\u00e3o Shopping, na zona Sul de Ribeir\u00e3o Preto, recebe neste s\u00e1bado (12), marcado pelo Dia das Crian\u00e7as, o \u00d4nibus Livro Vivo, um ve\u00edculo itinerante...","jetpack-related-posts":[{"id":70549,"url":"https:\/\/ismaelcolosi.com.br\/index.php\/2024\/10\/11\/fim-de-semana-em-ribeirao-preto-tem-shows-e-programacao-de-dia-das-criancas\/","url_meta":{"origin":70159,"position":0},"title":"Fim de semana em Ribeir\u00e3o Preto tem shows e programa\u00e7\u00e3o de Dia das Crian\u00e7as","author":"ismaelcolosi.com.br","date":"11 de October de 2024","format":false,"excerpt":"Este fim de semana \u00e9 marcado pelo feriado de Nossa Senhora Aparecida e o Dia das Crian\u00e7as. Entre as atra\u00e7\u00f5es da agenda cultural est\u00e3o o show da turn\u00ea de despedida da banda Natiruts e a Romaria de Nossa Senhora, que promete reunir diversos fi\u00e9is, al\u00e9m de diversas atividades para a\u2026","rel":"","context":"In &quot;Not\u00edcias de Ribeir\u00e3o Preto-SP e Regi\u00e3o&quot;","block_context":{"text":"Not\u00edcias de Ribeir\u00e3o Preto-SP e Regi\u00e3o","link":"https:\/\/ismaelcolosi.com.br\/index.php\/category\/noticias-de-ribeirao-preto-sp-e-regiao-ismael-colosi\/"},"img":{"alt_text":"","src":"https:\/\/i0.wp.com\/ismaelcolosi.com.br\/wp-content\/uploads\/2024\/10\/children-playing-grass_2024-10-11_13-54-35_jpg_2024-10-11_13-54-38-scaled.webp.webp?fit=1200%2C800&ssl=1&resize=350%2C200","width":350,"height":200,"srcset":"https:\/\/i0.wp.com\/ismaelcolosi.com.br\/wp-content\/uploads\/2024\/10\/children-playing-grass_2024-10-11_13-54-35_jpg_2024-10-11_13-54-38-scaled.webp.webp?fit=1200%2C800&ssl=1&resize=350%2C200 1x, https:\/\/i0.wp.com\/ismaelcolosi.com.br\/wp-content\/uploads\/2024\/10\/children-playing-grass_2024-10-11_13-54-35_jpg_2024-10-11_13-54-38-scaled.webp.webp?fit=1200%2C800&ssl=1&resize=525%2C300 1.5x, https:\/\/i0.wp.com\/ismaelcolosi.com.br\/wp-content\/uploads\/2024\/10\/children-playing-grass_2024-10-11_13-54-35_jpg_2024-10-11_13-54-38-scaled.webp.webp?fit=1200%2C800&ssl=1&resize=700%2C400 2x, https:\/\/i0.wp.com\/ismaelcolosi.com.br\/wp-content\/uploads\/2024\/10\/children-playing-grass_2024-10-11_13-54-35_jpg_2024-10-11_13-54-38-scaled.webp.webp?fit=1200%2C800&ssl=1&resize=1050%2C600 3x"},"classes":[]},{"id":32250,"url":"https:\/\/ismaelcolosi.com.br\/index.php\/2024\/01\/24\/shopping-iguatemi-em-ribeirao-preto-recebe-espaco-de-leitura-infantil\/","url_meta":{"origin":70159,"position":1},"title":"Shopping de Ribeir\u00e3o Preto recebe espa\u00e7o de leitura infantil","author":"ismaelcolosi.com.br","date":"24 de January de 2024","format":false,"excerpt":"At\u00e9 o dia 8 de abril, o Shopping Iguatemi de Ribeir\u00e3o Preto recebe o \u201cLabirinto do Livro Encantado\u201d, um espa\u00e7o de leitura infantil. A entrada \u00e9 gratuita, com algumas atividades pagas e funciona de segunda-feira a s\u00e1bado, das 10h \u00e0s 22h, e aos domingos, das 12h \u00e0s 20h. O \u201cLabirinto\u2026","rel":"","context":"In &quot;Not\u00edcias de Ribeir\u00e3o Preto-SP e Regi\u00e3o&quot;","block_context":{"text":"Not\u00edcias de Ribeir\u00e3o Preto-SP e Regi\u00e3o","link":"https:\/\/ismaelcolosi.com.br\/index.php\/category\/noticias-de-ribeirao-preto-sp-e-regiao-ismael-colosi\/"},"img":{"alt_text":"","src":"https:\/\/i0.wp.com\/ismaelcolosi.com.br\/wp-content\/uploads\/2024\/01\/labirinto-livro-encantado.jpg?fit=1200%2C800&ssl=1&resize=350%2C200","width":350,"height":200,"srcset":"https:\/\/i0.wp.com\/ismaelcolosi.com.br\/wp-content\/uploads\/2024\/01\/labirinto-livro-encantado.jpg?fit=1200%2C800&ssl=1&resize=350%2C200 1x, https:\/\/i0.wp.com\/ismaelcolosi.com.br\/wp-content\/uploads\/2024\/01\/labirinto-livro-encantado.jpg?fit=1200%2C800&ssl=1&resize=525%2C300 1.5x, https:\/\/i0.wp.com\/ismaelcolosi.com.br\/wp-content\/uploads\/2024\/01\/labirinto-livro-encantado.jpg?fit=1200%2C800&ssl=1&resize=700%2C400 2x, https:\/\/i0.wp.com\/ismaelcolosi.com.br\/wp-content\/uploads\/2024\/01\/labirinto-livro-encantado.jpg?fit=1200%2C800&ssl=1&resize=1050%2C600 3x"},"classes":[]},{"id":73308,"url":"https:\/\/ismaelcolosi.com.br\/index.php\/2024\/10\/25\/escritor-de-ribeirao-preto-esta-entre-os-semifinalistas-do-premio-jabuti\/","url_meta":{"origin":70159,"position":2},"title":"Escritor de Ribeir\u00e3o Preto est\u00e1 entre os semifinalistas do Pr\u00eamio Jabuti","author":"ismaelcolosi.com.br","date":"25 de October de 2024","format":false,"excerpt":"O escritor Andr\u00e9 Lu\u00eds Oliveira, de Ribeir\u00e3o Preto, est\u00e1 entre os semifinalistas do Pr\u00eamio Jabuti, um dos principais da literatura brasileira. A lista com os 10 semifinalistas de cada uma das 22 categorias na \u00faltima quinta-feira (24) pela CBL (C\u00e2mara Brasileira do Livro). Andr\u00e9 Lu\u00eds concorre na categoria literatura \u201cInfantil\u201d,\u2026","rel":"","context":"In &quot;Not\u00edcias de Ribeir\u00e3o Preto-SP e Regi\u00e3o&quot;","block_context":{"text":"Not\u00edcias de Ribeir\u00e3o Preto-SP e Regi\u00e3o","link":"https:\/\/ismaelcolosi.com.br\/index.php\/category\/noticias-de-ribeirao-preto-sp-e-regiao-ismael-colosi\/"},"img":{"alt_text":"","src":"https:\/\/i0.wp.com\/ismaelcolosi.com.br\/wp-content\/uploads\/2024\/10\/andre-luis-oliveira_2024-10-25_18-27-14_jpg_2024-10-25_18-27-14.webp.webp?fit=856%2C619&ssl=1&resize=350%2C200","width":350,"height":200,"srcset":"https:\/\/i0.wp.com\/ismaelcolosi.com.br\/wp-content\/uploads\/2024\/10\/andre-luis-oliveira_2024-10-25_18-27-14_jpg_2024-10-25_18-27-14.webp.webp?fit=856%2C619&ssl=1&resize=350%2C200 1x, https:\/\/i0.wp.com\/ismaelcolosi.com.br\/wp-content\/uploads\/2024\/10\/andre-luis-oliveira_2024-10-25_18-27-14_jpg_2024-10-25_18-27-14.webp.webp?fit=856%2C619&ssl=1&resize=525%2C300 1.5x, https:\/\/i0.wp.com\/ismaelcolosi.com.br\/wp-content\/uploads\/2024\/10\/andre-luis-oliveira_2024-10-25_18-27-14_jpg_2024-10-25_18-27-14.webp.webp?fit=856%2C619&ssl=1&resize=700%2C400 2x"},"classes":[]},{"id":55823,"url":"https:\/\/ismaelcolosi.com.br\/index.php\/2024\/07\/05\/artista-lanca-livro-infantil-com-exemplares-gratuitos-em-ribeirao-preto\/","url_meta":{"origin":70159,"position":3},"title":"Artista lan\u00e7a livro infantil com exemplares gratuitos em Ribeir\u00e3o Preto","author":"ismaelcolosi.com.br","date":"5 de July de 2024","format":false,"excerpt":"A artista Marina Dias lan\u00e7a neste s\u00e1bado\u00a0 (6) o livro \u201cCores em Festa\u201d, no Ateli\u00ea Marina Dias, em Ribeir\u00e3o Preto, das 9h \u00e0s 13h. Quem passar pelo local receber\u00e1 um exemplar gratuito, al\u00e9m de ver a exposi\u00e7\u00e3o com as ilustra\u00e7\u00f5es originais e imagens que inspiraram a ilustradora a compor o\u2026","rel":"","context":"In &quot;Not\u00edcias de Ribeir\u00e3o Preto-SP e Regi\u00e3o&quot;","block_context":{"text":"Not\u00edcias de Ribeir\u00e3o Preto-SP e Regi\u00e3o","link":"https:\/\/ismaelcolosi.com.br\/index.php\/category\/noticias-de-ribeirao-preto-sp-e-regiao-ismael-colosi\/"},"img":{"alt_text":"","src":"https:\/\/i0.wp.com\/ismaelcolosi.com.br\/wp-content\/uploads\/2024\/07\/marina-dias_2024-07-05_20-07-39_jpeg_2024-07-05_20-07-40.webp.webp?fit=1200%2C800&ssl=1&resize=350%2C200","width":350,"height":200,"srcset":"https:\/\/i0.wp.com\/ismaelcolosi.com.br\/wp-content\/uploads\/2024\/07\/marina-dias_2024-07-05_20-07-39_jpeg_2024-07-05_20-07-40.webp.webp?fit=1200%2C800&ssl=1&resize=350%2C200 1x, https:\/\/i0.wp.com\/ismaelcolosi.com.br\/wp-content\/uploads\/2024\/07\/marina-dias_2024-07-05_20-07-39_jpeg_2024-07-05_20-07-40.webp.webp?fit=1200%2C800&ssl=1&resize=525%2C300 1.5x, https:\/\/i0.wp.com\/ismaelcolosi.com.br\/wp-content\/uploads\/2024\/07\/marina-dias_2024-07-05_20-07-39_jpeg_2024-07-05_20-07-40.webp.webp?fit=1200%2C800&ssl=1&resize=700%2C400 2x, https:\/\/i0.wp.com\/ismaelcolosi.com.br\/wp-content\/uploads\/2024\/07\/marina-dias_2024-07-05_20-07-39_jpeg_2024-07-05_20-07-40.webp.webp?fit=1200%2C800&ssl=1&resize=1050%2C600 3x"},"classes":[]},{"id":59788,"url":"https:\/\/ismaelcolosi.com.br\/index.php\/2024\/08\/12\/mais-de-250-mil-pessoas-passaram-pela-feira-do-livro-de-ribeirao-preto-em-2024\/","url_meta":{"origin":70159,"position":4},"title":"Mais de 250 mil pessoas passaram pela Feira do Livro de Ribeir\u00e3o Preto em 2024","author":"ismaelcolosi.com.br","date":"12 de August de 2024","format":false,"excerpt":"A 23\u00aa FIL (Feira Internacional do Livro) de Ribeir\u00e3o Preto terminou no \u00faltimo domingo (11), registrando um p\u00fablico de 250 mil pessoas durante os 11 dias de realiza\u00e7\u00e3o. A abertura da feira aconteceu no dia 1\u00ba de agosto e a programa\u00e7\u00e3o di\u00e1ria, de 2 a 11 de agosto, foi oferecida\u2026","rel":"","context":"In &quot;Not\u00edcias de Ribeir\u00e3o Preto-SP e Regi\u00e3o&quot;","block_context":{"text":"Not\u00edcias de Ribeir\u00e3o Preto-SP e Regi\u00e3o","link":"https:\/\/ismaelcolosi.com.br\/index.php\/category\/noticias-de-ribeirao-preto-sp-e-regiao-ismael-colosi\/"},"img":{"alt_text":"","src":"https:\/\/i0.wp.com\/ismaelcolosi.com.br\/wp-content\/uploads\/2024\/08\/feira-do-livro_2024-08-12_16-48-15_jpg_2024-08-12_16-48-16-scaled.webp.webp?fit=1200%2C800&ssl=1&resize=350%2C200","width":350,"height":200,"srcset":"https:\/\/i0.wp.com\/ismaelcolosi.com.br\/wp-content\/uploads\/2024\/08\/feira-do-livro_2024-08-12_16-48-15_jpg_2024-08-12_16-48-16-scaled.webp.webp?fit=1200%2C800&ssl=1&resize=350%2C200 1x, https:\/\/i0.wp.com\/ismaelcolosi.com.br\/wp-content\/uploads\/2024\/08\/feira-do-livro_2024-08-12_16-48-15_jpg_2024-08-12_16-48-16-scaled.webp.webp?fit=1200%2C800&ssl=1&resize=525%2C300 1.5x, https:\/\/i0.wp.com\/ismaelcolosi.com.br\/wp-content\/uploads\/2024\/08\/feira-do-livro_2024-08-12_16-48-15_jpg_2024-08-12_16-48-16-scaled.webp.webp?fit=1200%2C800&ssl=1&resize=700%2C400 2x, https:\/\/i0.wp.com\/ismaelcolosi.com.br\/wp-content\/uploads\/2024\/08\/feira-do-livro_2024-08-12_16-48-15_jpg_2024-08-12_16-48-16-scaled.webp.webp?fit=1200%2C800&ssl=1&resize=1050%2C600 3x"},"classes":[]},{"id":15772,"url":"https:\/\/ismaelcolosi.com.br\/index.php\/2023\/12\/14\/projeto-de-rp-vence-premio\/","url_meta":{"origin":70159,"position":5},"title":"Projeto de RP vence pr\u00eamio","author":"ismaelcolosi.com.br","date":"14 de December de 2023","format":false,"excerpt":"14 de dezembro de 2023 | 10:21 0Criado em 1950 pela Secretaria de Cultura e Economia Criativa do Estado de S\u00e3o Paulo para premiar os melhores projetos em diversas \u00e1reas culturais \u2013como cinema, teatro, m\u00fasica e literatura \u2013, a entrega do Pr\u00eamio Governador do Estado de S\u00e3o Paulo 2023 aconteceu\u2026","rel":"","context":"In &quot;Not\u00edcias de Ribeir\u00e3o Preto-SP e Regi\u00e3o&quot;","block_context":{"text":"Not\u00edcias de Ribeir\u00e3o Preto-SP e Regi\u00e3o","link":"https:\/\/ismaelcolosi.com.br\/index.php\/category\/noticias-de-ribeirao-preto-sp-e-regiao-ismael-colosi\/"},"img":{"alt_text":"","src":"https:\/\/i0.wp.com\/ismaelcolosi.com.br\/wp-content\/uploads\/2023\/12\/Dulce-Neves-scaled.jpeg?fit=860%2C645&ssl=1&resize=350%2C200","width":350,"height":200,"srcset":"https:\/\/i0.wp.com\/ismaelcolosi.com.br\/wp-content\/uploads\/2023\/12\/Dulce-Neves-scaled.jpeg?fit=860%2C645&ssl=1&resize=350%2C200 1x, https:\/\/i0.wp.com\/ismaelcolosi.com.br\/wp-content\/uploads\/2023\/12\/Dulce-Neves-scaled.jpeg?fit=860%2C645&ssl=1&resize=525%2C300 1.5x, https:\/\/i0.wp.com\/ismaelcolosi.com.br\/wp-content\/uploads\/2023\/12\/Dulce-Neves-scaled.jpeg?fit=860%2C645&ssl=1&resize=700%2C400 2x"},"classes":[]}],"jetpack_sharing_enabled":true,"jetpack_shortlink":"https:\/\/wp.me\/pfMlyK-ifB","_links":{"self":[{"href":"https:\/\/ismaelcolosi.com.br\/index.php\/wp-json\/wp\/v2\/posts\/70159","targetHints":{"allow":["GET"]}}],"collection":[{"href":"https:\/\/ismaelcolosi.com.br\/index.php\/wp-json\/wp\/v2\/posts"}],"about":[{"href":"https:\/\/ismaelcolosi.com.br\/index.php\/wp-json\/wp\/v2\/types\/post"}],"author":[{"embeddable":true,"href":"https:\/\/ismaelcolosi.com.br\/index.php\/wp-json\/wp\/v2\/users\/1"}],"replies":[{"embeddable":true,"href":"https:\/\/ismaelcolosi.com.br\/index.php\/wp-json\/wp\/v2\/comments?post=70159"}],"version-history":[{"count":0,"href":"https:\/\/ismaelcolosi.com.br\/index.php\/wp-json\/wp\/v2\/posts\/70159\/revisions"}],"wp:featuredmedia":[{"embeddable":true,"href":"https:\/\/ismaelcolosi.com.br\/index.php\/wp-json\/wp\/v2\/media\/70160"}],"wp:attachment":[{"href":"https:\/\/ismaelcolosi.com.br\/index.php\/wp-json\/wp\/v2\/media?parent=70159"}],"wp:term":[{"taxonomy":"category","embeddable":true,"href":"https:\/\/ismaelcolosi.com.br\/index.php\/wp-json\/wp\/v2\/categories?post=70159"},{"taxonomy":"post_tag","embeddable":true,"href":"https:\/\/ismaelcolosi.com.br\/index.php\/wp-json\/wp\/v2\/tags?post=70159"}],"curies":[{"name":"wp","href":"https:\/\/api.w.org\/{rel}","templated":true}]}}