{"id":70155,"date":"2024-10-09T18:59:47","date_gmt":"2024-10-09T21:59:47","guid":{"rendered":"https:\/\/ismaelcolosi.com.br\/index.php\/2024\/10\/09\/florida-saiba-tudo-sobre-o-furacao-milton\/"},"modified":"2024-10-09T18:59:47","modified_gmt":"2024-10-09T21:59:47","slug":"florida-saiba-tudo-sobre-o-furacao-milton","status":"publish","type":"post","link":"https:\/\/ismaelcolosi.com.br\/index.php\/2024\/10\/09\/florida-saiba-tudo-sobre-o-furacao-milton\/","title":{"rendered":"Fl\u00f3rida: Saiba tudo sobre o furac\u00e3o Milton"},"content":{"rendered":"<p> <br \/>\n<\/p>\n<div>\n<figure class=\"wp-block-embed is-type-video is-provider-youtube wp-block-embed-youtube wp-embed-aspect-16-9 wp-has-aspect-ratio\">\n<div class=\"wp-block-embed__wrapper\">\n<p><iframe loading=\"lazy\" title=\"Hurricane Milton 2024 LIVE cam: View from Tampa, Florida\" width=\"500\" height=\"281\" src=\"https:\/\/www.youtube.com\/embed\/fvFMV5iw1AM?feature=oembed\" frameborder=\"0\" allow=\"accelerometer; autoplay; clipboard-write; encrypted-media; gyroscope; picture-in-picture; web-share\" referrerpolicy=\"strict-origin-when-cross-origin\" allowfullscreen><\/iframe><\/p>\n<\/div>\n<\/figure>\n<p>O<strong> furac\u00e3o Milton<\/strong>, considerado um dos mais intensos dos \u00faltimos 100 anos, chega ao estado da <strong>Fl\u00f3rida<\/strong>, nos<strong> Estados Unidos<\/strong>, nesta quarta-feira (9). A tempestade chegou a ser classificada como categoria 5, a mais alta da escala, de acordo com o <strong>Centro Nacional de Furac\u00f5es dos Estados Unidos<\/strong>.<\/p>\n<p><mark style=\"background-color:#fcb900\" class=\"has-inline-color has-black-color\">Isso quer dizer que o furac\u00e3o Milton pode trazer ventos de at\u00e9 285 km\/h.<\/mark> Contudo, no final da tarde desta quarta-feira, o furac\u00e3o j\u00e1 havia ca\u00eddo \u00e0 categoria 3. A tempestade atinge a mesma regi\u00e3o em que o furac\u00e3o Helene causou estragos no \u00faltimo m\u00eas de setembro.<\/p>\n<p>A previs\u00e3o \u00e9 que o furac\u00e3o toque no solo da Fl\u00f3rida entre o fim da noite desta quarta-feira e in\u00edcio de quinta-feira. Enquanto isso, tornados est\u00e3o atingindo diversos pontos da Fl\u00f3rida, causando destrui\u00e7\u00e3o.<\/p>\n<h4 class=\"wp-block-heading\"><strong>Mais forte em 100 anos<\/strong><\/h4>\n<p>O furac\u00e3o Milton atinge a regi\u00e3o da Ba\u00eda de Tampa, onde vivem mais de 3,3 milh\u00f5es de pessoas. Os meteorologistas apontam que o furac\u00e3o Milton pode causar uma mar\u00e9 de tempestade com altura entre 3 a 4,5 metros.<\/p>\n<h4 class=\"wp-block-heading\"><strong>Parques da Disney fechados<\/strong><\/h4>\n<p>Por conta do furac\u00e3o Milton, a Disney anunciou o fechamento dos parques em Orlando a partir desta quarta-feira. Os parques devem seguir fechados at\u00e9 quinta-feira.<\/p>\n<h4 class=\"wp-block-heading\"><strong>Voos cancelados<\/strong><\/h4>\n<p>Por conta do furac\u00e3o Milton, os aeroportos da Fl\u00f3rida foram fechados e mais de 1,7 mil voos foram cancelados, entre eles, de companhias com rotas brasileiras, como Gol, Latam e Azul.<\/p>\n<h4 class=\"wp-block-heading\"><strong>Evacua\u00e7\u00e3o<\/strong><\/h4>\n<p>Na \u00faltima ter\u00e7a-feira (8), o presidente dos Estados Unidos, Joe Biden, pediu para que a popula\u00e7\u00e3o que vivem em \u00e1reas que podem ser atingidas evacuem a \u00e1rea. Mais de 1 milh\u00e3o de pessoas receberam alertas para deixar suas casas.<\/p>\n<p>SAIBA MAIS<br \/>Inmet publica aviso de tempestade para o interior de SP; Veja os locais afetados<\/p>\n<h4 class=\"wp-block-heading\"><strong>FIQUE ON<\/strong><\/h4>\n<p>Fique ligado em tudo que acontece em Ribeir\u00e3o Preto e regi\u00e3o. Siga os perfis do <strong>acidade on <\/strong>no <a href=\"https:\/\/www.instagram.com\/acidadeonribeirao\" target=\"_blank\" rel=\"noreferrer noopener nofollow\">Instagram<\/a> e no<a href=\"https:\/\/www.facebook.com\/acidadeonribeirao\/\" target=\"_blank\" rel=\"noreferrer noopener nofollow\"> Facebook<\/a>.<\/p>\n<p>Receba not\u00edcias do <strong>acidade on <\/strong>no WhatsApp. <a href=\"https:\/\/chat.whatsapp.com\/Fg4ok3aAVyB59DP63pRapr\" target=\"_blank\" rel=\"noreferrer noopener nofollow\">Para entrar no grupo, basta clicar aqui.<\/a><\/p>\n<p>Fa\u00e7a uma den\u00fancia ou sugira uma reportagem sobre Ribeir\u00e3o Preto e regi\u00e3o pelo WhatsApp: 16 99117 7802.<\/p>\n<p>VEJA TAMB\u00c9M<br \/>Como pedir isen\u00e7\u00e3o de taxa do concurso dos Correios?<\/p>\n<p><!-- CONTENT END 1 -->\n<\/div>\n<p><script async src=\"\/\/www.instagram.com\/embed.js\"><\/script><br \/>\n<br \/><br \/>\n<br \/><a href=\"https:\/\/www.acidadeon.com\/ribeiraopreto\/cotidiano\/florida-saiba-tudo-sobre-o-furacao-milton\/\">Source link <\/a><\/p>\n","protected":false},"excerpt":{"rendered":"<p>O furac\u00e3o Milton, considerado um dos mais intensos dos \u00faltimos 100 anos, chega ao estado da Fl\u00f3rida, nos Estados Unidos, nesta quarta-feira (9). A tempestade&#8230;<\/p>\n","protected":false},"author":1,"featured_media":70156,"comment_status":"open","ping_status":"open","sticky":false,"template":"","format":"standard","meta":{"_uag_custom_page_level_css":"","advanced_seo_description":"","jetpack_seo_html_title":"","jetpack_seo_noindex":false,"jetpack_post_was_ever_published":false,"_jetpack_newsletter_access":"","_jetpack_dont_email_post_to_subs":false,"_jetpack_newsletter_tier_id":0,"_jetpack_memberships_contains_paywalled_content":false,"_jetpack_memberships_contains_paid_content":false,"footnotes":"","jetpack_publicize_message":"","jetpack_publicize_feature_enabled":true,"jetpack_social_post_already_shared":true,"jetpack_social_options":{"image_generator_settings":{"template":"highway","default_image_id":0,"font":"","enabled":false},"version":2}},"categories":[11],"tags":[],"class_list":["post-70155","post","type-post","status-publish","format-standard","has-post-thumbnail","hentry","category-noticias-de-ribeirao-preto-sp-e-regiao-ismael-colosi"],"jetpack_publicize_connections":[],"jetpack_featured_media_url":"https:\/\/i0.wp.com\/ismaelcolosi.com.br\/wp-content\/uploads\/2024\/10\/milton_2024-10-09_21-37-32_jpg_2024-10-09_21-37-32.webp.webp?fit=834%2C583&ssl=1","uagb_featured_image_src":{"full":["https:\/\/i0.wp.com\/ismaelcolosi.com.br\/wp-content\/uploads\/2024\/10\/milton_2024-10-09_21-37-32_jpg_2024-10-09_21-37-32.webp.webp?fit=834%2C583&ssl=1",834,583,false],"thumbnail":["https:\/\/i0.wp.com\/ismaelcolosi.com.br\/wp-content\/uploads\/2024\/10\/milton_2024-10-09_21-37-32_jpg_2024-10-09_21-37-32.webp.webp?resize=150%2C150&ssl=1",150,150,true],"medium":["https:\/\/i0.wp.com\/ismaelcolosi.com.br\/wp-content\/uploads\/2024\/10\/milton_2024-10-09_21-37-32_jpg_2024-10-09_21-37-32.webp.webp?fit=300%2C210&ssl=1",300,210,true],"medium_large":["https:\/\/i0.wp.com\/ismaelcolosi.com.br\/wp-content\/uploads\/2024\/10\/milton_2024-10-09_21-37-32_jpg_2024-10-09_21-37-32.webp.webp?fit=768%2C537&ssl=1",768,537,true],"large":["https:\/\/i0.wp.com\/ismaelcolosi.com.br\/wp-content\/uploads\/2024\/10\/milton_2024-10-09_21-37-32_jpg_2024-10-09_21-37-32.webp.webp?fit=834%2C583&ssl=1",834,583,true],"1536x1536":["https:\/\/i0.wp.com\/ismaelcolosi.com.br\/wp-content\/uploads\/2024\/10\/milton_2024-10-09_21-37-32_jpg_2024-10-09_21-37-32.webp.webp?fit=834%2C583&ssl=1",834,583,true],"2048x2048":["https:\/\/i0.wp.com\/ismaelcolosi.com.br\/wp-content\/uploads\/2024\/10\/milton_2024-10-09_21-37-32_jpg_2024-10-09_21-37-32.webp.webp?fit=834%2C583&ssl=1",834,583,true],"really-simple-thumb":["https:\/\/i0.wp.com\/ismaelcolosi.com.br\/wp-content\/uploads\/2024\/10\/milton_2024-10-09_21-37-32_jpg_2024-10-09_21-37-32.webp.webp?resize=370%2C247&ssl=1",370,247,true]},"uagb_author_info":{"display_name":"ismaelcolosi.com.br","author_link":"https:\/\/ismaelcolosi.com.br\/index.php\/author\/vidareal-online\/"},"uagb_comment_info":0,"uagb_excerpt":"O furac\u00e3o Milton, considerado um dos mais intensos dos \u00faltimos 100 anos, chega ao estado da Fl\u00f3rida, nos Estados Unidos, nesta quarta-feira (9). A tempestade...","jetpack-related-posts":[{"id":70125,"url":"https:\/\/ismaelcolosi.com.br\/index.php\/2024\/10\/09\/ao-vivo-confira-a-passagem-do-furacao-milton-pela-florida-nos-estados-unidos\/","url_meta":{"origin":70155,"position":0},"title":"AO VIVO: Confira a passagem do furac\u00e3o Milton pela Fl\u00f3rida, nos Estados Unidos","author":"ismaelcolosi.com.br","date":"9 de October de 2024","format":false,"excerpt":"Chuvas constantes e ventos atingem a Ba\u00eda de Tampa, na Fl\u00f3rida, nos Estados Unidos, na manh\u00e3 de quarta-feira (9). Esses s\u00e3o os reflexos do furac\u00e3o Milton \u2013 a chegada da tempestade pode ser vista ao vivo. A regi\u00e3o da Ba\u00eda de Tampa \u00e9 o lar de mais de 3,3 milh\u00f5es\u2026","rel":"","context":"In &quot;Not\u00edcias de Ribeir\u00e3o Preto-SP e Regi\u00e3o&quot;","block_context":{"text":"Not\u00edcias de Ribeir\u00e3o Preto-SP e Regi\u00e3o","link":"https:\/\/ismaelcolosi.com.br\/index.php\/category\/noticias-de-ribeirao-preto-sp-e-regiao-ismael-colosi\/"},"img":{"alt_text":"","src":"https:\/\/i0.wp.com\/ismaelcolosi.com.br\/wp-content\/uploads\/2024\/10\/furacao-milton_2024-10-09_18-43-43_jpg_2024-10-09_18-43-43.webp.webp?fit=1060%2C595&ssl=1&resize=350%2C200","width":350,"height":200,"srcset":"https:\/\/i0.wp.com\/ismaelcolosi.com.br\/wp-content\/uploads\/2024\/10\/furacao-milton_2024-10-09_18-43-43_jpg_2024-10-09_18-43-43.webp.webp?fit=1060%2C595&ssl=1&resize=350%2C200 1x, https:\/\/i0.wp.com\/ismaelcolosi.com.br\/wp-content\/uploads\/2024\/10\/furacao-milton_2024-10-09_18-43-43_jpg_2024-10-09_18-43-43.webp.webp?fit=1060%2C595&ssl=1&resize=525%2C300 1.5x, https:\/\/i0.wp.com\/ismaelcolosi.com.br\/wp-content\/uploads\/2024\/10\/furacao-milton_2024-10-09_18-43-43_jpg_2024-10-09_18-43-43.webp.webp?fit=1060%2C595&ssl=1&resize=700%2C400 2x, https:\/\/i0.wp.com\/ismaelcolosi.com.br\/wp-content\/uploads\/2024\/10\/furacao-milton_2024-10-09_18-43-43_jpg_2024-10-09_18-43-43.webp.webp?fit=1060%2C595&ssl=1&resize=1050%2C600 3x"},"classes":[]},{"id":70254,"url":"https:\/\/ismaelcolosi.com.br\/index.php\/2024\/10\/10\/furacao-milton-causa-destruicao-na-florida-ventos-chegam-a-205-km-h\/","url_meta":{"origin":70155,"position":1},"title":"Furac\u00e3o Milton causa destrui\u00e7\u00e3o na Fl\u00f3rida; Ventos chegam a 205 Km\/h","author":"ismaelcolosi.com.br","date":"10 de October de 2024","format":false,"excerpt":"O furac\u00e3o Milton chegou \u00e0 costa da Fl\u00f3rida \u00e0s 20h30 (21h30 no hor\u00e1rio de Bras\u00edlia) desta quarta-feira (9), tocando o solo de Siesta Key, perto da cidade de Sarasota, com categoria 3 e ventos de pico de 205 km\/h. Pelo menos, quatro pessoas perderam a vida durante a tempestade. Algumas\u2026","rel":"","context":"In &quot;Not\u00edcias de Ribeir\u00e3o Preto-SP e Regi\u00e3o&quot;","block_context":{"text":"Not\u00edcias de Ribeir\u00e3o Preto-SP e Regi\u00e3o","link":"https:\/\/ismaelcolosi.com.br\/index.php\/category\/noticias-de-ribeirao-preto-sp-e-regiao-ismael-colosi\/"},"img":{"alt_text":"","src":"https:\/\/i0.wp.com\/ismaelcolosi.com.br\/wp-content\/uploads\/2024\/10\/furacao-milton_2024-10-10_13-48-31_jpg_2024-10-10_13-48-31.webp.webp?fit=1200%2C717&ssl=1&resize=350%2C200","width":350,"height":200,"srcset":"https:\/\/i0.wp.com\/ismaelcolosi.com.br\/wp-content\/uploads\/2024\/10\/furacao-milton_2024-10-10_13-48-31_jpg_2024-10-10_13-48-31.webp.webp?fit=1200%2C717&ssl=1&resize=350%2C200 1x, https:\/\/i0.wp.com\/ismaelcolosi.com.br\/wp-content\/uploads\/2024\/10\/furacao-milton_2024-10-10_13-48-31_jpg_2024-10-10_13-48-31.webp.webp?fit=1200%2C717&ssl=1&resize=525%2C300 1.5x, https:\/\/i0.wp.com\/ismaelcolosi.com.br\/wp-content\/uploads\/2024\/10\/furacao-milton_2024-10-10_13-48-31_jpg_2024-10-10_13-48-31.webp.webp?fit=1200%2C717&ssl=1&resize=700%2C400 2x, https:\/\/i0.wp.com\/ismaelcolosi.com.br\/wp-content\/uploads\/2024\/10\/furacao-milton_2024-10-10_13-48-31_jpg_2024-10-10_13-48-31.webp.webp?fit=1200%2C717&ssl=1&resize=1050%2C600 3x"},"classes":[]},{"id":70271,"url":"https:\/\/ismaelcolosi.com.br\/index.php\/2024\/10\/10\/furacao-milton-causa-destruicao-na-florida-ventos-chegam-a-205-km-h-2\/","url_meta":{"origin":70155,"position":2},"title":"Furac\u00e3o Milton causa destrui\u00e7\u00e3o na Fl\u00f3rida; Ventos chegam a 205 Km\/h","author":"ismaelcolosi.com.br","date":"10 de October de 2024","format":false,"excerpt":"O furac\u00e3o Milton chegou \u00e0 costa da Fl\u00f3rida \u00e0s 20h30 (21h30 no hor\u00e1rio de Bras\u00edlia) desta quarta-feira (9), tocando o solo de Siesta Key, perto da cidade de Sarasota, com categoria 3 e ventos de pico de 205 km\/h. Pelo menos, quatro pessoas perderam a vida durante a tempestade. Algumas\u2026","rel":"","context":"In &quot;Not\u00edcias de Ribeir\u00e3o Preto-SP e Regi\u00e3o&quot;","block_context":{"text":"Not\u00edcias de Ribeir\u00e3o Preto-SP e Regi\u00e3o","link":"https:\/\/ismaelcolosi.com.br\/index.php\/category\/noticias-de-ribeirao-preto-sp-e-regiao-ismael-colosi\/"},"img":{"alt_text":"","src":"https:\/\/i0.wp.com\/ismaelcolosi.com.br\/wp-content\/uploads\/2024\/10\/furacao-milton_2024-10-10_13-48-31_jpg_2024-10-10_13-48-31.webp.webp?fit=1200%2C717&ssl=1&resize=350%2C200","width":350,"height":200,"srcset":"https:\/\/i0.wp.com\/ismaelcolosi.com.br\/wp-content\/uploads\/2024\/10\/furacao-milton_2024-10-10_13-48-31_jpg_2024-10-10_13-48-31.webp.webp?fit=1200%2C717&ssl=1&resize=350%2C200 1x, https:\/\/i0.wp.com\/ismaelcolosi.com.br\/wp-content\/uploads\/2024\/10\/furacao-milton_2024-10-10_13-48-31_jpg_2024-10-10_13-48-31.webp.webp?fit=1200%2C717&ssl=1&resize=525%2C300 1.5x, https:\/\/i0.wp.com\/ismaelcolosi.com.br\/wp-content\/uploads\/2024\/10\/furacao-milton_2024-10-10_13-48-31_jpg_2024-10-10_13-48-31.webp.webp?fit=1200%2C717&ssl=1&resize=700%2C400 2x, https:\/\/i0.wp.com\/ismaelcolosi.com.br\/wp-content\/uploads\/2024\/10\/furacao-milton_2024-10-10_13-48-31_jpg_2024-10-10_13-48-31.webp.webp?fit=1200%2C717&ssl=1&resize=1050%2C600 3x"},"classes":[]},{"id":70134,"url":"https:\/\/ismaelcolosi.com.br\/index.php\/2024\/10\/09\/inmet-publica-aviso-de-tempestade-para-o-interior-de-sp-veja-os-locais-afetados\/","url_meta":{"origin":70155,"position":3},"title":"Inmet publica aviso de tempestade para o interior de SP; Veja os locais afetados","author":"ismaelcolosi.com.br","date":"9 de October de 2024","format":false,"excerpt":"O Inmet (Instituto Nacional de Meteorologia) publicou um aviso de tempestade para o interior de S\u00e3o Paulo entre esta quarta-feira (9) e quinta-feira (10). Segundo o aviso, pode chover o acumulado entre 20 e 30 mil\u00edmetros por hora. Al\u00e9m disso, existe a possibilidade de rajadas de vento entre 40 km\/h\u2026","rel":"","context":"In &quot;Not\u00edcias de Ribeir\u00e3o Preto-SP e Regi\u00e3o&quot;","block_context":{"text":"Not\u00edcias de Ribeir\u00e3o Preto-SP e Regi\u00e3o","link":"https:\/\/ismaelcolosi.com.br\/index.php\/category\/noticias-de-ribeirao-preto-sp-e-regiao-ismael-colosi\/"},"img":{"alt_text":"","src":"https:\/\/i0.wp.com\/ismaelcolosi.com.br\/wp-content\/uploads\/2024\/10\/chuva-3_2024-10-09_20-06-20_jpeg_2024-10-09_20-06-21.webp.webp?fit=1200%2C900&ssl=1&resize=350%2C200","width":350,"height":200,"srcset":"https:\/\/i0.wp.com\/ismaelcolosi.com.br\/wp-content\/uploads\/2024\/10\/chuva-3_2024-10-09_20-06-20_jpeg_2024-10-09_20-06-21.webp.webp?fit=1200%2C900&ssl=1&resize=350%2C200 1x, https:\/\/i0.wp.com\/ismaelcolosi.com.br\/wp-content\/uploads\/2024\/10\/chuva-3_2024-10-09_20-06-20_jpeg_2024-10-09_20-06-21.webp.webp?fit=1200%2C900&ssl=1&resize=525%2C300 1.5x, https:\/\/i0.wp.com\/ismaelcolosi.com.br\/wp-content\/uploads\/2024\/10\/chuva-3_2024-10-09_20-06-20_jpeg_2024-10-09_20-06-21.webp.webp?fit=1200%2C900&ssl=1&resize=700%2C400 2x, https:\/\/i0.wp.com\/ismaelcolosi.com.br\/wp-content\/uploads\/2024\/10\/chuva-3_2024-10-09_20-06-20_jpeg_2024-10-09_20-06-21.webp.webp?fit=1200%2C900&ssl=1&resize=1050%2C600 3x"},"classes":[]},{"id":19502,"url":"https:\/\/ismaelcolosi.com.br\/index.php\/2023\/12\/22\/ao-som-de-funk-briga-de-integrantes-da-carreta-furacao-viraliza-na-web\/","url_meta":{"origin":70155,"position":4},"title":"Ao som de funk, briga de integrantes da Carreta Furac\u00e3o viraliza na web","author":"ismaelcolosi.com.br","date":"22 de December de 2023","format":false,"excerpt":"Entre os assuntos mais\u00a0f\u00e1ceis\u00a0de\u00a0viralizar nas\u00a0redes sociais, as\u00a0brigas\u00a0com\u00a0certeza ocupam\u00a0o p\u00f3dio\u00a0da classifica\u00e7\u00e3o dos\u00a0v\u00eddeos mais\u00a0vistos\u00a0e compartilhados.A jun\u00e7\u00e3o de alguns personagens de desenhos mais conhecidos da tv virou febre pelo Brasil \u00e0 fora. A Carreta Fura\u00e7\u00e3o \u00e9 uma das atra\u00e7\u00f5es mais famosas e divertidas da web.Acontece que nem s\u00f3 de muito gingado e correria\u2026","rel":"","context":"In &quot;Blog&quot;","block_context":{"text":"Blog","link":"https:\/\/ismaelcolosi.com.br\/index.php\/category\/blog\/"},"img":{"alt_text":"","src":"https:\/\/i0.wp.com\/ismaelcolosi.com.br\/wp-content\/uploads\/2023\/12\/postimg-6585ced0ddd088574.jpg?fit=1200%2C628&ssl=1&resize=350%2C200","width":350,"height":200,"srcset":"https:\/\/i0.wp.com\/ismaelcolosi.com.br\/wp-content\/uploads\/2023\/12\/postimg-6585ced0ddd088574.jpg?fit=1200%2C628&ssl=1&resize=350%2C200 1x, https:\/\/i0.wp.com\/ismaelcolosi.com.br\/wp-content\/uploads\/2023\/12\/postimg-6585ced0ddd088574.jpg?fit=1200%2C628&ssl=1&resize=525%2C300 1.5x, https:\/\/i0.wp.com\/ismaelcolosi.com.br\/wp-content\/uploads\/2023\/12\/postimg-6585ced0ddd088574.jpg?fit=1200%2C628&ssl=1&resize=700%2C400 2x, https:\/\/i0.wp.com\/ismaelcolosi.com.br\/wp-content\/uploads\/2023\/12\/postimg-6585ced0ddd088574.jpg?fit=1200%2C628&ssl=1&resize=1050%2C600 3x"},"classes":[]},{"id":70201,"url":"https:\/\/ismaelcolosi.com.br\/index.php\/2024\/10\/10\/ribeirao-registra-chuva-na-madrugada-e-pode-chover-mais-veja-previsao\/","url_meta":{"origin":70155,"position":5},"title":"Ribeir\u00e3o registra chuva na madrugada e pode chover mais; Veja previs\u00e3o","author":"ismaelcolosi.com.br","date":"10 de October de 2024","format":false,"excerpt":"A chuva chegou a Ribeir\u00e3o Preto no in\u00edcio da madrugada desta quinta (10). O volume registrado pelo Ciiagro (Centro Integrado de Informa\u00e7\u00f5es Agrometeorol\u00f3gicas) foi de 2,6 mm entre 1h e 4h. Segundo a Climatempo, uma grande mudan\u00e7a na circula\u00e7\u00e3o de ventos permite a organiza\u00e7\u00e3o de um corredor de umidade do\u2026","rel":"","context":"In &quot;Not\u00edcias de Ribeir\u00e3o Preto-SP e Regi\u00e3o&quot;","block_context":{"text":"Not\u00edcias de Ribeir\u00e3o Preto-SP e Regi\u00e3o","link":"https:\/\/ismaelcolosi.com.br\/index.php\/category\/noticias-de-ribeirao-preto-sp-e-regiao-ismael-colosi\/"},"img":{"alt_text":"","src":"https:\/\/i0.wp.com\/ismaelcolosi.com.br\/wp-content\/uploads\/2024\/10\/chuva_ribeirao_1024x576_22052021150353.jpg?fit=1024%2C576&ssl=1&resize=350%2C200","width":350,"height":200,"srcset":"https:\/\/i0.wp.com\/ismaelcolosi.com.br\/wp-content\/uploads\/2024\/10\/chuva_ribeirao_1024x576_22052021150353.jpg?fit=1024%2C576&ssl=1&resize=350%2C200 1x, https:\/\/i0.wp.com\/ismaelcolosi.com.br\/wp-content\/uploads\/2024\/10\/chuva_ribeirao_1024x576_22052021150353.jpg?fit=1024%2C576&ssl=1&resize=525%2C300 1.5x, https:\/\/i0.wp.com\/ismaelcolosi.com.br\/wp-content\/uploads\/2024\/10\/chuva_ribeirao_1024x576_22052021150353.jpg?fit=1024%2C576&ssl=1&resize=700%2C400 2x"},"classes":[]}],"jetpack_sharing_enabled":true,"jetpack_shortlink":"https:\/\/wp.me\/pfMlyK-ifx","_links":{"self":[{"href":"https:\/\/ismaelcolosi.com.br\/index.php\/wp-json\/wp\/v2\/posts\/70155","targetHints":{"allow":["GET"]}}],"collection":[{"href":"https:\/\/ismaelcolosi.com.br\/index.php\/wp-json\/wp\/v2\/posts"}],"about":[{"href":"https:\/\/ismaelcolosi.com.br\/index.php\/wp-json\/wp\/v2\/types\/post"}],"author":[{"embeddable":true,"href":"https:\/\/ismaelcolosi.com.br\/index.php\/wp-json\/wp\/v2\/users\/1"}],"replies":[{"embeddable":true,"href":"https:\/\/ismaelcolosi.com.br\/index.php\/wp-json\/wp\/v2\/comments?post=70155"}],"version-history":[{"count":0,"href":"https:\/\/ismaelcolosi.com.br\/index.php\/wp-json\/wp\/v2\/posts\/70155\/revisions"}],"wp:featuredmedia":[{"embeddable":true,"href":"https:\/\/ismaelcolosi.com.br\/index.php\/wp-json\/wp\/v2\/media\/70156"}],"wp:attachment":[{"href":"https:\/\/ismaelcolosi.com.br\/index.php\/wp-json\/wp\/v2\/media?parent=70155"}],"wp:term":[{"taxonomy":"category","embeddable":true,"href":"https:\/\/ismaelcolosi.com.br\/index.php\/wp-json\/wp\/v2\/categories?post=70155"},{"taxonomy":"post_tag","embeddable":true,"href":"https:\/\/ismaelcolosi.com.br\/index.php\/wp-json\/wp\/v2\/tags?post=70155"}],"curies":[{"name":"wp","href":"https:\/\/api.w.org\/{rel}","templated":true}]}}