{"id":7015,"date":"2023-11-27T12:45:38","date_gmt":"2023-11-27T15:45:38","guid":{"rendered":"https:\/\/ismaelcolosi.com.br\/index.php\/2023\/11\/27\/cunha-sp-ganha-complexo-com-cabanas-de-luxo-veja-fotos\/"},"modified":"2023-11-27T12:45:38","modified_gmt":"2023-11-27T15:45:38","slug":"cunha-sp-ganha-complexo-com-cabanas-de-luxo-veja-fotos","status":"publish","type":"post","link":"https:\/\/ismaelcolosi.com.br\/index.php\/2023\/11\/27\/cunha-sp-ganha-complexo-com-cabanas-de-luxo-veja-fotos\/","title":{"rendered":"Cunha (SP) ganha complexo com cabanas de luxo; veja fotos"},"content":{"rendered":"<p> <br \/>\n<\/p>\n<div>\n<p>A est\u00e2ncia clim\u00e1tica de Cunha, a 230 km da capital paulista, ganha um charme especial durante a primavera. Nesta \u00e9poca do ano, a cidade na regi\u00e3o do Alto Para\u00edba ostenta belas e coloridas paisagens, como a do Lavand\u00e1rio.<\/p>\n<p>Cunha tamb\u00e9m oferece uma s\u00e9rie de passeios ao ar livre, que combinam muito bem com a esta\u00e7\u00e3o, como cachoeiras, trilhas e mirantes, al\u00e9m de ateli\u00eas de cer\u00e2mica.<\/p>\n<div id=\"attachment_2304458\" class=\"wp-caption aligncenter\">\n<div class=\"d-flex justify-content-center\" data-attachment-id=\"2304458\">\n<div class=\"position-relative d-inline-block\"><img data-recalc-dims=\"1\" data-portal-copyright=\"Divulga\u00e7\u00e3o\" decoding=\"async\" fetchpriority=\"high\" class=\"wp-image-2304458 size-large\" src=\"https:\/\/i0.wp.com\/catracalivre.com.br\/wp-content\/uploads\/2023\/10\/cabanas-cunha-nomad-place-910x579.jpg?resize=910%2C579&#038;ssl=1\" alt=\"Cabanas ficam 15 minutos do centro de Cunha, a 1.100 metros de altitude\" width=\"910\" height=\"579\" srcset=\"https:\/\/catracalivre.com.br\/wp-content\/uploads\/2023\/10\/cabanas-cunha-nomad-place-910x579.jpg 910w, https:\/\/catracalivre.com.br\/wp-content\/uploads\/2023\/10\/cabanas-cunha-nomad-place-450x286.jpg 450w, https:\/\/catracalivre.com.br\/wp-content\/uploads\/2023\/10\/cabanas-cunha-nomad-place-768x489.jpg 768w\" sizes=\"(max-width: 910px) 100vw, 910px\"\/><\/p>\n<p>Cr\u00e9ditos: Divulga\u00e7\u00e3o<\/p>\n<\/div>\n<\/div>\n<p><span class=\"post-imagem__legenda\">Cabanas ficam 15 minutos do centro de Cunha, a 1.100 metros de altitude<\/span><\/p>\n<\/div>\n<p>Foi em meio \u00e0 este cen\u00e1rio, que a Nomad Place instalou recentemente sua unidade com <a href=\"https:\/\/catracalivre.com.br\/viagem-livre\/10-cabanas-espetaculares-para-se-hospedar-no-interior-de-sp\/\">cabanas de luxo<\/a> em forma de domo geod\u00e9sico.<\/p>\n<p>Nesta primeira etapa ser\u00e3o quatro cabanas em forma de domo com capacidade para duas pessoas. At\u00e9 o final do ano ser\u00e3o 12 acomoda\u00e7\u00f5es em formatos distintos.<\/p>\n<p>O complexo fica em uma \u00e1rea de 140 mil m\u00b2, a 15 minutos do centro de Cunha, a 1.100 metros de altitude.<\/p>\n<div id=\"attachment_2304460\" class=\"wp-caption aligncenter\">\n<div class=\"d-flex justify-content-center\" data-attachment-id=\"2304460\">\n<div class=\"position-relative d-inline-block\"><img data-recalc-dims=\"1\" loading=\"lazy\" data-portal-copyright=\"Divulga\u00e7\u00e3o\" decoding=\"async\" class=\"wp-image-2304460 size-full\" src=\"https:\/\/i0.wp.com\/catracalivre.com.br\/wp-content\/uploads\/2023\/10\/cabanas-cunha-nomada-place-interna.jpg?resize=900%2C600&#038;ssl=1\" alt=\"Interior de uma das cabanas da Nomad Place\" width=\"900\" height=\"600\" srcset=\"https:\/\/catracalivre.com.br\/wp-content\/uploads\/2023\/10\/cabanas-cunha-nomada-place-interna.jpg 900w, https:\/\/catracalivre.com.br\/wp-content\/uploads\/2023\/10\/cabanas-cunha-nomada-place-interna-450x300.jpg 450w, https:\/\/catracalivre.com.br\/wp-content\/uploads\/2023\/10\/cabanas-cunha-nomada-place-interna-768x512.jpg 768w\" sizes=\"auto, (max-width: 900px) 100vw, 900px\"\/><\/p>\n<p>Cr\u00e9ditos: Divulga\u00e7\u00e3o<\/p>\n<\/div>\n<\/div>\n<p><span class=\"post-imagem__legenda\">Interior de uma das cabanas da Nomad Place<\/span><\/p>\n<\/div>\n<h2>Cabanas com estrutura de hotel<\/h2>\n<p>Apesar da estrutura de hotel \u2013cozinha completa, roupa de cama, lareira e wi-fi\u2013, a Nomad Place Cunha mant\u00e9m a rusticidade e a liberdade que um acampamento oferece.<\/p>\n<p>Os h\u00f3spedes podem ainda fazer fogueira para contemplar a noite ou tomar banho de banheira ao ar livre.<\/p>\n<p>Assim como em S\u00e3o Bento do Sapuca\u00ed, os h\u00f3spedes podem encomendar cesta de caf\u00e9 da manh\u00e3 e fondue, al\u00e9m de contar com um emp\u00f3rio com produtos b\u00e1sicos para comprar na hora.<\/p>\n<div id=\"attachment_2304459\" class=\"wp-caption aligncenter\">\n<div class=\"d-flex justify-content-center\" data-attachment-id=\"2304459\">\n<div class=\"position-relative d-inline-block\"><img data-recalc-dims=\"1\" loading=\"lazy\" data-portal-copyright=\"Divulga\u00e7\u00e3o\" decoding=\"async\" class=\"wp-image-2304459 size-full\" src=\"https:\/\/i0.wp.com\/catracalivre.com.br\/wp-content\/uploads\/2023\/10\/cabanas-cunha-nomad-place-externa.jpg?resize=900%2C600&#038;ssl=1\" alt=\"Vista de uma das cabanas em formato de domo da Nomad Place em Cunha\" width=\"900\" height=\"600\" srcset=\"https:\/\/catracalivre.com.br\/wp-content\/uploads\/2023\/10\/cabanas-cunha-nomad-place-externa.jpg 900w, https:\/\/catracalivre.com.br\/wp-content\/uploads\/2023\/10\/cabanas-cunha-nomad-place-externa-450x300.jpg 450w, https:\/\/catracalivre.com.br\/wp-content\/uploads\/2023\/10\/cabanas-cunha-nomad-place-externa-768x512.jpg 768w\" sizes=\"auto, (max-width: 900px) 100vw, 900px\"\/><\/p>\n<p>Cr\u00e9ditos: Divulga\u00e7\u00e3o<\/p>\n<\/div>\n<\/div>\n<p><span class=\"post-imagem__legenda\">Vista de uma das cabanas em formato de domo da Nomad Place em Cunha<\/span><\/p>\n<\/div>\n<p>Nascida em S\u00e3o Bento do Sapuca\u00ed, a Nomad Place possui atualmente sete cabanas na Serra da Mantiqueira.<\/p>\n<p>As cabanas possuem o formato A-Frame, Domo e Tiny House, e foram inspiradas na cultura n\u00f3rdica. O intuito da marca \u00e9 oferecer um turismo de experi\u00eancia e se tornar refer\u00eancia no setor.<\/p>\n<p>As cabanas da <a href=\"https:\/\/www.nomadplacebr.com\/\" target=\"_blank\" rel=\"noopener\">Nomad Place<\/a> est\u00e3o dispon\u00edveis para loca\u00e7\u00e3o na plataforma Airbnb, pelo Instagram e WhatsApp.<\/p>\n<\/div>\n<p><script>\n\t\t! function(f, b, e, v, n, t, s) {\n\t\t\tif (f.fbq) return;\n\t\t\tn = f.fbq = function() {\n\t\t\t\tn.callMethod ?\n\t\t\t\t\tn.callMethod.apply(n, arguments) : n.queue.push(arguments)\n\t\t\t};\n\t\t\tif (!f._fbq) f._fbq = n;\n\t\t\tn.push = n;\n\t\t\tn.loaded = !0;\n\t\t\tn.version = '2.0';\n\t\t\tn.queue = [];\n\t\t\tt = b.createElement(e);\n\t\t\tt.async = !0;\n\t\t\tt.src = v;\n\t\t\ts = b.getElementsByTagName(e)[0];\n\t\t\ts.parentNode.insertBefore(t, s)\n\t\t}(window, document, 'script',\n\t\t\t'https:\/\/connect.facebook.net\/en_US\/fbevents.js');\n\t\tfbq('init', '338315473262380');\n\t\tfbq('track', 'PageView');\n\t<\/script><br \/>\n<br \/><br \/>\n<br \/><a href=\"https:\/\/catracalivre.com.br\/viagem-livre\/cunha-sp-ganha-complexo-com-cabanas-de-luxo-veja-fotos\/\">Source link <\/a><\/p>\n<div class='code-block code-block-4' style='margin: 8px auto 8px 0; text-align: left; display: block; clear: both;'>\n\ud83d\udce2 Aviso Legal\n\nO site ismaelcolosi.com.br atua apenas como um canal de divulga\u00e7\u00e3o de oportunidades de emprego e n\u00e3o se responsabiliza pelo processo seletivo, contrata\u00e7\u00e3o ou qualquer outra etapa relacionada \u00e0s vagas publicadas. Todas as informa\u00e7\u00f5es s\u00e3o de responsabilidade dos anunciantes.\n\n\u26a0\ufe0f Aten\u00e7\u00e3o! Nunca pague por promessas de emprego nem compre cursos que garantam contrata\u00e7\u00e3o. Desconfie de qualquer cobran\u00e7a para participar de sele\u00e7\u00f5es.\n\n\n\n<\/div>\n<!-- CONTENT END 1 -->\n","protected":false},"excerpt":{"rendered":"<p>A est\u00e2ncia clim\u00e1tica de Cunha, a 230 km da capital paulista, ganha um charme especial durante a primavera. Nesta \u00e9poca do ano, a cidade na&#8230;<\/p>\n","protected":false},"author":1,"featured_media":7016,"comment_status":"open","ping_status":"open","sticky":false,"template":"","format":"standard","meta":{"_uag_custom_page_level_css":"","advanced_seo_description":"","jetpack_seo_html_title":"","jetpack_seo_noindex":false,"jetpack_post_was_ever_published":false,"_jetpack_newsletter_access":"","_jetpack_dont_email_post_to_subs":false,"_jetpack_newsletter_tier_id":0,"_jetpack_memberships_contains_paywalled_content":false,"_jetpack_memberships_contains_paid_content":false,"footnotes":"","jetpack_publicize_message":"","jetpack_publicize_feature_enabled":true,"jetpack_social_post_already_shared":true,"jetpack_social_options":{"image_generator_settings":{"template":"highway","default_image_id":0,"font":"","enabled":false},"version":2}},"categories":[19],"tags":[],"class_list":["post-7015","post","type-post","status-publish","format-standard","has-post-thumbnail","hentry","category-variedades"],"jetpack_publicize_connections":[],"jetpack_featured_media_url":"https:\/\/i0.wp.com\/ismaelcolosi.com.br\/wp-content\/uploads\/2023\/11\/cabanas-cunha-nomada-place-interna.jpg?fit=1200%2C638&ssl=1","uagb_featured_image_src":{"full":["https:\/\/i0.wp.com\/ismaelcolosi.com.br\/wp-content\/uploads\/2023\/11\/cabanas-cunha-nomada-place-interna.jpg?fit=1200%2C638&ssl=1",1200,638,false],"thumbnail":["https:\/\/i0.wp.com\/ismaelcolosi.com.br\/wp-content\/uploads\/2023\/11\/cabanas-cunha-nomada-place-interna.jpg?resize=150%2C150&ssl=1",150,150,true],"medium":["https:\/\/i0.wp.com\/ismaelcolosi.com.br\/wp-content\/uploads\/2023\/11\/cabanas-cunha-nomada-place-interna.jpg?fit=300%2C160&ssl=1",300,160,true],"medium_large":["https:\/\/i0.wp.com\/ismaelcolosi.com.br\/wp-content\/uploads\/2023\/11\/cabanas-cunha-nomada-place-interna.jpg?fit=768%2C408&ssl=1",768,408,true],"large":["https:\/\/i0.wp.com\/ismaelcolosi.com.br\/wp-content\/uploads\/2023\/11\/cabanas-cunha-nomada-place-interna.jpg?fit=1024%2C544&ssl=1",1024,544,true],"1536x1536":["https:\/\/i0.wp.com\/ismaelcolosi.com.br\/wp-content\/uploads\/2023\/11\/cabanas-cunha-nomada-place-interna.jpg?fit=1200%2C638&ssl=1",1200,638,true],"2048x2048":["https:\/\/i0.wp.com\/ismaelcolosi.com.br\/wp-content\/uploads\/2023\/11\/cabanas-cunha-nomada-place-interna.jpg?fit=1200%2C638&ssl=1",1200,638,true],"really-simple-thumb":["https:\/\/i0.wp.com\/ismaelcolosi.com.br\/wp-content\/uploads\/2023\/11\/cabanas-cunha-nomada-place-interna.jpg?resize=370%2C247&ssl=1",370,247,true]},"uagb_author_info":{"display_name":"ismaelcolosi.com.br","author_link":"https:\/\/ismaelcolosi.com.br\/index.php\/author\/vidareal-online\/"},"uagb_comment_info":0,"uagb_excerpt":"A est\u00e2ncia clim\u00e1tica de Cunha, a 230 km da capital paulista, ganha um charme especial durante a primavera. Nesta \u00e9poca do ano, a cidade na...","jetpack-related-posts":[{"id":54988,"url":"https:\/\/ismaelcolosi.com.br\/index.php\/2024\/06\/28\/jovem-morre-em-acidente-na-rodovia-deputado-cunha-bueno-na-regiao-de-ribeirao-preto\/","url_meta":{"origin":7015,"position":0},"title":"Jovem morre em acidente na rodovia Deputado Cunha Bueno na regi\u00e3o de Ribeir\u00e3o Preto","author":"ismaelcolosi.com.br","date":"28 de June de 2024","format":false,"excerpt":"Um acidente envolvendo dois carros resultou na morte de um jovem e outras tr\u00eas pessoas ficaram feridas, entre elas, uma em estado grave.\u00a0 A batida frontal aconteceu na altura do quil\u00f4metro 211 da rodovia Deputado Cunha Bueno (SP 253), entre Guariba e Jaboticabal, na tarde desta sexta-feira (28). Segundo informa\u00e7\u00f5es\u2026","rel":"","context":"In &quot;Not\u00edcias de Ribeir\u00e3o Preto-SP e Regi\u00e3o&quot;","block_context":{"text":"Not\u00edcias de Ribeir\u00e3o Preto-SP e Regi\u00e3o","link":"https:\/\/ismaelcolosi.com.br\/index.php\/category\/noticias-de-ribeirao-preto-sp-e-regiao-ismael-colosi\/"},"img":{"alt_text":"","src":"https:\/\/i0.wp.com\/ismaelcolosi.com.br\/wp-content\/uploads\/2024\/06\/Copia-de-Copia-de-TAMANHO-EXATO-PARA-FOTOS-NO-SISTEMA-NOVO-25_2024-06-28_21-18-37_jpg_2024-06-28_21-18-37.webp.webp?fit=1200%2C675&ssl=1&resize=350%2C200","width":350,"height":200,"srcset":"https:\/\/i0.wp.com\/ismaelcolosi.com.br\/wp-content\/uploads\/2024\/06\/Copia-de-Copia-de-TAMANHO-EXATO-PARA-FOTOS-NO-SISTEMA-NOVO-25_2024-06-28_21-18-37_jpg_2024-06-28_21-18-37.webp.webp?fit=1200%2C675&ssl=1&resize=350%2C200 1x, https:\/\/i0.wp.com\/ismaelcolosi.com.br\/wp-content\/uploads\/2024\/06\/Copia-de-Copia-de-TAMANHO-EXATO-PARA-FOTOS-NO-SISTEMA-NOVO-25_2024-06-28_21-18-37_jpg_2024-06-28_21-18-37.webp.webp?fit=1200%2C675&ssl=1&resize=525%2C300 1.5x, https:\/\/i0.wp.com\/ismaelcolosi.com.br\/wp-content\/uploads\/2024\/06\/Copia-de-Copia-de-TAMANHO-EXATO-PARA-FOTOS-NO-SISTEMA-NOVO-25_2024-06-28_21-18-37_jpg_2024-06-28_21-18-37.webp.webp?fit=1200%2C675&ssl=1&resize=700%2C400 2x, https:\/\/i0.wp.com\/ismaelcolosi.com.br\/wp-content\/uploads\/2024\/06\/Copia-de-Copia-de-TAMANHO-EXATO-PARA-FOTOS-NO-SISTEMA-NOVO-25_2024-06-28_21-18-37_jpg_2024-06-28_21-18-37.webp.webp?fit=1200%2C675&ssl=1&resize=1050%2C600 3x"},"classes":[]},{"id":39368,"url":"https:\/\/ismaelcolosi.com.br\/index.php\/2024\/02\/25\/plataforma-revela-os-destinos-mais-acolhedores-do-sudeste\/","url_meta":{"origin":7015,"position":1},"title":"Plataforma revela os destinos mais acolhedores do Sudeste\u00a0","author":"ismaelcolosi.com.br","date":"25 de February de 2024","format":false,"excerpt":"O Traveller Review Awards 2024 \u00e9 uma premia\u00e7\u00e3o anual com base em mais de 309 milh\u00f5es de avalia\u00e7\u00f5es verificadas, que reconhece prestadores de servi\u00e7os de turismo e hospitalidade por sua excel\u00eancia. Realizada pela plataforma de viagens Booking.com, uma das mais conhecidas, nesta semana a pesquisa revelou uma lista com os\u2026","rel":"","context":"In &quot;Not\u00edcias de Ribeir\u00e3o Preto-SP e Regi\u00e3o&quot;","block_context":{"text":"Not\u00edcias de Ribeir\u00e3o Preto-SP e Regi\u00e3o","link":"https:\/\/ismaelcolosi.com.br\/index.php\/category\/noticias-de-ribeirao-preto-sp-e-regiao-ismael-colosi\/"},"img":{"alt_text":"","src":"https:\/\/i0.wp.com\/ismaelcolosi.com.br\/wp-content\/uploads\/2024\/02\/4-sto-ant-pinhal-1-scaled.jpg?fit=977%2C645&ssl=1&resize=350%2C200","width":350,"height":200,"srcset":"https:\/\/i0.wp.com\/ismaelcolosi.com.br\/wp-content\/uploads\/2024\/02\/4-sto-ant-pinhal-1-scaled.jpg?fit=977%2C645&ssl=1&resize=350%2C200 1x, https:\/\/i0.wp.com\/ismaelcolosi.com.br\/wp-content\/uploads\/2024\/02\/4-sto-ant-pinhal-1-scaled.jpg?fit=977%2C645&ssl=1&resize=525%2C300 1.5x, https:\/\/i0.wp.com\/ismaelcolosi.com.br\/wp-content\/uploads\/2024\/02\/4-sto-ant-pinhal-1-scaled.jpg?fit=977%2C645&ssl=1&resize=700%2C400 2x"},"classes":[]},{"id":37973,"url":"https:\/\/ismaelcolosi.com.br\/index.php\/2024\/02\/19\/sp-vai-instalar-radares-em-33-pontos-na-regiao-de-ribeirao-veja-os-locais\/","url_meta":{"origin":7015,"position":2},"title":"SP vai instalar radares em 33 pontos na regi\u00e3o de Ribeir\u00e3o; Veja os locais","author":"ismaelcolosi.com.br","date":"19 de February de 2024","format":false,"excerpt":"O edital para contrata\u00e7\u00e3o dos novos radares nas rodovias estaduais de S\u00e3o Paulo acontece no pr\u00f3ximo dia 26 de fevereiro. De acordo com a proposta, o Governo de S\u00e3o Paulo pretende instalar radares em 33 pontos na regi\u00e3o de Ribeir\u00e3o Preto. Os novos equipamentos ficar\u00e3o em rodovias como Candido Portinari,\u2026","rel":"","context":"In &quot;Not\u00edcias de Ribeir\u00e3o Preto-SP e Regi\u00e3o&quot;","block_context":{"text":"Not\u00edcias de Ribeir\u00e3o Preto-SP e Regi\u00e3o","link":"https:\/\/ismaelcolosi.com.br\/index.php\/category\/noticias-de-ribeirao-preto-sp-e-regiao-ismael-colosi\/"},"img":{"alt_text":"","src":"https:\/\/i0.wp.com\/ismaelcolosi.com.br\/wp-content\/uploads\/2024\/02\/radar-sp.jpg?fit=1163%2C692&ssl=1&resize=350%2C200","width":350,"height":200,"srcset":"https:\/\/i0.wp.com\/ismaelcolosi.com.br\/wp-content\/uploads\/2024\/02\/radar-sp.jpg?fit=1163%2C692&ssl=1&resize=350%2C200 1x, https:\/\/i0.wp.com\/ismaelcolosi.com.br\/wp-content\/uploads\/2024\/02\/radar-sp.jpg?fit=1163%2C692&ssl=1&resize=525%2C300 1.5x, https:\/\/i0.wp.com\/ismaelcolosi.com.br\/wp-content\/uploads\/2024\/02\/radar-sp.jpg?fit=1163%2C692&ssl=1&resize=700%2C400 2x, https:\/\/i0.wp.com\/ismaelcolosi.com.br\/wp-content\/uploads\/2024\/02\/radar-sp.jpg?fit=1163%2C692&ssl=1&resize=1050%2C600 3x"},"classes":[]},{"id":32183,"url":"https:\/\/ismaelcolosi.com.br\/index.php\/2024\/01\/24\/veja-onde-ficarao-os-novos-radares-nas-rodovias-da-regiao-de-ribeirao-preto\/","url_meta":{"origin":7015,"position":3},"title":"Veja onde ficar\u00e3o os novos radares nas rodovias da regi\u00e3o de Ribeir\u00e3o Preto","author":"ismaelcolosi.com.br","date":"24 de January de 2024","format":false,"excerpt":"As rodovias do estado de S\u00e3o Paulo ganhar\u00e3o 649 novos radares de controle de velocidade em 2024, sendo que 33 ser\u00e3o instalados em rodovias da regi\u00e3o de Ribeir\u00e3o Preto. Os novos equipamentos ficar\u00e3o em rodovias como Candido Portinari, Altino Arantes, M\u00e1rio Doneg\u00e1 e Abr\u00e3o Assed. Dos 649 radares que ser\u00e3o\u2026","rel":"","context":"In &quot;Not\u00edcias de Ribeir\u00e3o Preto-SP e Regi\u00e3o&quot;","block_context":{"text":"Not\u00edcias de Ribeir\u00e3o Preto-SP e Regi\u00e3o","link":"https:\/\/ismaelcolosi.com.br\/index.php\/category\/noticias-de-ribeirao-preto-sp-e-regiao-ismael-colosi\/"},"img":{"alt_text":"","src":"https:\/\/i0.wp.com\/ismaelcolosi.com.br\/wp-content\/uploads\/2024\/01\/radar-de-transito.jpg?fit=1200%2C800&ssl=1&resize=350%2C200","width":350,"height":200,"srcset":"https:\/\/i0.wp.com\/ismaelcolosi.com.br\/wp-content\/uploads\/2024\/01\/radar-de-transito.jpg?fit=1200%2C800&ssl=1&resize=350%2C200 1x, https:\/\/i0.wp.com\/ismaelcolosi.com.br\/wp-content\/uploads\/2024\/01\/radar-de-transito.jpg?fit=1200%2C800&ssl=1&resize=525%2C300 1.5x, https:\/\/i0.wp.com\/ismaelcolosi.com.br\/wp-content\/uploads\/2024\/01\/radar-de-transito.jpg?fit=1200%2C800&ssl=1&resize=700%2C400 2x, https:\/\/i0.wp.com\/ismaelcolosi.com.br\/wp-content\/uploads\/2024\/01\/radar-de-transito.jpg?fit=1200%2C800&ssl=1&resize=1050%2C600 3x"},"classes":[]},{"id":59680,"url":"https:\/\/ismaelcolosi.com.br\/index.php\/2024\/08\/11\/rodovias-da-regiao-de-ribeirao-preto-vao-receber-42-radares-veja-os-locais\/","url_meta":{"origin":7015,"position":4},"title":"Rodovias da regi\u00e3o de Ribeir\u00e3o Preto v\u00e3o receber 42 radares; Veja os locais","author":"ismaelcolosi.com.br","date":"11 de August de 2024","format":false,"excerpt":"O Governo de S\u00e3o Paulo publicou na \u00faltima segunda-feira (5) as empresas classificadas na licita\u00e7\u00e3o para instala\u00e7\u00e3o de 649 novos radares fixos nas rodovias estaduais operadas pelo DER (Departamento de Estradas de Rodagem). Na regi\u00e3o de Ribeir\u00e3o Preto, ser\u00e3o 42 novos radares \u2013 veja os locais abaixo. Ao todo, s\u00e3o\u2026","rel":"","context":"In &quot;Not\u00edcias de Ribeir\u00e3o Preto-SP e Regi\u00e3o&quot;","block_context":{"text":"Not\u00edcias de Ribeir\u00e3o Preto-SP e Regi\u00e3o","link":"https:\/\/ismaelcolosi.com.br\/index.php\/category\/noticias-de-ribeirao-preto-sp-e-regiao-ismael-colosi\/"},"img":{"alt_text":"","src":"https:\/\/i0.wp.com\/ismaelcolosi.com.br\/wp-content\/uploads\/2024\/08\/radar-de-transito.jpg?fit=1200%2C800&ssl=1&resize=350%2C200","width":350,"height":200,"srcset":"https:\/\/i0.wp.com\/ismaelcolosi.com.br\/wp-content\/uploads\/2024\/08\/radar-de-transito.jpg?fit=1200%2C800&ssl=1&resize=350%2C200 1x, https:\/\/i0.wp.com\/ismaelcolosi.com.br\/wp-content\/uploads\/2024\/08\/radar-de-transito.jpg?fit=1200%2C800&ssl=1&resize=525%2C300 1.5x, https:\/\/i0.wp.com\/ismaelcolosi.com.br\/wp-content\/uploads\/2024\/08\/radar-de-transito.jpg?fit=1200%2C800&ssl=1&resize=700%2C400 2x, https:\/\/i0.wp.com\/ismaelcolosi.com.br\/wp-content\/uploads\/2024\/08\/radar-de-transito.jpg?fit=1200%2C800&ssl=1&resize=1050%2C600 3x"},"classes":[]},{"id":77722,"url":"https:\/\/ismaelcolosi.com.br\/index.php\/2024\/11\/27\/ccj-da-camara-aprova-pec-que-proibe-aborto-legal\/","url_meta":{"origin":7015,"position":5},"title":"CCJ da C\u00e2mara aprova PEC que pro\u00edbe aborto legal","author":"ismaelcolosi.com.br","date":"27 de November de 2024","format":false,"excerpt":"27 de novembro de 202427 de novembro de 20244 Compartilhar0 Ap\u00f3s protesto que interrompeu a sess\u00e3o, a Proposta de Emenda \u00e0 Constitui\u00e7\u00e3o (PEC) que acaba com as possibilidades de abortos autorizadas no Brasil foi aprovada nesta quarta-feira (27) na Comiss\u00e3o de Constitui\u00e7\u00e3o e Justi\u00e7a (CCJ) da C\u00e2mara dos Deputados, por\u2026","rel":"","context":"In &quot;Not\u00edcias de Ribeir\u00e3o Preto-SP e Regi\u00e3o&quot;","block_context":{"text":"Not\u00edcias de Ribeir\u00e3o Preto-SP e Regi\u00e3o","link":"https:\/\/ismaelcolosi.com.br\/index.php\/category\/noticias-de-ribeirao-preto-sp-e-regiao-ismael-colosi\/"},"img":{"alt_text":"","src":"https:\/\/i0.wp.com\/ismaelcolosi.com.br\/wp-content\/uploads\/2024\/11\/b20860ee-8f71-44d4-b49c-ac2725d03817-scaled.jpg?fit=800%2C479&ssl=1&resize=350%2C200","width":350,"height":200,"srcset":"https:\/\/i0.wp.com\/ismaelcolosi.com.br\/wp-content\/uploads\/2024\/11\/b20860ee-8f71-44d4-b49c-ac2725d03817-scaled.jpg?fit=800%2C479&ssl=1&resize=350%2C200 1x, https:\/\/i0.wp.com\/ismaelcolosi.com.br\/wp-content\/uploads\/2024\/11\/b20860ee-8f71-44d4-b49c-ac2725d03817-scaled.jpg?fit=800%2C479&ssl=1&resize=525%2C300 1.5x, https:\/\/i0.wp.com\/ismaelcolosi.com.br\/wp-content\/uploads\/2024\/11\/b20860ee-8f71-44d4-b49c-ac2725d03817-scaled.jpg?fit=800%2C479&ssl=1&resize=700%2C400 2x"},"classes":[]}],"jetpack_sharing_enabled":true,"jetpack_shortlink":"https:\/\/wp.me\/pfMlyK-1P9","_links":{"self":[{"href":"https:\/\/ismaelcolosi.com.br\/index.php\/wp-json\/wp\/v2\/posts\/7015","targetHints":{"allow":["GET"]}}],"collection":[{"href":"https:\/\/ismaelcolosi.com.br\/index.php\/wp-json\/wp\/v2\/posts"}],"about":[{"href":"https:\/\/ismaelcolosi.com.br\/index.php\/wp-json\/wp\/v2\/types\/post"}],"author":[{"embeddable":true,"href":"https:\/\/ismaelcolosi.com.br\/index.php\/wp-json\/wp\/v2\/users\/1"}],"replies":[{"embeddable":true,"href":"https:\/\/ismaelcolosi.com.br\/index.php\/wp-json\/wp\/v2\/comments?post=7015"}],"version-history":[{"count":0,"href":"https:\/\/ismaelcolosi.com.br\/index.php\/wp-json\/wp\/v2\/posts\/7015\/revisions"}],"wp:featuredmedia":[{"embeddable":true,"href":"https:\/\/ismaelcolosi.com.br\/index.php\/wp-json\/wp\/v2\/media\/7016"}],"wp:attachment":[{"href":"https:\/\/ismaelcolosi.com.br\/index.php\/wp-json\/wp\/v2\/media?parent=7015"}],"wp:term":[{"taxonomy":"category","embeddable":true,"href":"https:\/\/ismaelcolosi.com.br\/index.php\/wp-json\/wp\/v2\/categories?post=7015"},{"taxonomy":"post_tag","embeddable":true,"href":"https:\/\/ismaelcolosi.com.br\/index.php\/wp-json\/wp\/v2\/tags?post=7015"}],"curies":[{"name":"wp","href":"https:\/\/api.w.org\/{rel}","templated":true}]}}