{"id":70149,"date":"2024-10-09T18:19:16","date_gmt":"2024-10-09T21:19:16","guid":{"rendered":"https:\/\/ismaelcolosi.com.br\/index.php\/2024\/10\/09\/saiba-como-fica-a-situacao-do-centro-administrativo-de-ribeirao-apos-assinatura-de-contrato\/"},"modified":"2024-10-09T18:19:16","modified_gmt":"2024-10-09T21:19:16","slug":"saiba-como-fica-a-situacao-do-centro-administrativo-de-ribeirao-apos-assinatura-de-contrato","status":"publish","type":"post","link":"https:\/\/ismaelcolosi.com.br\/index.php\/2024\/10\/09\/saiba-como-fica-a-situacao-do-centro-administrativo-de-ribeirao-apos-assinatura-de-contrato\/","title":{"rendered":"Saiba como fica a situa\u00e7\u00e3o do Centro Administrativo de Ribeir\u00e3o ap\u00f3s assinatura\u00a0de\u00a0contrato"},"content":{"rendered":"<p> <br \/>\n<\/p>\n<div>\n<p><strong>Nesta ter\u00e7a-feira (8)<\/strong>, foi assinado o contrato para constru\u00e7\u00e3o do novo Centro Administrativo de Ribeir\u00e3o Preto. <mark style=\"background-color:#fcb900\" class=\"has-inline-color\">O documento ser\u00e1 publicado no Di\u00e1rio Oficial<\/mark> <strong>para que, na sequ\u00eancia, seja emitida a ordem de servi\u00e7o.<\/strong> <mark style=\"background-color:#fcb900\" class=\"has-inline-color\">A previs\u00e3o \u00e9 que esse tr\u00e2mite aconte\u00e7a nos pr\u00f3ximos dias.<\/mark> <\/p>\n<p>De acordo com o secret\u00e1rio de Administra\u00e7\u00e3o, <strong>Gustavo Furlan Bueno<\/strong>, <mark style=\"background-color:#fcb900\" class=\"has-inline-color\">ap\u00f3s a emiss\u00e3o da ordem de servi\u00e7o, come\u00e7a a contar o prazo de 36 meses para a realiza\u00e7\u00e3o da obra.<\/mark><\/p>\n<p>O<strong> prefeito Duarte Nogueira acredita <\/strong>que a constru\u00e7\u00e3o do novo edif\u00edcio <mark style=\"background-color:#fcb900\" class=\"has-inline-color\">trar\u00e1 mais celeridade para Ribeir\u00e3o Preto.<\/mark><\/p>\n<p><em>\u201cRibeir\u00e3o Preto vai ganhar mais efici\u00eancia, redu\u00e7\u00e3o do custo da m\u00e1quina e economia de despesas de recusos p\u00fablicos. O prefeito e todos seus colaboradores estar\u00e3o no mesmo lugar para dar velocidade ao desenvolvimento e a comunica\u00e7\u00e3o.\u201d<\/em> afirmou.<\/p>\n<p>A assinatura do contrato aconteceu ap\u00f3s o\u00a0<strong><a href=\"https:\/\/www.tjsp.jus.br\/\" target=\"_blank\" rel=\"noreferrer noopener\">TJ-SP (Tribunal de Justi\u00e7a de S\u00e3o Paulo)\u00a0<\/a><\/strong>acatar o recurso da\u00a0<strong><a href=\"https:\/\/www.ribeiraopreto.sp.gov.br\/portal\/\" target=\"_blank\" rel=\"noreferrer noopener\">Prefeitura de Ribeir\u00e3o Preto<\/a><\/strong>\u00a0e derrubar a\u00a0suspens\u00e3o da licita\u00e7\u00e3o\u00a0para constru\u00e7\u00e3o da nova sede do Executivo Municipal.<\/p>\n<p>O contrato no valor de <strong>R$ 173.497.592,89<\/strong> foi assinado com a empresa <strong>H2Obras Constru\u00e7\u00f5es Ltda<\/strong>. <strong>Parte dos recursos utilizados na constru\u00e7\u00e3o<\/strong> do im\u00f3vel <mark style=\"background-color:#fcb900\" class=\"has-inline-color\">ser\u00e1 custeada pela venda de im\u00f3veis da prefeitura.<\/mark><\/p>\n<p>Al\u00e9m disso, <strong>o munic\u00edpio tamb\u00e9m utilizar\u00e1 o montante arrecadado na venda da folha de pagamento dos servidores municipais para Caixa Econ\u00f4mica Federal<\/strong>, <mark style=\"background-color:#fcb900\" class=\"has-inline-color\">que foi de R$ 33 milh\u00f5es.<\/mark><\/p>\n<h4 class=\"wp-block-heading\"><strong>Acirp emite nota de rep\u00fadio<\/strong><\/h4>\n<p><strong>Acirp (Associa\u00e7\u00e3o Comercial e Industrial de Ribeir\u00e3o Preto)\u00a0<\/strong>emitiu uma nota de rep\u00fadio, <mark style=\"background-color:#fcb900\" class=\"has-inline-color\">se posicionando contra a decis\u00e3o da prefeitura em assinar o contrato para constru\u00e7\u00e3o do centro administrativo.<\/mark><\/p>\n<p>\u201c<em>A medida, tomada sem di\u00e1logo e planejamento, desconsidera a infraestrutura existente na regi\u00e3o central e ignora os investimentos realizados inclusive pela atual gest\u00e3o para melhorar a mobilidade e a acessibilidade ao Centro.<\/em>\u201d diz a nota.<\/p>\n<p>A Associa\u00e7\u00e3o <strong>defende que a assinatura de um contrato desta relev\u00e2ncia e de grande impacto para o futuro da cidade deveria ser postergada<\/strong>, de modo que o pr\u00f3ximo chefe do Executivo, que assumir\u00e1 o cargo em janeiro de 2025, pudesse participar do processo.\u00a0<\/p>\n<p>SAIBA MAIS<br \/><strong>AO VIVO: Confira a passagem do furac\u00e3o Milton pela Fl\u00f3rida, nos Estados Unidos<\/strong><\/p>\n<h4 class=\"wp-block-heading\"><strong>FIQUE ON<\/strong><\/h4>\n<p>Fique ligado em tudo que acontece em Ribeir\u00e3o Preto e regi\u00e3o. Siga os perfis do<strong> acidade on<\/strong> no <a href=\"https:\/\/www.instagram.com\/acidadeonribeirao\" target=\"_blank\" rel=\"noreferrer noopener nofollow\">Instagram<\/a> e no<a href=\"https:\/\/www.facebook.com\/acidadeonribeirao\/\" target=\"_blank\" rel=\"noreferrer noopener nofollow\"> Facebook.<\/a><\/p>\n<p>Receba not\u00edcias do<strong> acidade on<\/strong> no WhatsApp. <a href=\"https:\/\/chat.whatsapp.com\/Fg4ok3aAVyB59DP63pRapr\" target=\"_blank\" rel=\"noreferrer noopener nofollow\">Para entrar no grupo, basta clicar aqui.<\/a><\/p>\n<p>Fa\u00e7a uma den\u00fancia ou sugira uma reportagem sobre Ribeir\u00e3o Preto e regi\u00e3o pelo WhatsApp: 16 99117 7802.<\/p>\n<p>VEJA TAMB\u00c9M<br \/>Como pedir isen\u00e7\u00e3o de taxa do concurso dos Correios?<\/p>\n<p><!-- CONTENT END 1 -->\n<\/div>\n<p><script async src=\"\/\/www.instagram.com\/embed.js\"><\/script><br \/>\n<br \/><br \/>\n<br \/><a href=\"https:\/\/www.acidadeon.com\/ribeiraopreto\/politica\/saiba-omo-fica-situacao-do-centro-administrativo-de-ribeirao-apos-assinatura-de-contrato\/\">Source link <\/a><\/p>\n","protected":false},"excerpt":{"rendered":"<p>Nesta ter\u00e7a-feira (8), foi assinado o contrato para constru\u00e7\u00e3o do novo Centro Administrativo de Ribeir\u00e3o Preto. O documento ser\u00e1 publicado no Di\u00e1rio Oficial para que,&#8230;<\/p>\n","protected":false},"author":1,"featured_media":70150,"comment_status":"open","ping_status":"open","sticky":false,"template":"","format":"standard","meta":{"_uag_custom_page_level_css":"","advanced_seo_description":"","jetpack_seo_html_title":"","jetpack_seo_noindex":false,"jetpack_post_was_ever_published":false,"_jetpack_newsletter_access":"","_jetpack_dont_email_post_to_subs":false,"_jetpack_newsletter_tier_id":0,"_jetpack_memberships_contains_paywalled_content":false,"_jetpack_memberships_contains_paid_content":false,"footnotes":"","jetpack_publicize_message":"","jetpack_publicize_feature_enabled":true,"jetpack_social_post_already_shared":true,"jetpack_social_options":{"image_generator_settings":{"template":"highway","default_image_id":0,"font":"","enabled":false},"version":2}},"categories":[11],"tags":[],"class_list":["post-70149","post","type-post","status-publish","format-standard","has-post-thumbnail","hentry","category-noticias-de-ribeirao-preto-sp-e-regiao-ismael-colosi"],"jetpack_publicize_connections":[],"jetpack_featured_media_url":"https:\/\/i0.wp.com\/ismaelcolosi.com.br\/wp-content\/uploads\/2024\/10\/centro_administrativo_1024x576_20112019183024_2024-10-09_20-45-18_jpg_2024-10-09_20-45-18.webp.webp?fit=1024%2C575&ssl=1","uagb_featured_image_src":{"full":["https:\/\/i0.wp.com\/ismaelcolosi.com.br\/wp-content\/uploads\/2024\/10\/centro_administrativo_1024x576_20112019183024_2024-10-09_20-45-18_jpg_2024-10-09_20-45-18.webp.webp?fit=1024%2C575&ssl=1",1024,575,false],"thumbnail":["https:\/\/i0.wp.com\/ismaelcolosi.com.br\/wp-content\/uploads\/2024\/10\/centro_administrativo_1024x576_20112019183024_2024-10-09_20-45-18_jpg_2024-10-09_20-45-18.webp.webp?resize=150%2C150&ssl=1",150,150,true],"medium":["https:\/\/i0.wp.com\/ismaelcolosi.com.br\/wp-content\/uploads\/2024\/10\/centro_administrativo_1024x576_20112019183024_2024-10-09_20-45-18_jpg_2024-10-09_20-45-18.webp.webp?fit=300%2C168&ssl=1",300,168,true],"medium_large":["https:\/\/i0.wp.com\/ismaelcolosi.com.br\/wp-content\/uploads\/2024\/10\/centro_administrativo_1024x576_20112019183024_2024-10-09_20-45-18_jpg_2024-10-09_20-45-18.webp.webp?fit=768%2C431&ssl=1",768,431,true],"large":["https:\/\/i0.wp.com\/ismaelcolosi.com.br\/wp-content\/uploads\/2024\/10\/centro_administrativo_1024x576_20112019183024_2024-10-09_20-45-18_jpg_2024-10-09_20-45-18.webp.webp?fit=1024%2C575&ssl=1",1024,575,true],"1536x1536":["https:\/\/i0.wp.com\/ismaelcolosi.com.br\/wp-content\/uploads\/2024\/10\/centro_administrativo_1024x576_20112019183024_2024-10-09_20-45-18_jpg_2024-10-09_20-45-18.webp.webp?fit=1024%2C575&ssl=1",1024,575,true],"2048x2048":["https:\/\/i0.wp.com\/ismaelcolosi.com.br\/wp-content\/uploads\/2024\/10\/centro_administrativo_1024x576_20112019183024_2024-10-09_20-45-18_jpg_2024-10-09_20-45-18.webp.webp?fit=1024%2C575&ssl=1",1024,575,true],"really-simple-thumb":["https:\/\/i0.wp.com\/ismaelcolosi.com.br\/wp-content\/uploads\/2024\/10\/centro_administrativo_1024x576_20112019183024_2024-10-09_20-45-18_jpg_2024-10-09_20-45-18.webp.webp?resize=370%2C247&ssl=1",370,247,true]},"uagb_author_info":{"display_name":"ismaelcolosi.com.br","author_link":"https:\/\/ismaelcolosi.com.br\/index.php\/author\/vidareal-online\/"},"uagb_comment_info":0,"uagb_excerpt":"Nesta ter\u00e7a-feira (8), foi assinado o contrato para constru\u00e7\u00e3o do novo Centro Administrativo de Ribeir\u00e3o Preto. O documento ser\u00e1 publicado no Di\u00e1rio Oficial para que,...","jetpack-related-posts":[{"id":74764,"url":"https:\/\/ismaelcolosi.com.br\/index.php\/2024\/11\/01\/justica-suspende-contrato-para-construcao-do-novo-centro-administrativo-de-ribeirao-preto\/","url_meta":{"origin":70149,"position":0},"title":"Justi\u00e7a suspende contrato para constru\u00e7\u00e3o do novo Centro Administrativo de Ribeir\u00e3o Preto","author":"ismaelcolosi.com.br","date":"1 de November de 2024","format":false,"excerpt":"Nesta sexta-feira (1\u00ba), a constru\u00e7\u00e3o do novo Centro Administrativo de Ribeir\u00e3o Preto ganhou mais um cap\u00edtulo. A ju\u00edza Lucilene Canella de Mello deferiu pedido de liminar para suspender a execu\u00e7\u00e3o do contrato. A a\u00e7\u00e3o foi apresentada pelos vereadores Duda Hidalgo (PT) e Marcos Papa (Podemos). O prefeito Duarte Nogueira acredita\u00a0que\u2026","rel":"","context":"In &quot;Not\u00edcias de Ribeir\u00e3o Preto-SP e Regi\u00e3o&quot;","block_context":{"text":"Not\u00edcias de Ribeir\u00e3o Preto-SP e Regi\u00e3o","link":"https:\/\/ismaelcolosi.com.br\/index.php\/category\/noticias-de-ribeirao-preto-sp-e-regiao-ismael-colosi\/"},"img":{"alt_text":"","src":"https:\/\/i0.wp.com\/ismaelcolosi.com.br\/wp-content\/uploads\/2024\/10\/centro_administrativo_1024x576_20112019183024_2024-10-09_20-45-18_jpg_2024-10-09_20-45-18.webp.webp?fit=1024%2C575&ssl=1&resize=350%2C200","width":350,"height":200,"srcset":"https:\/\/i0.wp.com\/ismaelcolosi.com.br\/wp-content\/uploads\/2024\/10\/centro_administrativo_1024x576_20112019183024_2024-10-09_20-45-18_jpg_2024-10-09_20-45-18.webp.webp?fit=1024%2C575&ssl=1&resize=350%2C200 1x, https:\/\/i0.wp.com\/ismaelcolosi.com.br\/wp-content\/uploads\/2024\/10\/centro_administrativo_1024x576_20112019183024_2024-10-09_20-45-18_jpg_2024-10-09_20-45-18.webp.webp?fit=1024%2C575&ssl=1&resize=525%2C300 1.5x, https:\/\/i0.wp.com\/ismaelcolosi.com.br\/wp-content\/uploads\/2024\/10\/centro_administrativo_1024x576_20112019183024_2024-10-09_20-45-18_jpg_2024-10-09_20-45-18.webp.webp?fit=1024%2C575&ssl=1&resize=700%2C400 2x"},"classes":[]},{"id":56632,"url":"https:\/\/ismaelcolosi.com.br\/index.php\/2024\/07\/13\/entenda-a-polemica-da-construcao-do-centro-administrativo-em-ribeirao-preto\/","url_meta":{"origin":70149,"position":1},"title":"Entenda a pol\u00eamica da constru\u00e7\u00e3o do Centro Administrativo em Ribeir\u00e3o Preto","author":"ismaelcolosi.com.br","date":"13 de July de 2024","format":false,"excerpt":"A Justi\u00e7a de Ribeir\u00e3o Preto suspendeu a licita\u00e7\u00e3o para a constru\u00e7\u00e3o do Centro Administrativo na zona Norte da cidade em decis\u00e3o liminiar nesta sexta-feira (12). Ainda cabe recurso. A Prefeitura de Ribeir\u00e3o j\u00e1 havia homologado a empresa vencedora, a H2Obras Constru\u00e7\u00f5es Ltda., com sede em S\u00e3o Bernardo do Campo (SP).\u2026","rel":"","context":"In &quot;Not\u00edcias de Ribeir\u00e3o Preto-SP e Regi\u00e3o&quot;","block_context":{"text":"Not\u00edcias de Ribeir\u00e3o Preto-SP e Regi\u00e3o","link":"https:\/\/ismaelcolosi.com.br\/index.php\/category\/noticias-de-ribeirao-preto-sp-e-regiao-ismael-colosi\/"},"img":{"alt_text":"","src":"https:\/\/i0.wp.com\/ismaelcolosi.com.br\/wp-content\/uploads\/2024\/06\/AnyConv.com__centro-administrativo-projeto_2024-06-26_13-44-03.webp.webp?fit=753%2C378&ssl=1&resize=350%2C200","width":350,"height":200,"srcset":"https:\/\/i0.wp.com\/ismaelcolosi.com.br\/wp-content\/uploads\/2024\/06\/AnyConv.com__centro-administrativo-projeto_2024-06-26_13-44-03.webp.webp?fit=753%2C378&ssl=1&resize=350%2C200 1x, https:\/\/i0.wp.com\/ismaelcolosi.com.br\/wp-content\/uploads\/2024\/06\/AnyConv.com__centro-administrativo-projeto_2024-06-26_13-44-03.webp.webp?fit=753%2C378&ssl=1&resize=525%2C300 1.5x, https:\/\/i0.wp.com\/ismaelcolosi.com.br\/wp-content\/uploads\/2024\/06\/AnyConv.com__centro-administrativo-projeto_2024-06-26_13-44-03.webp.webp?fit=753%2C378&ssl=1&resize=700%2C400 2x"},"classes":[]},{"id":70440,"url":"https:\/\/ismaelcolosi.com.br\/index.php\/2024\/10\/10\/plebiscito-sobre-novo-centro-administrativo-de-ribeirao-e-aprovado-na-camara\/","url_meta":{"origin":70149,"position":2},"title":"Plebiscito sobre novo Centro Administrativo de Ribeir\u00e3o \u00e9 aprovado na C\u00e2mara","author":"ismaelcolosi.com.br","date":"10 de October de 2024","format":false,"excerpt":"A C\u00e2mara Municipal aprovou, na tarde desta quinta-feira (10), o projeto para que a popula\u00e7\u00e3o seja consultada sobre a constru\u00e7\u00e3o do novo Centro Administrativo de Ribeir\u00e3o Preto. O decreto ser\u00e1 publicado no Di\u00e1rio Oficial e, ap\u00f3s publicado, a C\u00e2mara faz um of\u00edcio solicitando provid\u00eancias e encaminha para o presidente da\u2026","rel":"","context":"In &quot;Not\u00edcias de Ribeir\u00e3o Preto-SP e Regi\u00e3o&quot;","block_context":{"text":"Not\u00edcias de Ribeir\u00e3o Preto-SP e Regi\u00e3o","link":"https:\/\/ismaelcolosi.com.br\/index.php\/category\/noticias-de-ribeirao-preto-sp-e-regiao-ismael-colosi\/"},"img":{"alt_text":"","src":"https:\/\/i0.wp.com\/ismaelcolosi.com.br\/wp-content\/uploads\/2024\/10\/centro_administrativo_1024x576_20112019183024_2024-10-09_20-45-18_jpg_2024-10-09_20-45-18.webp.webp?fit=1024%2C575&ssl=1&resize=350%2C200","width":350,"height":200,"srcset":"https:\/\/i0.wp.com\/ismaelcolosi.com.br\/wp-content\/uploads\/2024\/10\/centro_administrativo_1024x576_20112019183024_2024-10-09_20-45-18_jpg_2024-10-09_20-45-18.webp.webp?fit=1024%2C575&ssl=1&resize=350%2C200 1x, https:\/\/i0.wp.com\/ismaelcolosi.com.br\/wp-content\/uploads\/2024\/10\/centro_administrativo_1024x576_20112019183024_2024-10-09_20-45-18_jpg_2024-10-09_20-45-18.webp.webp?fit=1024%2C575&ssl=1&resize=525%2C300 1.5x, https:\/\/i0.wp.com\/ismaelcolosi.com.br\/wp-content\/uploads\/2024\/10\/centro_administrativo_1024x576_20112019183024_2024-10-09_20-45-18_jpg_2024-10-09_20-45-18.webp.webp?fit=1024%2C575&ssl=1&resize=700%2C400 2x"},"classes":[]},{"id":74814,"url":"https:\/\/ismaelcolosi.com.br\/index.php\/2024\/11\/02\/justica-suspende-contrato-para-construcao-do-novo-centro-administrativo-de-ribeirao-preto-2\/","url_meta":{"origin":70149,"position":3},"title":"Justi\u00e7a suspende contrato para constru\u00e7\u00e3o do novo Centro Administrativo de Ribeir\u00e3o Preto","author":"ismaelcolosi.com.br","date":"2 de November de 2024","format":false,"excerpt":"Nesta sexta-feira (1\u00ba), a constru\u00e7\u00e3o do novo Centro Administrativo de Ribeir\u00e3o Preto ganhou mais um cap\u00edtulo. A ju\u00edza Lucilene Canella de Mello deferiu pedido de liminar para suspender a execu\u00e7\u00e3o do contrato. A a\u00e7\u00e3o foi apresentada pelos vereadores Duda Hidalgo (PT) e Marcos Papa (Podemos). O prefeito Duarte Nogueira acredita\u00a0que\u2026","rel":"","context":"In &quot;Not\u00edcias de Ribeir\u00e3o Preto-SP e Regi\u00e3o&quot;","block_context":{"text":"Not\u00edcias de Ribeir\u00e3o Preto-SP e Regi\u00e3o","link":"https:\/\/ismaelcolosi.com.br\/index.php\/category\/noticias-de-ribeirao-preto-sp-e-regiao-ismael-colosi\/"},"img":{"alt_text":"","src":"https:\/\/i0.wp.com\/ismaelcolosi.com.br\/wp-content\/uploads\/2024\/10\/centro_administrativo_1024x576_20112019183024_2024-10-09_20-45-18_jpg_2024-10-09_20-45-18.webp.webp?fit=1024%2C575&ssl=1&resize=350%2C200","width":350,"height":200,"srcset":"https:\/\/i0.wp.com\/ismaelcolosi.com.br\/wp-content\/uploads\/2024\/10\/centro_administrativo_1024x576_20112019183024_2024-10-09_20-45-18_jpg_2024-10-09_20-45-18.webp.webp?fit=1024%2C575&ssl=1&resize=350%2C200 1x, https:\/\/i0.wp.com\/ismaelcolosi.com.br\/wp-content\/uploads\/2024\/10\/centro_administrativo_1024x576_20112019183024_2024-10-09_20-45-18_jpg_2024-10-09_20-45-18.webp.webp?fit=1024%2C575&ssl=1&resize=525%2C300 1.5x, https:\/\/i0.wp.com\/ismaelcolosi.com.br\/wp-content\/uploads\/2024\/10\/centro_administrativo_1024x576_20112019183024_2024-10-09_20-45-18_jpg_2024-10-09_20-45-18.webp.webp?fit=1024%2C575&ssl=1&resize=700%2C400 2x"},"classes":[]},{"id":77164,"url":"https:\/\/ismaelcolosi.com.br\/index.php\/2024\/11\/21\/prefeito-eleito-ricardo-silva-pede-que-ordem-de-servico-para-centro-administrativo-nao-seja-assinada\/","url_meta":{"origin":70149,"position":4},"title":"Prefeito eleito Ricardo Silva pede que ordem de servi\u00e7o para Centro Administrativo n\u00e3o seja assinada","author":"ismaelcolosi.com.br","date":"21 de November de 2024","format":false,"excerpt":"21 de novembro de 202421 de novembro de 202412 Compartilhar0 O prefeito eleito de Ribeir\u00e3o Preto, Ricardo Silva, encaminhou na tarde desta quinta-feira (21) um of\u00edcio para a atual gest\u00e3o para que a constru\u00e7\u00e3o do novo Centro Administrativo n\u00e3o seja iniciada, ficando a decis\u00e3o a cargo do pr\u00f3ximo governo, que\u2026","rel":"","context":"In &quot;Not\u00edcias de Ribeir\u00e3o Preto-SP e Regi\u00e3o&quot;","block_context":{"text":"Not\u00edcias de Ribeir\u00e3o Preto-SP e Regi\u00e3o","link":"https:\/\/ismaelcolosi.com.br\/index.php\/category\/noticias-de-ribeirao-preto-sp-e-regiao-ismael-colosi\/"},"img":{"alt_text":"","src":"https:\/\/i0.wp.com\/ismaelcolosi.com.br\/wp-content\/uploads\/2024\/11\/46909214-adaf-4b04-9fd3-245e0b019bc7-scaled.jpg?fit=800%2C450&ssl=1&resize=350%2C200","width":350,"height":200,"srcset":"https:\/\/i0.wp.com\/ismaelcolosi.com.br\/wp-content\/uploads\/2024\/11\/46909214-adaf-4b04-9fd3-245e0b019bc7-scaled.jpg?fit=800%2C450&ssl=1&resize=350%2C200 1x, https:\/\/i0.wp.com\/ismaelcolosi.com.br\/wp-content\/uploads\/2024\/11\/46909214-adaf-4b04-9fd3-245e0b019bc7-scaled.jpg?fit=800%2C450&ssl=1&resize=525%2C300 1.5x, https:\/\/i0.wp.com\/ismaelcolosi.com.br\/wp-content\/uploads\/2024\/11\/46909214-adaf-4b04-9fd3-245e0b019bc7-scaled.jpg?fit=800%2C450&ssl=1&resize=700%2C400 2x"},"classes":[]},{"id":75872,"url":"https:\/\/ismaelcolosi.com.br\/index.php\/2024\/11\/08\/plebiscito-sobre-construcao-do-centro-administrativo-nao-chegou-a-justica-eleitoral\/","url_meta":{"origin":70149,"position":5},"title":"Plebiscito sobre constru\u00e7\u00e3o do centro administrativo n\u00e3o chegou \u00e0 Justi\u00e7a Eleitoral\u00a0","author":"ismaelcolosi.com.br","date":"8 de November de 2024","format":false,"excerpt":"O decreto legislativo que prev\u00ea a realiza\u00e7\u00e3o de plebiscito para que a popula\u00e7\u00e3o opine sobre a constru\u00e7\u00e3o do novo centro administrativo de Ribeir\u00e3o Preto, a obra mais vultos da cidade, que custar\u00e1 R$ 173.497.592,89, ainda n\u00e3o foi encaminhado \u00e0 Justi\u00e7a Eleitoral. A proposta da vereadora Duda Hidalgo (PT) foi aprovada\u2026","rel":"","context":"In &quot;Not\u00edcias de Ribeir\u00e3o Preto-SP e Regi\u00e3o&quot;","block_context":{"text":"Not\u00edcias de Ribeir\u00e3o Preto-SP e Regi\u00e3o","link":"https:\/\/ismaelcolosi.com.br\/index.php\/category\/noticias-de-ribeirao-preto-sp-e-regiao-ismael-colosi\/"},"img":{"alt_text":"","src":"https:\/\/i0.wp.com\/ismaelcolosi.com.br\/wp-content\/uploads\/2024\/11\/CentroRP-Pro-Divulgacao-scaled.jpg?fit=800%2C432&ssl=1&resize=350%2C200","width":350,"height":200,"srcset":"https:\/\/i0.wp.com\/ismaelcolosi.com.br\/wp-content\/uploads\/2024\/11\/CentroRP-Pro-Divulgacao-scaled.jpg?fit=800%2C432&ssl=1&resize=350%2C200 1x, https:\/\/i0.wp.com\/ismaelcolosi.com.br\/wp-content\/uploads\/2024\/11\/CentroRP-Pro-Divulgacao-scaled.jpg?fit=800%2C432&ssl=1&resize=525%2C300 1.5x, https:\/\/i0.wp.com\/ismaelcolosi.com.br\/wp-content\/uploads\/2024\/11\/CentroRP-Pro-Divulgacao-scaled.jpg?fit=800%2C432&ssl=1&resize=700%2C400 2x"},"classes":[]}],"jetpack_sharing_enabled":true,"jetpack_shortlink":"https:\/\/wp.me\/pfMlyK-ifr","_links":{"self":[{"href":"https:\/\/ismaelcolosi.com.br\/index.php\/wp-json\/wp\/v2\/posts\/70149","targetHints":{"allow":["GET"]}}],"collection":[{"href":"https:\/\/ismaelcolosi.com.br\/index.php\/wp-json\/wp\/v2\/posts"}],"about":[{"href":"https:\/\/ismaelcolosi.com.br\/index.php\/wp-json\/wp\/v2\/types\/post"}],"author":[{"embeddable":true,"href":"https:\/\/ismaelcolosi.com.br\/index.php\/wp-json\/wp\/v2\/users\/1"}],"replies":[{"embeddable":true,"href":"https:\/\/ismaelcolosi.com.br\/index.php\/wp-json\/wp\/v2\/comments?post=70149"}],"version-history":[{"count":0,"href":"https:\/\/ismaelcolosi.com.br\/index.php\/wp-json\/wp\/v2\/posts\/70149\/revisions"}],"wp:featuredmedia":[{"embeddable":true,"href":"https:\/\/ismaelcolosi.com.br\/index.php\/wp-json\/wp\/v2\/media\/70150"}],"wp:attachment":[{"href":"https:\/\/ismaelcolosi.com.br\/index.php\/wp-json\/wp\/v2\/media?parent=70149"}],"wp:term":[{"taxonomy":"category","embeddable":true,"href":"https:\/\/ismaelcolosi.com.br\/index.php\/wp-json\/wp\/v2\/categories?post=70149"},{"taxonomy":"post_tag","embeddable":true,"href":"https:\/\/ismaelcolosi.com.br\/index.php\/wp-json\/wp\/v2\/tags?post=70149"}],"curies":[{"name":"wp","href":"https:\/\/api.w.org\/{rel}","templated":true}]}}