{"id":70143,"date":"2024-10-09T17:49:52","date_gmt":"2024-10-09T20:49:52","guid":{"rendered":"https:\/\/ismaelcolosi.com.br\/index.php\/2024\/10\/09\/banco-abc-brasil-promove-evento-de-agronegocio-em-ribeirao-preto\/"},"modified":"2024-10-09T17:49:52","modified_gmt":"2024-10-09T20:49:52","slug":"banco-abc-brasil-promove-evento-de-agronegocio-em-ribeirao-preto","status":"publish","type":"post","link":"https:\/\/ismaelcolosi.com.br\/index.php\/2024\/10\/09\/banco-abc-brasil-promove-evento-de-agronegocio-em-ribeirao-preto\/","title":{"rendered":"Banco ABC Brasil promove evento de agroneg\u00f3cio em Ribeir\u00e3o Preto"},"content":{"rendered":"<p> <br \/>\n<\/p>\n<div>\n<blockquote class=\"wp-block-quote\">\n<p>\u201cEm Ribeir\u00e3o Preto, o agroneg\u00f3cio \u00e9 t\u00e3o estruturado que estamos em uma vin\u00edcola com a temperatura batendo os 38 graus\u201d, comentou o especialista em agroneg\u00f3cio Carlos Cogo, durante a palestra que realizou na quarta-feira, dia 02\/10, sobre os cen\u00e1rios, desafios e oportunidades do agro brasileiro. <\/p>\n<\/blockquote>\n<p>Consultor do segmento h\u00e1 30 anos, Cogo falou sobre pol\u00edtica agr\u00edcola, safras, armazenagem, corretoras e agentes financeiros. Com o objetivo de impulsionar o agro em Ribeir\u00e3o Preto e regi\u00e3o, o evento ocorreu na Vin\u00edcola Terras Altas, em Bonfim Paulista, e foi organizado pelo Banco ABC Brasil, que conta com o agroneg\u00f3cio em mais de 20% de sua carteira.\u00a0<\/p>\n<p>Na abertura, Izabel Branco, Vice-Presidente de Talentos, Marca &amp; ESG do banco, explicou a import\u00e2ncia do ESG para o agro: \u201cTalento \u00e9 o que voc\u00ea \u00e9\u201d; marca \u00e9 o que voc\u00ea vende \u2013 e voc\u00ea vende o que voc\u00ea \u00e9 \u2013 e ESG s\u00e3o todas as formas de apoiar o cliente nas transforma\u00e7\u00f5es necess\u00e1rias em seu neg\u00f3cio. Por exemplo, na transi\u00e7\u00e3o para um neg\u00f3cio mais sustent\u00e1vel, frente \u00e0s mudan\u00e7as clim\u00e1ticas\u201d.<\/p>\n<p>Segundo ela, \u00e9 neste aspecto que o banco se diferencia dos demais: ao apoiar cada movimento de seus clientes para evoluir, sentindo suas dores e necessidades. <\/p>\n<blockquote class=\"wp-block-quote\">\n<p>\u201cSeja, por exemplo, no financiamento de um maquin\u00e1rio movido a combust\u00edvel sustent\u00e1vel, seja em um passo ainda maior para a compensa\u00e7\u00e3o de carbono\u201d, explica Izabel.<\/p>\n<\/blockquote>\n<figure class=\"wp-block-image size-large\"><img data-recalc-dims=\"1\" loading=\"lazy\" decoding=\"async\" width=\"776\" height=\"1024\" src=\"https:\/\/i0.wp.com\/www.acidadeon.com\/ribeiraopreto\/wp-content\/uploads\/sites\/3\/2024\/10\/foto-palestrante_2024-10-09_20-29-21_jpeg_2024-10-09_20-29-21-776x1024.webp?resize=776%2C1024&#038;ssl=1\" alt=\"\" class=\"wp-image-96024\" srcset=\"https:\/\/www.acidadeon.com\/ribeiraopreto\/wp-content\/uploads\/sites\/3\/2024\/10\/foto-palestrante_2024-10-09_20-29-21_jpeg_2024-10-09_20-29-21-776x1024.webp 776w, https:\/\/www.acidadeon.com\/ribeiraopreto\/wp-content\/uploads\/sites\/3\/2024\/10\/foto-palestrante_2024-10-09_20-29-21_jpeg_2024-10-09_20-29-21-227x300.webp 227w, https:\/\/www.acidadeon.com\/ribeiraopreto\/wp-content\/uploads\/sites\/3\/2024\/10\/foto-palestrante_2024-10-09_20-29-21_jpeg_2024-10-09_20-29-21-768x1013.webp 768w, https:\/\/www.acidadeon.com\/ribeiraopreto\/wp-content\/uploads\/sites\/3\/2024\/10\/foto-palestrante_2024-10-09_20-29-21_jpeg_2024-10-09_20-29-21-696x918.webp 696w, https:\/\/www.acidadeon.com\/ribeiraopreto\/wp-content\/uploads\/sites\/3\/2024\/10\/foto-palestrante_2024-10-09_20-29-21_jpeg_2024-10-09_20-29-21.webp 970w\" sizes=\"auto, (max-width: 776px) 100vw, 776px\"\/><figcaption class=\"wp-element-caption\">Cr\u00e9dito: Divulga\u00e7\u00e3o<\/figcaption><\/figure>\n<p><strong>Izabel Branco \u2013 Vice-Presidente de Talentos, Marca e ESG<\/strong><\/p>\n<p>O diretor de Corporate do ABC Brasil, Daniel Credidio, afirma que a atua\u00e7\u00e3o regional \u00e9 fundamental para o desenvolvimento do agroneg\u00f3cio. <\/p>\n<blockquote class=\"wp-block-quote\">\n<p>\u201cO Banco ABC Brasil est\u00e1 h\u00e1 35 anos no pa\u00eds e, desde a sua funda\u00e7\u00e3o, temos uma forte presen\u00e7a no agroneg\u00f3cio. Atualmente, cerca de 22 a 23% da nossa carteira de quase R$50 bi de ativos est\u00e3o alocados no setor, o que refor\u00e7a que n\u00e3o somos novos nesse mercado estamos aumentando nossa participa\u00e7\u00e3o a cada ano. Nos \u00faltimos seis anos, realizamos investimentos significativos para promover uma expans\u00e3o regional, com o objetivo de fomentar ainda mais o agroneg\u00f3cio.\u201d<\/p>\n<\/blockquote>\n<p>J\u00e1 o superintendente do ABC Brasil no Interior de S\u00e3o Paulo, Ronaldo Bauab, detalhou a atua\u00e7\u00e3o do banco dentro do segmento, especificamente em Ribeir\u00e3o Preto, S\u00e3o Jose do Rio Preto, Marilia e Presidente Prudente: <\/p>\n<blockquote class=\"wp-block-quote\">\n<p>\u201cO banco sempre foi muito presente no agro e a gente vem diversificando cada vez mais nossos produtos servi\u00e7os para o setor. Desde o produtor rural at\u00e9 a agroind\u00fastria, passando pelas incorporadoras e outras entidades impactadas pelo setor. Atualmente, conseguimos apoiar os clientes tanto no banco comercial (cr\u00e9dito), como por meio da nossa comercializadora de energia, corretora de seguros e Investment Bank.\u201d<\/p>\n<\/blockquote>\n<p>Bauab conta que o segmento est\u00e1 em plena expans\u00e3o, n\u00e3o apenas em Ribeir\u00e3o Preto, mas em todo o interior de S\u00e3o Paulo. <\/p>\n<blockquote class=\"wp-block-quote\">\n<p>\u201cH\u00e1 8 anos, t\u00ednhamos R$ 350 milh\u00f5es de ativos. Hoje, temos R$ 2,5 bi\u201d.<\/p>\n<\/blockquote>\n<p><!-- CONTENT END 1 -->\n<\/div>\n<p><br \/>\n<br \/><a href=\"https:\/\/www.acidadeon.com\/ribeiraopreto\/conteudo-patrocinado\/bancoabc\/banco-abc-brasil-promove-evento-de-agronegocio-em-ribeirao-preto\/\">Source link <\/a><\/p>\n","protected":false},"excerpt":{"rendered":"<p>\u201cEm Ribeir\u00e3o Preto, o agroneg\u00f3cio \u00e9 t\u00e3o estruturado que estamos em uma vin\u00edcola com a temperatura batendo os 38 graus\u201d, comentou o especialista em agroneg\u00f3cio&#8230;<\/p>\n","protected":false},"author":1,"featured_media":70144,"comment_status":"open","ping_status":"open","sticky":false,"template":"","format":"standard","meta":{"_uag_custom_page_level_css":"","advanced_seo_description":"","jetpack_seo_html_title":"","jetpack_seo_noindex":false,"jetpack_post_was_ever_published":false,"_jetpack_newsletter_access":"","_jetpack_dont_email_post_to_subs":false,"_jetpack_newsletter_tier_id":0,"_jetpack_memberships_contains_paywalled_content":false,"_jetpack_memberships_contains_paid_content":false,"footnotes":"","jetpack_publicize_message":"","jetpack_publicize_feature_enabled":true,"jetpack_social_post_already_shared":true,"jetpack_social_options":{"image_generator_settings":{"template":"highway","default_image_id":0,"font":"","enabled":false},"version":2}},"categories":[11],"tags":[],"class_list":["post-70143","post","type-post","status-publish","format-standard","has-post-thumbnail","hentry","category-noticias-de-ribeirao-preto-sp-e-regiao-ismael-colosi"],"jetpack_publicize_connections":[],"jetpack_featured_media_url":"https:\/\/i0.wp.com\/ismaelcolosi.com.br\/wp-content\/uploads\/2024\/10\/capa_2024-10-09_20-25-34_jpg_2024-10-09_20-25-37-scaled.webp.webp?fit=2560%2C1707&ssl=1","uagb_featured_image_src":{"full":["https:\/\/i0.wp.com\/ismaelcolosi.com.br\/wp-content\/uploads\/2024\/10\/capa_2024-10-09_20-25-34_jpg_2024-10-09_20-25-37-scaled.webp.webp?fit=2560%2C1707&ssl=1",2560,1707,false],"thumbnail":["https:\/\/i0.wp.com\/ismaelcolosi.com.br\/wp-content\/uploads\/2024\/10\/capa_2024-10-09_20-25-34_jpg_2024-10-09_20-25-37-scaled.webp.webp?resize=150%2C150&ssl=1",150,150,true],"medium":["https:\/\/i0.wp.com\/ismaelcolosi.com.br\/wp-content\/uploads\/2024\/10\/capa_2024-10-09_20-25-34_jpg_2024-10-09_20-25-37-scaled.webp.webp?fit=300%2C200&ssl=1",300,200,true],"medium_large":["https:\/\/i0.wp.com\/ismaelcolosi.com.br\/wp-content\/uploads\/2024\/10\/capa_2024-10-09_20-25-34_jpg_2024-10-09_20-25-37-scaled.webp.webp?fit=768%2C512&ssl=1",768,512,true],"large":["https:\/\/i0.wp.com\/ismaelcolosi.com.br\/wp-content\/uploads\/2024\/10\/capa_2024-10-09_20-25-34_jpg_2024-10-09_20-25-37-scaled.webp.webp?fit=1024%2C683&ssl=1",1024,683,true],"1536x1536":["https:\/\/i0.wp.com\/ismaelcolosi.com.br\/wp-content\/uploads\/2024\/10\/capa_2024-10-09_20-25-34_jpg_2024-10-09_20-25-37-scaled.webp.webp?fit=1536%2C1024&ssl=1",1536,1024,true],"2048x2048":["https:\/\/i0.wp.com\/ismaelcolosi.com.br\/wp-content\/uploads\/2024\/10\/capa_2024-10-09_20-25-34_jpg_2024-10-09_20-25-37-scaled.webp.webp?fit=2048%2C1366&ssl=1",2048,1366,true],"really-simple-thumb":["https:\/\/i0.wp.com\/ismaelcolosi.com.br\/wp-content\/uploads\/2024\/10\/capa_2024-10-09_20-25-34_jpg_2024-10-09_20-25-37-scaled.webp.webp?resize=370%2C247&ssl=1",370,247,true]},"uagb_author_info":{"display_name":"ismaelcolosi.com.br","author_link":"https:\/\/ismaelcolosi.com.br\/index.php\/author\/vidareal-online\/"},"uagb_comment_info":0,"uagb_excerpt":"\u201cEm Ribeir\u00e3o Preto, o agroneg\u00f3cio \u00e9 t\u00e3o estruturado que estamos em uma vin\u00edcola com a temperatura batendo os 38 graus\u201d, comentou o especialista em agroneg\u00f3cio...","jetpack-related-posts":[{"id":71736,"url":"https:\/\/ismaelcolosi.com.br\/index.php\/2024\/10\/17\/veja-qual-cidade-da-regiao-de-ribeirao-preto-aparece-em-lista-das-mais-ricas-do-agro\/","url_meta":{"origin":70143,"position":0},"title":"Veja qual cidade da regi\u00e3o de Ribeir\u00e3o Preto aparece em lista das mais ricas do agro","author":"ismaelcolosi.com.br","date":"17 de October de 2024","format":false,"excerpt":"O Minist\u00e9rio da Agricultura e Pecu\u00e1ria divulgou nesta quinta-feira (17) a lista com os 100 munic\u00edpios mais ricos do Brasil no agroneg\u00f3cio. A an\u00e1lise se baseia nos dados da pesquisa anual do IBGE (Instituto Brasileiro de Geografia e Estat\u00edstica) sobre a Produ\u00e7\u00e3o Agr\u00edcola Municipal. A \u00fanica cidade da regi\u00e3o de\u2026","rel":"","context":"In &quot;Not\u00edcias de Ribeir\u00e3o Preto-SP e Regi\u00e3o&quot;","block_context":{"text":"Not\u00edcias de Ribeir\u00e3o Preto-SP e Regi\u00e3o","link":"https:\/\/ismaelcolosi.com.br\/index.php\/category\/noticias-de-ribeirao-preto-sp-e-regiao-ismael-colosi\/"},"img":{"alt_text":"","src":"https:\/\/i0.wp.com\/ismaelcolosi.com.br\/wp-content\/uploads\/2024\/09\/ibis-barretos_2024-09-28_16-26-03_jpg_2024-09-28_16-26-03.webp.webp?fit=960%2C637&ssl=1&resize=350%2C200","width":350,"height":200,"srcset":"https:\/\/i0.wp.com\/ismaelcolosi.com.br\/wp-content\/uploads\/2024\/09\/ibis-barretos_2024-09-28_16-26-03_jpg_2024-09-28_16-26-03.webp.webp?fit=960%2C637&ssl=1&resize=350%2C200 1x, https:\/\/i0.wp.com\/ismaelcolosi.com.br\/wp-content\/uploads\/2024\/09\/ibis-barretos_2024-09-28_16-26-03_jpg_2024-09-28_16-26-03.webp.webp?fit=960%2C637&ssl=1&resize=525%2C300 1.5x, https:\/\/i0.wp.com\/ismaelcolosi.com.br\/wp-content\/uploads\/2024\/09\/ibis-barretos_2024-09-28_16-26-03_jpg_2024-09-28_16-26-03.webp.webp?fit=960%2C637&ssl=1&resize=700%2C400 2x"},"classes":[]},{"id":53719,"url":"https:\/\/ismaelcolosi.com.br\/index.php\/2024\/06\/19\/aniversario-de-ribeirao-preto-entenda-a-importancia-do-agronegocio-para-a-cidade\/","url_meta":{"origin":70143,"position":1},"title":"Anivers\u00e1rio de Ribeir\u00e3o Preto: Entenda a import\u00e2ncia do agroneg\u00f3cio para a cidade","author":"ismaelcolosi.com.br","date":"19 de June de 2024","format":false,"excerpt":"Reconhecida como a \u201cCapital Brasileira do Agroneg\u00f3cio\u201d h\u00e1 20 anos, Ribeir\u00e3o Preto tem papel fundamental para o setor no \u00e2mbito nacional, tornando-se um dos polos mais importantes de agroind\u00fastria do Pa\u00eds devido a produtividade e inova\u00e7\u00e3o. Com a popula\u00e7\u00e3o de 698.642 habitantes e uma \u00e1rea territorial de 650.916 km\u00b2, de\u2026","rel":"","context":"In &quot;Not\u00edcias de Ribeir\u00e3o Preto-SP e Regi\u00e3o&quot;","block_context":{"text":"Not\u00edcias de Ribeir\u00e3o Preto-SP e Regi\u00e3o","link":"https:\/\/ismaelcolosi.com.br\/index.php\/category\/noticias-de-ribeirao-preto-sp-e-regiao-ismael-colosi\/"},"img":{"alt_text":"","src":"https:\/\/i0.wp.com\/ismaelcolosi.com.br\/wp-content\/uploads\/2024\/06\/12_2024-06-14_19-51-16_jpg_2024-06-14_19-51-16.webp.webp?fit=1200%2C675&ssl=1&resize=350%2C200","width":350,"height":200,"srcset":"https:\/\/i0.wp.com\/ismaelcolosi.com.br\/wp-content\/uploads\/2024\/06\/12_2024-06-14_19-51-16_jpg_2024-06-14_19-51-16.webp.webp?fit=1200%2C675&ssl=1&resize=350%2C200 1x, https:\/\/i0.wp.com\/ismaelcolosi.com.br\/wp-content\/uploads\/2024\/06\/12_2024-06-14_19-51-16_jpg_2024-06-14_19-51-16.webp.webp?fit=1200%2C675&ssl=1&resize=525%2C300 1.5x, https:\/\/i0.wp.com\/ismaelcolosi.com.br\/wp-content\/uploads\/2024\/06\/12_2024-06-14_19-51-16_jpg_2024-06-14_19-51-16.webp.webp?fit=1200%2C675&ssl=1&resize=700%2C400 2x, https:\/\/i0.wp.com\/ismaelcolosi.com.br\/wp-content\/uploads\/2024\/06\/12_2024-06-14_19-51-16_jpg_2024-06-14_19-51-16.webp.webp?fit=1200%2C675&ssl=1&resize=1050%2C600 3x"},"classes":[]},{"id":3191,"url":"https:\/\/ismaelcolosi.com.br\/index.php\/2023\/10\/18\/ribeirao-preto-sedia-iv-congresso-de-direito-aplicado-ao-agronegocio\/","url_meta":{"origin":70143,"position":2},"title":"Ribeir\u00e3o Preto sedia IV Congresso de Direito aplicado ao Agroneg\u00f3cio","author":"ismaelcolosi.com.br","date":"18 de October de 2023","format":false,"excerpt":"171 Em um contexto de constante transforma\u00e7\u00e3o e desafios, o Direito aplicado ao Agroneg\u00f3cio exige profissionais cada vez mais preparados e atualizados. O IV Congresso de Direito aplicado ao Agroneg\u00f3cio tem como objetivo discutir agendas importantes do setor e garantir ambiente de seguran\u00e7a jur\u00eddica \u00e0 produ\u00e7\u00e3o agropecu\u00e1ria. O evento ser\u00e1\u2026","rel":"","context":"In &quot;Not\u00edcias de Ribeir\u00e3o Preto-SP e Regi\u00e3o&quot;","block_context":{"text":"Not\u00edcias de Ribeir\u00e3o Preto-SP e Regi\u00e3o","link":"https:\/\/ismaelcolosi.com.br\/index.php\/category\/noticias-de-ribeirao-preto-sp-e-regiao-ismael-colosi\/"},"img":{"alt_text":"","src":"https:\/\/i0.wp.com\/ismaelcolosi.com.br\/wp-content\/uploads\/2023\/11\/congresso_oab_direito_agronegocio_-_foto_fernando_gonzaga_1.jpg?fit=1200%2C800&ssl=1&resize=350%2C200","width":350,"height":200,"srcset":"https:\/\/i0.wp.com\/ismaelcolosi.com.br\/wp-content\/uploads\/2023\/11\/congresso_oab_direito_agronegocio_-_foto_fernando_gonzaga_1.jpg?fit=1200%2C800&ssl=1&resize=350%2C200 1x, https:\/\/i0.wp.com\/ismaelcolosi.com.br\/wp-content\/uploads\/2023\/11\/congresso_oab_direito_agronegocio_-_foto_fernando_gonzaga_1.jpg?fit=1200%2C800&ssl=1&resize=525%2C300 1.5x, https:\/\/i0.wp.com\/ismaelcolosi.com.br\/wp-content\/uploads\/2023\/11\/congresso_oab_direito_agronegocio_-_foto_fernando_gonzaga_1.jpg?fit=1200%2C800&ssl=1&resize=700%2C400 2x, https:\/\/i0.wp.com\/ismaelcolosi.com.br\/wp-content\/uploads\/2023\/11\/congresso_oab_direito_agronegocio_-_foto_fernando_gonzaga_1.jpg?fit=1200%2C800&ssl=1&resize=1050%2C600 3x"},"classes":[]},{"id":49774,"url":"https:\/\/ismaelcolosi.com.br\/index.php\/2024\/05\/13\/assaltantes-armados-rendem-pescadores-e-roubam-fusca-em-ribeirao-preto\/","url_meta":{"origin":70143,"position":3},"title":"Assaltantes armados rendem pescadores e roubam Fusca em Ribeir\u00e3o Preto","author":"ismaelcolosi.com.br","date":"13 de May de 2024","format":false,"excerpt":"Um Fusca marrom ano 1974, que estava com dois pescadores, foi roubado na tarde deste domingo (12), em Bonfim Paulista, distrito de Ribeir\u00e3o Preto. Segundo o boletim de ocorr\u00eancia (BO), as v\u00edtimas, de 62 anos e 64 anos, voltavam da pescaria no ve\u00edculo pela estrada velha de Guatapar\u00e1, quando estacionaram\u2026","rel":"","context":"In &quot;Not\u00edcias de Ribeir\u00e3o Preto-SP e Regi\u00e3o&quot;","block_context":{"text":"Not\u00edcias de Ribeir\u00e3o Preto-SP e Regi\u00e3o","link":"https:\/\/ismaelcolosi.com.br\/index.php\/category\/noticias-de-ribeirao-preto-sp-e-regiao-ismael-colosi\/"},"img":{"alt_text":"","src":"https:\/\/i0.wp.com\/ismaelcolosi.com.br\/wp-content\/uploads\/2024\/05\/1715611676_cpj_1024x576_21012021092745.jpg?fit=1024%2C575&ssl=1&resize=350%2C200","width":350,"height":200,"srcset":"https:\/\/i0.wp.com\/ismaelcolosi.com.br\/wp-content\/uploads\/2024\/05\/1715611676_cpj_1024x576_21012021092745.jpg?fit=1024%2C575&ssl=1&resize=350%2C200 1x, https:\/\/i0.wp.com\/ismaelcolosi.com.br\/wp-content\/uploads\/2024\/05\/1715611676_cpj_1024x576_21012021092745.jpg?fit=1024%2C575&ssl=1&resize=525%2C300 1.5x, https:\/\/i0.wp.com\/ismaelcolosi.com.br\/wp-content\/uploads\/2024\/05\/1715611676_cpj_1024x576_21012021092745.jpg?fit=1024%2C575&ssl=1&resize=700%2C400 2x"},"classes":[]},{"id":38961,"url":"https:\/\/ismaelcolosi.com.br\/index.php\/2024\/02\/22\/vendas-do-agro-ao-exterior-atingem-us-117-bihoes\/","url_meta":{"origin":70143,"position":4},"title":"Vendas do agro ao exterior atingem US$ 11,7 bih\u00f5es","author":"ismaelcolosi.com.br","date":"22 de February de 2024","format":false,"excerpt":"22 de fevereiro de 2024 | 15:0022 de fevereiro de 2024 | 8:28 0As receitas com exporta\u00e7\u00f5es de produtos agropecu\u00e1rios alcan\u00e7aram US$ 11,72 bilh\u00f5es em janeiro, informou o Minist\u00e9rio da Agricultura nesta quarta-feira, 21. O valor, recorde para o m\u00eas, \u00e9 14,8% superior ao obtido em igual per\u00edodo de 2023.\u2026","rel":"","context":"In &quot;Not\u00edcias de Ribeir\u00e3o Preto-SP e Regi\u00e3o&quot;","block_context":{"text":"Not\u00edcias de Ribeir\u00e3o Preto-SP e Regi\u00e3o","link":"https:\/\/ismaelcolosi.com.br\/index.php\/category\/noticias-de-ribeirao-preto-sp-e-regiao-ismael-colosi\/"},"img":{"alt_text":"","src":"https:\/\/i0.wp.com\/ismaelcolosi.com.br\/wp-content\/uploads\/2024\/02\/63e30330-945b-416d-b0d1-a5c179ce26df.jpg?fit=967%2C645&ssl=1&resize=350%2C200","width":350,"height":200,"srcset":"https:\/\/i0.wp.com\/ismaelcolosi.com.br\/wp-content\/uploads\/2024\/02\/63e30330-945b-416d-b0d1-a5c179ce26df.jpg?fit=967%2C645&ssl=1&resize=350%2C200 1x, https:\/\/i0.wp.com\/ismaelcolosi.com.br\/wp-content\/uploads\/2024\/02\/63e30330-945b-416d-b0d1-a5c179ce26df.jpg?fit=967%2C645&ssl=1&resize=525%2C300 1.5x, https:\/\/i0.wp.com\/ismaelcolosi.com.br\/wp-content\/uploads\/2024\/02\/63e30330-945b-416d-b0d1-a5c179ce26df.jpg?fit=967%2C645&ssl=1&resize=700%2C400 2x"},"classes":[]},{"id":45639,"url":"https:\/\/ismaelcolosi.com.br\/index.php\/2024\/04\/05\/agrishow-nao-tera-solenidade\/","url_meta":{"origin":70143,"position":5},"title":"Agrishow n\u00e3o ter\u00e1 solenidade\u00a0 &#8211; Tribuna Ribeir\u00e3o","author":"ismaelcolosi.com.br","date":"5 de April de 2024","format":false,"excerpt":"A 29\u00aa Feira Internacional de Tecnologia Agr\u00edcola em A\u00e7\u00e3o (Agrishow 2024), a principal da Am\u00e9rica Latina, ser\u00e1 realizada entre os dias 29 de abril e 3 de maio, no Polo Regional de Desenvolvimento Tecnol\u00f3gico dos Agroneg\u00f3cios do Centro-Leste, no quil\u00f4metro 321 da Rodovia Antonio Duarte Nogueira (SP-322), o Anel Vi\u00e1rio\u2026","rel":"","context":"In &quot;Not\u00edcias de Ribeir\u00e3o Preto-SP e Regi\u00e3o&quot;","block_context":{"text":"Not\u00edcias de Ribeir\u00e3o Preto-SP e Regi\u00e3o","link":"https:\/\/ismaelcolosi.com.br\/index.php\/category\/noticias-de-ribeirao-preto-sp-e-regiao-ismael-colosi\/"},"img":{"alt_text":"","src":"https:\/\/i0.wp.com\/ismaelcolosi.com.br\/wp-content\/uploads\/2024\/04\/Agrishow-Divulgacao-Agrishow.jpg?fit=1200%2C628&ssl=1&resize=350%2C200","width":350,"height":200,"srcset":"https:\/\/i0.wp.com\/ismaelcolosi.com.br\/wp-content\/uploads\/2024\/04\/Agrishow-Divulgacao-Agrishow.jpg?fit=1200%2C628&ssl=1&resize=350%2C200 1x, https:\/\/i0.wp.com\/ismaelcolosi.com.br\/wp-content\/uploads\/2024\/04\/Agrishow-Divulgacao-Agrishow.jpg?fit=1200%2C628&ssl=1&resize=525%2C300 1.5x, https:\/\/i0.wp.com\/ismaelcolosi.com.br\/wp-content\/uploads\/2024\/04\/Agrishow-Divulgacao-Agrishow.jpg?fit=1200%2C628&ssl=1&resize=700%2C400 2x, https:\/\/i0.wp.com\/ismaelcolosi.com.br\/wp-content\/uploads\/2024\/04\/Agrishow-Divulgacao-Agrishow.jpg?fit=1200%2C628&ssl=1&resize=1050%2C600 3x"},"classes":[]}],"jetpack_sharing_enabled":true,"jetpack_shortlink":"https:\/\/wp.me\/pfMlyK-ifl","_links":{"self":[{"href":"https:\/\/ismaelcolosi.com.br\/index.php\/wp-json\/wp\/v2\/posts\/70143","targetHints":{"allow":["GET"]}}],"collection":[{"href":"https:\/\/ismaelcolosi.com.br\/index.php\/wp-json\/wp\/v2\/posts"}],"about":[{"href":"https:\/\/ismaelcolosi.com.br\/index.php\/wp-json\/wp\/v2\/types\/post"}],"author":[{"embeddable":true,"href":"https:\/\/ismaelcolosi.com.br\/index.php\/wp-json\/wp\/v2\/users\/1"}],"replies":[{"embeddable":true,"href":"https:\/\/ismaelcolosi.com.br\/index.php\/wp-json\/wp\/v2\/comments?post=70143"}],"version-history":[{"count":0,"href":"https:\/\/ismaelcolosi.com.br\/index.php\/wp-json\/wp\/v2\/posts\/70143\/revisions"}],"wp:featuredmedia":[{"embeddable":true,"href":"https:\/\/ismaelcolosi.com.br\/index.php\/wp-json\/wp\/v2\/media\/70144"}],"wp:attachment":[{"href":"https:\/\/ismaelcolosi.com.br\/index.php\/wp-json\/wp\/v2\/media?parent=70143"}],"wp:term":[{"taxonomy":"category","embeddable":true,"href":"https:\/\/ismaelcolosi.com.br\/index.php\/wp-json\/wp\/v2\/categories?post=70143"},{"taxonomy":"post_tag","embeddable":true,"href":"https:\/\/ismaelcolosi.com.br\/index.php\/wp-json\/wp\/v2\/tags?post=70143"}],"curies":[{"name":"wp","href":"https:\/\/api.w.org\/{rel}","templated":true}]}}