{"id":70125,"date":"2024-10-09T16:24:48","date_gmt":"2024-10-09T19:24:48","guid":{"rendered":"https:\/\/ismaelcolosi.com.br\/index.php\/2024\/10\/09\/ao-vivo-confira-a-passagem-do-furacao-milton-pela-florida-nos-estados-unidos\/"},"modified":"2024-10-09T16:24:48","modified_gmt":"2024-10-09T19:24:48","slug":"ao-vivo-confira-a-passagem-do-furacao-milton-pela-florida-nos-estados-unidos","status":"publish","type":"post","link":"https:\/\/ismaelcolosi.com.br\/index.php\/2024\/10\/09\/ao-vivo-confira-a-passagem-do-furacao-milton-pela-florida-nos-estados-unidos\/","title":{"rendered":"AO VIVO: Confira a passagem do furac\u00e3o Milton pela Fl\u00f3rida, nos Estados Unidos"},"content":{"rendered":"<p> <br \/>\n<\/p>\n<div data-td-block-uid=\"tdi_106\">\n<div class=\"tdb-block-inner td-fix-index\">\n<figure class=\"wp-block-embed is-type-video is-provider-youtube wp-block-embed-youtube wp-embed-aspect-4-3 wp-has-aspect-ratio\">\n<div class=\"wp-block-embed__wrapper\">\n<p><iframe loading=\"lazy\" title=\"EarthCam Live:  Tracking Hurricane Milton\" width=\"500\" height=\"375\" src=\"https:\/\/www.youtube.com\/embed\/6K7KXT0FP6Q?feature=oembed\" frameborder=\"0\" allow=\"accelerometer; autoplay; clipboard-write; encrypted-media; gyroscope; picture-in-picture; web-share\" referrerpolicy=\"strict-origin-when-cross-origin\" allowfullscreen><\/iframe><\/p>\n<\/div>\n<\/figure>\n<p>Chuvas constantes e ventos atingem a <strong>Ba\u00eda de Tampa<\/strong>, na <strong>Fl\u00f3rida<\/strong>, nos <em>Estados Unidos<\/em>, na manh\u00e3 de quarta-feira (9). Esses s\u00e3o os reflexos do <strong>furac\u00e3o Milton<\/strong> \u2013 a chegada da tempestade pode ser vista ao vivo.<\/p>\n<p>A regi\u00e3o da Ba\u00eda de Tampa \u00e9 o lar de mais de 3,3 milh\u00f5es de pessoas, que n\u00e3o v\u00ea um impacto direto de um grande furac\u00e3o h\u00e1 mais de um s\u00e9culo.<\/p>\n<p>O furac\u00e3o Milton atingiu a categoria 5, a mais alta na escala, e, de acordo com o Centro Nacional de Furac\u00f5es dos Estados Unidos, \u00a0e deve atingir a costa da Fl\u00f3rida entre a na noite desta quarta ou na manh\u00e3 de quinta-feira (10).<\/p>\n<p>De acordo com os meteorologistas, essa classifica\u00e7\u00e3o indica que <mark style=\"background-color:#fcb900\" class=\"has-inline-color has-black-color\">a velocidade dos ventos pode chegar a 285\/km\/h.<\/mark><\/p>\n<h4 class=\"wp-block-heading\"><strong>Parques da Disney fechados<\/strong><\/h4>\n<p>Por conta do furac\u00e3o Milton, <mark style=\"background-color:#fcb900\" class=\"has-inline-color has-black-color\">a Disney anunciou o fechamento dos parques em Orlando a partir desta quarta-feira<\/mark>. Os parques devem seguir fechados at\u00e9 quinta-feira (10) \u2013 veja como est\u00e1 a situa\u00e7\u00e3o na Disney.<\/p>\n<figure class=\"wp-block-embed is-type-video is-provider-youtube wp-block-embed-youtube wp-embed-aspect-16-9 wp-has-aspect-ratio\">\n<div class=\"wp-block-embed__wrapper\">\n<p><iframe loading=\"lazy\" title=\"\ud83d\udd34LIVE: WALT DISNEY WORLD Braces For HURRICANE MILTON! Disney Parks Close Early! #disney #milton #wdw\" width=\"500\" height=\"281\" src=\"https:\/\/www.youtube.com\/embed\/CT_tWsYsy9g?feature=oembed\" frameborder=\"0\" allow=\"accelerometer; autoplay; clipboard-write; encrypted-media; gyroscope; picture-in-picture; web-share\" referrerpolicy=\"strict-origin-when-cross-origin\" allowfullscreen><\/iframe><\/p>\n<\/div>\n<\/figure>\n<h4 class=\"wp-block-heading\"><strong>Preparativos e impactos esperados<\/strong><\/h4>\n<p>Os preparativos para a chegada de Milton inclui a interrup\u00e7\u00e3o de voos no aeroporto internacional de Tampa. Enquanto isso, no M\u00e9xico, autoridades est\u00e3o organizando evacua\u00e7\u00f5es em \u00e1reas costeiras de baixa altitude, como Progreso, onde a popula\u00e7\u00e3o est\u00e1 em risco devido \u00e0 intensidade da tempestade (com informa\u00e7\u00f5es Estad\u00e3o Conte\u00fado e Climatempo).<\/p>\n<p>SAIBA MAIS<br \/>Entenda como nova lei dos combust\u00edveis pode trazer investimentos para regi\u00e3o de Ribeir\u00e3o<\/p>\n<h4 class=\"wp-block-heading\"><strong>FIQUE ON<\/strong><\/h4>\n<p>Fique ligado em tudo que acontece em Ribeir\u00e3o Preto e regi\u00e3o. Siga os perfis do<strong> acidade on<\/strong> no <a href=\"https:\/\/www.instagram.com\/acidadeonribeirao\" target=\"_blank\" rel=\"noreferrer noopener nofollow\">Instagram<\/a> e no <a href=\"https:\/\/www.facebook.com\/acidadeonribeirao\/\" target=\"_blank\" rel=\"noreferrer noopener nofollow\">Facebook<\/a>.<\/p>\n<p>Receba not\u00edcias do<strong> acidade on<\/strong> no WhatsApp. <a href=\"https:\/\/chat.whatsapp.com\/Fg4ok3aAVyB59DP63pRapr\" target=\"_blank\" rel=\"noreferrer noopener nofollow\">Para entrar no grupo, basta clicar aqui.<\/a><\/p>\n<p>Fa\u00e7a uma den\u00fancia ou sugira uma reportagem sobre Ribeir\u00e3o Preto e regi\u00e3o pelo WhatsApp: 16 99117 7802.<\/p>\n<p>VEJA TAMB\u00c9M<br \/>Por onde vai passar o furac\u00e3o Milton? Veja rota<\/p>\n<p><!-- CONTENT END 1 -->\n<\/div>\n<\/div>\n<p><script async src=\"\/\/www.instagram.com\/embed.js\"><\/script><br \/>\n<br \/><br \/>\n<br \/><a href=\"https:\/\/www.acidadeon.com\/ribeiraopreto\/cotidiano\/ao-vivo-confira-a-passagem-do-furacao-milton-pela-florida-nos-estados-unidos\/\">Source link <\/a><\/p>\n","protected":false},"excerpt":{"rendered":"<p>Chuvas constantes e ventos atingem a Ba\u00eda de Tampa, na Fl\u00f3rida, nos Estados Unidos, na manh\u00e3 de quarta-feira (9). Esses s\u00e3o os reflexos do furac\u00e3o&#8230;<\/p>\n","protected":false},"author":1,"featured_media":70126,"comment_status":"open","ping_status":"open","sticky":false,"template":"","format":"standard","meta":{"_uag_custom_page_level_css":"","advanced_seo_description":"","jetpack_seo_html_title":"","jetpack_seo_noindex":false,"jetpack_post_was_ever_published":false,"_jetpack_newsletter_access":"","_jetpack_dont_email_post_to_subs":false,"_jetpack_newsletter_tier_id":0,"_jetpack_memberships_contains_paywalled_content":false,"_jetpack_memberships_contains_paid_content":false,"footnotes":"","jetpack_publicize_message":"","jetpack_publicize_feature_enabled":true,"jetpack_social_post_already_shared":true,"jetpack_social_options":{"image_generator_settings":{"template":"highway","default_image_id":0,"font":"","enabled":false},"version":2}},"categories":[11],"tags":[],"class_list":["post-70125","post","type-post","status-publish","format-standard","has-post-thumbnail","hentry","category-noticias-de-ribeirao-preto-sp-e-regiao-ismael-colosi"],"jetpack_publicize_connections":[],"jetpack_featured_media_url":"https:\/\/i0.wp.com\/ismaelcolosi.com.br\/wp-content\/uploads\/2024\/10\/furacao-milton_2024-10-09_18-43-43_jpg_2024-10-09_18-43-43.webp.webp?fit=1060%2C595&ssl=1","uagb_featured_image_src":{"full":["https:\/\/i0.wp.com\/ismaelcolosi.com.br\/wp-content\/uploads\/2024\/10\/furacao-milton_2024-10-09_18-43-43_jpg_2024-10-09_18-43-43.webp.webp?fit=1060%2C595&ssl=1",1060,595,false],"thumbnail":["https:\/\/i0.wp.com\/ismaelcolosi.com.br\/wp-content\/uploads\/2024\/10\/furacao-milton_2024-10-09_18-43-43_jpg_2024-10-09_18-43-43.webp.webp?resize=150%2C150&ssl=1",150,150,true],"medium":["https:\/\/i0.wp.com\/ismaelcolosi.com.br\/wp-content\/uploads\/2024\/10\/furacao-milton_2024-10-09_18-43-43_jpg_2024-10-09_18-43-43.webp.webp?fit=300%2C168&ssl=1",300,168,true],"medium_large":["https:\/\/i0.wp.com\/ismaelcolosi.com.br\/wp-content\/uploads\/2024\/10\/furacao-milton_2024-10-09_18-43-43_jpg_2024-10-09_18-43-43.webp.webp?fit=768%2C431&ssl=1",768,431,true],"large":["https:\/\/i0.wp.com\/ismaelcolosi.com.br\/wp-content\/uploads\/2024\/10\/furacao-milton_2024-10-09_18-43-43_jpg_2024-10-09_18-43-43.webp.webp?fit=1024%2C575&ssl=1",1024,575,true],"1536x1536":["https:\/\/i0.wp.com\/ismaelcolosi.com.br\/wp-content\/uploads\/2024\/10\/furacao-milton_2024-10-09_18-43-43_jpg_2024-10-09_18-43-43.webp.webp?fit=1060%2C595&ssl=1",1060,595,true],"2048x2048":["https:\/\/i0.wp.com\/ismaelcolosi.com.br\/wp-content\/uploads\/2024\/10\/furacao-milton_2024-10-09_18-43-43_jpg_2024-10-09_18-43-43.webp.webp?fit=1060%2C595&ssl=1",1060,595,true],"really-simple-thumb":["https:\/\/i0.wp.com\/ismaelcolosi.com.br\/wp-content\/uploads\/2024\/10\/furacao-milton_2024-10-09_18-43-43_jpg_2024-10-09_18-43-43.webp.webp?resize=370%2C247&ssl=1",370,247,true]},"uagb_author_info":{"display_name":"ismaelcolosi.com.br","author_link":"https:\/\/ismaelcolosi.com.br\/index.php\/author\/vidareal-online\/"},"uagb_comment_info":0,"uagb_excerpt":"Chuvas constantes e ventos atingem a Ba\u00eda de Tampa, na Fl\u00f3rida, nos Estados Unidos, na manh\u00e3 de quarta-feira (9). Esses s\u00e3o os reflexos do furac\u00e3o...","jetpack-related-posts":[{"id":70155,"url":"https:\/\/ismaelcolosi.com.br\/index.php\/2024\/10\/09\/florida-saiba-tudo-sobre-o-furacao-milton\/","url_meta":{"origin":70125,"position":0},"title":"Fl\u00f3rida: Saiba tudo sobre o furac\u00e3o Milton","author":"ismaelcolosi.com.br","date":"9 de October de 2024","format":false,"excerpt":"O furac\u00e3o Milton, considerado um dos mais intensos dos \u00faltimos 100 anos, chega ao estado da Fl\u00f3rida, nos Estados Unidos, nesta quarta-feira (9). A tempestade chegou a ser classificada como categoria 5, a mais alta da escala, de acordo com o Centro Nacional de Furac\u00f5es dos Estados Unidos. Isso quer\u2026","rel":"","context":"In &quot;Not\u00edcias de Ribeir\u00e3o Preto-SP e Regi\u00e3o&quot;","block_context":{"text":"Not\u00edcias de Ribeir\u00e3o Preto-SP e Regi\u00e3o","link":"https:\/\/ismaelcolosi.com.br\/index.php\/category\/noticias-de-ribeirao-preto-sp-e-regiao-ismael-colosi\/"},"img":{"alt_text":"","src":"https:\/\/i0.wp.com\/ismaelcolosi.com.br\/wp-content\/uploads\/2024\/10\/milton_2024-10-09_21-37-32_jpg_2024-10-09_21-37-32.webp.webp?fit=834%2C583&ssl=1&resize=350%2C200","width":350,"height":200,"srcset":"https:\/\/i0.wp.com\/ismaelcolosi.com.br\/wp-content\/uploads\/2024\/10\/milton_2024-10-09_21-37-32_jpg_2024-10-09_21-37-32.webp.webp?fit=834%2C583&ssl=1&resize=350%2C200 1x, https:\/\/i0.wp.com\/ismaelcolosi.com.br\/wp-content\/uploads\/2024\/10\/milton_2024-10-09_21-37-32_jpg_2024-10-09_21-37-32.webp.webp?fit=834%2C583&ssl=1&resize=525%2C300 1.5x, https:\/\/i0.wp.com\/ismaelcolosi.com.br\/wp-content\/uploads\/2024\/10\/milton_2024-10-09_21-37-32_jpg_2024-10-09_21-37-32.webp.webp?fit=834%2C583&ssl=1&resize=700%2C400 2x"},"classes":[]},{"id":70254,"url":"https:\/\/ismaelcolosi.com.br\/index.php\/2024\/10\/10\/furacao-milton-causa-destruicao-na-florida-ventos-chegam-a-205-km-h\/","url_meta":{"origin":70125,"position":1},"title":"Furac\u00e3o Milton causa destrui\u00e7\u00e3o na Fl\u00f3rida; Ventos chegam a 205 Km\/h","author":"ismaelcolosi.com.br","date":"10 de October de 2024","format":false,"excerpt":"O furac\u00e3o Milton chegou \u00e0 costa da Fl\u00f3rida \u00e0s 20h30 (21h30 no hor\u00e1rio de Bras\u00edlia) desta quarta-feira (9), tocando o solo de Siesta Key, perto da cidade de Sarasota, com categoria 3 e ventos de pico de 205 km\/h. Pelo menos, quatro pessoas perderam a vida durante a tempestade. Algumas\u2026","rel":"","context":"In &quot;Not\u00edcias de Ribeir\u00e3o Preto-SP e Regi\u00e3o&quot;","block_context":{"text":"Not\u00edcias de Ribeir\u00e3o Preto-SP e Regi\u00e3o","link":"https:\/\/ismaelcolosi.com.br\/index.php\/category\/noticias-de-ribeirao-preto-sp-e-regiao-ismael-colosi\/"},"img":{"alt_text":"","src":"https:\/\/i0.wp.com\/ismaelcolosi.com.br\/wp-content\/uploads\/2024\/10\/furacao-milton_2024-10-10_13-48-31_jpg_2024-10-10_13-48-31.webp.webp?fit=1200%2C717&ssl=1&resize=350%2C200","width":350,"height":200,"srcset":"https:\/\/i0.wp.com\/ismaelcolosi.com.br\/wp-content\/uploads\/2024\/10\/furacao-milton_2024-10-10_13-48-31_jpg_2024-10-10_13-48-31.webp.webp?fit=1200%2C717&ssl=1&resize=350%2C200 1x, https:\/\/i0.wp.com\/ismaelcolosi.com.br\/wp-content\/uploads\/2024\/10\/furacao-milton_2024-10-10_13-48-31_jpg_2024-10-10_13-48-31.webp.webp?fit=1200%2C717&ssl=1&resize=525%2C300 1.5x, https:\/\/i0.wp.com\/ismaelcolosi.com.br\/wp-content\/uploads\/2024\/10\/furacao-milton_2024-10-10_13-48-31_jpg_2024-10-10_13-48-31.webp.webp?fit=1200%2C717&ssl=1&resize=700%2C400 2x, https:\/\/i0.wp.com\/ismaelcolosi.com.br\/wp-content\/uploads\/2024\/10\/furacao-milton_2024-10-10_13-48-31_jpg_2024-10-10_13-48-31.webp.webp?fit=1200%2C717&ssl=1&resize=1050%2C600 3x"},"classes":[]},{"id":70271,"url":"https:\/\/ismaelcolosi.com.br\/index.php\/2024\/10\/10\/furacao-milton-causa-destruicao-na-florida-ventos-chegam-a-205-km-h-2\/","url_meta":{"origin":70125,"position":2},"title":"Furac\u00e3o Milton causa destrui\u00e7\u00e3o na Fl\u00f3rida; Ventos chegam a 205 Km\/h","author":"ismaelcolosi.com.br","date":"10 de October de 2024","format":false,"excerpt":"O furac\u00e3o Milton chegou \u00e0 costa da Fl\u00f3rida \u00e0s 20h30 (21h30 no hor\u00e1rio de Bras\u00edlia) desta quarta-feira (9), tocando o solo de Siesta Key, perto da cidade de Sarasota, com categoria 3 e ventos de pico de 205 km\/h. Pelo menos, quatro pessoas perderam a vida durante a tempestade. Algumas\u2026","rel":"","context":"In &quot;Not\u00edcias de Ribeir\u00e3o Preto-SP e Regi\u00e3o&quot;","block_context":{"text":"Not\u00edcias de Ribeir\u00e3o Preto-SP e Regi\u00e3o","link":"https:\/\/ismaelcolosi.com.br\/index.php\/category\/noticias-de-ribeirao-preto-sp-e-regiao-ismael-colosi\/"},"img":{"alt_text":"","src":"https:\/\/i0.wp.com\/ismaelcolosi.com.br\/wp-content\/uploads\/2024\/10\/furacao-milton_2024-10-10_13-48-31_jpg_2024-10-10_13-48-31.webp.webp?fit=1200%2C717&ssl=1&resize=350%2C200","width":350,"height":200,"srcset":"https:\/\/i0.wp.com\/ismaelcolosi.com.br\/wp-content\/uploads\/2024\/10\/furacao-milton_2024-10-10_13-48-31_jpg_2024-10-10_13-48-31.webp.webp?fit=1200%2C717&ssl=1&resize=350%2C200 1x, https:\/\/i0.wp.com\/ismaelcolosi.com.br\/wp-content\/uploads\/2024\/10\/furacao-milton_2024-10-10_13-48-31_jpg_2024-10-10_13-48-31.webp.webp?fit=1200%2C717&ssl=1&resize=525%2C300 1.5x, https:\/\/i0.wp.com\/ismaelcolosi.com.br\/wp-content\/uploads\/2024\/10\/furacao-milton_2024-10-10_13-48-31_jpg_2024-10-10_13-48-31.webp.webp?fit=1200%2C717&ssl=1&resize=700%2C400 2x, https:\/\/i0.wp.com\/ismaelcolosi.com.br\/wp-content\/uploads\/2024\/10\/furacao-milton_2024-10-10_13-48-31_jpg_2024-10-10_13-48-31.webp.webp?fit=1200%2C717&ssl=1&resize=1050%2C600 3x"},"classes":[]},{"id":70134,"url":"https:\/\/ismaelcolosi.com.br\/index.php\/2024\/10\/09\/inmet-publica-aviso-de-tempestade-para-o-interior-de-sp-veja-os-locais-afetados\/","url_meta":{"origin":70125,"position":3},"title":"Inmet publica aviso de tempestade para o interior de SP; Veja os locais afetados","author":"ismaelcolosi.com.br","date":"9 de October de 2024","format":false,"excerpt":"O Inmet (Instituto Nacional de Meteorologia) publicou um aviso de tempestade para o interior de S\u00e3o Paulo entre esta quarta-feira (9) e quinta-feira (10). Segundo o aviso, pode chover o acumulado entre 20 e 30 mil\u00edmetros por hora. Al\u00e9m disso, existe a possibilidade de rajadas de vento entre 40 km\/h\u2026","rel":"","context":"In &quot;Not\u00edcias de Ribeir\u00e3o Preto-SP e Regi\u00e3o&quot;","block_context":{"text":"Not\u00edcias de Ribeir\u00e3o Preto-SP e Regi\u00e3o","link":"https:\/\/ismaelcolosi.com.br\/index.php\/category\/noticias-de-ribeirao-preto-sp-e-regiao-ismael-colosi\/"},"img":{"alt_text":"","src":"https:\/\/i0.wp.com\/ismaelcolosi.com.br\/wp-content\/uploads\/2024\/10\/chuva-3_2024-10-09_20-06-20_jpeg_2024-10-09_20-06-21.webp.webp?fit=1200%2C900&ssl=1&resize=350%2C200","width":350,"height":200,"srcset":"https:\/\/i0.wp.com\/ismaelcolosi.com.br\/wp-content\/uploads\/2024\/10\/chuva-3_2024-10-09_20-06-20_jpeg_2024-10-09_20-06-21.webp.webp?fit=1200%2C900&ssl=1&resize=350%2C200 1x, https:\/\/i0.wp.com\/ismaelcolosi.com.br\/wp-content\/uploads\/2024\/10\/chuva-3_2024-10-09_20-06-20_jpeg_2024-10-09_20-06-21.webp.webp?fit=1200%2C900&ssl=1&resize=525%2C300 1.5x, https:\/\/i0.wp.com\/ismaelcolosi.com.br\/wp-content\/uploads\/2024\/10\/chuva-3_2024-10-09_20-06-20_jpeg_2024-10-09_20-06-21.webp.webp?fit=1200%2C900&ssl=1&resize=700%2C400 2x, https:\/\/i0.wp.com\/ismaelcolosi.com.br\/wp-content\/uploads\/2024\/10\/chuva-3_2024-10-09_20-06-20_jpeg_2024-10-09_20-06-21.webp.webp?fit=1200%2C900&ssl=1&resize=1050%2C600 3x"},"classes":[]},{"id":70165,"url":"https:\/\/ismaelcolosi.com.br\/index.php\/2024\/10\/09\/confira-a-agenda-dos-candidatos-a-prefeitura-de-ribeirao-preto-nesta-quinta-feira-10\/","url_meta":{"origin":70125,"position":4},"title":"Confira a agenda dos candidatos \u00e0 Prefeitura de Ribeir\u00e3o Preto nesta quinta-feira (10)","author":"ismaelcolosi.com.br","date":"9 de October de 2024","format":false,"excerpt":"Os candidatos \u00e0\u00a0Prefeitura de Ribeir\u00e3o Preto\u00a0divulgaram suas agendas de campanha para\u00a0esta quinta-feira (10). O per\u00edodo de propaganda eleitoral, para o segundo turno, come\u00e7ou no dia 7 de outubro, portanto, candidatos podem apresentar \u00e0s eleitoras e aos eleitores suas ideias e propostas. A publicidade das candidaturas pode ser feita na internet,\u2026","rel":"","context":"In &quot;Not\u00edcias de Ribeir\u00e3o Preto-SP e Regi\u00e3o&quot;","block_context":{"text":"Not\u00edcias de Ribeir\u00e3o Preto-SP e Regi\u00e3o","link":"https:\/\/ismaelcolosi.com.br\/index.php\/category\/noticias-de-ribeirao-preto-sp-e-regiao-ismael-colosi\/"},"img":{"alt_text":"","src":"https:\/\/i0.wp.com\/ismaelcolosi.com.br\/wp-content\/uploads\/2024\/10\/Copia-de-Copia-de-Copia-de-TAMANHO-EXATO-PARA-FOTOS-NO-SISTEMA-NOVO-95_2024-10-06_22-19-13_png_2024-10-06_22-19-13.webp.webp?fit=1200%2C675&ssl=1&resize=350%2C200","width":350,"height":200,"srcset":"https:\/\/i0.wp.com\/ismaelcolosi.com.br\/wp-content\/uploads\/2024\/10\/Copia-de-Copia-de-Copia-de-TAMANHO-EXATO-PARA-FOTOS-NO-SISTEMA-NOVO-95_2024-10-06_22-19-13_png_2024-10-06_22-19-13.webp.webp?fit=1200%2C675&ssl=1&resize=350%2C200 1x, https:\/\/i0.wp.com\/ismaelcolosi.com.br\/wp-content\/uploads\/2024\/10\/Copia-de-Copia-de-Copia-de-TAMANHO-EXATO-PARA-FOTOS-NO-SISTEMA-NOVO-95_2024-10-06_22-19-13_png_2024-10-06_22-19-13.webp.webp?fit=1200%2C675&ssl=1&resize=525%2C300 1.5x, https:\/\/i0.wp.com\/ismaelcolosi.com.br\/wp-content\/uploads\/2024\/10\/Copia-de-Copia-de-Copia-de-TAMANHO-EXATO-PARA-FOTOS-NO-SISTEMA-NOVO-95_2024-10-06_22-19-13_png_2024-10-06_22-19-13.webp.webp?fit=1200%2C675&ssl=1&resize=700%2C400 2x, https:\/\/i0.wp.com\/ismaelcolosi.com.br\/wp-content\/uploads\/2024\/10\/Copia-de-Copia-de-Copia-de-TAMANHO-EXATO-PARA-FOTOS-NO-SISTEMA-NOVO-95_2024-10-06_22-19-13_png_2024-10-06_22-19-13.webp.webp?fit=1200%2C675&ssl=1&resize=1050%2C600 3x"},"classes":[]},{"id":70149,"url":"https:\/\/ismaelcolosi.com.br\/index.php\/2024\/10\/09\/saiba-como-fica-a-situacao-do-centro-administrativo-de-ribeirao-apos-assinatura-de-contrato\/","url_meta":{"origin":70125,"position":5},"title":"Saiba como fica a situa\u00e7\u00e3o do Centro Administrativo de Ribeir\u00e3o ap\u00f3s assinatura\u00a0de\u00a0contrato","author":"ismaelcolosi.com.br","date":"9 de October de 2024","format":false,"excerpt":"Nesta ter\u00e7a-feira (8), foi assinado o contrato para constru\u00e7\u00e3o do novo Centro Administrativo de Ribeir\u00e3o Preto. O documento ser\u00e1 publicado no Di\u00e1rio Oficial para que, na sequ\u00eancia, seja emitida a ordem de servi\u00e7o. A previs\u00e3o \u00e9 que esse tr\u00e2mite aconte\u00e7a nos pr\u00f3ximos dias. De acordo com o secret\u00e1rio de Administra\u00e7\u00e3o,\u2026","rel":"","context":"In &quot;Not\u00edcias de Ribeir\u00e3o Preto-SP e Regi\u00e3o&quot;","block_context":{"text":"Not\u00edcias de Ribeir\u00e3o Preto-SP e Regi\u00e3o","link":"https:\/\/ismaelcolosi.com.br\/index.php\/category\/noticias-de-ribeirao-preto-sp-e-regiao-ismael-colosi\/"},"img":{"alt_text":"","src":"https:\/\/i0.wp.com\/ismaelcolosi.com.br\/wp-content\/uploads\/2024\/10\/centro_administrativo_1024x576_20112019183024_2024-10-09_20-45-18_jpg_2024-10-09_20-45-18.webp.webp?fit=1024%2C575&ssl=1&resize=350%2C200","width":350,"height":200,"srcset":"https:\/\/i0.wp.com\/ismaelcolosi.com.br\/wp-content\/uploads\/2024\/10\/centro_administrativo_1024x576_20112019183024_2024-10-09_20-45-18_jpg_2024-10-09_20-45-18.webp.webp?fit=1024%2C575&ssl=1&resize=350%2C200 1x, https:\/\/i0.wp.com\/ismaelcolosi.com.br\/wp-content\/uploads\/2024\/10\/centro_administrativo_1024x576_20112019183024_2024-10-09_20-45-18_jpg_2024-10-09_20-45-18.webp.webp?fit=1024%2C575&ssl=1&resize=525%2C300 1.5x, https:\/\/i0.wp.com\/ismaelcolosi.com.br\/wp-content\/uploads\/2024\/10\/centro_administrativo_1024x576_20112019183024_2024-10-09_20-45-18_jpg_2024-10-09_20-45-18.webp.webp?fit=1024%2C575&ssl=1&resize=700%2C400 2x"},"classes":[]}],"jetpack_sharing_enabled":true,"jetpack_shortlink":"https:\/\/wp.me\/pfMlyK-if3","_links":{"self":[{"href":"https:\/\/ismaelcolosi.com.br\/index.php\/wp-json\/wp\/v2\/posts\/70125","targetHints":{"allow":["GET"]}}],"collection":[{"href":"https:\/\/ismaelcolosi.com.br\/index.php\/wp-json\/wp\/v2\/posts"}],"about":[{"href":"https:\/\/ismaelcolosi.com.br\/index.php\/wp-json\/wp\/v2\/types\/post"}],"author":[{"embeddable":true,"href":"https:\/\/ismaelcolosi.com.br\/index.php\/wp-json\/wp\/v2\/users\/1"}],"replies":[{"embeddable":true,"href":"https:\/\/ismaelcolosi.com.br\/index.php\/wp-json\/wp\/v2\/comments?post=70125"}],"version-history":[{"count":0,"href":"https:\/\/ismaelcolosi.com.br\/index.php\/wp-json\/wp\/v2\/posts\/70125\/revisions"}],"wp:featuredmedia":[{"embeddable":true,"href":"https:\/\/ismaelcolosi.com.br\/index.php\/wp-json\/wp\/v2\/media\/70126"}],"wp:attachment":[{"href":"https:\/\/ismaelcolosi.com.br\/index.php\/wp-json\/wp\/v2\/media?parent=70125"}],"wp:term":[{"taxonomy":"category","embeddable":true,"href":"https:\/\/ismaelcolosi.com.br\/index.php\/wp-json\/wp\/v2\/categories?post=70125"},{"taxonomy":"post_tag","embeddable":true,"href":"https:\/\/ismaelcolosi.com.br\/index.php\/wp-json\/wp\/v2\/tags?post=70125"}],"curies":[{"name":"wp","href":"https:\/\/api.w.org\/{rel}","templated":true}]}}