{"id":70116,"date":"2024-10-09T15:56:56","date_gmt":"2024-10-09T18:56:56","guid":{"rendered":"https:\/\/ismaelcolosi.com.br\/index.php\/2024\/10\/09\/incendio-atinge-mata-as-margens-de-rodovia-em-ribeirao-preto\/"},"modified":"2024-10-09T15:56:56","modified_gmt":"2024-10-09T18:56:56","slug":"incendio-atinge-mata-as-margens-de-rodovia-em-ribeirao-preto","status":"publish","type":"post","link":"https:\/\/ismaelcolosi.com.br\/index.php\/2024\/10\/09\/incendio-atinge-mata-as-margens-de-rodovia-em-ribeirao-preto\/","title":{"rendered":"Inc\u00eandio atinge mata \u00e0s margens de rodovia em Ribeir\u00e3o Preto"},"content":{"rendered":"<p> <br \/>\n<\/p>\n<div data-td-block-uid=\"tdi_106\">\n<div class=\"tdb-block-inner td-fix-index\">\n<p><mark style=\"background-color:#fcb900\" class=\"has-inline-color\">Mais um inc\u00eandio foi registrado<\/mark>, na tarde desta<strong> quarta-feira (9)<\/strong>, na <strong>rodovia Prefeito Antonio Duarte Nogueira, pr\u00f3ximo do km 309, em Ribeir\u00e3o Preto.<\/strong><\/p>\n<p>De acordo com a <strong>Entrevias<\/strong>, <mark style=\"background-color:#fcb900\" class=\"has-inline-color\">equipes da concession\u00e1ria e do Corpo de Bombeiros estiveram no local para controlar as chamas.<\/mark><\/p>\n<p><mark style=\"background-color:#fcb900\" class=\"has-inline-color\">A via n\u00e3o precisou ser interditada<\/mark> e o <strong>tr\u00e2nsito flui normalmente. <\/strong><\/p>\n<p>SAIBA MAIS<br \/>Bandalheira do Bem faz apresenta\u00e7\u00e3o especial para o Dia das Crian\u00e7as em Ribeir\u00e3o Preto<\/p>\n<h4 class=\"wp-block-heading\"><strong>FIQUE ON<\/strong><\/h4>\n<p>Fique ligado em tudo que acontece em Ribeir\u00e3o Preto e regi\u00e3o. Siga os perfis do <strong>acidade on <\/strong>no <a href=\"https:\/\/www.instagram.com\/acidadeonribeirao\" target=\"_blank\" rel=\"noreferrer noopener\">Instagram<\/a> e no <a href=\"https:\/\/www.facebook.com\/acidadeonribeirao\" target=\"_blank\" rel=\"noreferrer noopener\">Facebook<\/a>.<\/p>\n<p>Receba not\u00edcias do<strong> acidade on<\/strong> no WhatsApp. Para entrar no grupo, basta <a href=\"https:\/\/chat.whatsapp.com\/Dtv9mxhy6V5BJBotM2OQ5k\" target=\"_blank\" rel=\"noreferrer noopener\">clicar aqui<\/a>.<\/p>\n<p>Fa\u00e7a uma den\u00fancia ou sugira uma reportagem sobre Ribeir\u00e3o Preto e regi\u00e3o pelo WhatsApp: 16 99117 7802.<\/p>\n<p>VEJA TAMB\u00c9M<br \/>Que horas come\u00e7a o julgamento do Diddy?<\/p>\n<p><!-- CONTENT END 1 -->\n<\/div>\n<\/div>\n<p><script async src=\"\/\/www.instagram.com\/embed.js\"><\/script><br \/>\n<br \/><br \/>\n<br \/><a href=\"https:\/\/www.acidadeon.com\/ribeiraopreto\/cotidiano\/incendio-atinge-mata-as-margens-de-rodovia-em-ribeirao-preto\/\">Source link <\/a><\/p>\n","protected":false},"excerpt":{"rendered":"<p>Mais um inc\u00eandio foi registrado, na tarde desta quarta-feira (9), na rodovia Prefeito Antonio Duarte Nogueira, pr\u00f3ximo do km 309, em Ribeir\u00e3o Preto. De acordo&#8230;<\/p>\n","protected":false},"author":1,"featured_media":70117,"comment_status":"open","ping_status":"open","sticky":false,"template":"","format":"standard","meta":{"_uag_custom_page_level_css":"","advanced_seo_description":"","jetpack_seo_html_title":"","jetpack_seo_noindex":false,"jetpack_post_was_ever_published":false,"_jetpack_newsletter_access":"","_jetpack_dont_email_post_to_subs":false,"_jetpack_newsletter_tier_id":0,"_jetpack_memberships_contains_paywalled_content":false,"_jetpack_memberships_contains_paid_content":false,"footnotes":"","jetpack_publicize_message":"","jetpack_publicize_feature_enabled":true,"jetpack_social_post_already_shared":true,"jetpack_social_options":{"image_generator_settings":{"template":"highway","default_image_id":0,"font":"","enabled":false},"version":2}},"categories":[11],"tags":[],"class_list":["post-70116","post","type-post","status-publish","format-standard","has-post-thumbnail","hentry","category-noticias-de-ribeirao-preto-sp-e-regiao-ismael-colosi"],"jetpack_publicize_connections":[],"jetpack_featured_media_url":"https:\/\/i0.wp.com\/ismaelcolosi.com.br\/wp-content\/uploads\/2024\/10\/Imagem-do-WhatsApp-de-2024-10-09-as-15.35.01_374b48ef_2024-10-09_18-38-32_jpg_2024-10-09_18-38-34-scaled.webp.webp?fit=2560%2C1920&ssl=1","uagb_featured_image_src":{"full":["https:\/\/i0.wp.com\/ismaelcolosi.com.br\/wp-content\/uploads\/2024\/10\/Imagem-do-WhatsApp-de-2024-10-09-as-15.35.01_374b48ef_2024-10-09_18-38-32_jpg_2024-10-09_18-38-34-scaled.webp.webp?fit=2560%2C1920&ssl=1",2560,1920,false],"thumbnail":["https:\/\/i0.wp.com\/ismaelcolosi.com.br\/wp-content\/uploads\/2024\/10\/Imagem-do-WhatsApp-de-2024-10-09-as-15.35.01_374b48ef_2024-10-09_18-38-32_jpg_2024-10-09_18-38-34-scaled.webp.webp?resize=150%2C150&ssl=1",150,150,true],"medium":["https:\/\/i0.wp.com\/ismaelcolosi.com.br\/wp-content\/uploads\/2024\/10\/Imagem-do-WhatsApp-de-2024-10-09-as-15.35.01_374b48ef_2024-10-09_18-38-32_jpg_2024-10-09_18-38-34-scaled.webp.webp?fit=300%2C225&ssl=1",300,225,true],"medium_large":["https:\/\/i0.wp.com\/ismaelcolosi.com.br\/wp-content\/uploads\/2024\/10\/Imagem-do-WhatsApp-de-2024-10-09-as-15.35.01_374b48ef_2024-10-09_18-38-32_jpg_2024-10-09_18-38-34-scaled.webp.webp?fit=768%2C576&ssl=1",768,576,true],"large":["https:\/\/i0.wp.com\/ismaelcolosi.com.br\/wp-content\/uploads\/2024\/10\/Imagem-do-WhatsApp-de-2024-10-09-as-15.35.01_374b48ef_2024-10-09_18-38-32_jpg_2024-10-09_18-38-34-scaled.webp.webp?fit=1024%2C768&ssl=1",1024,768,true],"1536x1536":["https:\/\/i0.wp.com\/ismaelcolosi.com.br\/wp-content\/uploads\/2024\/10\/Imagem-do-WhatsApp-de-2024-10-09-as-15.35.01_374b48ef_2024-10-09_18-38-32_jpg_2024-10-09_18-38-34-scaled.webp.webp?fit=1536%2C1152&ssl=1",1536,1152,true],"2048x2048":["https:\/\/i0.wp.com\/ismaelcolosi.com.br\/wp-content\/uploads\/2024\/10\/Imagem-do-WhatsApp-de-2024-10-09-as-15.35.01_374b48ef_2024-10-09_18-38-32_jpg_2024-10-09_18-38-34-scaled.webp.webp?fit=2048%2C1536&ssl=1",2048,1536,true],"really-simple-thumb":["https:\/\/i0.wp.com\/ismaelcolosi.com.br\/wp-content\/uploads\/2024\/10\/Imagem-do-WhatsApp-de-2024-10-09-as-15.35.01_374b48ef_2024-10-09_18-38-32_jpg_2024-10-09_18-38-34-scaled.webp.webp?resize=370%2C247&ssl=1",370,247,true]},"uagb_author_info":{"display_name":"ismaelcolosi.com.br","author_link":"https:\/\/ismaelcolosi.com.br\/index.php\/author\/vidareal-online\/"},"uagb_comment_info":0,"uagb_excerpt":"Mais um inc\u00eandio foi registrado, na tarde desta quarta-feira (9), na rodovia Prefeito Antonio Duarte Nogueira, pr\u00f3ximo do km 309, em Ribeir\u00e3o Preto. De acordo...","jetpack-related-posts":[{"id":58885,"url":"https:\/\/ismaelcolosi.com.br\/index.php\/2024\/08\/03\/fumaca-de-incendio-invade-rodovia-na-regiao-de-ribeirao-preto-veja-video\/","url_meta":{"origin":70116,"position":0},"title":"Fuma\u00e7a de inc\u00eandio invade rodovia na regi\u00e3o de Ribeir\u00e3o Preto; Veja v\u00eddeo","author":"ismaelcolosi.com.br","date":"3 de August de 2024","format":false,"excerpt":"A fuma\u00e7a de um inc\u00eandio tomou um trecho da rodovia At\u00edlio Balbo (SP-322) na manh\u00e3 deste s\u00e1bado (3), em Sert\u00e3ozinho. Segundo informa\u00e7\u00f5es, um caminh\u00e3o-pipa j\u00e1 atua no combate ao fogo em \u00e1rea de vegeta\u00e7\u00e3o \u00e0s margens da via. N\u00e3o h\u00e1, contudo, informa\u00e7\u00f5es sobre problemas no tr\u00e2nsito devido \u00e0 fuma\u00e7a. As\u2026","rel":"","context":"In &quot;Not\u00edcias de Ribeir\u00e3o Preto-SP e Regi\u00e3o&quot;","block_context":{"text":"Not\u00edcias de Ribeir\u00e3o Preto-SP e Regi\u00e3o","link":"https:\/\/ismaelcolosi.com.br\/index.php\/category\/noticias-de-ribeirao-preto-sp-e-regiao-ismael-colosi\/"},"img":{"alt_text":"","src":"https:\/\/i0.wp.com\/ismaelcolosi.com.br\/wp-content\/uploads\/2024\/08\/WhatsApp-Image-2024-08-03-at-11.04.44_2024-08-03_14-06-11_jpeg_2024-08-03_14-06-11.webp.webp?fit=1200%2C998&ssl=1&resize=350%2C200","width":350,"height":200,"srcset":"https:\/\/i0.wp.com\/ismaelcolosi.com.br\/wp-content\/uploads\/2024\/08\/WhatsApp-Image-2024-08-03-at-11.04.44_2024-08-03_14-06-11_jpeg_2024-08-03_14-06-11.webp.webp?fit=1200%2C998&ssl=1&resize=350%2C200 1x, https:\/\/i0.wp.com\/ismaelcolosi.com.br\/wp-content\/uploads\/2024\/08\/WhatsApp-Image-2024-08-03-at-11.04.44_2024-08-03_14-06-11_jpeg_2024-08-03_14-06-11.webp.webp?fit=1200%2C998&ssl=1&resize=525%2C300 1.5x, https:\/\/i0.wp.com\/ismaelcolosi.com.br\/wp-content\/uploads\/2024\/08\/WhatsApp-Image-2024-08-03-at-11.04.44_2024-08-03_14-06-11_jpeg_2024-08-03_14-06-11.webp.webp?fit=1200%2C998&ssl=1&resize=700%2C400 2x, https:\/\/i0.wp.com\/ismaelcolosi.com.br\/wp-content\/uploads\/2024\/08\/WhatsApp-Image-2024-08-03-at-11.04.44_2024-08-03_14-06-11_jpeg_2024-08-03_14-06-11.webp.webp?fit=1200%2C998&ssl=1&resize=1050%2C600 3x"},"classes":[]},{"id":58106,"url":"https:\/\/ismaelcolosi.com.br\/index.php\/2024\/07\/27\/incendio-e-registrado-as-margens-de-rodovia-na-regiao-de-ribeirao-preto-veja-o-video\/","url_meta":{"origin":70116,"position":1},"title":"Inc\u00eandio \u00e9 registrado \u00e0s margens de rodovia na regi\u00e3o de Ribeir\u00e3o Preto; Veja o v\u00eddeo","author":"ismaelcolosi.com.br","date":"27 de July de 2024","format":false,"excerpt":"Um inc\u00eandio em planta\u00e7\u00e3o \u00e0s margens da rodovia Carlos Tonani (SP-333) em Jaboticabal, na regi\u00e3o de Ribeir\u00e3o Preto, assustou motoristas que passavam pelo local, no in\u00edcio da tarde deste s\u00e1bado (27). Pelas imagens \u00e9 poss\u00edvel ver uma cortina de fuma\u00e7a sobre a vegeta\u00e7\u00e3o e, em outro trecho, o fogo j\u00e1\u2026","rel":"","context":"In &quot;Not\u00edcias de Ribeir\u00e3o Preto-SP e Regi\u00e3o&quot;","block_context":{"text":"Not\u00edcias de Ribeir\u00e3o Preto-SP e Regi\u00e3o","link":"https:\/\/ismaelcolosi.com.br\/index.php\/category\/noticias-de-ribeirao-preto-sp-e-regiao-ismael-colosi\/"},"img":{"alt_text":"","src":"https:\/\/i0.wp.com\/ismaelcolosi.com.br\/wp-content\/uploads\/2024\/07\/Copia-de-Copia-de-TAMANHO-EXATO-PARA-FOTOS-NO-SISTEMA-NOVO-3_2024-07-27_15-51-04_jpg_2024-07-27_15-51-05.webp.webp?fit=1200%2C675&ssl=1&resize=350%2C200","width":350,"height":200,"srcset":"https:\/\/i0.wp.com\/ismaelcolosi.com.br\/wp-content\/uploads\/2024\/07\/Copia-de-Copia-de-TAMANHO-EXATO-PARA-FOTOS-NO-SISTEMA-NOVO-3_2024-07-27_15-51-04_jpg_2024-07-27_15-51-05.webp.webp?fit=1200%2C675&ssl=1&resize=350%2C200 1x, https:\/\/i0.wp.com\/ismaelcolosi.com.br\/wp-content\/uploads\/2024\/07\/Copia-de-Copia-de-TAMANHO-EXATO-PARA-FOTOS-NO-SISTEMA-NOVO-3_2024-07-27_15-51-04_jpg_2024-07-27_15-51-05.webp.webp?fit=1200%2C675&ssl=1&resize=525%2C300 1.5x, https:\/\/i0.wp.com\/ismaelcolosi.com.br\/wp-content\/uploads\/2024\/07\/Copia-de-Copia-de-TAMANHO-EXATO-PARA-FOTOS-NO-SISTEMA-NOVO-3_2024-07-27_15-51-04_jpg_2024-07-27_15-51-05.webp.webp?fit=1200%2C675&ssl=1&resize=700%2C400 2x, https:\/\/i0.wp.com\/ismaelcolosi.com.br\/wp-content\/uploads\/2024\/07\/Copia-de-Copia-de-TAMANHO-EXATO-PARA-FOTOS-NO-SISTEMA-NOVO-3_2024-07-27_15-51-04_jpg_2024-07-27_15-51-05.webp.webp?fit=1200%2C675&ssl=1&resize=1050%2C600 3x"},"classes":[]},{"id":58683,"url":"https:\/\/ismaelcolosi.com.br\/index.php\/2024\/08\/01\/incendio-provoca-engavetamento-em-rodovia-da-regiao-de-ribeirao-preto-veja-o-video\/","url_meta":{"origin":70116,"position":2},"title":"Inc\u00eandio provoca engavetamento em rodovia da regi\u00e3o de Ribeir\u00e3o Preto; Veja o v\u00eddeo","author":"ismaelcolosi.com.br","date":"1 de August de 2024","format":false,"excerpt":"Um inc\u00eandio no in\u00edcio da tarde desta quinta-feira (1), no quil\u00f4metro um da rodovia Maur\u00edlio Biagi (SPA 343\/322) em Pontal, na regi\u00e3o de Ribeir\u00e3o Preto, provocou um acidente envolvendo tr\u00eas carros. Informa\u00e7\u00f5es apuradas no local pela EPTV apontam que n\u00e3o houve v\u00edtimas. Segundo a Entrevias, equipes da concession\u00e1ria, Corpo de\u2026","rel":"","context":"In &quot;Not\u00edcias de Ribeir\u00e3o Preto-SP e Regi\u00e3o&quot;","block_context":{"text":"Not\u00edcias de Ribeir\u00e3o Preto-SP e Regi\u00e3o","link":"https:\/\/ismaelcolosi.com.br\/index.php\/category\/noticias-de-ribeirao-preto-sp-e-regiao-ismael-colosi\/"},"img":{"alt_text":"","src":"https:\/\/i0.wp.com\/ismaelcolosi.com.br\/wp-content\/uploads\/2024\/08\/Copia-de-Copia-de-TAMANHO-EXATO-PARA-FOTOS-NO-SISTEMA-NOVO-21_2024-08-01_18-57-26_jpg_2024-08-01_18-57-26.webp.webp?fit=1200%2C675&ssl=1&resize=350%2C200","width":350,"height":200,"srcset":"https:\/\/i0.wp.com\/ismaelcolosi.com.br\/wp-content\/uploads\/2024\/08\/Copia-de-Copia-de-TAMANHO-EXATO-PARA-FOTOS-NO-SISTEMA-NOVO-21_2024-08-01_18-57-26_jpg_2024-08-01_18-57-26.webp.webp?fit=1200%2C675&ssl=1&resize=350%2C200 1x, https:\/\/i0.wp.com\/ismaelcolosi.com.br\/wp-content\/uploads\/2024\/08\/Copia-de-Copia-de-TAMANHO-EXATO-PARA-FOTOS-NO-SISTEMA-NOVO-21_2024-08-01_18-57-26_jpg_2024-08-01_18-57-26.webp.webp?fit=1200%2C675&ssl=1&resize=525%2C300 1.5x, https:\/\/i0.wp.com\/ismaelcolosi.com.br\/wp-content\/uploads\/2024\/08\/Copia-de-Copia-de-TAMANHO-EXATO-PARA-FOTOS-NO-SISTEMA-NOVO-21_2024-08-01_18-57-26_jpg_2024-08-01_18-57-26.webp.webp?fit=1200%2C675&ssl=1&resize=700%2C400 2x, https:\/\/i0.wp.com\/ismaelcolosi.com.br\/wp-content\/uploads\/2024\/08\/Copia-de-Copia-de-TAMANHO-EXATO-PARA-FOTOS-NO-SISTEMA-NOVO-21_2024-08-01_18-57-26_jpg_2024-08-01_18-57-26.webp.webp?fit=1200%2C675&ssl=1&resize=1050%2C600 3x"},"classes":[]},{"id":61591,"url":"https:\/\/ismaelcolosi.com.br\/index.php\/2024\/08\/22\/incendio-de-grandes-proporcoes-provoca-bloqueio-de-rodovia-na-regiao-de-ribeirao-video\/","url_meta":{"origin":70116,"position":3},"title":"Inc\u00eandio de grandes propor\u00e7\u00f5es provoca bloqueio de rodovia na regi\u00e3o de Ribeir\u00e3o; V\u00eddeo","author":"ismaelcolosi.com.br","date":"22 de August de 2024","format":false,"excerpt":"Um inc\u00eandio de grandes propor\u00e7\u00f5es foi registrado no in\u00edcio da tarde desta quinta-feira (22), \u00e0s margens da rodovia Armando de Salles Oliveira, entre Pitangueiras e Bebedouro, na regi\u00e3o de Ribeir\u00e3o Preto. Segundo o Corpo de Bombeiros, por conta do inc\u00eandio, aconteceu um engavetamento com 7 ve\u00edculos. A rodovia est\u00e1 fechada\u2026","rel":"","context":"In &quot;Not\u00edcias de Ribeir\u00e3o Preto-SP e Regi\u00e3o&quot;","block_context":{"text":"Not\u00edcias de Ribeir\u00e3o Preto-SP e Regi\u00e3o","link":"https:\/\/ismaelcolosi.com.br\/index.php\/category\/noticias-de-ribeirao-preto-sp-e-regiao-ismael-colosi\/"},"img":{"alt_text":"","src":"https:\/\/i0.wp.com\/ismaelcolosi.com.br\/wp-content\/uploads\/2024\/08\/fogo-armando-sales3_2024-08-22_16-22-05_jpg_2024-08-22_16-22-06.webp.webp?fit=1200%2C674&ssl=1&resize=350%2C200","width":350,"height":200,"srcset":"https:\/\/i0.wp.com\/ismaelcolosi.com.br\/wp-content\/uploads\/2024\/08\/fogo-armando-sales3_2024-08-22_16-22-05_jpg_2024-08-22_16-22-06.webp.webp?fit=1200%2C674&ssl=1&resize=350%2C200 1x, https:\/\/i0.wp.com\/ismaelcolosi.com.br\/wp-content\/uploads\/2024\/08\/fogo-armando-sales3_2024-08-22_16-22-05_jpg_2024-08-22_16-22-06.webp.webp?fit=1200%2C674&ssl=1&resize=525%2C300 1.5x, https:\/\/i0.wp.com\/ismaelcolosi.com.br\/wp-content\/uploads\/2024\/08\/fogo-armando-sales3_2024-08-22_16-22-05_jpg_2024-08-22_16-22-06.webp.webp?fit=1200%2C674&ssl=1&resize=700%2C400 2x, https:\/\/i0.wp.com\/ismaelcolosi.com.br\/wp-content\/uploads\/2024\/08\/fogo-armando-sales3_2024-08-22_16-22-05_jpg_2024-08-22_16-22-06.webp.webp?fit=1200%2C674&ssl=1&resize=1050%2C600 3x"},"classes":[]},{"id":61632,"url":"https:\/\/ismaelcolosi.com.br\/index.php\/2024\/08\/22\/video-mostra-engavetamento-causado-por-conta-de-incendio-na-regiao-de-ribeirao-preto\/","url_meta":{"origin":70116,"position":4},"title":"V\u00eddeo mostra engavetamento causado por conta de inc\u00eandio na regi\u00e3o de Ribeir\u00e3o Preto","author":"ismaelcolosi.com.br","date":"22 de August de 2024","format":false,"excerpt":"Um engavetamento foi registrado no in\u00edcio da tarde desta quinta-feira (22), na rodovia Brigadeiro Faria Lima, em Bebedouro, na regi\u00e3o de Ribeir\u00e3o Preto. Por conta do acidente, a rodovia precisou ser interditada. O acidente envolveu oito ve\u00edculos, sendo cinco carros e tr\u00eas caminh\u00f5es. Ainda n\u00e3o se sabe sobre v\u00edtimas e\u2026","rel":"","context":"In &quot;Not\u00edcias de Ribeir\u00e3o Preto-SP e Regi\u00e3o&quot;","block_context":{"text":"Not\u00edcias de Ribeir\u00e3o Preto-SP e Regi\u00e3o","link":"https:\/\/ismaelcolosi.com.br\/index.php\/category\/noticias-de-ribeirao-preto-sp-e-regiao-ismael-colosi\/"},"img":{"alt_text":"","src":"https:\/\/i0.wp.com\/ismaelcolosi.com.br\/wp-content\/uploads\/2024\/08\/engavetamento_2024-08-22_19-31-52_jpg_2024-08-22_19-31-52.webp.webp?fit=1200%2C849&ssl=1&resize=350%2C200","width":350,"height":200,"srcset":"https:\/\/i0.wp.com\/ismaelcolosi.com.br\/wp-content\/uploads\/2024\/08\/engavetamento_2024-08-22_19-31-52_jpg_2024-08-22_19-31-52.webp.webp?fit=1200%2C849&ssl=1&resize=350%2C200 1x, https:\/\/i0.wp.com\/ismaelcolosi.com.br\/wp-content\/uploads\/2024\/08\/engavetamento_2024-08-22_19-31-52_jpg_2024-08-22_19-31-52.webp.webp?fit=1200%2C849&ssl=1&resize=525%2C300 1.5x, https:\/\/i0.wp.com\/ismaelcolosi.com.br\/wp-content\/uploads\/2024\/08\/engavetamento_2024-08-22_19-31-52_jpg_2024-08-22_19-31-52.webp.webp?fit=1200%2C849&ssl=1&resize=700%2C400 2x, https:\/\/i0.wp.com\/ismaelcolosi.com.br\/wp-content\/uploads\/2024\/08\/engavetamento_2024-08-22_19-31-52_jpg_2024-08-22_19-31-52.webp.webp?fit=1200%2C849&ssl=1&resize=1050%2C600 3x"},"classes":[]},{"id":55026,"url":"https:\/\/ismaelcolosi.com.br\/index.php\/2024\/06\/29\/incendio-as-margens-da-rodovia-anhanguera-em-ribeirao-preto-assusta-motoristas-video\/","url_meta":{"origin":70116,"position":5},"title":"Inc\u00eandio \u00e0s margens da rodovia Anhanguera em Ribeir\u00e3o Preto assusta motoristas; V\u00eddeo","author":"ismaelcolosi.com.br","date":"29 de June de 2024","format":false,"excerpt":"Um inc\u00eandio de grande propor\u00e7\u00e3o na rodovia Anhanguera, sentido Ribeir\u00e3o Preto a Orl\u00e2ndia, formou uma cortina de fuma\u00e7a neste s\u00e1bado (29) e assustou motoristas que passavam pelo local. Segundo Joab Nogueira, que registrou o fogo se alastrando em uma planta\u00e7\u00e3o, um caminh\u00e3o-pipa estava no local para controlar as chamas. O\u2026","rel":"","context":"In &quot;Not\u00edcias de Ribeir\u00e3o Preto-SP e Regi\u00e3o&quot;","block_context":{"text":"Not\u00edcias de Ribeir\u00e3o Preto-SP e Regi\u00e3o","link":"https:\/\/ismaelcolosi.com.br\/index.php\/category\/noticias-de-ribeirao-preto-sp-e-regiao-ismael-colosi\/"},"img":{"alt_text":"","src":"https:\/\/i0.wp.com\/ismaelcolosi.com.br\/wp-content\/uploads\/2024\/06\/Copia-de-Copia-de-TAMANHO-EXATO-PARA-FOTOS-NO-SISTEMA-NOVO-28_2024-06-29_19-46-04_jpg_2024-06-29_19-46-04.webp.webp?fit=1200%2C675&ssl=1&resize=350%2C200","width":350,"height":200,"srcset":"https:\/\/i0.wp.com\/ismaelcolosi.com.br\/wp-content\/uploads\/2024\/06\/Copia-de-Copia-de-TAMANHO-EXATO-PARA-FOTOS-NO-SISTEMA-NOVO-28_2024-06-29_19-46-04_jpg_2024-06-29_19-46-04.webp.webp?fit=1200%2C675&ssl=1&resize=350%2C200 1x, https:\/\/i0.wp.com\/ismaelcolosi.com.br\/wp-content\/uploads\/2024\/06\/Copia-de-Copia-de-TAMANHO-EXATO-PARA-FOTOS-NO-SISTEMA-NOVO-28_2024-06-29_19-46-04_jpg_2024-06-29_19-46-04.webp.webp?fit=1200%2C675&ssl=1&resize=525%2C300 1.5x, https:\/\/i0.wp.com\/ismaelcolosi.com.br\/wp-content\/uploads\/2024\/06\/Copia-de-Copia-de-TAMANHO-EXATO-PARA-FOTOS-NO-SISTEMA-NOVO-28_2024-06-29_19-46-04_jpg_2024-06-29_19-46-04.webp.webp?fit=1200%2C675&ssl=1&resize=700%2C400 2x, https:\/\/i0.wp.com\/ismaelcolosi.com.br\/wp-content\/uploads\/2024\/06\/Copia-de-Copia-de-TAMANHO-EXATO-PARA-FOTOS-NO-SISTEMA-NOVO-28_2024-06-29_19-46-04_jpg_2024-06-29_19-46-04.webp.webp?fit=1200%2C675&ssl=1&resize=1050%2C600 3x"},"classes":[]}],"jetpack_sharing_enabled":true,"jetpack_shortlink":"https:\/\/wp.me\/pfMlyK-ieU","_links":{"self":[{"href":"https:\/\/ismaelcolosi.com.br\/index.php\/wp-json\/wp\/v2\/posts\/70116","targetHints":{"allow":["GET"]}}],"collection":[{"href":"https:\/\/ismaelcolosi.com.br\/index.php\/wp-json\/wp\/v2\/posts"}],"about":[{"href":"https:\/\/ismaelcolosi.com.br\/index.php\/wp-json\/wp\/v2\/types\/post"}],"author":[{"embeddable":true,"href":"https:\/\/ismaelcolosi.com.br\/index.php\/wp-json\/wp\/v2\/users\/1"}],"replies":[{"embeddable":true,"href":"https:\/\/ismaelcolosi.com.br\/index.php\/wp-json\/wp\/v2\/comments?post=70116"}],"version-history":[{"count":0,"href":"https:\/\/ismaelcolosi.com.br\/index.php\/wp-json\/wp\/v2\/posts\/70116\/revisions"}],"wp:featuredmedia":[{"embeddable":true,"href":"https:\/\/ismaelcolosi.com.br\/index.php\/wp-json\/wp\/v2\/media\/70117"}],"wp:attachment":[{"href":"https:\/\/ismaelcolosi.com.br\/index.php\/wp-json\/wp\/v2\/media?parent=70116"}],"wp:term":[{"taxonomy":"category","embeddable":true,"href":"https:\/\/ismaelcolosi.com.br\/index.php\/wp-json\/wp\/v2\/categories?post=70116"},{"taxonomy":"post_tag","embeddable":true,"href":"https:\/\/ismaelcolosi.com.br\/index.php\/wp-json\/wp\/v2\/tags?post=70116"}],"curies":[{"name":"wp","href":"https:\/\/api.w.org\/{rel}","templated":true}]}}