{"id":70097,"date":"2024-10-09T14:48:21","date_gmt":"2024-10-09T17:48:21","guid":{"rendered":"https:\/\/ismaelcolosi.com.br\/index.php\/2024\/10\/09\/comeca-hoje-a-venda-de-ingressos-para-pre-carnaval-da-anitta-em-ribeirao-preto\/"},"modified":"2024-10-09T14:48:21","modified_gmt":"2024-10-09T17:48:21","slug":"comeca-hoje-a-venda-de-ingressos-para-pre-carnaval-da-anitta-em-ribeirao-preto","status":"publish","type":"post","link":"https:\/\/ismaelcolosi.com.br\/index.php\/2024\/10\/09\/comeca-hoje-a-venda-de-ingressos-para-pre-carnaval-da-anitta-em-ribeirao-preto\/","title":{"rendered":"Come\u00e7a hoje a venda de ingressos para pr\u00e9-carnaval da Anitta em Ribeir\u00e3o Preto"},"content":{"rendered":"<p> <br \/>\n<\/p>\n<div data-td-block-uid=\"tdi_106\">\n<div class=\"tdb-block-inner td-fix-index\">\n<p>As vendas de ingressos para o<strong> projeto de pr\u00e9-carnaval Ensaios da Anitta<\/strong>, em <strong>Ribeir\u00e3o Preto,<\/strong> come\u00e7a nesta <strong>quarta-feira (9)<\/strong>, \u00e0s <strong>18h<\/strong>. O evento ser\u00e1 realizado no est\u00e1dio Palma Travassos, no dia <strong>26 de janeiro de 2025<\/strong>.<\/p>\n<p>A turn\u00ea leva o tema \u201c<strong>Maratona de Joga\u00e7\u00e3o<\/strong>\u201d, inspirado nos <strong>Jogos Ol\u00edmpicos<\/strong>. Os figurinos contam com referencias de diferentes modalidades esportivas. Depois de <strong>Ribeir\u00e3o<\/strong> <strong>Preto<\/strong>, a cantora passar\u00e1 por <strong>Belo Horizonte, Campinas, Rio de Janeiro, Curitiba, Florian\u00f3polis e S\u00e3o Paulo<\/strong>.<\/p>\n<h4 class=\"wp-block-heading\"><strong>Como comprar?<\/strong><\/h4>\n<p>As vendas para <strong>Ensaios da Anitta<\/strong> ser\u00e3o realizadas pela internet, atrav\u00e9s da plataforma <strong>Ingresse (<a href=\"https:\/\/ensaios-anitta.ingresse.com\/#\" target=\"_blank\" rel=\"noreferrer noopener\">clique aqui<\/a>)<\/strong>. Os valores dos ingressos variam entre <strong>R$ 140 <\/strong>e<strong> R$ 720<\/strong>.<\/p>\n<p>Para comprar, basta acessar o<strong> site<\/strong>, <strong>criar um cadastro <\/strong>e escolher o setor de sua prefer\u00eancia. As apresenta\u00e7\u00f5es contam com se\u00e7\u00e3o <strong>open bar<\/strong>.<\/p>\n<p>SAIBA MAIS<br \/>Bandalheira do Bem faz apresenta\u00e7\u00e3o especial para o Dia das Crian\u00e7as em Ribeir\u00e3o Preto<\/p>\n<h4 class=\"wp-block-heading\"><strong>FIQUE ON<\/strong><\/h4>\n<p>Fique ligado em tudo que acontece em Ribeir\u00e3o Preto e regi\u00e3o. Siga os perfis do <strong>acidade on <\/strong>no <a href=\"https:\/\/www.instagram.com\/acidadeonribeirao\" target=\"_blank\" rel=\"noreferrer noopener\">Instagram<\/a> e no <a href=\"https:\/\/www.facebook.com\/acidadeonribeirao\" target=\"_blank\" rel=\"noreferrer noopener\">Facebook<\/a>.<\/p>\n<p>Receba not\u00edcias do<strong> acidade on<\/strong> no WhatsApp. Para entrar no grupo, basta <a href=\"https:\/\/chat.whatsapp.com\/Dtv9mxhy6V5BJBotM2OQ5k\" target=\"_blank\" rel=\"noreferrer noopener\">clicar aqui<\/a>.<\/p>\n<p>Fa\u00e7a uma den\u00fancia ou sugira uma reportagem sobre Ribeir\u00e3o Preto e regi\u00e3o pelo WhatsApp: 16 99117 7802.<\/p>\n<p>VEJA TAMB\u00c9M<br \/>Que horas come\u00e7a o julgamento do Diddy?<\/p>\n<p><!-- CONTENT END 1 -->\n<\/div>\n<\/div>\n<p><script async src=\"\/\/www.instagram.com\/embed.js\"><\/script><br \/>\n<br \/><br \/>\n<br \/><a href=\"https:\/\/www.acidadeon.com\/ribeiraopreto\/lazer-e-cultura\/comeca-hoje-a-venda-de-ingressos-para-pre-carnaval-da-anitta-em-ribeirao-preto\/\">Source link <\/a><\/p>\n","protected":false},"excerpt":{"rendered":"<p>As vendas de ingressos para o projeto de pr\u00e9-carnaval Ensaios da Anitta, em Ribeir\u00e3o Preto, come\u00e7a nesta quarta-feira (9), \u00e0s 18h. O evento ser\u00e1 realizado&#8230;<\/p>\n","protected":false},"author":1,"featured_media":70098,"comment_status":"open","ping_status":"open","sticky":false,"template":"","format":"standard","meta":{"_uag_custom_page_level_css":"","advanced_seo_description":"","jetpack_seo_html_title":"","jetpack_seo_noindex":false,"jetpack_post_was_ever_published":false,"_jetpack_newsletter_access":"","_jetpack_dont_email_post_to_subs":false,"_jetpack_newsletter_tier_id":0,"_jetpack_memberships_contains_paywalled_content":false,"_jetpack_memberships_contains_paid_content":false,"footnotes":"","jetpack_publicize_message":"","jetpack_publicize_feature_enabled":true,"jetpack_social_post_already_shared":true,"jetpack_social_options":{"image_generator_settings":{"template":"highway","default_image_id":0,"font":"","enabled":false},"version":2}},"categories":[11],"tags":[],"class_list":["post-70097","post","type-post","status-publish","format-standard","has-post-thumbnail","hentry","category-noticias-de-ribeirao-preto-sp-e-regiao-ismael-colosi"],"jetpack_publicize_connections":[],"jetpack_featured_media_url":"https:\/\/i0.wp.com\/ismaelcolosi.com.br\/wp-content\/uploads\/2024\/10\/ensaios-da-anitta-2025-vendas-ingressos_2024-10-09_16-32-08.webp.webp?fit=1200%2C902&ssl=1","uagb_featured_image_src":{"full":["https:\/\/i0.wp.com\/ismaelcolosi.com.br\/wp-content\/uploads\/2024\/10\/ensaios-da-anitta-2025-vendas-ingressos_2024-10-09_16-32-08.webp.webp?fit=1200%2C902&ssl=1",1200,902,false],"thumbnail":["https:\/\/i0.wp.com\/ismaelcolosi.com.br\/wp-content\/uploads\/2024\/10\/ensaios-da-anitta-2025-vendas-ingressos_2024-10-09_16-32-08.webp.webp?resize=150%2C150&ssl=1",150,150,true],"medium":["https:\/\/i0.wp.com\/ismaelcolosi.com.br\/wp-content\/uploads\/2024\/10\/ensaios-da-anitta-2025-vendas-ingressos_2024-10-09_16-32-08.webp.webp?fit=300%2C226&ssl=1",300,226,true],"medium_large":["https:\/\/i0.wp.com\/ismaelcolosi.com.br\/wp-content\/uploads\/2024\/10\/ensaios-da-anitta-2025-vendas-ingressos_2024-10-09_16-32-08.webp.webp?fit=768%2C577&ssl=1",768,577,true],"large":["https:\/\/i0.wp.com\/ismaelcolosi.com.br\/wp-content\/uploads\/2024\/10\/ensaios-da-anitta-2025-vendas-ingressos_2024-10-09_16-32-08.webp.webp?fit=1024%2C770&ssl=1",1024,770,true],"1536x1536":["https:\/\/i0.wp.com\/ismaelcolosi.com.br\/wp-content\/uploads\/2024\/10\/ensaios-da-anitta-2025-vendas-ingressos_2024-10-09_16-32-08.webp.webp?fit=1200%2C902&ssl=1",1200,902,true],"2048x2048":["https:\/\/i0.wp.com\/ismaelcolosi.com.br\/wp-content\/uploads\/2024\/10\/ensaios-da-anitta-2025-vendas-ingressos_2024-10-09_16-32-08.webp.webp?fit=1200%2C902&ssl=1",1200,902,true],"really-simple-thumb":["https:\/\/i0.wp.com\/ismaelcolosi.com.br\/wp-content\/uploads\/2024\/10\/ensaios-da-anitta-2025-vendas-ingressos_2024-10-09_16-32-08.webp.webp?resize=370%2C247&ssl=1",370,247,true]},"uagb_author_info":{"display_name":"ismaelcolosi.com.br","author_link":"https:\/\/ismaelcolosi.com.br\/index.php\/author\/vidareal-online\/"},"uagb_comment_info":0,"uagb_excerpt":"As vendas de ingressos para o projeto de pr\u00e9-carnaval Ensaios da Anitta, em Ribeir\u00e3o Preto, come\u00e7a nesta quarta-feira (9), \u00e0s 18h. O evento ser\u00e1 realizado...","jetpack-related-posts":[{"id":69099,"url":"https:\/\/ismaelcolosi.com.br\/index.php\/2024\/10\/03\/anitta-confirma-pre-carnaval-em-ribeirao-preto\/","url_meta":{"origin":70097,"position":0},"title":"Anitta confirma pr\u00e9-carnaval em Ribeir\u00e3o Preto","author":"ismaelcolosi.com.br","date":"3 de October de 2024","format":false,"excerpt":"Anitta\u00a0anunciou, nesta quinta-feira (3), as datas do projeto\u00a0Ensaios da Anitta\u00a0para 2025. Em Ribeir\u00e3o Preto, o evento acontecer\u00e1 no dia 26 de janeiro de 2025. O local ainda n\u00e3o foi divulgado, mas as vendas dos ingressos come\u00e7am no dia 9 de outubro. Para o pr\u00f3ximo ano, a cantora elegeu o tema\u2026","rel":"","context":"In &quot;Not\u00edcias de Ribeir\u00e3o Preto-SP e Regi\u00e3o&quot;","block_context":{"text":"Not\u00edcias de Ribeir\u00e3o Preto-SP e Regi\u00e3o","link":"https:\/\/ismaelcolosi.com.br\/index.php\/category\/noticias-de-ribeirao-preto-sp-e-regiao-ismael-colosi\/"},"img":{"alt_text":"","src":"https:\/\/i0.wp.com\/ismaelcolosi.com.br\/wp-content\/uploads\/2024\/10\/Copia-de-Copia-de-Copia-de-TAMANHO-EXATO-PARA-FOTOS-NO-SISTEMA-NOVO-57_2024-10-03_15-56-49_png_2024-10-03_15-56-49.webp.webp?fit=1200%2C675&ssl=1&resize=350%2C200","width":350,"height":200,"srcset":"https:\/\/i0.wp.com\/ismaelcolosi.com.br\/wp-content\/uploads\/2024\/10\/Copia-de-Copia-de-Copia-de-TAMANHO-EXATO-PARA-FOTOS-NO-SISTEMA-NOVO-57_2024-10-03_15-56-49_png_2024-10-03_15-56-49.webp.webp?fit=1200%2C675&ssl=1&resize=350%2C200 1x, https:\/\/i0.wp.com\/ismaelcolosi.com.br\/wp-content\/uploads\/2024\/10\/Copia-de-Copia-de-Copia-de-TAMANHO-EXATO-PARA-FOTOS-NO-SISTEMA-NOVO-57_2024-10-03_15-56-49_png_2024-10-03_15-56-49.webp.webp?fit=1200%2C675&ssl=1&resize=525%2C300 1.5x, https:\/\/i0.wp.com\/ismaelcolosi.com.br\/wp-content\/uploads\/2024\/10\/Copia-de-Copia-de-Copia-de-TAMANHO-EXATO-PARA-FOTOS-NO-SISTEMA-NOVO-57_2024-10-03_15-56-49_png_2024-10-03_15-56-49.webp.webp?fit=1200%2C675&ssl=1&resize=700%2C400 2x, https:\/\/i0.wp.com\/ismaelcolosi.com.br\/wp-content\/uploads\/2024\/10\/Copia-de-Copia-de-Copia-de-TAMANHO-EXATO-PARA-FOTOS-NO-SISTEMA-NOVO-57_2024-10-03_15-56-49_png_2024-10-03_15-56-49.webp.webp?fit=1200%2C675&ssl=1&resize=1050%2C600 3x"},"classes":[]},{"id":36978,"url":"https:\/\/ismaelcolosi.com.br\/index.php\/2024\/02\/13\/ultimo-dia-de-carnaval-tem-anitta-na-regiao-de-ribeirao-ainda-ha-ingressos\/","url_meta":{"origin":70097,"position":1},"title":"\u00daltimo dia de Carnaval tem Anitta na regi\u00e3o de Ribeir\u00e3o; Ainda h\u00e1 ingressos","author":"ismaelcolosi.com.br","date":"13 de February de 2024","format":false,"excerpt":"A cantora Anitta encerra o Carnaval em Barretos, cidade na regi\u00e3o de Ribeir\u00e3o Preto, nesta ter\u00e7a-feira (13). Os ingressos para o show ainda est\u00e3o dispon\u00edveis e podem ser adquiridos de forma on-line (clique aqui). A apresenta\u00e7\u00e3o faz parte da 4\u00aa edi\u00e7\u00e3o do \u201cBloquim\u201d, bloco universit\u00e1rio que re\u00fane milhares de jovens\u2026","rel":"","context":"In &quot;Not\u00edcias de Ribeir\u00e3o Preto-SP e Regi\u00e3o&quot;","block_context":{"text":"Not\u00edcias de Ribeir\u00e3o Preto-SP e Regi\u00e3o","link":"https:\/\/ismaelcolosi.com.br\/index.php\/category\/noticias-de-ribeirao-preto-sp-e-regiao-ismael-colosi\/"},"img":{"alt_text":"","src":"https:\/\/i0.wp.com\/ismaelcolosi.com.br\/wp-content\/uploads\/2024\/02\/1707842900_WhatsApp-Image-2024-02-07-at-10.55.25.jpeg?fit=1080%2C670&ssl=1&resize=350%2C200","width":350,"height":200,"srcset":"https:\/\/i0.wp.com\/ismaelcolosi.com.br\/wp-content\/uploads\/2024\/02\/1707842900_WhatsApp-Image-2024-02-07-at-10.55.25.jpeg?fit=1080%2C670&ssl=1&resize=350%2C200 1x, https:\/\/i0.wp.com\/ismaelcolosi.com.br\/wp-content\/uploads\/2024\/02\/1707842900_WhatsApp-Image-2024-02-07-at-10.55.25.jpeg?fit=1080%2C670&ssl=1&resize=525%2C300 1.5x, https:\/\/i0.wp.com\/ismaelcolosi.com.br\/wp-content\/uploads\/2024\/02\/1707842900_WhatsApp-Image-2024-02-07-at-10.55.25.jpeg?fit=1080%2C670&ssl=1&resize=700%2C400 2x, https:\/\/i0.wp.com\/ismaelcolosi.com.br\/wp-content\/uploads\/2024\/02\/1707842900_WhatsApp-Image-2024-02-07-at-10.55.25.jpeg?fit=1080%2C670&ssl=1&resize=1050%2C600 3x"},"classes":[]},{"id":35749,"url":"https:\/\/ismaelcolosi.com.br\/index.php\/2024\/02\/07\/anitta-e-atracao-em-bloco-de-carnaval-na-regiao-de-ribeirao-preto\/","url_meta":{"origin":70097,"position":2},"title":"Anitta \u00e9 atra\u00e7\u00e3o em bloco de Carnaval na regi\u00e3o de Ribeir\u00e3o Preto","author":"ismaelcolosi.com.br","date":"7 de February de 2024","format":false,"excerpt":"Anitta \u00e9 atra\u00e7\u00e3o da 4\u00aa edi\u00e7\u00e3o do Bloquim no Parque do Pe\u00e3o em Barretos, regi\u00e3o de Ribeir\u00e3o Preto. O bloco come\u00e7a nesta sexta-feira (9) e segue at\u00e9 ter\u00e7a-feira (13), os hor\u00e1rios variam conforme o dia. Os ingressos custam entre R$ 190 e R$ 900. O Bloquim conta com 46 horas\u2026","rel":"","context":"In &quot;Not\u00edcias de Ribeir\u00e3o Preto-SP e Regi\u00e3o&quot;","block_context":{"text":"Not\u00edcias de Ribeir\u00e3o Preto-SP e Regi\u00e3o","link":"https:\/\/ismaelcolosi.com.br\/index.php\/category\/noticias-de-ribeirao-preto-sp-e-regiao-ismael-colosi\/"},"img":{"alt_text":"","src":"https:\/\/i0.wp.com\/ismaelcolosi.com.br\/wp-content\/uploads\/2024\/02\/WhatsApp-Image-2024-02-07-at-10.55.25.jpeg?fit=1080%2C670&ssl=1&resize=350%2C200","width":350,"height":200,"srcset":"https:\/\/i0.wp.com\/ismaelcolosi.com.br\/wp-content\/uploads\/2024\/02\/WhatsApp-Image-2024-02-07-at-10.55.25.jpeg?fit=1080%2C670&ssl=1&resize=350%2C200 1x, https:\/\/i0.wp.com\/ismaelcolosi.com.br\/wp-content\/uploads\/2024\/02\/WhatsApp-Image-2024-02-07-at-10.55.25.jpeg?fit=1080%2C670&ssl=1&resize=525%2C300 1.5x, https:\/\/i0.wp.com\/ismaelcolosi.com.br\/wp-content\/uploads\/2024\/02\/WhatsApp-Image-2024-02-07-at-10.55.25.jpeg?fit=1080%2C670&ssl=1&resize=700%2C400 2x, https:\/\/i0.wp.com\/ismaelcolosi.com.br\/wp-content\/uploads\/2024\/02\/WhatsApp-Image-2024-02-07-at-10.55.25.jpeg?fit=1080%2C670&ssl=1&resize=1050%2C600 3x"},"classes":[]},{"id":36594,"url":"https:\/\/ismaelcolosi.com.br\/index.php\/2024\/02\/10\/anitta-se-apresenta-na-proxima-terca-em-carnaval-na-regiao-de-ribeirao\/","url_meta":{"origin":70097,"position":3},"title":"Anitta se apresenta na pr\u00f3xima ter\u00e7a em Carnaval na regi\u00e3o de Ribeir\u00e3o","author":"ismaelcolosi.com.br","date":"10 de February de 2024","format":false,"excerpt":"Nesta ter\u00e7a-feira (13), a cantora Anitta se apresenta na 4\u00aa edi\u00e7\u00e3o do \u201cBloquim\u201d, bloco universit\u00e1rio que re\u00fane milhares de jovens no Parque do Pe\u00e3o em Barretos, cidade a aproximadamente 130 quil\u00f4metros de Ribeir\u00e3o Preto. A organiza\u00e7\u00e3o divulgou que a apresenta\u00e7\u00e3o ser\u00e1 \u00e0s 22h. O evento conta com 46 horas de\u2026","rel":"","context":"In &quot;Not\u00edcias de Ribeir\u00e3o Preto-SP e Regi\u00e3o&quot;","block_context":{"text":"Not\u00edcias de Ribeir\u00e3o Preto-SP e Regi\u00e3o","link":"https:\/\/ismaelcolosi.com.br\/index.php\/category\/noticias-de-ribeirao-preto-sp-e-regiao-ismael-colosi\/"},"img":{"alt_text":"","src":"https:\/\/i0.wp.com\/ismaelcolosi.com.br\/wp-content\/uploads\/2024\/02\/Design-sem-nome-2.jpg?fit=960%2C693&ssl=1&resize=350%2C200","width":350,"height":200,"srcset":"https:\/\/i0.wp.com\/ismaelcolosi.com.br\/wp-content\/uploads\/2024\/02\/Design-sem-nome-2.jpg?fit=960%2C693&ssl=1&resize=350%2C200 1x, https:\/\/i0.wp.com\/ismaelcolosi.com.br\/wp-content\/uploads\/2024\/02\/Design-sem-nome-2.jpg?fit=960%2C693&ssl=1&resize=525%2C300 1.5x, https:\/\/i0.wp.com\/ismaelcolosi.com.br\/wp-content\/uploads\/2024\/02\/Design-sem-nome-2.jpg?fit=960%2C693&ssl=1&resize=700%2C400 2x"},"classes":[]},{"id":36072,"url":"https:\/\/ismaelcolosi.com.br\/index.php\/2024\/02\/08\/confira-o-mapa-dos-blocos-de-carnaval-em-ribeirao-preto\/","url_meta":{"origin":70097,"position":4},"title":"Confira o mapa dos blocos de Carnaval em Ribeir\u00e3o Preto","author":"ismaelcolosi.com.br","date":"8 de February de 2024","format":false,"excerpt":"Aten\u00e7\u00e3o foli\u00f5es! O Carnaval em Ribeir\u00e3o Preto come\u00e7a nesta quinta-feira (8) e h\u00e1 op\u00e7\u00f5es para todo mundo se divertir e festejar durante os pr\u00f3ximos dias. Para te ajudar a n\u00e3o perder nenhum dos blocos de Carnaval que v\u00e3o sair \u00e0s ruas da cidade, o portal acidade on preparou um mapa\u2026","rel":"","context":"In &quot;Not\u00edcias de Ribeir\u00e3o Preto-SP e Regi\u00e3o&quot;","block_context":{"text":"Not\u00edcias de Ribeir\u00e3o Preto-SP e Regi\u00e3o","link":"https:\/\/ismaelcolosi.com.br\/index.php\/category\/noticias-de-ribeirao-preto-sp-e-regiao-ismael-colosi\/"},"img":{"alt_text":"","src":"https:\/\/i0.wp.com\/ismaelcolosi.com.br\/wp-content\/uploads\/2024\/02\/img_0662-scaled.jpg?fit=1200%2C800&ssl=1&resize=350%2C200","width":350,"height":200,"srcset":"https:\/\/i0.wp.com\/ismaelcolosi.com.br\/wp-content\/uploads\/2024\/02\/img_0662-scaled.jpg?fit=1200%2C800&ssl=1&resize=350%2C200 1x, https:\/\/i0.wp.com\/ismaelcolosi.com.br\/wp-content\/uploads\/2024\/02\/img_0662-scaled.jpg?fit=1200%2C800&ssl=1&resize=525%2C300 1.5x, https:\/\/i0.wp.com\/ismaelcolosi.com.br\/wp-content\/uploads\/2024\/02\/img_0662-scaled.jpg?fit=1200%2C800&ssl=1&resize=700%2C400 2x, https:\/\/i0.wp.com\/ismaelcolosi.com.br\/wp-content\/uploads\/2024\/02\/img_0662-scaled.jpg?fit=1200%2C800&ssl=1&resize=1050%2C600 3x"},"classes":[]},{"id":48742,"url":"https:\/\/ismaelcolosi.com.br\/index.php\/2024\/05\/06\/comeca-venda-de-ingressos-para-carnaval-fora-de-epoca-em-ribeirao-preto\/","url_meta":{"origin":70097,"position":5},"title":"Come\u00e7a venda de ingressos para carnaval fora de \u00e9poca em Ribeir\u00e3o Preto","author":"ismaelcolosi.com.br","date":"6 de May de 2024","format":false,"excerpt":"O RP Folia, que traz para Ribeir\u00e3o Preto os shows de Bell Marques e Jammil, inicia a venda de ingressos nesta segunda-feira (6), \u00e0s 12h. O evento est\u00e1 marcado para o dia 14 de setembro. As vendas s\u00e3o realizadas pela internet, no site da Blue Ticket (clique aqui), com ingressos\u2026","rel":"","context":"In &quot;Not\u00edcias de Ribeir\u00e3o Preto-SP e Regi\u00e3o&quot;","block_context":{"text":"Not\u00edcias de Ribeir\u00e3o Preto-SP e Regi\u00e3o","link":"https:\/\/ismaelcolosi.com.br\/index.php\/category\/noticias-de-ribeirao-preto-sp-e-regiao-ismael-colosi\/"},"img":{"alt_text":"","src":"https:\/\/i0.wp.com\/ismaelcolosi.com.br\/wp-content\/uploads\/2024\/05\/WhatsApp-Image-2024-05-06-at-10.41.53_2024-05-06_13-58-53_jpeg_2024-05-06_13-58-54.webp.webp?fit=1200%2C800&ssl=1&resize=350%2C200","width":350,"height":200,"srcset":"https:\/\/i0.wp.com\/ismaelcolosi.com.br\/wp-content\/uploads\/2024\/05\/WhatsApp-Image-2024-05-06-at-10.41.53_2024-05-06_13-58-53_jpeg_2024-05-06_13-58-54.webp.webp?fit=1200%2C800&ssl=1&resize=350%2C200 1x, https:\/\/i0.wp.com\/ismaelcolosi.com.br\/wp-content\/uploads\/2024\/05\/WhatsApp-Image-2024-05-06-at-10.41.53_2024-05-06_13-58-53_jpeg_2024-05-06_13-58-54.webp.webp?fit=1200%2C800&ssl=1&resize=525%2C300 1.5x, https:\/\/i0.wp.com\/ismaelcolosi.com.br\/wp-content\/uploads\/2024\/05\/WhatsApp-Image-2024-05-06-at-10.41.53_2024-05-06_13-58-53_jpeg_2024-05-06_13-58-54.webp.webp?fit=1200%2C800&ssl=1&resize=700%2C400 2x, https:\/\/i0.wp.com\/ismaelcolosi.com.br\/wp-content\/uploads\/2024\/05\/WhatsApp-Image-2024-05-06-at-10.41.53_2024-05-06_13-58-53_jpeg_2024-05-06_13-58-54.webp.webp?fit=1200%2C800&ssl=1&resize=1050%2C600 3x"},"classes":[]}],"jetpack_sharing_enabled":true,"jetpack_shortlink":"https:\/\/wp.me\/pfMlyK-ieB","_links":{"self":[{"href":"https:\/\/ismaelcolosi.com.br\/index.php\/wp-json\/wp\/v2\/posts\/70097","targetHints":{"allow":["GET"]}}],"collection":[{"href":"https:\/\/ismaelcolosi.com.br\/index.php\/wp-json\/wp\/v2\/posts"}],"about":[{"href":"https:\/\/ismaelcolosi.com.br\/index.php\/wp-json\/wp\/v2\/types\/post"}],"author":[{"embeddable":true,"href":"https:\/\/ismaelcolosi.com.br\/index.php\/wp-json\/wp\/v2\/users\/1"}],"replies":[{"embeddable":true,"href":"https:\/\/ismaelcolosi.com.br\/index.php\/wp-json\/wp\/v2\/comments?post=70097"}],"version-history":[{"count":0,"href":"https:\/\/ismaelcolosi.com.br\/index.php\/wp-json\/wp\/v2\/posts\/70097\/revisions"}],"wp:featuredmedia":[{"embeddable":true,"href":"https:\/\/ismaelcolosi.com.br\/index.php\/wp-json\/wp\/v2\/media\/70098"}],"wp:attachment":[{"href":"https:\/\/ismaelcolosi.com.br\/index.php\/wp-json\/wp\/v2\/media?parent=70097"}],"wp:term":[{"taxonomy":"category","embeddable":true,"href":"https:\/\/ismaelcolosi.com.br\/index.php\/wp-json\/wp\/v2\/categories?post=70097"},{"taxonomy":"post_tag","embeddable":true,"href":"https:\/\/ismaelcolosi.com.br\/index.php\/wp-json\/wp\/v2\/tags?post=70097"}],"curies":[{"name":"wp","href":"https:\/\/api.w.org\/{rel}","templated":true}]}}