{"id":70078,"date":"2024-10-09T13:24:02","date_gmt":"2024-10-09T16:24:02","guid":{"rendered":"https:\/\/ismaelcolosi.com.br\/index.php\/2024\/10\/09\/entenda-como-nova-lei-dos-combustiveis-pode-trazer-investimentos-para-regiao-de-ribeirao\/"},"modified":"2024-10-09T13:24:02","modified_gmt":"2024-10-09T16:24:02","slug":"entenda-como-nova-lei-dos-combustiveis-pode-trazer-investimentos-para-regiao-de-ribeirao","status":"publish","type":"post","link":"https:\/\/ismaelcolosi.com.br\/index.php\/2024\/10\/09\/entenda-como-nova-lei-dos-combustiveis-pode-trazer-investimentos-para-regiao-de-ribeirao\/","title":{"rendered":"Entenda como nova lei dos combust\u00edveis pode trazer investimentos para regi\u00e3o de Ribeir\u00e3o"},"content":{"rendered":"<p> <br \/>\n<\/p>\n<div>\n<p>Na \u00faltima ter\u00e7a-feira (8), o presidente <strong>Luiz In\u00e1cio Lula da Silva (PT)<\/strong> sancionou a Lei Combust\u00edvel do Futuro, que incentiva a produ\u00e7\u00e3o e uso de combust\u00edveis sustent\u00e1veis. Segundo o <strong>Ceise BR (Centro Nacional das Ind\u00fastrias do Setor Sucroenerg\u00e9tico e Bioenergia)<\/strong>, a medida pode trazer novos investimentos para regi\u00e3o de<strong> Ribeir\u00e3o Preto<\/strong>.<\/p>\n<p>\u201cCom a implementa\u00e7\u00e3o das novas diretrizes, projetamos um aumento expressivo nos investimentos, resultando em uma expans\u00e3o da capacidade produtiva e inova\u00e7\u00e3o tecnol\u00f3gica\u201d, afirma Rosana Amadeu, presidente da entidade.<\/p>\n<p>Entre os pontos destacados na nova lei,<mark style=\"background-color:#fcb900\" class=\"has-inline-color has-black-color\"> est\u00e3o o est\u00edmulo aos investimentos em pesquisa e desenvolvimento de tecnologia, investimentos de bioenergia em Sert\u00e3ozinho, principal polo industrial do setor, cria\u00e7\u00e3o de vagas de trabalho diretos e indiretos e o aumento pela demanda de m\u00e1quinas para produ\u00e7\u00e3o de biocombust\u00edveis.<\/mark><\/p>\n<p>\u201cA legisla\u00e7\u00e3o representa um marco na promo\u00e7\u00e3o da mobilidade sustent\u00e1vel no Brasil, estabelecendo diretrizes essenciais para o desenvolvimento de programas nacionais de diesel verde, combust\u00edvel sustent\u00e1vel para avia\u00e7\u00e3o e biometano, entre outras medidas\u201d, completa.<\/p>\n<h4 class=\"wp-block-heading\"><strong>Investimento bilion\u00e1rio<\/strong><\/h4>\n<p>A previs\u00e3o do Governo Federal \u00e9 que o novo marco possa gerar mais de R$ 260 bilh\u00f5es de investimentos no agro e na cadeia dos biocombust\u00edveis.<\/p>\n<p>\u201cVamos aumentar a mistura do etanol na gasolina. Estamos fortalecendo a cadeia do etanol criada h\u00e1 40 anos, impulsionada nos anos 2000 com os ve\u00edculos flex\u201d, disse o ministro de Minas e Energia, Alexandre Silveira.<\/p>\n<h4 class=\"wp-block-heading\"><strong>Principal produtora do Pa\u00eds<\/strong><\/h4>\n<p>A regi\u00e3o de Ribeir\u00e3o Preto produz o equivalente a 14% do etanol de cana-de-a\u00e7\u00facar fabricado no Brasil, de acordo com a <strong>Unica (Uni\u00e3o da Ind\u00fastria de Cana-de-A\u00e7\u00facar e Bioernegia)<\/strong>. S\u00e3o 3,5 bilh\u00f5es de litros por safra.<\/p>\n<p>SAIBA MAIS<br \/>Com vagas em Ribeir\u00e3o Preto, concurso p\u00fablico dos Correios \u00e9 aberto<\/p>\n<h4 class=\"wp-block-heading\"><strong>FIQUE ON<\/strong><\/h4>\n<p>Fique ligado em tudo que acontece em Ribeir\u00e3o Preto e regi\u00e3o. Siga os perfis do <strong>acidade on <\/strong>no <a href=\"https:\/\/www.instagram.com\/acidadeonribeirao\" target=\"_blank\" rel=\"noreferrer noopener nofollow\">Instagram<\/a> e no <a href=\"https:\/\/www.facebook.com\/acidadeonribeirao\/\" target=\"_blank\" rel=\"noreferrer noopener nofollow\">Facebook<\/a>.<\/p>\n<p>Receba not\u00edcias do <strong>acidade on<\/strong> no WhatsApp.<a href=\"https:\/\/chat.whatsapp.com\/Fg4ok3aAVyB59DP63pRapr\" target=\"_blank\" rel=\"noreferrer noopener nofollow\"> Para entrar no grupo, basta clicar aqui.<\/a><\/p>\n<p>Fa\u00e7a uma den\u00fancia ou sugira uma reportagem sobre Ribeir\u00e3o Preto e regi\u00e3o pelo WhatsApp: 16 99117 7802.<\/p>\n<p>VEJA TAMB\u00c9M<br \/>Inc\u00eandios florestais: pr\u00e1tica pode prejudicar a safra de cana<\/p>\n<p><!-- CONTENT END 1 -->\n<\/div>\n<p><script async src=\"\/\/www.instagram.com\/embed.js\"><\/script><br \/>\n<br \/><br \/>\n<br \/><a href=\"https:\/\/www.acidadeon.com\/ribeiraopreto\/economia\/entenda-como-nova-lei-dos-combustiveis-pode-trazer-investimentos-para-regiao-de-ribeirao\/\">Source link <\/a><\/p>\n","protected":false},"excerpt":{"rendered":"<p>Na \u00faltima ter\u00e7a-feira (8), o presidente Luiz In\u00e1cio Lula da Silva (PT) sancionou a Lei Combust\u00edvel do Futuro, que incentiva a produ\u00e7\u00e3o e uso de&#8230;<\/p>\n","protected":false},"author":1,"featured_media":70079,"comment_status":"open","ping_status":"open","sticky":false,"template":"","format":"standard","meta":{"_uag_custom_page_level_css":"","advanced_seo_description":"","jetpack_seo_html_title":"","jetpack_seo_noindex":false,"jetpack_post_was_ever_published":false,"_jetpack_newsletter_access":"","_jetpack_dont_email_post_to_subs":false,"_jetpack_newsletter_tier_id":0,"_jetpack_memberships_contains_paywalled_content":false,"_jetpack_memberships_contains_paid_content":false,"footnotes":"","jetpack_publicize_message":"","jetpack_publicize_feature_enabled":true,"jetpack_social_post_already_shared":true,"jetpack_social_options":{"image_generator_settings":{"template":"highway","default_image_id":0,"font":"","enabled":false},"version":2}},"categories":[11],"tags":[],"class_list":["post-70078","post","type-post","status-publish","format-standard","has-post-thumbnail","hentry","category-noticias-de-ribeirao-preto-sp-e-regiao-ismael-colosi"],"jetpack_publicize_connections":[],"jetpack_featured_media_url":"https:\/\/i0.wp.com\/ismaelcolosi.com.br\/wp-content\/uploads\/2024\/10\/combustivel-do-futuro_2024-10-09_15-37-07_jpg_2024-10-09_15-37-08.webp.webp?fit=1534%2C787&ssl=1","uagb_featured_image_src":{"full":["https:\/\/i0.wp.com\/ismaelcolosi.com.br\/wp-content\/uploads\/2024\/10\/combustivel-do-futuro_2024-10-09_15-37-07_jpg_2024-10-09_15-37-08.webp.webp?fit=1534%2C787&ssl=1",1534,787,false],"thumbnail":["https:\/\/i0.wp.com\/ismaelcolosi.com.br\/wp-content\/uploads\/2024\/10\/combustivel-do-futuro_2024-10-09_15-37-07_jpg_2024-10-09_15-37-08.webp.webp?resize=150%2C150&ssl=1",150,150,true],"medium":["https:\/\/i0.wp.com\/ismaelcolosi.com.br\/wp-content\/uploads\/2024\/10\/combustivel-do-futuro_2024-10-09_15-37-07_jpg_2024-10-09_15-37-08.webp.webp?fit=300%2C154&ssl=1",300,154,true],"medium_large":["https:\/\/i0.wp.com\/ismaelcolosi.com.br\/wp-content\/uploads\/2024\/10\/combustivel-do-futuro_2024-10-09_15-37-07_jpg_2024-10-09_15-37-08.webp.webp?fit=768%2C394&ssl=1",768,394,true],"large":["https:\/\/i0.wp.com\/ismaelcolosi.com.br\/wp-content\/uploads\/2024\/10\/combustivel-do-futuro_2024-10-09_15-37-07_jpg_2024-10-09_15-37-08.webp.webp?fit=1024%2C525&ssl=1",1024,525,true],"1536x1536":["https:\/\/i0.wp.com\/ismaelcolosi.com.br\/wp-content\/uploads\/2024\/10\/combustivel-do-futuro_2024-10-09_15-37-07_jpg_2024-10-09_15-37-08.webp.webp?fit=1534%2C787&ssl=1",1534,787,true],"2048x2048":["https:\/\/i0.wp.com\/ismaelcolosi.com.br\/wp-content\/uploads\/2024\/10\/combustivel-do-futuro_2024-10-09_15-37-07_jpg_2024-10-09_15-37-08.webp.webp?fit=1534%2C787&ssl=1",1534,787,true],"really-simple-thumb":["https:\/\/i0.wp.com\/ismaelcolosi.com.br\/wp-content\/uploads\/2024\/10\/combustivel-do-futuro_2024-10-09_15-37-07_jpg_2024-10-09_15-37-08.webp.webp?resize=370%2C247&ssl=1",370,247,true]},"uagb_author_info":{"display_name":"ismaelcolosi.com.br","author_link":"https:\/\/ismaelcolosi.com.br\/index.php\/author\/vidareal-online\/"},"uagb_comment_info":0,"uagb_excerpt":"Na \u00faltima ter\u00e7a-feira (8), o presidente Luiz In\u00e1cio Lula da Silva (PT) sancionou a Lei Combust\u00edvel do Futuro, que incentiva a produ\u00e7\u00e3o e uso de...","jetpack-related-posts":[{"id":76107,"url":"https:\/\/ismaelcolosi.com.br\/index.php\/2024\/11\/10\/combustivel-do-futuro-agora-e-lei\/","url_meta":{"origin":70078,"position":0},"title":"Combust\u00edvel do Futuro agora \u00e9 lei\u00a0 \u00a0\u00a0","author":"ismaelcolosi.com.br","date":"10 de November de 2024","format":false,"excerpt":"A san\u00e7\u00e3o pelo Governo Federal da Lei do Combust\u00edvel do Futuro, na ter\u00e7a-feira, 8 de outubro, foi fundamental para o setor bioenerg\u00e9tico brasileiro, pois criar\u00e1 mecanismos inovadores de incentivo \u00e0 bioenergia no Brasil. As pol\u00edticas p\u00fablicas a serem implementadas por meio da nova legisla\u00e7\u00e3o v\u00e3o apoiar a produ\u00e7\u00e3o de biocombust\u00edveis\u2026","rel":"","context":"In &quot;Not\u00edcias de Ribeir\u00e3o Preto-SP e Regi\u00e3o&quot;","block_context":{"text":"Not\u00edcias de Ribeir\u00e3o Preto-SP e Regi\u00e3o","link":"https:\/\/ismaelcolosi.com.br\/index.php\/category\/noticias-de-ribeirao-preto-sp-e-regiao-ismael-colosi\/"},"img":{"alt_text":"","src":"https:\/\/i0.wp.com\/ismaelcolosi.com.br\/wp-content\/uploads\/2024\/11\/jardim-risk-arquivo-1-scaled.jpg?fit=750%2C500&ssl=1&resize=350%2C200","width":350,"height":200,"srcset":"https:\/\/i0.wp.com\/ismaelcolosi.com.br\/wp-content\/uploads\/2024\/11\/jardim-risk-arquivo-1-scaled.jpg?fit=750%2C500&ssl=1&resize=350%2C200 1x, https:\/\/i0.wp.com\/ismaelcolosi.com.br\/wp-content\/uploads\/2024\/11\/jardim-risk-arquivo-1-scaled.jpg?fit=750%2C500&ssl=1&resize=525%2C300 1.5x, https:\/\/i0.wp.com\/ismaelcolosi.com.br\/wp-content\/uploads\/2024\/11\/jardim-risk-arquivo-1-scaled.jpg?fit=750%2C500&ssl=1&resize=700%2C400 2x"},"classes":[]},{"id":69869,"url":"https:\/\/ismaelcolosi.com.br\/index.php\/2024\/10\/08\/combustivel-do-futuro-investimentos-podem-chegar-a-r-260-bilhoes\/","url_meta":{"origin":70078,"position":1},"title":"Combust\u00edvel do Futuro: Investimentos podem chegar a R$ 260 bilh\u00f5es","author":"ismaelcolosi.com.br","date":"8 de October de 2024","format":false,"excerpt":"O presidente Luiz In\u00e1cio Lula da Silva (PT) assinou, nesta ter\u00e7a-feira (8), a Lei Combust\u00edvel do Futuro, que incentiva a produ\u00e7\u00e3o e uso de combust\u00edveis sustent\u00e1veis. A previs\u00e3o do Governo Federal \u00e9 que o novo marco possa gerar mais de R$ 260 bilh\u00f5es de investimentos no agro e na cadeia\u2026","rel":"","context":"In &quot;Not\u00edcias de Ribeir\u00e3o Preto-SP e Regi\u00e3o&quot;","block_context":{"text":"Not\u00edcias de Ribeir\u00e3o Preto-SP e Regi\u00e3o","link":"https:\/\/ismaelcolosi.com.br\/index.php\/category\/noticias-de-ribeirao-preto-sp-e-regiao-ismael-colosi\/"},"img":{"alt_text":"","src":"https:\/\/i0.wp.com\/ismaelcolosi.com.br\/wp-content\/uploads\/2024\/10\/etanol_biocombustivel_1024x576_07052021163315.jpg?fit=1024%2C614&ssl=1&resize=350%2C200","width":350,"height":200,"srcset":"https:\/\/i0.wp.com\/ismaelcolosi.com.br\/wp-content\/uploads\/2024\/10\/etanol_biocombustivel_1024x576_07052021163315.jpg?fit=1024%2C614&ssl=1&resize=350%2C200 1x, https:\/\/i0.wp.com\/ismaelcolosi.com.br\/wp-content\/uploads\/2024\/10\/etanol_biocombustivel_1024x576_07052021163315.jpg?fit=1024%2C614&ssl=1&resize=525%2C300 1.5x, https:\/\/i0.wp.com\/ismaelcolosi.com.br\/wp-content\/uploads\/2024\/10\/etanol_biocombustivel_1024x576_07052021163315.jpg?fit=1024%2C614&ssl=1&resize=700%2C400 2x"},"classes":[]},{"id":59844,"url":"https:\/\/ismaelcolosi.com.br\/index.php\/2024\/08\/12\/bioenergia-fenasucro-comeca-nesta-terca-feira-em-sertaozinho\/","url_meta":{"origin":70078,"position":2},"title":"Bioenergia: Fenasucro come\u00e7a nesta ter\u00e7a-feira em Sert\u00e3ozinho","author":"ismaelcolosi.com.br","date":"12 de August de 2024","format":false,"excerpt":"Com discuss\u00f5es sobre transi\u00e7\u00e3o energ\u00e9tica, mobilidade de baixo carbono, pol\u00edticas sustent\u00e1veis e tend\u00eancias do setor bioenerg\u00e9tico, come\u00e7a nesta ter\u00e7a-feira (13), a 30\u00aa Fenasucro & Agrocana, em Sert\u00e3ozinho, na regi\u00e3o de Ribeir\u00e3o Preto. A Feira Mundial da Bioenergia acontece entre os dias 13 e 16 de agosto, no Centro de Eventos\u2026","rel":"","context":"In &quot;Not\u00edcias de Ribeir\u00e3o Preto-SP e Regi\u00e3o&quot;","block_context":{"text":"Not\u00edcias de Ribeir\u00e3o Preto-SP e Regi\u00e3o","link":"https:\/\/ismaelcolosi.com.br\/index.php\/category\/noticias-de-ribeirao-preto-sp-e-regiao-ismael-colosi\/"},"img":{"alt_text":"","src":"https:\/\/i0.wp.com\/ismaelcolosi.com.br\/wp-content\/uploads\/2024\/08\/WhatsApp-Image-2024-08-12-at-15.38.03_2024-08-12_20-50-35_jpeg_2024-08-12_20-50-35.webp.webp?fit=800%2C533&ssl=1&resize=350%2C200","width":350,"height":200,"srcset":"https:\/\/i0.wp.com\/ismaelcolosi.com.br\/wp-content\/uploads\/2024\/08\/WhatsApp-Image-2024-08-12-at-15.38.03_2024-08-12_20-50-35_jpeg_2024-08-12_20-50-35.webp.webp?fit=800%2C533&ssl=1&resize=350%2C200 1x, https:\/\/i0.wp.com\/ismaelcolosi.com.br\/wp-content\/uploads\/2024\/08\/WhatsApp-Image-2024-08-12-at-15.38.03_2024-08-12_20-50-35_jpeg_2024-08-12_20-50-35.webp.webp?fit=800%2C533&ssl=1&resize=525%2C300 1.5x, https:\/\/i0.wp.com\/ismaelcolosi.com.br\/wp-content\/uploads\/2024\/08\/WhatsApp-Image-2024-08-12-at-15.38.03_2024-08-12_20-50-35_jpeg_2024-08-12_20-50-35.webp.webp?fit=800%2C533&ssl=1&resize=700%2C400 2x"},"classes":[]},{"id":70125,"url":"https:\/\/ismaelcolosi.com.br\/index.php\/2024\/10\/09\/ao-vivo-confira-a-passagem-do-furacao-milton-pela-florida-nos-estados-unidos\/","url_meta":{"origin":70078,"position":3},"title":"AO VIVO: Confira a passagem do furac\u00e3o Milton pela Fl\u00f3rida, nos Estados Unidos","author":"ismaelcolosi.com.br","date":"9 de October de 2024","format":false,"excerpt":"Chuvas constantes e ventos atingem a Ba\u00eda de Tampa, na Fl\u00f3rida, nos Estados Unidos, na manh\u00e3 de quarta-feira (9). Esses s\u00e3o os reflexos do furac\u00e3o Milton \u2013 a chegada da tempestade pode ser vista ao vivo. A regi\u00e3o da Ba\u00eda de Tampa \u00e9 o lar de mais de 3,3 milh\u00f5es\u2026","rel":"","context":"In &quot;Not\u00edcias de Ribeir\u00e3o Preto-SP e Regi\u00e3o&quot;","block_context":{"text":"Not\u00edcias de Ribeir\u00e3o Preto-SP e Regi\u00e3o","link":"https:\/\/ismaelcolosi.com.br\/index.php\/category\/noticias-de-ribeirao-preto-sp-e-regiao-ismael-colosi\/"},"img":{"alt_text":"","src":"https:\/\/i0.wp.com\/ismaelcolosi.com.br\/wp-content\/uploads\/2024\/10\/furacao-milton_2024-10-09_18-43-43_jpg_2024-10-09_18-43-43.webp.webp?fit=1060%2C595&ssl=1&resize=350%2C200","width":350,"height":200,"srcset":"https:\/\/i0.wp.com\/ismaelcolosi.com.br\/wp-content\/uploads\/2024\/10\/furacao-milton_2024-10-09_18-43-43_jpg_2024-10-09_18-43-43.webp.webp?fit=1060%2C595&ssl=1&resize=350%2C200 1x, https:\/\/i0.wp.com\/ismaelcolosi.com.br\/wp-content\/uploads\/2024\/10\/furacao-milton_2024-10-09_18-43-43_jpg_2024-10-09_18-43-43.webp.webp?fit=1060%2C595&ssl=1&resize=525%2C300 1.5x, https:\/\/i0.wp.com\/ismaelcolosi.com.br\/wp-content\/uploads\/2024\/10\/furacao-milton_2024-10-09_18-43-43_jpg_2024-10-09_18-43-43.webp.webp?fit=1060%2C595&ssl=1&resize=700%2C400 2x, https:\/\/i0.wp.com\/ismaelcolosi.com.br\/wp-content\/uploads\/2024\/10\/furacao-milton_2024-10-09_18-43-43_jpg_2024-10-09_18-43-43.webp.webp?fit=1060%2C595&ssl=1&resize=1050%2C600 3x"},"classes":[]},{"id":39656,"url":"https:\/\/ismaelcolosi.com.br\/index.php\/2024\/02\/27\/regiao-de-rp-fecha-2023-com-r-1542-bi\/","url_meta":{"origin":70078,"position":4},"title":"Regi\u00e3o de RP fecha 2023 com R$ 1,542 bi\u00a0","author":"ismaelcolosi.com.br","date":"27 de February de 2024","format":false,"excerpt":"Dados da Funda\u00e7\u00e3o Sistema Estadual de An\u00e1lise de Dados (Seade), divulgados nesta ter\u00e7a-feira, 20 de fevereiro, revelam que R$ 1,542 bilh\u00e3o (R$ 1.542.400.000) foram investidos na Regi\u00e3o Administrativa de Ribeir\u00e3o Preto ao longo do ano passado. De acordo com a Pesquisa de Investimentos Anunciados no Estado de S\u00e3o Paulo (Piesp),\u2026","rel":"","context":"In &quot;Not\u00edcias de Ribeir\u00e3o Preto-SP e Regi\u00e3o&quot;","block_context":{"text":"Not\u00edcias de Ribeir\u00e3o Preto-SP e Regi\u00e3o","link":"https:\/\/ismaelcolosi.com.br\/index.php\/category\/noticias-de-ribeirao-preto-sp-e-regiao-ismael-colosi\/"},"img":{"alt_text":"","src":"https:\/\/i0.wp.com\/ismaelcolosi.com.br\/wp-content\/uploads\/2024\/02\/SeadeRA-Detalhe-Divulgacao-Alesp-scaled.jpg?fit=1000%2C572&ssl=1&resize=350%2C200","width":350,"height":200,"srcset":"https:\/\/i0.wp.com\/ismaelcolosi.com.br\/wp-content\/uploads\/2024\/02\/SeadeRA-Detalhe-Divulgacao-Alesp-scaled.jpg?fit=1000%2C572&ssl=1&resize=350%2C200 1x, https:\/\/i0.wp.com\/ismaelcolosi.com.br\/wp-content\/uploads\/2024\/02\/SeadeRA-Detalhe-Divulgacao-Alesp-scaled.jpg?fit=1000%2C572&ssl=1&resize=525%2C300 1.5x, https:\/\/i0.wp.com\/ismaelcolosi.com.br\/wp-content\/uploads\/2024\/02\/SeadeRA-Detalhe-Divulgacao-Alesp-scaled.jpg?fit=1000%2C572&ssl=1&resize=700%2C400 2x"},"classes":[]},{"id":40241,"url":"https:\/\/ismaelcolosi.com.br\/index.php\/2024\/03\/01\/com-atuacao-em-ribeirao-preto-empresa-planeja-investimentos-de-r-500-milhoes\/","url_meta":{"origin":70078,"position":5},"title":"Com atua\u00e7\u00e3o em Ribeir\u00e3o Preto, empresa planeja investimentos de R$ 500 milh\u00f5es","author":"ismaelcolosi.com.br","date":"1 de March de 2024","format":false,"excerpt":"Com atua\u00e7\u00e3o em Ribeir\u00e3o Preto, o Grupo Tracbel assumiu 10 concession\u00e1rias da John Deere no Estado de S\u00e3o Paulo e planeja investimentos de R$ 500 milh\u00f5es at\u00e9 2026. A empresa tamb\u00e9m anunciou a cria\u00e7\u00e3o da unidade Agro, com sede em Ribeir\u00e3o Preto. A nova unidade de neg\u00f3cios \u00e9 voltada para\u2026","rel":"","context":"In &quot;Not\u00edcias de Ribeir\u00e3o Preto-SP e Regi\u00e3o&quot;","block_context":{"text":"Not\u00edcias de Ribeir\u00e3o Preto-SP e Regi\u00e3o","link":"https:\/\/ismaelcolosi.com.br\/index.php\/category\/noticias-de-ribeirao-preto-sp-e-regiao-ismael-colosi\/"},"img":{"alt_text":"","src":"https:\/\/i0.wp.com\/ismaelcolosi.com.br\/wp-content\/uploads\/2024\/03\/AnyConv.com__maquinas-john-deere.webp.webp?fit=1200%2C802&ssl=1&resize=350%2C200","width":350,"height":200,"srcset":"https:\/\/i0.wp.com\/ismaelcolosi.com.br\/wp-content\/uploads\/2024\/03\/AnyConv.com__maquinas-john-deere.webp.webp?fit=1200%2C802&ssl=1&resize=350%2C200 1x, https:\/\/i0.wp.com\/ismaelcolosi.com.br\/wp-content\/uploads\/2024\/03\/AnyConv.com__maquinas-john-deere.webp.webp?fit=1200%2C802&ssl=1&resize=525%2C300 1.5x, https:\/\/i0.wp.com\/ismaelcolosi.com.br\/wp-content\/uploads\/2024\/03\/AnyConv.com__maquinas-john-deere.webp.webp?fit=1200%2C802&ssl=1&resize=700%2C400 2x, https:\/\/i0.wp.com\/ismaelcolosi.com.br\/wp-content\/uploads\/2024\/03\/AnyConv.com__maquinas-john-deere.webp.webp?fit=1200%2C802&ssl=1&resize=1050%2C600 3x"},"classes":[]}],"jetpack_sharing_enabled":true,"jetpack_shortlink":"https:\/\/wp.me\/pfMlyK-iei","_links":{"self":[{"href":"https:\/\/ismaelcolosi.com.br\/index.php\/wp-json\/wp\/v2\/posts\/70078","targetHints":{"allow":["GET"]}}],"collection":[{"href":"https:\/\/ismaelcolosi.com.br\/index.php\/wp-json\/wp\/v2\/posts"}],"about":[{"href":"https:\/\/ismaelcolosi.com.br\/index.php\/wp-json\/wp\/v2\/types\/post"}],"author":[{"embeddable":true,"href":"https:\/\/ismaelcolosi.com.br\/index.php\/wp-json\/wp\/v2\/users\/1"}],"replies":[{"embeddable":true,"href":"https:\/\/ismaelcolosi.com.br\/index.php\/wp-json\/wp\/v2\/comments?post=70078"}],"version-history":[{"count":0,"href":"https:\/\/ismaelcolosi.com.br\/index.php\/wp-json\/wp\/v2\/posts\/70078\/revisions"}],"wp:featuredmedia":[{"embeddable":true,"href":"https:\/\/ismaelcolosi.com.br\/index.php\/wp-json\/wp\/v2\/media\/70079"}],"wp:attachment":[{"href":"https:\/\/ismaelcolosi.com.br\/index.php\/wp-json\/wp\/v2\/media?parent=70078"}],"wp:term":[{"taxonomy":"category","embeddable":true,"href":"https:\/\/ismaelcolosi.com.br\/index.php\/wp-json\/wp\/v2\/categories?post=70078"},{"taxonomy":"post_tag","embeddable":true,"href":"https:\/\/ismaelcolosi.com.br\/index.php\/wp-json\/wp\/v2\/tags?post=70078"}],"curies":[{"name":"wp","href":"https:\/\/api.w.org\/{rel}","templated":true}]}}