{"id":70072,"date":"2024-10-09T13:09:48","date_gmt":"2024-10-09T16:09:48","guid":{"rendered":"https:\/\/ismaelcolosi.com.br\/index.php\/2024\/10\/09\/bandalheira-do-bem-faz-apresentacao-especial-para-o-dia-das-criancas-em-ribeirao-preto\/"},"modified":"2024-10-09T13:09:48","modified_gmt":"2024-10-09T16:09:48","slug":"bandalheira-do-bem-faz-apresentacao-especial-para-o-dia-das-criancas-em-ribeirao-preto","status":"publish","type":"post","link":"https:\/\/ismaelcolosi.com.br\/index.php\/2024\/10\/09\/bandalheira-do-bem-faz-apresentacao-especial-para-o-dia-das-criancas-em-ribeirao-preto\/","title":{"rendered":"Bandalheira do Bem faz apresenta\u00e7\u00e3o especial para o Dia das Crian\u00e7as em Ribeir\u00e3o Preto"},"content":{"rendered":"<p> <br \/>\n<\/p>\n<div data-td-block-uid=\"tdi_106\">\n<div class=\"tdb-block-inner td-fix-index\">\n<p>Com uma programa\u00e7\u00e3o especial em todo m\u00eas de outubro por conta do<strong> Dia das Crian\u00e7as<\/strong>, a <strong>Bandalheira do Bem<\/strong> far\u00e1 uma<strong> apresenta\u00e7\u00e3o gratuita<\/strong> no <strong>Teatro Municipal de Ribeir\u00e3o Preto<\/strong>, na pr\u00f3xima<strong> sexta-feira (11)<\/strong>, \u00e0s <strong>9h30<\/strong>.<\/p>\n<p>A trupe utiliza de <strong>modalidades art\u00edsticas<\/strong>, que se complementam com a <strong>m\u00fasica popular brasileira<\/strong>, a <strong>dan\u00e7a<\/strong>, a<strong>rtes circenses<\/strong> e<strong> teatro <\/strong>para levar divers\u00e3o ao p\u00fablico infantil. A apresenta\u00e7\u00e3o contar\u00e1 com a presen\u00e7a de escolas e tamb\u00e9m ser\u00e1 aberta a comunidade.<\/p>\n<p>Atualmente o grupo \u00e9 formado por: <strong>Dimi Zumqu\u00ea<\/strong>, <strong>Alessandra Freire<\/strong>, <strong>Eder Bortolato<\/strong>, <strong>Tales Gonzales<\/strong>, <strong>Michael Toro<\/strong>, <strong>Erick Ferreira<\/strong>, <strong>Pedrinho Brown<\/strong>, <strong>Renato Xex\u00e9u<\/strong> e as jovens cantoras <strong>Luisa Farias<\/strong> e <strong>Julia Lil\u00e1s<\/strong>.<\/p>\n<h4 class=\"wp-block-heading\"><strong>Ingressos<\/strong><\/h4>\n<p>Toda programa\u00e7\u00e3o \u00e9<strong> gratuita<\/strong>, mas \u00e9 necess\u00e1rio <strong>reservar a vaga<\/strong>, tanto para escolas como individualmente. Os interessados devem entrar em contato com <strong>Luisa<\/strong>, pelo telefone<strong> (16) 98105-2188<\/strong>.<\/p>\n<h4 class=\"wp-block-heading\"><strong>Servi\u00e7o<\/strong><\/h4>\n<p><strong>Bandalheira do Bem<\/strong><\/p>\n<p><strong>Quando: <\/strong>11 de outubro, sexta-feira <br \/><strong>Hor\u00e1rio:<\/strong> \u00c0s 9h30<br \/><strong>Local: <\/strong>Teatro Municipal de Ribeir\u00e3o Preto \u2013 Via S\u00e3o Bento, Campos El\u00edseos<br \/><strong>Entrada gratuito<\/strong>, por\u00e9m \u00e9 necess\u00e1rio reservar pelo telefone<strong> <\/strong>(16) 98105-2188<\/p>\n<p>SAIBA MAIS<br \/>Filhote de veado resgatado em inc\u00eandio recebe tratamento no Bosque de Ribeir\u00e3o<\/p>\n<h4 class=\"wp-block-heading\"><strong>FIQUE ON<\/strong><\/h4>\n<p>Fique ligado em tudo que acontece em Ribeir\u00e3o Preto e regi\u00e3o. Siga os perfis do <strong>acidade on <\/strong>no <a href=\"https:\/\/www.instagram.com\/acidadeonribeirao\" target=\"_blank\" rel=\"noreferrer noopener\">Instagram<\/a> e no <a href=\"https:\/\/www.facebook.com\/acidadeonribeirao\" target=\"_blank\" rel=\"noreferrer noopener\">Facebook<\/a>.<\/p>\n<p>Receba not\u00edcias do<strong> acidade on <\/strong>no WhatsApp. Para entrar no grupo, basta <a href=\"https:\/\/chat.whatsapp.com\/Dtv9mxhy6V5BJBotM2OQ5k\" target=\"_blank\" rel=\"noreferrer noopener\">clicar aqui<\/a>.<\/p>\n<p>Fa\u00e7a uma den\u00fancia ou sugira uma reportagem sobre Ribeir\u00e3o Preto e regi\u00e3o pelo WhatsApp: 16 99117 7802.<\/p>\n<p>VEJA TAMB\u00c9M<br \/>O que a filha de Elvis Presley disse em livro?<\/p>\n<p><!-- CONTENT END 1 -->\n<\/div>\n<\/div>\n<p><script async src=\"\/\/www.instagram.com\/embed.js\"><\/script><br \/>\n<br \/><br \/>\n<br \/><a href=\"https:\/\/www.acidadeon.com\/ribeiraopreto\/lazer-e-cultura\/bandalheira-do-bem-faz-apresentacao-especial-para-o-dia-das-criancas-em-ribeirao-preto\/\">Source link <\/a><\/p>\n","protected":false},"excerpt":{"rendered":"<p>Com uma programa\u00e7\u00e3o especial em todo m\u00eas de outubro por conta do Dia das Crian\u00e7as, a Bandalheira do Bem far\u00e1 uma apresenta\u00e7\u00e3o gratuita no Teatro&#8230;<\/p>\n","protected":false},"author":1,"featured_media":70073,"comment_status":"open","ping_status":"open","sticky":false,"template":"","format":"standard","meta":{"_uag_custom_page_level_css":"","advanced_seo_description":"","jetpack_seo_html_title":"","jetpack_seo_noindex":false,"jetpack_post_was_ever_published":false,"_jetpack_newsletter_access":"","_jetpack_dont_email_post_to_subs":false,"_jetpack_newsletter_tier_id":0,"_jetpack_memberships_contains_paywalled_content":false,"_jetpack_memberships_contains_paid_content":false,"footnotes":"","jetpack_publicize_message":"","jetpack_publicize_feature_enabled":true,"jetpack_social_post_already_shared":true,"jetpack_social_options":{"image_generator_settings":{"template":"highway","default_image_id":0,"font":"","enabled":false},"version":2}},"categories":[11],"tags":[],"class_list":["post-70072","post","type-post","status-publish","format-standard","has-post-thumbnail","hentry","category-noticias-de-ribeirao-preto-sp-e-regiao-ismael-colosi"],"jetpack_publicize_connections":[],"jetpack_featured_media_url":"https:\/\/i0.wp.com\/ismaelcolosi.com.br\/wp-content\/uploads\/2024\/10\/Bandalheira-do-bem-foto-Renato-Lopes-9376-1_2024-10-09_12-09-54_jpg_2024-10-09_12-09-57-scaled.webp.webp?fit=2560%2C1707&ssl=1","uagb_featured_image_src":{"full":["https:\/\/i0.wp.com\/ismaelcolosi.com.br\/wp-content\/uploads\/2024\/10\/Bandalheira-do-bem-foto-Renato-Lopes-9376-1_2024-10-09_12-09-54_jpg_2024-10-09_12-09-57-scaled.webp.webp?fit=2560%2C1707&ssl=1",2560,1707,false],"thumbnail":["https:\/\/i0.wp.com\/ismaelcolosi.com.br\/wp-content\/uploads\/2024\/10\/Bandalheira-do-bem-foto-Renato-Lopes-9376-1_2024-10-09_12-09-54_jpg_2024-10-09_12-09-57-scaled.webp.webp?resize=150%2C150&ssl=1",150,150,true],"medium":["https:\/\/i0.wp.com\/ismaelcolosi.com.br\/wp-content\/uploads\/2024\/10\/Bandalheira-do-bem-foto-Renato-Lopes-9376-1_2024-10-09_12-09-54_jpg_2024-10-09_12-09-57-scaled.webp.webp?fit=300%2C200&ssl=1",300,200,true],"medium_large":["https:\/\/i0.wp.com\/ismaelcolosi.com.br\/wp-content\/uploads\/2024\/10\/Bandalheira-do-bem-foto-Renato-Lopes-9376-1_2024-10-09_12-09-54_jpg_2024-10-09_12-09-57-scaled.webp.webp?fit=768%2C512&ssl=1",768,512,true],"large":["https:\/\/i0.wp.com\/ismaelcolosi.com.br\/wp-content\/uploads\/2024\/10\/Bandalheira-do-bem-foto-Renato-Lopes-9376-1_2024-10-09_12-09-54_jpg_2024-10-09_12-09-57-scaled.webp.webp?fit=1024%2C683&ssl=1",1024,683,true],"1536x1536":["https:\/\/i0.wp.com\/ismaelcolosi.com.br\/wp-content\/uploads\/2024\/10\/Bandalheira-do-bem-foto-Renato-Lopes-9376-1_2024-10-09_12-09-54_jpg_2024-10-09_12-09-57-scaled.webp.webp?fit=1536%2C1024&ssl=1",1536,1024,true],"2048x2048":["https:\/\/i0.wp.com\/ismaelcolosi.com.br\/wp-content\/uploads\/2024\/10\/Bandalheira-do-bem-foto-Renato-Lopes-9376-1_2024-10-09_12-09-54_jpg_2024-10-09_12-09-57-scaled.webp.webp?fit=2048%2C1366&ssl=1",2048,1366,true],"really-simple-thumb":["https:\/\/i0.wp.com\/ismaelcolosi.com.br\/wp-content\/uploads\/2024\/10\/Bandalheira-do-bem-foto-Renato-Lopes-9376-1_2024-10-09_12-09-54_jpg_2024-10-09_12-09-57-scaled.webp.webp?resize=370%2C247&ssl=1",370,247,true]},"uagb_author_info":{"display_name":"ismaelcolosi.com.br","author_link":"https:\/\/ismaelcolosi.com.br\/index.php\/author\/vidareal-online\/"},"uagb_comment_info":0,"uagb_excerpt":"Com uma programa\u00e7\u00e3o especial em todo m\u00eas de outubro por conta do Dia das Crian\u00e7as, a Bandalheira do Bem far\u00e1 uma apresenta\u00e7\u00e3o gratuita no Teatro...","jetpack-related-posts":[{"id":70116,"url":"https:\/\/ismaelcolosi.com.br\/index.php\/2024\/10\/09\/incendio-atinge-mata-as-margens-de-rodovia-em-ribeirao-preto\/","url_meta":{"origin":70072,"position":0},"title":"Inc\u00eandio atinge mata \u00e0s margens de rodovia em Ribeir\u00e3o Preto","author":"ismaelcolosi.com.br","date":"9 de October de 2024","format":false,"excerpt":"Mais um inc\u00eandio foi registrado, na tarde desta quarta-feira (9), na rodovia Prefeito Antonio Duarte Nogueira, pr\u00f3ximo do km 309, em Ribeir\u00e3o Preto. De acordo com a Entrevias, equipes da concession\u00e1ria e do Corpo de Bombeiros estiveram no local para controlar as chamas. A via n\u00e3o precisou ser interditada e\u2026","rel":"","context":"In &quot;Not\u00edcias de Ribeir\u00e3o Preto-SP e Regi\u00e3o&quot;","block_context":{"text":"Not\u00edcias de Ribeir\u00e3o Preto-SP e Regi\u00e3o","link":"https:\/\/ismaelcolosi.com.br\/index.php\/category\/noticias-de-ribeirao-preto-sp-e-regiao-ismael-colosi\/"},"img":{"alt_text":"","src":"https:\/\/i0.wp.com\/ismaelcolosi.com.br\/wp-content\/uploads\/2024\/10\/Imagem-do-WhatsApp-de-2024-10-09-as-15.35.01_374b48ef_2024-10-09_18-38-32_jpg_2024-10-09_18-38-34-scaled.webp.webp?fit=1200%2C900&ssl=1&resize=350%2C200","width":350,"height":200,"srcset":"https:\/\/i0.wp.com\/ismaelcolosi.com.br\/wp-content\/uploads\/2024\/10\/Imagem-do-WhatsApp-de-2024-10-09-as-15.35.01_374b48ef_2024-10-09_18-38-32_jpg_2024-10-09_18-38-34-scaled.webp.webp?fit=1200%2C900&ssl=1&resize=350%2C200 1x, https:\/\/i0.wp.com\/ismaelcolosi.com.br\/wp-content\/uploads\/2024\/10\/Imagem-do-WhatsApp-de-2024-10-09-as-15.35.01_374b48ef_2024-10-09_18-38-32_jpg_2024-10-09_18-38-34-scaled.webp.webp?fit=1200%2C900&ssl=1&resize=525%2C300 1.5x, https:\/\/i0.wp.com\/ismaelcolosi.com.br\/wp-content\/uploads\/2024\/10\/Imagem-do-WhatsApp-de-2024-10-09-as-15.35.01_374b48ef_2024-10-09_18-38-32_jpg_2024-10-09_18-38-34-scaled.webp.webp?fit=1200%2C900&ssl=1&resize=700%2C400 2x, https:\/\/i0.wp.com\/ismaelcolosi.com.br\/wp-content\/uploads\/2024\/10\/Imagem-do-WhatsApp-de-2024-10-09-as-15.35.01_374b48ef_2024-10-09_18-38-32_jpg_2024-10-09_18-38-34-scaled.webp.webp?fit=1200%2C900&ssl=1&resize=1050%2C600 3x"},"classes":[]},{"id":70549,"url":"https:\/\/ismaelcolosi.com.br\/index.php\/2024\/10\/11\/fim-de-semana-em-ribeirao-preto-tem-shows-e-programacao-de-dia-das-criancas\/","url_meta":{"origin":70072,"position":1},"title":"Fim de semana em Ribeir\u00e3o Preto tem shows e programa\u00e7\u00e3o de Dia das Crian\u00e7as","author":"ismaelcolosi.com.br","date":"11 de October de 2024","format":false,"excerpt":"Este fim de semana \u00e9 marcado pelo feriado de Nossa Senhora Aparecida e o Dia das Crian\u00e7as. Entre as atra\u00e7\u00f5es da agenda cultural est\u00e3o o show da turn\u00ea de despedida da banda Natiruts e a Romaria de Nossa Senhora, que promete reunir diversos fi\u00e9is, al\u00e9m de diversas atividades para a\u2026","rel":"","context":"In &quot;Not\u00edcias de Ribeir\u00e3o Preto-SP e Regi\u00e3o&quot;","block_context":{"text":"Not\u00edcias de Ribeir\u00e3o Preto-SP e Regi\u00e3o","link":"https:\/\/ismaelcolosi.com.br\/index.php\/category\/noticias-de-ribeirao-preto-sp-e-regiao-ismael-colosi\/"},"img":{"alt_text":"","src":"https:\/\/i0.wp.com\/ismaelcolosi.com.br\/wp-content\/uploads\/2024\/10\/children-playing-grass_2024-10-11_13-54-35_jpg_2024-10-11_13-54-38-scaled.webp.webp?fit=1200%2C800&ssl=1&resize=350%2C200","width":350,"height":200,"srcset":"https:\/\/i0.wp.com\/ismaelcolosi.com.br\/wp-content\/uploads\/2024\/10\/children-playing-grass_2024-10-11_13-54-35_jpg_2024-10-11_13-54-38-scaled.webp.webp?fit=1200%2C800&ssl=1&resize=350%2C200 1x, https:\/\/i0.wp.com\/ismaelcolosi.com.br\/wp-content\/uploads\/2024\/10\/children-playing-grass_2024-10-11_13-54-35_jpg_2024-10-11_13-54-38-scaled.webp.webp?fit=1200%2C800&ssl=1&resize=525%2C300 1.5x, https:\/\/i0.wp.com\/ismaelcolosi.com.br\/wp-content\/uploads\/2024\/10\/children-playing-grass_2024-10-11_13-54-35_jpg_2024-10-11_13-54-38-scaled.webp.webp?fit=1200%2C800&ssl=1&resize=700%2C400 2x, https:\/\/i0.wp.com\/ismaelcolosi.com.br\/wp-content\/uploads\/2024\/10\/children-playing-grass_2024-10-11_13-54-35_jpg_2024-10-11_13-54-38-scaled.webp.webp?fit=1200%2C800&ssl=1&resize=1050%2C600 3x"},"classes":[]},{"id":70097,"url":"https:\/\/ismaelcolosi.com.br\/index.php\/2024\/10\/09\/comeca-hoje-a-venda-de-ingressos-para-pre-carnaval-da-anitta-em-ribeirao-preto\/","url_meta":{"origin":70072,"position":2},"title":"Come\u00e7a hoje a venda de ingressos para pr\u00e9-carnaval da Anitta em Ribeir\u00e3o Preto","author":"ismaelcolosi.com.br","date":"9 de October de 2024","format":false,"excerpt":"As vendas de ingressos para o projeto de pr\u00e9-carnaval Ensaios da Anitta, em Ribeir\u00e3o Preto, come\u00e7a nesta quarta-feira (9), \u00e0s 18h. O evento ser\u00e1 realizado no est\u00e1dio Palma Travassos, no dia 26 de janeiro de 2025. A turn\u00ea leva o tema \u201cMaratona de Joga\u00e7\u00e3o\u201d, inspirado nos Jogos Ol\u00edmpicos. Os figurinos\u2026","rel":"","context":"In &quot;Not\u00edcias de Ribeir\u00e3o Preto-SP e Regi\u00e3o&quot;","block_context":{"text":"Not\u00edcias de Ribeir\u00e3o Preto-SP e Regi\u00e3o","link":"https:\/\/ismaelcolosi.com.br\/index.php\/category\/noticias-de-ribeirao-preto-sp-e-regiao-ismael-colosi\/"},"img":{"alt_text":"","src":"https:\/\/i0.wp.com\/ismaelcolosi.com.br\/wp-content\/uploads\/2024\/10\/ensaios-da-anitta-2025-vendas-ingressos_2024-10-09_16-32-08.webp.webp?fit=1200%2C902&ssl=1&resize=350%2C200","width":350,"height":200,"srcset":"https:\/\/i0.wp.com\/ismaelcolosi.com.br\/wp-content\/uploads\/2024\/10\/ensaios-da-anitta-2025-vendas-ingressos_2024-10-09_16-32-08.webp.webp?fit=1200%2C902&ssl=1&resize=350%2C200 1x, https:\/\/i0.wp.com\/ismaelcolosi.com.br\/wp-content\/uploads\/2024\/10\/ensaios-da-anitta-2025-vendas-ingressos_2024-10-09_16-32-08.webp.webp?fit=1200%2C902&ssl=1&resize=525%2C300 1.5x, https:\/\/i0.wp.com\/ismaelcolosi.com.br\/wp-content\/uploads\/2024\/10\/ensaios-da-anitta-2025-vendas-ingressos_2024-10-09_16-32-08.webp.webp?fit=1200%2C902&ssl=1&resize=700%2C400 2x, https:\/\/i0.wp.com\/ismaelcolosi.com.br\/wp-content\/uploads\/2024\/10\/ensaios-da-anitta-2025-vendas-ingressos_2024-10-09_16-32-08.webp.webp?fit=1200%2C902&ssl=1&resize=1050%2C600 3x"},"classes":[]},{"id":69658,"url":"https:\/\/ismaelcolosi.com.br\/index.php\/2024\/10\/07\/semana-da-crianca-veja-a-programacao-cultural-em-ribeirao-preto-e-regiao\/","url_meta":{"origin":70072,"position":3},"title":"Semana da crian\u00e7a: Veja a programa\u00e7\u00e3o cultural em Ribeir\u00e3o Preto e regi\u00e3o","author":"ismaelcolosi.com.br","date":"7 de October de 2024","format":false,"excerpt":"Al\u00e9m do feriado de Nossa Senhora Aparecida, o Dia das Crian\u00e7as tamb\u00e9m \u00e9 comemorado no pr\u00f3ximo 12 de outubro. Ribeir\u00e3o Preto e regi\u00e3o contam com uma programa\u00e7\u00e3o cultural com diversas atividades para aqueles que desejam se divertir ao lado dos pequenos. Confira: 1. Museu Casa de Portinari \u201cBrinCandinho\u201d \u2013 \u00c9\u2026","rel":"","context":"In &quot;Not\u00edcias de Ribeir\u00e3o Preto-SP e Regi\u00e3o&quot;","block_context":{"text":"Not\u00edcias de Ribeir\u00e3o Preto-SP e Regi\u00e3o","link":"https:\/\/ismaelcolosi.com.br\/index.php\/category\/noticias-de-ribeirao-preto-sp-e-regiao-ismael-colosi\/"},"img":{"alt_text":"","src":"https:\/\/i0.wp.com\/ismaelcolosi.com.br\/wp-content\/uploads\/2024\/10\/brincadeiras-antigas-amarelinha_2024-10-07_13-35-36_jpg_2024-10-07_13-35-36.webp.webp?fit=1200%2C800&ssl=1&resize=350%2C200","width":350,"height":200,"srcset":"https:\/\/i0.wp.com\/ismaelcolosi.com.br\/wp-content\/uploads\/2024\/10\/brincadeiras-antigas-amarelinha_2024-10-07_13-35-36_jpg_2024-10-07_13-35-36.webp.webp?fit=1200%2C800&ssl=1&resize=350%2C200 1x, https:\/\/i0.wp.com\/ismaelcolosi.com.br\/wp-content\/uploads\/2024\/10\/brincadeiras-antigas-amarelinha_2024-10-07_13-35-36_jpg_2024-10-07_13-35-36.webp.webp?fit=1200%2C800&ssl=1&resize=525%2C300 1.5x, https:\/\/i0.wp.com\/ismaelcolosi.com.br\/wp-content\/uploads\/2024\/10\/brincadeiras-antigas-amarelinha_2024-10-07_13-35-36_jpg_2024-10-07_13-35-36.webp.webp?fit=1200%2C800&ssl=1&resize=700%2C400 2x, https:\/\/i0.wp.com\/ismaelcolosi.com.br\/wp-content\/uploads\/2024\/10\/brincadeiras-antigas-amarelinha_2024-10-07_13-35-36_jpg_2024-10-07_13-35-36.webp.webp?fit=1200%2C800&ssl=1&resize=1050%2C600 3x"},"classes":[]},{"id":49591,"url":"https:\/\/ismaelcolosi.com.br\/index.php\/2024\/05\/11\/teatro-minaz-recebe-maraka-trio-para-apresentacao-gratuita-de-choro-no-dia-das-maes\/","url_meta":{"origin":70072,"position":4},"title":"Teatro Minaz recebe Maraka Trio para apresenta\u00e7\u00e3o gratuita de choro no Dia das M\u00e3es","author":"ismaelcolosi.com.br","date":"11 de May de 2024","format":false,"excerpt":"Neste domingo (12) \u00e9 comemorado o Dia das M\u00e3es, e o projeto Choro na Esquina, que acontece aos domingos no Teatro Minaz, apresentar\u00e1 um programa especial para comemorar a data, \u00e1s 9h30. O Choro na Esquina \u00e9 um evento gratuito, que acontece no Hall do Teatro Minaz, portanto n\u00e3o \u00e9\u2026","rel":"","context":"In &quot;Not\u00edcias de Ribeir\u00e3o Preto-SP e Regi\u00e3o&quot;","block_context":{"text":"Not\u00edcias de Ribeir\u00e3o Preto-SP e Regi\u00e3o","link":"https:\/\/ismaelcolosi.com.br\/index.php\/category\/noticias-de-ribeirao-preto-sp-e-regiao-ismael-colosi\/"},"img":{"alt_text":"","src":"https:\/\/i0.wp.com\/ismaelcolosi.com.br\/wp-content\/uploads\/2024\/05\/Capturar_2024-05-11_17-41-51_jpg_2024-05-11_17-41-51.webp.webp?fit=927%2C521&ssl=1&resize=350%2C200","width":350,"height":200,"srcset":"https:\/\/i0.wp.com\/ismaelcolosi.com.br\/wp-content\/uploads\/2024\/05\/Capturar_2024-05-11_17-41-51_jpg_2024-05-11_17-41-51.webp.webp?fit=927%2C521&ssl=1&resize=350%2C200 1x, https:\/\/i0.wp.com\/ismaelcolosi.com.br\/wp-content\/uploads\/2024\/05\/Capturar_2024-05-11_17-41-51_jpg_2024-05-11_17-41-51.webp.webp?fit=927%2C521&ssl=1&resize=525%2C300 1.5x, https:\/\/i0.wp.com\/ismaelcolosi.com.br\/wp-content\/uploads\/2024\/05\/Capturar_2024-05-11_17-41-51_jpg_2024-05-11_17-41-51.webp.webp?fit=927%2C521&ssl=1&resize=700%2C400 2x"},"classes":[]},{"id":27216,"url":"https:\/\/ismaelcolosi.com.br\/index.php\/2024\/01\/11\/shopping-da-zona-sul-de-ribeirao-oferece-atividades-gratuitas-durante-as-ferias-veja-a-programacao\/","url_meta":{"origin":70072,"position":5},"title":"Shopping da zona Sul de Ribeir\u00e3o oferece atividades gratuitas durante as f\u00e9rias; Veja a programa\u00e7\u00e3o","author":"ismaelcolosi.com.br","date":"11 de January de 2024","format":false,"excerpt":"A programa\u00e7\u00e3o especial de f\u00e9rias do Shopping Iguatemi, na zona Sul de Ribeir\u00e3o Preto, come\u00e7ou nesta quinta-feira (11). Com diversas atividades gratuitas e diferentes, as crian\u00e7as poder\u00e3o se divertir durante todo o m\u00eas de janeiro. Al\u00e9m disso, o projeto \u2018Domingo \u00e9 Dia de Teatro\u2019, ser\u00e1 respons\u00e1vel pela apresenta\u00e7\u00e3o de tr\u00eas\u2026","rel":"","context":"In &quot;Not\u00edcias de Ribeir\u00e3o Preto-SP e Regi\u00e3o&quot;","block_context":{"text":"Not\u00edcias de Ribeir\u00e3o Preto-SP e Regi\u00e3o","link":"https:\/\/ismaelcolosi.com.br\/index.php\/category\/noticias-de-ribeirao-preto-sp-e-regiao-ismael-colosi\/"},"img":{"alt_text":"","src":"https:\/\/i0.wp.com\/ismaelcolosi.com.br\/wp-content\/uploads\/2024\/01\/52e469f810c04d97c50c8bd28e7065b2low.jpeg?fit=800%2C533&ssl=1&resize=350%2C200","width":350,"height":200,"srcset":"https:\/\/i0.wp.com\/ismaelcolosi.com.br\/wp-content\/uploads\/2024\/01\/52e469f810c04d97c50c8bd28e7065b2low.jpeg?fit=800%2C533&ssl=1&resize=350%2C200 1x, https:\/\/i0.wp.com\/ismaelcolosi.com.br\/wp-content\/uploads\/2024\/01\/52e469f810c04d97c50c8bd28e7065b2low.jpeg?fit=800%2C533&ssl=1&resize=525%2C300 1.5x, https:\/\/i0.wp.com\/ismaelcolosi.com.br\/wp-content\/uploads\/2024\/01\/52e469f810c04d97c50c8bd28e7065b2low.jpeg?fit=800%2C533&ssl=1&resize=700%2C400 2x"},"classes":[]}],"jetpack_sharing_enabled":true,"jetpack_shortlink":"https:\/\/wp.me\/pfMlyK-iec","_links":{"self":[{"href":"https:\/\/ismaelcolosi.com.br\/index.php\/wp-json\/wp\/v2\/posts\/70072","targetHints":{"allow":["GET"]}}],"collection":[{"href":"https:\/\/ismaelcolosi.com.br\/index.php\/wp-json\/wp\/v2\/posts"}],"about":[{"href":"https:\/\/ismaelcolosi.com.br\/index.php\/wp-json\/wp\/v2\/types\/post"}],"author":[{"embeddable":true,"href":"https:\/\/ismaelcolosi.com.br\/index.php\/wp-json\/wp\/v2\/users\/1"}],"replies":[{"embeddable":true,"href":"https:\/\/ismaelcolosi.com.br\/index.php\/wp-json\/wp\/v2\/comments?post=70072"}],"version-history":[{"count":0,"href":"https:\/\/ismaelcolosi.com.br\/index.php\/wp-json\/wp\/v2\/posts\/70072\/revisions"}],"wp:featuredmedia":[{"embeddable":true,"href":"https:\/\/ismaelcolosi.com.br\/index.php\/wp-json\/wp\/v2\/media\/70073"}],"wp:attachment":[{"href":"https:\/\/ismaelcolosi.com.br\/index.php\/wp-json\/wp\/v2\/media?parent=70072"}],"wp:term":[{"taxonomy":"category","embeddable":true,"href":"https:\/\/ismaelcolosi.com.br\/index.php\/wp-json\/wp\/v2\/categories?post=70072"},{"taxonomy":"post_tag","embeddable":true,"href":"https:\/\/ismaelcolosi.com.br\/index.php\/wp-json\/wp\/v2\/tags?post=70072"}],"curies":[{"name":"wp","href":"https:\/\/api.w.org\/{rel}","templated":true}]}}