{"id":7007,"date":"2023-11-27T12:39:35","date_gmt":"2023-11-27T15:39:35","guid":{"rendered":"https:\/\/ismaelcolosi.com.br\/index.php\/2023\/11\/27\/gretchen-anuncia-nova-cirurgia-estetica-para-transformacao-radical\/"},"modified":"2023-11-27T12:39:35","modified_gmt":"2023-11-27T15:39:35","slug":"gretchen-anuncia-nova-cirurgia-estetica-para-transformacao-radical","status":"publish","type":"post","link":"https:\/\/ismaelcolosi.com.br\/index.php\/2023\/11\/27\/gretchen-anuncia-nova-cirurgia-estetica-para-transformacao-radical\/","title":{"rendered":"Gretchen anuncia nova cirurgia est\u00e9tica para transforma\u00e7\u00e3o radical"},"content":{"rendered":"<p> <br \/>\n<\/p>\n<div itemprop=\"text\">\n<p>Sem medo das agulhadas, uma das celebridades que mais chama aten\u00e7\u00e3o quando o assunto \u00e9 procedimentos est\u00e9ticos, a cantora Gretchen \u00e9 uma das mais citadas.<\/p>\n<p>Isso porque, a dona do rebolado mais comentado do Brasil, j\u00e1 passou por diversos procedimentos est\u00e9ticos no corpo e no rosto. Mas n\u00e3o parou por a\u00ed, ela anunciou um novo procedimento que ir\u00e1 fazer.<\/p>\n<p>Aos 64 anos, ela ir\u00e1 fazer accutite. O procedimento \u00e9 feito na regi\u00e3o \u00edntima da mulher atrav\u00e9s de radiofrequ\u00eancia. A inten\u00e7\u00e3o do procedimento \u00e9 trazer rejuvenescimento a \u00e1rea escolhida.<\/p>\n<p>Sem papas na l\u00edngua, a cantora fala abertamente sobre o assunto sem negar todos os procedimentos que j\u00e1 fez e dessa vez, trouxe uma reflex\u00e3o paga mulheres que sentem vontade de fazer o procedimento e sentem vergonha.<\/p>\n<p><em>\u201cMulheres, n\u00e3o h\u00e1 motivo para vergonha! Estou aqui para mostrar que os tratamentos est\u00e3o dispon\u00edveis para nos fazer sentir incr\u00edveis e elevar a autoestima\u201d<\/em>, declara a cantora.<\/p>\n<p>Ela tamb\u00e9m explicou que o este procedimento n\u00e3o tem cortes e \u00e9 realizado com anestesia. Com muito bom humor, ela brincou dizendo que ir\u00e1 deixar a regi\u00e3o pronta para dar \u2018oi \u2018 ao mundo todo.<\/p>\n<p>Al\u00e9m de chamar aten\u00e7\u00e3o para o n\u00famero de procedimentos est\u00e9ticos, ela tamb\u00e9m tem um n\u00famero chamativo com rela\u00e7\u00e3o aos seus casamentos: 18 vezes.<\/p>\n<p>Atualmente, morando em Portugal, ela est\u00e1 casada com Esdras de Souza. Os dois protagonizaram uma foto pol\u00eamica recente ao compartilharem um momento \u00edntimo no banheiro em que a famosa aparece de fio dental.<\/p>\n<\/div>\n<p><br \/>\n<br \/><a href=\"https:\/\/fnmais.com\/gretchen-anuncia-nova-cirurgia-estetica-para-transformacao-radical\/\">Source link <\/a><\/p>\n<div class='code-block code-block-4' style='margin: 8px auto 8px 0; text-align: left; display: block; clear: both;'>\n\ud83d\udce2 Aviso Legal\n\nO site ismaelcolosi.com.br atua apenas como um canal de divulga\u00e7\u00e3o de oportunidades de emprego e n\u00e3o se responsabiliza pelo processo seletivo, contrata\u00e7\u00e3o ou qualquer outra etapa relacionada \u00e0s vagas publicadas. Todas as informa\u00e7\u00f5es s\u00e3o de responsabilidade dos anunciantes.\n\n\u26a0\ufe0f Aten\u00e7\u00e3o! Nunca pague por promessas de emprego nem compre cursos que garantam contrata\u00e7\u00e3o. Desconfie de qualquer cobran\u00e7a para participar de sele\u00e7\u00f5es.\n\n\n\n<\/div>\n<!-- CONTENT END 1 -->\n","protected":false},"excerpt":{"rendered":"<p>Sem medo das agulhadas, uma das celebridades que mais chama aten\u00e7\u00e3o quando o assunto \u00e9 procedimentos est\u00e9ticos, a cantora Gretchen \u00e9 uma das mais citadas&#8230;.<\/p>\n","protected":false},"author":1,"featured_media":7008,"comment_status":"open","ping_status":"open","sticky":false,"template":"","format":"standard","meta":{"_uag_custom_page_level_css":"","advanced_seo_description":"","jetpack_seo_html_title":"","jetpack_seo_noindex":false,"jetpack_post_was_ever_published":false,"_jetpack_newsletter_access":"","_jetpack_dont_email_post_to_subs":false,"_jetpack_newsletter_tier_id":0,"_jetpack_memberships_contains_paywalled_content":false,"_jetpack_memberships_contains_paid_content":false,"footnotes":"","jetpack_publicize_message":"","jetpack_publicize_feature_enabled":true,"jetpack_social_post_already_shared":true,"jetpack_social_options":{"image_generator_settings":{"template":"highway","default_image_id":0,"font":"","enabled":false},"version":2}},"categories":[1],"tags":[],"class_list":["post-7007","post","type-post","status-publish","format-standard","has-post-thumbnail","hentry","category-blog"],"jetpack_publicize_connections":[],"jetpack_featured_media_url":"https:\/\/i0.wp.com\/ismaelcolosi.com.br\/wp-content\/uploads\/2023\/11\/postimg-6564b1f2b9e957611.jpg?fit=1200%2C628&ssl=1","uagb_featured_image_src":{"full":["https:\/\/i0.wp.com\/ismaelcolosi.com.br\/wp-content\/uploads\/2023\/11\/postimg-6564b1f2b9e957611.jpg?fit=1200%2C628&ssl=1",1200,628,false],"thumbnail":["https:\/\/i0.wp.com\/ismaelcolosi.com.br\/wp-content\/uploads\/2023\/11\/postimg-6564b1f2b9e957611.jpg?resize=150%2C150&ssl=1",150,150,true],"medium":["https:\/\/i0.wp.com\/ismaelcolosi.com.br\/wp-content\/uploads\/2023\/11\/postimg-6564b1f2b9e957611.jpg?fit=300%2C157&ssl=1",300,157,true],"medium_large":["https:\/\/i0.wp.com\/ismaelcolosi.com.br\/wp-content\/uploads\/2023\/11\/postimg-6564b1f2b9e957611.jpg?fit=768%2C402&ssl=1",768,402,true],"large":["https:\/\/i0.wp.com\/ismaelcolosi.com.br\/wp-content\/uploads\/2023\/11\/postimg-6564b1f2b9e957611.jpg?fit=1024%2C536&ssl=1",1024,536,true],"1536x1536":["https:\/\/i0.wp.com\/ismaelcolosi.com.br\/wp-content\/uploads\/2023\/11\/postimg-6564b1f2b9e957611.jpg?fit=1200%2C628&ssl=1",1200,628,true],"2048x2048":["https:\/\/i0.wp.com\/ismaelcolosi.com.br\/wp-content\/uploads\/2023\/11\/postimg-6564b1f2b9e957611.jpg?fit=1200%2C628&ssl=1",1200,628,true],"really-simple-thumb":["https:\/\/i0.wp.com\/ismaelcolosi.com.br\/wp-content\/uploads\/2023\/11\/postimg-6564b1f2b9e957611.jpg?resize=370%2C247&ssl=1",370,247,true]},"uagb_author_info":{"display_name":"ismaelcolosi.com.br","author_link":"https:\/\/ismaelcolosi.com.br\/index.php\/author\/vidareal-online\/"},"uagb_comment_info":0,"uagb_excerpt":"Sem medo das agulhadas, uma das celebridades que mais chama aten\u00e7\u00e3o quando o assunto \u00e9 procedimentos est\u00e9ticos, a cantora Gretchen \u00e9 uma das mais citadas....","jetpack-related-posts":[{"id":7124,"url":"https:\/\/ismaelcolosi.com.br\/index.php\/2023\/11\/27\/gretchen-toma-atitude-apos-polemica-de-pelo-nos-seios-minha-vontade\/","url_meta":{"origin":7007,"position":0},"title":"Gretchen toma atitude ap\u00f3s pol\u00eamica de pelo nos seios: &#8216; Minha vontade &#8216;","author":"ismaelcolosi.com.br","date":"27 de November de 2023","format":false,"excerpt":"Atualmente, alguns famosos tem falado muito abertamente sobre os procedimentos realizados com intuito de melhorar a autoestima. Os procedimentos est\u00e9ticos est\u00e3o ganhando fama quando o assunto \u00e9 apar\u00eancia.A cantora Gretchen \u00e9 uma das que n\u00e3o tem medo de falar sobre as pr\u00e1ticas que recorreu para manter a boa apar\u00eancia. Ela\u2026","rel":"","context":"In &quot;Blog&quot;","block_context":{"text":"Blog","link":"https:\/\/ismaelcolosi.com.br\/index.php\/category\/blog\/"},"img":{"alt_text":"","src":"https:\/\/i0.wp.com\/ismaelcolosi.com.br\/wp-content\/uploads\/2023\/11\/postimg-6564d43172dd74305.jpg?fit=1200%2C628&ssl=1&resize=350%2C200","width":350,"height":200,"srcset":"https:\/\/i0.wp.com\/ismaelcolosi.com.br\/wp-content\/uploads\/2023\/11\/postimg-6564d43172dd74305.jpg?fit=1200%2C628&ssl=1&resize=350%2C200 1x, https:\/\/i0.wp.com\/ismaelcolosi.com.br\/wp-content\/uploads\/2023\/11\/postimg-6564d43172dd74305.jpg?fit=1200%2C628&ssl=1&resize=525%2C300 1.5x, https:\/\/i0.wp.com\/ismaelcolosi.com.br\/wp-content\/uploads\/2023\/11\/postimg-6564d43172dd74305.jpg?fit=1200%2C628&ssl=1&resize=700%2C400 2x, https:\/\/i0.wp.com\/ismaelcolosi.com.br\/wp-content\/uploads\/2023\/11\/postimg-6564d43172dd74305.jpg?fit=1200%2C628&ssl=1&resize=1050%2C600 3x"},"classes":[]},{"id":7017,"url":"https:\/\/ismaelcolosi.com.br\/index.php\/2023\/11\/27\/ex-bbb-vyni-preocupa-fas-com-declaracoes-apos-ser-detonado-na-web-por-mostrar-resultados-de-procedimentos-esteticos\/","url_meta":{"origin":7007,"position":1},"title":"Ex-BBB Vyni preocupa f\u00e3s com declara\u00e7\u00f5es ap\u00f3s ser detonado na web por mostrar resultados de procedimentos est\u00e9ticos","author":"ismaelcolosi.com.br","date":"27 de November de 2023","format":false,"excerpt":"Aquele famoso \u2018 antes e depois \u2018 dos famosos gera um debate as vezes quase intermin\u00e1vel sobre a atual apar\u00eancia da celebridade ap\u00f3s ser submetido a algum procedimento est\u00e9tico.O ex BBB Vinny foi um dos participantes que, ap\u00f3s a sa\u00edda do reality, resolveu dar um \u2018up\u2019 na apar\u00eancia atrav\u00e9s dos\u2026","rel":"","context":"In &quot;Blog&quot;","block_context":{"text":"Blog","link":"https:\/\/ismaelcolosi.com.br\/index.php\/category\/blog\/"},"img":{"alt_text":"","src":"https:\/\/i0.wp.com\/ismaelcolosi.com.br\/wp-content\/uploads\/2023\/11\/postimg-6564b1d66ed236858.jpg?fit=1200%2C628&ssl=1&resize=350%2C200","width":350,"height":200,"srcset":"https:\/\/i0.wp.com\/ismaelcolosi.com.br\/wp-content\/uploads\/2023\/11\/postimg-6564b1d66ed236858.jpg?fit=1200%2C628&ssl=1&resize=350%2C200 1x, https:\/\/i0.wp.com\/ismaelcolosi.com.br\/wp-content\/uploads\/2023\/11\/postimg-6564b1d66ed236858.jpg?fit=1200%2C628&ssl=1&resize=525%2C300 1.5x, https:\/\/i0.wp.com\/ismaelcolosi.com.br\/wp-content\/uploads\/2023\/11\/postimg-6564b1d66ed236858.jpg?fit=1200%2C628&ssl=1&resize=700%2C400 2x, https:\/\/i0.wp.com\/ismaelcolosi.com.br\/wp-content\/uploads\/2023\/11\/postimg-6564b1d66ed236858.jpg?fit=1200%2C628&ssl=1&resize=1050%2C600 3x"},"classes":[]},{"id":29836,"url":"https:\/\/ismaelcolosi.com.br\/index.php\/2024\/01\/19\/detonada-por-supostamente-ter-feito-harmonizacao-facil-simony-expoe-grave-diagnostico-que-afeta-seu-rim\/","url_meta":{"origin":7007,"position":2},"title":"Detonada por supostamente ter feito harmoniza\u00e7\u00e3o f\u00e1cil, Simony exp\u00f5e grave diagn\u00f3stico que afeta seu rim","author":"ismaelcolosi.com.br","date":"19 de January de 2024","format":false,"excerpt":"De forma recente, a cantora Simony, que est\u00e1 passando por um tratamento contra o c\u00e2ncer em seu intestino, buscou esclarecer os rumores sobre procedimentos est\u00e9ticos em seu rosto.Atrav\u00e9s de uma grava\u00e7\u00e3o, ela explicou que o incha\u00e7o em seu rosto \u00e9 resultado de uma toxidade grav\u00edssima que afetou o seu rim,\u2026","rel":"","context":"In &quot;Blog&quot;","block_context":{"text":"Blog","link":"https:\/\/ismaelcolosi.com.br\/index.php\/category\/blog\/"},"img":{"alt_text":"","src":"https:\/\/i0.wp.com\/ismaelcolosi.com.br\/wp-content\/uploads\/2024\/01\/postimg-65aa8f38e0da28282.jpg?fit=1200%2C628&ssl=1&resize=350%2C200","width":350,"height":200,"srcset":"https:\/\/i0.wp.com\/ismaelcolosi.com.br\/wp-content\/uploads\/2024\/01\/postimg-65aa8f38e0da28282.jpg?fit=1200%2C628&ssl=1&resize=350%2C200 1x, https:\/\/i0.wp.com\/ismaelcolosi.com.br\/wp-content\/uploads\/2024\/01\/postimg-65aa8f38e0da28282.jpg?fit=1200%2C628&ssl=1&resize=525%2C300 1.5x, https:\/\/i0.wp.com\/ismaelcolosi.com.br\/wp-content\/uploads\/2024\/01\/postimg-65aa8f38e0da28282.jpg?fit=1200%2C628&ssl=1&resize=700%2C400 2x, https:\/\/i0.wp.com\/ismaelcolosi.com.br\/wp-content\/uploads\/2024\/01\/postimg-65aa8f38e0da28282.jpg?fit=1200%2C628&ssl=1&resize=1050%2C600 3x"},"classes":[]},{"id":16653,"url":"https:\/\/ismaelcolosi.com.br\/index.php\/2023\/12\/16\/a-vida-dele-e-farra\/","url_meta":{"origin":7007,"position":3},"title":"&#8216;a vida dele \u00e9 farra&#8217;","author":"ismaelcolosi.com.br","date":"16 de December de 2023","format":false,"excerpt":"Mc Loma se tornou muito famosa ap\u00f3s fazer m\u00fasica com as amigas, se tornando \u201cMc Loma e as G\u00eameas Lacra\u00e7\u00e3o\u201d. Depois disso, o trio passou a se dedicar como influenciadoras digitais.Embora ainda continuem muito pr\u00f3ximas, as tr\u00eas n\u00e3o vivem mais o mesmo momento de quando era mais novas. Loma se\u2026","rel":"","context":"In &quot;Blog&quot;","block_context":{"text":"Blog","link":"https:\/\/ismaelcolosi.com.br\/index.php\/category\/blog\/"},"img":{"alt_text":"","src":"https:\/\/i0.wp.com\/ismaelcolosi.com.br\/wp-content\/uploads\/2023\/12\/postimg-657d204f15dce4132.jpg?fit=1200%2C628&ssl=1&resize=350%2C200","width":350,"height":200,"srcset":"https:\/\/i0.wp.com\/ismaelcolosi.com.br\/wp-content\/uploads\/2023\/12\/postimg-657d204f15dce4132.jpg?fit=1200%2C628&ssl=1&resize=350%2C200 1x, https:\/\/i0.wp.com\/ismaelcolosi.com.br\/wp-content\/uploads\/2023\/12\/postimg-657d204f15dce4132.jpg?fit=1200%2C628&ssl=1&resize=525%2C300 1.5x, https:\/\/i0.wp.com\/ismaelcolosi.com.br\/wp-content\/uploads\/2023\/12\/postimg-657d204f15dce4132.jpg?fit=1200%2C628&ssl=1&resize=700%2C400 2x, https:\/\/i0.wp.com\/ismaelcolosi.com.br\/wp-content\/uploads\/2023\/12\/postimg-657d204f15dce4132.jpg?fit=1200%2C628&ssl=1&resize=1050%2C600 3x"},"classes":[]},{"id":15847,"url":"https:\/\/ismaelcolosi.com.br\/index.php\/2023\/12\/14\/eliezer-faz-reflexao-sobre-procedimentos-esteticos-cai-na-real\/","url_meta":{"origin":7007,"position":4},"title":"Eliezer faz reflex\u00e3o sobre procedimentos est\u00e9ticos: &#8216;Ca\u00ed na real&#8217;","author":"ismaelcolosi.com.br","date":"14 de December de 2023","format":false,"excerpt":"Alguns influenciadores digitais exibem na internet seus impressionantes \u2018antes e depois\u2019 ap\u00f3s de submeterem a procedimentos est\u00e9ticos no rosto e no corpo.A procura por mudan\u00e7as atrav\u00e9s dos procedimentos teve uma crescente nos \u00faltimos tempos. Entre abdominoplastia, lipoaspira\u00e7\u00e3o, rinoplastia e preenchimentos, est\u00e3o alguns famosos que j\u00e1 realizaram pelo menos um desses.O\u2026","rel":"","context":"In &quot;Blog&quot;","block_context":{"text":"Blog","link":"https:\/\/ismaelcolosi.com.br\/index.php\/category\/blog\/"},"img":{"alt_text":"","src":"https:\/\/i0.wp.com\/ismaelcolosi.com.br\/wp-content\/uploads\/2023\/12\/postimg-657b2189411e64936.jpg?fit=1200%2C628&ssl=1&resize=350%2C200","width":350,"height":200,"srcset":"https:\/\/i0.wp.com\/ismaelcolosi.com.br\/wp-content\/uploads\/2023\/12\/postimg-657b2189411e64936.jpg?fit=1200%2C628&ssl=1&resize=350%2C200 1x, https:\/\/i0.wp.com\/ismaelcolosi.com.br\/wp-content\/uploads\/2023\/12\/postimg-657b2189411e64936.jpg?fit=1200%2C628&ssl=1&resize=525%2C300 1.5x, https:\/\/i0.wp.com\/ismaelcolosi.com.br\/wp-content\/uploads\/2023\/12\/postimg-657b2189411e64936.jpg?fit=1200%2C628&ssl=1&resize=700%2C400 2x, https:\/\/i0.wp.com\/ismaelcolosi.com.br\/wp-content\/uploads\/2023\/12\/postimg-657b2189411e64936.jpg?fit=1200%2C628&ssl=1&resize=1050%2C600 3x"},"classes":[]},{"id":52642,"url":"https:\/\/ismaelcolosi.com.br\/index.php\/2024\/06\/09\/peeling-de-fenol-confira-quais-cuidados-devem-ser-tomados\/","url_meta":{"origin":7007,"position":5},"title":"Peeling de fenol: confira quais cuidados devem ser tomados","author":"ismaelcolosi.com.br","date":"9 de June de 2024","format":false,"excerpt":"A morte de Henrique Silva Chagas, conhecido como Rick Chagas, de 27 anos, ap\u00f3s complica\u00e7\u00f5es geradas por um peeling\u00a0de fenol levantou o debate\u00a0acerca do\u00a0procedimento. O rapaz era de Pirassununga, cidade a aproximadamente 100 quil\u00f4metros de Ribeir\u00e3o Preto. Rick fez o procedimento em uma cl\u00ednica est\u00e9tica, contudo, a dona do local\u2026","rel":"","context":"In &quot;Not\u00edcias de Ribeir\u00e3o Preto-SP e Regi\u00e3o&quot;","block_context":{"text":"Not\u00edcias de Ribeir\u00e3o Preto-SP e Regi\u00e3o","link":"https:\/\/ismaelcolosi.com.br\/index.php\/category\/noticias-de-ribeirao-preto-sp-e-regiao-ismael-colosi\/"},"img":{"alt_text":"","src":"https:\/\/i0.wp.com\/ismaelcolosi.com.br\/wp-content\/uploads\/2024\/06\/EMPRESARIO_2024-06-05_12-17-15_jpg_2024-06-05_12-17-16.webp.webp?fit=1200%2C795&ssl=1&resize=350%2C200","width":350,"height":200,"srcset":"https:\/\/i0.wp.com\/ismaelcolosi.com.br\/wp-content\/uploads\/2024\/06\/EMPRESARIO_2024-06-05_12-17-15_jpg_2024-06-05_12-17-16.webp.webp?fit=1200%2C795&ssl=1&resize=350%2C200 1x, https:\/\/i0.wp.com\/ismaelcolosi.com.br\/wp-content\/uploads\/2024\/06\/EMPRESARIO_2024-06-05_12-17-15_jpg_2024-06-05_12-17-16.webp.webp?fit=1200%2C795&ssl=1&resize=525%2C300 1.5x, https:\/\/i0.wp.com\/ismaelcolosi.com.br\/wp-content\/uploads\/2024\/06\/EMPRESARIO_2024-06-05_12-17-15_jpg_2024-06-05_12-17-16.webp.webp?fit=1200%2C795&ssl=1&resize=700%2C400 2x, https:\/\/i0.wp.com\/ismaelcolosi.com.br\/wp-content\/uploads\/2024\/06\/EMPRESARIO_2024-06-05_12-17-15_jpg_2024-06-05_12-17-16.webp.webp?fit=1200%2C795&ssl=1&resize=1050%2C600 3x"},"classes":[]}],"jetpack_sharing_enabled":true,"jetpack_shortlink":"https:\/\/wp.me\/pfMlyK-1P1","_links":{"self":[{"href":"https:\/\/ismaelcolosi.com.br\/index.php\/wp-json\/wp\/v2\/posts\/7007","targetHints":{"allow":["GET"]}}],"collection":[{"href":"https:\/\/ismaelcolosi.com.br\/index.php\/wp-json\/wp\/v2\/posts"}],"about":[{"href":"https:\/\/ismaelcolosi.com.br\/index.php\/wp-json\/wp\/v2\/types\/post"}],"author":[{"embeddable":true,"href":"https:\/\/ismaelcolosi.com.br\/index.php\/wp-json\/wp\/v2\/users\/1"}],"replies":[{"embeddable":true,"href":"https:\/\/ismaelcolosi.com.br\/index.php\/wp-json\/wp\/v2\/comments?post=7007"}],"version-history":[{"count":0,"href":"https:\/\/ismaelcolosi.com.br\/index.php\/wp-json\/wp\/v2\/posts\/7007\/revisions"}],"wp:featuredmedia":[{"embeddable":true,"href":"https:\/\/ismaelcolosi.com.br\/index.php\/wp-json\/wp\/v2\/media\/7008"}],"wp:attachment":[{"href":"https:\/\/ismaelcolosi.com.br\/index.php\/wp-json\/wp\/v2\/media?parent=7007"}],"wp:term":[{"taxonomy":"category","embeddable":true,"href":"https:\/\/ismaelcolosi.com.br\/index.php\/wp-json\/wp\/v2\/categories?post=7007"},{"taxonomy":"post_tag","embeddable":true,"href":"https:\/\/ismaelcolosi.com.br\/index.php\/wp-json\/wp\/v2\/tags?post=7007"}],"curies":[{"name":"wp","href":"https:\/\/api.w.org\/{rel}","templated":true}]}}