{"id":70065,"date":"2024-10-09T12:43:00","date_gmt":"2024-10-09T15:43:00","guid":{"rendered":"https:\/\/ismaelcolosi.com.br\/index.php\/2024\/10\/09\/2o-turno-em-franca-a-cidade-precisa-continuar-diz-alexandre-ferreira\/"},"modified":"2024-10-09T12:43:00","modified_gmt":"2024-10-09T15:43:00","slug":"2o-turno-em-franca-a-cidade-precisa-continuar-diz-alexandre-ferreira","status":"publish","type":"post","link":"https:\/\/ismaelcolosi.com.br\/index.php\/2024\/10\/09\/2o-turno-em-franca-a-cidade-precisa-continuar-diz-alexandre-ferreira\/","title":{"rendered":"2\u00ba turno em Franca: \u2018A cidade precisa continuar\u2019, diz Alexandre Ferreira"},"content":{"rendered":"<p> <br \/>\n<\/p>\n<p><strong>O candidato \u00e0 Prefeitura de Franca Alexandre Ferreira (MDB) disse&nbsp;nesta quarta-feira (9)<\/strong>,<strong>&nbsp;em entrevista ao acidade on, que \u201ca cidade precisa continuar\u201d.&nbsp;<\/strong>Ele obteve&nbsp;<strong>73.496 votos (47,17%)&nbsp;<\/strong>no \u00faltimo&nbsp;<strong>domingo (6)&nbsp;<\/strong>e est\u00e1 no&nbsp;<strong>segundo turno<\/strong>&nbsp;das&nbsp;<strong>elei\u00e7\u00f5es 2024<\/strong>.<\/p>\n<p><strong>Assista\u00a0<\/strong>ao\u00a0<strong>v\u00eddeo\u00a0<\/strong>abaixo.<\/p>\n<blockquote class=\"instagram-media\" data-instgrm-permalink=\"https:\/\/www.instagram.com\/reel\/DA6Hjw-qaSv\/?utm_source=ig_embed&amp;utm_campaign=loading\" data-instgrm-version=\"14\" style=\"background:#FFF;border:0;border-radius:3px;margin: 1px;max-width:540px;min-width:326px;padding:0;width:99.375%;width:-webkit-calc(100% - 2px);width:calc(100% - 2px)\">\n<div style=\"padding:16px\"> <a href=\"https:\/\/www.instagram.com\/reel\/DA6Hjw-qaSv\/?utm_source=ig_embed&amp;utm_campaign=loading\" style=\"background:#FFFFFF;line-height:0;padding:0 0;text-align:center;text-decoration:none;width:100%\" target=\"_blank\" rel=\"noopener\"> <\/p>\n<div style=\"flex-direction: row;align-items: center\">\n<div style=\"background-color: #F4F4F4;border-radius: 50%;flex-grow: 0;height: 40px;margin-right: 14px;width: 40px\"><\/div>\n<div style=\"flex-direction: column;flex-grow: 1;justify-content: center\">\n<div style=\"background-color: #F4F4F4;border-radius: 4px;flex-grow: 0;height: 14px;margin-bottom: 6px;width: 100px\"><\/div>\n<div style=\"background-color: #F4F4F4;border-radius: 4px;flex-grow: 0;height: 14px;width: 60px\"><\/div>\n<\/div>\n<\/div>\n<div style=\"padding: 19% 0\"><\/div>\n<div style=\"height:50px;margin:0 auto 12px;width:50px\"><\/div>\n<div style=\"padding-top: 8px\">\n<div style=\"color:#3897f0;font-family:Arial,sans-serif;font-size:14px;font-style:normal;font-weight:550;line-height:18px\">Ver essa foto no Instagram<\/div>\n<\/div>\n<div style=\"padding: 12.5% 0\"><\/div>\n<div style=\"flex-direction: row;margin-bottom: 14px;align-items: center\">\n<div>\n<div style=\"background-color: #F4F4F4;border-radius: 50%;height: 12.5px;width: 12.5px\"><\/div>\n<div style=\"background-color: #F4F4F4;height: 12.5px;width: 12.5px;flex-grow: 0;margin-right: 14px;margin-left: 2px\"><\/div>\n<div style=\"background-color: #F4F4F4;border-radius: 50%;height: 12.5px;width: 12.5px\"><\/div>\n<\/div>\n<div style=\"margin-left: 8px\">\n<div style=\"background-color: #F4F4F4;border-radius: 50%;flex-grow: 0;height: 20px;width: 20px\"><\/div>\n<div style=\"width: 0;height: 0;border-top: 2px solid transparent;border-left: 6px solid #f4f4f4;border-bottom: 2px solid transparent\"><\/div>\n<\/div>\n<div style=\"margin-left: auto\">\n<div style=\"width: 0px;border-top: 8px solid #F4F4F4;border-right: 8px solid transparent\"><\/div>\n<div style=\"background-color: #F4F4F4;flex-grow: 0;height: 12px;width: 16px\"><\/div>\n<div style=\"width: 0;height: 0;border-top: 8px solid #F4F4F4;border-left: 8px solid transparent\"><\/div>\n<\/div>\n<\/div>\n<div style=\"flex-direction: column;flex-grow: 1;justify-content: center;margin-bottom: 24px\">\n<div style=\"background-color: #F4F4F4;border-radius: 4px;flex-grow: 0;height: 14px;margin-bottom: 6px;width: 224px\"><\/div>\n<div style=\"background-color: #F4F4F4;border-radius: 4px;flex-grow: 0;height: 14px;width: 144px\"><\/div>\n<\/div>\n<p><\/a><\/p>\n<p style=\"color:#c9c8cd;font-family:Arial,sans-serif;font-size:14px;line-height:17px;margin-bottom:0;margin-top:8px;overflow:hidden;padding:8px 0 7px;text-align:center\"><a href=\"https:\/\/www.instagram.com\/reel\/DA6Hjw-qaSv\/?utm_source=ig_embed&amp;utm_campaign=loading\" style=\"color:#c9c8cd;font-family:Arial,sans-serif;font-size:14px;font-style:normal;font-weight:normal;line-height:17px;text-decoration:none\" target=\"_blank\" rel=\"noopener\">Uma publica\u00e7\u00e3o compartilhada por acidade on Ribeir\u00e3o (@acidadeonribeirao)<\/a><\/p>\n<\/div>\n<\/blockquote>\n<blockquote class=\"wp-block-quote\">\n<p>&#8220;[Vamos] mostrar para as pessoas como n\u00f3s reconstru\u00edmos a cidade, o que a gente vai fazer daqui pra frente e dizer, principalmente, a cidade precisa continuar, completar o trabalho que a gente fez anteriormente&#8221;<\/p>\n<p><cite><strong>Alexandre Ferreira (MDB)<\/strong><\/cite><\/p><\/blockquote>\n<p><strong>Alexandre Ferreira <\/strong>disputa o segundo turno das elei\u00e7\u00f5es em<strong> Franca<\/strong>&nbsp;com o candidato&nbsp;<strong>Jo\u00e3o Rocha (PL)<\/strong>, que obteve&nbsp;<strong>44.545 votos (28,59%)<\/strong>&nbsp;&nbsp;no primeiro turno.<strong><\/strong><\/p>\n<p><strong>Jo\u00e3o Rocha <\/strong>ser\u00e1 entrevistado pelo<strong>&nbsp;acidade on&nbsp;<\/strong>nesta quinta-<strong>feira (10)<\/strong>.<\/p>\n<p>SAIBA MAIS<\/p>\n<p>Alexandre Ferreira e Jo\u00e3o Rocha v\u00e3o disputar o 2\u00ba turno em Franca<\/p>\n<h4 class=\"wp-block-heading\"><strong>FIQUE ON<\/strong><\/h4>\n<p>Fique ligado em tudo que acontece em Ribeir\u00e3o Preto e regi\u00e3o. Siga os perfis do&nbsp;<strong>acidade on&nbsp;<\/strong>no&nbsp;<a href=\"https:\/\/www.instagram.com\/acidadeonribeirao\" target=\"_blank\" rel=\"noreferrer noopener\">Instagram<\/a>&nbsp;e no&nbsp;<a href=\"https:\/\/www.facebook.com\/acidadeonribeirao\/\" target=\"_blank\" rel=\"noreferrer noopener\">Facebook<\/a>.<\/p>\n<p>Receba not\u00edcias do&nbsp;<strong>acidade on<\/strong>&nbsp;no WhatsApp.&nbsp;<a href=\"https:\/\/chat.whatsapp.com\/Fg4ok3aAVyB59DP63pRapr\" target=\"_blank\" rel=\"noreferrer noopener\">Para entrar no grupo, basta clicar aqui.<\/a><\/p>\n<p>Fa\u00e7a uma den\u00fancia ou sugira uma reportagem sobre Ribeir\u00e3o Preto e regi\u00e3o pelo WhatsApp: 16 99117 7802.<\/p>\n<p>VEJA TAMB\u00c9M<\/p>\n<p>Quando come\u00e7am as inscri\u00e7\u00f5es para o concurso dos Correios?&nbsp;<\/p>\n<p>O post 2\u00ba turno em Franca: \u2018A cidade precisa continuar\u2019, diz Alexandre Ferreira apareceu primeiro em ACidade ON Ribeir\u00e3o Preto.<\/p>\n<p><script async src=\"\/\/www.instagram.com\/embed.js\"><\/script><br \/>\n<br \/><br \/>\n<br \/><a href=\"https:\/\/www.acidadeon.com\/ribeiraopreto\/politica\/2o-turno-em-franca-a-cidade-precisa-continuar-diz-alexandre-ferreira\/\">Source link <\/a><\/p>\n<div class='code-block code-block-4' style='margin: 8px auto 8px 0; text-align: left; display: block; clear: both;'>\n\ud83d\udce2 Aviso Legal\n\nO site ismaelcolosi.com.br atua apenas como um canal de divulga\u00e7\u00e3o de oportunidades de emprego e n\u00e3o se responsabiliza pelo processo seletivo, contrata\u00e7\u00e3o ou qualquer outra etapa relacionada \u00e0s vagas publicadas. Todas as informa\u00e7\u00f5es s\u00e3o de responsabilidade dos anunciantes.\n\n\u26a0\ufe0f Aten\u00e7\u00e3o! Nunca pague por promessas de emprego nem compre cursos que garantam contrata\u00e7\u00e3o. Desconfie de qualquer cobran\u00e7a para participar de sele\u00e7\u00f5es.\n\n\n\n<\/div>\n<!-- CONTENT END 1 -->\n","protected":false},"excerpt":{"rendered":"<p>O candidato \u00e0 Prefeitura de Franca Alexandre Ferreira (MDB) disse&nbsp;nesta quarta-feira (9),&nbsp;em entrevista ao acidade on, que \u201ca cidade precisa continuar\u201d.&nbsp;Ele obteve&nbsp;73.496 votos (47,17%)&nbsp;no \u00faltimo&nbsp;domingo&#8230;<\/p>\n","protected":false},"author":1,"featured_media":70066,"comment_status":"open","ping_status":"open","sticky":false,"template":"","format":"standard","meta":{"_uag_custom_page_level_css":"","advanced_seo_description":"","jetpack_seo_html_title":"","jetpack_seo_noindex":false,"jetpack_post_was_ever_published":false,"_jetpack_newsletter_access":"","_jetpack_dont_email_post_to_subs":false,"_jetpack_newsletter_tier_id":0,"_jetpack_memberships_contains_paywalled_content":false,"_jetpack_memberships_contains_paid_content":false,"footnotes":"","jetpack_publicize_message":"","jetpack_publicize_feature_enabled":true,"jetpack_social_post_already_shared":true,"jetpack_social_options":{"image_generator_settings":{"template":"highway","default_image_id":0,"font":"","enabled":false},"version":2}},"categories":[11],"tags":[],"class_list":["post-70065","post","type-post","status-publish","format-standard","has-post-thumbnail","hentry","category-noticias-de-ribeirao-preto-sp-e-regiao-ismael-colosi"],"jetpack_publicize_connections":[],"jetpack_featured_media_url":"https:\/\/i0.wp.com\/ismaelcolosi.com.br\/wp-content\/uploads\/2024\/10\/WhatsApp-Image-2024-10-09-at-12.06.01_2024-10-09_15-07-20_jpeg_2024-10-09_15-07-20.webp.webp?fit=470%2C334&ssl=1","uagb_featured_image_src":{"full":["https:\/\/i0.wp.com\/ismaelcolosi.com.br\/wp-content\/uploads\/2024\/10\/WhatsApp-Image-2024-10-09-at-12.06.01_2024-10-09_15-07-20_jpeg_2024-10-09_15-07-20.webp.webp?fit=470%2C334&ssl=1",470,334,false],"thumbnail":["https:\/\/i0.wp.com\/ismaelcolosi.com.br\/wp-content\/uploads\/2024\/10\/WhatsApp-Image-2024-10-09-at-12.06.01_2024-10-09_15-07-20_jpeg_2024-10-09_15-07-20.webp.webp?resize=150%2C150&ssl=1",150,150,true],"medium":["https:\/\/i0.wp.com\/ismaelcolosi.com.br\/wp-content\/uploads\/2024\/10\/WhatsApp-Image-2024-10-09-at-12.06.01_2024-10-09_15-07-20_jpeg_2024-10-09_15-07-20.webp.webp?fit=300%2C213&ssl=1",300,213,true],"medium_large":["https:\/\/i0.wp.com\/ismaelcolosi.com.br\/wp-content\/uploads\/2024\/10\/WhatsApp-Image-2024-10-09-at-12.06.01_2024-10-09_15-07-20_jpeg_2024-10-09_15-07-20.webp.webp?fit=470%2C334&ssl=1",470,334,true],"large":["https:\/\/i0.wp.com\/ismaelcolosi.com.br\/wp-content\/uploads\/2024\/10\/WhatsApp-Image-2024-10-09-at-12.06.01_2024-10-09_15-07-20_jpeg_2024-10-09_15-07-20.webp.webp?fit=470%2C334&ssl=1",470,334,true],"1536x1536":["https:\/\/i0.wp.com\/ismaelcolosi.com.br\/wp-content\/uploads\/2024\/10\/WhatsApp-Image-2024-10-09-at-12.06.01_2024-10-09_15-07-20_jpeg_2024-10-09_15-07-20.webp.webp?fit=470%2C334&ssl=1",470,334,true],"2048x2048":["https:\/\/i0.wp.com\/ismaelcolosi.com.br\/wp-content\/uploads\/2024\/10\/WhatsApp-Image-2024-10-09-at-12.06.01_2024-10-09_15-07-20_jpeg_2024-10-09_15-07-20.webp.webp?fit=470%2C334&ssl=1",470,334,true],"really-simple-thumb":["https:\/\/i0.wp.com\/ismaelcolosi.com.br\/wp-content\/uploads\/2024\/10\/WhatsApp-Image-2024-10-09-at-12.06.01_2024-10-09_15-07-20_jpeg_2024-10-09_15-07-20.webp.webp?resize=370%2C247&ssl=1",370,247,true]},"uagb_author_info":{"display_name":"ismaelcolosi.com.br","author_link":"https:\/\/ismaelcolosi.com.br\/index.php\/author\/vidareal-online\/"},"uagb_comment_info":0,"uagb_excerpt":"O candidato \u00e0 Prefeitura de Franca Alexandre Ferreira (MDB) disse&nbsp;nesta quarta-feira (9),&nbsp;em entrevista ao acidade on, que \u201ca cidade precisa continuar\u201d.&nbsp;Ele obteve&nbsp;73.496 votos (47,17%)&nbsp;no \u00faltimo&nbsp;domingo...","jetpack-related-posts":[{"id":70334,"url":"https:\/\/ismaelcolosi.com.br\/index.php\/2024\/10\/10\/2o-turno-em-franca-a-cidade-precisa-mudar-diz-joao-rocha\/","url_meta":{"origin":70065,"position":0},"title":"2\u00ba turno em Franca: \u2018A cidade precisa mudar\u2019, diz Jo\u00e3o Rocha","author":"ismaelcolosi.com.br","date":"10 de October de 2024","format":false,"excerpt":"O candidato \u00e0 Prefeitura de Franca Jo\u00e3o Rocha (PL) disse\u00a0nesta quinta-feira (10),\u00a0em entrevista ao acidade on, que \u201ca cidade precisa mudar\u201d.\u00a0Ele obteve\u00a044.545 votos (28,59%)\u00a0no \u00faltimo\u00a0domingo (6)\u00a0e est\u00e1 no\u00a0segundo turno\u00a0das\u00a0elei\u00e7\u00f5es 2024. Assista\u00a0ao\u00a0v\u00eddeo\u00a0abaixo. \u201c[O eleitor pode esperar] uma campanha com clareza, mostrando os nossos prop\u00f3sitos pra sa\u00fade, educa\u00e7\u00e3o, seguran\u00e7a e [aos] problemas\u2026","rel":"","context":"In &quot;Not\u00edcias de Ribeir\u00e3o Preto-SP e Regi\u00e3o&quot;","block_context":{"text":"Not\u00edcias de Ribeir\u00e3o Preto-SP e Regi\u00e3o","link":"https:\/\/ismaelcolosi.com.br\/index.php\/category\/noticias-de-ribeirao-preto-sp-e-regiao-ismael-colosi\/"},"img":{"alt_text":"","src":"https:\/\/i0.wp.com\/ismaelcolosi.com.br\/wp-content\/uploads\/2024\/10\/WhatsApp-Image-2024-10-10-at-11.51.10_2024-10-10_14-52-20_jpeg_2024-10-10_14-52-20.webp.webp?fit=478%2C397&ssl=1&resize=350%2C200","width":350,"height":200},"classes":[]},{"id":73571,"url":"https:\/\/ismaelcolosi.com.br\/index.php\/2024\/10\/27\/alexandre-ferreira-e-reeleito-prefeito-de-franca\/","url_meta":{"origin":70065,"position":1},"title":"Alexandre Ferreira \u00e9 reeleito prefeito de Franca","author":"ismaelcolosi.com.br","date":"27 de October de 2024","format":false,"excerpt":"O candidato Alexandre Ferreira (MDB) foi reeleito prefeito de Franca, cidade na regi\u00e3o de Ribeir\u00e3o Preto, no come\u00e7o da noite deste domingo (27). Conforme os dados do Tribunal Superior Eleitoral (TSE), ao final da apura\u00e7\u00e3o, \u00e0s xx, o Chefe do Poder Executivo municipal recebeu 82.856 votos (58,64%). J\u00e1 Jo\u00e3o Rocha\u2026","rel":"","context":"In &quot;Not\u00edcias de Ribeir\u00e3o Preto-SP e Regi\u00e3o&quot;","block_context":{"text":"Not\u00edcias de Ribeir\u00e3o Preto-SP e Regi\u00e3o","link":"https:\/\/ismaelcolosi.com.br\/index.php\/category\/noticias-de-ribeirao-preto-sp-e-regiao-ismael-colosi\/"},"img":{"alt_text":"","src":"https:\/\/i0.wp.com\/ismaelcolosi.com.br\/wp-content\/uploads\/2024\/09\/alexandre-ferreira_2024-09-09_14-40-04_jpg_2024-09-09_14-40-04.webp.webp?fit=1079%2C845&ssl=1&resize=350%2C200","width":350,"height":200,"srcset":"https:\/\/i0.wp.com\/ismaelcolosi.com.br\/wp-content\/uploads\/2024\/09\/alexandre-ferreira_2024-09-09_14-40-04_jpg_2024-09-09_14-40-04.webp.webp?fit=1079%2C845&ssl=1&resize=350%2C200 1x, https:\/\/i0.wp.com\/ismaelcolosi.com.br\/wp-content\/uploads\/2024\/09\/alexandre-ferreira_2024-09-09_14-40-04_jpg_2024-09-09_14-40-04.webp.webp?fit=1079%2C845&ssl=1&resize=525%2C300 1.5x, https:\/\/i0.wp.com\/ismaelcolosi.com.br\/wp-content\/uploads\/2024\/09\/alexandre-ferreira_2024-09-09_14-40-04_jpg_2024-09-09_14-40-04.webp.webp?fit=1079%2C845&ssl=1&resize=700%2C400 2x, https:\/\/i0.wp.com\/ismaelcolosi.com.br\/wp-content\/uploads\/2024\/09\/alexandre-ferreira_2024-09-09_14-40-04_jpg_2024-09-09_14-40-04.webp.webp?fit=1079%2C845&ssl=1&resize=1050%2C600 3x"},"classes":[]},{"id":69579,"url":"https:\/\/ismaelcolosi.com.br\/index.php\/2024\/10\/06\/alexandre-ferreira-e-joao-rocha-vao-disputar-o-2o-turno-em-franca\/","url_meta":{"origin":70065,"position":2},"title":"Alexandre Ferreira e Jo\u00e3o Rocha v\u00e3o disputar o 2\u00ba turno em Franca","author":"ismaelcolosi.com.br","date":"6 de October de 2024","format":false,"excerpt":"Os candidatos Alexandre Ferreira (MDB) e Jo\u00e3o Rocha (PL) v\u00e3o decidir no 2\u00ba turno, que ser\u00e1 realizado no dia 27 de outubro, quem ser\u00e1 o pr\u00f3ximo prefeito de Franca. Conforme os dados do Tribunal Superior Eleitoral (TSE), ao final da apura\u00e7\u00e3o, \u00e0s 19h30, Alexandre recebeu 73.390 votos (47,18%) e o\u2026","rel":"","context":"In &quot;Not\u00edcias de Ribeir\u00e3o Preto-SP e Regi\u00e3o&quot;","block_context":{"text":"Not\u00edcias de Ribeir\u00e3o Preto-SP e Regi\u00e3o","link":"https:\/\/ismaelcolosi.com.br\/index.php\/category\/noticias-de-ribeirao-preto-sp-e-regiao-ismael-colosi\/"},"img":{"alt_text":"","src":"https:\/\/i0.wp.com\/ismaelcolosi.com.br\/wp-content\/uploads\/2024\/10\/Copia-de-Copia-de-Copia-de-TAMANHO-EXATO-PARA-FOTOS-NO-SISTEMA-NOVO-20_2024-10-06_22-39-25_jpg_2024-10-06_22-39-25.webp.webp?fit=1200%2C675&ssl=1&resize=350%2C200","width":350,"height":200,"srcset":"https:\/\/i0.wp.com\/ismaelcolosi.com.br\/wp-content\/uploads\/2024\/10\/Copia-de-Copia-de-Copia-de-TAMANHO-EXATO-PARA-FOTOS-NO-SISTEMA-NOVO-20_2024-10-06_22-39-25_jpg_2024-10-06_22-39-25.webp.webp?fit=1200%2C675&ssl=1&resize=350%2C200 1x, https:\/\/i0.wp.com\/ismaelcolosi.com.br\/wp-content\/uploads\/2024\/10\/Copia-de-Copia-de-Copia-de-TAMANHO-EXATO-PARA-FOTOS-NO-SISTEMA-NOVO-20_2024-10-06_22-39-25_jpg_2024-10-06_22-39-25.webp.webp?fit=1200%2C675&ssl=1&resize=525%2C300 1.5x, https:\/\/i0.wp.com\/ismaelcolosi.com.br\/wp-content\/uploads\/2024\/10\/Copia-de-Copia-de-Copia-de-TAMANHO-EXATO-PARA-FOTOS-NO-SISTEMA-NOVO-20_2024-10-06_22-39-25_jpg_2024-10-06_22-39-25.webp.webp?fit=1200%2C675&ssl=1&resize=700%2C400 2x, https:\/\/i0.wp.com\/ismaelcolosi.com.br\/wp-content\/uploads\/2024\/10\/Copia-de-Copia-de-Copia-de-TAMANHO-EXATO-PARA-FOTOS-NO-SISTEMA-NOVO-20_2024-10-06_22-39-25_jpg_2024-10-06_22-39-25.webp.webp?fit=1200%2C675&ssl=1&resize=1050%2C600 3x"},"classes":[]},{"id":73558,"url":"https:\/\/ismaelcolosi.com.br\/index.php\/2024\/10\/27\/tempo-real-acompanhe-a-apuracao-dos-votos-do-2o-turno-em-franca\/","url_meta":{"origin":70065,"position":3},"title":"Tempo real: Acompanhe a apura\u00e7\u00e3o dos votos do 2\u00ba turno em Franca","author":"ismaelcolosi.com.br","date":"27 de October de 2024","format":false,"excerpt":"Carregando... N\u00e3o foram encontrados candidatos com o nome pesquisado. ALEXANDRE FERREIRA (15) MDB VICE: EVERTON DE PAULA 0.00% (0 votos) JO\u00c3O ROCHA (22) PL VICE: ILTON S\u00c9RGIO FERREIRA 0.00% (0 votos) O 2\u00ba turno das elei\u00e7\u00f5es municipais acontece neste domingo (27) para escolha do pr\u00f3ximo prefeito de Franca. Voc\u00ea pode\u2026","rel":"","context":"In &quot;Not\u00edcias de Ribeir\u00e3o Preto-SP e Regi\u00e3o&quot;","block_context":{"text":"Not\u00edcias de Ribeir\u00e3o Preto-SP e Regi\u00e3o","link":"https:\/\/ismaelcolosi.com.br\/index.php\/category\/noticias-de-ribeirao-preto-sp-e-regiao-ismael-colosi\/"},"img":{"alt_text":"","src":"https:\/\/i0.wp.com\/ismaelcolosi.com.br\/wp-content\/uploads\/2024\/07\/urna-eletronica_2024-07-20_21-25-53_jpg_2024-07-20_21-25-53.webp.webp?fit=1170%2C700&ssl=1&resize=350%2C200","width":350,"height":200,"srcset":"https:\/\/i0.wp.com\/ismaelcolosi.com.br\/wp-content\/uploads\/2024\/07\/urna-eletronica_2024-07-20_21-25-53_jpg_2024-07-20_21-25-53.webp.webp?fit=1170%2C700&ssl=1&resize=350%2C200 1x, https:\/\/i0.wp.com\/ismaelcolosi.com.br\/wp-content\/uploads\/2024\/07\/urna-eletronica_2024-07-20_21-25-53_jpg_2024-07-20_21-25-53.webp.webp?fit=1170%2C700&ssl=1&resize=525%2C300 1.5x, https:\/\/i0.wp.com\/ismaelcolosi.com.br\/wp-content\/uploads\/2024\/07\/urna-eletronica_2024-07-20_21-25-53_jpg_2024-07-20_21-25-53.webp.webp?fit=1170%2C700&ssl=1&resize=700%2C400 2x, https:\/\/i0.wp.com\/ismaelcolosi.com.br\/wp-content\/uploads\/2024\/07\/urna-eletronica_2024-07-20_21-25-53_jpg_2024-07-20_21-25-53.webp.webp?fit=1170%2C700&ssl=1&resize=1050%2C600 3x"},"classes":[]},{"id":61544,"url":"https:\/\/ismaelcolosi.com.br\/index.php\/2024\/08\/22\/saiba-quem-sao-os-candidatos-a-prefeitura-de-franca\/","url_meta":{"origin":70065,"position":4},"title":"Saiba quem s\u00e3o os candidatos \u00e0 Prefeitura de Franca","author":"ismaelcolosi.com.br","date":"22 de August de 2024","format":false,"excerpt":"Franca, na interior de S\u00e3o Paulo, \u00e9 uma das cidades como mais pretendentes na disputa pela prefeitura nas elei\u00e7\u00f5es 2024 \u2013 novo ao todo. O primeiro turno est\u00e1 marcado para o dia 6 de outubro e, se necess\u00e1rio, o segundo turno acontece no dia 27 de outubro. Veja os candidatos:\u2026","rel":"","context":"In &quot;Not\u00edcias de Ribeir\u00e3o Preto-SP e Regi\u00e3o&quot;","block_context":{"text":"Not\u00edcias de Ribeir\u00e3o Preto-SP e Regi\u00e3o","link":"https:\/\/ismaelcolosi.com.br\/index.php\/category\/noticias-de-ribeirao-preto-sp-e-regiao-ismael-colosi\/"},"img":{"alt_text":"","src":"https:\/\/i0.wp.com\/ismaelcolosi.com.br\/wp-content\/uploads\/2024\/08\/prefeitura-de-franca_2024-08-22_13-37-01_jpg_2024-08-22_13-37-01.webp.webp?fit=1200%2C793&ssl=1&resize=350%2C200","width":350,"height":200,"srcset":"https:\/\/i0.wp.com\/ismaelcolosi.com.br\/wp-content\/uploads\/2024\/08\/prefeitura-de-franca_2024-08-22_13-37-01_jpg_2024-08-22_13-37-01.webp.webp?fit=1200%2C793&ssl=1&resize=350%2C200 1x, https:\/\/i0.wp.com\/ismaelcolosi.com.br\/wp-content\/uploads\/2024\/08\/prefeitura-de-franca_2024-08-22_13-37-01_jpg_2024-08-22_13-37-01.webp.webp?fit=1200%2C793&ssl=1&resize=525%2C300 1.5x, https:\/\/i0.wp.com\/ismaelcolosi.com.br\/wp-content\/uploads\/2024\/08\/prefeitura-de-franca_2024-08-22_13-37-01_jpg_2024-08-22_13-37-01.webp.webp?fit=1200%2C793&ssl=1&resize=700%2C400 2x, https:\/\/i0.wp.com\/ismaelcolosi.com.br\/wp-content\/uploads\/2024\/08\/prefeitura-de-franca_2024-08-22_13-37-01_jpg_2024-08-22_13-37-01.webp.webp?fit=1200%2C793&ssl=1&resize=1050%2C600 3x"},"classes":[]},{"id":68318,"url":"https:\/\/ismaelcolosi.com.br\/index.php\/2024\/09\/29\/veja-o-que-aconteceu-no-debate-da-eptv-com-candidatos-a-prefeitura-de-franca\/","url_meta":{"origin":70065,"position":5},"title":"Veja o que aconteceu no debate da EPTV com candidatos \u00e0 Prefeitura de Franca","author":"ismaelcolosi.com.br","date":"29 de September de 2024","format":false,"excerpt":"Os candidatos \u00e0 Prefeitura de Franca participaram do debate promovido pela EPTV na noite deste s\u00e1bado (28), que se estendeu at\u00e9 a madrugada deste domingo (29). O debate tamb\u00e9m teve transmiss\u00e3o pelo acidade on. Foram quatro blocos, sendo dois com temas livres e outros dois com temas determinados. Confira os\u2026","rel":"","context":"In &quot;Not\u00edcias de Ribeir\u00e3o Preto-SP e Regi\u00e3o&quot;","block_context":{"text":"Not\u00edcias de Ribeir\u00e3o Preto-SP e Regi\u00e3o","link":"https:\/\/ismaelcolosi.com.br\/index.php\/category\/noticias-de-ribeirao-preto-sp-e-regiao-ismael-colosi\/"},"img":{"alt_text":"","src":"https:\/\/i0.wp.com\/ismaelcolosi.com.br\/wp-content\/uploads\/2024\/09\/DEBATE_2024-09-29_05-17-49_jpg_2024-09-29_05-17-49.webp.webp?fit=1200%2C605&ssl=1&resize=350%2C200","width":350,"height":200,"srcset":"https:\/\/i0.wp.com\/ismaelcolosi.com.br\/wp-content\/uploads\/2024\/09\/DEBATE_2024-09-29_05-17-49_jpg_2024-09-29_05-17-49.webp.webp?fit=1200%2C605&ssl=1&resize=350%2C200 1x, https:\/\/i0.wp.com\/ismaelcolosi.com.br\/wp-content\/uploads\/2024\/09\/DEBATE_2024-09-29_05-17-49_jpg_2024-09-29_05-17-49.webp.webp?fit=1200%2C605&ssl=1&resize=525%2C300 1.5x, https:\/\/i0.wp.com\/ismaelcolosi.com.br\/wp-content\/uploads\/2024\/09\/DEBATE_2024-09-29_05-17-49_jpg_2024-09-29_05-17-49.webp.webp?fit=1200%2C605&ssl=1&resize=700%2C400 2x, https:\/\/i0.wp.com\/ismaelcolosi.com.br\/wp-content\/uploads\/2024\/09\/DEBATE_2024-09-29_05-17-49_jpg_2024-09-29_05-17-49.webp.webp?fit=1200%2C605&ssl=1&resize=1050%2C600 3x"},"classes":[]}],"jetpack_sharing_enabled":true,"jetpack_shortlink":"https:\/\/wp.me\/pfMlyK-ie5","_links":{"self":[{"href":"https:\/\/ismaelcolosi.com.br\/index.php\/wp-json\/wp\/v2\/posts\/70065","targetHints":{"allow":["GET"]}}],"collection":[{"href":"https:\/\/ismaelcolosi.com.br\/index.php\/wp-json\/wp\/v2\/posts"}],"about":[{"href":"https:\/\/ismaelcolosi.com.br\/index.php\/wp-json\/wp\/v2\/types\/post"}],"author":[{"embeddable":true,"href":"https:\/\/ismaelcolosi.com.br\/index.php\/wp-json\/wp\/v2\/users\/1"}],"replies":[{"embeddable":true,"href":"https:\/\/ismaelcolosi.com.br\/index.php\/wp-json\/wp\/v2\/comments?post=70065"}],"version-history":[{"count":0,"href":"https:\/\/ismaelcolosi.com.br\/index.php\/wp-json\/wp\/v2\/posts\/70065\/revisions"}],"wp:featuredmedia":[{"embeddable":true,"href":"https:\/\/ismaelcolosi.com.br\/index.php\/wp-json\/wp\/v2\/media\/70066"}],"wp:attachment":[{"href":"https:\/\/ismaelcolosi.com.br\/index.php\/wp-json\/wp\/v2\/media?parent=70065"}],"wp:term":[{"taxonomy":"category","embeddable":true,"href":"https:\/\/ismaelcolosi.com.br\/index.php\/wp-json\/wp\/v2\/categories?post=70065"},{"taxonomy":"post_tag","embeddable":true,"href":"https:\/\/ismaelcolosi.com.br\/index.php\/wp-json\/wp\/v2\/tags?post=70065"}],"curies":[{"name":"wp","href":"https:\/\/api.w.org\/{rel}","templated":true}]}}