{"id":70063,"date":"2024-10-09T12:28:08","date_gmt":"2024-10-09T15:28:08","guid":{"rendered":"https:\/\/ismaelcolosi.com.br\/index.php\/2024\/10\/09\/contrata-se-profissionais\/"},"modified":"2024-10-09T12:28:08","modified_gmt":"2024-10-09T15:28:08","slug":"contrata-se-profissionais","status":"publish","type":"post","link":"https:\/\/ismaelcolosi.com.br\/index.php\/2024\/10\/09\/contrata-se-profissionais\/","title":{"rendered":"CONTRATA-SE PROFISSIONAIS"},"content":{"rendered":"<div>\n                    <a href=\"https:\/\/tribunaribeirao.com.br\/classificadostribuna\/index.php?page=item&amp;id=4249\" class=\"title\" title=\"CONTRATA-SE PROFISSIONAIS\">CONTRATA-SE PROFISSIONAIS<\/a><\/p>\n<p>\n                        <span class=\"category\">Empregos<\/span> &#8211;<br \/>\n                        <span class=\"location\"> <\/span> <span class=\"g-hide\">&#8211;<\/span> 07\/10\/2024                                            <\/p>\n<p>Anjos do cuidar seleciona profissionais: bab\u00e1, cuidadores de idosos, enfermeiros para trabalhar em domic\u00edlio com boa remunera\u00e7\u00e3o. Interessados enviar curr\u00edculo para\u00a0<a href=\"https:\/\/www.tribunaribeirao.com.br\/cdn-cgi\/l\/email-protection\" class=\"__cf_email__\" data-cfemail=\"e09288a0818e8a8f93848f839589848192ce838f8dce8292\">[email\u00a0protected]<\/a>\u00a0ou (17) 99648 5255\u00a0<\/p>\n<\/p><\/div>\n<div class='code-block code-block-4' style='margin: 8px auto 8px 0; text-align: left; display: block; clear: both;'>\n\ud83d\udce2 Aviso Legal\n\nO site ismaelcolosi.com.br atua apenas como um canal de divulga\u00e7\u00e3o de oportunidades de emprego e n\u00e3o se responsabiliza pelo processo seletivo, contrata\u00e7\u00e3o ou qualquer outra etapa relacionada \u00e0s vagas publicadas. Todas as informa\u00e7\u00f5es s\u00e3o de responsabilidade dos anunciantes.\n\n\u26a0\ufe0f Aten\u00e7\u00e3o! Nunca pague por promessas de emprego nem compre cursos que garantam contrata\u00e7\u00e3o. Desconfie de qualquer cobran\u00e7a para participar de sele\u00e7\u00f5es.\n\n\n\n<\/div>\n<!-- CONTENT END 1 -->\n","protected":false},"excerpt":{"rendered":"<p>CONTRATA-SE PROFISSIONAIS Empregos &#8211; &#8211; 07\/10\/2024 Anjos do cuidar seleciona profissionais: bab\u00e1, cuidadores de idosos, enfermeiros para trabalhar em domic\u00edlio com boa remunera\u00e7\u00e3o. Interessados enviar&#8230;<\/p>\n","protected":false},"author":1,"featured_media":0,"comment_status":"open","ping_status":"open","sticky":false,"template":"","format":"standard","meta":{"_uag_custom_page_level_css":"","advanced_seo_description":"","jetpack_seo_html_title":"","jetpack_seo_noindex":false,"jetpack_post_was_ever_published":false,"_jetpack_newsletter_access":"","_jetpack_dont_email_post_to_subs":false,"_jetpack_newsletter_tier_id":0,"_jetpack_memberships_contains_paywalled_content":false,"_jetpack_memberships_contains_paid_content":false,"footnotes":"","jetpack_publicize_message":"","jetpack_publicize_feature_enabled":true,"jetpack_social_post_already_shared":true,"jetpack_social_options":{"image_generator_settings":{"template":"highway","default_image_id":0,"font":"","enabled":false},"version":2}},"categories":[7],"tags":[],"class_list":["post-70063","post","type-post","status-publish","format-standard","hentry","category-vagas-de-empregos-em-ribeirao-preto-regiao-brasil"],"jetpack_publicize_connections":[],"jetpack_featured_media_url":"","uagb_featured_image_src":{"full":false,"thumbnail":false,"medium":false,"medium_large":false,"large":false,"1536x1536":false,"2048x2048":false,"really-simple-thumb":false},"uagb_author_info":{"display_name":"ismaelcolosi.com.br","author_link":"https:\/\/ismaelcolosi.com.br\/index.php\/author\/vidareal-online\/"},"uagb_comment_info":0,"uagb_excerpt":"CONTRATA-SE PROFISSIONAIS Empregos &#8211; &#8211; 07\/10\/2024 Anjos do cuidar seleciona profissionais: bab\u00e1, cuidadores de idosos, enfermeiros para trabalhar em domic\u00edlio com boa remunera\u00e7\u00e3o. Interessados enviar...","jetpack-related-posts":[{"id":72097,"url":"https:\/\/ismaelcolosi.com.br\/index.php\/2024\/10\/19\/contrata-se-atendente-para-outlet\/","url_meta":{"origin":70063,"position":0},"title":"CONTRATA-SE ATENDENTE PARA OUTLET","author":"ismaelcolosi.com.br","date":"19 de October de 2024","format":false,"excerpt":"An\u00fancios CONTRATA-SE ATENDENTE PARA OUTLET Empregos - - 16\/10\/2024 Em Cravinhos (V\u00e1rias vagas) -\u00a0Curr\u00edculos www.actionrh.com.br ou 16 98161.2000 (whatsapp).- Empresa \u2013 Action RH ESTAMOS CONTRATANDO Empregos - - 15\/10\/2024 Vagas para Ribeir\u00e3o Preto: Pintor Industrial, Torneiro Mec\u00e2nico, Montador de Roletes, Soldador, Caldeireiro, Ajudante de Produ\u00e7\u00e3o, Operador Serra Fita, Almoxarifado\/Expedi\u00e7\u00e3o. Interessados\u2026","rel":"","context":"In &quot;Vagas de Emprego em Ribeir\u00e3o Preto-SP&quot;","block_context":{"text":"Vagas de Emprego em Ribeir\u00e3o Preto-SP","link":"https:\/\/ismaelcolosi.com.br\/index.php\/category\/empregos-classificados-vagas-trabalho\/vagas-de-empregos-em-ribeirao-preto-regiao-brasil\/"},"img":{"alt_text":"CONTRATA-SE ATENDENTE PARA OUTLET","src":"https:\/\/i0.wp.com\/tribunaribeirao.com.br\/classificadostribuna\/oc-content\/uploads\/42\/4797_thumbnail.jpg?resize=350%2C200&ssl=1","width":350,"height":200},"classes":[]},{"id":73932,"url":"https:\/\/ismaelcolosi.com.br\/index.php\/2024\/10\/29\/contrata-se-lavador-e-acabador-para-lava-jato\/","url_meta":{"origin":70063,"position":1},"title":"CONTRATA-SE LAVADOR E ACABADOR PARA LAVA-JATO","author":"ismaelcolosi.com.br","date":"29 de October de 2024","format":false,"excerpt":"An\u00fancios CONTRATA-SE ATENDENTE PARA OUTLET Empregos - - 16\/10\/2024 Em Cravinhos (V\u00e1rias vagas) -\u00a0Curr\u00edculos www.actionrh.com.br ou 16 98161.2000 (whatsapp).- Empresa \u2013 Action RH ESTAMOS CONTRATANDO Empregos - - 15\/10\/2024 Vagas para Ribeir\u00e3o Preto: Pintor Industrial, Torneiro Mec\u00e2nico, Montador de Roletes, Soldador, Caldeireiro, Ajudante de Produ\u00e7\u00e3o, Operador Serra Fita, Almoxarifado\/Expedi\u00e7\u00e3o. Interessados\u2026","rel":"","context":"In &quot;Vagas de Emprego em Ribeir\u00e3o Preto-SP&quot;","block_context":{"text":"Vagas de Emprego em Ribeir\u00e3o Preto-SP","link":"https:\/\/ismaelcolosi.com.br\/index.php\/category\/empregos-classificados-vagas-trabalho\/vagas-de-empregos-em-ribeirao-preto-regiao-brasil\/"},"img":{"alt_text":"CONTRATA-SE LAVADOR E ACABADOR PARA LAVA-JATO","src":"https:\/\/i0.wp.com\/tribunaribeirao.com.br\/classificadostribuna\/oc-content\/uploads\/42\/4826_thumbnail.jpg?resize=350%2C200&ssl=1","width":350,"height":200},"classes":[]},{"id":89408,"url":"https:\/\/ismaelcolosi.com.br\/index.php\/2026\/03\/08\/atendente-para-lanchonete-escolar-2\/","url_meta":{"origin":70063,"position":2},"title":"ATENDENTE PARA LANCHONETE ESCOLAR","author":"ismaelcolosi.com.br","date":"8 de March de 2026","format":false,"excerpt":"An\u00fancios ATENDENTE PARA LANCHONETE ESCOLAR Empregos - Ribeir\u00e3o Preto (S\u00e3o Paulo) - 04\/02\/2026 Contrata-se. Hor\u00e1rio de trabalho de segunda a sexta-feira. Requisitos: experi\u00eancia em atendimento ao p\u00fablico e servi\u00e7o de alimenta\u00e7\u00e3o, agilidade, organiza\u00e7\u00e3o e simpatia no atendimento. Interessados tratar pelo WhatsApp: (16) 98173-7176. OFERE\u00c7O-ME COMO COZINHEIRA OU FAXINEIRA Empregos -\u2026","rel":"","context":"In &quot;Vagas de Emprego em Ribeir\u00e3o Preto-SP&quot;","block_context":{"text":"Vagas de Emprego em Ribeir\u00e3o Preto-SP","link":"https:\/\/ismaelcolosi.com.br\/index.php\/category\/empregos-classificados-vagas-trabalho\/vagas-de-empregos-em-ribeirao-preto-regiao-brasil\/"},"img":{"alt_text":"ATENDENTE PARA LANCHONETE ESCOLAR","src":"https:\/\/i0.wp.com\/tribunaribeirao.com.br\/classificadostribuna\/oc-content\/uploads\/54\/6239_thumbnail.png?resize=350%2C200&ssl=1","width":350,"height":200},"classes":[]},{"id":89535,"url":"https:\/\/ismaelcolosi.com.br\/index.php\/2026\/03\/18\/atendente-para-lanchonete-escolar-3\/","url_meta":{"origin":70063,"position":3},"title":"ATENDENTE PARA LANCHONETE ESCOLAR","author":"ismaelcolosi.com.br","date":"18 de March de 2026","format":false,"excerpt":"An\u00fancios ATENDENTE PARA LANCHONETE ESCOLAR Empregos - Ribeir\u00e3o Preto (S\u00e3o Paulo) - 04\/02\/2026 Contrata-se. Hor\u00e1rio de trabalho de segunda a sexta-feira. Requisitos: experi\u00eancia em atendimento ao p\u00fablico e servi\u00e7o de alimenta\u00e7\u00e3o, agilidade, organiza\u00e7\u00e3o e simpatia no atendimento. Interessados tratar pelo WhatsApp: (16) 98173-7176. OFERE\u00c7O-ME COMO COZINHEIRA OU FAXINEIRA Empregos -\u2026","rel":"","context":"In &quot;Vagas de Emprego em Ribeir\u00e3o Preto-SP&quot;","block_context":{"text":"Vagas de Emprego em Ribeir\u00e3o Preto-SP","link":"https:\/\/ismaelcolosi.com.br\/index.php\/category\/empregos-classificados-vagas-trabalho\/vagas-de-empregos-em-ribeirao-preto-regiao-brasil\/"},"img":{"alt_text":"ATENDENTE PARA LANCHONETE ESCOLAR","src":"https:\/\/i0.wp.com\/tribunaribeirao.com.br\/classificadostribuna\/oc-content\/uploads\/54\/6239_thumbnail.png?resize=350%2C200&ssl=1","width":350,"height":200},"classes":[]},{"id":42118,"url":"https:\/\/ismaelcolosi.com.br\/index.php\/2024\/03\/12\/trabalhe-de-casa-somente-4-dias-na-semana-efi-by-contrata-para-home-office-com-faixa-salarial-de-r-3-60000-mil-por-mes\/","url_meta":{"origin":70063,"position":4},"title":"Trabalhe de Casa somente 4 dias na Semana! Ef\u00ed by contrata para HOME OFFICE com Faixa salarial de R$ 3.600,00 MIL por m\u00eas","author":"ismaelcolosi.com.br","date":"12 de March de 2024","format":false,"excerpt":"Home Office Trabalhe de Casa somente 4 dias na Semana! Ef\u00ed by contrata para HOME OFFICE com Faixa salarial de R$ 3.600,00 MIL por m\u00eas Home Office ChatGuru abriu vaga SEM EXPERI\u00caNCIA para HOME OFFICE com sal\u00e1rio de R$ 2.500,00 com Atendimento ao Cliente Home Office Home Office SEM EXPERI\u00caNCIA\u2026","rel":"","context":"In &quot;Vagas de Emprego Remoto - Home Office&quot;","block_context":{"text":"Vagas de Emprego Remoto - Home Office","link":"https:\/\/ismaelcolosi.com.br\/index.php\/category\/empregos-classificados-vagas-trabalho\/vagas-de-empregos-em-ribeirao-preto-regiao-brasil\/vagas-de-emprego-para-trabalhar-de-casa-home-office-remoto\/"},"img":{"alt_text":"","src":"https:\/\/i0.wp.com\/ismaelcolosi.com.br\/wp-content\/uploads\/2024\/03\/Analista-de-BackOffice-761x492.webp?fit=761%2C492&ssl=1&resize=350%2C200","width":350,"height":200,"srcset":"https:\/\/i0.wp.com\/ismaelcolosi.com.br\/wp-content\/uploads\/2024\/03\/Analista-de-BackOffice-761x492.webp?fit=761%2C492&ssl=1&resize=350%2C200 1x, https:\/\/i0.wp.com\/ismaelcolosi.com.br\/wp-content\/uploads\/2024\/03\/Analista-de-BackOffice-761x492.webp?fit=761%2C492&ssl=1&resize=525%2C300 1.5x, https:\/\/i0.wp.com\/ismaelcolosi.com.br\/wp-content\/uploads\/2024\/03\/Analista-de-BackOffice-761x492.webp?fit=761%2C492&ssl=1&resize=700%2C400 2x"},"classes":[]},{"id":89688,"url":"https:\/\/ismaelcolosi.com.br\/index.php\/2026\/03\/28\/atendente-para-lanchonete-escolar-4\/","url_meta":{"origin":70063,"position":5},"title":"ATENDENTE PARA LANCHONETE ESCOLAR","author":"ismaelcolosi.com.br","date":"28 de March de 2026","format":false,"excerpt":"An\u00fancios ATENDENTE PARA LANCHONETE ESCOLAR Empregos - Ribeir\u00e3o Preto (S\u00e3o Paulo) - 04\/02\/2026 Contrata-se. Hor\u00e1rio de trabalho de segunda a sexta-feira. Requisitos: experi\u00eancia em atendimento ao p\u00fablico e servi\u00e7o de alimenta\u00e7\u00e3o, agilidade, organiza\u00e7\u00e3o e simpatia no atendimento. Interessados tratar pelo WhatsApp: (16) 98173-7176. OFERE\u00c7O-ME COMO COZINHEIRA OU FAXINEIRA Empregos -\u2026","rel":"","context":"In &quot;Vagas de Emprego em Ribeir\u00e3o Preto-SP&quot;","block_context":{"text":"Vagas de Emprego em Ribeir\u00e3o Preto-SP","link":"https:\/\/ismaelcolosi.com.br\/index.php\/category\/empregos-classificados-vagas-trabalho\/vagas-de-empregos-em-ribeirao-preto-regiao-brasil\/"},"img":{"alt_text":"ATENDENTE PARA LANCHONETE ESCOLAR","src":"https:\/\/i0.wp.com\/tribunaribeirao.com.br\/classificadostribuna\/oc-content\/uploads\/54\/6239_thumbnail.png?resize=350%2C200&ssl=1","width":350,"height":200},"classes":[]}],"jetpack_sharing_enabled":true,"jetpack_shortlink":"https:\/\/wp.me\/pfMlyK-ie3","_links":{"self":[{"href":"https:\/\/ismaelcolosi.com.br\/index.php\/wp-json\/wp\/v2\/posts\/70063","targetHints":{"allow":["GET"]}}],"collection":[{"href":"https:\/\/ismaelcolosi.com.br\/index.php\/wp-json\/wp\/v2\/posts"}],"about":[{"href":"https:\/\/ismaelcolosi.com.br\/index.php\/wp-json\/wp\/v2\/types\/post"}],"author":[{"embeddable":true,"href":"https:\/\/ismaelcolosi.com.br\/index.php\/wp-json\/wp\/v2\/users\/1"}],"replies":[{"embeddable":true,"href":"https:\/\/ismaelcolosi.com.br\/index.php\/wp-json\/wp\/v2\/comments?post=70063"}],"version-history":[{"count":0,"href":"https:\/\/ismaelcolosi.com.br\/index.php\/wp-json\/wp\/v2\/posts\/70063\/revisions"}],"wp:attachment":[{"href":"https:\/\/ismaelcolosi.com.br\/index.php\/wp-json\/wp\/v2\/media?parent=70063"}],"wp:term":[{"taxonomy":"category","embeddable":true,"href":"https:\/\/ismaelcolosi.com.br\/index.php\/wp-json\/wp\/v2\/categories?post=70063"},{"taxonomy":"post_tag","embeddable":true,"href":"https:\/\/ismaelcolosi.com.br\/index.php\/wp-json\/wp\/v2\/tags?post=70063"}],"curies":[{"name":"wp","href":"https:\/\/api.w.org\/{rel}","templated":true}]}}