{"id":70056,"date":"2024-10-09T11:59:21","date_gmt":"2024-10-09T14:59:21","guid":{"rendered":"https:\/\/ismaelcolosi.com.br\/index.php\/2024\/10\/09\/operacoes-contra-lavagem-de-dinheiro-miram-faccoes-na-regiao-de-ribeirao\/"},"modified":"2024-10-09T11:59:21","modified_gmt":"2024-10-09T14:59:21","slug":"operacoes-contra-lavagem-de-dinheiro-miram-faccoes-na-regiao-de-ribeirao","status":"publish","type":"post","link":"https:\/\/ismaelcolosi.com.br\/index.php\/2024\/10\/09\/operacoes-contra-lavagem-de-dinheiro-miram-faccoes-na-regiao-de-ribeirao\/","title":{"rendered":"Opera\u00e7\u00f5es contra lavagem de dinheiro miram fac\u00e7\u00f5es na regi\u00e3o de Ribeir\u00e3o"},"content":{"rendered":"<p> <br \/>\n<\/p>\n<div>\n<p><strong>Duas opera\u00e7\u00f5es nacionais deflagradas nesta quarta-feira (9) cumprem mandados de pris\u00e3o e de busca e apreens\u00e3o em Franca, cidade a aproximadamente 80 quil\u00f4metros de Ribeir\u00e3o Preto. <\/strong>As <strong>a\u00e7\u00f5es<\/strong>, batizadas <strong>Privilege <\/strong>e <strong>Alca\u00e7aria<\/strong>, t\u00eam o <mark style=\"background-color:#fcb900\" class=\"has-inline-color has-black-color\">objetivo de desarticular uma rede de lavagem de dinheiro ligada a fac\u00e7\u00f5es criminosas.<\/mark><\/p>\n<p>A <strong>For\u00e7a-Tarefa de Combate ao Crime Organizado do Rio Grande do Sul (FICCO\/RS)<\/strong> cumpre tr\u00eas mandados de pris\u00e3o preventiva e outros tr\u00eas de busca e apreens\u00e3o em Franca.<\/p>\n<p>J\u00e1 a <strong>PF (Pol\u00edcia Federal)<\/strong> de <strong>Ribeir\u00e3o Preto<\/strong> cumpre cinco pris\u00f5es preventivas e 18 mandados de busca e apreens\u00e3o na cidade.<\/p>\n<h4 class=\"wp-block-heading\"><strong>O esquema<\/strong><\/h4>\n<p>Segundo a FICCO\/RS, o esquema de lavagem de dinheiro alvo da opera\u00e7\u00e3o Privilege era operado a partir de S\u00e3o Paulo. <\/p>\n<p>Nos \u00faltimos cinco anos, a FICCO\/RS diz que foram detectados mais de R$ 770 milh\u00f5es em dep\u00f3sitos em todo o territ\u00f3rio nacional.<\/p>\n<blockquote class=\"wp-block-quote\">\n<p>\u201cA investiga\u00e7\u00e3o come\u00e7ou ap\u00f3s o recebimento de informa\u00e7\u00f5es sobre um grupo que recolhia dinheiro em esp\u00e9cie de fac\u00e7\u00f5es criminosas atuantes no Vale dos Sinos e na Fronteira Oeste do Rio Grande do Sul, com o objetivo de lavar esses valores\u201d<\/p>\n<p><cite><strong>For\u00e7a-Tarefa de Combate ao Crime Organizado do Rio Grande do Sul (FICCO\/RS)<\/strong><\/cite><\/p><\/blockquote>\n<p>No caso da opera\u00e7\u00e3o Alca\u00e7aria, a PF diz que a investiga\u00e7\u00e3o identificou em tr\u00eas anos que a organiza\u00e7\u00e3o criminosa realizou dep\u00f3sitos e dinheiro de pelo menos R$ 1,2 bilh\u00e3o em contas de empresas de fachada com s\u00f3cios \u201claranjas\u201d.<\/p>\n<blockquote class=\"wp-block-quote\">\n<p>\u201cO rastreamento do dinheiro identificou que parte dos valores eram convertidos em criptoativos e enviados ao exterior, onde eram convertidos em d\u00f3lares para o pagamento de fornecedores de drogas e armas\u201d<\/p>\n<p><cite><strong>Pol\u00edcia Federal<\/strong><\/cite><\/p><\/blockquote>\n<p>As opera\u00e7\u00f5es Privilege e Alca\u00e7aria possuem em comum quatro investigados com mandados de pris\u00e3o e tamb\u00e9m alguns locais de busca e apreens\u00e3o.<\/p>\n<p>SAIBA MAIS<\/p>\n<p>Filhote de veado resgatado em inc\u00eandio recebe tratamento no Bosque de Ribeir\u00e3o<\/p>\n<h4 class=\"wp-block-heading\"><strong>FIQUE ON<\/strong><\/h4>\n<p>Fique ligado em tudo que acontece em Ribeir\u00e3o Preto e regi\u00e3o. Siga os perfis do\u00a0<strong>acidade on<\/strong>\u00a0no\u00a0<a href=\"https:\/\/www.instagram.com\/acidadeonribeirao\" target=\"_blank\" rel=\"noreferrer noopener\">Instagram\u00a0<\/a>e no\u00a0<a href=\"https:\/\/www.facebook.com\/acidadeonribeirao\/\" target=\"_blank\" rel=\"noreferrer noopener\">Facebook<\/a>.<\/p>\n<p>Receba not\u00edcias do\u00a0<strong>acidade on<\/strong>\u00a0no WhatsApp.\u00a0<a href=\"https:\/\/chat.whatsapp.com\/Fg4ok3aAVyB59DP63pRapr\" target=\"_blank\" rel=\"noreferrer noopener\">Para entrar no grupo, basta clicar aqui.<\/a><\/p>\n<p>Fa\u00e7a uma den\u00fancia ou sugira uma reportagem sobre Ribeir\u00e3o Preto e regi\u00e3o pelo WhatsApp: 16 99117 7802.<\/p>\n<p>VEJA TAMB\u00c9M<\/p>\n<p>X foi liberado no Brasil?<\/p>\n<p><!-- CONTENT END 1 -->\n<\/div>\n<p><script async src=\"\/\/www.instagram.com\/embed.js\"><\/script><br \/>\n<br \/><br \/>\n<br \/><a href=\"https:\/\/www.acidadeon.com\/ribeiraopreto\/cotidiano\/operacoes-contra-lavagem-de-dinheiro-miram-faccoes-na-regiao-de-ribeirao\/\">Source link <\/a><\/p>\n","protected":false},"excerpt":{"rendered":"<p>Duas opera\u00e7\u00f5es nacionais deflagradas nesta quarta-feira (9) cumprem mandados de pris\u00e3o e de busca e apreens\u00e3o em Franca, cidade a aproximadamente 80 quil\u00f4metros de Ribeir\u00e3o&#8230;<\/p>\n","protected":false},"author":1,"featured_media":70057,"comment_status":"open","ping_status":"open","sticky":false,"template":"","format":"standard","meta":{"_uag_custom_page_level_css":"","advanced_seo_description":"","jetpack_seo_html_title":"","jetpack_seo_noindex":false,"jetpack_post_was_ever_published":false,"_jetpack_newsletter_access":"","_jetpack_dont_email_post_to_subs":false,"_jetpack_newsletter_tier_id":0,"_jetpack_memberships_contains_paywalled_content":false,"_jetpack_memberships_contains_paid_content":false,"footnotes":"","jetpack_publicize_message":"","jetpack_publicize_feature_enabled":true,"jetpack_social_post_already_shared":true,"jetpack_social_options":{"image_generator_settings":{"template":"highway","default_image_id":0,"font":"","enabled":false},"version":2}},"categories":[11],"tags":[],"class_list":["post-70056","post","type-post","status-publish","format-standard","has-post-thumbnail","hentry","category-noticias-de-ribeirao-preto-sp-e-regiao-ismael-colosi"],"jetpack_publicize_connections":[],"jetpack_featured_media_url":"https:\/\/i0.wp.com\/ismaelcolosi.com.br\/wp-content\/uploads\/2024\/10\/OPERACAO_2024-10-09_13-24-29_jpg_2024-10-09_13-24-29.webp.webp?fit=2000%2C1290&ssl=1","uagb_featured_image_src":{"full":["https:\/\/i0.wp.com\/ismaelcolosi.com.br\/wp-content\/uploads\/2024\/10\/OPERACAO_2024-10-09_13-24-29_jpg_2024-10-09_13-24-29.webp.webp?fit=2000%2C1290&ssl=1",2000,1290,false],"thumbnail":["https:\/\/i0.wp.com\/ismaelcolosi.com.br\/wp-content\/uploads\/2024\/10\/OPERACAO_2024-10-09_13-24-29_jpg_2024-10-09_13-24-29.webp.webp?resize=150%2C150&ssl=1",150,150,true],"medium":["https:\/\/i0.wp.com\/ismaelcolosi.com.br\/wp-content\/uploads\/2024\/10\/OPERACAO_2024-10-09_13-24-29_jpg_2024-10-09_13-24-29.webp.webp?fit=300%2C194&ssl=1",300,194,true],"medium_large":["https:\/\/i0.wp.com\/ismaelcolosi.com.br\/wp-content\/uploads\/2024\/10\/OPERACAO_2024-10-09_13-24-29_jpg_2024-10-09_13-24-29.webp.webp?fit=768%2C495&ssl=1",768,495,true],"large":["https:\/\/i0.wp.com\/ismaelcolosi.com.br\/wp-content\/uploads\/2024\/10\/OPERACAO_2024-10-09_13-24-29_jpg_2024-10-09_13-24-29.webp.webp?fit=1024%2C660&ssl=1",1024,660,true],"1536x1536":["https:\/\/i0.wp.com\/ismaelcolosi.com.br\/wp-content\/uploads\/2024\/10\/OPERACAO_2024-10-09_13-24-29_jpg_2024-10-09_13-24-29.webp.webp?fit=1536%2C991&ssl=1",1536,991,true],"2048x2048":["https:\/\/i0.wp.com\/ismaelcolosi.com.br\/wp-content\/uploads\/2024\/10\/OPERACAO_2024-10-09_13-24-29_jpg_2024-10-09_13-24-29.webp.webp?fit=2000%2C1290&ssl=1",2000,1290,true],"really-simple-thumb":["https:\/\/i0.wp.com\/ismaelcolosi.com.br\/wp-content\/uploads\/2024\/10\/OPERACAO_2024-10-09_13-24-29_jpg_2024-10-09_13-24-29.webp.webp?resize=370%2C247&ssl=1",370,247,true]},"uagb_author_info":{"display_name":"ismaelcolosi.com.br","author_link":"https:\/\/ismaelcolosi.com.br\/index.php\/author\/vidareal-online\/"},"uagb_comment_info":0,"uagb_excerpt":"Duas opera\u00e7\u00f5es nacionais deflagradas nesta quarta-feira (9) cumprem mandados de pris\u00e3o e de busca e apreens\u00e3o em Franca, cidade a aproximadamente 80 quil\u00f4metros de Ribeir\u00e3o...","jetpack-related-posts":[{"id":34440,"url":"https:\/\/ismaelcolosi.com.br\/index.php\/2024\/02\/02\/rp-tem-nove-presos-em-operacao-nacional-contra-trafico\/","url_meta":{"origin":70056,"position":0},"title":"RP tem nove presos em opera\u00e7\u00e3o nacional contra tr\u00e1fico","author":"ismaelcolosi.com.br","date":"2 de February de 2024","format":false,"excerpt":"Por: Adalberto Luque e Alfredo RiskPol\u00edcias Civil e Militar deflagraram, no final da madrugada desta quinta-feira (01), uma megaopera\u00e7\u00e3o contra organiza\u00e7\u00e3o criminosa. O grupo \u00e9 investigado por tr\u00e1fico de drogas e lavagem de dinheiro. A opera\u00e7\u00e3o \u201cHades\u201d foi realizada em diversos estados brasileiros.Para a a\u00e7\u00e3o foram mobilizadas equipes da Divis\u00e3o\u2026","rel":"","context":"In &quot;Not\u00edcias de Ribeir\u00e3o Preto-SP e Regi\u00e3o&quot;","block_context":{"text":"Not\u00edcias de Ribeir\u00e3o Preto-SP e Regi\u00e3o","link":"https:\/\/ismaelcolosi.com.br\/index.php\/category\/noticias-de-ribeirao-preto-sp-e-regiao-ismael-colosi\/"},"img":{"alt_text":"","src":"https:\/\/i0.wp.com\/ismaelcolosi.com.br\/wp-content\/uploads\/2024\/02\/00-01-fev-2024-crime-org-alagoas-05-foto-Alfredo-Risk-scaled.jpg?fit=967%2C645&ssl=1&resize=350%2C200","width":350,"height":200,"srcset":"https:\/\/i0.wp.com\/ismaelcolosi.com.br\/wp-content\/uploads\/2024\/02\/00-01-fev-2024-crime-org-alagoas-05-foto-Alfredo-Risk-scaled.jpg?fit=967%2C645&ssl=1&resize=350%2C200 1x, https:\/\/i0.wp.com\/ismaelcolosi.com.br\/wp-content\/uploads\/2024\/02\/00-01-fev-2024-crime-org-alagoas-05-foto-Alfredo-Risk-scaled.jpg?fit=967%2C645&ssl=1&resize=525%2C300 1.5x, https:\/\/i0.wp.com\/ismaelcolosi.com.br\/wp-content\/uploads\/2024\/02\/00-01-fev-2024-crime-org-alagoas-05-foto-Alfredo-Risk-scaled.jpg?fit=967%2C645&ssl=1&resize=700%2C400 2x"},"classes":[]},{"id":14762,"url":"https:\/\/ismaelcolosi.com.br\/index.php\/2023\/12\/12\/pf-e-gaeco-miram-quadrilha-que-movimentou-r-700-milhoes-com-drogas-e-lavagem-de-dinheiro-alvo-em-mt\/","url_meta":{"origin":70056,"position":1},"title":"PF e Gaeco miram quadrilha que movimentou R$ 700 milh\u00f5es com drogas e lavagem de dinheiro; alvo em MT","author":"ismaelcolosi.com.br","date":"12 de December de 2023","format":false,"excerpt":"O Grupo de Atua\u00e7\u00e3o Especial de Combate ao Crime Organizado (GAECO) e a Pol\u00edcia Federal deflagraram nesta ter\u00e7a-feira (12), a Opera\u00e7\u00e3o Alcateia para desarticular organiza\u00e7\u00e3o criminosa dedicada ao tr\u00e1fico de drogas e lavagem de dinheiro estabelecida na cidade de Ribeir\u00e3o Preto (SP). Por determina\u00e7\u00e3o da Justi\u00e7a, foram cumpridos 26 mandados\u2026","rel":"","context":"In &quot;Not\u00edcias de Ribeir\u00e3o Preto-SP e Regi\u00e3o&quot;","block_context":{"text":"Not\u00edcias de Ribeir\u00e3o Preto-SP e Regi\u00e3o","link":"https:\/\/ismaelcolosi.com.br\/index.php\/category\/noticias-de-ribeirao-preto-sp-e-regiao-ismael-colosi\/"},"img":{"alt_text":"","src":"https:\/\/i0.wp.com\/ismaelcolosi.com.br\/wp-content\/uploads\/2023\/12\/a-a-16.webp.webp?fit=984%2C740&ssl=1&resize=350%2C200","width":350,"height":200,"srcset":"https:\/\/i0.wp.com\/ismaelcolosi.com.br\/wp-content\/uploads\/2023\/12\/a-a-16.webp.webp?fit=984%2C740&ssl=1&resize=350%2C200 1x, https:\/\/i0.wp.com\/ismaelcolosi.com.br\/wp-content\/uploads\/2023\/12\/a-a-16.webp.webp?fit=984%2C740&ssl=1&resize=525%2C300 1.5x, https:\/\/i0.wp.com\/ismaelcolosi.com.br\/wp-content\/uploads\/2023\/12\/a-a-16.webp.webp?fit=984%2C740&ssl=1&resize=700%2C400 2x"},"classes":[]},{"id":51490,"url":"https:\/\/ismaelcolosi.com.br\/index.php\/2024\/05\/28\/pf-cumpre-mandados-no-interior-de-sp-contra-organizacao-que-desviou-cerca-de-r-10-mi\/","url_meta":{"origin":70056,"position":2},"title":"PF cumpre mandados no interior de SP contra organiza\u00e7\u00e3o que desviou cerca de R$ 10 mi","author":"ismaelcolosi.com.br","date":"28 de May de 2024","format":false,"excerpt":"A PF (Pol\u00edcia Federal) realiza, na manh\u00e3 desta ter\u00e7a-feira (28), uma opera\u00e7\u00e3o que visa desarticular uma organiza\u00e7\u00e3o criminosa, de \u00e2mbito internacional, que desviou cerca de R$ 10 milh\u00f5es de contas banc\u00e1rias de clientes de bancos em Portugal. Entre as cidades onde acontece a \u201cOpera\u00e7\u00e3o Redescobrimento\u201d est\u00e1 Ribeir\u00e3o Preto. Os cumprimentos\u2026","rel":"","context":"In &quot;Not\u00edcias de Ribeir\u00e3o Preto-SP e Regi\u00e3o&quot;","block_context":{"text":"Not\u00edcias de Ribeir\u00e3o Preto-SP e Regi\u00e3o","link":"https:\/\/ismaelcolosi.com.br\/index.php\/category\/noticias-de-ribeirao-preto-sp-e-regiao-ismael-colosi\/"},"img":{"alt_text":"","src":"https:\/\/i0.wp.com\/ismaelcolosi.com.br\/wp-content\/uploads\/2024\/05\/Copia-de-Copia-de-TAMANHO-EXATO-PARA-FOTOS-NO-SISTEMA-NOVO-54_2024-05-28_13-59-13_jpg_2024-05-28_13-59-13.webp.webp?fit=1200%2C675&ssl=1&resize=350%2C200","width":350,"height":200,"srcset":"https:\/\/i0.wp.com\/ismaelcolosi.com.br\/wp-content\/uploads\/2024\/05\/Copia-de-Copia-de-TAMANHO-EXATO-PARA-FOTOS-NO-SISTEMA-NOVO-54_2024-05-28_13-59-13_jpg_2024-05-28_13-59-13.webp.webp?fit=1200%2C675&ssl=1&resize=350%2C200 1x, https:\/\/i0.wp.com\/ismaelcolosi.com.br\/wp-content\/uploads\/2024\/05\/Copia-de-Copia-de-TAMANHO-EXATO-PARA-FOTOS-NO-SISTEMA-NOVO-54_2024-05-28_13-59-13_jpg_2024-05-28_13-59-13.webp.webp?fit=1200%2C675&ssl=1&resize=525%2C300 1.5x, https:\/\/i0.wp.com\/ismaelcolosi.com.br\/wp-content\/uploads\/2024\/05\/Copia-de-Copia-de-TAMANHO-EXATO-PARA-FOTOS-NO-SISTEMA-NOVO-54_2024-05-28_13-59-13_jpg_2024-05-28_13-59-13.webp.webp?fit=1200%2C675&ssl=1&resize=700%2C400 2x, https:\/\/i0.wp.com\/ismaelcolosi.com.br\/wp-content\/uploads\/2024\/05\/Copia-de-Copia-de-TAMANHO-EXATO-PARA-FOTOS-NO-SISTEMA-NOVO-54_2024-05-28_13-59-13_jpg_2024-05-28_13-59-13.webp.webp?fit=1200%2C675&ssl=1&resize=1050%2C600 3x"},"classes":[]},{"id":14592,"url":"https:\/\/ismaelcolosi.com.br\/index.php\/2023\/12\/12\/utm_sourcerssutm_mediumrssutm_campaignpf-gaeco-e-policia-civil-deflagram-operacao-alcateia-contra-crime-organizado-em-ribeirao-preto\/","url_meta":{"origin":70056,"position":3},"title":"PF, GAECO e Pol\u00edcia Civil deflagram Opera\u00e7\u00e3o Alcateia contra crime organizado em Ribeir\u00e3o Preto \u2013 X Tudo Ribeir\u00e3o","author":"ismaelcolosi.com.br","date":"12 de December de 2023","format":false,"excerpt":"A Pol\u00edcia Federal e o GAECO (Grupo de Atua\u00e7\u00e3o Especial de Combate ao Crime Organizado)\u00a0com o apoio da Pol\u00edcia Civil, deflagraram na manh\u00e3 desta ter\u00e7a-feira (12\/12) a\u00a0Opera\u00e7\u00e3o Alcateia\u00a0para dar cumprimento a 26 mandados de pris\u00e3o e 39 mandados de busca expedidos pela Justi\u00e7a em Ribeir\u00e3o Preto Segundo informa\u00e7\u00f5es da PF,\u2026","rel":"","context":"In &quot;Not\u00edcias de Ribeir\u00e3o Preto-SP e Regi\u00e3o&quot;","block_context":{"text":"Not\u00edcias de Ribeir\u00e3o Preto-SP e Regi\u00e3o","link":"https:\/\/ismaelcolosi.com.br\/index.php\/category\/noticias-de-ribeirao-preto-sp-e-regiao-ismael-colosi\/"},"img":{"alt_text":"","src":"https:\/\/i0.wp.com\/ismaelcolosi.com.br\/wp-content\/uploads\/2023\/12\/WhatsApp-Image-2023-12-12-at-08.20.29.jpeg?fit=1200%2C900&ssl=1&resize=350%2C200","width":350,"height":200,"srcset":"https:\/\/i0.wp.com\/ismaelcolosi.com.br\/wp-content\/uploads\/2023\/12\/WhatsApp-Image-2023-12-12-at-08.20.29.jpeg?fit=1200%2C900&ssl=1&resize=350%2C200 1x, https:\/\/i0.wp.com\/ismaelcolosi.com.br\/wp-content\/uploads\/2023\/12\/WhatsApp-Image-2023-12-12-at-08.20.29.jpeg?fit=1200%2C900&ssl=1&resize=525%2C300 1.5x, https:\/\/i0.wp.com\/ismaelcolosi.com.br\/wp-content\/uploads\/2023\/12\/WhatsApp-Image-2023-12-12-at-08.20.29.jpeg?fit=1200%2C900&ssl=1&resize=700%2C400 2x, https:\/\/i0.wp.com\/ismaelcolosi.com.br\/wp-content\/uploads\/2023\/12\/WhatsApp-Image-2023-12-12-at-08.20.29.jpeg?fit=1200%2C900&ssl=1&resize=1050%2C600 3x"},"classes":[]},{"id":11311,"url":"https:\/\/ismaelcolosi.com.br\/index.php\/2023\/12\/05\/policia-federal-combate-trafico-de-armas-da-europa-para-o-brasil\/","url_meta":{"origin":70056,"position":4},"title":"Pol\u00edcia Federal combate tr\u00e1fico de armas da Europa para o Brasil","author":"ismaelcolosi.com.br","date":"5 de December de 2023","format":false,"excerpt":"5 de dezembro de 2023 | 15:305 de dezembro de 2023 | 14:59 0A Pol\u00edcia Federal (PF) desencadeou, nesta ter\u00e7a-feira (5), a opera\u00e7\u00e3o Dakovo, contra um esquema de tr\u00e1fico de armas europeias para o Brasil. Segundo a PF, uma empresa com sede no Paraguai foi respons\u00e1vel por importar milhares de\u2026","rel":"","context":"In &quot;Not\u00edcias de Ribeir\u00e3o Preto-SP e Regi\u00e3o&quot;","block_context":{"text":"Not\u00edcias de Ribeir\u00e3o Preto-SP e Regi\u00e3o","link":"https:\/\/ismaelcolosi.com.br\/index.php\/category\/noticias-de-ribeirao-preto-sp-e-regiao-ismael-colosi\/"},"img":{"alt_text":"","src":"https:\/\/i0.wp.com\/ismaelcolosi.com.br\/wp-content\/uploads\/2023\/12\/pf-scaled.jpg?fit=1000%2C598&ssl=1&resize=350%2C200","width":350,"height":200,"srcset":"https:\/\/i0.wp.com\/ismaelcolosi.com.br\/wp-content\/uploads\/2023\/12\/pf-scaled.jpg?fit=1000%2C598&ssl=1&resize=350%2C200 1x, https:\/\/i0.wp.com\/ismaelcolosi.com.br\/wp-content\/uploads\/2023\/12\/pf-scaled.jpg?fit=1000%2C598&ssl=1&resize=525%2C300 1.5x, https:\/\/i0.wp.com\/ismaelcolosi.com.br\/wp-content\/uploads\/2023\/12\/pf-scaled.jpg?fit=1000%2C598&ssl=1&resize=700%2C400 2x"},"classes":[]},{"id":14686,"url":"https:\/\/ismaelcolosi.com.br\/index.php\/2023\/12\/12\/pf-apreende-carros-de-luxo-em-operacao-contra-traficantes-em-sp\/","url_meta":{"origin":70056,"position":5},"title":"PF apreende carros de luxo em opera\u00e7\u00e3o contra traficantes em SP","author":"ismaelcolosi.com.br","date":"12 de December de 2023","format":false,"excerpt":"Agentes da Pol\u00edcia Federal (PF) atuam em parceria com a Pol\u00edcia Civil de S\u00e3o Paulo para prender 26 suspeitos de envolvimento num esquema de trafico de drogas e lavagem de dinheiros. Na manh\u00e3 desta ter\u00e7a-feira (12), os agentes aprenderam carros de luxo e outros bens dos investigados.De acordo com a\u2026","rel":"","context":"In &quot;Not\u00edcias de Ribeir\u00e3o Preto-SP e Regi\u00e3o&quot;","block_context":{"text":"Not\u00edcias de Ribeir\u00e3o Preto-SP e Regi\u00e3o","link":"https:\/\/ismaelcolosi.com.br\/index.php\/category\/noticias-de-ribeirao-preto-sp-e-regiao-ismael-colosi\/"},"img":{"alt_text":"","src":"https:\/\/i0.wp.com\/ismaelcolosi.com.br\/wp-content\/uploads\/2023\/12\/WhatsApp-Image-2023-12-12-at-09.41.53-e1702389559778.jpeg?fit=901%2C509&ssl=1&resize=350%2C200","width":350,"height":200,"srcset":"https:\/\/i0.wp.com\/ismaelcolosi.com.br\/wp-content\/uploads\/2023\/12\/WhatsApp-Image-2023-12-12-at-09.41.53-e1702389559778.jpeg?fit=901%2C509&ssl=1&resize=350%2C200 1x, https:\/\/i0.wp.com\/ismaelcolosi.com.br\/wp-content\/uploads\/2023\/12\/WhatsApp-Image-2023-12-12-at-09.41.53-e1702389559778.jpeg?fit=901%2C509&ssl=1&resize=525%2C300 1.5x, https:\/\/i0.wp.com\/ismaelcolosi.com.br\/wp-content\/uploads\/2023\/12\/WhatsApp-Image-2023-12-12-at-09.41.53-e1702389559778.jpeg?fit=901%2C509&ssl=1&resize=700%2C400 2x"},"classes":[]}],"jetpack_sharing_enabled":true,"jetpack_shortlink":"https:\/\/wp.me\/pfMlyK-idW","_links":{"self":[{"href":"https:\/\/ismaelcolosi.com.br\/index.php\/wp-json\/wp\/v2\/posts\/70056","targetHints":{"allow":["GET"]}}],"collection":[{"href":"https:\/\/ismaelcolosi.com.br\/index.php\/wp-json\/wp\/v2\/posts"}],"about":[{"href":"https:\/\/ismaelcolosi.com.br\/index.php\/wp-json\/wp\/v2\/types\/post"}],"author":[{"embeddable":true,"href":"https:\/\/ismaelcolosi.com.br\/index.php\/wp-json\/wp\/v2\/users\/1"}],"replies":[{"embeddable":true,"href":"https:\/\/ismaelcolosi.com.br\/index.php\/wp-json\/wp\/v2\/comments?post=70056"}],"version-history":[{"count":0,"href":"https:\/\/ismaelcolosi.com.br\/index.php\/wp-json\/wp\/v2\/posts\/70056\/revisions"}],"wp:featuredmedia":[{"embeddable":true,"href":"https:\/\/ismaelcolosi.com.br\/index.php\/wp-json\/wp\/v2\/media\/70057"}],"wp:attachment":[{"href":"https:\/\/ismaelcolosi.com.br\/index.php\/wp-json\/wp\/v2\/media?parent=70056"}],"wp:term":[{"taxonomy":"category","embeddable":true,"href":"https:\/\/ismaelcolosi.com.br\/index.php\/wp-json\/wp\/v2\/categories?post=70056"},{"taxonomy":"post_tag","embeddable":true,"href":"https:\/\/ismaelcolosi.com.br\/index.php\/wp-json\/wp\/v2\/tags?post=70056"}],"curies":[{"name":"wp","href":"https:\/\/api.w.org\/{rel}","templated":true}]}}