{"id":70052,"date":"2024-10-09T11:46:15","date_gmt":"2024-10-09T14:46:15","guid":{"rendered":"https:\/\/ismaelcolosi.com.br\/index.php\/2024\/10\/09\/parque-de-ribeirao-preto-tera-cinema-ao-ar-livre-com-entrada-gratuita\/"},"modified":"2024-10-09T11:46:15","modified_gmt":"2024-10-09T14:46:15","slug":"parque-de-ribeirao-preto-tera-cinema-ao-ar-livre-com-entrada-gratuita","status":"publish","type":"post","link":"https:\/\/ismaelcolosi.com.br\/index.php\/2024\/10\/09\/parque-de-ribeirao-preto-tera-cinema-ao-ar-livre-com-entrada-gratuita\/","title":{"rendered":"Parque de Ribeir\u00e3o Preto ter\u00e1 cinema ao ar livre com entrada gratuita"},"content":{"rendered":"<p> <br \/>\n<\/p>\n<div data-td-block-uid=\"tdi_106\">\n<div class=\"tdb-block-inner td-fix-index\">\n<p>O parque <strong>Doutor Lu\u00eds Carlos Raya<\/strong>, no <strong>Jardim Bot\u00e2nico<\/strong>, em <strong>Ribeir\u00e3o Preto<\/strong>, ir\u00e1 receber o <strong>projeto Super Tela<\/strong>, um cinema ao ar livre entre os dias <strong>9 e 20 de outubro<\/strong>, a partir das <strong>18h<\/strong>. A <strong>programa\u00e7\u00e3o \u00e9 gratuita<\/strong> e conta com<strong> filmes nacionais <\/strong>e<strong> internacionais<\/strong>.<\/p>\n<p>Mesmo com <strong>entrada gratuita<\/strong>, \u00e9 necess\u00e1rio reservar ingressos <strong>on-line<\/strong> <strong>(<a href=\"http:\/\/www.supertelacine.com.br\" target=\"_blank\" rel=\"noreferrer noopener\">clique aqui<\/a>)<\/strong> com anteced\u00eancia. Basta clicar na aba do filme escolhido e fazer o cadastro no site \u2013 est\u00e3o liberados <strong>quatro convites<\/strong> por <strong>CPF<\/strong>.<\/p>\n<p><mark style=\"background-color:#fcb900\" class=\"has-inline-color has-black-color\">Tamb\u00e9m est\u00e1 liberado a entrada com alimentos e bebidas n\u00e3o alco\u00f3licas durante a sess\u00e3o de cinema.<\/mark><\/p>\n<blockquote class=\"wp-block-quote\">\n<p>\u201cD\u00e1 para fazer um verdadeiro piquenique noturno, s\u00f3 chegar, estender uma toalha ou canga no ch\u00e3o e aproveitar a atmosfera agrad\u00e1vel que um evento como esse proporciona\u201d.<\/p>\n<p><cite>Ramon Rodrigues, produtor art\u00edstico<\/cite><\/p><\/blockquote>\n<h4 class=\"wp-block-heading\"><strong>Programa\u00e7\u00e3o de filmes<\/strong><\/h4>\n<p>Os t\u00edtulos em cartaz variam entre g\u00eaneros do cinema, como com\u00e9dia, terror, suspense, aventura e anima\u00e7\u00e3o. <mark style=\"background-color:#fcb900\" class=\"has-inline-color has-black-color\">Veja:<\/mark><\/p>\n<ul>\n<li><strong>09 de outubro: Um Lugar Silencioso.<\/strong> Em uma fazenda dos EUA, uma fam\u00edlia deve permanecer em sil\u00eancio absoluto para de proteger de uma entidade que ca\u00e7a pelo som. A <strong>classifica\u00e7\u00e3o et\u00e1ria \u00e9 de<\/strong> <strong>14 anos<\/strong>.<\/li>\n<li><strong>10 de outubro: Desaparecida.<\/strong> A m\u00e3e de June desaparece durante as f\u00e9rias na Col\u00f4mbia com seu novo namorado e sua busca por respostas acaba dificultada pela burocracia internacional. A filha usa toda a tecnologia ao seu alcance para tentar encontr\u00e1-la antes que seja tarde demais. <strong>Classifica\u00e7\u00e3o et\u00e1ria 14 anos<\/strong>.<\/li>\n<li><strong>11 de outubro: Perdido em Marte.<\/strong> O astronauta Mark Watney \u00e9 deixado em Marte ap\u00f3s uma tempestade intensa e dado como morto. Sozinho e com suprimentos limitados, ele usa seu conhecimento para sobreviver e encontrar uma maneira de voltar \u00e0 Terra. <strong>Classifica\u00e7\u00e3o et\u00e1ria de 12 anos.<\/strong><\/li>\n<li><strong>12 de outubro: Raya e o \u00faltimo drag\u00e3o. <\/strong>H\u00e1 muito tempo em Kumandra, humanos e drag\u00f5es viviam juntos em harmonia. Mas, quando uma for\u00e7a maligna amea\u00e7ou a terra, os drag\u00f5es se sacrificaram para salvar a humanidade. Agora, 500 anos depois, o mesmo mal voltou e cabe a Raya rastrear o \u00faltimo drag\u00e3o para restaurar a terra despeda\u00e7ada e seu povo dividido. <strong>Classifica\u00e7\u00e3o et\u00e1ria de 10 anos.<\/strong><\/li>\n<li><strong>16 de outubro: Bacurau.<\/strong> Os moradores de Bacurau percebem que a cidade desapareceu dos mapas e enfrentam amea\u00e7as de drones e forasteiros. Um grupo se une para defender sua comunidade contra o ataque. <strong>Classifica\u00e7\u00e3o et\u00e1ria de 16 anos.<\/strong><\/li>\n<li><strong>17 de outubro: Lisbela e o Prisioneiro. <\/strong>Lisbela \u00e9 uma jovem apaixonada por cinema e sonha com os gal\u00e3s de Hollywood. Quando conhece Lel\u00e9u, eles se apaixonam e quando est\u00e1 prestes a se casar enfrenta d\u00favidas e problemas familiares. <strong>Classifica\u00e7\u00e3o et\u00e1ria de 12 anos.<\/strong><\/li>\n<li><strong>18 de outubro: Gravidade. <\/strong>Dois astronautas trabalham juntos para sobreviver ap\u00f3s um acidente deixa-los \u00e0 deriva no espa\u00e7o, sem comunica\u00e7\u00e3o com a Terra e sem esperan\u00e7as de resgate. <strong>Classifica\u00e7\u00e3o et\u00e1ria de 12 anos.<\/strong><\/li>\n<li><strong>19 de outubro: Duna. <\/strong>Paul \u00e9 um jovem brilhante com um destino al\u00e9m de sua compreens\u00e3o. Ele deve viajar para o planeta mais perigoso do universo para garantir o futuro de seu povo. <strong>Classifica\u00e7\u00e3o et\u00e1ria de 14 anos.<\/strong><\/li>\n<li><strong>20 de outubro: A Mulher Rei. <\/strong>No s\u00e9culo XIX, o general Nanisca treina um grupo de mulheres guerreiras para defender o reino africano de uma amea\u00e7a externa. <strong>Classifica\u00e7\u00e3o et\u00e1ria de 14 anos<\/strong>.<\/li>\n<\/ul>\n<h4 class=\"wp-block-heading\"><strong>Servi\u00e7o<\/strong><\/h4>\n<p><strong>Projeto Super Tela<\/strong><\/p>\n<p><strong>Quando: <\/strong>Entre os dias 9 e 20 de outubro <br \/><strong>Hor\u00e1rio:<\/strong> A partir das 18h <br \/><strong>Local:<\/strong> Parque Municipal Doutor Lu\u00eds Carlos Raya \u2013 rua Severiano Amaro dos Santos, s\/n, Jardim Bot\u00e2nico<br \/><strong>Entrada gratuita<\/strong> mediante a reserva de ingressos (<a href=\"http:\/\/www.supertelacine.com.br\" target=\"_blank\" rel=\"noreferrer noopener\">clique aqui<\/a>)<\/p>\n<p>SAIBA MAIS<br \/>Com vagas em Ribeir\u00e3o Preto, concurso p\u00fablico dos Correios \u00e9 aberto<\/p>\n<h4 class=\"wp-block-heading\"><strong>FIQUE ON<\/strong><\/h4>\n<p>Fique ligado em tudo que acontece em Ribeir\u00e3o Preto e regi\u00e3o. Siga os perfis do <strong>acidade on <\/strong>no <a href=\"https:\/\/www.instagram.com\/acidadeonribeirao\" target=\"_blank\" rel=\"noreferrer noopener\">Instagram<\/a> e no <a href=\"https:\/\/www.facebook.com\/acidadeonribeirao\" target=\"_blank\" rel=\"noreferrer noopener\">Facebook<\/a>.<\/p>\n<p>Receba not\u00edcias do <strong>acidade on<\/strong> no WhatsApp. Para entrar no grupo, basta <a href=\"https:\/\/chat.whatsapp.com\/Dtv9mxhy6V5BJBotM2OQ5k\" target=\"_blank\" rel=\"noreferrer noopener\">clicar aqui<\/a>.<\/p>\n<p>Fa\u00e7a uma den\u00fancia ou sugira uma reportagem sobre Ribeir\u00e3o Preto e regi\u00e3o pelo WhatsApp: 16 99117 7802.<\/p>\n<p>VEJA TAMB\u00c9M<br \/>O que a filha de Elvis Presley disse em livro?<\/p>\n<p><!-- CONTENT END 1 -->\n<\/div>\n<\/div>\n<p><script async src=\"\/\/www.instagram.com\/embed.js\"><\/script><br \/>\n<br \/><br \/>\n<br \/><a href=\"https:\/\/www.acidadeon.com\/ribeiraopreto\/lazer-e-cultura\/parque-de-ribeirao-preto-tera-cinema-ao-ar-livre-com-entrada-gratuita\/\">Source link <\/a><\/p>\n","protected":false},"excerpt":{"rendered":"<p>O parque Doutor Lu\u00eds Carlos Raya, no Jardim Bot\u00e2nico, em Ribeir\u00e3o Preto, ir\u00e1 receber o projeto Super Tela, um cinema ao ar livre entre os&#8230;<\/p>\n","protected":false},"author":1,"featured_media":70053,"comment_status":"open","ping_status":"open","sticky":false,"template":"","format":"standard","meta":{"_uag_custom_page_level_css":"","advanced_seo_description":"","jetpack_seo_html_title":"","jetpack_seo_noindex":false,"jetpack_post_was_ever_published":false,"_jetpack_newsletter_access":"","_jetpack_dont_email_post_to_subs":false,"_jetpack_newsletter_tier_id":0,"_jetpack_memberships_contains_paywalled_content":false,"_jetpack_memberships_contains_paid_content":false,"footnotes":"","jetpack_publicize_message":"","jetpack_publicize_feature_enabled":true,"jetpack_social_post_already_shared":true,"jetpack_social_options":{"image_generator_settings":{"template":"highway","default_image_id":0,"font":"","enabled":false},"version":2}},"categories":[11],"tags":[],"class_list":["post-70052","post","type-post","status-publish","format-standard","has-post-thumbnail","hentry","category-noticias-de-ribeirao-preto-sp-e-regiao-ismael-colosi"],"jetpack_publicize_connections":[],"jetpack_featured_media_url":"https:\/\/i0.wp.com\/ismaelcolosi.com.br\/wp-content\/uploads\/2024\/10\/Scene-8_2024-10-09_13-38-38_jpg_2024-10-09_13-38-40-scaled.webp.webp?fit=2560%2C1705&ssl=1","uagb_featured_image_src":{"full":["https:\/\/i0.wp.com\/ismaelcolosi.com.br\/wp-content\/uploads\/2024\/10\/Scene-8_2024-10-09_13-38-38_jpg_2024-10-09_13-38-40-scaled.webp.webp?fit=2560%2C1705&ssl=1",2560,1705,false],"thumbnail":["https:\/\/i0.wp.com\/ismaelcolosi.com.br\/wp-content\/uploads\/2024\/10\/Scene-8_2024-10-09_13-38-38_jpg_2024-10-09_13-38-40-scaled.webp.webp?resize=150%2C150&ssl=1",150,150,true],"medium":["https:\/\/i0.wp.com\/ismaelcolosi.com.br\/wp-content\/uploads\/2024\/10\/Scene-8_2024-10-09_13-38-38_jpg_2024-10-09_13-38-40-scaled.webp.webp?fit=300%2C200&ssl=1",300,200,true],"medium_large":["https:\/\/i0.wp.com\/ismaelcolosi.com.br\/wp-content\/uploads\/2024\/10\/Scene-8_2024-10-09_13-38-38_jpg_2024-10-09_13-38-40-scaled.webp.webp?fit=768%2C512&ssl=1",768,512,true],"large":["https:\/\/i0.wp.com\/ismaelcolosi.com.br\/wp-content\/uploads\/2024\/10\/Scene-8_2024-10-09_13-38-38_jpg_2024-10-09_13-38-40-scaled.webp.webp?fit=1024%2C682&ssl=1",1024,682,true],"1536x1536":["https:\/\/i0.wp.com\/ismaelcolosi.com.br\/wp-content\/uploads\/2024\/10\/Scene-8_2024-10-09_13-38-38_jpg_2024-10-09_13-38-40-scaled.webp.webp?fit=1536%2C1023&ssl=1",1536,1023,true],"2048x2048":["https:\/\/i0.wp.com\/ismaelcolosi.com.br\/wp-content\/uploads\/2024\/10\/Scene-8_2024-10-09_13-38-38_jpg_2024-10-09_13-38-40-scaled.webp.webp?fit=2048%2C1364&ssl=1",2048,1364,true],"really-simple-thumb":["https:\/\/i0.wp.com\/ismaelcolosi.com.br\/wp-content\/uploads\/2024\/10\/Scene-8_2024-10-09_13-38-38_jpg_2024-10-09_13-38-40-scaled.webp.webp?resize=370%2C247&ssl=1",370,247,true]},"uagb_author_info":{"display_name":"ismaelcolosi.com.br","author_link":"https:\/\/ismaelcolosi.com.br\/index.php\/author\/vidareal-online\/"},"uagb_comment_info":0,"uagb_excerpt":"O parque Doutor Lu\u00eds Carlos Raya, no Jardim Bot\u00e2nico, em Ribeir\u00e3o Preto, ir\u00e1 receber o projeto Super Tela, um cinema ao ar livre entre os...","jetpack-related-posts":[{"id":71295,"url":"https:\/\/ismaelcolosi.com.br\/index.php\/2024\/10\/15\/cinema-ao-ar-livre-em-parque-de-ribeirao-preto-tem-novos-ingressos-gratuitos\/","url_meta":{"origin":70052,"position":0},"title":"Cinema ao ar livre em parque de Ribeir\u00e3o Preto tem novos ingressos gratuitos","author":"ismaelcolosi.com.br","date":"15 de October de 2024","format":false,"excerpt":"Novos ingressos ser\u00e3o disponibilizados para o projeto de cinema ao ar livre, que acontece no parque Dr. Lu\u00eds Carlos Raya, na zona Sul de Ribeir\u00e3o Preto, a partir desta quarta-feira (16). A programa\u00e7\u00e3o \u00e9 gratuita e conta com filmes nacionais e internacionais. Mesmo com entrada gratuita, \u00e9 necess\u00e1rio reservar os\u2026","rel":"","context":"In &quot;Not\u00edcias de Ribeir\u00e3o Preto-SP e Regi\u00e3o&quot;","block_context":{"text":"Not\u00edcias de Ribeir\u00e3o Preto-SP e Regi\u00e3o","link":"https:\/\/ismaelcolosi.com.br\/index.php\/category\/noticias-de-ribeirao-preto-sp-e-regiao-ismael-colosi\/"},"img":{"alt_text":"","src":"https:\/\/i0.wp.com\/ismaelcolosi.com.br\/wp-content\/uploads\/2024\/10\/cinema-ao-ar-livre-publico-OK_2024-10-15_20-14-51_jpg_2024-10-15_20-14-52.webp.webp?fit=1200%2C798&ssl=1&resize=350%2C200","width":350,"height":200,"srcset":"https:\/\/i0.wp.com\/ismaelcolosi.com.br\/wp-content\/uploads\/2024\/10\/cinema-ao-ar-livre-publico-OK_2024-10-15_20-14-51_jpg_2024-10-15_20-14-52.webp.webp?fit=1200%2C798&ssl=1&resize=350%2C200 1x, https:\/\/i0.wp.com\/ismaelcolosi.com.br\/wp-content\/uploads\/2024\/10\/cinema-ao-ar-livre-publico-OK_2024-10-15_20-14-51_jpg_2024-10-15_20-14-52.webp.webp?fit=1200%2C798&ssl=1&resize=525%2C300 1.5x, https:\/\/i0.wp.com\/ismaelcolosi.com.br\/wp-content\/uploads\/2024\/10\/cinema-ao-ar-livre-publico-OK_2024-10-15_20-14-51_jpg_2024-10-15_20-14-52.webp.webp?fit=1200%2C798&ssl=1&resize=700%2C400 2x, https:\/\/i0.wp.com\/ismaelcolosi.com.br\/wp-content\/uploads\/2024\/10\/cinema-ao-ar-livre-publico-OK_2024-10-15_20-14-51_jpg_2024-10-15_20-14-52.webp.webp?fit=1200%2C798&ssl=1&resize=1050%2C600 3x"},"classes":[]},{"id":15341,"url":"https:\/\/ismaelcolosi.com.br\/index.php\/2023\/12\/13\/natal-quinteto-de-cordas-se-apresenta-em-shopping-de-ribeirao-preto\/","url_meta":{"origin":70052,"position":1},"title":"Natal: Quinteto de Cordas se apresenta em shopping de Ribeir\u00e3o Preto\u00a0","author":"ismaelcolosi.com.br","date":"13 de December de 2023","format":false,"excerpt":"O Quinteto de Cordas da Orquestra Sinf\u00f4nica de Ribeir\u00e3o Preto, realiza, nesta quarta-feira (13), uma apresenta\u00e7\u00e3o no Ribeir\u00e3oShopping, localizado na zona Sul da cidade. O evento \u00e9 gratuito ao p\u00fablico. O evento tem entrada gratuita e acontece \u00e0s 18h30, pr\u00f3ximo ao cinema. O espet\u00e1culo faz parte da s\u00e9rie \u2018M\u00fasica Solid\u00e1ria\u2019.\u2026","rel":"","context":"In &quot;Not\u00edcias de Ribeir\u00e3o Preto-SP e Regi\u00e3o&quot;","block_context":{"text":"Not\u00edcias de Ribeir\u00e3o Preto-SP e Regi\u00e3o","link":"https:\/\/ismaelcolosi.com.br\/index.php\/category\/noticias-de-ribeirao-preto-sp-e-regiao-ismael-colosi\/"},"img":{"alt_text":"","src":"https:\/\/i0.wp.com\/ismaelcolosi.com.br\/wp-content\/uploads\/2023\/12\/sinfxnica-1068x629-1.jpg?fit=1068%2C629&ssl=1&resize=350%2C200","width":350,"height":200,"srcset":"https:\/\/i0.wp.com\/ismaelcolosi.com.br\/wp-content\/uploads\/2023\/12\/sinfxnica-1068x629-1.jpg?fit=1068%2C629&ssl=1&resize=350%2C200 1x, https:\/\/i0.wp.com\/ismaelcolosi.com.br\/wp-content\/uploads\/2023\/12\/sinfxnica-1068x629-1.jpg?fit=1068%2C629&ssl=1&resize=525%2C300 1.5x, https:\/\/i0.wp.com\/ismaelcolosi.com.br\/wp-content\/uploads\/2023\/12\/sinfxnica-1068x629-1.jpg?fit=1068%2C629&ssl=1&resize=700%2C400 2x, https:\/\/i0.wp.com\/ismaelcolosi.com.br\/wp-content\/uploads\/2023\/12\/sinfxnica-1068x629-1.jpg?fit=1068%2C629&ssl=1&resize=1050%2C600 3x"},"classes":[]},{"id":73089,"url":"https:\/\/ismaelcolosi.com.br\/index.php\/2024\/10\/24\/biblioteca-de-ribeirao-preto-recebe-daniela-arbex-no-fim-de-semana\/","url_meta":{"origin":70052,"position":2},"title":"Biblioteca de Ribeir\u00e3o Preto recebe Daniela Arbex no fim de semana","author":"ismaelcolosi.com.br","date":"24 de October de 2024","format":false,"excerpt":"A Mostra Liter\u00e1ria: escrita, cinema e gastronomia, da Biblioteca Sinh\u00e1 Junqueira, em Ribeir\u00e3o Preto, recebe neste s\u00e1bado (26), \u00e0s 16h, a jornalista Daniela Arbex, para um bate-papo sobre seus livros e document\u00e1rios. A entrada \u00e9 gratuita. Daniela \u00e9 autora do livro que inspirou o document\u00e1rio Holocausto Brasileiro, que tamb\u00e9m ser\u00e1\u2026","rel":"","context":"In &quot;Not\u00edcias de Ribeir\u00e3o Preto-SP e Regi\u00e3o&quot;","block_context":{"text":"Not\u00edcias de Ribeir\u00e3o Preto-SP e Regi\u00e3o","link":"https:\/\/ismaelcolosi.com.br\/index.php\/category\/noticias-de-ribeirao-preto-sp-e-regiao-ismael-colosi\/"},"img":{"alt_text":"","src":"https:\/\/i0.wp.com\/ismaelcolosi.com.br\/wp-content\/uploads\/2024\/10\/Daniela-Arbex_2024-10-22_16-30-24.webp.webp?fit=1200%2C675&ssl=1&resize=350%2C200","width":350,"height":200,"srcset":"https:\/\/i0.wp.com\/ismaelcolosi.com.br\/wp-content\/uploads\/2024\/10\/Daniela-Arbex_2024-10-22_16-30-24.webp.webp?fit=1200%2C675&ssl=1&resize=350%2C200 1x, https:\/\/i0.wp.com\/ismaelcolosi.com.br\/wp-content\/uploads\/2024\/10\/Daniela-Arbex_2024-10-22_16-30-24.webp.webp?fit=1200%2C675&ssl=1&resize=525%2C300 1.5x, https:\/\/i0.wp.com\/ismaelcolosi.com.br\/wp-content\/uploads\/2024\/10\/Daniela-Arbex_2024-10-22_16-30-24.webp.webp?fit=1200%2C675&ssl=1&resize=700%2C400 2x, https:\/\/i0.wp.com\/ismaelcolosi.com.br\/wp-content\/uploads\/2024\/10\/Daniela-Arbex_2024-10-22_16-30-24.webp.webp?fit=1200%2C675&ssl=1&resize=1050%2C600 3x"},"classes":[]},{"id":53846,"url":"https:\/\/ismaelcolosi.com.br\/index.php\/2024\/06\/19\/biblioteca-de-ribeirao-preto-realiza-festa-junina-gratuita-veja-quando\/","url_meta":{"origin":70052,"position":3},"title":"Biblioteca de Ribeir\u00e3o Preto realiza festa junina gratuita; Veja quando","author":"ismaelcolosi.com.br","date":"19 de June de 2024","format":false,"excerpt":"A Biblioteca Sinh\u00e1 Junqueira, no Centro de Ribeir\u00e3o Preto, realiza no pr\u00f3ximo s\u00e1bado (22), a primeira \u201cFesta Junina da BSJ\u201d, das 15h at\u00e9 \u00e0s 20h. A festa \u00e9 aberta ao p\u00fablico e tem entrada gratuita. O evento ter\u00e1 programa\u00e7\u00e3o cultural com m\u00fasicas t\u00edpicas e ao vivo, forr\u00f3 e maquiagem junina\u2026","rel":"","context":"In &quot;Not\u00edcias de Ribeir\u00e3o Preto-SP e Regi\u00e3o&quot;","block_context":{"text":"Not\u00edcias de Ribeir\u00e3o Preto-SP e Regi\u00e3o","link":"https:\/\/ismaelcolosi.com.br\/index.php\/category\/noticias-de-ribeirao-preto-sp-e-regiao-ismael-colosi\/"},"img":{"alt_text":"","src":"https:\/\/i0.wp.com\/ismaelcolosi.com.br\/wp-content\/uploads\/2024\/06\/img-20230615-wa0016.jpg?fit=1200%2C800&ssl=1&resize=350%2C200","width":350,"height":200,"srcset":"https:\/\/i0.wp.com\/ismaelcolosi.com.br\/wp-content\/uploads\/2024\/06\/img-20230615-wa0016.jpg?fit=1200%2C800&ssl=1&resize=350%2C200 1x, https:\/\/i0.wp.com\/ismaelcolosi.com.br\/wp-content\/uploads\/2024\/06\/img-20230615-wa0016.jpg?fit=1200%2C800&ssl=1&resize=525%2C300 1.5x, https:\/\/i0.wp.com\/ismaelcolosi.com.br\/wp-content\/uploads\/2024\/06\/img-20230615-wa0016.jpg?fit=1200%2C800&ssl=1&resize=700%2C400 2x, https:\/\/i0.wp.com\/ismaelcolosi.com.br\/wp-content\/uploads\/2024\/06\/img-20230615-wa0016.jpg?fit=1200%2C800&ssl=1&resize=1050%2C600 3x"},"classes":[]},{"id":63019,"url":"https:\/\/ismaelcolosi.com.br\/index.php\/2024\/08\/30\/ira-folk-e-otavio-augusto-veja-o-que-fazer-no-fim-de-semana-em-ribeirao-preto\/","url_meta":{"origin":70052,"position":4},"title":"Ira! Folk e Ot\u00e1vio Augusto: Veja o que fazer no fim de semana em Ribeir\u00e3o Preto","author":"ismaelcolosi.com.br","date":"30 de August de 2024","format":false,"excerpt":"O \u00faltimo fim de semana de agosto chegou e a agenda cultural de Ribeir\u00e3o Preto conta com diversas atra\u00e7\u00f5es. Mas, se voc\u00ea ainda n\u00e3o sabe o que fazer no fim de semana, o acidade on te mostra as op\u00e7\u00f5es. Confira: Ira! Folk Na sexta-feira (30), o projeto Ira! Folk \u00e9\u2026","rel":"","context":"In &quot;Not\u00edcias de Ribeir\u00e3o Preto-SP e Regi\u00e3o&quot;","block_context":{"text":"Not\u00edcias de Ribeir\u00e3o Preto-SP e Regi\u00e3o","link":"https:\/\/ismaelcolosi.com.br\/index.php\/category\/noticias-de-ribeirao-preto-sp-e-regiao-ismael-colosi\/"},"img":{"alt_text":"","src":"https:\/\/i0.wp.com\/ismaelcolosi.com.br\/wp-content\/uploads\/2024\/08\/Copia-de-Copia-de-Copia-de-TAMANHO-EXATO-PARA-FOTOS-NO-SISTEMA-NOVO-12_2024-08-30_12-53-24_jpg_2024-08-30_12-53-24.webp.webp?fit=1200%2C675&ssl=1&resize=350%2C200","width":350,"height":200,"srcset":"https:\/\/i0.wp.com\/ismaelcolosi.com.br\/wp-content\/uploads\/2024\/08\/Copia-de-Copia-de-Copia-de-TAMANHO-EXATO-PARA-FOTOS-NO-SISTEMA-NOVO-12_2024-08-30_12-53-24_jpg_2024-08-30_12-53-24.webp.webp?fit=1200%2C675&ssl=1&resize=350%2C200 1x, https:\/\/i0.wp.com\/ismaelcolosi.com.br\/wp-content\/uploads\/2024\/08\/Copia-de-Copia-de-Copia-de-TAMANHO-EXATO-PARA-FOTOS-NO-SISTEMA-NOVO-12_2024-08-30_12-53-24_jpg_2024-08-30_12-53-24.webp.webp?fit=1200%2C675&ssl=1&resize=525%2C300 1.5x, https:\/\/i0.wp.com\/ismaelcolosi.com.br\/wp-content\/uploads\/2024\/08\/Copia-de-Copia-de-Copia-de-TAMANHO-EXATO-PARA-FOTOS-NO-SISTEMA-NOVO-12_2024-08-30_12-53-24_jpg_2024-08-30_12-53-24.webp.webp?fit=1200%2C675&ssl=1&resize=700%2C400 2x, https:\/\/i0.wp.com\/ismaelcolosi.com.br\/wp-content\/uploads\/2024\/08\/Copia-de-Copia-de-Copia-de-TAMANHO-EXATO-PARA-FOTOS-NO-SISTEMA-NOVO-12_2024-08-30_12-53-24_jpg_2024-08-30_12-53-24.webp.webp?fit=1200%2C675&ssl=1&resize=1050%2C600 3x"},"classes":[]},{"id":3585,"url":"https:\/\/ismaelcolosi.com.br\/index.php\/2023\/11\/19\/paroquia-na-zona-oeste-de-ribeirao-tem-apresentacao-gratuita-com-orquestra\/","url_meta":{"origin":70052,"position":5},"title":"Par\u00f3quia na zona Oeste de Ribeir\u00e3o tem apresenta\u00e7\u00e3o gratuita com orquestra \u00a0 \u00a0","author":"ismaelcolosi.com.br","date":"19 de November de 2023","format":false,"excerpt":"A Par\u00f3quia S\u00e3o Judas Tadeu, localizado no Parque das Andorinhas, recebe, neste domingo (19), \u00e0s 20h, o projeto \u2018Encantando\u2019 com apresenta\u00e7\u00e3o da Orquestra de C\u00e2mara da Academia Livre de M\u00fasica e Artes de Ribeir\u00e3o Preto (Alma). \u00a0 O concerto tem dura\u00e7\u00e3o de 40 minutos, \u00e9 gratuito e acontece ap\u00f3s a\u2026","rel":"","context":"In &quot;Not\u00edcias de Ribeir\u00e3o Preto-SP e Regi\u00e3o&quot;","block_context":{"text":"Not\u00edcias de Ribeir\u00e3o Preto-SP e Regi\u00e3o","link":"https:\/\/ismaelcolosi.com.br\/index.php\/category\/noticias-de-ribeirao-preto-sp-e-regiao-ismael-colosi\/"},"img":{"alt_text":"","src":"https:\/\/i0.wp.com\/ismaelcolosi.com.br\/wp-content\/uploads\/2023\/11\/Orquestra-de-Camara-da-Academia-Livre-de-Musica-e-Artes-Alma-3-1068x712-1.jpg?fit=1068%2C712&ssl=1&resize=350%2C200","width":350,"height":200,"srcset":"https:\/\/i0.wp.com\/ismaelcolosi.com.br\/wp-content\/uploads\/2023\/11\/Orquestra-de-Camara-da-Academia-Livre-de-Musica-e-Artes-Alma-3-1068x712-1.jpg?fit=1068%2C712&ssl=1&resize=350%2C200 1x, https:\/\/i0.wp.com\/ismaelcolosi.com.br\/wp-content\/uploads\/2023\/11\/Orquestra-de-Camara-da-Academia-Livre-de-Musica-e-Artes-Alma-3-1068x712-1.jpg?fit=1068%2C712&ssl=1&resize=525%2C300 1.5x, https:\/\/i0.wp.com\/ismaelcolosi.com.br\/wp-content\/uploads\/2023\/11\/Orquestra-de-Camara-da-Academia-Livre-de-Musica-e-Artes-Alma-3-1068x712-1.jpg?fit=1068%2C712&ssl=1&resize=700%2C400 2x, https:\/\/i0.wp.com\/ismaelcolosi.com.br\/wp-content\/uploads\/2023\/11\/Orquestra-de-Camara-da-Academia-Livre-de-Musica-e-Artes-Alma-3-1068x712-1.jpg?fit=1068%2C712&ssl=1&resize=1050%2C600 3x"},"classes":[]}],"jetpack_sharing_enabled":true,"jetpack_shortlink":"https:\/\/wp.me\/pfMlyK-idS","_links":{"self":[{"href":"https:\/\/ismaelcolosi.com.br\/index.php\/wp-json\/wp\/v2\/posts\/70052","targetHints":{"allow":["GET"]}}],"collection":[{"href":"https:\/\/ismaelcolosi.com.br\/index.php\/wp-json\/wp\/v2\/posts"}],"about":[{"href":"https:\/\/ismaelcolosi.com.br\/index.php\/wp-json\/wp\/v2\/types\/post"}],"author":[{"embeddable":true,"href":"https:\/\/ismaelcolosi.com.br\/index.php\/wp-json\/wp\/v2\/users\/1"}],"replies":[{"embeddable":true,"href":"https:\/\/ismaelcolosi.com.br\/index.php\/wp-json\/wp\/v2\/comments?post=70052"}],"version-history":[{"count":0,"href":"https:\/\/ismaelcolosi.com.br\/index.php\/wp-json\/wp\/v2\/posts\/70052\/revisions"}],"wp:featuredmedia":[{"embeddable":true,"href":"https:\/\/ismaelcolosi.com.br\/index.php\/wp-json\/wp\/v2\/media\/70053"}],"wp:attachment":[{"href":"https:\/\/ismaelcolosi.com.br\/index.php\/wp-json\/wp\/v2\/media?parent=70052"}],"wp:term":[{"taxonomy":"category","embeddable":true,"href":"https:\/\/ismaelcolosi.com.br\/index.php\/wp-json\/wp\/v2\/categories?post=70052"},{"taxonomy":"post_tag","embeddable":true,"href":"https:\/\/ismaelcolosi.com.br\/index.php\/wp-json\/wp\/v2\/tags?post=70052"}],"curies":[{"name":"wp","href":"https:\/\/api.w.org\/{rel}","templated":true}]}}