{"id":70021,"date":"2024-10-09T09:05:37","date_gmt":"2024-10-09T12:05:37","guid":{"rendered":"https:\/\/ismaelcolosi.com.br\/index.php\/2024\/10\/09\/filhote-de-veado-resgatado-em-incendio-recebe-tratamento-no-bosque-de-ribeirao\/"},"modified":"2024-10-09T09:05:37","modified_gmt":"2024-10-09T12:05:37","slug":"filhote-de-veado-resgatado-em-incendio-recebe-tratamento-no-bosque-de-ribeirao","status":"publish","type":"post","link":"https:\/\/ismaelcolosi.com.br\/index.php\/2024\/10\/09\/filhote-de-veado-resgatado-em-incendio-recebe-tratamento-no-bosque-de-ribeirao\/","title":{"rendered":"Filhote de veado resgatado em inc\u00eandio recebe tratamento no Bosque de Ribeir\u00e3o"},"content":{"rendered":"<p> <br \/>\n<\/p>\n<p><strong>Um filhote de veado v\u00edtima das queimadas passa por reabilita\u00e7\u00e3o no Bosque Zool\u00f3gico F\u00e1bio Barreto, em Ribeir\u00e3o Preto.<\/strong><\/p>\n<p>O <strong>animal <\/strong>foi encontrado por um <strong>morador <\/strong>em <strong>Ipu\u00e3<\/strong>, cidade a aproximadamente 100 quil\u00f4metros de <strong>Ribeir\u00e3o<\/strong>.<\/p>\n<p>O <strong>resgate <\/strong>foi realizado por uma equipe da <strong>Defesa Civil <\/strong>e, inicialmente, o filhote foi encaminhado ao <strong>Centro de Zoonoses de Ipu\u00e3<\/strong>.<\/p>\n<p>O <strong>Bosque Zool\u00f3gico F\u00e1bio Barreto<\/strong> j\u00e1 recebeu <strong>32 animais<\/strong> v\u00edtimas dos \u00faltimos <strong>inc\u00eandios<\/strong>. <\/p>\n<blockquote class=\"instagram-media\" data-instgrm-permalink=\"https:\/\/www.instagram.com\/reel\/DA5vAeAOErx\/?utm_source=ig_embed&amp;utm_campaign=loading\" data-instgrm-version=\"14\" style=\"background:#FFF;border:0;border-radius:3px;margin: 1px;max-width:540px;min-width:326px;padding:0;width:99.375%;width:-webkit-calc(100% - 2px);width:calc(100% - 2px)\">\n<div style=\"padding:16px\"> <a href=\"https:\/\/www.instagram.com\/reel\/DA5vAeAOErx\/?utm_source=ig_embed&amp;utm_campaign=loading\" style=\"background:#FFFFFF;line-height:0;padding:0 0;text-align:center;text-decoration:none;width:100%\" target=\"_blank\" rel=\"noopener\"> <\/p>\n<div style=\"flex-direction: row;align-items: center\">\n<div style=\"background-color: #F4F4F4;border-radius: 50%;flex-grow: 0;height: 40px;margin-right: 14px;width: 40px\"><\/div>\n<div style=\"flex-direction: column;flex-grow: 1;justify-content: center\">\n<div style=\"background-color: #F4F4F4;border-radius: 4px;flex-grow: 0;height: 14px;margin-bottom: 6px;width: 100px\"><\/div>\n<div style=\"background-color: #F4F4F4;border-radius: 4px;flex-grow: 0;height: 14px;width: 60px\"><\/div>\n<\/div>\n<\/div>\n<div style=\"padding: 19% 0\"><\/div>\n<div style=\"height:50px;margin:0 auto 12px;width:50px\"><\/div>\n<div style=\"padding-top: 8px\">\n<div style=\"color:#3897f0;font-family:Arial,sans-serif;font-size:14px;font-style:normal;font-weight:550;line-height:18px\">Ver essa foto no Instagram<\/div>\n<\/div>\n<div style=\"padding: 12.5% 0\"><\/div>\n<div style=\"flex-direction: row;margin-bottom: 14px;align-items: center\">\n<div>\n<div style=\"background-color: #F4F4F4;border-radius: 50%;height: 12.5px;width: 12.5px\"><\/div>\n<div style=\"background-color: #F4F4F4;height: 12.5px;width: 12.5px;flex-grow: 0;margin-right: 14px;margin-left: 2px\"><\/div>\n<div style=\"background-color: #F4F4F4;border-radius: 50%;height: 12.5px;width: 12.5px\"><\/div>\n<\/div>\n<div style=\"margin-left: 8px\">\n<div style=\"background-color: #F4F4F4;border-radius: 50%;flex-grow: 0;height: 20px;width: 20px\"><\/div>\n<div style=\"width: 0;height: 0;border-top: 2px solid transparent;border-left: 6px solid #f4f4f4;border-bottom: 2px solid transparent\"><\/div>\n<\/div>\n<div style=\"margin-left: auto\">\n<div style=\"width: 0px;border-top: 8px solid #F4F4F4;border-right: 8px solid transparent\"><\/div>\n<div style=\"background-color: #F4F4F4;flex-grow: 0;height: 12px;width: 16px\"><\/div>\n<div style=\"width: 0;height: 0;border-top: 8px solid #F4F4F4;border-left: 8px solid transparent\"><\/div>\n<\/div>\n<\/div>\n<div style=\"flex-direction: column;flex-grow: 1;justify-content: center;margin-bottom: 24px\">\n<div style=\"background-color: #F4F4F4;border-radius: 4px;flex-grow: 0;height: 14px;margin-bottom: 6px;width: 224px\"><\/div>\n<div style=\"background-color: #F4F4F4;border-radius: 4px;flex-grow: 0;height: 14px;width: 144px\"><\/div>\n<\/div>\n<p><\/a><\/p>\n<p style=\"color:#c9c8cd;font-family:Arial,sans-serif;font-size:14px;line-height:17px;margin-bottom:0;margin-top:8px;overflow:hidden;padding:8px 0 7px;text-align:center\"><a href=\"https:\/\/www.instagram.com\/reel\/DA5vAeAOErx\/?utm_source=ig_embed&amp;utm_campaign=loading\" style=\"color:#c9c8cd;font-family:Arial,sans-serif;font-size:14px;font-style:normal;font-weight:normal;line-height:17px;text-decoration:none\" target=\"_blank\" rel=\"noopener\">Uma publica\u00e7\u00e3o compartilhada por acidade on Ribeir\u00e3o (@acidadeonribeirao)<\/a><\/p>\n<\/div>\n<\/blockquote>\n<p>SAIBA MAIS<\/p>\n<p>Quando chove em Ribeir\u00e3o? Confira a previs\u00e3o do tempo<\/p>\n<h4 class=\"wp-block-heading\"><strong>FIQUE ON<\/strong><\/h4>\n<p>Fique ligado em tudo que acontece em Ribeir\u00e3o Preto e regi\u00e3o. Siga os perfis do&nbsp;<strong>acidade on<\/strong>&nbsp;no&nbsp;<a href=\"https:\/\/www.instagram.com\/acidadeonribeirao\" target=\"_blank\" rel=\"noreferrer noopener\">Instagram&nbsp;<\/a>e no&nbsp;<a href=\"https:\/\/www.facebook.com\/acidadeonribeirao\/\" target=\"_blank\" rel=\"noreferrer noopener\">Facebook<\/a>.<\/p>\n<p>Receba not\u00edcias do&nbsp;<strong>acidade on<\/strong>&nbsp;no WhatsApp.&nbsp;<a href=\"https:\/\/chat.whatsapp.com\/Fg4ok3aAVyB59DP63pRapr\" target=\"_blank\" rel=\"noreferrer noopener\">Para entrar no grupo, basta clicar aqui.<\/a><\/p>\n<p>Fa\u00e7a uma den\u00fancia ou sugira uma reportagem sobre Ribeir\u00e3o Preto e regi\u00e3o pelo WhatsApp: 16 99117 7802.<\/p>\n<p>VEJA TAMB\u00c9M<\/p>\n<p>X foi liberado no Brasil?<\/p>\n<p>O post Filhote de veado resgatado em inc\u00eandio recebe tratamento no Bosque de Ribeir\u00e3o apareceu primeiro em ACidade ON Ribeir\u00e3o Preto.<\/p>\n<p><script async src=\"\/\/www.instagram.com\/embed.js\"><\/script><br \/>\n<br \/><br \/>\n<br \/><a href=\"https:\/\/www.acidadeon.com\/ribeiraopreto\/cotidiano\/filhote-de-veado-resgatado-em-incendio-recebe-tratamento-no-bosque-de-ribeirao\/\">Source link <\/a><\/p>\n<div class='code-block code-block-4' style='margin: 8px auto 8px 0; text-align: left; display: block; clear: both;'>\n\ud83d\udce2 Aviso Legal\n\nO site ismaelcolosi.com.br atua apenas como um canal de divulga\u00e7\u00e3o de oportunidades de emprego e n\u00e3o se responsabiliza pelo processo seletivo, contrata\u00e7\u00e3o ou qualquer outra etapa relacionada \u00e0s vagas publicadas. Todas as informa\u00e7\u00f5es s\u00e3o de responsabilidade dos anunciantes.\n\n\u26a0\ufe0f Aten\u00e7\u00e3o! Nunca pague por promessas de emprego nem compre cursos que garantam contrata\u00e7\u00e3o. Desconfie de qualquer cobran\u00e7a para participar de sele\u00e7\u00f5es.\n\n\n\n<\/div>\n<!-- CONTENT END 1 -->\n","protected":false},"excerpt":{"rendered":"<p>Um filhote de veado v\u00edtima das queimadas passa por reabilita\u00e7\u00e3o no Bosque Zool\u00f3gico F\u00e1bio Barreto, em Ribeir\u00e3o Preto. O animal foi encontrado por um morador&#8230;<\/p>\n","protected":false},"author":1,"featured_media":70022,"comment_status":"open","ping_status":"open","sticky":false,"template":"","format":"standard","meta":{"_uag_custom_page_level_css":"","advanced_seo_description":"","jetpack_seo_html_title":"","jetpack_seo_noindex":false,"jetpack_post_was_ever_published":false,"_jetpack_newsletter_access":"","_jetpack_dont_email_post_to_subs":false,"_jetpack_newsletter_tier_id":0,"_jetpack_memberships_contains_paywalled_content":false,"_jetpack_memberships_contains_paid_content":false,"footnotes":"","jetpack_publicize_message":"","jetpack_publicize_feature_enabled":true,"jetpack_social_post_already_shared":true,"jetpack_social_options":{"image_generator_settings":{"template":"highway","default_image_id":0,"font":"","enabled":false},"version":2}},"categories":[11],"tags":[],"class_list":["post-70021","post","type-post","status-publish","format-standard","has-post-thumbnail","hentry","category-noticias-de-ribeirao-preto-sp-e-regiao-ismael-colosi"],"jetpack_publicize_connections":[],"jetpack_featured_media_url":"https:\/\/i0.wp.com\/ismaelcolosi.com.br\/wp-content\/uploads\/2024\/10\/WhatsApp-Image-2024-10-09-at-08.44.25_2024-10-09_11-44-43_jpeg_2024-10-09_11-44-43.webp.webp?fit=679%2C354&ssl=1","uagb_featured_image_src":{"full":["https:\/\/i0.wp.com\/ismaelcolosi.com.br\/wp-content\/uploads\/2024\/10\/WhatsApp-Image-2024-10-09-at-08.44.25_2024-10-09_11-44-43_jpeg_2024-10-09_11-44-43.webp.webp?fit=679%2C354&ssl=1",679,354,false],"thumbnail":["https:\/\/i0.wp.com\/ismaelcolosi.com.br\/wp-content\/uploads\/2024\/10\/WhatsApp-Image-2024-10-09-at-08.44.25_2024-10-09_11-44-43_jpeg_2024-10-09_11-44-43.webp.webp?resize=150%2C150&ssl=1",150,150,true],"medium":["https:\/\/i0.wp.com\/ismaelcolosi.com.br\/wp-content\/uploads\/2024\/10\/WhatsApp-Image-2024-10-09-at-08.44.25_2024-10-09_11-44-43_jpeg_2024-10-09_11-44-43.webp.webp?fit=300%2C156&ssl=1",300,156,true],"medium_large":["https:\/\/i0.wp.com\/ismaelcolosi.com.br\/wp-content\/uploads\/2024\/10\/WhatsApp-Image-2024-10-09-at-08.44.25_2024-10-09_11-44-43_jpeg_2024-10-09_11-44-43.webp.webp?fit=679%2C354&ssl=1",679,354,true],"large":["https:\/\/i0.wp.com\/ismaelcolosi.com.br\/wp-content\/uploads\/2024\/10\/WhatsApp-Image-2024-10-09-at-08.44.25_2024-10-09_11-44-43_jpeg_2024-10-09_11-44-43.webp.webp?fit=679%2C354&ssl=1",679,354,true],"1536x1536":["https:\/\/i0.wp.com\/ismaelcolosi.com.br\/wp-content\/uploads\/2024\/10\/WhatsApp-Image-2024-10-09-at-08.44.25_2024-10-09_11-44-43_jpeg_2024-10-09_11-44-43.webp.webp?fit=679%2C354&ssl=1",679,354,true],"2048x2048":["https:\/\/i0.wp.com\/ismaelcolosi.com.br\/wp-content\/uploads\/2024\/10\/WhatsApp-Image-2024-10-09-at-08.44.25_2024-10-09_11-44-43_jpeg_2024-10-09_11-44-43.webp.webp?fit=679%2C354&ssl=1",679,354,true],"really-simple-thumb":["https:\/\/i0.wp.com\/ismaelcolosi.com.br\/wp-content\/uploads\/2024\/10\/WhatsApp-Image-2024-10-09-at-08.44.25_2024-10-09_11-44-43_jpeg_2024-10-09_11-44-43.webp.webp?resize=370%2C247&ssl=1",370,247,true]},"uagb_author_info":{"display_name":"ismaelcolosi.com.br","author_link":"https:\/\/ismaelcolosi.com.br\/index.php\/author\/vidareal-online\/"},"uagb_comment_info":0,"uagb_excerpt":"Um filhote de veado v\u00edtima das queimadas passa por reabilita\u00e7\u00e3o no Bosque Zool\u00f3gico F\u00e1bio Barreto, em Ribeir\u00e3o Preto. O animal foi encontrado por um morador...","jetpack-related-posts":[{"id":54863,"url":"https:\/\/ismaelcolosi.com.br\/index.php\/2024\/06\/28\/bosque-zoologico-de-ribeirao-preto-recebe-filhote-de-onca-pintada\/","url_meta":{"origin":70021,"position":0},"title":"Bosque Zool\u00f3gico de Ribeir\u00e3o Preto recebe filhote de on\u00e7a-pintada","author":"ismaelcolosi.com.br","date":"28 de June de 2024","format":false,"excerpt":"O Bosque Zool\u00f3gico F\u00e1bio Barreto, em Ribeir\u00e3o Preto, recebeu uma nova moradora: a on\u00e7a-pintada Juma. Ela tem 10 meses de idade e nasceu no ZooPark de Vit\u00f3ria-ES e, por quest\u00f5es de manejo, veio para Ribeir\u00e3o Preto. A partir desta sexta-feira (28), a on\u00e7a Juma j\u00e1 pode ser vista, em um\u2026","rel":"","context":"In &quot;Not\u00edcias de Ribeir\u00e3o Preto-SP e Regi\u00e3o&quot;","block_context":{"text":"Not\u00edcias de Ribeir\u00e3o Preto-SP e Regi\u00e3o","link":"https:\/\/ismaelcolosi.com.br\/index.php\/category\/noticias-de-ribeirao-preto-sp-e-regiao-ismael-colosi\/"},"img":{"alt_text":"","src":"https:\/\/i0.wp.com\/ismaelcolosi.com.br\/wp-content\/uploads\/2024\/06\/WhatsApp-Image-2024-06-28-at-10.02.59_2024-06-28_13-30-29_jpeg_2024-06-28_13-30-29.webp.webp?fit=1200%2C970&ssl=1&resize=350%2C200","width":350,"height":200,"srcset":"https:\/\/i0.wp.com\/ismaelcolosi.com.br\/wp-content\/uploads\/2024\/06\/WhatsApp-Image-2024-06-28-at-10.02.59_2024-06-28_13-30-29_jpeg_2024-06-28_13-30-29.webp.webp?fit=1200%2C970&ssl=1&resize=350%2C200 1x, https:\/\/i0.wp.com\/ismaelcolosi.com.br\/wp-content\/uploads\/2024\/06\/WhatsApp-Image-2024-06-28-at-10.02.59_2024-06-28_13-30-29_jpeg_2024-06-28_13-30-29.webp.webp?fit=1200%2C970&ssl=1&resize=525%2C300 1.5x, https:\/\/i0.wp.com\/ismaelcolosi.com.br\/wp-content\/uploads\/2024\/06\/WhatsApp-Image-2024-06-28-at-10.02.59_2024-06-28_13-30-29_jpeg_2024-06-28_13-30-29.webp.webp?fit=1200%2C970&ssl=1&resize=700%2C400 2x, https:\/\/i0.wp.com\/ismaelcolosi.com.br\/wp-content\/uploads\/2024\/06\/WhatsApp-Image-2024-06-28-at-10.02.59_2024-06-28_13-30-29_jpeg_2024-06-28_13-30-29.webp.webp?fit=1200%2C970&ssl=1&resize=1050%2C600 3x"},"classes":[]},{"id":63642,"url":"https:\/\/ismaelcolosi.com.br\/index.php\/2024\/09\/03\/filhote-vitima-de-queimadas-recebe-cuidados-do-bosque-de-ribeirao-preto\/","url_meta":{"origin":70021,"position":1},"title":"Filhote v\u00edtima de queimadas recebe cuidados do Bosque de Ribeir\u00e3o Preto","author":"ismaelcolosi.com.br","date":"3 de September de 2024","format":false,"excerpt":"O Cetras (Centro de Triagem e Reabilita\u00e7\u00e3o de Animais Silvestres), do Bosque F\u00e1bio Barreto, em Ribeir\u00e3o Preto, recebeu na segunda-feira (2) um filhote de sa\u00e7uarana que foi v\u00edtima das queimadas em S\u00e3o Joaquim da Barra. O animal foi atropelado enquanto fugia dos inc\u00eandios na regi\u00e3o. Ele perdeu o terceiro dedo\u2026","rel":"","context":"In &quot;Not\u00edcias de Ribeir\u00e3o Preto-SP e Regi\u00e3o&quot;","block_context":{"text":"Not\u00edcias de Ribeir\u00e3o Preto-SP e Regi\u00e3o","link":"https:\/\/ismaelcolosi.com.br\/index.php\/category\/noticias-de-ribeirao-preto-sp-e-regiao-ismael-colosi\/"},"img":{"alt_text":"","src":"https:\/\/i0.wp.com\/ismaelcolosi.com.br\/wp-content\/uploads\/2024\/09\/Copia-de-Copia-de-Copia-de-TAMANHO-EXATO-PARA-FOTOS-NO-SISTEMA-NOVO-2_2024-09-03_14-02-06_jpg_2024-09-03_14-02-07.webp.webp?fit=1200%2C675&ssl=1&resize=350%2C200","width":350,"height":200,"srcset":"https:\/\/i0.wp.com\/ismaelcolosi.com.br\/wp-content\/uploads\/2024\/09\/Copia-de-Copia-de-Copia-de-TAMANHO-EXATO-PARA-FOTOS-NO-SISTEMA-NOVO-2_2024-09-03_14-02-06_jpg_2024-09-03_14-02-07.webp.webp?fit=1200%2C675&ssl=1&resize=350%2C200 1x, https:\/\/i0.wp.com\/ismaelcolosi.com.br\/wp-content\/uploads\/2024\/09\/Copia-de-Copia-de-Copia-de-TAMANHO-EXATO-PARA-FOTOS-NO-SISTEMA-NOVO-2_2024-09-03_14-02-06_jpg_2024-09-03_14-02-07.webp.webp?fit=1200%2C675&ssl=1&resize=525%2C300 1.5x, https:\/\/i0.wp.com\/ismaelcolosi.com.br\/wp-content\/uploads\/2024\/09\/Copia-de-Copia-de-Copia-de-TAMANHO-EXATO-PARA-FOTOS-NO-SISTEMA-NOVO-2_2024-09-03_14-02-06_jpg_2024-09-03_14-02-07.webp.webp?fit=1200%2C675&ssl=1&resize=700%2C400 2x, https:\/\/i0.wp.com\/ismaelcolosi.com.br\/wp-content\/uploads\/2024\/09\/Copia-de-Copia-de-Copia-de-TAMANHO-EXATO-PARA-FOTOS-NO-SISTEMA-NOVO-2_2024-09-03_14-02-06_jpg_2024-09-03_14-02-07.webp.webp?fit=1200%2C675&ssl=1&resize=1050%2C600 3x"},"classes":[]},{"id":68266,"url":"https:\/\/ismaelcolosi.com.br\/index.php\/2024\/09\/28\/saiba-qual-o-estado-de-saude-de-filhote-resgatado-nos-incendios-do-interior-de-sp\/","url_meta":{"origin":70021,"position":2},"title":"Saiba qual o estado de sa\u00fade de filhote resgatado nos inc\u00eandios do interior de SP","author":"ismaelcolosi.com.br","date":"28 de September de 2024","format":false,"excerpt":"No dia 2 de setembro, o Bosque F\u00e1bio Barreto, em Ribeir\u00e3o Preto recebeu um filhote de sa\u00e7uarana, que foi v\u00edtima das queimadas em S\u00e3o Joaquim da Barra. O Centro de Triagem e Reabilita\u00e7\u00e3o de Animais Silvestres (Cetras) confirmou que o animal est\u00e1 saud\u00e1vel e j\u00e1 ganhou peso. Enquanto fugia dos\u2026","rel":"","context":"In &quot;Not\u00edcias de Ribeir\u00e3o Preto-SP e Regi\u00e3o&quot;","block_context":{"text":"Not\u00edcias de Ribeir\u00e3o Preto-SP e Regi\u00e3o","link":"https:\/\/ismaelcolosi.com.br\/index.php\/category\/noticias-de-ribeirao-preto-sp-e-regiao-ismael-colosi\/"},"img":{"alt_text":"","src":"https:\/\/i0.wp.com\/ismaelcolosi.com.br\/wp-content\/uploads\/2024\/09\/Capturar_2024-09-28_13-47-52_jpg_2024-09-28_13-47-52.webp.webp?fit=973%2C606&ssl=1&resize=350%2C200","width":350,"height":200,"srcset":"https:\/\/i0.wp.com\/ismaelcolosi.com.br\/wp-content\/uploads\/2024\/09\/Capturar_2024-09-28_13-47-52_jpg_2024-09-28_13-47-52.webp.webp?fit=973%2C606&ssl=1&resize=350%2C200 1x, https:\/\/i0.wp.com\/ismaelcolosi.com.br\/wp-content\/uploads\/2024\/09\/Capturar_2024-09-28_13-47-52_jpg_2024-09-28_13-47-52.webp.webp?fit=973%2C606&ssl=1&resize=525%2C300 1.5x, https:\/\/i0.wp.com\/ismaelcolosi.com.br\/wp-content\/uploads\/2024\/09\/Capturar_2024-09-28_13-47-52_jpg_2024-09-28_13-47-52.webp.webp?fit=973%2C606&ssl=1&resize=700%2C400 2x"},"classes":[]},{"id":64846,"url":"https:\/\/ismaelcolosi.com.br\/index.php\/2024\/09\/09\/bosque-de-ribeirao-recebe-mais-dois-animais-atingidos-por-queimadas\/","url_meta":{"origin":70021,"position":3},"title":"Bosque de Ribeir\u00e3o recebe mais dois animais atingidos por queimadas","author":"ismaelcolosi.com.br","date":"9 de September de 2024","format":false,"excerpt":"O Bosque e Zool\u00f3gico F\u00e1bio Barreto em Ribeir\u00e3o Preto recebeu, neste final de semana, mais dois animais v\u00edtimas das queimadas na regi\u00e3o. Um tamandu\u00e1 bandeira, macho e de 23 kg e um filhote de lobo guar\u00e1, com 03 meses de idade. O tamandu\u00e1 foi encontrado em Batatais com queimaduras nas\u2026","rel":"","context":"In &quot;Not\u00edcias de Ribeir\u00e3o Preto-SP e Regi\u00e3o&quot;","block_context":{"text":"Not\u00edcias de Ribeir\u00e3o Preto-SP e Regi\u00e3o","link":"https:\/\/ismaelcolosi.com.br\/index.php\/category\/noticias-de-ribeirao-preto-sp-e-regiao-ismael-colosi\/"},"img":{"alt_text":"","src":"https:\/\/i0.wp.com\/ismaelcolosi.com.br\/wp-content\/uploads\/2024\/09\/Copia-de-Copia-de-Copia-de-TAMANHO-EXATO-PARA-FOTOS-NO-SISTEMA-NOVO-8_2024-09-09_18-10-53_png_2024-09-09_18-10-53.webp.webp?fit=1200%2C675&ssl=1&resize=350%2C200","width":350,"height":200,"srcset":"https:\/\/i0.wp.com\/ismaelcolosi.com.br\/wp-content\/uploads\/2024\/09\/Copia-de-Copia-de-Copia-de-TAMANHO-EXATO-PARA-FOTOS-NO-SISTEMA-NOVO-8_2024-09-09_18-10-53_png_2024-09-09_18-10-53.webp.webp?fit=1200%2C675&ssl=1&resize=350%2C200 1x, https:\/\/i0.wp.com\/ismaelcolosi.com.br\/wp-content\/uploads\/2024\/09\/Copia-de-Copia-de-Copia-de-TAMANHO-EXATO-PARA-FOTOS-NO-SISTEMA-NOVO-8_2024-09-09_18-10-53_png_2024-09-09_18-10-53.webp.webp?fit=1200%2C675&ssl=1&resize=525%2C300 1.5x, https:\/\/i0.wp.com\/ismaelcolosi.com.br\/wp-content\/uploads\/2024\/09\/Copia-de-Copia-de-Copia-de-TAMANHO-EXATO-PARA-FOTOS-NO-SISTEMA-NOVO-8_2024-09-09_18-10-53_png_2024-09-09_18-10-53.webp.webp?fit=1200%2C675&ssl=1&resize=700%2C400 2x, https:\/\/i0.wp.com\/ismaelcolosi.com.br\/wp-content\/uploads\/2024\/09\/Copia-de-Copia-de-Copia-de-TAMANHO-EXATO-PARA-FOTOS-NO-SISTEMA-NOVO-8_2024-09-09_18-10-53_png_2024-09-09_18-10-53.webp.webp?fit=1200%2C675&ssl=1&resize=1050%2C600 3x"},"classes":[]},{"id":24951,"url":"https:\/\/ismaelcolosi.com.br\/index.php\/2024\/01\/05\/bosque-fabio-barreto-reabilita-e-libera-tamandua-bandeira\/","url_meta":{"origin":70021,"position":4},"title":"Bosque F\u00e1bio Barreto reabilita e libera tamandu\u00e1-bandeira","author":"ismaelcolosi.com.br","date":"5 de January de 2024","format":false,"excerpt":"5 de janeiro de 2024 | 15:005 de janeiro de 2024 | 10:55 0O Bosque Zool\u00f3gico F\u00e1bio Barreto conta com uma ampla estrutura e equipe multidisciplinar para o atendimento completo de animais silvestres vitimizados na regi\u00e3o de Ribeir\u00e3o Preto. Nesta quinta-feira, 04 de janeiro, um Tamandu\u00e1-bandeira (Mymecophaga tridactyla) foi solto\u2026","rel":"","context":"In &quot;Not\u00edcias de Ribeir\u00e3o Preto-SP e Regi\u00e3o&quot;","block_context":{"text":"Not\u00edcias de Ribeir\u00e3o Preto-SP e Regi\u00e3o","link":"https:\/\/ismaelcolosi.com.br\/index.php\/category\/noticias-de-ribeirao-preto-sp-e-regiao-ismael-colosi\/"},"img":{"alt_text":"","src":"https:\/\/i0.wp.com\/ismaelcolosi.com.br\/wp-content\/uploads\/2024\/01\/reintroducao_animais_silvestres-scaled.jpg?fit=895%2C645&ssl=1&resize=350%2C200","width":350,"height":200,"srcset":"https:\/\/i0.wp.com\/ismaelcolosi.com.br\/wp-content\/uploads\/2024\/01\/reintroducao_animais_silvestres-scaled.jpg?fit=895%2C645&ssl=1&resize=350%2C200 1x, https:\/\/i0.wp.com\/ismaelcolosi.com.br\/wp-content\/uploads\/2024\/01\/reintroducao_animais_silvestres-scaled.jpg?fit=895%2C645&ssl=1&resize=525%2C300 1.5x, https:\/\/i0.wp.com\/ismaelcolosi.com.br\/wp-content\/uploads\/2024\/01\/reintroducao_animais_silvestres-scaled.jpg?fit=895%2C645&ssl=1&resize=700%2C400 2x"},"classes":[]},{"id":71203,"url":"https:\/\/ismaelcolosi.com.br\/index.php\/2024\/10\/15\/bosque-de-ribeirao-recebe-filhotes-de-tamandua-e-de-raposa-vitimas-de-incendios\/","url_meta":{"origin":70021,"position":5},"title":"Bosque de Ribeir\u00e3o recebe filhotes de tamandu\u00e1 e de raposa v\u00edtimas de inc\u00eandios","author":"ismaelcolosi.com.br","date":"15 de October de 2024","format":false,"excerpt":"O Cetras (Centro de Triagem e Reabilita\u00e7\u00e3o de Animais Silvestres), do Bosque F\u00e1bio Barreto, em\u00a0Ribeir\u00e3o Preto, recebeu um filhote de raposa do campo e um de tamandu\u00e1-mirim que foram resgatados dos inc\u00eandios em S\u00e3o Joaquim da Barra. O tamandu\u00e1-mirim chegou ao centro em estado cr\u00edtico, na \u00faltima quinta-feira (10), resgatado\u2026","rel":"","context":"In &quot;Not\u00edcias de Ribeir\u00e3o Preto-SP e Regi\u00e3o&quot;","block_context":{"text":"Not\u00edcias de Ribeir\u00e3o Preto-SP e Regi\u00e3o","link":"https:\/\/ismaelcolosi.com.br\/index.php\/category\/noticias-de-ribeirao-preto-sp-e-regiao-ismael-colosi\/"},"img":{"alt_text":"","src":"https:\/\/i0.wp.com\/ismaelcolosi.com.br\/wp-content\/uploads\/2024\/10\/Copia-de-Copia-de-Copia-de-TAMANHO-EXATO-PARA-FOTOS-NO-SISTEMA-NOVO-19_2024-10-15_14-00-04_jpg_2024-10-15_14-00-05.webp.webp?fit=1200%2C675&ssl=1&resize=350%2C200","width":350,"height":200,"srcset":"https:\/\/i0.wp.com\/ismaelcolosi.com.br\/wp-content\/uploads\/2024\/10\/Copia-de-Copia-de-Copia-de-TAMANHO-EXATO-PARA-FOTOS-NO-SISTEMA-NOVO-19_2024-10-15_14-00-04_jpg_2024-10-15_14-00-05.webp.webp?fit=1200%2C675&ssl=1&resize=350%2C200 1x, https:\/\/i0.wp.com\/ismaelcolosi.com.br\/wp-content\/uploads\/2024\/10\/Copia-de-Copia-de-Copia-de-TAMANHO-EXATO-PARA-FOTOS-NO-SISTEMA-NOVO-19_2024-10-15_14-00-04_jpg_2024-10-15_14-00-05.webp.webp?fit=1200%2C675&ssl=1&resize=525%2C300 1.5x, https:\/\/i0.wp.com\/ismaelcolosi.com.br\/wp-content\/uploads\/2024\/10\/Copia-de-Copia-de-Copia-de-TAMANHO-EXATO-PARA-FOTOS-NO-SISTEMA-NOVO-19_2024-10-15_14-00-04_jpg_2024-10-15_14-00-05.webp.webp?fit=1200%2C675&ssl=1&resize=700%2C400 2x, https:\/\/i0.wp.com\/ismaelcolosi.com.br\/wp-content\/uploads\/2024\/10\/Copia-de-Copia-de-Copia-de-TAMANHO-EXATO-PARA-FOTOS-NO-SISTEMA-NOVO-19_2024-10-15_14-00-04_jpg_2024-10-15_14-00-05.webp.webp?fit=1200%2C675&ssl=1&resize=1050%2C600 3x"},"classes":[]}],"jetpack_sharing_enabled":true,"jetpack_shortlink":"https:\/\/wp.me\/pfMlyK-idn","_links":{"self":[{"href":"https:\/\/ismaelcolosi.com.br\/index.php\/wp-json\/wp\/v2\/posts\/70021","targetHints":{"allow":["GET"]}}],"collection":[{"href":"https:\/\/ismaelcolosi.com.br\/index.php\/wp-json\/wp\/v2\/posts"}],"about":[{"href":"https:\/\/ismaelcolosi.com.br\/index.php\/wp-json\/wp\/v2\/types\/post"}],"author":[{"embeddable":true,"href":"https:\/\/ismaelcolosi.com.br\/index.php\/wp-json\/wp\/v2\/users\/1"}],"replies":[{"embeddable":true,"href":"https:\/\/ismaelcolosi.com.br\/index.php\/wp-json\/wp\/v2\/comments?post=70021"}],"version-history":[{"count":0,"href":"https:\/\/ismaelcolosi.com.br\/index.php\/wp-json\/wp\/v2\/posts\/70021\/revisions"}],"wp:featuredmedia":[{"embeddable":true,"href":"https:\/\/ismaelcolosi.com.br\/index.php\/wp-json\/wp\/v2\/media\/70022"}],"wp:attachment":[{"href":"https:\/\/ismaelcolosi.com.br\/index.php\/wp-json\/wp\/v2\/media?parent=70021"}],"wp:term":[{"taxonomy":"category","embeddable":true,"href":"https:\/\/ismaelcolosi.com.br\/index.php\/wp-json\/wp\/v2\/categories?post=70021"},{"taxonomy":"post_tag","embeddable":true,"href":"https:\/\/ismaelcolosi.com.br\/index.php\/wp-json\/wp\/v2\/tags?post=70021"}],"curies":[{"name":"wp","href":"https:\/\/api.w.org\/{rel}","templated":true}]}}