{"id":70016,"date":"2024-10-09T08:39:16","date_gmt":"2024-10-09T11:39:16","guid":{"rendered":"https:\/\/ismaelcolosi.com.br\/index.php\/2024\/10\/09\/correios-abrem-concurso-com-mais-de-3-mil-vagas-e-salarios-de-ate-r-68-mil-veja-edital\/"},"modified":"2024-10-09T08:39:16","modified_gmt":"2024-10-09T11:39:16","slug":"correios-abrem-concurso-com-mais-de-3-mil-vagas-e-salarios-de-ate-r-68-mil-veja-edital","status":"publish","type":"post","link":"https:\/\/ismaelcolosi.com.br\/index.php\/2024\/10\/09\/correios-abrem-concurso-com-mais-de-3-mil-vagas-e-salarios-de-ate-r-68-mil-veja-edital\/","title":{"rendered":"Correios abrem concurso com mais de 3 mil vagas e sal\u00e1rios de at\u00e9 R$ 6,8 mil;\u00a0veja\u00a0edital"},"content":{"rendered":"<p> <br \/>\n<\/p>\n<p>Nesta quarta-feira, 9, os <strong>Correios<\/strong> divulgaram os editais de um concurso p\u00fablico nacional da estatal para preenchimento de 3.511 vagas \u2013 3.099 vagas de n\u00edvel m\u00e9dio e 412 vagas de n\u00edvel superior.<\/p>\n<p>Mais informa\u00e7\u00f5es sobre o concurso podem ser obtidas no edital, dispon\u00edvel <strong><a href=\"https:\/\/prosel.correios.com.br\/concursos\/detalharconcurso\/1211\" target=\"_blank\" rel=\"noopener\">neste link<\/a><\/strong>.<\/p>\n<p><script>!function(f,b,e,v,n,t,s){if(f.fbq)return;n=f.fbq=function(){n.callMethod?n.callMethod.apply(n,arguments):n.queue.push(arguments)};if(!f._fbq)f._fbq=n;n.push=n;n.loaded=!0;n.version='2.0';n.queue=[];t=b.createElement(e);t.async=!0;t.src=v;s=b.getElementsByTagName(e)[0];s.parentNode.insertBefore(t,s)}(window,document,'script','<\/script><br \/>\n<br \/><br \/>\n<br \/><a href=\"https:\/\/istoedinheiro.com.br\/correios-abrem-concurso-com-mais-de-3-mil-vagas-e-salarios-de-ate-r-68-mil-veja-edital\/\">Source link <\/a><\/p>\n<div class='code-block code-block-4' style='margin: 8px auto 8px 0; text-align: left; display: block; clear: both;'>\n\ud83d\udce2 Aviso Legal\n\nO site ismaelcolosi.com.br atua apenas como um canal de divulga\u00e7\u00e3o de oportunidades de emprego e n\u00e3o se responsabiliza pelo processo seletivo, contrata\u00e7\u00e3o ou qualquer outra etapa relacionada \u00e0s vagas publicadas. Todas as informa\u00e7\u00f5es s\u00e3o de responsabilidade dos anunciantes.\n\n\u26a0\ufe0f Aten\u00e7\u00e3o! Nunca pague por promessas de emprego nem compre cursos que garantam contrata\u00e7\u00e3o. Desconfie de qualquer cobran\u00e7a para participar de sele\u00e7\u00f5es.\n\n\n\n<\/div>\n<!-- CONTENT END 1 -->\n","protected":false},"excerpt":{"rendered":"<p>Nesta quarta-feira, 9, os Correios divulgaram os editais de um concurso p\u00fablico nacional da estatal para preenchimento de 3.511 vagas \u2013 3.099 vagas de n\u00edvel&#8230;<\/p>\n","protected":false},"author":1,"featured_media":70017,"comment_status":"open","ping_status":"open","sticky":false,"template":"","format":"standard","meta":{"_uag_custom_page_level_css":"","advanced_seo_description":"","jetpack_seo_html_title":"","jetpack_seo_noindex":false,"jetpack_post_was_ever_published":false,"_jetpack_newsletter_access":"","_jetpack_dont_email_post_to_subs":false,"_jetpack_newsletter_tier_id":0,"_jetpack_memberships_contains_paywalled_content":false,"_jetpack_memberships_contains_paid_content":false,"footnotes":"","jetpack_publicize_message":"","jetpack_publicize_feature_enabled":true,"jetpack_social_post_already_shared":true,"jetpack_social_options":{"image_generator_settings":{"template":"highway","default_image_id":0,"font":"","enabled":false},"version":2}},"categories":[3598],"tags":[],"class_list":["post-70016","post","type-post","status-publish","format-standard","has-post-thumbnail","hentry","category-empregos-classificados-vagas-trabalho"],"jetpack_publicize_connections":[],"jetpack_featured_media_url":"https:\/\/i0.wp.com\/ismaelcolosi.com.br\/wp-content\/uploads\/2024\/10\/correios.jpg?fit=1347%2C758&ssl=1","uagb_featured_image_src":{"full":["https:\/\/i0.wp.com\/ismaelcolosi.com.br\/wp-content\/uploads\/2024\/10\/correios.jpg?fit=1347%2C758&ssl=1",1347,758,false],"thumbnail":["https:\/\/i0.wp.com\/ismaelcolosi.com.br\/wp-content\/uploads\/2024\/10\/correios.jpg?resize=150%2C150&ssl=1",150,150,true],"medium":["https:\/\/i0.wp.com\/ismaelcolosi.com.br\/wp-content\/uploads\/2024\/10\/correios.jpg?fit=300%2C169&ssl=1",300,169,true],"medium_large":["https:\/\/i0.wp.com\/ismaelcolosi.com.br\/wp-content\/uploads\/2024\/10\/correios.jpg?fit=768%2C432&ssl=1",768,432,true],"large":["https:\/\/i0.wp.com\/ismaelcolosi.com.br\/wp-content\/uploads\/2024\/10\/correios.jpg?fit=1024%2C576&ssl=1",1024,576,true],"1536x1536":["https:\/\/i0.wp.com\/ismaelcolosi.com.br\/wp-content\/uploads\/2024\/10\/correios.jpg?fit=1347%2C758&ssl=1",1347,758,true],"2048x2048":["https:\/\/i0.wp.com\/ismaelcolosi.com.br\/wp-content\/uploads\/2024\/10\/correios.jpg?fit=1347%2C758&ssl=1",1347,758,true],"really-simple-thumb":["https:\/\/i0.wp.com\/ismaelcolosi.com.br\/wp-content\/uploads\/2024\/10\/correios.jpg?resize=370%2C247&ssl=1",370,247,true]},"uagb_author_info":{"display_name":"ismaelcolosi.com.br","author_link":"https:\/\/ismaelcolosi.com.br\/index.php\/author\/vidareal-online\/"},"uagb_comment_info":0,"uagb_excerpt":"Nesta quarta-feira, 9, os Correios divulgaram os editais de um concurso p\u00fablico nacional da estatal para preenchimento de 3.511 vagas \u2013 3.099 vagas de n\u00edvel...","jetpack-related-posts":[{"id":65407,"url":"https:\/\/ismaelcolosi.com.br\/index.php\/2024\/09\/12\/correios-anunciam-banca-selecionada-para-concurso-para-34-mil-vagas-veja-calendario\/","url_meta":{"origin":70016,"position":0},"title":"Correios anunciam banca selecionada para concurso para 3,4 mil vagas; veja calend\u00e1rio","author":"ismaelcolosi.com.br","date":"12 de September de 2024","format":false,"excerpt":"Da reda\u00e7\u00e3oi Da reda\u00e7\u00e3o 12\/09\/2024 - 7:45 Os Correios anunciaram nessa quarta-feira, 11, a banca selecionada para a realiza\u00e7\u00e3o do concurso p\u00fablico da estatal. O processo de sele\u00e7\u00e3o foi vencido pelo Instituto Brasileiro de Forma\u00e7\u00e3o e Capta\u00e7\u00e3o (IBFC). O concurso ter\u00e1 dois editais: um para n\u00edvel m\u00e9dio (cargo agente de\u2026","rel":"","context":"In &quot;Empregos - Classificados&quot;","block_context":{"text":"Empregos - Classificados","link":"https:\/\/ismaelcolosi.com.br\/index.php\/category\/empregos-classificados-vagas-trabalho\/"},"img":{"alt_text":"","src":"https:\/\/i0.wp.com\/ismaelcolosi.com.br\/wp-content\/uploads\/2024\/09\/correios01.jpg?fit=1016%2C663&ssl=1&resize=350%2C200","width":350,"height":200,"srcset":"https:\/\/i0.wp.com\/ismaelcolosi.com.br\/wp-content\/uploads\/2024\/09\/correios01.jpg?fit=1016%2C663&ssl=1&resize=350%2C200 1x, https:\/\/i0.wp.com\/ismaelcolosi.com.br\/wp-content\/uploads\/2024\/09\/correios01.jpg?fit=1016%2C663&ssl=1&resize=525%2C300 1.5x, https:\/\/i0.wp.com\/ismaelcolosi.com.br\/wp-content\/uploads\/2024\/09\/correios01.jpg?fit=1016%2C663&ssl=1&resize=700%2C400 2x"},"classes":[]},{"id":55379,"url":"https:\/\/ismaelcolosi.com.br\/index.php\/2024\/07\/02\/correios-anunciam-pdv-e-concurso-para-preencher-32-mil-vagas\/","url_meta":{"origin":70016,"position":1},"title":"Correios anunciam PDV e concurso para preencher 3,2 mil vagas","author":"ismaelcolosi.com.br","date":"2 de July de 2024","format":false,"excerpt":"Ag\u00eancia Brasili Ag\u00eancia Brasil 01\/07\/2024 - 21:04 Os Correios anunciaram um concurso p\u00fablico para o preenchimento de 3,2 mil vagas, prioritariamente para o n\u00edvel operacional de carteiro. Al\u00e9m disso, tamb\u00e9m foi anunciado um Programa de Desligamento Volunt\u00e1rio (PDV).De acordo com o presidente da empresa, Fabiano Silva dos Santos, desde 2011\u2026","rel":"","context":"In &quot;Empregos - Classificados&quot;","block_context":{"text":"Empregos - Classificados","link":"https:\/\/ismaelcolosi.com.br\/index.php\/category\/empregos-classificados-vagas-trabalho\/"},"img":{"alt_text":"","src":"https:\/\/i0.wp.com\/ismaelcolosi.com.br\/wp-content\/uploads\/2024\/07\/85.jpg?fit=1024%2C576&ssl=1&resize=350%2C200","width":350,"height":200,"srcset":"https:\/\/i0.wp.com\/ismaelcolosi.com.br\/wp-content\/uploads\/2024\/07\/85.jpg?fit=1024%2C576&ssl=1&resize=350%2C200 1x, https:\/\/i0.wp.com\/ismaelcolosi.com.br\/wp-content\/uploads\/2024\/07\/85.jpg?fit=1024%2C576&ssl=1&resize=525%2C300 1.5x, https:\/\/i0.wp.com\/ismaelcolosi.com.br\/wp-content\/uploads\/2024\/07\/85.jpg?fit=1024%2C576&ssl=1&resize=700%2C400 2x"},"classes":[]},{"id":84560,"url":"https:\/\/ismaelcolosi.com.br\/index.php\/2025\/04\/14\/concurso-dos-correios-veja-como-conferir-o-resultado-final-e-a-lista-de-aprovados\/","url_meta":{"origin":70016,"position":2},"title":"Concurso dos Correios: veja como conferir o resultado final e a lista\u00a0de\u00a0aprovados","author":"ismaelcolosi.com.br","date":"14 de April de 2025","format":false,"excerpt":"Da reda\u00e7\u00e3oi Da reda\u00e7\u00e3o 14\/04\/2025 - 17:02 O resultado do concurso dos Correios foi publicado nesta segunda-feira, 14. Ser\u00e3o preenchidas 3.511 vagas \u2013 3.099 vagas de n\u00edvel m\u00e9dio e 412 vagas de n\u00edvel superior.+Correios lan\u00e7ar\u00e1 marketplace e negocia com grandes varejistas, diz presidente da estatalPara ver os aprovados para as\u2026","rel":"","context":"In &quot;Empregos - Classificados&quot;","block_context":{"text":"Empregos - Classificados","link":"https:\/\/ismaelcolosi.com.br\/index.php\/category\/empregos-classificados-vagas-trabalho\/"},"img":{"alt_text":"","src":"https:\/\/i0.wp.com\/ismaelcolosi.com.br\/wp-content\/uploads\/2025\/04\/correios00.jpg?fit=1010%2C611&ssl=1&resize=350%2C200","width":350,"height":200,"srcset":"https:\/\/i0.wp.com\/ismaelcolosi.com.br\/wp-content\/uploads\/2025\/04\/correios00.jpg?fit=1010%2C611&ssl=1&resize=350%2C200 1x, https:\/\/i0.wp.com\/ismaelcolosi.com.br\/wp-content\/uploads\/2025\/04\/correios00.jpg?fit=1010%2C611&ssl=1&resize=525%2C300 1.5x, https:\/\/i0.wp.com\/ismaelcolosi.com.br\/wp-content\/uploads\/2025\/04\/correios00.jpg?fit=1010%2C611&ssl=1&resize=700%2C400 2x"},"classes":[]},{"id":69131,"url":"https:\/\/ismaelcolosi.com.br\/index.php\/2024\/10\/03\/concurso-dos-correios-tera-30-das-vagas-para-negros-e-indigenas-veja-cronograma\/","url_meta":{"origin":70016,"position":3},"title":"Concurso dos Correios ter\u00e1 30% das vagas para negros e ind\u00edgenas;\u00a0veja\u00a0cronograma","author":"ismaelcolosi.com.br","date":"3 de October de 2024","format":false,"excerpt":"Da reda\u00e7\u00e3oi Da reda\u00e7\u00e3o 03\/10\/2024 - 16:31 O concurso p\u00fablico dos Correios vai destinar 30% das vagas para pessoas negras (pretas e pardas) e ind\u00edgenas. Vale destacar que a estatal est\u00e1 na etapa final de revis\u00e3o e an\u00e1lise dos editais, que ser\u00e3o publicados na pr\u00f3xima quarta-feira, 9.Ao todo, ser\u00e3o ofertadas\u2026","rel":"","context":"In &quot;Empregos - Classificados&quot;","block_context":{"text":"Empregos - Classificados","link":"https:\/\/ismaelcolosi.com.br\/index.php\/category\/empregos-classificados-vagas-trabalho\/"},"img":{"alt_text":"","src":"https:\/\/i0.wp.com\/ismaelcolosi.com.br\/wp-content\/uploads\/2024\/10\/correios00.jpg?fit=1018%2C612&ssl=1&resize=350%2C200","width":350,"height":200,"srcset":"https:\/\/i0.wp.com\/ismaelcolosi.com.br\/wp-content\/uploads\/2024\/10\/correios00.jpg?fit=1018%2C612&ssl=1&resize=350%2C200 1x, https:\/\/i0.wp.com\/ismaelcolosi.com.br\/wp-content\/uploads\/2024\/10\/correios00.jpg?fit=1018%2C612&ssl=1&resize=525%2C300 1.5x, https:\/\/i0.wp.com\/ismaelcolosi.com.br\/wp-content\/uploads\/2024\/10\/correios00.jpg?fit=1018%2C612&ssl=1&resize=700%2C400 2x"},"classes":[]},{"id":62372,"url":"https:\/\/ismaelcolosi.com.br\/index.php\/2024\/08\/27\/concurso-dos-correios-tera-34-mil-vagas-e-salarios-de-ate-r-6-872-veja-o-que-ja-se-sabe\/","url_meta":{"origin":70016,"position":4},"title":"Concurso dos Correios ter\u00e1 3,4 mil vagas e sal\u00e1rios de at\u00e9 R$ 6.872; veja o\u00a0que\u00a0j\u00e1 se\u00a0sabe","author":"ismaelcolosi.com.br","date":"27 de August de 2024","format":false,"excerpt":"Da reda\u00e7\u00e3oi Da reda\u00e7\u00e3o 27\/08\/2024 - 10:41 Os Correios v\u00e3o abrir um novo concurso p\u00fablico nacional no segundo semestre, com 3.468 vagas.Ser\u00e3o 3.099 postos destinados para o cargo de agente e 369 para analista, com remunera\u00e7\u00f5es iniciais de R$ 2.429,26 e R$ 6.872,48, respectivamente.Os candidatos dever\u00e3o ter n\u00edvel m\u00e9dio para\u2026","rel":"","context":"In &quot;Empregos - Classificados&quot;","block_context":{"text":"Empregos - Classificados","link":"https:\/\/ismaelcolosi.com.br\/index.php\/category\/empregos-classificados-vagas-trabalho\/"},"img":{"alt_text":"","src":"https:\/\/i0.wp.com\/ismaelcolosi.com.br\/wp-content\/uploads\/2024\/08\/correios01.jpg?fit=1016%2C663&ssl=1&resize=350%2C200","width":350,"height":200,"srcset":"https:\/\/i0.wp.com\/ismaelcolosi.com.br\/wp-content\/uploads\/2024\/08\/correios01.jpg?fit=1016%2C663&ssl=1&resize=350%2C200 1x, https:\/\/i0.wp.com\/ismaelcolosi.com.br\/wp-content\/uploads\/2024\/08\/correios01.jpg?fit=1016%2C663&ssl=1&resize=525%2C300 1.5x, https:\/\/i0.wp.com\/ismaelcolosi.com.br\/wp-content\/uploads\/2024\/08\/correios01.jpg?fit=1016%2C663&ssl=1&resize=700%2C400 2x"},"classes":[]},{"id":70118,"url":"https:\/\/ismaelcolosi.com.br\/index.php\/2024\/10\/09\/concurso-dos-correios-veja-quadro-de-vagas-por-estado-e-cidade\/","url_meta":{"origin":70016,"position":5},"title":"Concurso dos Correios: veja quadro de vagas por estado e cidade","author":"ismaelcolosi.com.br","date":"9 de October de 2024","format":false,"excerpt":"A previs\u00e3o de aplica\u00e7\u00e3o das provas \u00e9 15 de dezembro de 2024 em todas as regi\u00f5es do Brasil, contemplando todos os estados e o Distrito Federal, podendo abranger at\u00e9 306 localidades.Ser\u00e3o 3.511 vagas no total.\u00a0As oportunidades de n\u00edvel m\u00e9dio (3.099) s\u00e3o para o cargo de agente de Correios \u2013 carteiro,\u2026","rel":"","context":"In &quot;Empregos - Classificados&quot;","block_context":{"text":"Empregos - Classificados","link":"https:\/\/ismaelcolosi.com.br\/index.php\/category\/empregos-classificados-vagas-trabalho\/"},"img":{"alt_text":"","src":"https:\/\/i0.wp.com\/ismaelcolosi.com.br\/wp-content\/uploads\/2024\/10\/1728500295_correios.jpg?fit=882%2C508&ssl=1&resize=350%2C200","width":350,"height":200,"srcset":"https:\/\/i0.wp.com\/ismaelcolosi.com.br\/wp-content\/uploads\/2024\/10\/1728500295_correios.jpg?fit=882%2C508&ssl=1&resize=350%2C200 1x, https:\/\/i0.wp.com\/ismaelcolosi.com.br\/wp-content\/uploads\/2024\/10\/1728500295_correios.jpg?fit=882%2C508&ssl=1&resize=525%2C300 1.5x, https:\/\/i0.wp.com\/ismaelcolosi.com.br\/wp-content\/uploads\/2024\/10\/1728500295_correios.jpg?fit=882%2C508&ssl=1&resize=700%2C400 2x"},"classes":[]}],"jetpack_sharing_enabled":true,"jetpack_shortlink":"https:\/\/wp.me\/pfMlyK-idi","_links":{"self":[{"href":"https:\/\/ismaelcolosi.com.br\/index.php\/wp-json\/wp\/v2\/posts\/70016","targetHints":{"allow":["GET"]}}],"collection":[{"href":"https:\/\/ismaelcolosi.com.br\/index.php\/wp-json\/wp\/v2\/posts"}],"about":[{"href":"https:\/\/ismaelcolosi.com.br\/index.php\/wp-json\/wp\/v2\/types\/post"}],"author":[{"embeddable":true,"href":"https:\/\/ismaelcolosi.com.br\/index.php\/wp-json\/wp\/v2\/users\/1"}],"replies":[{"embeddable":true,"href":"https:\/\/ismaelcolosi.com.br\/index.php\/wp-json\/wp\/v2\/comments?post=70016"}],"version-history":[{"count":0,"href":"https:\/\/ismaelcolosi.com.br\/index.php\/wp-json\/wp\/v2\/posts\/70016\/revisions"}],"wp:featuredmedia":[{"embeddable":true,"href":"https:\/\/ismaelcolosi.com.br\/index.php\/wp-json\/wp\/v2\/media\/70017"}],"wp:attachment":[{"href":"https:\/\/ismaelcolosi.com.br\/index.php\/wp-json\/wp\/v2\/media?parent=70016"}],"wp:term":[{"taxonomy":"category","embeddable":true,"href":"https:\/\/ismaelcolosi.com.br\/index.php\/wp-json\/wp\/v2\/categories?post=70016"},{"taxonomy":"post_tag","embeddable":true,"href":"https:\/\/ismaelcolosi.com.br\/index.php\/wp-json\/wp\/v2\/tags?post=70016"}],"curies":[{"name":"wp","href":"https:\/\/api.w.org\/{rel}","templated":true}]}}