{"id":70013,"date":"2024-10-09T07:30:19","date_gmt":"2024-10-09T10:30:19","guid":{"rendered":"https:\/\/ismaelcolosi.com.br\/index.php\/2024\/10\/09\/quando-chove-em-ribeirao-confira-a-previsao-do-tempo\/"},"modified":"2024-10-09T07:30:19","modified_gmt":"2024-10-09T10:30:19","slug":"quando-chove-em-ribeirao-confira-a-previsao-do-tempo","status":"publish","type":"post","link":"https:\/\/ismaelcolosi.com.br\/index.php\/2024\/10\/09\/quando-chove-em-ribeirao-confira-a-previsao-do-tempo\/","title":{"rendered":"Quando chove em Ribeir\u00e3o? Confira a previs\u00e3o do tempo"},"content":{"rendered":"<p> <br \/>\n<\/p>\n<div data-td-block-uid=\"tdi_106\">\n<div class=\"tdb-block-inner td-fix-index\">\n<p><strong>As instabilidades avan\u00e7am e devem estimular pancadas de chuva\u00a0localizadas\u00a0na regi\u00e3o de Ribeir\u00e3o Preto. \u00a0<\/strong><\/p>\n<p>Segundo a <a href=\"https:\/\/www.climatempo.com.br\/\" target=\"_blank\" rel=\"noreferrer noopener\">Climatempo<\/a>, isso ocorre a partir desta <strong>quarta-feira (8)<\/strong>. <mark style=\"background-color:#fcb900\" class=\"has-inline-color has-black-color\">No per\u00edodo da tarde, a chuva pode ser com rajadas de vento, descargas el\u00e9tricas e h\u00e1 at\u00e9 chance de granizo. <\/mark><\/p>\n<p>Ainda de acordo com a <strong>Climatempo<\/strong>, em <strong>Ribeir\u00e3o Preto<\/strong> o <strong>volume <\/strong>de <strong>chuva <\/strong>esperado \u00e9 <strong>baixo <\/strong>hoje, de apenas <strong>0,2 mm<\/strong>. J\u00e1 nesta <strong>quinta-feira (10)<\/strong>, a <strong>meteorologia <\/strong>aponta <strong>7,8 mm<\/strong> e, na <strong>sexta-feira (11)<\/strong>, <strong>9,4 mm<\/strong>. <\/p>\n<p>A <strong>temperatura <\/strong>ainda deve permanecer <strong>elevada <\/strong>nesta quarta e <strong>Ribeir\u00e3o<\/strong> pode repetir a m\u00e1xima de <strong>40\u00b0C<\/strong> desta ter\u00e7a-feira (8), quando a cidade registrou o <strong>dia mais quente do ano<\/strong>. <\/p>\n<p>SAIBA MAIS<\/p>\n<p>Confira a agenda dos candidatos \u00e0 Prefeitura de Ribeir\u00e3o Preto nesta quarta-feira (9)<\/p>\n<h4 class=\"wp-block-heading\"><strong>FIQUE ON<\/strong><\/h4>\n<p>Fique ligado em tudo que acontece em Ribeir\u00e3o Preto e regi\u00e3o. Siga os perfis do\u00a0<strong>acidade on<\/strong>\u00a0no\u00a0<a href=\"https:\/\/www.instagram.com\/acidadeonribeirao\" target=\"_blank\" rel=\"noreferrer noopener\">Instagram\u00a0<\/a>e no\u00a0<a href=\"https:\/\/www.facebook.com\/acidadeonribeirao\/\" target=\"_blank\" rel=\"noreferrer noopener\">Facebook<\/a>.<\/p>\n<p>Receba not\u00edcias do\u00a0<strong>acidade on<\/strong>\u00a0no WhatsApp.\u00a0<a href=\"https:\/\/chat.whatsapp.com\/Fg4ok3aAVyB59DP63pRapr\" target=\"_blank\" rel=\"noreferrer noopener\">Para entrar no grupo, basta clicar aqui.<\/a><\/p>\n<p>Fa\u00e7a uma den\u00fancia ou sugira uma reportagem sobre Ribeir\u00e3o Preto e regi\u00e3o pelo WhatsApp: 16 99117 7802.<\/p>\n<p>VEJA TAMB\u00c9M<\/p>\n<p>X foi liberado no Brasil?<\/p>\n<p><!-- CONTENT END 3 -->\n<\/div>\n<\/div>\n<p><script async src=\"\/\/www.instagram.com\/embed.js\"><\/script><br \/>\n<br \/><br \/>\n<br \/><a href=\"https:\/\/www.acidadeon.com\/ribeiraopreto\/cotidiano\/quando-chove-em-ribeirao-confira-a-previsao-do-tempo\/\">Source link <\/a><\/p>\n","protected":false},"excerpt":{"rendered":"<p>As instabilidades avan\u00e7am e devem estimular pancadas de chuva\u00a0localizadas\u00a0na regi\u00e3o de Ribeir\u00e3o Preto. \u00a0 Segundo a Climatempo, isso ocorre a partir desta quarta-feira (8). No&#8230;<\/p>\n","protected":false},"author":1,"featured_media":70014,"comment_status":"open","ping_status":"open","sticky":false,"template":"","format":"standard","meta":{"_uag_custom_page_level_css":"","advanced_seo_description":"","jetpack_seo_html_title":"","jetpack_seo_noindex":false,"jetpack_post_was_ever_published":false,"_jetpack_newsletter_access":"","_jetpack_dont_email_post_to_subs":false,"_jetpack_newsletter_tier_id":0,"_jetpack_memberships_contains_paywalled_content":false,"_jetpack_memberships_contains_paid_content":false,"footnotes":"","jetpack_publicize_message":"","jetpack_publicize_feature_enabled":true,"jetpack_social_post_already_shared":true,"jetpack_social_options":{"image_generator_settings":{"template":"highway","default_image_id":0,"font":"","enabled":false},"version":2}},"categories":[11],"tags":[],"class_list":["post-70013","post","type-post","status-publish","format-standard","has-post-thumbnail","hentry","category-noticias-de-ribeirao-preto-sp-e-regiao-ismael-colosi"],"jetpack_publicize_connections":[],"jetpack_featured_media_url":"https:\/\/i0.wp.com\/ismaelcolosi.com.br\/wp-content\/uploads\/2024\/10\/chuva.jpeg?fit=1600%2C1204&ssl=1","uagb_featured_image_src":{"full":["https:\/\/i0.wp.com\/ismaelcolosi.com.br\/wp-content\/uploads\/2024\/10\/chuva.jpeg?fit=1600%2C1204&ssl=1",1600,1204,false],"thumbnail":["https:\/\/i0.wp.com\/ismaelcolosi.com.br\/wp-content\/uploads\/2024\/10\/chuva.jpeg?resize=150%2C150&ssl=1",150,150,true],"medium":["https:\/\/i0.wp.com\/ismaelcolosi.com.br\/wp-content\/uploads\/2024\/10\/chuva.jpeg?fit=300%2C226&ssl=1",300,226,true],"medium_large":["https:\/\/i0.wp.com\/ismaelcolosi.com.br\/wp-content\/uploads\/2024\/10\/chuva.jpeg?fit=768%2C578&ssl=1",768,578,true],"large":["https:\/\/i0.wp.com\/ismaelcolosi.com.br\/wp-content\/uploads\/2024\/10\/chuva.jpeg?fit=1024%2C771&ssl=1",1024,771,true],"1536x1536":["https:\/\/i0.wp.com\/ismaelcolosi.com.br\/wp-content\/uploads\/2024\/10\/chuva.jpeg?fit=1536%2C1156&ssl=1",1536,1156,true],"2048x2048":["https:\/\/i0.wp.com\/ismaelcolosi.com.br\/wp-content\/uploads\/2024\/10\/chuva.jpeg?fit=1600%2C1204&ssl=1",1600,1204,true],"really-simple-thumb":["https:\/\/i0.wp.com\/ismaelcolosi.com.br\/wp-content\/uploads\/2024\/10\/chuva.jpeg?resize=370%2C247&ssl=1",370,247,true]},"uagb_author_info":{"display_name":"ismaelcolosi.com.br","author_link":"https:\/\/ismaelcolosi.com.br\/index.php\/author\/vidareal-online\/"},"uagb_comment_info":0,"uagb_excerpt":"As instabilidades avan\u00e7am e devem estimular pancadas de chuva\u00a0localizadas\u00a0na regi\u00e3o de Ribeir\u00e3o Preto. \u00a0 Segundo a Climatempo, isso ocorre a partir desta quarta-feira (8). No...","jetpack-related-posts":[{"id":65866,"url":"https:\/\/ismaelcolosi.com.br\/index.php\/2024\/09\/14\/frente-fria-avanca-e-traz-chuva-ao-estado-de-sp-veja-previsao\/","url_meta":{"origin":70013,"position":0},"title":"Frente fria avan\u00e7a e traz chuva ao estado de SP; Veja previs\u00e3o","author":"ismaelcolosi.com.br","date":"14 de September de 2024","format":false,"excerpt":"Uma frente fria avan\u00e7a em dire\u00e7\u00e3o ao Sudeste neste \u00faltimo fim de semana do inverno 2024. Segundo a Climatempo, este sistema alcan\u00e7a o litoral paulista neste domingo (15) e pode causar chuva forte nesta regi\u00e3o. \u201cTamb\u00e9m h\u00e1 previs\u00e3o de nebulosidade, garoa e ventos mais fresco sobre o estado de S\u00e3o\u2026","rel":"","context":"In &quot;Not\u00edcias de Ribeir\u00e3o Preto-SP e Regi\u00e3o&quot;","block_context":{"text":"Not\u00edcias de Ribeir\u00e3o Preto-SP e Regi\u00e3o","link":"https:\/\/ismaelcolosi.com.br\/index.php\/category\/noticias-de-ribeirao-preto-sp-e-regiao-ismael-colosi\/"},"img":{"alt_text":"","src":"https:\/\/i0.wp.com\/ismaelcolosi.com.br\/wp-content\/uploads\/2024\/09\/WhatsApp-Image-2024-04-09-at-07.20.27.jpeg?fit=1200%2C541&ssl=1&resize=350%2C200","width":350,"height":200,"srcset":"https:\/\/i0.wp.com\/ismaelcolosi.com.br\/wp-content\/uploads\/2024\/09\/WhatsApp-Image-2024-04-09-at-07.20.27.jpeg?fit=1200%2C541&ssl=1&resize=350%2C200 1x, https:\/\/i0.wp.com\/ismaelcolosi.com.br\/wp-content\/uploads\/2024\/09\/WhatsApp-Image-2024-04-09-at-07.20.27.jpeg?fit=1200%2C541&ssl=1&resize=525%2C300 1.5x, https:\/\/i0.wp.com\/ismaelcolosi.com.br\/wp-content\/uploads\/2024\/09\/WhatsApp-Image-2024-04-09-at-07.20.27.jpeg?fit=1200%2C541&ssl=1&resize=700%2C400 2x, https:\/\/i0.wp.com\/ismaelcolosi.com.br\/wp-content\/uploads\/2024\/09\/WhatsApp-Image-2024-04-09-at-07.20.27.jpeg?fit=1200%2C541&ssl=1&resize=1050%2C600 3x"},"classes":[]},{"id":49064,"url":"https:\/\/ismaelcolosi.com.br\/index.php\/2024\/05\/08\/cidade-da-regiao-de-ribeirao-preto-registra-chuva-veja-video-e-saiba-a-previsao-do-tempo\/","url_meta":{"origin":70013,"position":1},"title":"Cidade da regi\u00e3o de Ribeir\u00e3o Preto registra chuva; Veja v\u00eddeo e saiba a previs\u00e3o do tempo","author":"ismaelcolosi.com.br","date":"8 de May de 2024","format":false,"excerpt":"A regi\u00e3o de Ribeir\u00e3o Preto registrou chuva na noite desta ter\u00e7a-feira (7), contrariando a previs\u00e3o da meteorologia. A chuva ocorreu de forma fraca por volta das 20h30 em Viradouro, cidade a aproximadamente 70 quil\u00f4metros de Ribeir\u00e3o. A dona de casa Luciana Fabro disse que o tempo fechou rapidamente na cidade\u2026","rel":"","context":"In &quot;Not\u00edcias de Ribeir\u00e3o Preto-SP e Regi\u00e3o&quot;","block_context":{"text":"Not\u00edcias de Ribeir\u00e3o Preto-SP e Regi\u00e3o","link":"https:\/\/ismaelcolosi.com.br\/index.php\/category\/noticias-de-ribeirao-preto-sp-e-regiao-ismael-colosi\/"},"img":{"alt_text":"","src":"https:\/\/i0.wp.com\/ismaelcolosi.com.br\/wp-content\/uploads\/2024\/05\/WhatsApp-Image-2024-05-08-at-10.59.05_2024-05-08_13-59-23_jpeg_2024-05-08_13-59-23.webp.webp?fit=455%2C342&ssl=1&resize=350%2C200","width":350,"height":200},"classes":[]},{"id":46999,"url":"https:\/\/ismaelcolosi.com.br\/index.php\/2024\/04\/16\/inmet-emite-alerta-para-grande-parte-do-estado-de-sp-veja-cidades-com-risco-de-chuva-intensa\/","url_meta":{"origin":70013,"position":2},"title":"Inmet emite alerta para grande parte do estado de SP; Veja cidades com risco de chuva intensa","author":"ismaelcolosi.com.br","date":"16 de April de 2024","format":false,"excerpt":"O Inmet (Instituto Nacional de Meteorologia) emitiu um alerta para risco de chuvas intensas em grande parte do estado de S\u00e3o Paulo. Segundo o \u00f3rg\u00e3o, o aviso \u00e9 na cor amarela \u2013 a primeira de uma escala de tr\u00eas n\u00edveis \u2013 e indica perigo potencial entre 10h37 desta ter\u00e7a-feira (16)\u2026","rel":"","context":"In &quot;Not\u00edcias de Ribeir\u00e3o Preto-SP e Regi\u00e3o&quot;","block_context":{"text":"Not\u00edcias de Ribeir\u00e3o Preto-SP e Regi\u00e3o","link":"https:\/\/ismaelcolosi.com.br\/index.php\/category\/noticias-de-ribeirao-preto-sp-e-regiao-ismael-colosi\/"},"img":{"alt_text":"","src":"https:\/\/i0.wp.com\/ismaelcolosi.com.br\/wp-content\/uploads\/2024\/04\/WhatsApp-Image-2024-02-22-at-10.35.33.jpeg?fit=1200%2C540&ssl=1&resize=350%2C200","width":350,"height":200,"srcset":"https:\/\/i0.wp.com\/ismaelcolosi.com.br\/wp-content\/uploads\/2024\/04\/WhatsApp-Image-2024-02-22-at-10.35.33.jpeg?fit=1200%2C540&ssl=1&resize=350%2C200 1x, https:\/\/i0.wp.com\/ismaelcolosi.com.br\/wp-content\/uploads\/2024\/04\/WhatsApp-Image-2024-02-22-at-10.35.33.jpeg?fit=1200%2C540&ssl=1&resize=525%2C300 1.5x, https:\/\/i0.wp.com\/ismaelcolosi.com.br\/wp-content\/uploads\/2024\/04\/WhatsApp-Image-2024-02-22-at-10.35.33.jpeg?fit=1200%2C540&ssl=1&resize=700%2C400 2x, https:\/\/i0.wp.com\/ismaelcolosi.com.br\/wp-content\/uploads\/2024\/04\/WhatsApp-Image-2024-02-22-at-10.35.33.jpeg?fit=1200%2C540&ssl=1&resize=1050%2C600 3x"},"classes":[]},{"id":50435,"url":"https:\/\/ismaelcolosi.com.br\/index.php\/2024\/05\/16\/interior-de-sp-tem-previsao-de-chuva-por-causa-de-nova-frente-fria-veja-quando\/","url_meta":{"origin":70013,"position":3},"title":"Interior de SP tem previs\u00e3o de chuva por causa de nova frente fria; Veja quando","author":"ismaelcolosi.com.br","date":"16 de May de 2024","format":false,"excerpt":"O deslocamento de uma frente fria pode trazer chuva a interior de S\u00e3o Paulo no pr\u00f3ximo domingo (19) e na segunda-feira (20). Segundo a Climatempo, no domingo h\u00e1 expectativa da entrada de umidade no interior paulista. A frente fria deve deixar instabilidades e ajudar na forma\u00e7\u00e3o de nuvens carregadas na\u2026","rel":"","context":"In &quot;Not\u00edcias de Ribeir\u00e3o Preto-SP e Regi\u00e3o&quot;","block_context":{"text":"Not\u00edcias de Ribeir\u00e3o Preto-SP e Regi\u00e3o","link":"https:\/\/ismaelcolosi.com.br\/index.php\/category\/noticias-de-ribeirao-preto-sp-e-regiao-ismael-colosi\/"},"img":{"alt_text":"","src":"https:\/\/i0.wp.com\/ismaelcolosi.com.br\/wp-content\/uploads\/2024\/05\/WhatsApp-Image-2024-02-21-at-07.07.05.jpeg?fit=1200%2C623&ssl=1&resize=350%2C200","width":350,"height":200,"srcset":"https:\/\/i0.wp.com\/ismaelcolosi.com.br\/wp-content\/uploads\/2024\/05\/WhatsApp-Image-2024-02-21-at-07.07.05.jpeg?fit=1200%2C623&ssl=1&resize=350%2C200 1x, https:\/\/i0.wp.com\/ismaelcolosi.com.br\/wp-content\/uploads\/2024\/05\/WhatsApp-Image-2024-02-21-at-07.07.05.jpeg?fit=1200%2C623&ssl=1&resize=525%2C300 1.5x, https:\/\/i0.wp.com\/ismaelcolosi.com.br\/wp-content\/uploads\/2024\/05\/WhatsApp-Image-2024-02-21-at-07.07.05.jpeg?fit=1200%2C623&ssl=1&resize=700%2C400 2x, https:\/\/i0.wp.com\/ismaelcolosi.com.br\/wp-content\/uploads\/2024\/05\/WhatsApp-Image-2024-02-21-at-07.07.05.jpeg?fit=1200%2C623&ssl=1&resize=1050%2C600 3x"},"classes":[]},{"id":49719,"url":"https:\/\/ismaelcolosi.com.br\/index.php\/2024\/05\/13\/frente-fria-pode-trazer-chuva-ao-interior-de-sp-nesta-semana-confira-a-previsao\/","url_meta":{"origin":70013,"position":4},"title":"Frente fria pode trazer chuva ao interior de SP nesta semana; Confira a previs\u00e3o","author":"ismaelcolosi.com.br","date":"13 de May de 2024","format":false,"excerpt":"O deslocamento de uma frente fria provoca o enfraquecimento do bloqueio atmosf\u00e9rico \u2013 que mant\u00e9m as temperaturas elevadas h\u00e1 tr\u00eas semanas \u2013 e pode trazer chuva ao interior de S\u00e3o Paulo nesta semana. Segundo a Climatempo, nesta segunda-feira (13), a condi\u00e7\u00e3o \u00e9 de calor pr\u00e9-frontal, mas ainda sem probabilidade de\u2026","rel":"","context":"In &quot;Not\u00edcias de Ribeir\u00e3o Preto-SP e Regi\u00e3o&quot;","block_context":{"text":"Not\u00edcias de Ribeir\u00e3o Preto-SP e Regi\u00e3o","link":"https:\/\/ismaelcolosi.com.br\/index.php\/category\/noticias-de-ribeirao-preto-sp-e-regiao-ismael-colosi\/"},"img":{"alt_text":"","src":"https:\/\/i0.wp.com\/ismaelcolosi.com.br\/wp-content\/uploads\/2024\/05\/RIBEIRAO-PRETO.jpg?fit=1200%2C708&ssl=1&resize=350%2C200","width":350,"height":200,"srcset":"https:\/\/i0.wp.com\/ismaelcolosi.com.br\/wp-content\/uploads\/2024\/05\/RIBEIRAO-PRETO.jpg?fit=1200%2C708&ssl=1&resize=350%2C200 1x, https:\/\/i0.wp.com\/ismaelcolosi.com.br\/wp-content\/uploads\/2024\/05\/RIBEIRAO-PRETO.jpg?fit=1200%2C708&ssl=1&resize=525%2C300 1.5x, https:\/\/i0.wp.com\/ismaelcolosi.com.br\/wp-content\/uploads\/2024\/05\/RIBEIRAO-PRETO.jpg?fit=1200%2C708&ssl=1&resize=700%2C400 2x, https:\/\/i0.wp.com\/ismaelcolosi.com.br\/wp-content\/uploads\/2024\/05\/RIBEIRAO-PRETO.jpg?fit=1200%2C708&ssl=1&resize=1050%2C600 3x"},"classes":[]},{"id":70494,"url":"https:\/\/ismaelcolosi.com.br\/index.php\/2024\/10\/11\/nova-frente-fria-traz-mais-chuva-ao-interior-de-sp-veja-previsao\/","url_meta":{"origin":70013,"position":5},"title":"Nova frente fria traz mais chuva ao interior de SP; Veja previs\u00e3o","author":"ismaelcolosi.com.br","date":"11 de October de 2024","format":false,"excerpt":"Uma nova frente fria avan\u00e7a nesta sexta-feira (11) sobre o Sudeste e refor\u00e7a a condi\u00e7\u00e3o para pancadas de chuva no interior de S\u00e3o Paulo. Segundo a Climatempo, a regi\u00e3o de Ribeir\u00e3o Preto pode ter sol entre nuvens no amanhecer e temperaturas em eleva\u00e7\u00e3o. J\u00e1 a partir da tarde, a meteorologia\u2026","rel":"","context":"In &quot;Not\u00edcias de Ribeir\u00e3o Preto-SP e Regi\u00e3o&quot;","block_context":{"text":"Not\u00edcias de Ribeir\u00e3o Preto-SP e Regi\u00e3o","link":"https:\/\/ismaelcolosi.com.br\/index.php\/category\/noticias-de-ribeirao-preto-sp-e-regiao-ismael-colosi\/"},"img":{"alt_text":"","src":"https:\/\/i0.wp.com\/ismaelcolosi.com.br\/wp-content\/uploads\/2024\/10\/WhatsApp-Image-2024-10-11-at-06.55.12_2024-10-11_09-56-34_jpeg_2024-10-11_09-56-35.webp.webp?fit=1200%2C540&ssl=1&resize=350%2C200","width":350,"height":200,"srcset":"https:\/\/i0.wp.com\/ismaelcolosi.com.br\/wp-content\/uploads\/2024\/10\/WhatsApp-Image-2024-10-11-at-06.55.12_2024-10-11_09-56-34_jpeg_2024-10-11_09-56-35.webp.webp?fit=1200%2C540&ssl=1&resize=350%2C200 1x, https:\/\/i0.wp.com\/ismaelcolosi.com.br\/wp-content\/uploads\/2024\/10\/WhatsApp-Image-2024-10-11-at-06.55.12_2024-10-11_09-56-34_jpeg_2024-10-11_09-56-35.webp.webp?fit=1200%2C540&ssl=1&resize=525%2C300 1.5x, https:\/\/i0.wp.com\/ismaelcolosi.com.br\/wp-content\/uploads\/2024\/10\/WhatsApp-Image-2024-10-11-at-06.55.12_2024-10-11_09-56-34_jpeg_2024-10-11_09-56-35.webp.webp?fit=1200%2C540&ssl=1&resize=700%2C400 2x, https:\/\/i0.wp.com\/ismaelcolosi.com.br\/wp-content\/uploads\/2024\/10\/WhatsApp-Image-2024-10-11-at-06.55.12_2024-10-11_09-56-34_jpeg_2024-10-11_09-56-35.webp.webp?fit=1200%2C540&ssl=1&resize=1050%2C600 3x"},"classes":[]}],"jetpack_sharing_enabled":true,"jetpack_shortlink":"https:\/\/wp.me\/pfMlyK-idf","_links":{"self":[{"href":"https:\/\/ismaelcolosi.com.br\/index.php\/wp-json\/wp\/v2\/posts\/70013","targetHints":{"allow":["GET"]}}],"collection":[{"href":"https:\/\/ismaelcolosi.com.br\/index.php\/wp-json\/wp\/v2\/posts"}],"about":[{"href":"https:\/\/ismaelcolosi.com.br\/index.php\/wp-json\/wp\/v2\/types\/post"}],"author":[{"embeddable":true,"href":"https:\/\/ismaelcolosi.com.br\/index.php\/wp-json\/wp\/v2\/users\/1"}],"replies":[{"embeddable":true,"href":"https:\/\/ismaelcolosi.com.br\/index.php\/wp-json\/wp\/v2\/comments?post=70013"}],"version-history":[{"count":0,"href":"https:\/\/ismaelcolosi.com.br\/index.php\/wp-json\/wp\/v2\/posts\/70013\/revisions"}],"wp:featuredmedia":[{"embeddable":true,"href":"https:\/\/ismaelcolosi.com.br\/index.php\/wp-json\/wp\/v2\/media\/70014"}],"wp:attachment":[{"href":"https:\/\/ismaelcolosi.com.br\/index.php\/wp-json\/wp\/v2\/media?parent=70013"}],"wp:term":[{"taxonomy":"category","embeddable":true,"href":"https:\/\/ismaelcolosi.com.br\/index.php\/wp-json\/wp\/v2\/categories?post=70013"},{"taxonomy":"post_tag","embeddable":true,"href":"https:\/\/ismaelcolosi.com.br\/index.php\/wp-json\/wp\/v2\/tags?post=70013"}],"curies":[{"name":"wp","href":"https:\/\/api.w.org\/{rel}","templated":true}]}}