{"id":70004,"date":"2024-10-09T06:10:45","date_gmt":"2024-10-09T09:10:45","guid":{"rendered":"https:\/\/ismaelcolosi.com.br\/index.php\/2024\/10\/09\/enem-dos-concursos-veja-como-sera-a-prova-de-titulos-e-prazos\/"},"modified":"2024-10-09T06:10:45","modified_gmt":"2024-10-09T09:10:45","slug":"enem-dos-concursos-veja-como-sera-a-prova-de-titulos-e-prazos","status":"publish","type":"post","link":"https:\/\/ismaelcolosi.com.br\/index.php\/2024\/10\/09\/enem-dos-concursos-veja-como-sera-a-prova-de-titulos-e-prazos\/","title":{"rendered":"\u2018Enem dos concursos\u2019: veja como ser\u00e1 a prova de t\u00edtulos e prazos"},"content":{"rendered":"<p> <br \/>\n<\/p>\n<div id=\"\">\n<div class=\"content-infos\">\n<div class=\"texts\">\n<p class=\"author tooltip-comp\"> Da reda\u00e7\u00e3o<span class=\"icon-i\">i<\/span><span class=\"tooltiptext\"> <span class=\"author\"><span>Da reda\u00e7\u00e3o<\/span> <\/span><span class=\"desc\"\/> <\/span><\/p>\n<p>09\/10\/2024 &#8211; 6:00<\/p>\n<\/div>\n<div id=\"share-modal\" class=\"share-modal\"> <button class=\"box-close btn-share\"> <img decoding=\"async\" src=\"https:\/\/istoedinheiro.com.br\/wp-content\/themes\/dinheiro-wp-theme\/assets\/img\/svg\/closeIcon.svg?x46096\" alt=\"Close icon\" class=\"close-btn lazy\"\/> <\/button><\/div>\n<\/p><\/div>\n<p>Alguns dos candidatos habilitados no Concurso P\u00fablico Nacional Unificado (CPNU), apelidado de \u201cEnem dos Concursos\u201d, t\u00eam que cumprir nos pr\u00f3ximos dias \u00a09 e 10 de outubro a etapa de Prova de T\u00edtulos.<\/p>\n<p>As notas finais das provas objetivas e as notas preliminares das provas discursivas foram disponibilizadas na ter\u00e7a-feira, 8, no site da organizadora do concurso, a Funda\u00e7\u00e3o Cesgranrio. Para conferir o resultado, basta fazer login na \u00e1rea do candidato no site oficial do certame, <a href=\"https:\/\/cpnu.cesgranrio.org.br\/login\" target=\"_blank\" rel=\"noopener\">neste link<\/a>.<\/p>\n<p>Para saber se est\u00e1 habilitado para a pr\u00f3xima etapa, \u00e9 preciso conferir no extrato do resultado o campo \u201csitua\u00e7\u00e3o no cargo\u201d, onde estar\u00e1 a informa\u00e7\u00e3o se o concorrente est\u00e1 habilitado ou eliminado em cada um dos cargos em que se inscreveu. A Funda\u00e7\u00e3o Cesgranrio tamb\u00e9m deve fazer essa comunica\u00e7\u00e3o via e-mail e whatsapp para os habilitados.<\/p>\n<p>Os candidatos aos cargos que possuem a etapa de comprova\u00e7\u00e3o de titula\u00e7\u00e3o e experi\u00eancia profissional, tanto nos blocos de n\u00edvel superior, quanto no bloco de n\u00edvel m\u00e9dio (bloco 8), devem enviar a documenta\u00e7\u00e3o comprobat\u00f3ria exclusivamente pela \u00e1rea do candidato.<\/p>\n<p>O Minist\u00e9rio da Gest\u00e3o e da Inova\u00e7\u00e3o em Servi\u00e7os P\u00fablicos (MGI) refor\u00e7a que\u00a0os candidatos devem enviar os t\u00edtulos para cada cargo habilitado, conforme os termos dos editais.<\/p>\n<p>O MGI esclareceu ainda que a comprova\u00e7\u00e3o de t\u00edtulos \u00e9 apenas classificat\u00f3ria; portanto, a classifica\u00e7\u00e3o do candidato pode mudar de acordo com a pontua\u00e7\u00e3o obtida na etapa.<\/p>\n<p>Os candidatos que n\u00e3o enviarem a documenta\u00e7\u00e3o dentro deste prazo receber\u00e3o nota zero nesta avalia\u00e7\u00e3o. Entretanto, a aus\u00eancia de t\u00edtulos n\u00e3o implicar\u00e1 na desclassifica\u00e7\u00e3o do candidato, que manter\u00e1 a pontua\u00e7\u00e3o obtida nas etapas anteriores do certame.<\/p>\n<h3>Quais candidatos devem enviar a documenta\u00e7\u00e3o?<\/h3>\n<p>Todos os candidatos habilitados para a prova de t\u00edtulos, tanto dos blocos de n\u00edvel superior, quanto do bloco 8, de n\u00edvel m\u00e9dio, que foram informados da convoca\u00e7\u00e3o para a etapa da Prova de T\u00edtulos, dever\u00e3o realizar o envio dos documentos comprobat\u00f3rios na \u00e1rea do candidato, no site do CPNU.<\/p>\n<h3>Como enviar os documentos comprobat\u00f3rios?<\/h3>\n<p>Os t\u00edtulos dever\u00e3o ser enviados exclusivamente via upload da imagem do documento original ou c\u00f3pia autenticada em cart\u00f3rio, frente e verso, conforme as orienta\u00e7\u00f5es dos editais do CPNU. Somente ser\u00e3o aceitos os documentos enviados nos formatos PDF, JPEG e JPG, no tamanho m\u00e1ximo de 2MB. O prazo para envio dos documentos inicia-se \u00e0s 10h do dia 9 de outubro e termina \u00e0s 23h59 do dia 10 de outubro<\/p>\n<h3>A prova de t\u00edtulos \u00e9 eliminat\u00f3ria?<\/h3>\n<p>A comprova\u00e7\u00e3o de t\u00edtulos \u00e9 apenas classificat\u00f3ria; portanto, a classifica\u00e7\u00e3o do candidato pode mudar de acordo com a pontua\u00e7\u00e3o obtida na etapa. Os candidatos que n\u00e3o enviarem a documenta\u00e7\u00e3o dentro deste prazo receber\u00e3o nota zero nesta avalia\u00e7\u00e3o.<\/p>\n<p>Entretanto, a aus\u00eancia de t\u00edtulos n\u00e3o implicar\u00e1 na desclassifica\u00e7\u00e3o do candidato, que manter\u00e1 a pontua\u00e7\u00e3o obtida nas etapas anteriores do certame. A pontua\u00e7\u00e3o m\u00e1xima na avalia\u00e7\u00e3o de t\u00edtulos \u00e9 de 10 pontos, mesmo que a soma dos valores dos t\u00edtulos apresentados exceda esse limite.<\/p>\n<p>Somente os t\u00edtulos elencados no quadro de atribui\u00e7\u00e3o de pontos para a avalia\u00e7\u00e3o ser\u00e3o levados em conta, portanto, os diplomas ou declara\u00e7\u00f5es comprobat\u00f3rias da escolaridade exigida como requisito b\u00e1sico para a titula\u00e7\u00e3o do cargo n\u00e3o ser\u00e3o considerados. Neste caso, a apresenta\u00e7\u00e3o do diploma ou declara\u00e7\u00e3o comprobat\u00f3ria da escolaridade exigida como requisito b\u00e1sico para a titula\u00e7\u00e3o do cargo \u00e9 obrigat\u00f3ria para a an\u00e1lise da experi\u00eancia profissional do candidato.<\/p>\n<p>A experi\u00eancia profissional ser\u00e1 pontuada com 0,5 ponto por ano completo, sem sobreposi\u00e7\u00e3o de per\u00edodos de experi\u00eancia.<\/p>\n<p>Todos os documentos apresentados para fins de comprova\u00e7\u00e3o de experi\u00eancia profissional dever\u00e3o ser emitidos por uma autoridade competente do \u00f3rg\u00e3o ou empresa e conter a data de in\u00edcio e de t\u00e9rmino, se for o caso, do trabalho realizado.<\/p>\n<p>Produ\u00e7\u00f5es acad\u00eamicas, t\u00e9cnicas e\/ou culturais especificadas nos editais tamb\u00e9m ser\u00e3o consideradas para se atingir a pontua\u00e7\u00e3o m\u00e1xima de 10 pontos nesta etapa.<\/p>\n<p>\u00c9 fundamental a aten\u00e7\u00e3o em todo o procedimento, tendo em vista que ap\u00f3s a conclus\u00e3o do envio dos t\u00edtulos n\u00e3o ser\u00e1 poss\u00edvel realizar qualquer altera\u00e7\u00e3o, pois os documentos anexados ser\u00e3o encaminhados diretamente \u00e0 Banca Examinadora.<\/p>\n<h3>Como acessar os resultados das provas do CPNU?<\/h3>\n<p>J\u00e1 est\u00e3o dispon\u00edveis para consulta na \u00e1rea do candidato as notas finais das provas objetivas e as notas preliminares das provas discursivas e da reda\u00e7\u00e3o do CPNU. Reafirmando o compromisso com a transpar\u00eancia, presente ao longo de todo o certame, foi garantido aos candidatos acesso \u00e0 imagem da sua prova discursiva ou reda\u00e7\u00e3o.<\/p>\n<p>Para acessar a imagem da sua prova discursiva ou reda\u00e7\u00e3o \u00e9 preciso fazer o login na \u00e1rea do candidato, no site do CPNU, e clicar no menu \u201cInterposi\u00e7\u00e3o de recursos\u201d. \u00c9 nesse mesmo campo que o candidato poder\u00e1 pedir revis\u00e3o das notas das provas discursivas ou da reda\u00e7\u00e3o. Tamb\u00e9m foi disponibilizado aos candidatos um extrato do resultado, com os detalhes das notas de cada uma das provas.<\/p>\n<p>O prazo para a interposi\u00e7\u00e3o de eventuais pedidos de revis\u00e3o das notas preliminares das provas discursivas e da reda\u00e7\u00e3o dever\u00e3o ser realizadas at\u00e9 esta quarta-feira, 9 de outubro, em campo espec\u00edfico da \u00e1rea do candidato.<\/p>\n<div id=\"share-modal\" class=\"share-modal\"> <button class=\"box-close btn-share\"> <img decoding=\"async\" src=\"https:\/\/istoedinheiro.com.br\/wp-content\/themes\/dinheiro-wp-theme\/assets\/img\/svg\/closeIcon.svg?x46096\" alt=\"Close icon\" class=\"close-btn lazy\"\/> <\/button><\/div>\n<\/p><\/div>\n<p><script>!function(f,b,e,v,n,t,s){if(f.fbq)return;n=f.fbq=function(){n.callMethod?n.callMethod.apply(n,arguments):n.queue.push(arguments)};if(!f._fbq)f._fbq=n;n.push=n;n.loaded=!0;n.version='2.0';n.queue=[];t=b.createElement(e);t.async=!0;t.src=v;s=b.getElementsByTagName(e)[0];s.parentNode.insertBefore(t,s)}(window,document,'script','<\/script><br \/>\n<br \/><br \/>\n<br \/><a href=\"https:\/\/istoedinheiro.com.br\/enem-dos-concursos-veja-como-sera-a-prova-de-titulos-e-prazos\/\">Source link <\/a><\/p>\n<div class='code-block code-block-4' style='margin: 8px auto 8px 0; text-align: left; display: block; clear: both;'>\n\ud83d\udce2 Aviso Legal\n\nO site ismaelcolosi.com.br atua apenas como um canal de divulga\u00e7\u00e3o de oportunidades de emprego e n\u00e3o se responsabiliza pelo processo seletivo, contrata\u00e7\u00e3o ou qualquer outra etapa relacionada \u00e0s vagas publicadas. Todas as informa\u00e7\u00f5es s\u00e3o de responsabilidade dos anunciantes.\n\n\u26a0\ufe0f Aten\u00e7\u00e3o! Nunca pague por promessas de emprego nem compre cursos que garantam contrata\u00e7\u00e3o. Desconfie de qualquer cobran\u00e7a para participar de sele\u00e7\u00f5es.\n\n\n\n<\/div>\n<!-- CONTENT END 1 -->\n","protected":false},"excerpt":{"rendered":"<p>Da reda\u00e7\u00e3oi Da reda\u00e7\u00e3o 09\/10\/2024 &#8211; 6:00 Alguns dos candidatos habilitados no Concurso P\u00fablico Nacional Unificado (CPNU), apelidado de \u201cEnem dos Concursos\u201d, t\u00eam que cumprir&#8230;<\/p>\n","protected":false},"author":1,"featured_media":70005,"comment_status":"open","ping_status":"open","sticky":false,"template":"","format":"standard","meta":{"_uag_custom_page_level_css":"","advanced_seo_description":"","jetpack_seo_html_title":"","jetpack_seo_noindex":false,"jetpack_post_was_ever_published":false,"_jetpack_newsletter_access":"","_jetpack_dont_email_post_to_subs":false,"_jetpack_newsletter_tier_id":0,"_jetpack_memberships_contains_paywalled_content":false,"_jetpack_memberships_contains_paid_content":false,"footnotes":"","jetpack_publicize_message":"","jetpack_publicize_feature_enabled":true,"jetpack_social_post_already_shared":true,"jetpack_social_options":{"image_generator_settings":{"template":"highway","default_image_id":0,"font":"","enabled":false},"version":2}},"categories":[3598],"tags":[],"class_list":["post-70004","post","type-post","status-publish","format-standard","has-post-thumbnail","hentry","category-empregos-classificados-vagas-trabalho"],"jetpack_publicize_connections":[],"jetpack_featured_media_url":"https:\/\/i0.wp.com\/ismaelcolosi.com.br\/wp-content\/uploads\/2024\/10\/prova.png?fit=700%2C439&ssl=1","uagb_featured_image_src":{"full":["https:\/\/i0.wp.com\/ismaelcolosi.com.br\/wp-content\/uploads\/2024\/10\/prova.png?fit=700%2C439&ssl=1",700,439,false],"thumbnail":["https:\/\/i0.wp.com\/ismaelcolosi.com.br\/wp-content\/uploads\/2024\/10\/prova.png?resize=150%2C150&ssl=1",150,150,true],"medium":["https:\/\/i0.wp.com\/ismaelcolosi.com.br\/wp-content\/uploads\/2024\/10\/prova.png?fit=300%2C188&ssl=1",300,188,true],"medium_large":["https:\/\/i0.wp.com\/ismaelcolosi.com.br\/wp-content\/uploads\/2024\/10\/prova.png?fit=700%2C439&ssl=1",700,439,true],"large":["https:\/\/i0.wp.com\/ismaelcolosi.com.br\/wp-content\/uploads\/2024\/10\/prova.png?fit=700%2C439&ssl=1",700,439,true],"1536x1536":["https:\/\/i0.wp.com\/ismaelcolosi.com.br\/wp-content\/uploads\/2024\/10\/prova.png?fit=700%2C439&ssl=1",700,439,true],"2048x2048":["https:\/\/i0.wp.com\/ismaelcolosi.com.br\/wp-content\/uploads\/2024\/10\/prova.png?fit=700%2C439&ssl=1",700,439,true],"really-simple-thumb":["https:\/\/i0.wp.com\/ismaelcolosi.com.br\/wp-content\/uploads\/2024\/10\/prova.png?resize=370%2C247&ssl=1",370,247,true]},"uagb_author_info":{"display_name":"ismaelcolosi.com.br","author_link":"https:\/\/ismaelcolosi.com.br\/index.php\/author\/vidareal-online\/"},"uagb_comment_info":0,"uagb_excerpt":"Da reda\u00e7\u00e3oi Da reda\u00e7\u00e3o 09\/10\/2024 &#8211; 6:00 Alguns dos candidatos habilitados no Concurso P\u00fablico Nacional Unificado (CPNU), apelidado de \u201cEnem dos Concursos\u201d, t\u00eam que cumprir...","jetpack-related-posts":[{"id":69941,"url":"https:\/\/ismaelcolosi.com.br\/index.php\/2024\/10\/08\/enem-dos-concursos-justica-suspende-liminar-e-candidatos-do-bloco-4-podem-conferir-gabaritos-e-resultados\/","url_meta":{"origin":70004,"position":0},"title":"\u2018Enem dos Concursos\u2019: justi\u00e7a suspende liminar e candidatos do Bloco 4 podem conferir gabaritos e resultados","author":"ismaelcolosi.com.br","date":"8 de October de 2024","format":false,"excerpt":"Da reda\u00e7\u00e3oi Da reda\u00e7\u00e3o 08\/10\/2024 - 18:35 O Minist\u00e9rio da Gest\u00e3o e da Inova\u00e7\u00e3o anunciou no in\u00edcio da noite desta ter\u00e7a-feira, 8, que os candidatos que concorrem \u00e0s 971 vagas do Bloco 4 \u2013 Trabalho e Sa\u00fade do Servidor \u2013 do Concurso P\u00fablico Nacional Unificado (CPNU), apelidado de \u201cEnem dos\u2026","rel":"","context":"In &quot;Empregos - Classificados&quot;","block_context":{"text":"Empregos - Classificados","link":"https:\/\/ismaelcolosi.com.br\/index.php\/category\/empregos-classificados-vagas-trabalho\/"},"img":{"alt_text":"","src":"https:\/\/i0.wp.com\/ismaelcolosi.com.br\/wp-content\/uploads\/2024\/10\/prova.jpg?fit=1200%2C704&ssl=1&resize=350%2C200","width":350,"height":200,"srcset":"https:\/\/i0.wp.com\/ismaelcolosi.com.br\/wp-content\/uploads\/2024\/10\/prova.jpg?fit=1200%2C704&ssl=1&resize=350%2C200 1x, https:\/\/i0.wp.com\/ismaelcolosi.com.br\/wp-content\/uploads\/2024\/10\/prova.jpg?fit=1200%2C704&ssl=1&resize=525%2C300 1.5x, https:\/\/i0.wp.com\/ismaelcolosi.com.br\/wp-content\/uploads\/2024\/10\/prova.jpg?fit=1200%2C704&ssl=1&resize=700%2C400 2x, https:\/\/i0.wp.com\/ismaelcolosi.com.br\/wp-content\/uploads\/2024\/10\/prova.jpg?fit=1200%2C704&ssl=1&resize=1050%2C600 3x"},"classes":[]},{"id":69684,"url":"https:\/\/ismaelcolosi.com.br\/index.php\/2024\/10\/07\/enem-dos-concursos-notas-do-cpnu-saem-nesta-terca-saiba-como-conferir\/","url_meta":{"origin":70004,"position":1},"title":"Enem dos Concursos: notas do CPNU saem nesta ter\u00e7a; saiba como conferir","author":"ismaelcolosi.com.br","date":"7 de October de 2024","format":false,"excerpt":"Da reda\u00e7\u00e3oi Da reda\u00e7\u00e3o 07\/10\/2024 - 13:04 O Concurso P\u00fablico Nacional Unificado (CPNU), apelidado de \u201cEnem dos Concursos\u201d, divulgou nesta segunda-feira,\u00a0 7, as notas finais das provas objetivas e preliminares das provas discursivas. Para conferir seu resultado, basta fazer login na \u00e1rea do candidato no site oficial do certame, neste\u2026","rel":"","context":"In &quot;Empregos - Classificados&quot;","block_context":{"text":"Empregos - Classificados","link":"https:\/\/ismaelcolosi.com.br\/index.php\/category\/empregos-classificados-vagas-trabalho\/"},"img":{"alt_text":"","src":"https:\/\/i0.wp.com\/ismaelcolosi.com.br\/wp-content\/uploads\/2024\/10\/prova-1.jpg?fit=1200%2C751&ssl=1&resize=350%2C200","width":350,"height":200,"srcset":"https:\/\/i0.wp.com\/ismaelcolosi.com.br\/wp-content\/uploads\/2024\/10\/prova-1.jpg?fit=1200%2C751&ssl=1&resize=350%2C200 1x, https:\/\/i0.wp.com\/ismaelcolosi.com.br\/wp-content\/uploads\/2024\/10\/prova-1.jpg?fit=1200%2C751&ssl=1&resize=525%2C300 1.5x, https:\/\/i0.wp.com\/ismaelcolosi.com.br\/wp-content\/uploads\/2024\/10\/prova-1.jpg?fit=1200%2C751&ssl=1&resize=700%2C400 2x, https:\/\/i0.wp.com\/ismaelcolosi.com.br\/wp-content\/uploads\/2024\/10\/prova-1.jpg?fit=1200%2C751&ssl=1&resize=1050%2C600 3x"},"classes":[]},{"id":69829,"url":"https:\/\/ismaelcolosi.com.br\/index.php\/2024\/10\/08\/governo-divulga-notas-do-enem-dos-concursos-veja-como-acessar\/","url_meta":{"origin":70004,"position":2},"title":"Governo divulga notas do \u2018Enem dos Concursos\u2019; veja como acessar","author":"ismaelcolosi.com.br","date":"8 de October de 2024","format":false,"excerpt":"Da reda\u00e7\u00e3oi Da reda\u00e7\u00e3o 08\/10\/2024 - 11:30 O Governo Federal divulgou nesta ter\u00e7a-feira, 8, as notas finais das provas objetivas e preliminares das provas discursivas do Concurso P\u00fablico Nacional Unificado (CNPU), conhecido popularmente como \u201cEnem dos Concursos\u201d.Para ter acesso, os participantes devem acessar a \u00e1rea do candidato na mesma p\u00e1gina\u2026","rel":"","context":"In &quot;Empregos - Classificados&quot;","block_context":{"text":"Empregos - Classificados","link":"https:\/\/ismaelcolosi.com.br\/index.php\/category\/empregos-classificados-vagas-trabalho\/"},"img":{"alt_text":"","src":"https:\/\/i0.wp.com\/ismaelcolosi.com.br\/wp-content\/uploads\/2024\/10\/cnu.jpg?fit=900%2C600&ssl=1&resize=350%2C200","width":350,"height":200,"srcset":"https:\/\/i0.wp.com\/ismaelcolosi.com.br\/wp-content\/uploads\/2024\/10\/cnu.jpg?fit=900%2C600&ssl=1&resize=350%2C200 1x, https:\/\/i0.wp.com\/ismaelcolosi.com.br\/wp-content\/uploads\/2024\/10\/cnu.jpg?fit=900%2C600&ssl=1&resize=525%2C300 1.5x, https:\/\/i0.wp.com\/ismaelcolosi.com.br\/wp-content\/uploads\/2024\/10\/cnu.jpg?fit=900%2C600&ssl=1&resize=700%2C400 2x"},"classes":[]},{"id":67807,"url":"https:\/\/ismaelcolosi.com.br\/index.php\/2024\/09\/25\/enem-dos-concursos-confira-a-nova-relacao-candidato-vaga-apos-abstencoes-da-prova\/","url_meta":{"origin":70004,"position":3},"title":"\u2018Enem dos Concursos\u2019: confira a nova rela\u00e7\u00e3o candidato\/vaga ap\u00f3s absten\u00e7\u00f5es da prova","author":"ismaelcolosi.com.br","date":"25 de September de 2024","format":false,"excerpt":"Da reda\u00e7\u00e3oi Da reda\u00e7\u00e3o 25\/09\/2024 - 14:38 O governo federal apresentou uma nova rela\u00e7\u00e3o candidato por vaga dos cargos do\u00a0\u00a0CPNU (Concurso P\u00fablico Nacional Unificado), conhecido tamb\u00e9m como \u201cEnem dos Concursos\u201d.O c\u00e1lculo reflete apenas os participantes que realizaram as provas no dia 18 de agosto, ou seja, descarta as absten\u00e7\u00f5es.+ \u2018Enem\u2026","rel":"","context":"In &quot;Empregos - Classificados&quot;","block_context":{"text":"Empregos - Classificados","link":"https:\/\/ismaelcolosi.com.br\/index.php\/category\/empregos-classificados-vagas-trabalho\/"},"img":{"alt_text":"","src":"https:\/\/i0.wp.com\/ismaelcolosi.com.br\/wp-content\/uploads\/2024\/09\/cnu.jpg?fit=1024%2C687&ssl=1&resize=350%2C200","width":350,"height":200,"srcset":"https:\/\/i0.wp.com\/ismaelcolosi.com.br\/wp-content\/uploads\/2024\/09\/cnu.jpg?fit=1024%2C687&ssl=1&resize=350%2C200 1x, https:\/\/i0.wp.com\/ismaelcolosi.com.br\/wp-content\/uploads\/2024\/09\/cnu.jpg?fit=1024%2C687&ssl=1&resize=525%2C300 1.5x, https:\/\/i0.wp.com\/ismaelcolosi.com.br\/wp-content\/uploads\/2024\/09\/cnu.jpg?fit=1024%2C687&ssl=1&resize=700%2C400 2x"},"classes":[]},{"id":65046,"url":"https:\/\/ismaelcolosi.com.br\/index.php\/2024\/09\/10\/enem-dos-concursos-cartoes-de-resposta-ja-estao-disponiveis-veja-calendario\/","url_meta":{"origin":70004,"position":4},"title":"\u2018Enem dos Concursos\u2019: cart\u00f5es de resposta j\u00e1 est\u00e3o dispon\u00edveis; veja calend\u00e1rio","author":"ismaelcolosi.com.br","date":"10 de September de 2024","format":false,"excerpt":"Da reda\u00e7\u00e3oi Da reda\u00e7\u00e3o 10\/09\/2024 - 14:43 As imagens dos cart\u00f5es de resposta do Concurso P\u00fablico Nacional Unificado (CPNU) foram divulgadas na manh\u00e3 desta ter\u00e7a-feira, 10, os quase um milh\u00e3o de candidatos que fizeram as provas. O cart\u00e3o pode ser acessado na \u00e1rea do candidato, mesma p\u00e1gina onde foi realizada\u2026","rel":"","context":"In &quot;Empregos - Classificados&quot;","block_context":{"text":"Empregos - Classificados","link":"https:\/\/ismaelcolosi.com.br\/index.php\/category\/empregos-classificados-vagas-trabalho\/"},"img":{"alt_text":"","src":"https:\/\/i0.wp.com\/ismaelcolosi.com.br\/wp-content\/uploads\/2024\/09\/1725991150_prova-1.jpg?fit=1200%2C751&ssl=1&resize=350%2C200","width":350,"height":200,"srcset":"https:\/\/i0.wp.com\/ismaelcolosi.com.br\/wp-content\/uploads\/2024\/09\/1725991150_prova-1.jpg?fit=1200%2C751&ssl=1&resize=350%2C200 1x, https:\/\/i0.wp.com\/ismaelcolosi.com.br\/wp-content\/uploads\/2024\/09\/1725991150_prova-1.jpg?fit=1200%2C751&ssl=1&resize=525%2C300 1.5x, https:\/\/i0.wp.com\/ismaelcolosi.com.br\/wp-content\/uploads\/2024\/09\/1725991150_prova-1.jpg?fit=1200%2C751&ssl=1&resize=700%2C400 2x, https:\/\/i0.wp.com\/ismaelcolosi.com.br\/wp-content\/uploads\/2024\/09\/1725991150_prova-1.jpg?fit=1200%2C751&ssl=1&resize=1050%2C600 3x"},"classes":[]},{"id":61676,"url":"https:\/\/ismaelcolosi.com.br\/index.php\/2024\/08\/22\/enem-dos-concursos-veja-como-calcular-a-nota-das-provas-objetivas\/","url_meta":{"origin":70004,"position":5},"title":"\u2018Enem dos concursos\u2019: veja como calcular a nota das provas objetivas","author":"ismaelcolosi.com.br","date":"22 de August de 2024","format":false,"excerpt":"Ag\u00eancia Brasili Ag\u00eancia Brasil 22\/08\/2024 - 17:30 Os gabaritos preliminares das provas objetivas dos oito blocos tem\u00e1ticos do Concurso P\u00fablico Nacional Unificado (CNPU) foram divulgados na ter\u00e7a-feira, 20, pelo Minist\u00e9rio da Gest\u00e3o e Inova\u00e7\u00e3o em Servi\u00e7os P\u00fablicos (MGI) no site do Concurso P\u00fablico Nacional Unificado (CPNU).+ \u2018Enem dos concursos\u2019: IBGE\u2026","rel":"","context":"In &quot;Empregos - Classificados&quot;","block_context":{"text":"Empregos - Classificados","link":"https:\/\/ismaelcolosi.com.br\/index.php\/category\/empregos-classificados-vagas-trabalho\/"},"img":{"alt_text":"","src":"https:\/\/i0.wp.com\/ismaelcolosi.com.br\/wp-content\/uploads\/2024\/08\/cnu.jpg?fit=900%2C600&ssl=1&resize=350%2C200","width":350,"height":200,"srcset":"https:\/\/i0.wp.com\/ismaelcolosi.com.br\/wp-content\/uploads\/2024\/08\/cnu.jpg?fit=900%2C600&ssl=1&resize=350%2C200 1x, https:\/\/i0.wp.com\/ismaelcolosi.com.br\/wp-content\/uploads\/2024\/08\/cnu.jpg?fit=900%2C600&ssl=1&resize=525%2C300 1.5x, https:\/\/i0.wp.com\/ismaelcolosi.com.br\/wp-content\/uploads\/2024\/08\/cnu.jpg?fit=900%2C600&ssl=1&resize=700%2C400 2x"},"classes":[]}],"jetpack_sharing_enabled":true,"jetpack_shortlink":"https:\/\/wp.me\/pfMlyK-id6","_links":{"self":[{"href":"https:\/\/ismaelcolosi.com.br\/index.php\/wp-json\/wp\/v2\/posts\/70004","targetHints":{"allow":["GET"]}}],"collection":[{"href":"https:\/\/ismaelcolosi.com.br\/index.php\/wp-json\/wp\/v2\/posts"}],"about":[{"href":"https:\/\/ismaelcolosi.com.br\/index.php\/wp-json\/wp\/v2\/types\/post"}],"author":[{"embeddable":true,"href":"https:\/\/ismaelcolosi.com.br\/index.php\/wp-json\/wp\/v2\/users\/1"}],"replies":[{"embeddable":true,"href":"https:\/\/ismaelcolosi.com.br\/index.php\/wp-json\/wp\/v2\/comments?post=70004"}],"version-history":[{"count":0,"href":"https:\/\/ismaelcolosi.com.br\/index.php\/wp-json\/wp\/v2\/posts\/70004\/revisions"}],"wp:featuredmedia":[{"embeddable":true,"href":"https:\/\/ismaelcolosi.com.br\/index.php\/wp-json\/wp\/v2\/media\/70005"}],"wp:attachment":[{"href":"https:\/\/ismaelcolosi.com.br\/index.php\/wp-json\/wp\/v2\/media?parent=70004"}],"wp:term":[{"taxonomy":"category","embeddable":true,"href":"https:\/\/ismaelcolosi.com.br\/index.php\/wp-json\/wp\/v2\/categories?post=70004"},{"taxonomy":"post_tag","embeddable":true,"href":"https:\/\/ismaelcolosi.com.br\/index.php\/wp-json\/wp\/v2\/tags?post=70004"}],"curies":[{"name":"wp","href":"https:\/\/api.w.org\/{rel}","templated":true}]}}