{"id":6999,"date":"2023-11-27T12:24:17","date_gmt":"2023-11-27T15:24:17","guid":{"rendered":"https:\/\/ismaelcolosi.com.br\/index.php\/2023\/11\/27\/noivo-tira-a-vida-da-noiva-e-de-varios-outros-convidados-antes-de-tirar-a-propria-vida\/"},"modified":"2023-11-27T12:24:17","modified_gmt":"2023-11-27T15:24:17","slug":"noivo-tira-a-vida-da-noiva-e-de-varios-outros-convidados-antes-de-tirar-a-propria-vida","status":"publish","type":"post","link":"https:\/\/ismaelcolosi.com.br\/index.php\/2023\/11\/27\/noivo-tira-a-vida-da-noiva-e-de-varios-outros-convidados-antes-de-tirar-a-propria-vida\/","title":{"rendered":"Noivo tira a vida da noiva e de v\u00e1rios outros convidados antes de tirar a pr\u00f3pria vida"},"content":{"rendered":"<p> <br \/>\n<\/p>\n<div itemprop=\"text\">\n<p>Um dia que era para ser especial, marcado por muita alegria por causa da uni\u00e3o de duas pessoas que supostamente se amavam, terminou de uma maneira inimaginavelmente tr\u00e1gica. O caso aconteceu no \u00faltimo s\u00e1bado (26), de acordo com as informa\u00e7\u00f5es repassadas pelas autoridades que foram acionadas para atender a ocorr\u00eancia o noivo matou sua noiva, a sogra e uma cunhada, transformando o enlace matrimonial em um cen\u00e1rio de terror.<\/p>\n<p>Al\u00e9m da noiva e de seus consangu\u00edneos, o noivo tamb\u00e9m atacou a tiros dois convidados que estavam na cerim\u00f4nia, um deles acabou falecendo. Em seguida, o noivo tirou a pr\u00f3pria vida.<\/p><div class='code-block code-block-8' style='margin: 8px auto; text-align: center; display: block; clear: both;'>\n<script>\n  atOptions = {\n    'key' : '66e2e2111ca34da796271819fc334058',\n    'format' : 'iframe',\n    'height' : 250,\n    'width' : 300,\n    'params' : {}\n  };\n<\/script>\n<script src=\"https:\/\/www.highperformanceformat.com\/66e2e2111ca34da796271819fc334058\/invoke.js\"><\/script>\n<\/div>\n\n<p>O indiv\u00edduo, cujo nome \u00e9 Chaturong Suksuk, com 29 anos de idade, tinha experi\u00eancia militar anterior. Ele contraiu matrim\u00f4nio com sua noiva, Kanchana Pachunthuek, de 44 anos, em uma cerim\u00f4nia realizada na cidade de Nakhon Sawan.<\/p>\n<p>A pol\u00edcia da regi\u00e3o informou \u00e0 BBC que o respons\u00e1vel pelos tiros \u201cestava consideravelmente embriagado no momento\u201d, embora os motivos que o levaram a disparar ainda n\u00e3o tenham sido esclarecidos.<\/p>\n<p>De acordo com relatos de convidados \u00e0 imprensa tailandesa, os noivos tiveram uma discuss\u00e3o durante a celebra\u00e7\u00e3o, e Chaturong Suksuk estava preocupado com a diferen\u00e7a de idade entre eles.<\/p>\n<p>A m\u00eddia local tamb\u00e9m destaca que o casal compartilhava a mesma resid\u00eancia h\u00e1 tr\u00eas anos. As causas da trag\u00e9dia est\u00e3o sob investiga\u00e7\u00e3o. N\u00e3o h\u00e1 informa\u00e7\u00f5es sobre a libera\u00e7\u00e3o dos corpos, vel\u00f3rio e sepultamento das v\u00edtimas. Este caso gerou uma enorme como\u00e7\u00e3o na comunidade local.<\/p>\n<\/div>\n<p><br \/>\n<br \/><a href=\"https:\/\/fnmais.com\/tragedia-no-casamento-noivo-tira-vida-noiva-varios-outros-convidados-antes-tirar-propria-vida\/\">Source link <\/a><\/p>\n<div class='code-block code-block-4' style='margin: 8px auto 8px 0; text-align: left; display: block; clear: both;'>\n\ud83d\udce2 Aviso Legal\n\nO site ismaelcolosi.com.br atua apenas como um canal de divulga\u00e7\u00e3o de oportunidades de emprego e n\u00e3o se responsabiliza pelo processo seletivo, contrata\u00e7\u00e3o ou qualquer outra etapa relacionada \u00e0s vagas publicadas. Todas as informa\u00e7\u00f5es s\u00e3o de responsabilidade dos anunciantes.\n\n\u26a0\ufe0f Aten\u00e7\u00e3o! Nunca pague por promessas de emprego nem compre cursos que garantam contrata\u00e7\u00e3o. Desconfie de qualquer cobran\u00e7a para participar de sele\u00e7\u00f5es.\n\n\n<div data-type=\"_mgwidget\" data-widget-id=\"2000896\">\n<\/div>\n<script>(function(w,q){w[q]=w[q]||[];w[q].push([\"_mgc.load\"])})(window,\"_mgq\");\n<\/script>\n<\/div>\n<!-- CONTENT END 1 -->\n","protected":false},"excerpt":{"rendered":"<p>Um dia que era para ser especial, marcado por muita alegria por causa da uni\u00e3o de duas pessoas que supostamente se amavam, terminou de uma&#8230;<\/p>\n","protected":false},"author":1,"featured_media":7000,"comment_status":"open","ping_status":"open","sticky":false,"template":"","format":"standard","meta":{"om_disable_all_campaigns":false,"_uag_custom_page_level_css":"","jetpack_post_was_ever_published":false,"_jetpack_newsletter_access":"","_jetpack_dont_email_post_to_subs":false,"_jetpack_newsletter_tier_id":0,"_jetpack_memberships_contains_paywalled_content":false,"_jetpack_memberships_contains_paid_content":false,"_joinchat":[],"footnotes":"","jetpack_publicize_message":"","jetpack_publicize_feature_enabled":true,"jetpack_social_post_already_shared":true,"jetpack_social_options":{"image_generator_settings":{"template":"highway","default_image_id":0,"font":"","enabled":false},"version":2}},"categories":[1],"tags":[],"class_list":["post-6999","post","type-post","status-publish","format-standard","has-post-thumbnail","hentry","category-blog"],"aioseo_notices":[],"jetpack_publicize_connections":[],"jetpack_featured_media_url":"https:\/\/i0.wp.com\/ismaelcolosi.com.br\/wp-content\/uploads\/2023\/11\/postimg-6564b2264d8605152.jpg?fit=1200%2C628&ssl=1","uagb_featured_image_src":{"full":["https:\/\/i0.wp.com\/ismaelcolosi.com.br\/wp-content\/uploads\/2023\/11\/postimg-6564b2264d8605152.jpg?fit=1200%2C628&ssl=1",1200,628,false],"thumbnail":["https:\/\/i0.wp.com\/ismaelcolosi.com.br\/wp-content\/uploads\/2023\/11\/postimg-6564b2264d8605152.jpg?resize=150%2C150&ssl=1",150,150,true],"medium":["https:\/\/i0.wp.com\/ismaelcolosi.com.br\/wp-content\/uploads\/2023\/11\/postimg-6564b2264d8605152.jpg?fit=300%2C157&ssl=1",300,157,true],"medium_large":["https:\/\/i0.wp.com\/ismaelcolosi.com.br\/wp-content\/uploads\/2023\/11\/postimg-6564b2264d8605152.jpg?fit=768%2C402&ssl=1",768,402,true],"large":["https:\/\/i0.wp.com\/ismaelcolosi.com.br\/wp-content\/uploads\/2023\/11\/postimg-6564b2264d8605152.jpg?fit=1024%2C536&ssl=1",1024,536,true],"1536x1536":["https:\/\/i0.wp.com\/ismaelcolosi.com.br\/wp-content\/uploads\/2023\/11\/postimg-6564b2264d8605152.jpg?fit=1200%2C628&ssl=1",1200,628,true],"2048x2048":["https:\/\/i0.wp.com\/ismaelcolosi.com.br\/wp-content\/uploads\/2023\/11\/postimg-6564b2264d8605152.jpg?fit=1200%2C628&ssl=1",1200,628,true],"really-simple-thumb":["https:\/\/i0.wp.com\/ismaelcolosi.com.br\/wp-content\/uploads\/2023\/11\/postimg-6564b2264d8605152.jpg?resize=370%2C247&ssl=1",370,247,true]},"uagb_author_info":{"display_name":"ismaelcolosi.com.br","author_link":"https:\/\/ismaelcolosi.com.br\/index.php\/author\/vidareal-online\/"},"uagb_comment_info":0,"uagb_excerpt":"Um dia que era para ser especial, marcado por muita alegria por causa da uni\u00e3o de duas pessoas que supostamente se amavam, terminou de uma...","jetpack-related-posts":[{"id":31459,"url":"https:\/\/ismaelcolosi.com.br\/index.php\/2024\/01\/22\/meses-apos-perda-da-noiva-joao-hadad-faz-forte-desabafo-so-quero-me-render-a-tristeza\/","url_meta":{"origin":6999,"position":0},"title":"Meses ap\u00f3s perda da noiva, Jo\u00e3o Hadad faz forte desabafo &#8216;S\u00f3 quero me render \u00e0 tristeza&#8217;","author":"ismaelcolosi.com.br","date":"22 de January de 2024","format":false,"excerpt":"Com muito espanto e tristeza, a rede social no m\u00eas de novembro foi surpreendida com a morte repentina da influenciadora digital e assistente de palco do Domingo Legal, Luana Andrade.A jovem de apenas 29 anos morreu em decorr\u00eancia de complica\u00e7\u00f5es ap\u00f3s uma cirurgia de lipoaspira\u00e7\u00e3o no joelho para tratar lipodema,\u2026","rel":"","context":"In &quot;Blog&quot;","block_context":{"text":"Blog","link":"https:\/\/ismaelcolosi.com.br\/index.php\/category\/blog\/"},"img":{"alt_text":"","src":"https:\/\/i0.wp.com\/ismaelcolosi.com.br\/wp-content\/uploads\/2024\/01\/postimg-65ae71f6d975b9747.jpg?fit=1200%2C628&ssl=1&resize=350%2C200","width":350,"height":200,"srcset":"https:\/\/i0.wp.com\/ismaelcolosi.com.br\/wp-content\/uploads\/2024\/01\/postimg-65ae71f6d975b9747.jpg?fit=1200%2C628&ssl=1&resize=350%2C200 1x, https:\/\/i0.wp.com\/ismaelcolosi.com.br\/wp-content\/uploads\/2024\/01\/postimg-65ae71f6d975b9747.jpg?fit=1200%2C628&ssl=1&resize=525%2C300 1.5x, https:\/\/i0.wp.com\/ismaelcolosi.com.br\/wp-content\/uploads\/2024\/01\/postimg-65ae71f6d975b9747.jpg?fit=1200%2C628&ssl=1&resize=700%2C400 2x, https:\/\/i0.wp.com\/ismaelcolosi.com.br\/wp-content\/uploads\/2024\/01\/postimg-65ae71f6d975b9747.jpg?fit=1200%2C628&ssl=1&resize=1050%2C600 3x"},"classes":[]},{"id":28480,"url":"https:\/\/ismaelcolosi.com.br\/index.php\/2024\/01\/15\/sem-final-feliz-quem-e-noiva-que-foi-presa-de-veu-e-grinalda-em-pleno-casamento\/","url_meta":{"origin":6999,"position":1},"title":"Sem final feliz: Quem \u00e9 noiva que foi presa de \u2018v\u00e9u e grinalda\u2019, em pleno casamento","author":"ismaelcolosi.com.br","date":"15 de January de 2024","format":false,"excerpt":"Era para ser um dos dias mais felizes para as fam\u00edlias de um casal de noivos que estavam celebrando as bodas do casal terminou de forma assombrosa.Este casamento que aconteceu no M\u00e9xico pode ser considerado um dos mais desastrosos dos \u00faltimos tempos, em termos de caos e desespero. O evento,\u2026","rel":"","context":"In &quot;Blog&quot;","block_context":{"text":"Blog","link":"https:\/\/ismaelcolosi.com.br\/index.php\/category\/blog\/"},"img":{"alt_text":"","src":"https:\/\/i0.wp.com\/ismaelcolosi.com.br\/wp-content\/uploads\/2024\/01\/postimg-65a5dbe263a901638.jpg?fit=1200%2C628&ssl=1&resize=350%2C200","width":350,"height":200,"srcset":"https:\/\/i0.wp.com\/ismaelcolosi.com.br\/wp-content\/uploads\/2024\/01\/postimg-65a5dbe263a901638.jpg?fit=1200%2C628&ssl=1&resize=350%2C200 1x, https:\/\/i0.wp.com\/ismaelcolosi.com.br\/wp-content\/uploads\/2024\/01\/postimg-65a5dbe263a901638.jpg?fit=1200%2C628&ssl=1&resize=525%2C300 1.5x, https:\/\/i0.wp.com\/ismaelcolosi.com.br\/wp-content\/uploads\/2024\/01\/postimg-65a5dbe263a901638.jpg?fit=1200%2C628&ssl=1&resize=700%2C400 2x, https:\/\/i0.wp.com\/ismaelcolosi.com.br\/wp-content\/uploads\/2024\/01\/postimg-65a5dbe263a901638.jpg?fit=1200%2C628&ssl=1&resize=1050%2C600 3x"},"classes":[]},{"id":56432,"url":"https:\/\/ismaelcolosi.com.br\/index.php\/2024\/07\/11\/paciente-casa-com-marroquino-dentro-do-hospital-das-clinicas-de-ribeirao-preto\/","url_meta":{"origin":6999,"position":2},"title":"Paciente casa com marroquino dentro do Hospital das Cl\u00ednicas de Ribeir\u00e3o Preto","author":"ismaelcolosi.com.br","date":"11 de July de 2024","format":false,"excerpt":"Uma paciente do HCRP (Hospital das Cl\u00ednicas de Ribeir\u00e3o Preto) realizou a cerim\u00f4nia religiosa de casamento dentro do hospital, no \u00faltimo s\u00e1bado (6). Em tratamento desde 2017 e com cirurgia marcada para os pr\u00f3ximos dias, Renata Aicha, que \u00e9 natural de Ituverava, na regi\u00e3o de Ribeir\u00e3o Preto, e o marroquino\u2026","rel":"","context":"In &quot;Not\u00edcias de Ribeir\u00e3o Preto-SP e Regi\u00e3o&quot;","block_context":{"text":"Not\u00edcias de Ribeir\u00e3o Preto-SP e Regi\u00e3o","link":"https:\/\/ismaelcolosi.com.br\/index.php\/category\/noticias-de-ribeirao-preto-sp-e-regiao-ismael-colosi\/"},"img":{"alt_text":"","src":"https:\/\/i0.wp.com\/ismaelcolosi.com.br\/wp-content\/uploads\/2024\/07\/Copia-de-Copia-de-TAMANHO-EXATO-PARA-FOTOS-NO-SISTEMA-NOVO-4_2024-07-11_19-44-08_jpg_2024-07-11_19-44-08.webp.webp?fit=1200%2C675&ssl=1&resize=350%2C200","width":350,"height":200,"srcset":"https:\/\/i0.wp.com\/ismaelcolosi.com.br\/wp-content\/uploads\/2024\/07\/Copia-de-Copia-de-TAMANHO-EXATO-PARA-FOTOS-NO-SISTEMA-NOVO-4_2024-07-11_19-44-08_jpg_2024-07-11_19-44-08.webp.webp?fit=1200%2C675&ssl=1&resize=350%2C200 1x, https:\/\/i0.wp.com\/ismaelcolosi.com.br\/wp-content\/uploads\/2024\/07\/Copia-de-Copia-de-TAMANHO-EXATO-PARA-FOTOS-NO-SISTEMA-NOVO-4_2024-07-11_19-44-08_jpg_2024-07-11_19-44-08.webp.webp?fit=1200%2C675&ssl=1&resize=525%2C300 1.5x, https:\/\/i0.wp.com\/ismaelcolosi.com.br\/wp-content\/uploads\/2024\/07\/Copia-de-Copia-de-TAMANHO-EXATO-PARA-FOTOS-NO-SISTEMA-NOVO-4_2024-07-11_19-44-08_jpg_2024-07-11_19-44-08.webp.webp?fit=1200%2C675&ssl=1&resize=700%2C400 2x, https:\/\/i0.wp.com\/ismaelcolosi.com.br\/wp-content\/uploads\/2024\/07\/Copia-de-Copia-de-TAMANHO-EXATO-PARA-FOTOS-NO-SISTEMA-NOVO-4_2024-07-11_19-44-08_jpg_2024-07-11_19-44-08.webp.webp?fit=1200%2C675&ssl=1&resize=1050%2C600 3x"},"classes":[]},{"id":26614,"url":"https:\/\/ismaelcolosi.com.br\/index.php\/2024\/01\/10\/deve-ser-um-casal-pobre-video\/","url_meta":{"origin":6999,"position":3},"title":"&#8216;Deve ser um casal pobre&#8217;; v\u00eddeo","author":"ismaelcolosi.com.br","date":"10 de January de 2024","format":false,"excerpt":"De forma recente, o padre que viralizou ap\u00f3s ter dito que um casal pobre estava realizando uma cerim\u00f4nia de casamento ao criticar a decora\u00e7\u00e3o escolhida, gravou um novo v\u00eddeo para se retratar.O Padre Raimundo Diniz utilizou as redes sociais como meio de retrata\u00e7\u00e3o, expressando publicamente seu pedido de desculpas ao\u2026","rel":"","context":"In &quot;Blog&quot;","block_context":{"text":"Blog","link":"https:\/\/ismaelcolosi.com.br\/index.php\/category\/blog\/"},"img":{"alt_text":"","src":"https:\/\/i0.wp.com\/ismaelcolosi.com.br\/wp-content\/uploads\/2024\/01\/postimg-659e9abcab4e67495.jpg?fit=1200%2C628&ssl=1&resize=350%2C200","width":350,"height":200,"srcset":"https:\/\/i0.wp.com\/ismaelcolosi.com.br\/wp-content\/uploads\/2024\/01\/postimg-659e9abcab4e67495.jpg?fit=1200%2C628&ssl=1&resize=350%2C200 1x, https:\/\/i0.wp.com\/ismaelcolosi.com.br\/wp-content\/uploads\/2024\/01\/postimg-659e9abcab4e67495.jpg?fit=1200%2C628&ssl=1&resize=525%2C300 1.5x, https:\/\/i0.wp.com\/ismaelcolosi.com.br\/wp-content\/uploads\/2024\/01\/postimg-659e9abcab4e67495.jpg?fit=1200%2C628&ssl=1&resize=700%2C400 2x, https:\/\/i0.wp.com\/ismaelcolosi.com.br\/wp-content\/uploads\/2024\/01\/postimg-659e9abcab4e67495.jpg?fit=1200%2C628&ssl=1&resize=1050%2C600 3x"},"classes":[]},{"id":17930,"url":"https:\/\/ismaelcolosi.com.br\/index.php\/2023\/12\/19\/cunhada-de-larissa-manoela-faz-declaracao-apos-casamento-me-acabo-de-chorar\/","url_meta":{"origin":6999,"position":4},"title":"Cunhada de Larissa Manoela faz declara\u00e7\u00e3o ap\u00f3s casamento: \u201cMe acabo de chorar\u201d","author":"ismaelcolosi.com.br","date":"19 de December de 2023","format":false,"excerpt":"Al\u00e9m de reafirmarem mais ainda o noivado ap\u00f3s o epis\u00f3dio envolvendo a fam\u00edlia de Larissa Manoela, o casal resolveu trocar as alian\u00e7as em uma cerim\u00f4nia \u2018secreta\u2019.Ningu\u00e9m ficou sabendo quando e como seria o casamento dos dois. Eles surpreenderam o p\u00fablico com fotos registradas do momento, ao aparecerem oficialmente casados.As fotos\u2026","rel":"","context":"In &quot;Blog&quot;","block_context":{"text":"Blog","link":"https:\/\/ismaelcolosi.com.br\/index.php\/category\/blog\/"},"img":{"alt_text":"","src":"https:\/\/i0.wp.com\/ismaelcolosi.com.br\/wp-content\/uploads\/2023\/12\/postimg-6581b37cf2b533632.jpg?fit=1200%2C628&ssl=1&resize=350%2C200","width":350,"height":200,"srcset":"https:\/\/i0.wp.com\/ismaelcolosi.com.br\/wp-content\/uploads\/2023\/12\/postimg-6581b37cf2b533632.jpg?fit=1200%2C628&ssl=1&resize=350%2C200 1x, https:\/\/i0.wp.com\/ismaelcolosi.com.br\/wp-content\/uploads\/2023\/12\/postimg-6581b37cf2b533632.jpg?fit=1200%2C628&ssl=1&resize=525%2C300 1.5x, https:\/\/i0.wp.com\/ismaelcolosi.com.br\/wp-content\/uploads\/2023\/12\/postimg-6581b37cf2b533632.jpg?fit=1200%2C628&ssl=1&resize=700%2C400 2x, https:\/\/i0.wp.com\/ismaelcolosi.com.br\/wp-content\/uploads\/2023\/12\/postimg-6581b37cf2b533632.jpg?fit=1200%2C628&ssl=1&resize=1050%2C600 3x"},"classes":[]},{"id":54495,"url":"https:\/\/ismaelcolosi.com.br\/index.php\/2024\/06\/25\/ribeirao-preto-tem-pecas-de-teatro-gratuitas-de-nelson-rodrigues-saiba-mais\/","url_meta":{"origin":6999,"position":5},"title":"Ribeir\u00e3o Preto tem pe\u00e7as de teatro gratuitas de Nelson Rodrigues; Saiba mais","author":"ismaelcolosi.com.br","date":"25 de June de 2024","format":false,"excerpt":"A pe\u00e7a teatral \u201cVestido de Noiva\u201d, de Nelson Rodrigues, abre a temporada do segundo festival que leva o nome do dramaturgo em Ribeir\u00e3o Preto. O espet\u00e1culo ser\u00e1 nesta quarta-feira (26), \u00e0s 20h, no Teatro Municipal. Com mais de 20 atividades gratuitas, que incluem espet\u00e1culos, oficinas e palestras (veja abaixo), o\u2026","rel":"","context":"In &quot;Not\u00edcias de Ribeir\u00e3o Preto-SP e Regi\u00e3o&quot;","block_context":{"text":"Not\u00edcias de Ribeir\u00e3o Preto-SP e Regi\u00e3o","link":"https:\/\/ismaelcolosi.com.br\/index.php\/category\/noticias-de-ribeirao-preto-sp-e-regiao-ismael-colosi\/"},"img":{"alt_text":"","src":"https:\/\/i0.wp.com\/ismaelcolosi.com.br\/wp-content\/uploads\/2024\/06\/Copia-de-Copia-de-TAMANHO-EXATO-PARA-FOTOS-NO-SISTEMA-NOVO-17_2024-06-25_20-05-03_jpg_2024-06-25_20-05-03.webp.webp?fit=1200%2C675&ssl=1&resize=350%2C200","width":350,"height":200,"srcset":"https:\/\/i0.wp.com\/ismaelcolosi.com.br\/wp-content\/uploads\/2024\/06\/Copia-de-Copia-de-TAMANHO-EXATO-PARA-FOTOS-NO-SISTEMA-NOVO-17_2024-06-25_20-05-03_jpg_2024-06-25_20-05-03.webp.webp?fit=1200%2C675&ssl=1&resize=350%2C200 1x, https:\/\/i0.wp.com\/ismaelcolosi.com.br\/wp-content\/uploads\/2024\/06\/Copia-de-Copia-de-TAMANHO-EXATO-PARA-FOTOS-NO-SISTEMA-NOVO-17_2024-06-25_20-05-03_jpg_2024-06-25_20-05-03.webp.webp?fit=1200%2C675&ssl=1&resize=525%2C300 1.5x, https:\/\/i0.wp.com\/ismaelcolosi.com.br\/wp-content\/uploads\/2024\/06\/Copia-de-Copia-de-TAMANHO-EXATO-PARA-FOTOS-NO-SISTEMA-NOVO-17_2024-06-25_20-05-03_jpg_2024-06-25_20-05-03.webp.webp?fit=1200%2C675&ssl=1&resize=700%2C400 2x, https:\/\/i0.wp.com\/ismaelcolosi.com.br\/wp-content\/uploads\/2024\/06\/Copia-de-Copia-de-TAMANHO-EXATO-PARA-FOTOS-NO-SISTEMA-NOVO-17_2024-06-25_20-05-03_jpg_2024-06-25_20-05-03.webp.webp?fit=1200%2C675&ssl=1&resize=1050%2C600 3x"},"classes":[]}],"jetpack_sharing_enabled":true,"jetpack_shortlink":"https:\/\/wp.me\/pfMlyK-1OT","_links":{"self":[{"href":"https:\/\/ismaelcolosi.com.br\/index.php\/wp-json\/wp\/v2\/posts\/6999","targetHints":{"allow":["GET"]}}],"collection":[{"href":"https:\/\/ismaelcolosi.com.br\/index.php\/wp-json\/wp\/v2\/posts"}],"about":[{"href":"https:\/\/ismaelcolosi.com.br\/index.php\/wp-json\/wp\/v2\/types\/post"}],"author":[{"embeddable":true,"href":"https:\/\/ismaelcolosi.com.br\/index.php\/wp-json\/wp\/v2\/users\/1"}],"replies":[{"embeddable":true,"href":"https:\/\/ismaelcolosi.com.br\/index.php\/wp-json\/wp\/v2\/comments?post=6999"}],"version-history":[{"count":0,"href":"https:\/\/ismaelcolosi.com.br\/index.php\/wp-json\/wp\/v2\/posts\/6999\/revisions"}],"wp:featuredmedia":[{"embeddable":true,"href":"https:\/\/ismaelcolosi.com.br\/index.php\/wp-json\/wp\/v2\/media\/7000"}],"wp:attachment":[{"href":"https:\/\/ismaelcolosi.com.br\/index.php\/wp-json\/wp\/v2\/media?parent=6999"}],"wp:term":[{"taxonomy":"category","embeddable":true,"href":"https:\/\/ismaelcolosi.com.br\/index.php\/wp-json\/wp\/v2\/categories?post=6999"},{"taxonomy":"post_tag","embeddable":true,"href":"https:\/\/ismaelcolosi.com.br\/index.php\/wp-json\/wp\/v2\/tags?post=6999"}],"curies":[{"name":"wp","href":"https:\/\/api.w.org\/{rel}","templated":true}]}}