{"id":69954,"date":"2024-10-08T20:02:48","date_gmt":"2024-10-08T23:02:48","guid":{"rendered":"https:\/\/ismaelcolosi.com.br\/index.php\/2024\/10\/08\/predios-historicos-de-ribeirao-preto-se-transformam-em-lego\/"},"modified":"2024-10-08T20:02:48","modified_gmt":"2024-10-08T23:02:48","slug":"predios-historicos-de-ribeirao-preto-se-transformam-em-lego","status":"publish","type":"post","link":"https:\/\/ismaelcolosi.com.br\/index.php\/2024\/10\/08\/predios-historicos-de-ribeirao-preto-se-transformam-em-lego\/","title":{"rendered":"Pr\u00e9dios hist\u00f3ricos de Ribeir\u00e3o Preto se transformam em LEGO"},"content":{"rendered":"<p> <br \/>\n<\/p>\n<div data-td-block-uid=\"tdi_106\">\n<div class=\"tdb-block-inner td-fix-index\">\n<p><strong>Pr\u00e9dio hist\u00f3ricos e tradicionais de Ribeir\u00e3o Preto ganham vida no mundo do LEGO. <\/strong><mark style=\"background-color:#fcb900\" class=\"has-inline-color\">Recria\u00e7\u00f5es de conjuntos arquitet\u00f4nicos que comp\u00f5em o famoso \u201cQuarteir\u00e3o Paulista\u201d de Ribeir\u00e3o Preto, como o Theatro Pedro II e o Pinguim est\u00e3o expostos na 2\u00aa edi\u00e7\u00e3o do POW Festival.<\/mark><\/p>\n<p><strong>A mostra acontece nos dias 19 e 20 de outubro<\/strong>, no espa\u00e7o A F\u00e1brica,<strong> no Centro da cidade<\/strong>. A<strong> entrada \u00e9 gratuita, mas as vagas s\u00e3o limitadas e devem ser garantidas por meio do site oficial.<\/strong><\/p>\n<p><strong>A exposi\u00e7\u00e3o \u00e9 desenvolvida pelo LUG Brasil<\/strong>, <mark style=\"background-color:#fcb900\" class=\"has-inline-color\">o maior grupo de f\u00e3s e colecionadores de LEGO do Brasil.<\/mark><\/p>\n<p><strong>Artur Amaral<\/strong>, membro do grupo e <strong>respons\u00e1vel pelas recria\u00e7\u00f5es<\/strong>, disse que <strong>procurou na internet<\/strong> <strong>pontos tur\u00edsticos de cada cidade.<\/strong> <\/p>\n<p><em>\u201cComo sou de S\u00e3o Paulo, procurei na internet pontos tur\u00edsticos de refer\u00eancia da cidade e passei a estudar e ver cada detalhe para trazer a representa\u00e7\u00e3o dessas estruturas arquitet\u00f4nicas\u201d<\/em> explica.<\/p>\n<p><strong>Al\u00e9m dos tradicionais pr\u00e9dios do mun\u00edcipio<\/strong>, a exposi\u00e7\u00e3o mostrar\u00e1 ao p\u00fablico toda criatividade e cores, com estruturas impressionantes de <strong>montagens de um canteiro de obras<\/strong> e <strong>uma maquete com r\u00e9plicas de carros.<\/strong><\/p>\n<h4 class=\"wp-block-heading\"><strong>Servi\u00e7o<\/strong><\/h4>\n<p><strong>Quando:\u00a0<\/strong>Dia 19 e 20 de outubro<br \/><strong>Hor\u00e1rio:<\/strong>\u00a0das 10h \u00e0s 21h<br \/><strong>Local:<\/strong> A F\u00e1brica \u2013 R. Mariana Junqueira, 33 \u2013 Centro<br \/><strong>Entrada gratuita<\/strong><\/p>\n<p>SAIBA MAIS<br \/>Calor\u00e3o! Ribeir\u00e3o Preto registra o dia mais quente de 2024<\/p>\n<h4 class=\"wp-block-heading\"><strong>FIQUE ON<\/strong><\/h4>\n<p>Fique ligado em tudo que acontece em Ribeir\u00e3o Preto e regi\u00e3o. Siga os perfis do <strong>acidade on<\/strong> no <a href=\"https:\/\/www.instagram.com\/acidadeonribeirao\" target=\"_blank\" rel=\"noreferrer noopener nofollow\">Instagram <\/a>e no <a href=\"https:\/\/www.facebook.com\/acidadeonribeirao\/\" target=\"_blank\" rel=\"noreferrer noopener nofollow\">Facebook<\/a>.<\/p>\n<p>Receba not\u00edcias do <strong>acidade on<\/strong> no WhatsApp. <a href=\"https:\/\/chat.whatsapp.com\/Fg4ok3aAVyB59DP63pRapr\" target=\"_blank\" rel=\"noreferrer noopener nofollow\">Para entrar no grupo, basta clicar aqui.<\/a><\/p>\n<p>Fa\u00e7a uma den\u00fancia ou sugira uma reportagem sobre Ribeir\u00e3o Preto e regi\u00e3o pelo WhatsApp: 16 99117 7802.<\/p>\n<p>VEJA TAMB\u00c9M<br \/>Quando Lula vai decidir a volta do hor\u00e1rio de ver\u00e3o?<\/p>\n<p><!-- CONTENT END 1 -->\n<\/div>\n<\/div>\n<p><script async src=\"\/\/www.instagram.com\/embed.js\"><\/script><br \/>\n<br \/><br \/>\n<br \/><a href=\"https:\/\/www.acidadeon.com\/ribeiraopreto\/lazer-e-cultura\/exposicaoransforma-predios-historicos-de-ribeirao-em-lego\/\">Source link <\/a><\/p>\n","protected":false},"excerpt":{"rendered":"<p>Pr\u00e9dio hist\u00f3ricos e tradicionais de Ribeir\u00e3o Preto ganham vida no mundo do LEGO. Recria\u00e7\u00f5es de conjuntos arquitet\u00f4nicos que comp\u00f5em o famoso \u201cQuarteir\u00e3o Paulista\u201d de Ribeir\u00e3o&#8230;<\/p>\n","protected":false},"author":1,"featured_media":69955,"comment_status":"open","ping_status":"open","sticky":false,"template":"","format":"standard","meta":{"_uag_custom_page_level_css":"","advanced_seo_description":"","jetpack_seo_html_title":"","jetpack_seo_noindex":false,"jetpack_post_was_ever_published":false,"_jetpack_newsletter_access":"","_jetpack_dont_email_post_to_subs":false,"_jetpack_newsletter_tier_id":0,"_jetpack_memberships_contains_paywalled_content":false,"_jetpack_memberships_contains_paid_content":false,"footnotes":"","jetpack_publicize_message":"","jetpack_publicize_feature_enabled":true,"jetpack_social_post_already_shared":true,"jetpack_social_options":{"image_generator_settings":{"template":"highway","default_image_id":0,"font":"","enabled":false},"version":2}},"categories":[11],"tags":[],"class_list":["post-69954","post","type-post","status-publish","format-standard","has-post-thumbnail","hentry","category-noticias-de-ribeirao-preto-sp-e-regiao-ismael-colosi"],"jetpack_publicize_connections":[],"jetpack_featured_media_url":"https:\/\/i0.wp.com\/ismaelcolosi.com.br\/wp-content\/uploads\/2024\/10\/Imagem-do-WhatsApp-de-2024-10-08-as-17.33.53_6a1ac251_2024-10-08_21-06-23_jpg_2024-10-08_21-06-23.webp.webp?fit=800%2C800&ssl=1","uagb_featured_image_src":{"full":["https:\/\/i0.wp.com\/ismaelcolosi.com.br\/wp-content\/uploads\/2024\/10\/Imagem-do-WhatsApp-de-2024-10-08-as-17.33.53_6a1ac251_2024-10-08_21-06-23_jpg_2024-10-08_21-06-23.webp.webp?fit=800%2C800&ssl=1",800,800,false],"thumbnail":["https:\/\/i0.wp.com\/ismaelcolosi.com.br\/wp-content\/uploads\/2024\/10\/Imagem-do-WhatsApp-de-2024-10-08-as-17.33.53_6a1ac251_2024-10-08_21-06-23_jpg_2024-10-08_21-06-23.webp.webp?resize=150%2C150&ssl=1",150,150,true],"medium":["https:\/\/i0.wp.com\/ismaelcolosi.com.br\/wp-content\/uploads\/2024\/10\/Imagem-do-WhatsApp-de-2024-10-08-as-17.33.53_6a1ac251_2024-10-08_21-06-23_jpg_2024-10-08_21-06-23.webp.webp?fit=300%2C300&ssl=1",300,300,true],"medium_large":["https:\/\/i0.wp.com\/ismaelcolosi.com.br\/wp-content\/uploads\/2024\/10\/Imagem-do-WhatsApp-de-2024-10-08-as-17.33.53_6a1ac251_2024-10-08_21-06-23_jpg_2024-10-08_21-06-23.webp.webp?fit=768%2C768&ssl=1",768,768,true],"large":["https:\/\/i0.wp.com\/ismaelcolosi.com.br\/wp-content\/uploads\/2024\/10\/Imagem-do-WhatsApp-de-2024-10-08-as-17.33.53_6a1ac251_2024-10-08_21-06-23_jpg_2024-10-08_21-06-23.webp.webp?fit=800%2C800&ssl=1",800,800,true],"1536x1536":["https:\/\/i0.wp.com\/ismaelcolosi.com.br\/wp-content\/uploads\/2024\/10\/Imagem-do-WhatsApp-de-2024-10-08-as-17.33.53_6a1ac251_2024-10-08_21-06-23_jpg_2024-10-08_21-06-23.webp.webp?fit=800%2C800&ssl=1",800,800,true],"2048x2048":["https:\/\/i0.wp.com\/ismaelcolosi.com.br\/wp-content\/uploads\/2024\/10\/Imagem-do-WhatsApp-de-2024-10-08-as-17.33.53_6a1ac251_2024-10-08_21-06-23_jpg_2024-10-08_21-06-23.webp.webp?fit=800%2C800&ssl=1",800,800,true],"really-simple-thumb":["https:\/\/i0.wp.com\/ismaelcolosi.com.br\/wp-content\/uploads\/2024\/10\/Imagem-do-WhatsApp-de-2024-10-08-as-17.33.53_6a1ac251_2024-10-08_21-06-23_jpg_2024-10-08_21-06-23.webp.webp?resize=370%2C247&ssl=1",370,247,true]},"uagb_author_info":{"display_name":"ismaelcolosi.com.br","author_link":"https:\/\/ismaelcolosi.com.br\/index.php\/author\/vidareal-online\/"},"uagb_comment_info":0,"uagb_excerpt":"Pr\u00e9dio hist\u00f3ricos e tradicionais de Ribeir\u00e3o Preto ganham vida no mundo do LEGO. Recria\u00e7\u00f5es de conjuntos arquitet\u00f4nicos que comp\u00f5em o famoso \u201cQuarteir\u00e3o Paulista\u201d de Ribeir\u00e3o...","jetpack-related-posts":[{"id":69962,"url":"https:\/\/ismaelcolosi.com.br\/index.php\/2024\/10\/08\/predios-historicos-de-ribeirao-preto-ganham-versao-lego\/","url_meta":{"origin":69954,"position":0},"title":"Pr\u00e9dios hist\u00f3ricos de Ribeir\u00e3o Preto ganham vers\u00e3o Lego","author":"ismaelcolosi.com.br","date":"8 de October de 2024","format":false,"excerpt":"Pr\u00e9dio hist\u00f3ricos e tradicionais de Ribeir\u00e3o Preto ganham vida no mundo do Lego. Recria\u00e7\u00f5es de conjuntos arquitet\u00f4nicos que comp\u00f5em o famoso \u201cQuarteir\u00e3o Paulista\u201d de Ribeir\u00e3o Preto, como o Theatro Pedro II e o Pinguim est\u00e3o expostos na 2\u00aa edi\u00e7\u00e3o do POW Festival. A mostra acontece nos dias 19 e 20\u2026","rel":"","context":"In &quot;Not\u00edcias de Ribeir\u00e3o Preto-SP e Regi\u00e3o&quot;","block_context":{"text":"Not\u00edcias de Ribeir\u00e3o Preto-SP e Regi\u00e3o","link":"https:\/\/ismaelcolosi.com.br\/index.php\/category\/noticias-de-ribeirao-preto-sp-e-regiao-ismael-colosi\/"},"img":{"alt_text":"","src":"https:\/\/i0.wp.com\/ismaelcolosi.com.br\/wp-content\/uploads\/2024\/10\/Imagem-do-WhatsApp-de-2024-10-08-as-17.33.53_6a1ac251_2024-10-08_21-06-23_jpg_2024-10-08_21-06-23.webp.webp?fit=800%2C800&ssl=1&resize=350%2C200","width":350,"height":200,"srcset":"https:\/\/i0.wp.com\/ismaelcolosi.com.br\/wp-content\/uploads\/2024\/10\/Imagem-do-WhatsApp-de-2024-10-08-as-17.33.53_6a1ac251_2024-10-08_21-06-23_jpg_2024-10-08_21-06-23.webp.webp?fit=800%2C800&ssl=1&resize=350%2C200 1x, https:\/\/i0.wp.com\/ismaelcolosi.com.br\/wp-content\/uploads\/2024\/10\/Imagem-do-WhatsApp-de-2024-10-08-as-17.33.53_6a1ac251_2024-10-08_21-06-23_jpg_2024-10-08_21-06-23.webp.webp?fit=800%2C800&ssl=1&resize=525%2C300 1.5x, https:\/\/i0.wp.com\/ismaelcolosi.com.br\/wp-content\/uploads\/2024\/10\/Imagem-do-WhatsApp-de-2024-10-08-as-17.33.53_6a1ac251_2024-10-08_21-06-23_jpg_2024-10-08_21-06-23.webp.webp?fit=800%2C800&ssl=1&resize=700%2C400 2x"},"classes":[]},{"id":69968,"url":"https:\/\/ismaelcolosi.com.br\/index.php\/2024\/10\/08\/predios-historicos-de-ribeirao-preto-ganham-versao-lego-2\/","url_meta":{"origin":69954,"position":1},"title":"Pr\u00e9dios hist\u00f3ricos de Ribeir\u00e3o Preto ganham vers\u00e3o Lego","author":"ismaelcolosi.com.br","date":"8 de October de 2024","format":false,"excerpt":"Pr\u00e9dios hist\u00f3ricos e tradicionais de Ribeir\u00e3o Preto ganham vida no mundo do Lego. Recria\u00e7\u00f5es de conjuntos arquitet\u00f4nicos que comp\u00f5em o famoso \u201cQuarteir\u00e3o Paulista\u201d de Ribeir\u00e3o Preto, como o Theatro Pedro II e o Pinguim est\u00e3o expostos na 2\u00aa edi\u00e7\u00e3o do POW Festival. A mostra acontece nos dias 19 e 20\u2026","rel":"","context":"In &quot;Not\u00edcias de Ribeir\u00e3o Preto-SP e Regi\u00e3o&quot;","block_context":{"text":"Not\u00edcias de Ribeir\u00e3o Preto-SP e Regi\u00e3o","link":"https:\/\/ismaelcolosi.com.br\/index.php\/category\/noticias-de-ribeirao-preto-sp-e-regiao-ismael-colosi\/"},"img":{"alt_text":"","src":"https:\/\/i0.wp.com\/ismaelcolosi.com.br\/wp-content\/uploads\/2024\/10\/Imagem-do-WhatsApp-de-2024-10-08-as-17.33.53_6a1ac251_2024-10-08_21-06-23_jpg_2024-10-08_21-06-23.webp.webp?fit=800%2C800&ssl=1&resize=350%2C200","width":350,"height":200,"srcset":"https:\/\/i0.wp.com\/ismaelcolosi.com.br\/wp-content\/uploads\/2024\/10\/Imagem-do-WhatsApp-de-2024-10-08-as-17.33.53_6a1ac251_2024-10-08_21-06-23_jpg_2024-10-08_21-06-23.webp.webp?fit=800%2C800&ssl=1&resize=350%2C200 1x, https:\/\/i0.wp.com\/ismaelcolosi.com.br\/wp-content\/uploads\/2024\/10\/Imagem-do-WhatsApp-de-2024-10-08-as-17.33.53_6a1ac251_2024-10-08_21-06-23_jpg_2024-10-08_21-06-23.webp.webp?fit=800%2C800&ssl=1&resize=525%2C300 1.5x, https:\/\/i0.wp.com\/ismaelcolosi.com.br\/wp-content\/uploads\/2024\/10\/Imagem-do-WhatsApp-de-2024-10-08-as-17.33.53_6a1ac251_2024-10-08_21-06-23_jpg_2024-10-08_21-06-23.webp.webp?fit=800%2C800&ssl=1&resize=700%2C400 2x"},"classes":[]},{"id":16528,"url":"https:\/\/ismaelcolosi.com.br\/index.php\/2023\/12\/15\/loja-lego-abre-unidade-em-ribeirao-preto-veja-o-local\/","url_meta":{"origin":69954,"position":2},"title":"Loja Lego abre unidade em Ribeir\u00e3o Preto; Veja o local","author":"ismaelcolosi.com.br","date":"15 de December de 2023","format":false,"excerpt":"Ribeir\u00e3o Preto recebeu a 16\u00aa loja da marca Lego. O local escolhido para receber a unidade foi o Ribeir\u00e3o Shopping, na zona Sul da cidade. Os blocos de montar fazem parte da mem\u00f3ria afetiva de milh\u00f5es de adultos e tamb\u00e9m do dia a dia de milh\u00f5es de crian\u00e7as. \u201cO Grupo\u2026","rel":"","context":"In &quot;Not\u00edcias de Ribeir\u00e3o Preto-SP e Regi\u00e3o&quot;","block_context":{"text":"Not\u00edcias de Ribeir\u00e3o Preto-SP e Regi\u00e3o","link":"https:\/\/ismaelcolosi.com.br\/index.php\/category\/noticias-de-ribeirao-preto-sp-e-regiao-ismael-colosi\/"},"img":{"alt_text":"","src":"https:\/\/i0.wp.com\/ismaelcolosi.com.br\/wp-content\/uploads\/2023\/12\/lego.jpg?fit=800%2C533&ssl=1&resize=350%2C200","width":350,"height":200,"srcset":"https:\/\/i0.wp.com\/ismaelcolosi.com.br\/wp-content\/uploads\/2023\/12\/lego.jpg?fit=800%2C533&ssl=1&resize=350%2C200 1x, https:\/\/i0.wp.com\/ismaelcolosi.com.br\/wp-content\/uploads\/2023\/12\/lego.jpg?fit=800%2C533&ssl=1&resize=525%2C300 1.5x, https:\/\/i0.wp.com\/ismaelcolosi.com.br\/wp-content\/uploads\/2023\/12\/lego.jpg?fit=800%2C533&ssl=1&resize=700%2C400 2x"},"classes":[]},{"id":69970,"url":"https:\/\/ismaelcolosi.com.br\/index.php\/2024\/10\/08\/confira-a-agenda-dos-candidatos-a-prefeitura-de-ribeirao-preto-nesta-quarta-feira-9\/","url_meta":{"origin":69954,"position":3},"title":"Confira a agenda dos candidatos \u00e0 Prefeitura de Ribeir\u00e3o Preto nesta quarta-feira (9)","author":"ismaelcolosi.com.br","date":"8 de October de 2024","format":false,"excerpt":"Os candidatos \u00e0\u00a0Prefeitura de Ribeir\u00e3o Preto\u00a0divulgaram suas agendas de campanha para\u00a0esta quarta-feira (9). O per\u00edodo de propaganda eleitoral, para o segundo turno, come\u00e7ou no dia 7 de outubro, portanto, candidatos podem apresentar \u00e0s eleitoras e aos eleitores suas ideias e propostas. A publicidade das candidaturas pode ser feita na internet,\u2026","rel":"","context":"In &quot;Not\u00edcias de Ribeir\u00e3o Preto-SP e Regi\u00e3o&quot;","block_context":{"text":"Not\u00edcias de Ribeir\u00e3o Preto-SP e Regi\u00e3o","link":"https:\/\/ismaelcolosi.com.br\/index.php\/category\/noticias-de-ribeirao-preto-sp-e-regiao-ismael-colosi\/"},"img":{"alt_text":"","src":"https:\/\/i0.wp.com\/ismaelcolosi.com.br\/wp-content\/uploads\/2024\/10\/Copia-de-Copia-de-Copia-de-TAMANHO-EXATO-PARA-FOTOS-NO-SISTEMA-NOVO-95_2024-10-06_22-19-13_png_2024-10-06_22-19-13.webp.webp?fit=1200%2C675&ssl=1&resize=350%2C200","width":350,"height":200,"srcset":"https:\/\/i0.wp.com\/ismaelcolosi.com.br\/wp-content\/uploads\/2024\/10\/Copia-de-Copia-de-Copia-de-TAMANHO-EXATO-PARA-FOTOS-NO-SISTEMA-NOVO-95_2024-10-06_22-19-13_png_2024-10-06_22-19-13.webp.webp?fit=1200%2C675&ssl=1&resize=350%2C200 1x, https:\/\/i0.wp.com\/ismaelcolosi.com.br\/wp-content\/uploads\/2024\/10\/Copia-de-Copia-de-Copia-de-TAMANHO-EXATO-PARA-FOTOS-NO-SISTEMA-NOVO-95_2024-10-06_22-19-13_png_2024-10-06_22-19-13.webp.webp?fit=1200%2C675&ssl=1&resize=525%2C300 1.5x, https:\/\/i0.wp.com\/ismaelcolosi.com.br\/wp-content\/uploads\/2024\/10\/Copia-de-Copia-de-Copia-de-TAMANHO-EXATO-PARA-FOTOS-NO-SISTEMA-NOVO-95_2024-10-06_22-19-13_png_2024-10-06_22-19-13.webp.webp?fit=1200%2C675&ssl=1&resize=700%2C400 2x, https:\/\/i0.wp.com\/ismaelcolosi.com.br\/wp-content\/uploads\/2024\/10\/Copia-de-Copia-de-Copia-de-TAMANHO-EXATO-PARA-FOTOS-NO-SISTEMA-NOVO-95_2024-10-06_22-19-13_png_2024-10-06_22-19-13.webp.webp?fit=1200%2C675&ssl=1&resize=1050%2C600 3x"},"classes":[]},{"id":788,"url":"https:\/\/ismaelcolosi.com.br\/index.php\/2023\/11\/09\/projeto-leva-alunos-da-rede-publica-de-ribeirao-e-regiao-para-intercambio-em-portugal\/","url_meta":{"origin":69954,"position":4},"title":"Projeto leva alunos da rede p\u00fablica de Ribeir\u00e3o e regi\u00e3o para interc\u00e2mbio em Portugal","author":"ismaelcolosi.com.br","date":"9 de November de 2023","format":false,"excerpt":"Um grupo de alunos do oitavo ano de escolas p\u00fablicas de Ribeir\u00e3o Preto e Serrana ir\u00e3o viajar, neste s\u00e1bado (11), para Lisboa, em Portugal, para visitar pontos hist\u00f3ricos da cidade e participar de discuss\u00f5es sobre coloniza\u00e7\u00e3o com estudantes e professores portugueses. A viagem faz parte da premia\u00e7\u00e3o da s\u00e9tima edi\u00e7\u00e3o\u2026","rel":"","context":"In &quot;Not\u00edcias de Ribeir\u00e3o Preto-SP e Regi\u00e3o&quot;","block_context":{"text":"Not\u00edcias de Ribeir\u00e3o Preto-SP e Regi\u00e3o","link":"https:\/\/ismaelcolosi.com.br\/index.php\/category\/noticias-de-ribeirao-preto-sp-e-regiao-ismael-colosi\/"},"img":{"alt_text":"","src":"https:\/\/i0.wp.com\/ismaelcolosi.com.br\/wp-content\/uploads\/2023\/11\/WhatsApp-Image-2023-11-08-at-17.16.02.jpeg?fit=1200%2C900&ssl=1&resize=350%2C200","width":350,"height":200,"srcset":"https:\/\/i0.wp.com\/ismaelcolosi.com.br\/wp-content\/uploads\/2023\/11\/WhatsApp-Image-2023-11-08-at-17.16.02.jpeg?fit=1200%2C900&ssl=1&resize=350%2C200 1x, https:\/\/i0.wp.com\/ismaelcolosi.com.br\/wp-content\/uploads\/2023\/11\/WhatsApp-Image-2023-11-08-at-17.16.02.jpeg?fit=1200%2C900&ssl=1&resize=525%2C300 1.5x, https:\/\/i0.wp.com\/ismaelcolosi.com.br\/wp-content\/uploads\/2023\/11\/WhatsApp-Image-2023-11-08-at-17.16.02.jpeg?fit=1200%2C900&ssl=1&resize=700%2C400 2x, https:\/\/i0.wp.com\/ismaelcolosi.com.br\/wp-content\/uploads\/2023\/11\/WhatsApp-Image-2023-11-08-at-17.16.02.jpeg?fit=1200%2C900&ssl=1&resize=1050%2C600 3x"},"classes":[]},{"id":27674,"url":"https:\/\/ismaelcolosi.com.br\/index.php\/2024\/01\/12\/shopping-de-ribeirao-preto-recebe-exposicao-gratuita-com-replicas-de-animais-pre-historicos\/","url_meta":{"origin":69954,"position":5},"title":"Shopping de Ribeir\u00e3o Preto recebe exposi\u00e7\u00e3o gratuita com r\u00e9plicas de animais pr\u00e9-hist\u00f3ricos","author":"ismaelcolosi.com.br","date":"12 de January de 2024","format":false,"excerpt":"O Ribeir\u00e3o Shopping, na zona Sul de Ribeir\u00e3o Preto, recebe a exposi\u00e7\u00e3o \u2018Animais da Era do Gelo\u2019, a partir desta sexta-feira (12). A mostra est\u00e1 montada na Pra\u00e7a de Eventos A e na Pra\u00e7a Central do shopping e pode ser visitada de segunda a s\u00e1bado, das 10h at\u00e9 \u00e0s 22h\u2026","rel":"","context":"In &quot;Not\u00edcias de Ribeir\u00e3o Preto-SP e Regi\u00e3o&quot;","block_context":{"text":"Not\u00edcias de Ribeir\u00e3o Preto-SP e Regi\u00e3o","link":"https:\/\/ismaelcolosi.com.br\/index.php\/category\/noticias-de-ribeirao-preto-sp-e-regiao-ismael-colosi\/"},"img":{"alt_text":"","src":"https:\/\/i0.wp.com\/ismaelcolosi.com.br\/wp-content\/uploads\/2024\/01\/IMG-8765-scaled.jpg?fit=1200%2C800&ssl=1&resize=350%2C200","width":350,"height":200,"srcset":"https:\/\/i0.wp.com\/ismaelcolosi.com.br\/wp-content\/uploads\/2024\/01\/IMG-8765-scaled.jpg?fit=1200%2C800&ssl=1&resize=350%2C200 1x, https:\/\/i0.wp.com\/ismaelcolosi.com.br\/wp-content\/uploads\/2024\/01\/IMG-8765-scaled.jpg?fit=1200%2C800&ssl=1&resize=525%2C300 1.5x, https:\/\/i0.wp.com\/ismaelcolosi.com.br\/wp-content\/uploads\/2024\/01\/IMG-8765-scaled.jpg?fit=1200%2C800&ssl=1&resize=700%2C400 2x, https:\/\/i0.wp.com\/ismaelcolosi.com.br\/wp-content\/uploads\/2024\/01\/IMG-8765-scaled.jpg?fit=1200%2C800&ssl=1&resize=1050%2C600 3x"},"classes":[]}],"jetpack_sharing_enabled":true,"jetpack_shortlink":"https:\/\/wp.me\/pfMlyK-ici","_links":{"self":[{"href":"https:\/\/ismaelcolosi.com.br\/index.php\/wp-json\/wp\/v2\/posts\/69954","targetHints":{"allow":["GET"]}}],"collection":[{"href":"https:\/\/ismaelcolosi.com.br\/index.php\/wp-json\/wp\/v2\/posts"}],"about":[{"href":"https:\/\/ismaelcolosi.com.br\/index.php\/wp-json\/wp\/v2\/types\/post"}],"author":[{"embeddable":true,"href":"https:\/\/ismaelcolosi.com.br\/index.php\/wp-json\/wp\/v2\/users\/1"}],"replies":[{"embeddable":true,"href":"https:\/\/ismaelcolosi.com.br\/index.php\/wp-json\/wp\/v2\/comments?post=69954"}],"version-history":[{"count":0,"href":"https:\/\/ismaelcolosi.com.br\/index.php\/wp-json\/wp\/v2\/posts\/69954\/revisions"}],"wp:featuredmedia":[{"embeddable":true,"href":"https:\/\/ismaelcolosi.com.br\/index.php\/wp-json\/wp\/v2\/media\/69955"}],"wp:attachment":[{"href":"https:\/\/ismaelcolosi.com.br\/index.php\/wp-json\/wp\/v2\/media?parent=69954"}],"wp:term":[{"taxonomy":"category","embeddable":true,"href":"https:\/\/ismaelcolosi.com.br\/index.php\/wp-json\/wp\/v2\/categories?post=69954"},{"taxonomy":"post_tag","embeddable":true,"href":"https:\/\/ismaelcolosi.com.br\/index.php\/wp-json\/wp\/v2\/tags?post=69954"}],"curies":[{"name":"wp","href":"https:\/\/api.w.org\/{rel}","templated":true}]}}